{"id":3096,"date":"2009-01-20T22:28:32","date_gmt":"2009-01-20T22:28:32","guid":{"rendered":"http:\/\/agenciainclusive.wordpress.com\/?p=3096"},"modified":"2009-01-20T22:28:32","modified_gmt":"2009-01-20T22:28:32","slug":"testemunhos-de-autores-com-filhos-incapacitados-e-uma-tendencia-que-se-impoe","status":"publish","type":"post","link":"https:\/\/inclusivenews.com.br\/?p=3096","title":{"rendered":"Testemunhos de autores com filhos incapacitados \u00e9 uma tend\u00eancia que se imp\u00f5e"},"content":{"rendered":"<p class=\"MsoNormal\" style=\"margin:0;\">\n<p class=\"MsoNormal\" style=\"margin:0;\"><span style=\"font-size:small;font-family:Times New Roman;\"><a rel=\"nofollow noopener\" href=\"http:\/\/www.artsbrasil.org.br\/\" target=\"_blank\"><\/a><\/span><\/p>\n<p class=\"MsoNormal\" style=\"margin:0;\"><span style=\"font-size:small;font-family:Times New Roman;\">Javier Rodr\u00edguez Marcos<\/span><\/p>\n<p class=\"MsoNormal\" style=\"margin:0;\"><span style=\"font-size:small;font-family:Times New Roman;\">Em Madri<\/span><\/p>\n<p class=\"MsoNormal\" style=\"margin:0;\"><span style=\"font-size:small;font-family:Times New Roman;\">\u00a0<\/span><\/p>\n<p class=\"MsoNormal\" style=\"margin:0;\"><span style=\"font-size:small;font-family:Times New Roman;\">&#8220;Em 5 de julho de 1996 minha filha ficou louca.&#8221; Assim come\u00e7a &#8220;Hacia el Amanecer&#8221; [At\u00e9 o amanhecer], o livro com que Michael Greenberg provocou no ano passado nos EUA elogios de pessoas t\u00e3o diferentes quanto Joyce Carol Oates, Oprah Winfrey e Oliver Sacks. Jornalista e roteirista para o fot\u00f3grafo e cineasta Robert Frank, que por sua vez \u00e9 pai de um rapaz esquizofr\u00eanico, Greenberg \u00e9 uma das sensa\u00e7\u00f5es do ensaio americano recente. Nos pr\u00f3ximos meses, &#8220;Hacia el Amanecer&#8221; desembarcar\u00e1 na Europa pela m\u00e3o de 14 editoras.<\/span><\/p>\n<p class=\"MsoNormal\" style=\"margin:0;\"><span style=\"font-size:small;font-family:Times New Roman;\">\u00a0<\/span><\/p>\n<p class=\"MsoNormal\" style=\"margin:0;\"><span style=\"font-size:small;font-family:Times New Roman;\">&#8220;Hoje em dia \u00e9 uma esp\u00e9cie de sacril\u00e9gio falar da loucura como se fosse algo menos que a doen\u00e7a qu\u00edmica cerebral que \u00e9, em certo n\u00edvel. Mas havia momentos com minha filha em que eu tinha a angustiante sensa\u00e7\u00e3o de estar na presen\u00e7a de uma rara for\u00e7a da natureza, como uma grande ventania ou uma inunda\u00e7\u00e3o: destrutiva, mas ao seu modo tamb\u00e9m assombrosa.&#8221; Assim Michael Greenberg descreve sua rela\u00e7\u00e3o com a doen\u00e7a bipolar de sua filha de 15 anos, que, em meio \u00e0 euforia, dizia ver &#8220;a vida oculta das coisas&#8221;.<\/span><\/p>\n<p class=\"MsoNormal\" style=\"margin:0;\"><span style=\"font-size:small;font-family:Times New Roman;\">\u00a0<\/span><\/p>\n<p class=\"MsoNormal\" style=\"margin:0;\"><span style=\"font-size:small;font-family:Times New Roman;\">A enfermidade mental de uma filha \u00e9 uma das coisas que Greenberg compartilha com James Joyce, um autor que sobrevoa seu livro e um exemplo de devo\u00e7\u00e3o paterna entre os escritores. De Franz Kafka a Philip Roth, passando por Albert Cohen, Richard Ford ou Paul Auster, as &#8220;cartas aos pais&#8221; em forma de livro s\u00e3o quase um g\u00eanero liter\u00e1rio. O percurso inverso, de pais para filhos, \u00e9 muito menos freq\u00fcente.<\/span><\/p>\n<p class=\"MsoNormal\" style=\"margin:0;\"><span style=\"font-size:small;font-family:Times New Roman;\">\u00a0<\/span><\/p>\n<p class=\"MsoNormal\" style=\"margin:0;\"><span style=\"font-size:small;font-family:Times New Roman;\">Dentro desse cap\u00edtulo, talvez as passagens mais diretas e descarnadas sejam as reunidas em livros escritos por pais com filhos incapacitados. Uma s\u00f3lida e bem-sucedida tend\u00eancia que nesta temporada ganhou terreno editorial.<\/span><\/p>\n<p class=\"MsoNormal\" style=\"margin:0;\"><span style=\"font-size:small;font-family:Times New Roman;\">\u00a0<\/span><\/p>\n<p class=\"MsoNormal\" style=\"margin:0;\"><span style=\"font-size:small;font-family:Times New Roman;\">&#8220;Una Cuesti\u00f3n Personal&#8221; [Uma quest\u00e3o pessoal], de Kenzaburo O\u00e9, \u00e9 uma refer\u00eancia. O Nobel japon\u00eas tamb\u00e9m aparece em &#8220;Quieto&#8221;, livro em que M\u00e0rius Serra conta a hist\u00f3ria de seu filho Llu\u00eds, afetado por uma grave encefalopatia. &#8220;Certa vez entrevistei O\u00e9 para a televis\u00e3o&#8221;, lembra Serra em Barcelona, &#8220;e me disse que se sentia antes de tudo o pai de um incapacitado e que sempre escreveria sobre isso. N\u00e3o \u00e9 o meu caso. Me vacinei contra a possibilidade de continuar escrevendo sobre a doen\u00e7a de meu filho.&#8221;<\/span><\/p>\n<p class=\"MsoNormal\" style=\"margin:0;\"><span style=\"font-size:small;font-family:Times New Roman;\">\u00a0<\/span><\/p>\n<p class=\"MsoNormal\" style=\"margin:0;\"><span style=\"font-size:small;font-family:Times New Roman;\">&#8220;Quieto&#8221;, que se transformou em um best-seller em sua edi\u00e7\u00e3o catal\u00e3 de 15 mil exemplares e acaba de esgotar a primeira em castelhano (de 5 mil), \u00e9 uma s\u00e9rie de epis\u00f3dios com um ponto tr\u00e1gica?mico, nos quais o humor tempera a emo\u00e7\u00e3o e a dureza de um relato sem concess\u00f5es. &#8220;O humor desativa o perigo do sentimentalismo e da chantagem emocional&#8221;, diz o escritor.<\/span><\/p>\n<p class=\"MsoNormal\" style=\"margin:0;\"><span style=\"font-size:small;font-family:Times New Roman;\">\u00a0<\/span><\/p>\n<p class=\"MsoNormal\" style=\"margin:0;\"><span style=\"font-size:small;font-family:Times New Roman;\">Um epis\u00f3dio surrealista em um restaurante em que a cadeira de rodas do filho de Serra &#8211; e tamb\u00e9m seu ocupante &#8211; n\u00e3o era bem-vinda foi o estopim de &#8220;Quieto&#8221;. O desenhista Miguel Gallardo recorda que tamb\u00e9m foi a discuss\u00e3o com um motorista de \u00f4nibus o motor de &#8220;Mar\u00eda y Yo&#8221;, finalista do \u00faltimo Pr\u00eamio Nacional de C\u00f3mic. O livro, que relata suas perip\u00e9cias com sua filha autista, teve continuidade em um blog (<a rel=\"nofollow noopener\" href=\"http:\/\/mariayyo-gallardo.blogspot.com\/\" target=\"_blank\"><span style=\"color:#003399;\">mariayyo-gallardo.blogspot.com<\/span><\/a>). <\/span><\/p>\n<p class=\"MsoNormal\" style=\"margin:0;\"><span style=\"font-size:small;font-family:Times New Roman;\">\u00a0<\/span><\/p>\n<p class=\"MsoNormal\" style=\"margin:0;\"><span style=\"font-size:small;font-family:Times New Roman;\">Para Gallardo, um cl\u00e1ssico do quadrinho espanhol recente, o objetivo &#8220;n\u00e3o era apresentar um caso cl\u00ednico, mas contar a hist\u00f3ria de um pai e uma filha que tem sua pr\u00f3pria sensibilidade, que pensa e se expressa a sua maneira, e n\u00e3o um extraterrestre. \u00c9 claro, n\u00e3o se trata de ter pena, e a\u00ed o humor \u00e9 fundamental. Procurei ao mesmo tempo emocionar e fazer rir&#8221;.<\/span><\/p>\n<p class=\"MsoNormal\" style=\"margin:0;\"><span style=\"font-size:small;font-family:Times New Roman;\">\u00a0<\/span><\/p>\n<p class=\"MsoNormal\" style=\"margin:0;\"><span style=\"font-size:small;font-family:Times New Roman;\">Mas nem todos os humores s\u00e3o iguais. Diante da sutileza de Serra e Gallardo, o humor negr\u00edssimo \u00e9 o tom de &#8220;\u00bfAd\u00f3nde vamos, pap\u00e1?&#8221; [Aonde vamos, papai?], que no ano passado valeu ao franc\u00eas Jean-Louis Fournier o Pr\u00eamio F\u00e9mina e ser finalista do Goncourt. No final deste m\u00eas, a editora Destino publicar\u00e1 na Espanha esse relato fragmentado em que Fournier n\u00e3o poupa brincadeiras sobre dois de seus tr\u00eas filhos, incapacitados ps\u00edquicos. A pol\u00eamica est\u00e1 servida. O autor se defende: &#8220;Como Cyrano de Bergerac, que escolheu ca\u00e7oar de seu nariz, eu ca\u00e7\u00f4o de meus filhos. \u00c9 meu privil\u00e9gio de pai&#8221;. Mais adiante, atenua: &#8220;Talvez quisesse apenas ca\u00e7oar de mim mesmo, demonstrar que era capaz de rir de minhas mis\u00e9rias&#8221;.<\/span><\/p>\n<p class=\"MsoNormal\" style=\"margin:0;\"><span style=\"font-size:small;font-family:Times New Roman;\">\u00a0<\/span><\/p>\n<p class=\"MsoNormal\" style=\"margin:0;\"><span style=\"font-size:small;font-family:Times New Roman;\">\u00c0s mis\u00e9rias de Pablo Neruda, Joan Margarit, \u00faltimo Pr\u00eamio Nacional de Poesia, dedicou um de seus poemas. &#8220;Foi um poema de compreens\u00e3o&#8221;, explica. &#8220;O erro de Neruda foi sentimental. Escreveu milhares de versos sobre tudo o que pudesse imaginar, mas se esqueceu de sua filha, que tinha hidrocefalia. Ele fugiu. Eu dou gra\u00e7as por n\u00e3o ter tido a oportunidade de fugir, porque n\u00e3o sei o que teria feito.&#8221;<\/span><\/p>\n<p class=\"MsoNormal\" style=\"margin:0;\"><span style=\"font-size:small;font-family:Times New Roman;\">\u00a0<\/span><\/p>\n<p class=\"MsoNormal\" style=\"margin:0;\"><span style=\"font-size:small;font-family:Times New Roman;\">O que fez Margarit, que em breve publicar\u00e1 pela Visor a edi\u00e7\u00e3o castelhana de &#8220;Misteriosamente Feliz&#8221;, foi escrever h\u00e1 seis anos &#8220;Joana&#8221;, dedicado \u00e0 morte de sua filha, afetada pela s\u00edndrome de Rubinstein-Taybi. E a esse livro, exatamente, Carlos Marzal dedica um dos textos centrais de seu novo livro de poemas, &#8220;\u00c1nima M\u00eda&#8221; [Alma minha]. Margarit insiste na dimens\u00e3o liter\u00e1ria: &#8220;Falamos de literatura, n\u00e3o de um desabafo. \u00c9 preciso respeitar uma certa dist\u00e2ncia, para n\u00e3o trope\u00e7ar. Isso vale para falar do mar ou de seus filhos&#8221;.<\/span><\/p>\n<p class=\"MsoNormal\" style=\"margin:0;\"><span style=\"font-size:small;font-family:Times New Roman;\">\u00a0<\/span><\/p>\n<p class=\"MsoNormal\" style=\"margin:0;\"><span style=\"font-size:small;font-family:Times New Roman;\">Tradu\u00e7\u00e3o: Luiz Roberto Mendes Gon\u00e7alves<\/span><\/p>\n<p class=\"MsoNormal\" style=\"margin:0;\"><span style=\"font-size:small;font-family:Times New Roman;\">(<\/span><a rel=\"nofollow noopener\" href=\"http:\/\/noticias.uol.com.br\/midiaglobal\/elpais\/2009\/01\/17\/ult581u3004.jhtm\" target=\"_blank\"><span style=\"font-size:small;color:#800080;font-family:Times New Roman;\">http:\/\/noticias.uol.com.br\/midiaglobal\/elpais\/2009\/01\/17\/ult581u3004.jhtm<\/span><\/a><span style=\"font-size:small;font-family:Times New Roman;\">)<\/span><\/p>\n<p class=\"MsoNormal\" style=\"margin:0;\">\u00a0<\/p>\n<p class=\"MsoNormal\" style=\"margin:0;\"><span style=\"font-size:small;font-family:Times New Roman;\"><em>Fonte: Associa\u00e7\u00e3o Brasileira dos Familiares e Amigos dos Portadores da S\u00edndrome de Rubinstein-Taybi (Arts).<\/em><\/span><\/p>\n<p class=\"MsoNormal\" style=\"margin:0;\"><span style=\"font-size:small;font-family:Times New Roman;\">Site: <a rel=\"nofollow noopener\" href=\"http:\/\/www.artsbrasil.org.br\/\" target=\"_blank\"><span style=\"color:#003399;\">http:\/\/www.artsbrasil.org.br<\/span><\/a><\/span><\/p>\n","protected":false},"excerpt":{"rendered":"<p>Javier Rodr\u00edguez Marcos Em Madri \u00a0 &#8220;Em 5 de julho de 1996 minha filha ficou louca.&#8221; Assim come\u00e7a &#8220;Hacia el Amanecer&#8221; [At\u00e9 o amanhecer], o livro com que Michael Greenberg provocou no ano passado nos EUA elogios de pessoas t\u00e3o diferentes quanto Joyce Carol Oates, Oprah Winfrey e Oliver Sacks. Jornalista e roteirista para o [&hellip;]<\/p>\n","protected":false},"author":2,"featured_media":0,"comment_status":"open","ping_status":"open","sticky":false,"template":"","format":"standard","meta":{"site-container-style":"default","site-container-layout":"default","site-sidebar-layout":"default","disable-article-header":"default","disable-site-header":"default","disable-site-footer":"default","disable-content-area-spacing":"default","footnotes":""},"categories":[4],"tags":[],"class_list":["post-3096","post","type-post","status-publish","format-standard","hentry","category-noticias"],"yoast_head":"<!-- This site is optimized with the Yoast SEO plugin v27.4 - https:\/\/yoast.com\/product\/yoast-seo-wordpress\/ -->\n<title>Testemunhos de autores com filhos incapacitados \u00e9 uma tend\u00eancia que se imp\u00f5e -<\/title>\n<meta name=\"robots\" content=\"index, follow, max-snippet:-1, max-image-preview:large, max-video-preview:-1\" \/>\n<link rel=\"canonical\" href=\"https:\/\/inclusivenews.com.br\/?p=3096\" \/>\n<meta property=\"og:locale\" content=\"pt_PT\" \/>\n<meta property=\"og:type\" content=\"article\" \/>\n<meta property=\"og:title\" content=\"Testemunhos de autores com filhos incapacitados \u00e9 uma tend\u00eancia que se imp\u00f5e -\" \/>\n<meta property=\"og:description\" content=\"Javier Rodr\u00edguez Marcos Em Madri \u00a0 &#8220;Em 5 de julho de 1996 minha filha ficou louca.&#8221; Assim come\u00e7a &#8220;Hacia el Amanecer&#8221; [At\u00e9 o amanhecer], o livro com que Michael Greenberg provocou no ano passado nos EUA elogios de pessoas t\u00e3o diferentes quanto Joyce Carol Oates, Oprah Winfrey e Oliver Sacks. Jornalista e roteirista para o [&hellip;]\" \/>\n<meta property=\"og:url\" content=\"https:\/\/inclusivenews.com.br\/?p=3096\" \/>\n<meta property=\"article:publisher\" content=\"https:\/\/www.facebook.com\/agenciainclusive\/\" \/>\n<meta property=\"article:published_time\" content=\"2009-01-20T22:28:32+00:00\" \/>\n<meta name=\"author\" content=\"Inclusive\" \/>\n<meta name=\"twitter:card\" content=\"summary_large_image\" \/>\n<meta name=\"twitter:label1\" content=\"Escrito por\" \/>\n\t<meta name=\"twitter:data1\" content=\"Inclusive\" \/>\n\t<meta name=\"twitter:label2\" content=\"Tempo estimado de leitura\" \/>\n\t<meta name=\"twitter:data2\" content=\"5 minutos\" \/>\n<script type=\"application\/ld+json\" class=\"yoast-schema-graph\">{\"@context\":\"https:\\\/\\\/schema.org\",\"@graph\":[{\"@type\":\"Article\",\"@id\":\"https:\\\/\\\/inclusivenews.com.br\\\/?p=3096#article\",\"isPartOf\":{\"@id\":\"https:\\\/\\\/inclusivenews.com.br\\\/?p=3096\"},\"author\":{\"name\":\"Inclusive\",\"@id\":\"https:\\\/\\\/inclusivenews.com.br\\\/#\\\/schema\\\/person\\\/0dab492019871b94abb65fa8ee7c8c44\"},\"headline\":\"Testemunhos de autores com filhos incapacitados \u00e9 uma tend\u00eancia que se imp\u00f5e\",\"datePublished\":\"2009-01-20T22:28:32+00:00\",\"mainEntityOfPage\":{\"@id\":\"https:\\\/\\\/inclusivenews.com.br\\\/?p=3096\"},\"wordCount\":971,\"commentCount\":0,\"publisher\":{\"@id\":\"https:\\\/\\\/inclusivenews.com.br\\\/#organization\"},\"articleSection\":[\"NOT\u00cdCIAS\"],\"inLanguage\":\"pt-PT\",\"potentialAction\":[{\"@type\":\"CommentAction\",\"name\":\"Comment\",\"target\":[\"https:\\\/\\\/inclusivenews.com.br\\\/?p=3096#respond\"]}]},{\"@type\":\"WebPage\",\"@id\":\"https:\\\/\\\/inclusivenews.com.br\\\/?p=3096\",\"url\":\"https:\\\/\\\/inclusivenews.com.br\\\/?p=3096\",\"name\":\"Testemunhos de autores com filhos incapacitados \u00e9 uma tend\u00eancia que se imp\u00f5e -\",\"isPartOf\":{\"@id\":\"https:\\\/\\\/inclusivenews.com.br\\\/#website\"},\"datePublished\":\"2009-01-20T22:28:32+00:00\",\"breadcrumb\":{\"@id\":\"https:\\\/\\\/inclusivenews.com.br\\\/?p=3096#breadcrumb\"},\"inLanguage\":\"pt-PT\",\"potentialAction\":[{\"@type\":\"ReadAction\",\"target\":[\"https:\\\/\\\/inclusivenews.com.br\\\/?p=3096\"]}]},{\"@type\":\"BreadcrumbList\",\"@id\":\"https:\\\/\\\/inclusivenews.com.br\\\/?p=3096#breadcrumb\",\"itemListElement\":[{\"@type\":\"ListItem\",\"position\":1,\"name\":\"In\u00edcio\",\"item\":\"https:\\\/\\\/inclusivenews.com.br\\\/\"},{\"@type\":\"ListItem\",\"position\":2,\"name\":\"Testemunhos de autores com filhos incapacitados \u00e9 uma tend\u00eancia que se imp\u00f5e\"}]},{\"@type\":\"WebSite\",\"@id\":\"https:\\\/\\\/inclusivenews.com.br\\\/#website\",\"url\":\"https:\\\/\\\/inclusivenews.com.br\\\/\",\"name\":\"Inclusive News\",\"description\":\"Inclusive News\",\"publisher\":{\"@id\":\"https:\\\/\\\/inclusivenews.com.br\\\/#organization\"},\"potentialAction\":[{\"@type\":\"SearchAction\",\"target\":{\"@type\":\"EntryPoint\",\"urlTemplate\":\"https:\\\/\\\/inclusivenews.com.br\\\/?s={search_term_string}\"},\"query-input\":{\"@type\":\"PropertyValueSpecification\",\"valueRequired\":true,\"valueName\":\"search_term_string\"}}],\"inLanguage\":\"pt-PT\"},{\"@type\":\"Organization\",\"@id\":\"https:\\\/\\\/inclusivenews.com.br\\\/#organization\",\"name\":\"Inclusive - inclus\u00e3o e cidadania\",\"url\":\"https:\\\/\\\/inclusivenews.com.br\\\/\",\"logo\":{\"@type\":\"ImageObject\",\"inLanguage\":\"pt-PT\",\"@id\":\"https:\\\/\\\/inclusivenews.com.br\\\/#\\\/schema\\\/logo\\\/image\\\/\",\"url\":\"https:\\\/\\\/inclusivenews.com.br\\\/wp-content\\\/uploads\\\/2024\\\/03\\\/@grandesite.png\",\"contentUrl\":\"https:\\\/\\\/inclusivenews.com.br\\\/wp-content\\\/uploads\\\/2024\\\/03\\\/@grandesite.png\",\"width\":1080,\"height\":1080,\"caption\":\"Inclusive - inclus\u00e3o e cidadania\"},\"image\":{\"@id\":\"https:\\\/\\\/inclusivenews.com.br\\\/#\\\/schema\\\/logo\\\/image\\\/\"},\"sameAs\":[\"https:\\\/\\\/www.facebook.com\\\/agenciainclusive\\\/\",\"https:\\\/\\\/www.instagram.com\\\/newsinclusive\\\/\"]},{\"@type\":\"Person\",\"@id\":\"https:\\\/\\\/inclusivenews.com.br\\\/#\\\/schema\\\/person\\\/0dab492019871b94abb65fa8ee7c8c44\",\"name\":\"Inclusive\",\"image\":{\"@type\":\"ImageObject\",\"inLanguage\":\"pt-PT\",\"@id\":\"https:\\\/\\\/secure.gravatar.com\\\/avatar\\\/?s=96&d=mm&r=g\",\"url\":\"https:\\\/\\\/secure.gravatar.com\\\/avatar\\\/?s=96&d=mm&r=g\",\"contentUrl\":\"https:\\\/\\\/secure.gravatar.com\\\/avatar\\\/?s=96&d=mm&r=g\",\"caption\":\"Inclusive\"},\"url\":\"https:\\\/\\\/inclusivenews.com.br\\\/?author=2\"}]}<\/script>\n<!-- \/ Yoast SEO plugin. -->","yoast_head_json":{"title":"Testemunhos de autores com filhos incapacitados \u00e9 uma tend\u00eancia que se imp\u00f5e -","robots":{"index":"index","follow":"follow","max-snippet":"max-snippet:-1","max-image-preview":"max-image-preview:large","max-video-preview":"max-video-preview:-1"},"canonical":"https:\/\/inclusivenews.com.br\/?p=3096","og_locale":"pt_PT","og_type":"article","og_title":"Testemunhos de autores com filhos incapacitados \u00e9 uma tend\u00eancia que se imp\u00f5e -","og_description":"Javier Rodr\u00edguez Marcos Em Madri \u00a0 &#8220;Em 5 de julho de 1996 minha filha ficou louca.&#8221; Assim come\u00e7a &#8220;Hacia el Amanecer&#8221; [At\u00e9 o amanhecer], o livro com que Michael Greenberg provocou no ano passado nos EUA elogios de pessoas t\u00e3o diferentes quanto Joyce Carol Oates, Oprah Winfrey e Oliver Sacks. Jornalista e roteirista para o [&hellip;]","og_url":"https:\/\/inclusivenews.com.br\/?p=3096","article_publisher":"https:\/\/www.facebook.com\/agenciainclusive\/","article_published_time":"2009-01-20T22:28:32+00:00","author":"Inclusive","twitter_card":"summary_large_image","twitter_misc":{"Escrito por":"Inclusive","Tempo estimado de leitura":"5 minutos"},"schema":{"@context":"https:\/\/schema.org","@graph":[{"@type":"Article","@id":"https:\/\/inclusivenews.com.br\/?p=3096#article","isPartOf":{"@id":"https:\/\/inclusivenews.com.br\/?p=3096"},"author":{"name":"Inclusive","@id":"https:\/\/inclusivenews.com.br\/#\/schema\/person\/0dab492019871b94abb65fa8ee7c8c44"},"headline":"Testemunhos de autores com filhos incapacitados \u00e9 uma tend\u00eancia que se imp\u00f5e","datePublished":"2009-01-20T22:28:32+00:00","mainEntityOfPage":{"@id":"https:\/\/inclusivenews.com.br\/?p=3096"},"wordCount":971,"commentCount":0,"publisher":{"@id":"https:\/\/inclusivenews.com.br\/#organization"},"articleSection":["NOT\u00cdCIAS"],"inLanguage":"pt-PT","potentialAction":[{"@type":"CommentAction","name":"Comment","target":["https:\/\/inclusivenews.com.br\/?p=3096#respond"]}]},{"@type":"WebPage","@id":"https:\/\/inclusivenews.com.br\/?p=3096","url":"https:\/\/inclusivenews.com.br\/?p=3096","name":"Testemunhos de autores com filhos incapacitados \u00e9 uma tend\u00eancia que se imp\u00f5e -","isPartOf":{"@id":"https:\/\/inclusivenews.com.br\/#website"},"datePublished":"2009-01-20T22:28:32+00:00","breadcrumb":{"@id":"https:\/\/inclusivenews.com.br\/?p=3096#breadcrumb"},"inLanguage":"pt-PT","potentialAction":[{"@type":"ReadAction","target":["https:\/\/inclusivenews.com.br\/?p=3096"]}]},{"@type":"BreadcrumbList","@id":"https:\/\/inclusivenews.com.br\/?p=3096#breadcrumb","itemListElement":[{"@type":"ListItem","position":1,"name":"In\u00edcio","item":"https:\/\/inclusivenews.com.br\/"},{"@type":"ListItem","position":2,"name":"Testemunhos de autores com filhos incapacitados \u00e9 uma tend\u00eancia que se imp\u00f5e"}]},{"@type":"WebSite","@id":"https:\/\/inclusivenews.com.br\/#website","url":"https:\/\/inclusivenews.com.br\/","name":"Inclusive News","description":"Inclusive News","publisher":{"@id":"https:\/\/inclusivenews.com.br\/#organization"},"potentialAction":[{"@type":"SearchAction","target":{"@type":"EntryPoint","urlTemplate":"https:\/\/inclusivenews.com.br\/?s={search_term_string}"},"query-input":{"@type":"PropertyValueSpecification","valueRequired":true,"valueName":"search_term_string"}}],"inLanguage":"pt-PT"},{"@type":"Organization","@id":"https:\/\/inclusivenews.com.br\/#organization","name":"Inclusive - inclus\u00e3o e cidadania","url":"https:\/\/inclusivenews.com.br\/","logo":{"@type":"ImageObject","inLanguage":"pt-PT","@id":"https:\/\/inclusivenews.com.br\/#\/schema\/logo\/image\/","url":"https:\/\/inclusivenews.com.br\/wp-content\/uploads\/2024\/03\/@grandesite.png","contentUrl":"https:\/\/inclusivenews.com.br\/wp-content\/uploads\/2024\/03\/@grandesite.png","width":1080,"height":1080,"caption":"Inclusive - inclus\u00e3o e cidadania"},"image":{"@id":"https:\/\/inclusivenews.com.br\/#\/schema\/logo\/image\/"},"sameAs":["https:\/\/www.facebook.com\/agenciainclusive\/","https:\/\/www.instagram.com\/newsinclusive\/"]},{"@type":"Person","@id":"https:\/\/inclusivenews.com.br\/#\/schema\/person\/0dab492019871b94abb65fa8ee7c8c44","name":"Inclusive","image":{"@type":"ImageObject","inLanguage":"pt-PT","@id":"https:\/\/secure.gravatar.com\/avatar\/?s=96&d=mm&r=g","url":"https:\/\/secure.gravatar.com\/avatar\/?s=96&d=mm&r=g","contentUrl":"https:\/\/secure.gravatar.com\/avatar\/?s=96&d=mm&r=g","caption":"Inclusive"},"url":"https:\/\/inclusivenews.com.br\/?author=2"}]}},"_links":{"self":[{"href":"https:\/\/inclusivenews.com.br\/index.php?rest_route=\/wp\/v2\/posts\/3096","targetHints":{"allow":["GET"]}}],"collection":[{"href":"https:\/\/inclusivenews.com.br\/index.php?rest_route=\/wp\/v2\/posts"}],"about":[{"href":"https:\/\/inclusivenews.com.br\/index.php?rest_route=\/wp\/v2\/types\/post"}],"author":[{"embeddable":true,"href":"https:\/\/inclusivenews.com.br\/index.php?rest_route=\/wp\/v2\/users\/2"}],"replies":[{"embeddable":true,"href":"https:\/\/inclusivenews.com.br\/index.php?rest_route=%2Fwp%2Fv2%2Fcomments&post=3096"}],"version-history":[{"count":0,"href":"https:\/\/inclusivenews.com.br\/index.php?rest_route=\/wp\/v2\/posts\/3096\/revisions"}],"wp:attachment":[{"href":"https:\/\/inclusivenews.com.br\/index.php?rest_route=%2Fwp%2Fv2%2Fmedia&parent=3096"}],"wp:term":[{"taxonomy":"category","embeddable":true,"href":"https:\/\/inclusivenews.com.br\/index.php?rest_route=%2Fwp%2Fv2%2Fcategories&post=3096"},{"taxonomy":"post_tag","embeddable":true,"href":"https:\/\/inclusivenews.com.br\/index.php?rest_route=%2Fwp%2Fv2%2Ftags&post=3096"}],"curies":[{"name":"wp","href":"https:\/\/api.w.org\/{rel}","templated":true}]}}