{"id":30962,"date":"2018-05-18T11:10:54","date_gmt":"2018-05-18T14:10:54","guid":{"rendered":"http:\/\/www.inclusive.org.br\/?p=30962"},"modified":"2018-05-18T11:10:54","modified_gmt":"2018-05-18T14:10:54","slug":"tres-vivas-para-a-adocao","status":"publish","type":"post","link":"https:\/\/inclusivenews.com.br\/?p=30962","title":{"rendered":"Tr\u00eas Vivas para a Ado\u00e7\u00e3o!"},"content":{"rendered":"<p><img loading=\"lazy\" decoding=\"async\" class=\"alignnone size-medium wp-image-30963\" src=\"http:\/\/inclusivenews.com.br\/wp-content\/uploads\/3-vivas-para-a-ado\u00e7\u00e3o-capa-300x300.jpg\" alt=\"Desenho infantil com 3 criancas um homem, uma mulher e um cachorro - texto - tr\u00eas vivas para a ado\u00e7\u00e3o.\" width=\"300\" height=\"300\" \/><\/p>\n<p><em>&#8220;Se elas n\u00e3o nasceram de n\u00f3s, certamente nasceram para n\u00f3s&#8221;. \u00a0<\/em><em>Andr\u00e9a e Luciene<\/em><\/p>\n<p>O Cadastro Nacional de Ado\u00e7\u00e3o mostra uma realidade que precisa ser mudada. De um lado, mais de 40 mil pais pretendentes a adotar. Do outro, menos de 9 mil filhos poss\u00edveis em busca de uma fam\u00edlia.<\/p>\n<p>Isso se d\u00e1 porque a maioria das pessoas indica um perfil muito restrito, deixando de fora as crian\u00e7as reais que est\u00e3o cadastradas para ado\u00e7\u00e3o &#8211; maiores de 5 anos, pardas ou negras, com defici\u00eancia, doen\u00e7a cr\u00f4nica ou grupos de irm\u00e3os.<\/p>\n<p>S\u00f3 que estas, na verdade, s\u00e3o as crian\u00e7as que mais precisam de uma fam\u00edlia carinhosa e cuidadosa.<\/p>\n<p>V\u00e1rias varas da inf\u00e2ncia e da juventude t\u00eam tomado medidas para motivar a ado\u00e7\u00e3o de crian\u00e7as fora do perfil, as chamadas ado\u00e7\u00f5es necess\u00e1rias. Os tr\u00e2mites s\u00e3o mais r\u00e1pidos, volunt\u00e1rios e ONGs s\u00e3o convocados a auxiliar na Busca Ativa de fam\u00edlias para estas crian\u00e7as e adolescentes.<\/p>\n<p>Nosso objetivo com a publica\u00e7\u00e3o &#8220;Tr\u00eas Vivas para a Ado\u00e7\u00e3o&#8221; \u00e9 propor uma reflex\u00e3o \u00e0queles que t\u00eam o desejo de adotar, para promover cada vez mais encontros entre pais e filhos, entre pretendentes a pai e\/ou m\u00e3e que t\u00eam um lar e futuros filhos e filhas \u00e0 espera de uma fam\u00edlia.<\/p>\n<p>Al\u00e9m do passo a passo para a ado\u00e7\u00e3o, explica\u00e7\u00f5es sobre a Busca Ativa e informa\u00e7\u00f5es sobre os diversos tipos de ado\u00e7\u00e3o, tamb\u00e9m h\u00e1 depoimentos de fam\u00edlias que se formaram fora do perfil majorit\u00e1rio, de uma coordenadora de institui\u00e7\u00e3o de acolhimento, de um juiz e de uma pessoa que foi adotada.<\/p>\n<p>O E-book do &#8220;Tr\u00eas Vivas para a Ado\u00e7\u00e3o&#8221; \u00e9 gratuito.<\/p>\n<p>&#8220;Tr\u00eas Vivas para a Ado\u00e7\u00e3o&#8221; \u00e9 uma realiza\u00e7\u00e3o do MAIS &#8211; Movimento de A\u00e7\u00e3o e Inova\u00e7\u00e3o Social (Movimento Down e Movimento Zika), com apoio da Angaad &#8211; Associa\u00e7\u00e3o Nacional de de Grupos de Apoio \u00e0 Ado\u00e7\u00e3o, Aconhego &#8211; Grupo de Apoio \u00e0 Conviv\u00eancia Familiar e Comunit\u00e1ria e da Funda\u00e7\u00e3o Ford.<\/p>\n<p>Autoras &#8211; Patricia Almeida e Fabiana Gadelha<\/p>\n<p><a href=\"http:\/\/www.movimentodown.org.br\/wp-content\/uploads\/2018\/05\/3-vivas-para-a-ado\u00e7\u00e3o-final.pdf\">3 vivas para a ado\u00e7\u00e3o final<\/a><\/p>\n<p>Ebook: <a href=\"https:\/\/issuu.com\/andrewsousa\/docs\/3_vivas_para_a_ado__o_final_c10359cbe10858\">Tr\u00eas Vivas Ado\u00e7\u00e3o<\/a><\/p>\n","protected":false},"excerpt":{"rendered":"<p>&#8220;Se elas n\u00e3o nasceram de n\u00f3s, certamente nasceram para n\u00f3s&#8221;. \u00a0Andr\u00e9a e Luciene O Cadastro Nacional de Ado\u00e7\u00e3o mostra uma realidade que precisa ser mudada. De um lado, mais de 40 mil pais pretendentes a adotar. Do outro, menos de 9 mil filhos poss\u00edveis em busca de uma fam\u00edlia. Isso se d\u00e1 porque a maioria [&hellip;]<\/p>\n","protected":false},"author":2,"featured_media":0,"comment_status":"open","ping_status":"open","sticky":false,"template":"","format":"standard","meta":{"site-container-style":"default","site-container-layout":"default","site-sidebar-layout":"default","disable-article-header":"default","disable-site-header":"default","disable-site-footer":"default","disable-content-area-spacing":"default","footnotes":""},"categories":[4],"tags":[],"class_list":["post-30962","post","type-post","status-publish","format-standard","hentry","category-noticias"],"yoast_head":"<!-- This site is optimized with the Yoast SEO plugin v27.4 - https:\/\/yoast.com\/product\/yoast-seo-wordpress\/ -->\n<title>Tr\u00eas Vivas para a Ado\u00e7\u00e3o! -<\/title>\n<meta name=\"robots\" content=\"index, follow, max-snippet:-1, max-image-preview:large, max-video-preview:-1\" \/>\n<link rel=\"canonical\" href=\"https:\/\/inclusivenews.com.br\/?p=30962\" \/>\n<meta property=\"og:locale\" content=\"pt_PT\" \/>\n<meta property=\"og:type\" content=\"article\" \/>\n<meta property=\"og:title\" content=\"Tr\u00eas Vivas para a Ado\u00e7\u00e3o! -\" \/>\n<meta property=\"og:description\" content=\"&#8220;Se elas n\u00e3o nasceram de n\u00f3s, certamente nasceram para n\u00f3s&#8221;. \u00a0Andr\u00e9a e Luciene O Cadastro Nacional de Ado\u00e7\u00e3o mostra uma realidade que precisa ser mudada. De um lado, mais de 40 mil pais pretendentes a adotar. Do outro, menos de 9 mil filhos poss\u00edveis em busca de uma fam\u00edlia. Isso se d\u00e1 porque a maioria [&hellip;]\" \/>\n<meta property=\"og:url\" content=\"https:\/\/inclusivenews.com.br\/?p=30962\" \/>\n<meta property=\"article:publisher\" content=\"https:\/\/www.facebook.com\/agenciainclusive\/\" \/>\n<meta property=\"article:published_time\" content=\"2018-05-18T14:10:54+00:00\" \/>\n<meta name=\"author\" content=\"Inclusive\" \/>\n<meta name=\"twitter:card\" content=\"summary_large_image\" \/>\n<meta name=\"twitter:label1\" content=\"Escrito por\" \/>\n\t<meta name=\"twitter:data1\" content=\"Inclusive\" \/>\n\t<meta name=\"twitter:label2\" content=\"Tempo estimado de leitura\" \/>\n\t<meta name=\"twitter:data2\" content=\"2 minutos\" \/>\n<script type=\"application\/ld+json\" class=\"yoast-schema-graph\">{\"@context\":\"https:\\\/\\\/schema.org\",\"@graph\":[{\"@type\":\"Article\",\"@id\":\"https:\\\/\\\/inclusivenews.com.br\\\/?p=30962#article\",\"isPartOf\":{\"@id\":\"https:\\\/\\\/inclusivenews.com.br\\\/?p=30962\"},\"author\":{\"name\":\"Inclusive\",\"@id\":\"https:\\\/\\\/inclusivenews.com.br\\\/#\\\/schema\\\/person\\\/0dab492019871b94abb65fa8ee7c8c44\"},\"headline\":\"Tr\u00eas Vivas para a Ado\u00e7\u00e3o!\",\"datePublished\":\"2018-05-18T14:10:54+00:00\",\"mainEntityOfPage\":{\"@id\":\"https:\\\/\\\/inclusivenews.com.br\\\/?p=30962\"},\"wordCount\":390,\"commentCount\":0,\"publisher\":{\"@id\":\"https:\\\/\\\/inclusivenews.com.br\\\/#organization\"},\"articleSection\":[\"NOT\u00cdCIAS\"],\"inLanguage\":\"pt-PT\",\"potentialAction\":[{\"@type\":\"CommentAction\",\"name\":\"Comment\",\"target\":[\"https:\\\/\\\/inclusivenews.com.br\\\/?p=30962#respond\"]}]},{\"@type\":\"WebPage\",\"@id\":\"https:\\\/\\\/inclusivenews.com.br\\\/?p=30962\",\"url\":\"https:\\\/\\\/inclusivenews.com.br\\\/?p=30962\",\"name\":\"Tr\u00eas Vivas para a Ado\u00e7\u00e3o! -\",\"isPartOf\":{\"@id\":\"https:\\\/\\\/inclusivenews.com.br\\\/#website\"},\"datePublished\":\"2018-05-18T14:10:54+00:00\",\"breadcrumb\":{\"@id\":\"https:\\\/\\\/inclusivenews.com.br\\\/?p=30962#breadcrumb\"},\"inLanguage\":\"pt-PT\",\"potentialAction\":[{\"@type\":\"ReadAction\",\"target\":[\"https:\\\/\\\/inclusivenews.com.br\\\/?p=30962\"]}]},{\"@type\":\"BreadcrumbList\",\"@id\":\"https:\\\/\\\/inclusivenews.com.br\\\/?p=30962#breadcrumb\",\"itemListElement\":[{\"@type\":\"ListItem\",\"position\":1,\"name\":\"In\u00edcio\",\"item\":\"https:\\\/\\\/inclusivenews.com.br\\\/\"},{\"@type\":\"ListItem\",\"position\":2,\"name\":\"Tr\u00eas Vivas para a Ado\u00e7\u00e3o!\"}]},{\"@type\":\"WebSite\",\"@id\":\"https:\\\/\\\/inclusivenews.com.br\\\/#website\",\"url\":\"https:\\\/\\\/inclusivenews.com.br\\\/\",\"name\":\"Inclusive News\",\"description\":\"Inclusive News\",\"publisher\":{\"@id\":\"https:\\\/\\\/inclusivenews.com.br\\\/#organization\"},\"potentialAction\":[{\"@type\":\"SearchAction\",\"target\":{\"@type\":\"EntryPoint\",\"urlTemplate\":\"https:\\\/\\\/inclusivenews.com.br\\\/?s={search_term_string}\"},\"query-input\":{\"@type\":\"PropertyValueSpecification\",\"valueRequired\":true,\"valueName\":\"search_term_string\"}}],\"inLanguage\":\"pt-PT\"},{\"@type\":\"Organization\",\"@id\":\"https:\\\/\\\/inclusivenews.com.br\\\/#organization\",\"name\":\"Inclusive - inclus\u00e3o e cidadania\",\"url\":\"https:\\\/\\\/inclusivenews.com.br\\\/\",\"logo\":{\"@type\":\"ImageObject\",\"inLanguage\":\"pt-PT\",\"@id\":\"https:\\\/\\\/inclusivenews.com.br\\\/#\\\/schema\\\/logo\\\/image\\\/\",\"url\":\"https:\\\/\\\/inclusivenews.com.br\\\/wp-content\\\/uploads\\\/2024\\\/03\\\/@grandesite.png\",\"contentUrl\":\"https:\\\/\\\/inclusivenews.com.br\\\/wp-content\\\/uploads\\\/2024\\\/03\\\/@grandesite.png\",\"width\":1080,\"height\":1080,\"caption\":\"Inclusive - inclus\u00e3o e cidadania\"},\"image\":{\"@id\":\"https:\\\/\\\/inclusivenews.com.br\\\/#\\\/schema\\\/logo\\\/image\\\/\"},\"sameAs\":[\"https:\\\/\\\/www.facebook.com\\\/agenciainclusive\\\/\",\"https:\\\/\\\/www.instagram.com\\\/newsinclusive\\\/\"]},{\"@type\":\"Person\",\"@id\":\"https:\\\/\\\/inclusivenews.com.br\\\/#\\\/schema\\\/person\\\/0dab492019871b94abb65fa8ee7c8c44\",\"name\":\"Inclusive\",\"image\":{\"@type\":\"ImageObject\",\"inLanguage\":\"pt-PT\",\"@id\":\"https:\\\/\\\/secure.gravatar.com\\\/avatar\\\/?s=96&d=mm&r=g\",\"url\":\"https:\\\/\\\/secure.gravatar.com\\\/avatar\\\/?s=96&d=mm&r=g\",\"contentUrl\":\"https:\\\/\\\/secure.gravatar.com\\\/avatar\\\/?s=96&d=mm&r=g\",\"caption\":\"Inclusive\"},\"url\":\"https:\\\/\\\/inclusivenews.com.br\\\/?author=2\"}]}<\/script>\n<!-- \/ Yoast SEO plugin. -->","yoast_head_json":{"title":"Tr\u00eas Vivas para a Ado\u00e7\u00e3o! -","robots":{"index":"index","follow":"follow","max-snippet":"max-snippet:-1","max-image-preview":"max-image-preview:large","max-video-preview":"max-video-preview:-1"},"canonical":"https:\/\/inclusivenews.com.br\/?p=30962","og_locale":"pt_PT","og_type":"article","og_title":"Tr\u00eas Vivas para a Ado\u00e7\u00e3o! -","og_description":"&#8220;Se elas n\u00e3o nasceram de n\u00f3s, certamente nasceram para n\u00f3s&#8221;. \u00a0Andr\u00e9a e Luciene O Cadastro Nacional de Ado\u00e7\u00e3o mostra uma realidade que precisa ser mudada. De um lado, mais de 40 mil pais pretendentes a adotar. Do outro, menos de 9 mil filhos poss\u00edveis em busca de uma fam\u00edlia. Isso se d\u00e1 porque a maioria [&hellip;]","og_url":"https:\/\/inclusivenews.com.br\/?p=30962","article_publisher":"https:\/\/www.facebook.com\/agenciainclusive\/","article_published_time":"2018-05-18T14:10:54+00:00","author":"Inclusive","twitter_card":"summary_large_image","twitter_misc":{"Escrito por":"Inclusive","Tempo estimado de leitura":"2 minutos"},"schema":{"@context":"https:\/\/schema.org","@graph":[{"@type":"Article","@id":"https:\/\/inclusivenews.com.br\/?p=30962#article","isPartOf":{"@id":"https:\/\/inclusivenews.com.br\/?p=30962"},"author":{"name":"Inclusive","@id":"https:\/\/inclusivenews.com.br\/#\/schema\/person\/0dab492019871b94abb65fa8ee7c8c44"},"headline":"Tr\u00eas Vivas para a Ado\u00e7\u00e3o!","datePublished":"2018-05-18T14:10:54+00:00","mainEntityOfPage":{"@id":"https:\/\/inclusivenews.com.br\/?p=30962"},"wordCount":390,"commentCount":0,"publisher":{"@id":"https:\/\/inclusivenews.com.br\/#organization"},"articleSection":["NOT\u00cdCIAS"],"inLanguage":"pt-PT","potentialAction":[{"@type":"CommentAction","name":"Comment","target":["https:\/\/inclusivenews.com.br\/?p=30962#respond"]}]},{"@type":"WebPage","@id":"https:\/\/inclusivenews.com.br\/?p=30962","url":"https:\/\/inclusivenews.com.br\/?p=30962","name":"Tr\u00eas Vivas para a Ado\u00e7\u00e3o! -","isPartOf":{"@id":"https:\/\/inclusivenews.com.br\/#website"},"datePublished":"2018-05-18T14:10:54+00:00","breadcrumb":{"@id":"https:\/\/inclusivenews.com.br\/?p=30962#breadcrumb"},"inLanguage":"pt-PT","potentialAction":[{"@type":"ReadAction","target":["https:\/\/inclusivenews.com.br\/?p=30962"]}]},{"@type":"BreadcrumbList","@id":"https:\/\/inclusivenews.com.br\/?p=30962#breadcrumb","itemListElement":[{"@type":"ListItem","position":1,"name":"In\u00edcio","item":"https:\/\/inclusivenews.com.br\/"},{"@type":"ListItem","position":2,"name":"Tr\u00eas Vivas para a Ado\u00e7\u00e3o!"}]},{"@type":"WebSite","@id":"https:\/\/inclusivenews.com.br\/#website","url":"https:\/\/inclusivenews.com.br\/","name":"Inclusive News","description":"Inclusive News","publisher":{"@id":"https:\/\/inclusivenews.com.br\/#organization"},"potentialAction":[{"@type":"SearchAction","target":{"@type":"EntryPoint","urlTemplate":"https:\/\/inclusivenews.com.br\/?s={search_term_string}"},"query-input":{"@type":"PropertyValueSpecification","valueRequired":true,"valueName":"search_term_string"}}],"inLanguage":"pt-PT"},{"@type":"Organization","@id":"https:\/\/inclusivenews.com.br\/#organization","name":"Inclusive - inclus\u00e3o e cidadania","url":"https:\/\/inclusivenews.com.br\/","logo":{"@type":"ImageObject","inLanguage":"pt-PT","@id":"https:\/\/inclusivenews.com.br\/#\/schema\/logo\/image\/","url":"https:\/\/inclusivenews.com.br\/wp-content\/uploads\/2024\/03\/@grandesite.png","contentUrl":"https:\/\/inclusivenews.com.br\/wp-content\/uploads\/2024\/03\/@grandesite.png","width":1080,"height":1080,"caption":"Inclusive - inclus\u00e3o e cidadania"},"image":{"@id":"https:\/\/inclusivenews.com.br\/#\/schema\/logo\/image\/"},"sameAs":["https:\/\/www.facebook.com\/agenciainclusive\/","https:\/\/www.instagram.com\/newsinclusive\/"]},{"@type":"Person","@id":"https:\/\/inclusivenews.com.br\/#\/schema\/person\/0dab492019871b94abb65fa8ee7c8c44","name":"Inclusive","image":{"@type":"ImageObject","inLanguage":"pt-PT","@id":"https:\/\/secure.gravatar.com\/avatar\/?s=96&d=mm&r=g","url":"https:\/\/secure.gravatar.com\/avatar\/?s=96&d=mm&r=g","contentUrl":"https:\/\/secure.gravatar.com\/avatar\/?s=96&d=mm&r=g","caption":"Inclusive"},"url":"https:\/\/inclusivenews.com.br\/?author=2"}]}},"_links":{"self":[{"href":"https:\/\/inclusivenews.com.br\/index.php?rest_route=\/wp\/v2\/posts\/30962","targetHints":{"allow":["GET"]}}],"collection":[{"href":"https:\/\/inclusivenews.com.br\/index.php?rest_route=\/wp\/v2\/posts"}],"about":[{"href":"https:\/\/inclusivenews.com.br\/index.php?rest_route=\/wp\/v2\/types\/post"}],"author":[{"embeddable":true,"href":"https:\/\/inclusivenews.com.br\/index.php?rest_route=\/wp\/v2\/users\/2"}],"replies":[{"embeddable":true,"href":"https:\/\/inclusivenews.com.br\/index.php?rest_route=%2Fwp%2Fv2%2Fcomments&post=30962"}],"version-history":[{"count":0,"href":"https:\/\/inclusivenews.com.br\/index.php?rest_route=\/wp\/v2\/posts\/30962\/revisions"}],"wp:attachment":[{"href":"https:\/\/inclusivenews.com.br\/index.php?rest_route=%2Fwp%2Fv2%2Fmedia&parent=30962"}],"wp:term":[{"taxonomy":"category","embeddable":true,"href":"https:\/\/inclusivenews.com.br\/index.php?rest_route=%2Fwp%2Fv2%2Fcategories&post=30962"},{"taxonomy":"post_tag","embeddable":true,"href":"https:\/\/inclusivenews.com.br\/index.php?rest_route=%2Fwp%2Fv2%2Ftags&post=30962"}],"curies":[{"name":"wp","href":"https:\/\/api.w.org\/{rel}","templated":true}]}}