{"id":30967,"date":"2018-05-22T13:23:04","date_gmt":"2018-05-22T16:23:04","guid":{"rendered":"http:\/\/www.inclusive.org.br\/?p=30967"},"modified":"2018-05-22T13:23:04","modified_gmt":"2018-05-22T16:23:04","slug":"human-rights-watch-lanca-o-relatorio-eles-ficam-ate-morrer-uma-vida-de-isolamento-em-negligencia-em-instituicoes-para-pessoas-com-deficiencia-no-brasil","status":"publish","type":"post","link":"https:\/\/inclusivenews.com.br\/?p=30967","title":{"rendered":"Human Rights Watch lan\u00e7a o relat\u00f3rio &quot;Eles ficam at\u00e9 morrer: uma vida de isolamento e neglig\u00eancia em institui\u00e7\u00f5es para pessoas com defici\u00eancia no Brasil&quot;"},"content":{"rendered":"<div class=\"_5pbx userContent _3576\" data-ft=\"{&quot;tn&quot;:&quot;K&quot;}\">\n<p><img loading=\"lazy\" decoding=\"async\" class=\"size-medium wp-image-30968 alignleft\" src=\"http:\/\/inclusivenews.com.br\/wp-content\/uploads\/hrw-300x167.jpg\" alt=\"Descri\u00e7\u00e3o n\u00e3o fornecida pela fonte publicadora. Texto trasncrito no corpo da mat\u00e9ria.\" width=\"300\" height=\"167\" \/><\/p>\n<p>No Brasil, muitas pessoas com defici\u00eancia vivem em institui\u00e7\u00f5es de acolhimento por longos per\u00edodos, muitas vezes a vida toda. Nessas institui\u00e7\u00f5es, crian\u00e7as e adultos com defici\u00eancia podem enfrentar isolamento, neglig\u00eancia, restri\u00e7\u00f5es f\u00edsicas, tratamento m\u00e9dico n\u00e3o consentido, tratamento desumano e educa\u00e7\u00e3o inadequada. O relat\u00f3rio \u00e9 baseado em pesquisa realizada nos estados do Rio de Janeiro, S\u00e3o Paulo, Bahia e no Distrito Federal e entrevistas com mais de 170 pessoas, incluindo pessoas com defici\u00eancia, seus familiares, gestores de abrigos e outras institui\u00e7\u00f5es e autoridades governamentais.<\/p>\n<p class=\"m_-4640882992789729645x_x_MsoNormal\">O Brasil adotou uma legisla\u00e7\u00e3o avan\u00e7ada para melhor proteger os direitos das pessoas com defici\u00eancia, mas precisa fazer muito mais para implement\u00e1-la integralmente. No relat\u00f3rio, a Human Rights Watch recomenda que o governo brasileiro inicie um programa de desinstitucionaliza\u00e7\u00e3o para dar fim \u00e0 segrega\u00e7\u00e3o de pessoas com defici\u00eancia, priorizando que crian\u00e7as possam ser criadas com suas fam\u00edlias. O governo precisa garantir que as pessoas com defici\u00eancia desfrutem de direitos em igualdade de condi\u00e7\u00f5es com as demais pessoas, inclusive escolhendo, quando adultos, onde e com quem morar.<\/p>\n<p>Acompanhe nosso Facebook Live com Leonardo Barcellos, que residiu em uma institui\u00e7\u00e3o por quase uma d\u00e9cada, e a diretora da <a class=\"profileLink\" href=\"https:\/\/www.facebook.com\/HRWBrasil\/?fref=mentions\" data-hovercard=\"\/ajax\/hovercard\/page.php?id=323425647792394&amp;extragetparams=%7B%22fref%22%3A%22mentions%22%2C%22directed_target_id%22%3A227024998056653%7D\" data-hovercard-prefer-more-content-show=\"1\">Human Rights Watch Brasil<\/a>, Maria Laura Canineu. O bate-papo faz parte do lan\u00e7amento do relat\u00f3rio &#8220;&#8216;Eles ficam at\u00e9 morrer: Uma vida de isolamento em neglig\u00eancia em institui\u00e7\u00f5es para pessoas com defici\u00eancia no Brasil&#8221;.<\/p>\n<p>Envie suas perguntas durante a transmiss\u00e3o online e na p\u00e1gina do evento.<\/p>\n<p class=\"m_-4640882992789729645x_x_MsoNormal\">A <strong>Human Rights Watch<\/strong> tem o prazer de convidar para a apresenta\u00e7\u00e3o de seu mais novo relat\u00f3rio \u201cEles ficam at\u00e9 morrer\u201d: Uma vida de isolamento e neglig\u00eancia em institui\u00e7\u00f5es para pessoas com defici\u00eancia no Brasil, <strong>na quinta-feira, 24 de maio de 2018, \u00e0s 9:30 horas<\/strong>, na cidade de S\u00e3o Paulo, na <a href=\"https:\/\/maps.google.com\/?q=Rua+Dr.+Virg%C3%ADlio+de+Carvalho+Pinto,+445,+Pinheiros&amp;entry=gmail&amp;source=g\" target=\"_blank\" rel=\"noopener\">Rua Dr. Virg\u00edlio de Carvalho Pinto, 445, Pinheiros<\/a>.<\/p>\n<p class=\"m_-4640882992789729645x_x_MsoNormal\"><strong>Painelistas:<br \/>\nMaria Laura Canineu<\/strong>, diretora da HRW no Brasil<br \/>\n<strong>Shantha Rau Barriga, <\/strong>Diretora da divis\u00e3o de direitos das pessoas com defici\u00eancia da HRW<br \/>\n<strong>Carlos R\u00edos-Espinosa<\/strong>, pesquisador s\u00eanior da divis\u00e3o de direitos das pessoas com defici\u00eancia da HRW e autor do relat\u00f3rio<\/p>\n<p class=\"m_-4640882992789729645x_x_MsoNormal\"><strong>Quando:<br \/>\n<\/strong>Quinta-feira, 24 de maio de 2018, \u00e0s 9:30 horas<\/p>\n<p class=\"m_-4640882992789729645x_x_MsoNormal\"><strong>Onde:<br \/>\nEspa\u00e7o CIVI-CO<\/strong>, na <a href=\"https:\/\/maps.google.com\/?q=Rua+Dr.+Virg%C3%ADlio+de+Carvalho+Pinto,+445,+Pinheiros,+S%C3%A3o+Paulo-SP&amp;entry=gmail&amp;source=g\" target=\"_blank\" rel=\"noopener\">Rua Dr. Virg\u00edlio de Carvalho Pinto, 445, Pinheiros, S\u00e3o Paulo-SP<\/a>.<\/p>\n<p class=\"m_-4640882992789729645x_x_MsoNormal\">O local \u00e9 acess\u00edvel para pessoas com defici\u00eancia e haver\u00e1 interpreta\u00e7\u00e3o em libras. Por favor, informar se h\u00e1 necessidade de qualquer outra adapta\u00e7\u00e3o.<\/p>\n<p class=\"m_-4640882992789729645x_x_MsoNormal\">O evento ser\u00e1 transmitido Live no Facebook:<strong> <a id=\"m_-4640882992789729645LPlnk484973\" class=\"m_-4640882992789729645x_OWAAutoLink\" href=\"https:\/\/na01.safelinks.protection.outlook.com\/?url=http%3A%2F%2Fwww.facebook.com%2FHRWBrasil&amp;data=02%7C01%7Cbrazil%40hrw.org%7C1651cba0d68d4064b69708d55d09e627%7C2eb79de4d8044273a6e64b3188855f66%7C1%7C1%7C636517219485259789&amp;sdata=f%2B3jsYSHDvr%2FWvPnIm%2Fs5dJoXDbsSuvOqrqbMrh%2Fk78%3D&amp;reserved=0\" target=\"_blank\" rel=\"noopener\"> facebook.com\/HRWBrasil<\/a>.<\/strong><\/p>\n<p class=\"m_-4640882992789729645x_x_MsoNormal\">Para confirmar presen\u00e7a, envie e-mail para <a id=\"m_-4640882992789729645LPlnk451316\" class=\"m_-4640882992789729645x_OWAAutoLink\" href=\"http:\/\/..\/undefined\/\/compose?to=brazil@hrw.org\" target=\"_blank\" rel=\"noopener\"> brazil@hrw.org<\/a> ou ligue para (11) 3283-1914 \/ (11) 94322 6131.<\/p>\n<p class=\"m_-4640882992789729645x_x_MsoNormal\">Veja a \u00edntegra do cocumento:\u00a0<a href=\"https:\/\/www.hrw.org\/pt\/report\/2018\/05\/23\/318044\">https:\/\/www.hrw.org\/pt\/report\/2018\/05\/23\/318044<\/a><\/p>\n<\/div>\n","protected":false},"excerpt":{"rendered":"<p>Acompanhe nosso Facebook Live com Leonardo Barcellos, que residiu em uma institui\u00e7\u00e3o por quase uma d\u00e9cada, e a diretora da Human Rights Watch Brasil, Maria Laura Canineu. O bate-papo faz parte do lan\u00e7amento do relat\u00f3rio &#8220;&#8216;Eles ficam at\u00e9 morrer: Uma vida de isolamento em neglig\u00eancia em institui\u00e7\u00f5es para pessoas com defici\u00eancia no Brasil&#8221;.<\/p>\n","protected":false},"author":2,"featured_media":0,"comment_status":"open","ping_status":"open","sticky":false,"template":"","format":"standard","meta":{"site-container-style":"default","site-container-layout":"default","site-sidebar-layout":"default","disable-article-header":"default","disable-site-header":"default","disable-site-footer":"default","disable-content-area-spacing":"default","footnotes":""},"categories":[12,38,11,4,117],"tags":[],"class_list":["post-30967","post","type-post","status-publish","format-standard","hentry","category-cursos-e-eventos","category-deficiencia","category-direitos-humanos","category-noticias","category-relatorios"],"yoast_head":"<!-- This site is optimized with the Yoast SEO plugin v27.4 - https:\/\/yoast.com\/product\/yoast-seo-wordpress\/ -->\n<title>Human Rights Watch lan\u00e7a o relat\u00f3rio &quot;Eles ficam at\u00e9 morrer: uma vida de isolamento e neglig\u00eancia em institui\u00e7\u00f5es para pessoas com defici\u00eancia no Brasil&quot; -<\/title>\n<meta name=\"robots\" content=\"index, follow, max-snippet:-1, max-image-preview:large, max-video-preview:-1\" \/>\n<link rel=\"canonical\" href=\"https:\/\/inclusivenews.com.br\/?p=30967\" \/>\n<meta property=\"og:locale\" content=\"pt_PT\" \/>\n<meta property=\"og:type\" content=\"article\" \/>\n<meta property=\"og:title\" content=\"Human Rights Watch lan\u00e7a o relat\u00f3rio &quot;Eles ficam at\u00e9 morrer: uma vida de isolamento e neglig\u00eancia em institui\u00e7\u00f5es para pessoas com defici\u00eancia no Brasil&quot; -\" \/>\n<meta property=\"og:description\" content=\"Acompanhe nosso Facebook Live com Leonardo Barcellos, que residiu em uma institui\u00e7\u00e3o por quase uma d\u00e9cada, e a diretora da Human Rights Watch Brasil, Maria Laura Canineu. O bate-papo faz parte do lan\u00e7amento do relat\u00f3rio &quot;&#039;Eles ficam at\u00e9 morrer: Uma vida de isolamento em neglig\u00eancia em institui\u00e7\u00f5es para pessoas com defici\u00eancia no Brasil&quot;.\" \/>\n<meta property=\"og:url\" content=\"https:\/\/inclusivenews.com.br\/?p=30967\" \/>\n<meta property=\"article:publisher\" content=\"https:\/\/www.facebook.com\/agenciainclusive\/\" \/>\n<meta property=\"article:published_time\" content=\"2018-05-22T16:23:04+00:00\" \/>\n<meta property=\"og:image\" content=\"http:\/\/inclusivenews.com.br\/wp-content\/uploads\/hrw-300x167.jpg\" \/>\n<meta name=\"author\" content=\"Inclusive\" \/>\n<meta name=\"twitter:card\" content=\"summary_large_image\" \/>\n<meta name=\"twitter:label1\" content=\"Escrito por\" \/>\n\t<meta name=\"twitter:data1\" content=\"Inclusive\" \/>\n\t<meta name=\"twitter:label2\" content=\"Tempo estimado de leitura\" \/>\n\t<meta name=\"twitter:data2\" content=\"2 minutos\" \/>\n<script type=\"application\/ld+json\" class=\"yoast-schema-graph\">{\"@context\":\"https:\\\/\\\/schema.org\",\"@graph\":[{\"@type\":\"Article\",\"@id\":\"https:\\\/\\\/inclusivenews.com.br\\\/?p=30967#article\",\"isPartOf\":{\"@id\":\"https:\\\/\\\/inclusivenews.com.br\\\/?p=30967\"},\"author\":{\"name\":\"Inclusive\",\"@id\":\"https:\\\/\\\/inclusivenews.com.br\\\/#\\\/schema\\\/person\\\/0dab492019871b94abb65fa8ee7c8c44\"},\"headline\":\"Human Rights Watch lan\u00e7a o relat\u00f3rio &quot;Eles ficam at\u00e9 morrer: uma vida de isolamento e neglig\u00eancia em institui\u00e7\u00f5es para pessoas com defici\u00eancia no Brasil&quot;\",\"datePublished\":\"2018-05-22T16:23:04+00:00\",\"mainEntityOfPage\":{\"@id\":\"https:\\\/\\\/inclusivenews.com.br\\\/?p=30967\"},\"wordCount\":493,\"commentCount\":1,\"publisher\":{\"@id\":\"https:\\\/\\\/inclusivenews.com.br\\\/#organization\"},\"image\":{\"@id\":\"https:\\\/\\\/inclusivenews.com.br\\\/?p=30967#primaryimage\"},\"thumbnailUrl\":\"http:\\\/\\\/inclusivenews.com.br\\\/wp-content\\\/uploads\\\/hrw-300x167.jpg\",\"articleSection\":[\"Cursos e eventos\",\"Defici\u00eancia\",\"DIREITOS HUMANOS\",\"NOT\u00cdCIAS\",\"Relat\u00f3rios\"],\"inLanguage\":\"pt-PT\",\"potentialAction\":[{\"@type\":\"CommentAction\",\"name\":\"Comment\",\"target\":[\"https:\\\/\\\/inclusivenews.com.br\\\/?p=30967#respond\"]}]},{\"@type\":\"WebPage\",\"@id\":\"https:\\\/\\\/inclusivenews.com.br\\\/?p=30967\",\"url\":\"https:\\\/\\\/inclusivenews.com.br\\\/?p=30967\",\"name\":\"Human Rights Watch lan\u00e7a o relat\u00f3rio &quot;Eles ficam at\u00e9 morrer: uma vida de isolamento e neglig\u00eancia em institui\u00e7\u00f5es para pessoas com defici\u00eancia no Brasil&quot; -\",\"isPartOf\":{\"@id\":\"https:\\\/\\\/inclusivenews.com.br\\\/#website\"},\"primaryImageOfPage\":{\"@id\":\"https:\\\/\\\/inclusivenews.com.br\\\/?p=30967#primaryimage\"},\"image\":{\"@id\":\"https:\\\/\\\/inclusivenews.com.br\\\/?p=30967#primaryimage\"},\"thumbnailUrl\":\"http:\\\/\\\/inclusivenews.com.br\\\/wp-content\\\/uploads\\\/hrw-300x167.jpg\",\"datePublished\":\"2018-05-22T16:23:04+00:00\",\"breadcrumb\":{\"@id\":\"https:\\\/\\\/inclusivenews.com.br\\\/?p=30967#breadcrumb\"},\"inLanguage\":\"pt-PT\",\"potentialAction\":[{\"@type\":\"ReadAction\",\"target\":[\"https:\\\/\\\/inclusivenews.com.br\\\/?p=30967\"]}]},{\"@type\":\"ImageObject\",\"inLanguage\":\"pt-PT\",\"@id\":\"https:\\\/\\\/inclusivenews.com.br\\\/?p=30967#primaryimage\",\"url\":\"\",\"contentUrl\":\"\"},{\"@type\":\"BreadcrumbList\",\"@id\":\"https:\\\/\\\/inclusivenews.com.br\\\/?p=30967#breadcrumb\",\"itemListElement\":[{\"@type\":\"ListItem\",\"position\":1,\"name\":\"In\u00edcio\",\"item\":\"https:\\\/\\\/inclusivenews.com.br\\\/\"},{\"@type\":\"ListItem\",\"position\":2,\"name\":\"Human Rights Watch lan\u00e7a o relat\u00f3rio &quot;Eles ficam at\u00e9 morrer: uma vida de isolamento e neglig\u00eancia em institui\u00e7\u00f5es para pessoas com defici\u00eancia no Brasil&quot;\"}]},{\"@type\":\"WebSite\",\"@id\":\"https:\\\/\\\/inclusivenews.com.br\\\/#website\",\"url\":\"https:\\\/\\\/inclusivenews.com.br\\\/\",\"name\":\"Inclusive News\",\"description\":\"Inclusive News\",\"publisher\":{\"@id\":\"https:\\\/\\\/inclusivenews.com.br\\\/#organization\"},\"potentialAction\":[{\"@type\":\"SearchAction\",\"target\":{\"@type\":\"EntryPoint\",\"urlTemplate\":\"https:\\\/\\\/inclusivenews.com.br\\\/?s={search_term_string}\"},\"query-input\":{\"@type\":\"PropertyValueSpecification\",\"valueRequired\":true,\"valueName\":\"search_term_string\"}}],\"inLanguage\":\"pt-PT\"},{\"@type\":\"Organization\",\"@id\":\"https:\\\/\\\/inclusivenews.com.br\\\/#organization\",\"name\":\"Inclusive - inclus\u00e3o e cidadania\",\"url\":\"https:\\\/\\\/inclusivenews.com.br\\\/\",\"logo\":{\"@type\":\"ImageObject\",\"inLanguage\":\"pt-PT\",\"@id\":\"https:\\\/\\\/inclusivenews.com.br\\\/#\\\/schema\\\/logo\\\/image\\\/\",\"url\":\"https:\\\/\\\/inclusivenews.com.br\\\/wp-content\\\/uploads\\\/2024\\\/03\\\/@grandesite.png\",\"contentUrl\":\"https:\\\/\\\/inclusivenews.com.br\\\/wp-content\\\/uploads\\\/2024\\\/03\\\/@grandesite.png\",\"width\":1080,\"height\":1080,\"caption\":\"Inclusive - inclus\u00e3o e cidadania\"},\"image\":{\"@id\":\"https:\\\/\\\/inclusivenews.com.br\\\/#\\\/schema\\\/logo\\\/image\\\/\"},\"sameAs\":[\"https:\\\/\\\/www.facebook.com\\\/agenciainclusive\\\/\",\"https:\\\/\\\/www.instagram.com\\\/newsinclusive\\\/\"]},{\"@type\":\"Person\",\"@id\":\"https:\\\/\\\/inclusivenews.com.br\\\/#\\\/schema\\\/person\\\/0dab492019871b94abb65fa8ee7c8c44\",\"name\":\"Inclusive\",\"image\":{\"@type\":\"ImageObject\",\"inLanguage\":\"pt-PT\",\"@id\":\"https:\\\/\\\/secure.gravatar.com\\\/avatar\\\/?s=96&d=mm&r=g\",\"url\":\"https:\\\/\\\/secure.gravatar.com\\\/avatar\\\/?s=96&d=mm&r=g\",\"contentUrl\":\"https:\\\/\\\/secure.gravatar.com\\\/avatar\\\/?s=96&d=mm&r=g\",\"caption\":\"Inclusive\"},\"url\":\"https:\\\/\\\/inclusivenews.com.br\\\/?author=2\"}]}<\/script>\n<!-- \/ Yoast SEO plugin. -->","yoast_head_json":{"title":"Human Rights Watch lan\u00e7a o relat\u00f3rio &quot;Eles ficam at\u00e9 morrer: uma vida de isolamento e neglig\u00eancia em institui\u00e7\u00f5es para pessoas com defici\u00eancia no Brasil&quot; -","robots":{"index":"index","follow":"follow","max-snippet":"max-snippet:-1","max-image-preview":"max-image-preview:large","max-video-preview":"max-video-preview:-1"},"canonical":"https:\/\/inclusivenews.com.br\/?p=30967","og_locale":"pt_PT","og_type":"article","og_title":"Human Rights Watch lan\u00e7a o relat\u00f3rio &quot;Eles ficam at\u00e9 morrer: uma vida de isolamento e neglig\u00eancia em institui\u00e7\u00f5es para pessoas com defici\u00eancia no Brasil&quot; -","og_description":"Acompanhe nosso Facebook Live com Leonardo Barcellos, que residiu em uma institui\u00e7\u00e3o por quase uma d\u00e9cada, e a diretora da Human Rights Watch Brasil, Maria Laura Canineu. O bate-papo faz parte do lan\u00e7amento do relat\u00f3rio \"'Eles ficam at\u00e9 morrer: Uma vida de isolamento em neglig\u00eancia em institui\u00e7\u00f5es para pessoas com defici\u00eancia no Brasil\".","og_url":"https:\/\/inclusivenews.com.br\/?p=30967","article_publisher":"https:\/\/www.facebook.com\/agenciainclusive\/","article_published_time":"2018-05-22T16:23:04+00:00","og_image":[{"url":"http:\/\/inclusivenews.com.br\/wp-content\/uploads\/hrw-300x167.jpg","type":"","width":"","height":""}],"author":"Inclusive","twitter_card":"summary_large_image","twitter_misc":{"Escrito por":"Inclusive","Tempo estimado de leitura":"2 minutos"},"schema":{"@context":"https:\/\/schema.org","@graph":[{"@type":"Article","@id":"https:\/\/inclusivenews.com.br\/?p=30967#article","isPartOf":{"@id":"https:\/\/inclusivenews.com.br\/?p=30967"},"author":{"name":"Inclusive","@id":"https:\/\/inclusivenews.com.br\/#\/schema\/person\/0dab492019871b94abb65fa8ee7c8c44"},"headline":"Human Rights Watch lan\u00e7a o relat\u00f3rio &quot;Eles ficam at\u00e9 morrer: uma vida de isolamento e neglig\u00eancia em institui\u00e7\u00f5es para pessoas com defici\u00eancia no Brasil&quot;","datePublished":"2018-05-22T16:23:04+00:00","mainEntityOfPage":{"@id":"https:\/\/inclusivenews.com.br\/?p=30967"},"wordCount":493,"commentCount":1,"publisher":{"@id":"https:\/\/inclusivenews.com.br\/#organization"},"image":{"@id":"https:\/\/inclusivenews.com.br\/?p=30967#primaryimage"},"thumbnailUrl":"http:\/\/inclusivenews.com.br\/wp-content\/uploads\/hrw-300x167.jpg","articleSection":["Cursos e eventos","Defici\u00eancia","DIREITOS HUMANOS","NOT\u00cdCIAS","Relat\u00f3rios"],"inLanguage":"pt-PT","potentialAction":[{"@type":"CommentAction","name":"Comment","target":["https:\/\/inclusivenews.com.br\/?p=30967#respond"]}]},{"@type":"WebPage","@id":"https:\/\/inclusivenews.com.br\/?p=30967","url":"https:\/\/inclusivenews.com.br\/?p=30967","name":"Human Rights Watch lan\u00e7a o relat\u00f3rio &quot;Eles ficam at\u00e9 morrer: uma vida de isolamento e neglig\u00eancia em institui\u00e7\u00f5es para pessoas com defici\u00eancia no Brasil&quot; -","isPartOf":{"@id":"https:\/\/inclusivenews.com.br\/#website"},"primaryImageOfPage":{"@id":"https:\/\/inclusivenews.com.br\/?p=30967#primaryimage"},"image":{"@id":"https:\/\/inclusivenews.com.br\/?p=30967#primaryimage"},"thumbnailUrl":"http:\/\/inclusivenews.com.br\/wp-content\/uploads\/hrw-300x167.jpg","datePublished":"2018-05-22T16:23:04+00:00","breadcrumb":{"@id":"https:\/\/inclusivenews.com.br\/?p=30967#breadcrumb"},"inLanguage":"pt-PT","potentialAction":[{"@type":"ReadAction","target":["https:\/\/inclusivenews.com.br\/?p=30967"]}]},{"@type":"ImageObject","inLanguage":"pt-PT","@id":"https:\/\/inclusivenews.com.br\/?p=30967#primaryimage","url":"","contentUrl":""},{"@type":"BreadcrumbList","@id":"https:\/\/inclusivenews.com.br\/?p=30967#breadcrumb","itemListElement":[{"@type":"ListItem","position":1,"name":"In\u00edcio","item":"https:\/\/inclusivenews.com.br\/"},{"@type":"ListItem","position":2,"name":"Human Rights Watch lan\u00e7a o relat\u00f3rio &quot;Eles ficam at\u00e9 morrer: uma vida de isolamento e neglig\u00eancia em institui\u00e7\u00f5es para pessoas com defici\u00eancia no Brasil&quot;"}]},{"@type":"WebSite","@id":"https:\/\/inclusivenews.com.br\/#website","url":"https:\/\/inclusivenews.com.br\/","name":"Inclusive News","description":"Inclusive News","publisher":{"@id":"https:\/\/inclusivenews.com.br\/#organization"},"potentialAction":[{"@type":"SearchAction","target":{"@type":"EntryPoint","urlTemplate":"https:\/\/inclusivenews.com.br\/?s={search_term_string}"},"query-input":{"@type":"PropertyValueSpecification","valueRequired":true,"valueName":"search_term_string"}}],"inLanguage":"pt-PT"},{"@type":"Organization","@id":"https:\/\/inclusivenews.com.br\/#organization","name":"Inclusive - inclus\u00e3o e cidadania","url":"https:\/\/inclusivenews.com.br\/","logo":{"@type":"ImageObject","inLanguage":"pt-PT","@id":"https:\/\/inclusivenews.com.br\/#\/schema\/logo\/image\/","url":"https:\/\/inclusivenews.com.br\/wp-content\/uploads\/2024\/03\/@grandesite.png","contentUrl":"https:\/\/inclusivenews.com.br\/wp-content\/uploads\/2024\/03\/@grandesite.png","width":1080,"height":1080,"caption":"Inclusive - inclus\u00e3o e cidadania"},"image":{"@id":"https:\/\/inclusivenews.com.br\/#\/schema\/logo\/image\/"},"sameAs":["https:\/\/www.facebook.com\/agenciainclusive\/","https:\/\/www.instagram.com\/newsinclusive\/"]},{"@type":"Person","@id":"https:\/\/inclusivenews.com.br\/#\/schema\/person\/0dab492019871b94abb65fa8ee7c8c44","name":"Inclusive","image":{"@type":"ImageObject","inLanguage":"pt-PT","@id":"https:\/\/secure.gravatar.com\/avatar\/?s=96&d=mm&r=g","url":"https:\/\/secure.gravatar.com\/avatar\/?s=96&d=mm&r=g","contentUrl":"https:\/\/secure.gravatar.com\/avatar\/?s=96&d=mm&r=g","caption":"Inclusive"},"url":"https:\/\/inclusivenews.com.br\/?author=2"}]}},"_links":{"self":[{"href":"https:\/\/inclusivenews.com.br\/index.php?rest_route=\/wp\/v2\/posts\/30967","targetHints":{"allow":["GET"]}}],"collection":[{"href":"https:\/\/inclusivenews.com.br\/index.php?rest_route=\/wp\/v2\/posts"}],"about":[{"href":"https:\/\/inclusivenews.com.br\/index.php?rest_route=\/wp\/v2\/types\/post"}],"author":[{"embeddable":true,"href":"https:\/\/inclusivenews.com.br\/index.php?rest_route=\/wp\/v2\/users\/2"}],"replies":[{"embeddable":true,"href":"https:\/\/inclusivenews.com.br\/index.php?rest_route=%2Fwp%2Fv2%2Fcomments&post=30967"}],"version-history":[{"count":0,"href":"https:\/\/inclusivenews.com.br\/index.php?rest_route=\/wp\/v2\/posts\/30967\/revisions"}],"wp:attachment":[{"href":"https:\/\/inclusivenews.com.br\/index.php?rest_route=%2Fwp%2Fv2%2Fmedia&parent=30967"}],"wp:term":[{"taxonomy":"category","embeddable":true,"href":"https:\/\/inclusivenews.com.br\/index.php?rest_route=%2Fwp%2Fv2%2Fcategories&post=30967"},{"taxonomy":"post_tag","embeddable":true,"href":"https:\/\/inclusivenews.com.br\/index.php?rest_route=%2Fwp%2Fv2%2Ftags&post=30967"}],"curies":[{"name":"wp","href":"https:\/\/api.w.org\/{rel}","templated":true}]}}