{"id":31030,"date":"2018-07-02T09:25:13","date_gmt":"2018-07-02T12:25:13","guid":{"rendered":"http:\/\/www.inclusive.org.br\/?p=31030"},"modified":"2018-07-02T09:25:13","modified_gmt":"2018-07-02T12:25:13","slug":"livro-que-conta-a-historia-da-pessoa-com-deficiencia-no-brasil-ganha-terceira-edicao","status":"publish","type":"post","link":"https:\/\/inclusivenews.com.br\/?p=31030","title":{"rendered":"Livro que conta a hist\u00f3ria da pessoa com defici\u00eancia no Brasil ganha terceira edi\u00e7\u00e3o"},"content":{"rendered":"<figure id=\"attachment_31031\" aria-describedby=\"caption-attachment-31031\" style=\"width: 247px\" class=\"wp-caption alignleft\"><img loading=\"lazy\" decoding=\"async\" class=\"size-full wp-image-31031\" src=\"http:\/\/inclusivenews.com.br\/wp-content\/uploads\/caminhando-em-silencio-capa.jpg\" alt=\"Imagem do autor.\" width=\"247\" height=\"390\" \/><figcaption id=\"caption-attachment-31031\" class=\"wp-caption-text\">Imagem do autor.<\/figcaption><\/figure>\n<p>Atualmente, a luta por Inclus\u00e3o Social e Escolar ganha cada vez mais for\u00e7a e aten\u00e7\u00e3o. Contribuindo com isso, chega \u00e0s livrarias a terceira edi\u00e7\u00e3o do livro \u201cCAMINHANDO EM SIL\u00caNCIO \u2013 Uma introdu\u00e7\u00e3o \u00e0 trajet\u00f3ria da pessoa com defici\u00eancia na hist\u00f3ria do Brasil\u201d. Escrita por Emilio Figueira e publicada pela Giz Editorial, a obra nos \u00faltimos onze anos tornou-se uma refer\u00eancia hist\u00f3rica nos meios acad\u00eamicos e entre pesquisadores, por ser a mais completa sobre o tema em l\u00edngua portuguesa. Organizado em uma forma did\u00e1tica e multidisciplinar, o livro visa colaborar com v\u00e1rias \u00e1reas como Psicologia, Pedagogia, Sociologia, Hist\u00f3ria, Medicina, Artes, Teologia e afins.<\/p>\n<p>Nesta nova edi\u00e7\u00e3o, \u201cCAMINHANDO EM SIL\u00caNCIO\u201d chega com cap\u00edtulos, dados atualizados e duas unidades inclu\u00eddas. Al\u00e9m disso, pela primeira vez, ganhou uma vers\u00e3o digital. \u201cEsse era um antigo pedido dos leitores e agora o e-book est\u00e1 dispon\u00edvel pela Amazon\u201d, diz Em\u00edlio Figueira, autor da obra.<\/p>\n<p>O livro se divide:<\/p>\n<p>Na primeira parte, o leitor encontrar\u00e1 a pol\u00edtica de exclus\u00e3o entre nossos ind\u00edgenas, o assistencialismo dos Jesu\u00edtas, a viol\u00eancia gerando defici\u00eancia entre os escravos, medicina, hospitais e reabilita\u00e7\u00e3o e o estabelecimento da cultura \u201cdefici\u00eancia associada \u00e0 doen\u00e7a\u201d.<\/p>\n<p>A Educa\u00e7\u00e3o \u00e9 tema da segunda, abordando o in\u00edcio das institui\u00e7\u00f5es e entidades assistenciais (1854-1956), legisla\u00e7\u00f5es e pol\u00edticas nacionais (de 1957 aos dias atuais). Nessa Unidade foi inclu\u00eddo hist\u00f3rias de m\u00e9dicos e psic\u00f3logos que deram grandes contribui\u00e7\u00f5es ao desenvolvimento da Educa\u00e7\u00e3o Especial, o que permitiu o surgimento da Educa\u00e7\u00e3o Inclusiva na atualidade.<\/p>\n<p>Como tamb\u00e9m essa terceira edi\u00e7\u00e3o ganhou uma unidade inteira sobre a hist\u00f3ria e o desenvolvimento da Reabilita\u00e7\u00e3o Brasileira.<\/p>\n<p>Tr\u00eas cap\u00edtulos falam de consci\u00eancia e organiza\u00e7\u00e3o pol\u00edtica, o Ano Internacional de Pessoa Deficiente no Brasil, movimentos pol\u00edticos da pessoa com defici\u00eancia e as representa\u00e7\u00f5es sociais geradas pelos movimentos. Por fim, a quarta unidade foca o assunto em algumas lendas brasileiras.<\/p>\n<p>Em\u00edlio Figueira destaca que \u201cCAMINHANDO EM SIL\u00caNCIO\u201d \u00e9 fruto de uma pesquisa sistem\u00e1tica, realizada ao longo de dez anos. Seu contexto refor\u00e7a a teoria de que a maioria das quest\u00f5es que envolvem as pessoas com defici\u00eancia no Brasil, por exemplo, mecanismos de exclus\u00e3o, pol\u00edticas de assistencialismo, sentimentos de piedade, caridade, inferioridade, oportunismo, dentre outras, foram constru\u00eddas culturalmente.<\/p>\n<p>SOBRE O AUTOR<\/p>\n<p>Por causa de uma asfixia durante o parto, Em\u00edlio Figueira ficou com paralisia cerebral em 1969. Mesmo com sequelas na fala e movimentos, nunca se deixou abater por sua defici\u00eancia motora e vive intensamente in\u00fameras possibilidades.<\/p>\n<p>Com gradua\u00e7\u00f5es em jornalismo, psicologia e teologia, cinco p\u00f3s e dois doutorados, Figueira \u00e9 professor e conferencista de p\u00f3s-gradua\u00e7\u00e3o em temas que envolvem Psicologia e Educa\u00e7\u00e3o Inclusiva, criando um treinamento online para professores, onde sozinho j\u00e1 ajudou a formar mais de 22 mil professores no Brasil e exterior, sendo grande parte da regi\u00e3o norte e nordeste. J\u00e1 escreveu mais de 20 livros e muitos artigos sobre o assunto.<\/p>\n","protected":false},"excerpt":{"rendered":"<p>Escrita por Emilio Figueira e publicada pela Giz Editorial, a obra nos \u00faltimos onze anos tornou-se uma refer\u00eancia hist\u00f3rica nos meios acad\u00eamicos e entre pesquisadores, por ser a mais completa sobre o tema em l\u00edngua portuguesa. Organizado em uma forma did\u00e1tica e multidisciplinar, o livro visa colaborar com v\u00e1rias \u00e1reas como Psicologia, Pedagogia, Sociologia, Hist\u00f3ria, Medicina, Artes, Teologia e afins.<\/p>\n","protected":false},"author":2,"featured_media":0,"comment_status":"open","ping_status":"open","sticky":false,"template":"","format":"standard","meta":{"site-container-style":"default","site-container-layout":"default","site-sidebar-layout":"default","disable-article-header":"default","disable-site-header":"default","disable-site-footer":"default","disable-content-area-spacing":"default","footnotes":""},"categories":[50,51,10],"tags":[],"class_list":["post-31030","post","type-post","status-publish","format-standard","hentry","category-lancamentos","category-livros","category-publicacoes"],"yoast_head":"<!-- This site is optimized with the Yoast SEO plugin v27.4 - https:\/\/yoast.com\/product\/yoast-seo-wordpress\/ -->\n<title>Livro que conta a hist\u00f3ria da pessoa com defici\u00eancia no Brasil ganha terceira edi\u00e7\u00e3o -<\/title>\n<meta name=\"robots\" content=\"index, follow, max-snippet:-1, max-image-preview:large, max-video-preview:-1\" \/>\n<link rel=\"canonical\" href=\"https:\/\/inclusivenews.com.br\/?p=31030\" \/>\n<meta property=\"og:locale\" content=\"pt_PT\" \/>\n<meta property=\"og:type\" content=\"article\" \/>\n<meta property=\"og:title\" content=\"Livro que conta a hist\u00f3ria da pessoa com defici\u00eancia no Brasil ganha terceira edi\u00e7\u00e3o -\" \/>\n<meta property=\"og:description\" content=\"Escrita por Emilio Figueira e publicada pela Giz Editorial, a obra nos \u00faltimos onze anos tornou-se uma refer\u00eancia hist\u00f3rica nos meios acad\u00eamicos e entre pesquisadores, por ser a mais completa sobre o tema em l\u00edngua portuguesa. Organizado em uma forma did\u00e1tica e multidisciplinar, o livro visa colaborar com v\u00e1rias \u00e1reas como Psicologia, Pedagogia, Sociologia, Hist\u00f3ria, Medicina, Artes, Teologia e afins.\" \/>\n<meta property=\"og:url\" content=\"https:\/\/inclusivenews.com.br\/?p=31030\" \/>\n<meta property=\"article:publisher\" content=\"https:\/\/www.facebook.com\/agenciainclusive\/\" \/>\n<meta property=\"article:published_time\" content=\"2018-07-02T12:25:13+00:00\" \/>\n<meta property=\"og:image\" content=\"http:\/\/inclusivenews.com.br\/wp-content\/uploads\/caminhando-em-silencio-capa.jpg\" \/>\n<meta name=\"author\" content=\"Inclusive\" \/>\n<meta name=\"twitter:card\" content=\"summary_large_image\" \/>\n<meta name=\"twitter:label1\" content=\"Escrito por\" \/>\n\t<meta name=\"twitter:data1\" content=\"Inclusive\" \/>\n\t<meta name=\"twitter:label2\" content=\"Tempo estimado de leitura\" \/>\n\t<meta name=\"twitter:data2\" content=\"3 minutos\" \/>\n<script type=\"application\/ld+json\" class=\"yoast-schema-graph\">{\"@context\":\"https:\\\/\\\/schema.org\",\"@graph\":[{\"@type\":\"Article\",\"@id\":\"https:\\\/\\\/inclusivenews.com.br\\\/?p=31030#article\",\"isPartOf\":{\"@id\":\"https:\\\/\\\/inclusivenews.com.br\\\/?p=31030\"},\"author\":{\"name\":\"Inclusive\",\"@id\":\"https:\\\/\\\/inclusivenews.com.br\\\/#\\\/schema\\\/person\\\/0dab492019871b94abb65fa8ee7c8c44\"},\"headline\":\"Livro que conta a hist\u00f3ria da pessoa com defici\u00eancia no Brasil ganha terceira edi\u00e7\u00e3o\",\"datePublished\":\"2018-07-02T12:25:13+00:00\",\"mainEntityOfPage\":{\"@id\":\"https:\\\/\\\/inclusivenews.com.br\\\/?p=31030\"},\"wordCount\":555,\"commentCount\":1,\"publisher\":{\"@id\":\"https:\\\/\\\/inclusivenews.com.br\\\/#organization\"},\"image\":{\"@id\":\"https:\\\/\\\/inclusivenews.com.br\\\/?p=31030#primaryimage\"},\"thumbnailUrl\":\"http:\\\/\\\/inclusivenews.com.br\\\/wp-content\\\/uploads\\\/caminhando-em-silencio-capa.jpg\",\"articleSection\":[\"Lan\u00e7amentos\",\"Livros\",\"PUBLICA\u00c7\u00d5ES\"],\"inLanguage\":\"pt-PT\",\"potentialAction\":[{\"@type\":\"CommentAction\",\"name\":\"Comment\",\"target\":[\"https:\\\/\\\/inclusivenews.com.br\\\/?p=31030#respond\"]}]},{\"@type\":\"WebPage\",\"@id\":\"https:\\\/\\\/inclusivenews.com.br\\\/?p=31030\",\"url\":\"https:\\\/\\\/inclusivenews.com.br\\\/?p=31030\",\"name\":\"Livro que conta a hist\u00f3ria da pessoa com defici\u00eancia no Brasil ganha terceira edi\u00e7\u00e3o -\",\"isPartOf\":{\"@id\":\"https:\\\/\\\/inclusivenews.com.br\\\/#website\"},\"primaryImageOfPage\":{\"@id\":\"https:\\\/\\\/inclusivenews.com.br\\\/?p=31030#primaryimage\"},\"image\":{\"@id\":\"https:\\\/\\\/inclusivenews.com.br\\\/?p=31030#primaryimage\"},\"thumbnailUrl\":\"http:\\\/\\\/inclusivenews.com.br\\\/wp-content\\\/uploads\\\/caminhando-em-silencio-capa.jpg\",\"datePublished\":\"2018-07-02T12:25:13+00:00\",\"breadcrumb\":{\"@id\":\"https:\\\/\\\/inclusivenews.com.br\\\/?p=31030#breadcrumb\"},\"inLanguage\":\"pt-PT\",\"potentialAction\":[{\"@type\":\"ReadAction\",\"target\":[\"https:\\\/\\\/inclusivenews.com.br\\\/?p=31030\"]}]},{\"@type\":\"ImageObject\",\"inLanguage\":\"pt-PT\",\"@id\":\"https:\\\/\\\/inclusivenews.com.br\\\/?p=31030#primaryimage\",\"url\":\"\",\"contentUrl\":\"\"},{\"@type\":\"BreadcrumbList\",\"@id\":\"https:\\\/\\\/inclusivenews.com.br\\\/?p=31030#breadcrumb\",\"itemListElement\":[{\"@type\":\"ListItem\",\"position\":1,\"name\":\"In\u00edcio\",\"item\":\"https:\\\/\\\/inclusivenews.com.br\\\/\"},{\"@type\":\"ListItem\",\"position\":2,\"name\":\"Livro que conta a hist\u00f3ria da pessoa com defici\u00eancia no Brasil ganha terceira edi\u00e7\u00e3o\"}]},{\"@type\":\"WebSite\",\"@id\":\"https:\\\/\\\/inclusivenews.com.br\\\/#website\",\"url\":\"https:\\\/\\\/inclusivenews.com.br\\\/\",\"name\":\"Inclusive News\",\"description\":\"Inclusive News\",\"publisher\":{\"@id\":\"https:\\\/\\\/inclusivenews.com.br\\\/#organization\"},\"potentialAction\":[{\"@type\":\"SearchAction\",\"target\":{\"@type\":\"EntryPoint\",\"urlTemplate\":\"https:\\\/\\\/inclusivenews.com.br\\\/?s={search_term_string}\"},\"query-input\":{\"@type\":\"PropertyValueSpecification\",\"valueRequired\":true,\"valueName\":\"search_term_string\"}}],\"inLanguage\":\"pt-PT\"},{\"@type\":\"Organization\",\"@id\":\"https:\\\/\\\/inclusivenews.com.br\\\/#organization\",\"name\":\"Inclusive - inclus\u00e3o e cidadania\",\"url\":\"https:\\\/\\\/inclusivenews.com.br\\\/\",\"logo\":{\"@type\":\"ImageObject\",\"inLanguage\":\"pt-PT\",\"@id\":\"https:\\\/\\\/inclusivenews.com.br\\\/#\\\/schema\\\/logo\\\/image\\\/\",\"url\":\"https:\\\/\\\/inclusivenews.com.br\\\/wp-content\\\/uploads\\\/2024\\\/03\\\/@grandesite.png\",\"contentUrl\":\"https:\\\/\\\/inclusivenews.com.br\\\/wp-content\\\/uploads\\\/2024\\\/03\\\/@grandesite.png\",\"width\":1080,\"height\":1080,\"caption\":\"Inclusive - inclus\u00e3o e cidadania\"},\"image\":{\"@id\":\"https:\\\/\\\/inclusivenews.com.br\\\/#\\\/schema\\\/logo\\\/image\\\/\"},\"sameAs\":[\"https:\\\/\\\/www.facebook.com\\\/agenciainclusive\\\/\",\"https:\\\/\\\/www.instagram.com\\\/newsinclusive\\\/\"]},{\"@type\":\"Person\",\"@id\":\"https:\\\/\\\/inclusivenews.com.br\\\/#\\\/schema\\\/person\\\/0dab492019871b94abb65fa8ee7c8c44\",\"name\":\"Inclusive\",\"image\":{\"@type\":\"ImageObject\",\"inLanguage\":\"pt-PT\",\"@id\":\"https:\\\/\\\/secure.gravatar.com\\\/avatar\\\/?s=96&d=mm&r=g\",\"url\":\"https:\\\/\\\/secure.gravatar.com\\\/avatar\\\/?s=96&d=mm&r=g\",\"contentUrl\":\"https:\\\/\\\/secure.gravatar.com\\\/avatar\\\/?s=96&d=mm&r=g\",\"caption\":\"Inclusive\"},\"url\":\"https:\\\/\\\/inclusivenews.com.br\\\/?author=2\"}]}<\/script>\n<!-- \/ Yoast SEO plugin. -->","yoast_head_json":{"title":"Livro que conta a hist\u00f3ria da pessoa com defici\u00eancia no Brasil ganha terceira edi\u00e7\u00e3o -","robots":{"index":"index","follow":"follow","max-snippet":"max-snippet:-1","max-image-preview":"max-image-preview:large","max-video-preview":"max-video-preview:-1"},"canonical":"https:\/\/inclusivenews.com.br\/?p=31030","og_locale":"pt_PT","og_type":"article","og_title":"Livro que conta a hist\u00f3ria da pessoa com defici\u00eancia no Brasil ganha terceira edi\u00e7\u00e3o -","og_description":"Escrita por Emilio Figueira e publicada pela Giz Editorial, a obra nos \u00faltimos onze anos tornou-se uma refer\u00eancia hist\u00f3rica nos meios acad\u00eamicos e entre pesquisadores, por ser a mais completa sobre o tema em l\u00edngua portuguesa. Organizado em uma forma did\u00e1tica e multidisciplinar, o livro visa colaborar com v\u00e1rias \u00e1reas como Psicologia, Pedagogia, Sociologia, Hist\u00f3ria, Medicina, Artes, Teologia e afins.","og_url":"https:\/\/inclusivenews.com.br\/?p=31030","article_publisher":"https:\/\/www.facebook.com\/agenciainclusive\/","article_published_time":"2018-07-02T12:25:13+00:00","og_image":[{"url":"http:\/\/inclusivenews.com.br\/wp-content\/uploads\/caminhando-em-silencio-capa.jpg","type":"","width":"","height":""}],"author":"Inclusive","twitter_card":"summary_large_image","twitter_misc":{"Escrito por":"Inclusive","Tempo estimado de leitura":"3 minutos"},"schema":{"@context":"https:\/\/schema.org","@graph":[{"@type":"Article","@id":"https:\/\/inclusivenews.com.br\/?p=31030#article","isPartOf":{"@id":"https:\/\/inclusivenews.com.br\/?p=31030"},"author":{"name":"Inclusive","@id":"https:\/\/inclusivenews.com.br\/#\/schema\/person\/0dab492019871b94abb65fa8ee7c8c44"},"headline":"Livro que conta a hist\u00f3ria da pessoa com defici\u00eancia no Brasil ganha terceira edi\u00e7\u00e3o","datePublished":"2018-07-02T12:25:13+00:00","mainEntityOfPage":{"@id":"https:\/\/inclusivenews.com.br\/?p=31030"},"wordCount":555,"commentCount":1,"publisher":{"@id":"https:\/\/inclusivenews.com.br\/#organization"},"image":{"@id":"https:\/\/inclusivenews.com.br\/?p=31030#primaryimage"},"thumbnailUrl":"http:\/\/inclusivenews.com.br\/wp-content\/uploads\/caminhando-em-silencio-capa.jpg","articleSection":["Lan\u00e7amentos","Livros","PUBLICA\u00c7\u00d5ES"],"inLanguage":"pt-PT","potentialAction":[{"@type":"CommentAction","name":"Comment","target":["https:\/\/inclusivenews.com.br\/?p=31030#respond"]}]},{"@type":"WebPage","@id":"https:\/\/inclusivenews.com.br\/?p=31030","url":"https:\/\/inclusivenews.com.br\/?p=31030","name":"Livro que conta a hist\u00f3ria da pessoa com defici\u00eancia no Brasil ganha terceira edi\u00e7\u00e3o -","isPartOf":{"@id":"https:\/\/inclusivenews.com.br\/#website"},"primaryImageOfPage":{"@id":"https:\/\/inclusivenews.com.br\/?p=31030#primaryimage"},"image":{"@id":"https:\/\/inclusivenews.com.br\/?p=31030#primaryimage"},"thumbnailUrl":"http:\/\/inclusivenews.com.br\/wp-content\/uploads\/caminhando-em-silencio-capa.jpg","datePublished":"2018-07-02T12:25:13+00:00","breadcrumb":{"@id":"https:\/\/inclusivenews.com.br\/?p=31030#breadcrumb"},"inLanguage":"pt-PT","potentialAction":[{"@type":"ReadAction","target":["https:\/\/inclusivenews.com.br\/?p=31030"]}]},{"@type":"ImageObject","inLanguage":"pt-PT","@id":"https:\/\/inclusivenews.com.br\/?p=31030#primaryimage","url":"","contentUrl":""},{"@type":"BreadcrumbList","@id":"https:\/\/inclusivenews.com.br\/?p=31030#breadcrumb","itemListElement":[{"@type":"ListItem","position":1,"name":"In\u00edcio","item":"https:\/\/inclusivenews.com.br\/"},{"@type":"ListItem","position":2,"name":"Livro que conta a hist\u00f3ria da pessoa com defici\u00eancia no Brasil ganha terceira edi\u00e7\u00e3o"}]},{"@type":"WebSite","@id":"https:\/\/inclusivenews.com.br\/#website","url":"https:\/\/inclusivenews.com.br\/","name":"Inclusive News","description":"Inclusive News","publisher":{"@id":"https:\/\/inclusivenews.com.br\/#organization"},"potentialAction":[{"@type":"SearchAction","target":{"@type":"EntryPoint","urlTemplate":"https:\/\/inclusivenews.com.br\/?s={search_term_string}"},"query-input":{"@type":"PropertyValueSpecification","valueRequired":true,"valueName":"search_term_string"}}],"inLanguage":"pt-PT"},{"@type":"Organization","@id":"https:\/\/inclusivenews.com.br\/#organization","name":"Inclusive - inclus\u00e3o e cidadania","url":"https:\/\/inclusivenews.com.br\/","logo":{"@type":"ImageObject","inLanguage":"pt-PT","@id":"https:\/\/inclusivenews.com.br\/#\/schema\/logo\/image\/","url":"https:\/\/inclusivenews.com.br\/wp-content\/uploads\/2024\/03\/@grandesite.png","contentUrl":"https:\/\/inclusivenews.com.br\/wp-content\/uploads\/2024\/03\/@grandesite.png","width":1080,"height":1080,"caption":"Inclusive - inclus\u00e3o e cidadania"},"image":{"@id":"https:\/\/inclusivenews.com.br\/#\/schema\/logo\/image\/"},"sameAs":["https:\/\/www.facebook.com\/agenciainclusive\/","https:\/\/www.instagram.com\/newsinclusive\/"]},{"@type":"Person","@id":"https:\/\/inclusivenews.com.br\/#\/schema\/person\/0dab492019871b94abb65fa8ee7c8c44","name":"Inclusive","image":{"@type":"ImageObject","inLanguage":"pt-PT","@id":"https:\/\/secure.gravatar.com\/avatar\/?s=96&d=mm&r=g","url":"https:\/\/secure.gravatar.com\/avatar\/?s=96&d=mm&r=g","contentUrl":"https:\/\/secure.gravatar.com\/avatar\/?s=96&d=mm&r=g","caption":"Inclusive"},"url":"https:\/\/inclusivenews.com.br\/?author=2"}]}},"_links":{"self":[{"href":"https:\/\/inclusivenews.com.br\/index.php?rest_route=\/wp\/v2\/posts\/31030","targetHints":{"allow":["GET"]}}],"collection":[{"href":"https:\/\/inclusivenews.com.br\/index.php?rest_route=\/wp\/v2\/posts"}],"about":[{"href":"https:\/\/inclusivenews.com.br\/index.php?rest_route=\/wp\/v2\/types\/post"}],"author":[{"embeddable":true,"href":"https:\/\/inclusivenews.com.br\/index.php?rest_route=\/wp\/v2\/users\/2"}],"replies":[{"embeddable":true,"href":"https:\/\/inclusivenews.com.br\/index.php?rest_route=%2Fwp%2Fv2%2Fcomments&post=31030"}],"version-history":[{"count":0,"href":"https:\/\/inclusivenews.com.br\/index.php?rest_route=\/wp\/v2\/posts\/31030\/revisions"}],"wp:attachment":[{"href":"https:\/\/inclusivenews.com.br\/index.php?rest_route=%2Fwp%2Fv2%2Fmedia&parent=31030"}],"wp:term":[{"taxonomy":"category","embeddable":true,"href":"https:\/\/inclusivenews.com.br\/index.php?rest_route=%2Fwp%2Fv2%2Fcategories&post=31030"},{"taxonomy":"post_tag","embeddable":true,"href":"https:\/\/inclusivenews.com.br\/index.php?rest_route=%2Fwp%2Fv2%2Ftags&post=31030"}],"curies":[{"name":"wp","href":"https:\/\/api.w.org\/{rel}","templated":true}]}}