{"id":31034,"date":"2018-07-06T08:05:28","date_gmt":"2018-07-06T11:05:28","guid":{"rendered":"http:\/\/www.inclusive.org.br\/?p=31034"},"modified":"2018-07-06T08:05:28","modified_gmt":"2018-07-06T11:05:28","slug":"plataforma-sofia-avanca-no-global-challenge-brasil-2018","status":"publish","type":"post","link":"https:\/\/inclusivenews.com.br\/?p=31034","title":{"rendered":"Plataforma Sofia avan\u00e7a no Global Challenge Brasil 2018"},"content":{"rendered":"<figure style=\"width: 209px\" class=\"wp-caption alignleft\"><img loading=\"lazy\" decoding=\"async\" class=\"\" src=\"https:\/\/scontent-gru2-2.xx.fbcdn.net\/v\/t1.0-1\/c88.0.320.320\/p320x320\/36436355_428372700974092_6226569747215941632_n.png?_nc_cat=0&amp;oh=c1c9b96c0c9076e1ab2a3e0910916b2c&amp;oe=5BEB2605\" alt=\"Uma fita colorida e o nome \" width=\"209\" height=\"209\" \/><figcaption class=\"wp-caption-text\">Fonte: Facebook.<\/figcaption><\/figure>\n<p>Criada pelos pais e terapeuta de uma menina de seis de ano idade com s\u00edndrome de Down, a\u00a0plataforma SOFIA visa integrar, orientar e instrumentalizar professores, terapeutas, familiares e estudantes a ampliarem m\u00e9todos e pr\u00e1ticas que possibilitam a quebra de barreiras no \u00e2mbito acad\u00eamico e social de pessoas com defici\u00eancia intelectual.<\/p>\n<p>Andreia e Pablo Stanger, junto com a terapeuta, Priscila Garcia, desenvolveram uma ferramenta com o objetivo de acelerar o processo de ensino por meio da tecnologia, al\u00e9m de dar acesso ao conte\u00fado proposto pela Base Nacional Comum Curricular.<\/p>\n<p>A plataforma SOFIA pretende integrar, orientar e instrumentalizar os profissionais da escola, terapeutas e fam\u00edlias com o melhor caminho de aprendizagem e ensino sugerido para o aluno com defici\u00eancia intelectual nos \u00e2mbitos educacional, terap\u00eautico e social desde a educa\u00e7\u00e3o infantil ao ensino superior. Buscamos com SOFIA Plataforma igualdade de oportunidades e pleno exerc\u00edcio de cidadania, porque para n\u00f3s a integra\u00e7\u00e3o tem que ser em todos os \u00e2mbitos: social, cultural, econ\u00f4mico e educacional. A sociedade necessita compreender que temos que dar voz a suas escolhas para que eles sejam independentes, assim sendo protagonistas de suas pr\u00f3prias vidas.<\/p>\n<p>Com informa\u00e7\u00f5es do <a href=\"http:\/\/idgnow.com.br\/internet\/2018\/07\/04\/6-startups-brasileiras-de-educacao-disputam-programa-da-singularity-university\/\" target=\"_blank\" rel=\"noopener\">IDG Now<\/a> e <a href=\"https:\/\/www.linkedin.com\/company\/sofia-plataforma\/\" target=\"_blank\" rel=\"noopener\">LinkedIn<\/a>.<br \/>\nSaiba mais no <a href=\"https:\/\/www.facebook.com\/SOFIA-Plataforma-428372337640795\/\" target=\"_blank\" rel=\"noopener\">Facebook<\/a>.<\/p>\n","protected":false},"excerpt":{"rendered":"<p>A plataforma pretende integrar, orientar e instrumentalizar os profissionais da escola, terapeutas e fam\u00edlias com o melhor caminho de aprendizagem e ensino sugerido para o aluno com defici\u00eancia intelectual nos \u00e2mbitos educacional, terap\u00eautico e social desde a educa\u00e7\u00e3o infantil ao ensino superior. <\/p>\n","protected":false},"author":2,"featured_media":0,"comment_status":"open","ping_status":"open","sticky":false,"template":"","format":"standard","meta":{"site-container-style":"default","site-container-layout":"default","site-sidebar-layout":"default","disable-article-header":"default","disable-site-header":"default","disable-site-footer":"default","disable-content-area-spacing":"default","footnotes":""},"categories":[6],"tags":[],"class_list":["post-31034","post","type-post","status-publish","format-standard","hentry","category-educacao"],"yoast_head":"<!-- This site is optimized with the Yoast SEO plugin v27.4 - https:\/\/yoast.com\/product\/yoast-seo-wordpress\/ -->\n<title>Plataforma Sofia avan\u00e7a no Global Challenge Brasil 2018 -<\/title>\n<meta name=\"robots\" content=\"index, follow, max-snippet:-1, max-image-preview:large, max-video-preview:-1\" \/>\n<link rel=\"canonical\" href=\"https:\/\/inclusivenews.com.br\/?p=31034\" \/>\n<meta property=\"og:locale\" content=\"pt_PT\" \/>\n<meta property=\"og:type\" content=\"article\" \/>\n<meta property=\"og:title\" content=\"Plataforma Sofia avan\u00e7a no Global Challenge Brasil 2018 -\" \/>\n<meta property=\"og:description\" content=\"A plataforma pretende integrar, orientar e instrumentalizar os profissionais da escola, terapeutas e fam\u00edlias com o melhor caminho de aprendizagem e ensino sugerido para o aluno com defici\u00eancia intelectual nos \u00e2mbitos educacional, terap\u00eautico e social desde a educa\u00e7\u00e3o infantil ao ensino superior.\" \/>\n<meta property=\"og:url\" content=\"https:\/\/inclusivenews.com.br\/?p=31034\" \/>\n<meta property=\"article:publisher\" content=\"https:\/\/www.facebook.com\/agenciainclusive\/\" \/>\n<meta property=\"article:published_time\" content=\"2018-07-06T11:05:28+00:00\" \/>\n<meta property=\"og:image\" content=\"https:\/\/scontent-gru2-2.xx.fbcdn.net\/v\/t1.0-1\/c88.0.320.320\/p320x320\/36436355_428372700974092_6226569747215941632_n.png?_nc_cat=0&amp;oh=c1c9b96c0c9076e1ab2a3e0910916b2c&amp;oe=5BEB2605\" \/>\n<meta name=\"author\" content=\"Inclusive\" \/>\n<meta name=\"twitter:card\" content=\"summary_large_image\" \/>\n<meta name=\"twitter:label1\" content=\"Escrito por\" \/>\n\t<meta name=\"twitter:data1\" content=\"Inclusive\" \/>\n\t<meta name=\"twitter:label2\" content=\"Tempo estimado de leitura\" \/>\n\t<meta name=\"twitter:data2\" content=\"1 minuto\" \/>\n<script type=\"application\/ld+json\" class=\"yoast-schema-graph\">{\"@context\":\"https:\\\/\\\/schema.org\",\"@graph\":[{\"@type\":\"Article\",\"@id\":\"https:\\\/\\\/inclusivenews.com.br\\\/?p=31034#article\",\"isPartOf\":{\"@id\":\"https:\\\/\\\/inclusivenews.com.br\\\/?p=31034\"},\"author\":{\"name\":\"Inclusive\",\"@id\":\"https:\\\/\\\/inclusivenews.com.br\\\/#\\\/schema\\\/person\\\/0dab492019871b94abb65fa8ee7c8c44\"},\"headline\":\"Plataforma Sofia avan\u00e7a no Global Challenge Brasil 2018\",\"datePublished\":\"2018-07-06T11:05:28+00:00\",\"mainEntityOfPage\":{\"@id\":\"https:\\\/\\\/inclusivenews.com.br\\\/?p=31034\"},\"wordCount\":229,\"commentCount\":0,\"publisher\":{\"@id\":\"https:\\\/\\\/inclusivenews.com.br\\\/#organization\"},\"image\":{\"@id\":\"https:\\\/\\\/inclusivenews.com.br\\\/?p=31034#primaryimage\"},\"thumbnailUrl\":\"https:\\\/\\\/scontent-gru2-2.xx.fbcdn.net\\\/v\\\/t1.0-1\\\/c88.0.320.320\\\/p320x320\\\/36436355_428372700974092_6226569747215941632_n.png?_nc_cat=0&amp;oh=c1c9b96c0c9076e1ab2a3e0910916b2c&amp;oe=5BEB2605\",\"articleSection\":[\"EDUCA\u00c7\u00c3O\"],\"inLanguage\":\"pt-PT\",\"potentialAction\":[{\"@type\":\"CommentAction\",\"name\":\"Comment\",\"target\":[\"https:\\\/\\\/inclusivenews.com.br\\\/?p=31034#respond\"]}]},{\"@type\":\"WebPage\",\"@id\":\"https:\\\/\\\/inclusivenews.com.br\\\/?p=31034\",\"url\":\"https:\\\/\\\/inclusivenews.com.br\\\/?p=31034\",\"name\":\"Plataforma Sofia avan\u00e7a no Global Challenge Brasil 2018 -\",\"isPartOf\":{\"@id\":\"https:\\\/\\\/inclusivenews.com.br\\\/#website\"},\"primaryImageOfPage\":{\"@id\":\"https:\\\/\\\/inclusivenews.com.br\\\/?p=31034#primaryimage\"},\"image\":{\"@id\":\"https:\\\/\\\/inclusivenews.com.br\\\/?p=31034#primaryimage\"},\"thumbnailUrl\":\"https:\\\/\\\/scontent-gru2-2.xx.fbcdn.net\\\/v\\\/t1.0-1\\\/c88.0.320.320\\\/p320x320\\\/36436355_428372700974092_6226569747215941632_n.png?_nc_cat=0&amp;oh=c1c9b96c0c9076e1ab2a3e0910916b2c&amp;oe=5BEB2605\",\"datePublished\":\"2018-07-06T11:05:28+00:00\",\"breadcrumb\":{\"@id\":\"https:\\\/\\\/inclusivenews.com.br\\\/?p=31034#breadcrumb\"},\"inLanguage\":\"pt-PT\",\"potentialAction\":[{\"@type\":\"ReadAction\",\"target\":[\"https:\\\/\\\/inclusivenews.com.br\\\/?p=31034\"]}]},{\"@type\":\"ImageObject\",\"inLanguage\":\"pt-PT\",\"@id\":\"https:\\\/\\\/inclusivenews.com.br\\\/?p=31034#primaryimage\",\"url\":\"https:\\\/\\\/scontent-gru2-2.xx.fbcdn.net\\\/v\\\/t1.0-1\\\/c88.0.320.320\\\/p320x320\\\/36436355_428372700974092_6226569747215941632_n.png?_nc_cat=0&amp;oh=c1c9b96c0c9076e1ab2a3e0910916b2c&amp;oe=5BEB2605\",\"contentUrl\":\"https:\\\/\\\/scontent-gru2-2.xx.fbcdn.net\\\/v\\\/t1.0-1\\\/c88.0.320.320\\\/p320x320\\\/36436355_428372700974092_6226569747215941632_n.png?_nc_cat=0&amp;oh=c1c9b96c0c9076e1ab2a3e0910916b2c&amp;oe=5BEB2605\"},{\"@type\":\"BreadcrumbList\",\"@id\":\"https:\\\/\\\/inclusivenews.com.br\\\/?p=31034#breadcrumb\",\"itemListElement\":[{\"@type\":\"ListItem\",\"position\":1,\"name\":\"In\u00edcio\",\"item\":\"https:\\\/\\\/inclusivenews.com.br\\\/\"},{\"@type\":\"ListItem\",\"position\":2,\"name\":\"Plataforma Sofia avan\u00e7a no Global Challenge Brasil 2018\"}]},{\"@type\":\"WebSite\",\"@id\":\"https:\\\/\\\/inclusivenews.com.br\\\/#website\",\"url\":\"https:\\\/\\\/inclusivenews.com.br\\\/\",\"name\":\"Inclusive News\",\"description\":\"Inclusive News\",\"publisher\":{\"@id\":\"https:\\\/\\\/inclusivenews.com.br\\\/#organization\"},\"potentialAction\":[{\"@type\":\"SearchAction\",\"target\":{\"@type\":\"EntryPoint\",\"urlTemplate\":\"https:\\\/\\\/inclusivenews.com.br\\\/?s={search_term_string}\"},\"query-input\":{\"@type\":\"PropertyValueSpecification\",\"valueRequired\":true,\"valueName\":\"search_term_string\"}}],\"inLanguage\":\"pt-PT\"},{\"@type\":\"Organization\",\"@id\":\"https:\\\/\\\/inclusivenews.com.br\\\/#organization\",\"name\":\"Inclusive - inclus\u00e3o e cidadania\",\"url\":\"https:\\\/\\\/inclusivenews.com.br\\\/\",\"logo\":{\"@type\":\"ImageObject\",\"inLanguage\":\"pt-PT\",\"@id\":\"https:\\\/\\\/inclusivenews.com.br\\\/#\\\/schema\\\/logo\\\/image\\\/\",\"url\":\"https:\\\/\\\/inclusivenews.com.br\\\/wp-content\\\/uploads\\\/2024\\\/03\\\/@grandesite.png\",\"contentUrl\":\"https:\\\/\\\/inclusivenews.com.br\\\/wp-content\\\/uploads\\\/2024\\\/03\\\/@grandesite.png\",\"width\":1080,\"height\":1080,\"caption\":\"Inclusive - inclus\u00e3o e cidadania\"},\"image\":{\"@id\":\"https:\\\/\\\/inclusivenews.com.br\\\/#\\\/schema\\\/logo\\\/image\\\/\"},\"sameAs\":[\"https:\\\/\\\/www.facebook.com\\\/agenciainclusive\\\/\",\"https:\\\/\\\/www.instagram.com\\\/newsinclusive\\\/\"]},{\"@type\":\"Person\",\"@id\":\"https:\\\/\\\/inclusivenews.com.br\\\/#\\\/schema\\\/person\\\/0dab492019871b94abb65fa8ee7c8c44\",\"name\":\"Inclusive\",\"image\":{\"@type\":\"ImageObject\",\"inLanguage\":\"pt-PT\",\"@id\":\"https:\\\/\\\/secure.gravatar.com\\\/avatar\\\/?s=96&d=mm&r=g\",\"url\":\"https:\\\/\\\/secure.gravatar.com\\\/avatar\\\/?s=96&d=mm&r=g\",\"contentUrl\":\"https:\\\/\\\/secure.gravatar.com\\\/avatar\\\/?s=96&d=mm&r=g\",\"caption\":\"Inclusive\"},\"url\":\"https:\\\/\\\/inclusivenews.com.br\\\/?author=2\"}]}<\/script>\n<!-- \/ Yoast SEO plugin. -->","yoast_head_json":{"title":"Plataforma Sofia avan\u00e7a no Global Challenge Brasil 2018 -","robots":{"index":"index","follow":"follow","max-snippet":"max-snippet:-1","max-image-preview":"max-image-preview:large","max-video-preview":"max-video-preview:-1"},"canonical":"https:\/\/inclusivenews.com.br\/?p=31034","og_locale":"pt_PT","og_type":"article","og_title":"Plataforma Sofia avan\u00e7a no Global Challenge Brasil 2018 -","og_description":"A plataforma pretende integrar, orientar e instrumentalizar os profissionais da escola, terapeutas e fam\u00edlias com o melhor caminho de aprendizagem e ensino sugerido para o aluno com defici\u00eancia intelectual nos \u00e2mbitos educacional, terap\u00eautico e social desde a educa\u00e7\u00e3o infantil ao ensino superior.","og_url":"https:\/\/inclusivenews.com.br\/?p=31034","article_publisher":"https:\/\/www.facebook.com\/agenciainclusive\/","article_published_time":"2018-07-06T11:05:28+00:00","og_image":[{"url":"https:\/\/scontent-gru2-2.xx.fbcdn.net\/v\/t1.0-1\/c88.0.320.320\/p320x320\/36436355_428372700974092_6226569747215941632_n.png?_nc_cat=0&amp;oh=c1c9b96c0c9076e1ab2a3e0910916b2c&amp;oe=5BEB2605","type":"","width":"","height":""}],"author":"Inclusive","twitter_card":"summary_large_image","twitter_misc":{"Escrito por":"Inclusive","Tempo estimado de leitura":"1 minuto"},"schema":{"@context":"https:\/\/schema.org","@graph":[{"@type":"Article","@id":"https:\/\/inclusivenews.com.br\/?p=31034#article","isPartOf":{"@id":"https:\/\/inclusivenews.com.br\/?p=31034"},"author":{"name":"Inclusive","@id":"https:\/\/inclusivenews.com.br\/#\/schema\/person\/0dab492019871b94abb65fa8ee7c8c44"},"headline":"Plataforma Sofia avan\u00e7a no Global Challenge Brasil 2018","datePublished":"2018-07-06T11:05:28+00:00","mainEntityOfPage":{"@id":"https:\/\/inclusivenews.com.br\/?p=31034"},"wordCount":229,"commentCount":0,"publisher":{"@id":"https:\/\/inclusivenews.com.br\/#organization"},"image":{"@id":"https:\/\/inclusivenews.com.br\/?p=31034#primaryimage"},"thumbnailUrl":"https:\/\/scontent-gru2-2.xx.fbcdn.net\/v\/t1.0-1\/c88.0.320.320\/p320x320\/36436355_428372700974092_6226569747215941632_n.png?_nc_cat=0&amp;oh=c1c9b96c0c9076e1ab2a3e0910916b2c&amp;oe=5BEB2605","articleSection":["EDUCA\u00c7\u00c3O"],"inLanguage":"pt-PT","potentialAction":[{"@type":"CommentAction","name":"Comment","target":["https:\/\/inclusivenews.com.br\/?p=31034#respond"]}]},{"@type":"WebPage","@id":"https:\/\/inclusivenews.com.br\/?p=31034","url":"https:\/\/inclusivenews.com.br\/?p=31034","name":"Plataforma Sofia avan\u00e7a no Global Challenge Brasil 2018 -","isPartOf":{"@id":"https:\/\/inclusivenews.com.br\/#website"},"primaryImageOfPage":{"@id":"https:\/\/inclusivenews.com.br\/?p=31034#primaryimage"},"image":{"@id":"https:\/\/inclusivenews.com.br\/?p=31034#primaryimage"},"thumbnailUrl":"https:\/\/scontent-gru2-2.xx.fbcdn.net\/v\/t1.0-1\/c88.0.320.320\/p320x320\/36436355_428372700974092_6226569747215941632_n.png?_nc_cat=0&amp;oh=c1c9b96c0c9076e1ab2a3e0910916b2c&amp;oe=5BEB2605","datePublished":"2018-07-06T11:05:28+00:00","breadcrumb":{"@id":"https:\/\/inclusivenews.com.br\/?p=31034#breadcrumb"},"inLanguage":"pt-PT","potentialAction":[{"@type":"ReadAction","target":["https:\/\/inclusivenews.com.br\/?p=31034"]}]},{"@type":"ImageObject","inLanguage":"pt-PT","@id":"https:\/\/inclusivenews.com.br\/?p=31034#primaryimage","url":"https:\/\/scontent-gru2-2.xx.fbcdn.net\/v\/t1.0-1\/c88.0.320.320\/p320x320\/36436355_428372700974092_6226569747215941632_n.png?_nc_cat=0&amp;oh=c1c9b96c0c9076e1ab2a3e0910916b2c&amp;oe=5BEB2605","contentUrl":"https:\/\/scontent-gru2-2.xx.fbcdn.net\/v\/t1.0-1\/c88.0.320.320\/p320x320\/36436355_428372700974092_6226569747215941632_n.png?_nc_cat=0&amp;oh=c1c9b96c0c9076e1ab2a3e0910916b2c&amp;oe=5BEB2605"},{"@type":"BreadcrumbList","@id":"https:\/\/inclusivenews.com.br\/?p=31034#breadcrumb","itemListElement":[{"@type":"ListItem","position":1,"name":"In\u00edcio","item":"https:\/\/inclusivenews.com.br\/"},{"@type":"ListItem","position":2,"name":"Plataforma Sofia avan\u00e7a no Global Challenge Brasil 2018"}]},{"@type":"WebSite","@id":"https:\/\/inclusivenews.com.br\/#website","url":"https:\/\/inclusivenews.com.br\/","name":"Inclusive News","description":"Inclusive News","publisher":{"@id":"https:\/\/inclusivenews.com.br\/#organization"},"potentialAction":[{"@type":"SearchAction","target":{"@type":"EntryPoint","urlTemplate":"https:\/\/inclusivenews.com.br\/?s={search_term_string}"},"query-input":{"@type":"PropertyValueSpecification","valueRequired":true,"valueName":"search_term_string"}}],"inLanguage":"pt-PT"},{"@type":"Organization","@id":"https:\/\/inclusivenews.com.br\/#organization","name":"Inclusive - inclus\u00e3o e cidadania","url":"https:\/\/inclusivenews.com.br\/","logo":{"@type":"ImageObject","inLanguage":"pt-PT","@id":"https:\/\/inclusivenews.com.br\/#\/schema\/logo\/image\/","url":"https:\/\/inclusivenews.com.br\/wp-content\/uploads\/2024\/03\/@grandesite.png","contentUrl":"https:\/\/inclusivenews.com.br\/wp-content\/uploads\/2024\/03\/@grandesite.png","width":1080,"height":1080,"caption":"Inclusive - inclus\u00e3o e cidadania"},"image":{"@id":"https:\/\/inclusivenews.com.br\/#\/schema\/logo\/image\/"},"sameAs":["https:\/\/www.facebook.com\/agenciainclusive\/","https:\/\/www.instagram.com\/newsinclusive\/"]},{"@type":"Person","@id":"https:\/\/inclusivenews.com.br\/#\/schema\/person\/0dab492019871b94abb65fa8ee7c8c44","name":"Inclusive","image":{"@type":"ImageObject","inLanguage":"pt-PT","@id":"https:\/\/secure.gravatar.com\/avatar\/?s=96&d=mm&r=g","url":"https:\/\/secure.gravatar.com\/avatar\/?s=96&d=mm&r=g","contentUrl":"https:\/\/secure.gravatar.com\/avatar\/?s=96&d=mm&r=g","caption":"Inclusive"},"url":"https:\/\/inclusivenews.com.br\/?author=2"}]}},"_links":{"self":[{"href":"https:\/\/inclusivenews.com.br\/index.php?rest_route=\/wp\/v2\/posts\/31034","targetHints":{"allow":["GET"]}}],"collection":[{"href":"https:\/\/inclusivenews.com.br\/index.php?rest_route=\/wp\/v2\/posts"}],"about":[{"href":"https:\/\/inclusivenews.com.br\/index.php?rest_route=\/wp\/v2\/types\/post"}],"author":[{"embeddable":true,"href":"https:\/\/inclusivenews.com.br\/index.php?rest_route=\/wp\/v2\/users\/2"}],"replies":[{"embeddable":true,"href":"https:\/\/inclusivenews.com.br\/index.php?rest_route=%2Fwp%2Fv2%2Fcomments&post=31034"}],"version-history":[{"count":0,"href":"https:\/\/inclusivenews.com.br\/index.php?rest_route=\/wp\/v2\/posts\/31034\/revisions"}],"wp:attachment":[{"href":"https:\/\/inclusivenews.com.br\/index.php?rest_route=%2Fwp%2Fv2%2Fmedia&parent=31034"}],"wp:term":[{"taxonomy":"category","embeddable":true,"href":"https:\/\/inclusivenews.com.br\/index.php?rest_route=%2Fwp%2Fv2%2Fcategories&post=31034"},{"taxonomy":"post_tag","embeddable":true,"href":"https:\/\/inclusivenews.com.br\/index.php?rest_route=%2Fwp%2Fv2%2Ftags&post=31034"}],"curies":[{"name":"wp","href":"https:\/\/api.w.org\/{rel}","templated":true}]}}