{"id":31041,"date":"2018-07-16T18:26:59","date_gmt":"2018-07-16T21:26:59","guid":{"rendered":"http:\/\/www.inclusive.org.br\/?p=31041"},"modified":"2018-07-16T18:26:59","modified_gmt":"2018-07-16T21:26:59","slug":"31041","status":"publish","type":"post","link":"https:\/\/inclusivenews.com.br\/?p=31041","title":{"rendered":"Vai ter educa\u00e7\u00e3o nas elei\u00e7\u00f5es de 2018?"},"content":{"rendered":"<p style=\"text-align: left;\"><em>Por Lucio Carvalho<\/em><\/p>\n<p style=\"text-align: left;\">Pelo menos idealmente, poucas pessoas discordariam do que preservar nas crises, nas situa\u00e7\u00f5es cr\u00edticas, sejam elas pol\u00edticas ou econ\u00f4micas &#8211; ou em uma combina\u00e7\u00e3o de ambas. Al\u00e9m de satisfazerem-se as necessidades b\u00e1sicas, elementares, socialmente parece um consenso em qualquer na\u00e7\u00e3o de que o cuidado com a sa\u00fade e educa\u00e7\u00e3o seriam prioridades. Para a fil\u00f3sofa alem\u00e3 Hannah Arendt, por exemplo, a educa\u00e7\u00e3o deveria inclusive ser separada das outras fun\u00e7\u00f5es e dom\u00ednios da vida p\u00fablica, tal sua relev\u00e2ncia para a sanidade do tecido social e do espa\u00e7o p\u00fablico.<\/p>\n<p><img loading=\"lazy\" decoding=\"async\" class=\"alignnone size-full wp-image-12962 alignleft\" src=\"http:\/\/inclusivenews.com.br\/wp-content\/uploads\/2009\/12\/educacao222.jpg\" alt=\"L\u00e1pis de Cor\" width=\"450\" height=\"338\" \/><\/p>\n<p>Este n\u00e3o parece ser, infelizmente, o tipo de cuidado que as autoridades e classe pol\u00edtica brasileiras destinam ao assunto. N\u00e3o raro \u00e9 sobre os recursos que deveriam destinar-se \u00e0 educa\u00e7\u00e3o que por aqui ocorrem cortes or\u00e7ament\u00e1rios e um descontrole inexplic\u00e1vel de gastos, malversa\u00e7\u00f5es de toda a ordem e falhas incontorn\u00e1veis de fiscaliza\u00e7\u00e3o e controle social. Em se tratando de um bem social, \u00e9 incompreens\u00edvel que a sociedade se satisfa\u00e7a com t\u00e3o poucos e prec\u00e1rios indicadores e que o destino dos recursos advindos da pr\u00f3pria sociedade simplesmente seja escoar atrav\u00e9s do ralo da m\u00e1 gest\u00e3o p\u00fablica, ano a ano, m\u00eas a m\u00eas, dia a dia.<\/p>\n<p>Embora constantemente denunciada, a &#8220;crise na educa\u00e7\u00e3o&#8221; muitas vezes parece mais devida ao desinteresse p\u00fablico e pol\u00edtico em efetiv\u00e1-la como direito real e palp\u00e1vel do que exatamente por uma car\u00eancia de recursos. O exame da execu\u00e7\u00e3o or\u00e7ament\u00e1ria federal e as muitas emendas e aloca\u00e7\u00f5es extempor\u00e2neas devem bastar para demonstrar como a par\u00e1bola do bolo da galinha ruiva n\u00e3o se aplica no caso. Convidados de \u00faltima hora e intrometidos costumam bicar avidamente o or\u00e7amento p\u00fablico em fun\u00e7\u00e3o de interesses eleitorais e outros ainda menos nobres.<\/p>\n<p>Sob essa perspectiva, \u00e9 mesmo muito complexo acreditar-se nas muitas promessas de &#8220;viradas educacionais&#8221; sem muito realismo que devem pipocar nas campanhas eleitorais para as pr\u00f3ximas elei\u00e7\u00f5es de outubro. Entretanto \u00e9 inadmiss\u00edvel que candidatos a cargos p\u00fablicos alcem-se publicamente sem projetos consistentes e realistas para reverter a situa\u00e7\u00e3o que vividamente \u00e9 percebida em sua tragicidade pela sociedade e principalmente pelas pessoas que t\u00eam nos servi\u00e7os p\u00fablicos sua \u00fanica possibilidade de acesso aos direitos sociais.<\/p>\n<p>Portanto \u00e9 apesar da flagrante deteriora\u00e7\u00e3o dos equipamentos p\u00fablicos educacionais e de uma imprescind\u00edvel honestidade ao tratar-se das possibilidades concretas do que existe e do que pode efetivamente ser realizado que se deve partir. Em outras elei\u00e7\u00f5es, em momentos em que a crise econ\u00f4mica n\u00e3o se encontrava tutelando as crises paralelas e consequentes, muito deixou de ser feito mesmo em vista de um melhor cen\u00e1rio. Do ponto de vista do interesse p\u00fablico, \u00e9 nas escolas p\u00fablicas municipais e estaduais onde as pessoas ir\u00e3o buscar acolhimento e, portanto, desviar a aten\u00e7\u00e3o para campanhas nacionais ou milagreiras dificilmente ainda convencer\u00e1 a algu\u00e9m. O m\u00ednimo de dec\u00eancia que a popula\u00e7\u00e3o espera &#8211; e \u00e9 seu direito encontrar &#8211; s\u00e3o escolas equipadas a cumprir sua fun\u00e7\u00e3o educacional. Nesse terreno, como professores e discentes sabem muito bem, slogans pouco importam. O que vale mesmo \u00e9 um espa\u00e7o seguro e saud\u00e1vel de desenvolvimento humano.<\/p>\n<p>A esse ponto, tamb\u00e9m parece que j\u00e1 se est\u00e1 a falar em utopias. Sim, mas onde sen\u00e3o na escola ser\u00e1 poss\u00edvel restaurar minimamente condi\u00e7\u00f5es toler\u00e1veis (nem vamos usar desej\u00e1veis) para se concretizar o processo educacional e de conv\u00edvio civilizado? De qualquer modo, a qualquer custo, \u00e9 preciso que seja poss\u00edvel estabilizar a vida social e suas viol\u00eancias e desigualdades a partir da escola, da educa\u00e7\u00e3o.<\/p>\n<p>Mesmo em se tratando de uma sociedade com ambi\u00e7\u00f5es sonegadas e na qual sequer as pessoas estejam conseguindo dialogar com civilidade, somente atrav\u00e9s da generaliza\u00e7\u00e3o de uma qualidade m\u00ednima de aten\u00e7\u00e3o e recursos se tornar\u00e1 vi\u00e1vel recuperar os la\u00e7os de uma esfera p\u00fablica, isto \u00e9, n\u00e3o h\u00e1 outro caminho para sair da crise se n\u00e3o for atrav\u00e9s da educa\u00e7\u00e3o de qualidade para todos.<\/p>\n","protected":false},"excerpt":{"rendered":"<p>Sob essa perspectiva, \u00e9 mesmo muito complexo acreditar-se nas muitas promessas de &#8220;viradas educacionais&#8221; sem muito realismo que devem pipocar nas campanhas eleitorais para as pr\u00f3ximas elei\u00e7\u00f5es de outubro. Entretanto \u00e9 inadmiss\u00edvel que candidatos a cargos p\u00fablicos alcem-se publicamente sem projetos consistentes e realistas para reverter a situa\u00e7\u00e3o que vividamente \u00e9 percebida em sua tragicidade pela sociedade e principalmente pelas pessoas que tem nos servi\u00e7os p\u00fablicos sua \u00fanica possibilidade de acesso aos direitos sociais. Por Lucio Carvalho.<\/p>\n","protected":false},"author":2,"featured_media":0,"comment_status":"open","ping_status":"open","sticky":false,"template":"","format":"standard","meta":{"site-container-style":"default","site-container-layout":"default","site-sidebar-layout":"default","disable-article-header":"default","disable-site-header":"default","disable-site-footer":"default","disable-content-area-spacing":"default","footnotes":""},"categories":[35,8],"tags":[430],"class_list":["post-31041","post","type-post","status-publish","format-standard","hentry","category-de-nossa-parte","category-textos-e-artigos","tag-eleicoes-2018"],"yoast_head":"<!-- This site is optimized with the Yoast SEO plugin v27.4 - https:\/\/yoast.com\/product\/yoast-seo-wordpress\/ -->\n<title>Vai ter educa\u00e7\u00e3o nas elei\u00e7\u00f5es de 2018? -<\/title>\n<meta name=\"robots\" content=\"index, follow, max-snippet:-1, max-image-preview:large, max-video-preview:-1\" \/>\n<link rel=\"canonical\" href=\"https:\/\/inclusivenews.com.br\/?p=31041\" \/>\n<meta property=\"og:locale\" content=\"pt_PT\" \/>\n<meta property=\"og:type\" content=\"article\" \/>\n<meta property=\"og:title\" content=\"Vai ter educa\u00e7\u00e3o nas elei\u00e7\u00f5es de 2018? -\" \/>\n<meta property=\"og:description\" content=\"Sob essa perspectiva, \u00e9 mesmo muito complexo acreditar-se nas muitas promessas de &quot;viradas educacionais&quot; sem muito realismo que devem pipocar nas campanhas eleitorais para as pr\u00f3ximas elei\u00e7\u00f5es de outubro. Entretanto \u00e9 inadmiss\u00edvel que candidatos a cargos p\u00fablicos alcem-se publicamente sem projetos consistentes e realistas para reverter a situa\u00e7\u00e3o que vividamente \u00e9 percebida em sua tragicidade pela sociedade e principalmente pelas pessoas que tem nos servi\u00e7os p\u00fablicos sua \u00fanica possibilidade de acesso aos direitos sociais. Por Lucio Carvalho.\" \/>\n<meta property=\"og:url\" content=\"https:\/\/inclusivenews.com.br\/?p=31041\" \/>\n<meta property=\"article:publisher\" content=\"https:\/\/www.facebook.com\/agenciainclusive\/\" \/>\n<meta property=\"article:published_time\" content=\"2018-07-16T21:26:59+00:00\" \/>\n<meta property=\"og:image\" content=\"http:\/\/inclusivenews.com.br\/wp-content\/uploads\/2009\/12\/educacao222.jpg\" \/>\n<meta name=\"author\" content=\"Inclusive\" \/>\n<meta name=\"twitter:card\" content=\"summary_large_image\" \/>\n<meta name=\"twitter:label1\" content=\"Escrito por\" \/>\n\t<meta name=\"twitter:data1\" content=\"Inclusive\" \/>\n\t<meta name=\"twitter:label2\" content=\"Tempo estimado de leitura\" \/>\n\t<meta name=\"twitter:data2\" content=\"4 minutos\" \/>\n<script type=\"application\/ld+json\" class=\"yoast-schema-graph\">{\"@context\":\"https:\\\/\\\/schema.org\",\"@graph\":[{\"@type\":\"Article\",\"@id\":\"https:\\\/\\\/inclusivenews.com.br\\\/?p=31041#article\",\"isPartOf\":{\"@id\":\"https:\\\/\\\/inclusivenews.com.br\\\/?p=31041\"},\"author\":{\"name\":\"Inclusive\",\"@id\":\"https:\\\/\\\/inclusivenews.com.br\\\/#\\\/schema\\\/person\\\/0dab492019871b94abb65fa8ee7c8c44\"},\"headline\":\"Vai ter educa\u00e7\u00e3o nas elei\u00e7\u00f5es de 2018?\",\"datePublished\":\"2018-07-16T21:26:59+00:00\",\"mainEntityOfPage\":{\"@id\":\"https:\\\/\\\/inclusivenews.com.br\\\/?p=31041\"},\"wordCount\":726,\"commentCount\":1,\"publisher\":{\"@id\":\"https:\\\/\\\/inclusivenews.com.br\\\/#organization\"},\"image\":{\"@id\":\"https:\\\/\\\/inclusivenews.com.br\\\/?p=31041#primaryimage\"},\"thumbnailUrl\":\"http:\\\/\\\/inclusivenews.com.br\\\/wp-content\\\/uploads\\\/2009\\\/12\\\/educacao222.jpg\",\"keywords\":[\"elei\u00e7\u00f5es 2018\"],\"articleSection\":[\"+ De nossa parte\",\"OPINI\u00c3O\"],\"inLanguage\":\"pt-PT\",\"potentialAction\":[{\"@type\":\"CommentAction\",\"name\":\"Comment\",\"target\":[\"https:\\\/\\\/inclusivenews.com.br\\\/?p=31041#respond\"]}]},{\"@type\":\"WebPage\",\"@id\":\"https:\\\/\\\/inclusivenews.com.br\\\/?p=31041\",\"url\":\"https:\\\/\\\/inclusivenews.com.br\\\/?p=31041\",\"name\":\"Vai ter educa\u00e7\u00e3o nas elei\u00e7\u00f5es de 2018? -\",\"isPartOf\":{\"@id\":\"https:\\\/\\\/inclusivenews.com.br\\\/#website\"},\"primaryImageOfPage\":{\"@id\":\"https:\\\/\\\/inclusivenews.com.br\\\/?p=31041#primaryimage\"},\"image\":{\"@id\":\"https:\\\/\\\/inclusivenews.com.br\\\/?p=31041#primaryimage\"},\"thumbnailUrl\":\"http:\\\/\\\/inclusivenews.com.br\\\/wp-content\\\/uploads\\\/2009\\\/12\\\/educacao222.jpg\",\"datePublished\":\"2018-07-16T21:26:59+00:00\",\"breadcrumb\":{\"@id\":\"https:\\\/\\\/inclusivenews.com.br\\\/?p=31041#breadcrumb\"},\"inLanguage\":\"pt-PT\",\"potentialAction\":[{\"@type\":\"ReadAction\",\"target\":[\"https:\\\/\\\/inclusivenews.com.br\\\/?p=31041\"]}]},{\"@type\":\"ImageObject\",\"inLanguage\":\"pt-PT\",\"@id\":\"https:\\\/\\\/inclusivenews.com.br\\\/?p=31041#primaryimage\",\"url\":\"\",\"contentUrl\":\"\"},{\"@type\":\"BreadcrumbList\",\"@id\":\"https:\\\/\\\/inclusivenews.com.br\\\/?p=31041#breadcrumb\",\"itemListElement\":[{\"@type\":\"ListItem\",\"position\":1,\"name\":\"In\u00edcio\",\"item\":\"https:\\\/\\\/inclusivenews.com.br\\\/\"},{\"@type\":\"ListItem\",\"position\":2,\"name\":\"Vai ter educa\u00e7\u00e3o nas elei\u00e7\u00f5es de 2018?\"}]},{\"@type\":\"WebSite\",\"@id\":\"https:\\\/\\\/inclusivenews.com.br\\\/#website\",\"url\":\"https:\\\/\\\/inclusivenews.com.br\\\/\",\"name\":\"Inclusive News\",\"description\":\"Inclusive News\",\"publisher\":{\"@id\":\"https:\\\/\\\/inclusivenews.com.br\\\/#organization\"},\"potentialAction\":[{\"@type\":\"SearchAction\",\"target\":{\"@type\":\"EntryPoint\",\"urlTemplate\":\"https:\\\/\\\/inclusivenews.com.br\\\/?s={search_term_string}\"},\"query-input\":{\"@type\":\"PropertyValueSpecification\",\"valueRequired\":true,\"valueName\":\"search_term_string\"}}],\"inLanguage\":\"pt-PT\"},{\"@type\":\"Organization\",\"@id\":\"https:\\\/\\\/inclusivenews.com.br\\\/#organization\",\"name\":\"Inclusive - inclus\u00e3o e cidadania\",\"url\":\"https:\\\/\\\/inclusivenews.com.br\\\/\",\"logo\":{\"@type\":\"ImageObject\",\"inLanguage\":\"pt-PT\",\"@id\":\"https:\\\/\\\/inclusivenews.com.br\\\/#\\\/schema\\\/logo\\\/image\\\/\",\"url\":\"https:\\\/\\\/inclusivenews.com.br\\\/wp-content\\\/uploads\\\/2024\\\/03\\\/@grandesite.png\",\"contentUrl\":\"https:\\\/\\\/inclusivenews.com.br\\\/wp-content\\\/uploads\\\/2024\\\/03\\\/@grandesite.png\",\"width\":1080,\"height\":1080,\"caption\":\"Inclusive - inclus\u00e3o e cidadania\"},\"image\":{\"@id\":\"https:\\\/\\\/inclusivenews.com.br\\\/#\\\/schema\\\/logo\\\/image\\\/\"},\"sameAs\":[\"https:\\\/\\\/www.facebook.com\\\/agenciainclusive\\\/\",\"https:\\\/\\\/www.instagram.com\\\/newsinclusive\\\/\"]},{\"@type\":\"Person\",\"@id\":\"https:\\\/\\\/inclusivenews.com.br\\\/#\\\/schema\\\/person\\\/0dab492019871b94abb65fa8ee7c8c44\",\"name\":\"Inclusive\",\"image\":{\"@type\":\"ImageObject\",\"inLanguage\":\"pt-PT\",\"@id\":\"https:\\\/\\\/secure.gravatar.com\\\/avatar\\\/?s=96&d=mm&r=g\",\"url\":\"https:\\\/\\\/secure.gravatar.com\\\/avatar\\\/?s=96&d=mm&r=g\",\"contentUrl\":\"https:\\\/\\\/secure.gravatar.com\\\/avatar\\\/?s=96&d=mm&r=g\",\"caption\":\"Inclusive\"},\"url\":\"https:\\\/\\\/inclusivenews.com.br\\\/?author=2\"}]}<\/script>\n<!-- \/ Yoast SEO plugin. -->","yoast_head_json":{"title":"Vai ter educa\u00e7\u00e3o nas elei\u00e7\u00f5es de 2018? -","robots":{"index":"index","follow":"follow","max-snippet":"max-snippet:-1","max-image-preview":"max-image-preview:large","max-video-preview":"max-video-preview:-1"},"canonical":"https:\/\/inclusivenews.com.br\/?p=31041","og_locale":"pt_PT","og_type":"article","og_title":"Vai ter educa\u00e7\u00e3o nas elei\u00e7\u00f5es de 2018? -","og_description":"Sob essa perspectiva, \u00e9 mesmo muito complexo acreditar-se nas muitas promessas de \"viradas educacionais\" sem muito realismo que devem pipocar nas campanhas eleitorais para as pr\u00f3ximas elei\u00e7\u00f5es de outubro. Entretanto \u00e9 inadmiss\u00edvel que candidatos a cargos p\u00fablicos alcem-se publicamente sem projetos consistentes e realistas para reverter a situa\u00e7\u00e3o que vividamente \u00e9 percebida em sua tragicidade pela sociedade e principalmente pelas pessoas que tem nos servi\u00e7os p\u00fablicos sua \u00fanica possibilidade de acesso aos direitos sociais. Por Lucio Carvalho.","og_url":"https:\/\/inclusivenews.com.br\/?p=31041","article_publisher":"https:\/\/www.facebook.com\/agenciainclusive\/","article_published_time":"2018-07-16T21:26:59+00:00","og_image":[{"url":"http:\/\/inclusivenews.com.br\/wp-content\/uploads\/2009\/12\/educacao222.jpg","type":"","width":"","height":""}],"author":"Inclusive","twitter_card":"summary_large_image","twitter_misc":{"Escrito por":"Inclusive","Tempo estimado de leitura":"4 minutos"},"schema":{"@context":"https:\/\/schema.org","@graph":[{"@type":"Article","@id":"https:\/\/inclusivenews.com.br\/?p=31041#article","isPartOf":{"@id":"https:\/\/inclusivenews.com.br\/?p=31041"},"author":{"name":"Inclusive","@id":"https:\/\/inclusivenews.com.br\/#\/schema\/person\/0dab492019871b94abb65fa8ee7c8c44"},"headline":"Vai ter educa\u00e7\u00e3o nas elei\u00e7\u00f5es de 2018?","datePublished":"2018-07-16T21:26:59+00:00","mainEntityOfPage":{"@id":"https:\/\/inclusivenews.com.br\/?p=31041"},"wordCount":726,"commentCount":1,"publisher":{"@id":"https:\/\/inclusivenews.com.br\/#organization"},"image":{"@id":"https:\/\/inclusivenews.com.br\/?p=31041#primaryimage"},"thumbnailUrl":"http:\/\/inclusivenews.com.br\/wp-content\/uploads\/2009\/12\/educacao222.jpg","keywords":["elei\u00e7\u00f5es 2018"],"articleSection":["+ De nossa parte","OPINI\u00c3O"],"inLanguage":"pt-PT","potentialAction":[{"@type":"CommentAction","name":"Comment","target":["https:\/\/inclusivenews.com.br\/?p=31041#respond"]}]},{"@type":"WebPage","@id":"https:\/\/inclusivenews.com.br\/?p=31041","url":"https:\/\/inclusivenews.com.br\/?p=31041","name":"Vai ter educa\u00e7\u00e3o nas elei\u00e7\u00f5es de 2018? -","isPartOf":{"@id":"https:\/\/inclusivenews.com.br\/#website"},"primaryImageOfPage":{"@id":"https:\/\/inclusivenews.com.br\/?p=31041#primaryimage"},"image":{"@id":"https:\/\/inclusivenews.com.br\/?p=31041#primaryimage"},"thumbnailUrl":"http:\/\/inclusivenews.com.br\/wp-content\/uploads\/2009\/12\/educacao222.jpg","datePublished":"2018-07-16T21:26:59+00:00","breadcrumb":{"@id":"https:\/\/inclusivenews.com.br\/?p=31041#breadcrumb"},"inLanguage":"pt-PT","potentialAction":[{"@type":"ReadAction","target":["https:\/\/inclusivenews.com.br\/?p=31041"]}]},{"@type":"ImageObject","inLanguage":"pt-PT","@id":"https:\/\/inclusivenews.com.br\/?p=31041#primaryimage","url":"","contentUrl":""},{"@type":"BreadcrumbList","@id":"https:\/\/inclusivenews.com.br\/?p=31041#breadcrumb","itemListElement":[{"@type":"ListItem","position":1,"name":"In\u00edcio","item":"https:\/\/inclusivenews.com.br\/"},{"@type":"ListItem","position":2,"name":"Vai ter educa\u00e7\u00e3o nas elei\u00e7\u00f5es de 2018?"}]},{"@type":"WebSite","@id":"https:\/\/inclusivenews.com.br\/#website","url":"https:\/\/inclusivenews.com.br\/","name":"Inclusive News","description":"Inclusive News","publisher":{"@id":"https:\/\/inclusivenews.com.br\/#organization"},"potentialAction":[{"@type":"SearchAction","target":{"@type":"EntryPoint","urlTemplate":"https:\/\/inclusivenews.com.br\/?s={search_term_string}"},"query-input":{"@type":"PropertyValueSpecification","valueRequired":true,"valueName":"search_term_string"}}],"inLanguage":"pt-PT"},{"@type":"Organization","@id":"https:\/\/inclusivenews.com.br\/#organization","name":"Inclusive - inclus\u00e3o e cidadania","url":"https:\/\/inclusivenews.com.br\/","logo":{"@type":"ImageObject","inLanguage":"pt-PT","@id":"https:\/\/inclusivenews.com.br\/#\/schema\/logo\/image\/","url":"https:\/\/inclusivenews.com.br\/wp-content\/uploads\/2024\/03\/@grandesite.png","contentUrl":"https:\/\/inclusivenews.com.br\/wp-content\/uploads\/2024\/03\/@grandesite.png","width":1080,"height":1080,"caption":"Inclusive - inclus\u00e3o e cidadania"},"image":{"@id":"https:\/\/inclusivenews.com.br\/#\/schema\/logo\/image\/"},"sameAs":["https:\/\/www.facebook.com\/agenciainclusive\/","https:\/\/www.instagram.com\/newsinclusive\/"]},{"@type":"Person","@id":"https:\/\/inclusivenews.com.br\/#\/schema\/person\/0dab492019871b94abb65fa8ee7c8c44","name":"Inclusive","image":{"@type":"ImageObject","inLanguage":"pt-PT","@id":"https:\/\/secure.gravatar.com\/avatar\/?s=96&d=mm&r=g","url":"https:\/\/secure.gravatar.com\/avatar\/?s=96&d=mm&r=g","contentUrl":"https:\/\/secure.gravatar.com\/avatar\/?s=96&d=mm&r=g","caption":"Inclusive"},"url":"https:\/\/inclusivenews.com.br\/?author=2"}]}},"_links":{"self":[{"href":"https:\/\/inclusivenews.com.br\/index.php?rest_route=\/wp\/v2\/posts\/31041","targetHints":{"allow":["GET"]}}],"collection":[{"href":"https:\/\/inclusivenews.com.br\/index.php?rest_route=\/wp\/v2\/posts"}],"about":[{"href":"https:\/\/inclusivenews.com.br\/index.php?rest_route=\/wp\/v2\/types\/post"}],"author":[{"embeddable":true,"href":"https:\/\/inclusivenews.com.br\/index.php?rest_route=\/wp\/v2\/users\/2"}],"replies":[{"embeddable":true,"href":"https:\/\/inclusivenews.com.br\/index.php?rest_route=%2Fwp%2Fv2%2Fcomments&post=31041"}],"version-history":[{"count":0,"href":"https:\/\/inclusivenews.com.br\/index.php?rest_route=\/wp\/v2\/posts\/31041\/revisions"}],"wp:attachment":[{"href":"https:\/\/inclusivenews.com.br\/index.php?rest_route=%2Fwp%2Fv2%2Fmedia&parent=31041"}],"wp:term":[{"taxonomy":"category","embeddable":true,"href":"https:\/\/inclusivenews.com.br\/index.php?rest_route=%2Fwp%2Fv2%2Fcategories&post=31041"},{"taxonomy":"post_tag","embeddable":true,"href":"https:\/\/inclusivenews.com.br\/index.php?rest_route=%2Fwp%2Fv2%2Ftags&post=31041"}],"curies":[{"name":"wp","href":"https:\/\/api.w.org\/{rel}","templated":true}]}}