{"id":31060,"date":"2018-08-02T11:26:42","date_gmt":"2018-08-02T14:26:42","guid":{"rendered":"http:\/\/www.inclusive.org.br\/?p=31060"},"modified":"2018-08-02T11:26:42","modified_gmt":"2018-08-02T14:26:42","slug":"projeto-diversidade-na-rua-apresenta-novo-site","status":"publish","type":"post","link":"https:\/\/inclusivenews.com.br\/?p=31060","title":{"rendered":"Projeto Diversidade na Rua apresenta novo site"},"content":{"rendered":"<p dir=\"ltr\">Para aproximar sua rede de colabora\u00e7\u00e3o e facilitar o acesso a recursos de Tecnologia Assistiva, o Projeto Diversidade na Rua, da Mercur, lan\u00e7ou um novo site. Com design moderno e intuitivo, a grande novidade \u00e9 a se\u00e7\u00e3o <a href=\"https:\/\/diversidadenarua.cc\/cocriacoes\/\">Cocria\u00e7\u00f5es<\/a>. O espa\u00e7o disponibilizado \u00e0 rede colaborativa do projeto tamb\u00e9m foi remodelado e agora \u00e9 poss\u00edvel visualizar e filtrar o perfil das pessoas participantes e tamb\u00e9m das <a href=\"http:\/\/www.mercur.com.br\/noticias\/visualizar\/visualizar\/300\/instituicoes-amigas-facilitam-o-acesso-a-recursos-de-tecnologia-assistiva-produzidos-pela-mercur\">Institui\u00e7\u00f5es Amigas<\/a>.<\/p>\n<blockquote>\n<p dir=\"ltr\"><em>Iniciativa da Mercur re\u00fane pessoas e entidades interessadas em promover acessibilidade e inclus\u00e3o por meio da cria\u00e7\u00e3o de recursos de Tecnologia Assistiva<\/em><\/p>\n<figure style=\"width: 266px\" class=\"wp-caption alignnone\"><img loading=\"lazy\" decoding=\"async\" class=\"\" src=\"http:\/\/www.mercur.com.br\/plugins\/thumb\/phpThumb.php?src=\/galeria\/8987162795b4627e66d5b5.jpg\" alt=\"Uma tela de smartphone em frente a uma tela de computador\" width=\"266\" height=\"177\" \/><figcaption class=\"wp-caption-text\">Imagem: Diversidade na Rua<\/figcaption><\/figure><\/blockquote>\n<p dir=\"ltr\">O site <a href=\"http:\/\/www.diversidadenarua.cc\/\">www.diversidadenarua.cc<\/a> aproxima pessoas focadas em buscar solu\u00e7\u00f5es para a inclus\u00e3o e a acessibilidade que participam com ideias, com depoimentos, com a express\u00e3o de necessidades que podem vir a ser atendidas a partir da cria\u00e7\u00e3o de recursos de Tecnologia Assistiva. Para mostrar os motivos e o processo de cria\u00e7\u00e3o de cada um dos 21 itens que j\u00e1 foram desenvolvidos, a se\u00e7\u00e3o \u201cCocria\u00e7\u00f5es\u201d apresenta uma linha do tempo que vai desde o prot\u00f3tipo do produto at\u00e9 a vers\u00e3o final, al\u00e9m da legitima\u00e7\u00e3o e melhorias. No local \u00e9 poss\u00edvel saber mais sobre o <a href=\"https:\/\/diversidadenarua.cc\/cocriacoes\/engrossador-em-discos\/\">Engrossador em Discos<\/a>, o <a href=\"https:\/\/diversidadenarua.cc\/cocriacoes\/borrachao\/\">Borrach\u00e3o<\/a>, entre outros produtos.<\/p>\n<p dir=\"ltr\">Em tr\u00eas anos a rede do Projeto cresceu muito e hoje re\u00fane pessoas e entidades de v\u00e1rios lugares do Pa\u00eds e do mundo. Para facilitar essa conex\u00e3o, a se\u00e7\u00e3o <a href=\"https:\/\/diversidadenarua.cc\/rede\/\">Rede<\/a> foi repensada a fim de fornecer informa\u00e7\u00f5es mais completas sobre o usu\u00e1rio, como profiss\u00e3o e localiza\u00e7\u00e3o, o que favorece filtros e facilita novos relacionamentos a partir de necessidades ou interesses em comum.<\/p>\n<p dir=\"ltr\">As ferramentas de acessibilidade da plataforma tamb\u00e9m foram aperfei\u00e7oadas com recursos como o aumento ou diminui\u00e7\u00e3o do texto e o tradutor de Libras. A maior novidade \u00e9 o alto contraste, que possibilita trocar a cor do fundo e das fontes do site, provocando o contraste necess\u00e1rio para quem tem vis\u00e3o reduzida. A ideia da Mercur \u00e9 garantir a todos a melhor possibilidade de acesso \u00e0s informa\u00e7\u00f5es.<\/p>\n<h2 class=\"second-header-editor\" dir=\"ltr\">Institui\u00e7\u00f5es Amigas<\/h2>\n<p>Em um primeiro momento, os recursos criados foram vendidos apenas pela <a href=\"https:\/\/loja.mercur.com.br\/\">Loja Mercur<\/a> e nos encontros presenciais. Durante a caminhada do projeto, percebeu-se que as pessoas precisam experimentar os recursos antes de adquiri-los, de prefer\u00eancia junto a um profissional especializado. A partir desta constata\u00e7\u00e3o, foi constru\u00eddo com a rede um novo modelo de acesso, chamado de <a href=\"https:\/\/diversidadenarua.cc\/rede\/instituicoes-amigas\/\">Institui\u00e7\u00f5es Amigas<\/a>.<\/p>\n<p dir=\"ltr\">\u201cA Institui\u00e7\u00e3o Amiga \u00e9 uma entidade ou empresa que tem como prop\u00f3sito ampliar o acesso \u00e0 Tecnologia Assistiva para quem precisa. Nestes locais tamb\u00e9m se promove experimenta\u00e7\u00e3o facilitada por terapeutas ocupacionais, fisioterapeutas ou rede de apoio. Assim \u00e9 poss\u00edvel disponibilizar o recurso mais adequado para atender \u00e0s necessidades das pessoas com defici\u00eancia e\/ou baixa mobilidade, idosos e seus familiares\u201d, explica Silda Santos, uma das coordenadoras do Projeto. Ela relata tamb\u00e9m que o Diversidade na Rua possui uma rede fiel e conectada a todos os pontos do projeto e que por isso a remodela\u00e7\u00e3o do site vai favorecer ainda mais relacionamentos que querem construir a mudan\u00e7a no mundo da inclus\u00e3o.<\/p>\n<h2 class=\"second-header-editor\" dir=\"ltr\">O Diversidade na Rua<\/h2>\n<p dir=\"ltr\">Desde que come\u00e7ou a repensar seu papel enquanto ind\u00fastria, a Mercur passou a buscar formas de entender as reais necessidades das pessoas e a disponibilizar seu conhecimento e estrutura para oferecer acesso a servi\u00e7os que tenham significado para todos. Hoje, a partir do projeto Diversidade na Rua, faz isto por meio da cria\u00e7\u00e3o de recursos de Tecnologia Assistiva e de servi\u00e7os e sistemas, de uma maneira colaborativa. Com base em Santa Cruz do Sul, onde a Mercur est\u00e1, o projeto circula pelo Rio Grande do Sul e tamb\u00e9m j\u00e1 esteve em Belo Horizonte e no Rio de Janeiro realizando oficinas de cocria\u00e7\u00e3o e legitima\u00e7\u00e3o de recursos de Tecnologia Assistiva com terapeutas ocupacionais, fisioterapeutas, estudantes de diversas \u00e1reas, pessoas com defici\u00eancia ou em reabilita\u00e7\u00e3o e seus familiares.<\/p>\n","protected":false},"excerpt":{"rendered":"<p>Iniciativa da Mercur re\u00fane pessoas e entidades interessadas em promover acessibilidade e inclus\u00e3o por meio da cria\u00e7\u00e3o de recursos de Tecnologia Assistiva.<\/p>\n","protected":false},"author":2,"featured_media":0,"comment_status":"open","ping_status":"open","sticky":false,"template":"","format":"standard","meta":{"site-container-style":"default","site-container-layout":"default","site-sidebar-layout":"default","disable-article-header":"default","disable-site-header":"default","disable-site-footer":"default","disable-content-area-spacing":"default","footnotes":""},"categories":[54,10],"tags":[],"class_list":["post-31060","post","type-post","status-publish","format-standard","hentry","category-blogs-e-webs","category-publicacoes"],"yoast_head":"<!-- This site is optimized with the Yoast SEO plugin v27.5 - https:\/\/yoast.com\/product\/yoast-seo-wordpress\/ -->\n<title>Projeto Diversidade na Rua apresenta novo site -<\/title>\n<meta name=\"robots\" content=\"index, follow, max-snippet:-1, max-image-preview:large, max-video-preview:-1\" \/>\n<link rel=\"canonical\" href=\"https:\/\/inclusivenews.com.br\/?p=31060\" \/>\n<meta property=\"og:locale\" content=\"pt_PT\" \/>\n<meta property=\"og:type\" content=\"article\" \/>\n<meta property=\"og:title\" content=\"Projeto Diversidade na Rua apresenta novo site -\" \/>\n<meta property=\"og:description\" content=\"Iniciativa da Mercur re\u00fane pessoas e entidades interessadas em promover acessibilidade e inclus\u00e3o por meio da cria\u00e7\u00e3o de recursos de Tecnologia Assistiva.\" \/>\n<meta property=\"og:url\" content=\"https:\/\/inclusivenews.com.br\/?p=31060\" \/>\n<meta property=\"article:publisher\" content=\"https:\/\/www.facebook.com\/agenciainclusive\/\" \/>\n<meta property=\"article:published_time\" content=\"2018-08-02T14:26:42+00:00\" \/>\n<meta property=\"og:image\" content=\"http:\/\/www.mercur.com.br\/plugins\/thumb\/phpThumb.php?src=\/galeria\/8987162795b4627e66d5b5.jpg\" \/>\n<meta name=\"author\" content=\"Inclusive\" \/>\n<meta name=\"twitter:card\" content=\"summary_large_image\" \/>\n<meta name=\"twitter:label1\" content=\"Escrito por\" \/>\n\t<meta name=\"twitter:data1\" content=\"Inclusive\" \/>\n\t<meta name=\"twitter:label2\" content=\"Tempo estimado de leitura\" \/>\n\t<meta name=\"twitter:data2\" content=\"3 minutos\" \/>\n<script type=\"application\/ld+json\" class=\"yoast-schema-graph\">{\"@context\":\"https:\\\/\\\/schema.org\",\"@graph\":[{\"@type\":\"Article\",\"@id\":\"https:\\\/\\\/inclusivenews.com.br\\\/?p=31060#article\",\"isPartOf\":{\"@id\":\"https:\\\/\\\/inclusivenews.com.br\\\/?p=31060\"},\"author\":{\"name\":\"Inclusive\",\"@id\":\"https:\\\/\\\/inclusivenews.com.br\\\/#\\\/schema\\\/person\\\/0dab492019871b94abb65fa8ee7c8c44\"},\"headline\":\"Projeto Diversidade na Rua apresenta novo site\",\"datePublished\":\"2018-08-02T14:26:42+00:00\",\"mainEntityOfPage\":{\"@id\":\"https:\\\/\\\/inclusivenews.com.br\\\/?p=31060\"},\"wordCount\":691,\"commentCount\":0,\"publisher\":{\"@id\":\"https:\\\/\\\/inclusivenews.com.br\\\/#organization\"},\"image\":{\"@id\":\"https:\\\/\\\/inclusivenews.com.br\\\/?p=31060#primaryimage\"},\"thumbnailUrl\":\"http:\\\/\\\/www.mercur.com.br\\\/plugins\\\/thumb\\\/phpThumb.php?src=\\\/galeria\\\/8987162795b4627e66d5b5.jpg\",\"articleSection\":[\"Blogs e Webs\",\"PUBLICA\u00c7\u00d5ES\"],\"inLanguage\":\"pt-PT\",\"potentialAction\":[{\"@type\":\"CommentAction\",\"name\":\"Comment\",\"target\":[\"https:\\\/\\\/inclusivenews.com.br\\\/?p=31060#respond\"]}]},{\"@type\":\"WebPage\",\"@id\":\"https:\\\/\\\/inclusivenews.com.br\\\/?p=31060\",\"url\":\"https:\\\/\\\/inclusivenews.com.br\\\/?p=31060\",\"name\":\"Projeto Diversidade na Rua apresenta novo site -\",\"isPartOf\":{\"@id\":\"https:\\\/\\\/inclusivenews.com.br\\\/#website\"},\"primaryImageOfPage\":{\"@id\":\"https:\\\/\\\/inclusivenews.com.br\\\/?p=31060#primaryimage\"},\"image\":{\"@id\":\"https:\\\/\\\/inclusivenews.com.br\\\/?p=31060#primaryimage\"},\"thumbnailUrl\":\"http:\\\/\\\/www.mercur.com.br\\\/plugins\\\/thumb\\\/phpThumb.php?src=\\\/galeria\\\/8987162795b4627e66d5b5.jpg\",\"datePublished\":\"2018-08-02T14:26:42+00:00\",\"breadcrumb\":{\"@id\":\"https:\\\/\\\/inclusivenews.com.br\\\/?p=31060#breadcrumb\"},\"inLanguage\":\"pt-PT\",\"potentialAction\":[{\"@type\":\"ReadAction\",\"target\":[\"https:\\\/\\\/inclusivenews.com.br\\\/?p=31060\"]}]},{\"@type\":\"ImageObject\",\"inLanguage\":\"pt-PT\",\"@id\":\"https:\\\/\\\/inclusivenews.com.br\\\/?p=31060#primaryimage\",\"url\":\"http:\\\/\\\/www.mercur.com.br\\\/plugins\\\/thumb\\\/phpThumb.php?src=\\\/galeria\\\/8987162795b4627e66d5b5.jpg\",\"contentUrl\":\"http:\\\/\\\/www.mercur.com.br\\\/plugins\\\/thumb\\\/phpThumb.php?src=\\\/galeria\\\/8987162795b4627e66d5b5.jpg\"},{\"@type\":\"BreadcrumbList\",\"@id\":\"https:\\\/\\\/inclusivenews.com.br\\\/?p=31060#breadcrumb\",\"itemListElement\":[{\"@type\":\"ListItem\",\"position\":1,\"name\":\"In\u00edcio\",\"item\":\"https:\\\/\\\/inclusivenews.com.br\\\/\"},{\"@type\":\"ListItem\",\"position\":2,\"name\":\"Projeto Diversidade na Rua apresenta novo site\"}]},{\"@type\":\"WebSite\",\"@id\":\"https:\\\/\\\/inclusivenews.com.br\\\/#website\",\"url\":\"https:\\\/\\\/inclusivenews.com.br\\\/\",\"name\":\"Inclusive News\",\"description\":\"Inclusive News\",\"publisher\":{\"@id\":\"https:\\\/\\\/inclusivenews.com.br\\\/#organization\"},\"potentialAction\":[{\"@type\":\"SearchAction\",\"target\":{\"@type\":\"EntryPoint\",\"urlTemplate\":\"https:\\\/\\\/inclusivenews.com.br\\\/?s={search_term_string}\"},\"query-input\":{\"@type\":\"PropertyValueSpecification\",\"valueRequired\":true,\"valueName\":\"search_term_string\"}}],\"inLanguage\":\"pt-PT\"},{\"@type\":\"Organization\",\"@id\":\"https:\\\/\\\/inclusivenews.com.br\\\/#organization\",\"name\":\"Inclusive - inclus\u00e3o e cidadania\",\"url\":\"https:\\\/\\\/inclusivenews.com.br\\\/\",\"logo\":{\"@type\":\"ImageObject\",\"inLanguage\":\"pt-PT\",\"@id\":\"https:\\\/\\\/inclusivenews.com.br\\\/#\\\/schema\\\/logo\\\/image\\\/\",\"url\":\"https:\\\/\\\/inclusivenews.com.br\\\/wp-content\\\/uploads\\\/2024\\\/03\\\/@grandesite.png\",\"contentUrl\":\"https:\\\/\\\/inclusivenews.com.br\\\/wp-content\\\/uploads\\\/2024\\\/03\\\/@grandesite.png\",\"width\":1080,\"height\":1080,\"caption\":\"Inclusive - inclus\u00e3o e cidadania\"},\"image\":{\"@id\":\"https:\\\/\\\/inclusivenews.com.br\\\/#\\\/schema\\\/logo\\\/image\\\/\"},\"sameAs\":[\"https:\\\/\\\/www.facebook.com\\\/agenciainclusive\\\/\",\"https:\\\/\\\/www.instagram.com\\\/newsinclusive\\\/\"]},{\"@type\":\"Person\",\"@id\":\"https:\\\/\\\/inclusivenews.com.br\\\/#\\\/schema\\\/person\\\/0dab492019871b94abb65fa8ee7c8c44\",\"name\":\"Inclusive\",\"image\":{\"@type\":\"ImageObject\",\"inLanguage\":\"pt-PT\",\"@id\":\"https:\\\/\\\/secure.gravatar.com\\\/avatar\\\/?s=96&d=mm&r=g\",\"url\":\"https:\\\/\\\/secure.gravatar.com\\\/avatar\\\/?s=96&d=mm&r=g\",\"contentUrl\":\"https:\\\/\\\/secure.gravatar.com\\\/avatar\\\/?s=96&d=mm&r=g\",\"caption\":\"Inclusive\"},\"url\":\"https:\\\/\\\/inclusivenews.com.br\\\/?author=2\"}]}<\/script>\n<!-- \/ Yoast SEO plugin. -->","yoast_head_json":{"title":"Projeto Diversidade na Rua apresenta novo site -","robots":{"index":"index","follow":"follow","max-snippet":"max-snippet:-1","max-image-preview":"max-image-preview:large","max-video-preview":"max-video-preview:-1"},"canonical":"https:\/\/inclusivenews.com.br\/?p=31060","og_locale":"pt_PT","og_type":"article","og_title":"Projeto Diversidade na Rua apresenta novo site -","og_description":"Iniciativa da Mercur re\u00fane pessoas e entidades interessadas em promover acessibilidade e inclus\u00e3o por meio da cria\u00e7\u00e3o de recursos de Tecnologia Assistiva.","og_url":"https:\/\/inclusivenews.com.br\/?p=31060","article_publisher":"https:\/\/www.facebook.com\/agenciainclusive\/","article_published_time":"2018-08-02T14:26:42+00:00","og_image":[{"url":"http:\/\/www.mercur.com.br\/plugins\/thumb\/phpThumb.php?src=\/galeria\/8987162795b4627e66d5b5.jpg","type":"","width":"","height":""}],"author":"Inclusive","twitter_card":"summary_large_image","twitter_misc":{"Escrito por":"Inclusive","Tempo estimado de leitura":"3 minutos"},"schema":{"@context":"https:\/\/schema.org","@graph":[{"@type":"Article","@id":"https:\/\/inclusivenews.com.br\/?p=31060#article","isPartOf":{"@id":"https:\/\/inclusivenews.com.br\/?p=31060"},"author":{"name":"Inclusive","@id":"https:\/\/inclusivenews.com.br\/#\/schema\/person\/0dab492019871b94abb65fa8ee7c8c44"},"headline":"Projeto Diversidade na Rua apresenta novo site","datePublished":"2018-08-02T14:26:42+00:00","mainEntityOfPage":{"@id":"https:\/\/inclusivenews.com.br\/?p=31060"},"wordCount":691,"commentCount":0,"publisher":{"@id":"https:\/\/inclusivenews.com.br\/#organization"},"image":{"@id":"https:\/\/inclusivenews.com.br\/?p=31060#primaryimage"},"thumbnailUrl":"http:\/\/www.mercur.com.br\/plugins\/thumb\/phpThumb.php?src=\/galeria\/8987162795b4627e66d5b5.jpg","articleSection":["Blogs e Webs","PUBLICA\u00c7\u00d5ES"],"inLanguage":"pt-PT","potentialAction":[{"@type":"CommentAction","name":"Comment","target":["https:\/\/inclusivenews.com.br\/?p=31060#respond"]}]},{"@type":"WebPage","@id":"https:\/\/inclusivenews.com.br\/?p=31060","url":"https:\/\/inclusivenews.com.br\/?p=31060","name":"Projeto Diversidade na Rua apresenta novo site -","isPartOf":{"@id":"https:\/\/inclusivenews.com.br\/#website"},"primaryImageOfPage":{"@id":"https:\/\/inclusivenews.com.br\/?p=31060#primaryimage"},"image":{"@id":"https:\/\/inclusivenews.com.br\/?p=31060#primaryimage"},"thumbnailUrl":"http:\/\/www.mercur.com.br\/plugins\/thumb\/phpThumb.php?src=\/galeria\/8987162795b4627e66d5b5.jpg","datePublished":"2018-08-02T14:26:42+00:00","breadcrumb":{"@id":"https:\/\/inclusivenews.com.br\/?p=31060#breadcrumb"},"inLanguage":"pt-PT","potentialAction":[{"@type":"ReadAction","target":["https:\/\/inclusivenews.com.br\/?p=31060"]}]},{"@type":"ImageObject","inLanguage":"pt-PT","@id":"https:\/\/inclusivenews.com.br\/?p=31060#primaryimage","url":"http:\/\/www.mercur.com.br\/plugins\/thumb\/phpThumb.php?src=\/galeria\/8987162795b4627e66d5b5.jpg","contentUrl":"http:\/\/www.mercur.com.br\/plugins\/thumb\/phpThumb.php?src=\/galeria\/8987162795b4627e66d5b5.jpg"},{"@type":"BreadcrumbList","@id":"https:\/\/inclusivenews.com.br\/?p=31060#breadcrumb","itemListElement":[{"@type":"ListItem","position":1,"name":"In\u00edcio","item":"https:\/\/inclusivenews.com.br\/"},{"@type":"ListItem","position":2,"name":"Projeto Diversidade na Rua apresenta novo site"}]},{"@type":"WebSite","@id":"https:\/\/inclusivenews.com.br\/#website","url":"https:\/\/inclusivenews.com.br\/","name":"Inclusive News","description":"Inclusive News","publisher":{"@id":"https:\/\/inclusivenews.com.br\/#organization"},"potentialAction":[{"@type":"SearchAction","target":{"@type":"EntryPoint","urlTemplate":"https:\/\/inclusivenews.com.br\/?s={search_term_string}"},"query-input":{"@type":"PropertyValueSpecification","valueRequired":true,"valueName":"search_term_string"}}],"inLanguage":"pt-PT"},{"@type":"Organization","@id":"https:\/\/inclusivenews.com.br\/#organization","name":"Inclusive - inclus\u00e3o e cidadania","url":"https:\/\/inclusivenews.com.br\/","logo":{"@type":"ImageObject","inLanguage":"pt-PT","@id":"https:\/\/inclusivenews.com.br\/#\/schema\/logo\/image\/","url":"https:\/\/inclusivenews.com.br\/wp-content\/uploads\/2024\/03\/@grandesite.png","contentUrl":"https:\/\/inclusivenews.com.br\/wp-content\/uploads\/2024\/03\/@grandesite.png","width":1080,"height":1080,"caption":"Inclusive - inclus\u00e3o e cidadania"},"image":{"@id":"https:\/\/inclusivenews.com.br\/#\/schema\/logo\/image\/"},"sameAs":["https:\/\/www.facebook.com\/agenciainclusive\/","https:\/\/www.instagram.com\/newsinclusive\/"]},{"@type":"Person","@id":"https:\/\/inclusivenews.com.br\/#\/schema\/person\/0dab492019871b94abb65fa8ee7c8c44","name":"Inclusive","image":{"@type":"ImageObject","inLanguage":"pt-PT","@id":"https:\/\/secure.gravatar.com\/avatar\/?s=96&d=mm&r=g","url":"https:\/\/secure.gravatar.com\/avatar\/?s=96&d=mm&r=g","contentUrl":"https:\/\/secure.gravatar.com\/avatar\/?s=96&d=mm&r=g","caption":"Inclusive"},"url":"https:\/\/inclusivenews.com.br\/?author=2"}]}},"_links":{"self":[{"href":"https:\/\/inclusivenews.com.br\/index.php?rest_route=\/wp\/v2\/posts\/31060","targetHints":{"allow":["GET"]}}],"collection":[{"href":"https:\/\/inclusivenews.com.br\/index.php?rest_route=\/wp\/v2\/posts"}],"about":[{"href":"https:\/\/inclusivenews.com.br\/index.php?rest_route=\/wp\/v2\/types\/post"}],"author":[{"embeddable":true,"href":"https:\/\/inclusivenews.com.br\/index.php?rest_route=\/wp\/v2\/users\/2"}],"replies":[{"embeddable":true,"href":"https:\/\/inclusivenews.com.br\/index.php?rest_route=%2Fwp%2Fv2%2Fcomments&post=31060"}],"version-history":[{"count":0,"href":"https:\/\/inclusivenews.com.br\/index.php?rest_route=\/wp\/v2\/posts\/31060\/revisions"}],"wp:attachment":[{"href":"https:\/\/inclusivenews.com.br\/index.php?rest_route=%2Fwp%2Fv2%2Fmedia&parent=31060"}],"wp:term":[{"taxonomy":"category","embeddable":true,"href":"https:\/\/inclusivenews.com.br\/index.php?rest_route=%2Fwp%2Fv2%2Fcategories&post=31060"},{"taxonomy":"post_tag","embeddable":true,"href":"https:\/\/inclusivenews.com.br\/index.php?rest_route=%2Fwp%2Fv2%2Ftags&post=31060"}],"curies":[{"name":"wp","href":"https:\/\/api.w.org\/{rel}","templated":true}]}}