{"id":31133,"date":"2018-08-31T11:05:48","date_gmt":"2018-08-31T14:05:48","guid":{"rendered":"http:\/\/www.inclusive.org.br\/?p=31133"},"modified":"2018-08-31T11:05:48","modified_gmt":"2018-08-31T14:05:48","slug":"propostas-aos-candidatos-para-inclusao-das-pessoas-com-deficiencia","status":"publish","type":"post","link":"https:\/\/inclusivenews.com.br\/?p=31133","title":{"rendered":"Propostas aos candidatos para inclus\u00e3o das pessoas com defici\u00eancia"},"content":{"rendered":"<p style=\"text-align: center;\"><a href=\"http:\/\/www.inclusive.org.br\/novacapa2\"><img loading=\"lazy\" decoding=\"async\" class=\"alignnone size-full wp-image-31157\" src=\"http:\/\/inclusivenews.com.br\/wp-content\/uploads\/novacapa2.jpg\" alt=\"novacapa2\" width=\"657\" height=\"367\" \/><\/a><\/p>\n<p style=\"text-align: left;\">Em 20\/8\/2018, a Inclusive &#8211; Inclus\u00e3o e Cidadania publicou uma <a href=\"http:\/\/www.inclusive.org.br\/arquivos\/31083\">an\u00e1lise sobre os programas dos candidatos \u00e0 presid\u00eancia<\/a>\u00a0na \u00e1rea da defici\u00eancia. Alarmados pela falta total ou inadequa\u00e7\u00e3o de propostas, e pelo assunto ainda n\u00e3o ter vindo \u00e0 toma em debates e entrevistas, nossos colaboradores destacaram\u00a0algumas \u00e1reas priorit\u00e1rias\u00a0a ser abordadas para subsidiar o debate e nortear as propostas de candidatos a presidente, governador, senador, deputado federal, estadual e distrital.<\/p>\n<p style=\"text-align: left;\">Este documento est\u00e1 aberto a sugest\u00f5es, que dever\u00e3o ser feitas no espa\u00e7o para coment\u00e1rio.<\/p>\n<p style=\"text-align: left;\">Esperamos contribuir com nosso conhecimento e nossa experi\u00eancia para a elabora\u00e7\u00e3o de pol\u00edticas p\u00fablicas voltadas para as pessoas com defici\u00eancia, que totalizam quase 1\/4 dos brasileiros, a maior das minorias.<\/p>\n<p style=\"text-align: left;\"><em>Colaboradores da Inclusive &#8211; Inclus\u00e3o e Cidadania.<\/em><\/p>\n<p style=\"text-align: center;\">_________________________________________________<\/p>\n<p style=\"text-align: center;\"><b>Propostas para Candidatos \u00e0s Elei\u00e7\u00f5es 2018<br \/>\n<\/b><b>Direitos das Pessoas com Defici\u00eancia<br \/>\n<\/b><b>Inclusive \u2013 Inclus\u00e3o e Cidadania<\/b><\/p>\n<ol>\n<li><span style=\"font-weight: 400;\"> \u00a0\u00a0\u00a0<\/span><b>Vis\u00e3o sobre o papel da sociedade civil<\/b><\/li>\n<\/ol>\n<p><span style=\"font-weight: 400;\">Muitas vezes, a sociedade civil espera demais das institui\u00e7\u00f5es governamentais, dos conselhos e das associa\u00e7\u00f5es tradicionais de assist\u00eancia. Esse \u00e9 um dos maiores erros que o movimento social vem sistematicamente cometendo. A imobiliza\u00e7\u00e3o e a frustra\u00e7\u00e3o acontecem e contribuem para a fragmenta\u00e7\u00e3o do movimento, o que faz aumentar a falta de resposta adequada e tempestiva \u00e0s quest\u00f5es cr\u00f4nicas de viola\u00e7\u00e3o dos direitos.<\/span><\/p>\n<p><span style=\"font-weight: 400;\">O despreparo, tanto cognitivo como de articula\u00e7\u00e3o, leva \u00e0 falta de rea\u00e7\u00e3o frente ao risco real e potencial que amea\u00e7a as pol\u00edticas e programas obtidos ap\u00f3s muitas lutas. Al\u00e9m de perdas, a desarticula\u00e7\u00e3o acaba impedindo a formula\u00e7\u00e3o de novas propostas, al\u00e9m de diminuir a capacidade de press\u00e3o e de reconhecimento como interlocutores que nos cabe.<\/span><\/p>\n<p><b>O que temos a propor?<\/b><\/p>\n<p><span style=\"font-weight: 400;\">Nenhum governo substitui a atua\u00e7\u00e3o livre e consciente da sociedade. Por melhor que seja a lideran\u00e7a colocada em uma posi\u00e7\u00e3o de tomada de decis\u00e3o, ela ainda sofrer\u00e1 press\u00e3o e, em muitas ocasi\u00f5es, se encontrar\u00e1 sozinha para enfrentar grupos de interesse contr\u00e1rios \u00e0 igualdade de oportunidades. A capacidade indutiva do Estado tem limites legais e a fragilidade de sua interlocu\u00e7\u00e3o social apenas faz ampliar-se em momentos de crise.<\/span><\/p>\n<p><span style=\"font-weight: 400;\">A iniciativa de apresentar propostas para os candidatos \u00e0s Elei\u00e7\u00f5es de 2018 com foco nos direitos das pessoas com defici\u00eancia (sem descuidar do cen\u00e1rio geral do desenvolvimento sustent\u00e1vel), tem o objetivo de destarcar as necessidades mais urgentes desta popula\u00e7\u00e3o, fazer pensar, debater, formular e propor iniciativas para a garantir os direitos, a inclus\u00e3o e a participa\u00e7\u00e3o social de milh\u00f5es de pessoas ainda longe da cidadania.<\/span><\/p>\n<p><span style=\"font-weight: 400;\">Convidamos todos os candidatos a presidente, governador, senador, deputado federal, estadual e distrital a considerarem esta proposta de di\u00e1logo construtivo apresentada por membros da sociedade civil colaboradores da Inclusive &#8211; Inclus\u00e3o e Cidadania.<\/span><\/p>\n<p><span style=\"font-weight: 400;\">Da mesma maneira, democraticamente, convidamos todo o movimento das pessoas com defici\u00eancia a contribuir com suas pr\u00f3prias sugest\u00f5es na caixa de coment\u00e1rios e em outros meios onde este texto se encontre publicado. Apenas pedimos que este espa\u00e7o n\u00e3o seja utilizado com o objetivo de fazer propaganda (positiva ou negativa) de candidatos ou partidos, uma vez que este \u00e9 um documento apartid\u00e1rio, formulado com o prop\u00f3sito de identificar as dificuldades enfrentadas pelo conjunto de cidad\u00e3os com defici\u00eancia e embasar proposi\u00e7\u00f5es de qualquer candidato ou gestor para melhorar a qualidade de vida e o exerc\u00edcio da plena cidadania desta popula\u00e7\u00e3o.<\/span><\/p>\n<p>&nbsp;<\/p>\n<ol start=\"2\">\n<li><b>Breve Hist\u00f3rico<\/b><\/li>\n<\/ol>\n<p><b>a) Conven\u00e7\u00e3o da ONU, Lei Brasileira de Inclus\u00e3o, e demais leis.<\/b><\/p>\n<p><span style=\"font-weight: 400;\">O Brasil possui uma legisla\u00e7\u00e3o robusta para a garantia dos direitos das pessoas com defici\u00eancia. Participou da elabora\u00e7\u00e3o, foi signat\u00e1rio e ratificou no pa\u00eds a Conven\u00e7\u00e3o da ONU sobre os Direitos das Pessoas com Defici\u00eancia (CRPD), o primeiro tratado internacional aprovado como norma constitucional no pa\u00eds (<\/span><a href=\"http:\/\/legislacao.planalto.gov.br\/legisla\/legislacao.nsf\/Viw_Identificacao\/DEC%206.949-2009?OpenDocument\"><b>Decreto n\u00ba 6.949\/2009).<\/b><\/a><span style=\"font-weight: 400;\"> Discutiu de forma igualit\u00e1ria, acess\u00edvel e democr\u00e1tica, a Lei Brasileira de Inclus\u00e3o (<\/span><a href=\"http:\/\/legislacao.planalto.gov.br\/legisla\/legislacao.nsf\/Viw_Identificacao\/lei%2013.146-2015?OpenDocument\"><b>Lei n\u00ba 13.146\/2015<\/b><\/a><span style=\"font-weight: 400;\">), que aprofunda v\u00e1rios pontos da CRPD, entre muitas outras leis e normativas que garantem direitos e benef\u00edcios.<\/span><\/p>\n<p><span style=\"font-weight: 400;\">Mais info &#8211; Legisla\u00e7\u00e3o relativa \u00e0 defici\u00eancia, em formatos acess\u00edveis:<\/span><a href=\"http:\/\/www.pcdlegal.com.br\/\"> <span style=\"font-weight: 400;\">http:\/\/www.pcdlegal.com.br\/<\/span><\/a><\/p>\n<p>&nbsp;<\/p>\n<p><b>b) Comit\u00ea da ONU e Agenda 2030 do Desenvolvimento Sustent\u00e1vel<\/b><\/p>\n<p><span style=\"font-weight: 400;\">Em agosto de 2015, o Brasil passou por uma revis\u00e3o do Comit\u00ea da ONU sobre os Direitos das Pessoas com Defici\u00eancia, que avaliou o cumprimento da Conven\u00e7\u00e3o no pa\u00eds. O governo brasileiro apresentou um relat\u00f3rio com os avan\u00e7os na implementa\u00e7\u00e3o do tratado e a sociedade civil submeteu sua avalia\u00e7\u00e3o da situa\u00e7\u00e3o no pa\u00eds.<\/span><\/p>\n<p><span style=\"font-weight: 400;\">Ap\u00f3s tr\u00eas anos, apenas a ratifica\u00e7\u00e3o do Tratado de Marrakech foi realizada e poucas das recomenda\u00e7\u00f5es feitas pela ONU foram abordadas.<\/span><\/p>\n<p><span style=\"font-weight: 400;\">Estes compromissos visam ainda dar cumprimento aos objetivos do desenvolvimento sustent\u00e1vel da Agenda 2030 da ONU, onde as pessoas com defici\u00eancia foram especificamente citadas em pontos como educa\u00e7\u00e3o, trabalho, desigualdade, habita\u00e7\u00e3o e desenvolvimento sustent\u00e1vel.<\/span><\/p>\n<p><span style=\"font-weight: 400;\">Mais info &#8211; Recomenda\u00e7\u00f5es do Comit\u00ea da ONU:<\/span><a href=\"http:\/\/www.inclusive.org.br\/arquivos\/28378\"> <span style=\"font-weight: 400;\">http:\/\/www.inclusive.org.br\/arquivos\/28378<\/span><\/a><\/p>\n<p><span style=\"font-weight: 400;\">Men\u00e7\u00f5es a pessoas com defici\u00eancia na Agenda 2030 da ONU:<\/span><a href=\"http:\/\/www.inclusive.org.br\/arquivos\/28541\"> <span style=\"font-weight: 400;\">http:\/\/www.inclusive.org.br\/arquivos\/28541<\/span><\/a><\/p>\n<p>&nbsp;<\/p>\n<p><b>c) Perfil demogr\u00e1fico da popula\u00e7\u00e3o com defici\u00eancia<\/b><\/p>\n<p><span style=\"font-weight: 400;\">De acordo com o Censo 2010, 45.623.910 de pessoas apresentam pelo menos uma defici\u00eancia, o que representa 23,9% da popula\u00e7\u00e3o, isto \u00e9, quase um quarto dos brasileiros. Desse total, 12.749.663, ou 6,7% da popula\u00e7\u00e3o, declararam ter \u201ctotal\u201d ou \u201cgrande\u201d dificuldade para ouvir, enxergar e\/ou andar, al\u00e9m daqueles com defici\u00eancia intelectual; e 32.857.385, ou 17,2%, afirmaram ter \u201calguma\u201d dificuldade para ouvir, enxergar e\/ou andar, nos termos do question\u00e1rio do IBGE (Instituto Brasileiro de Geografia e Estat\u00edstica).<\/span><\/p>\n<p><span style=\"font-weight: 400;\">Mais info \u2013<\/span><a href=\"https:\/\/agenciadenoticias.ibge.gov.br\/agencia-noticias\/2012-agencia-de-noticias\/noticias\/16794-pessoas-com-deficiencia-adaptando-espacos-e-atitudes.html\"> <span style=\"font-weight: 400;\">https:\/\/agenciadenoticias.ibge.gov.br\/agencia-noticias\/2012-agencia-de-noticias\/noticias\/16794-pessoas-com-deficiencia-adaptando-espacos-e-atitudes.html<\/span><\/a><\/p>\n<p>&nbsp;<\/p>\n<p><b>d) Principais pol\u00edticas p\u00fablicas dirigidas a essa popula\u00e7\u00e3o:<\/b><\/p>\n<p><span style=\"font-weight: 400;\">&#8211; \u00a0\u00a0\u00a0\u00a0\u00a0\u00a0<\/span><b>BPC &#8211; Benef\u00edcio de Presta\u00e7\u00e3o Continuada<\/b><span style=\"font-weight: 400;\"> (tamb\u00e9m conhecido como LOAS), que destina um sal\u00e1rio m\u00ednimo a fam\u00edlias de pessoas com defici\u00eancia (com renda per capita inferior a \u00bc do sal\u00e1rio m\u00ednimo).<\/span><\/p>\n<p><i><span style=\"font-weight: 400;\">Coment\u00e1rio: O programa \u00e9 o \u00fanico sustento de in\u00fameras fam\u00edlias, sendo que o custo de ter uma defici\u00eancia \u00e9 pelo menos quatro vezes maior do que n\u00e3o t\u00ea-la. A demanda para que a base de c\u00e1lculo para fazer jus ao benef\u00edcio seja ampliada para \u00bd sal\u00e1rio \u00e9 uma reivindica\u00e7\u00e3o antiga e constante do movimento<\/span><\/i><span style=\"font-weight: 400;\">.<\/span><\/p>\n<p><span style=\"font-weight: 400;\">&#8211; \u00a0\u00a0\u00a0\u00a0\u00a0\u00a0<\/span><b>Educa\u00e7\u00e3o inclusiva <\/b><span style=\"font-weight: 400;\">&#8211; Desde a implanta\u00e7\u00e3o da Pol\u00edtica Nacional de Educa\u00e7\u00e3o Especial na Perspectiva da Educa\u00e7\u00e3o Inclusiva (PNPI &#8211; MEC, 2008) houve aumento de 82% nas matr\u00edculas em salas regulares de alunos com defici\u00eancia; cotas para pessoas com defici\u00eancia nas universidades e institutos federais foram institu\u00eddas em 2018 e o n\u00famero de estudantes no ensino superior vem crescendo.<\/span><\/p>\n<p><i><span style=\"font-weight: 400;\">Coment\u00e1rio: Muitas escolas e universidades ainda n\u00e3o s\u00e3o acess\u00edveis, o apoio aos estudantes com defici\u00eancia precisa ser estendido, professores devem ser capacitados, a qualidade da educa\u00e7\u00e3o avaliada e monitorada e a inclus\u00e3o de alunos em escolas regulares ampliada, conforme a legisla\u00e7\u00e3o vigente, sem retrocesso \u00e0 segrega\u00e7\u00e3o em escolas e classes especiais.<\/span><\/i><\/p>\n<p><span style=\"font-weight: 400;\">&#8211; \u00a0\u00a0\u00a0\u00a0\u00a0\u00a0<\/span><b>Lei de Cotas no trabalho <\/b><span style=\"font-weight: 400;\">&#8211; Companhias com mais de 100 empregados devem ter de 2% a 5% de seu quadro de funcion\u00e1rios composto por pessoas com defici\u00eancia. O percentual de vagas passou de 37,58%, em 2013, para 49,84%, em 2016. Reserva de vaga em concursos p\u00fablicos (5 a 20%). (Rela\u00e7\u00e3o Anual de Informa\u00e7\u00f5es Sociais &#8211; RAIS)<\/span><\/p>\n<p><i><span style=\"font-weight: 400;\">Coment\u00e1rio: Ainda s\u00e3o poucas as pessoas com defici\u00eancia que conseguem sua inser\u00e7\u00e3o no mercado de trabalho, muitas em fun\u00e7\u00f5es aqu\u00e9m de sua forma\u00e7\u00e3o. Por outro lado, v\u00e1rias empresas reclamam que n\u00e3o cumprem a cota pois n\u00e3o haveria funcion\u00e1rios capacitados. \u00c9 necess\u00e1rio maior capacita\u00e7\u00e3o e fiscaliza\u00e7\u00e3o do cumprimento das cotas.<\/span><\/i><\/p>\n<p><strong>&#8211; \u00a0\u00a0\u00a0\u00a0\u00a0\u00a0Outras pol\u00edticas e benef\u00edcios:<\/strong><\/p>\n<ul>\n<li><span style=\"font-weight: 400;\">Atendimento preferencial;<\/span><\/li>\n<li><span style=\"font-weight: 400;\">Transporte gratuito (municipal e interestadual);<\/span><\/li>\n<li><span style=\"font-weight: 400;\">Isen\u00e7\u00e3o de IPVA, ICMS, IPI e IOF na compra de autom\u00f3vel;<\/span><\/li>\n<li><span style=\"font-weight: 400;\">Financiamento pelo Banco do Brasil para aquisi\u00e7\u00e3o de tecnologia assistiva;<\/span><\/li>\n<li><span style=\"font-weight: 400;\">Prioridade no programas Minha Casa, Minha Vida, entre outros.<\/span><\/li>\n<\/ul>\n<p>&nbsp;<\/p>\n<ol start=\"3\">\n<li><span style=\"font-weight: 400;\"> \u00a0\u00a0\u00a0<\/span><b>Temas priorit\u00e1rios<\/b><\/li>\n<\/ol>\n<p><b>a) \u00a0 \u00a0 \u00a0 \u00a0 \u00a0 Desinstitucionaliza\u00e7\u00e3o (resid\u00eancia inclusiva, moradia independente e ado\u00e7\u00e3o).<\/b><\/p>\n<p><span style=\"font-weight: 400;\">Apontada como priorit\u00e1ria entre as recomenda\u00e7\u00f5es feitas ao Brasil pelo Comit\u00ea da ONU dos Direitos das Pessoas com Defici\u00eancia, a desinstitucionaliza\u00e7\u00e3o de crian\u00e7as, jovens e adultos com defici\u00eancia foi tema de relat\u00f3rio da organiza\u00e7\u00e3o Human Rights Watch realizado em 2017\/2018 no pa\u00eds. Com o t\u00edtulo \u201cEles ficam at\u00e9 morrer\u201d, o documento conclui que \u201cmuitas pessoas com defici\u00eancia vivem em institui\u00e7\u00f5es de acolhimento por longos per\u00edodos, muitas vezes a vida toda. Nessas institui\u00e7\u00f5es, crian\u00e7as e adultos com defici\u00eancia podem enfrentar isolamento, neglig\u00eancia, restri\u00e7\u00f5es f\u00edsicas, tratamento m\u00e9dico n\u00e3o consentido, tratamento desumano e educa\u00e7\u00e3o inadequada.\u201d<\/span><\/p>\n<p><span style=\"font-weight: 400;\">O relat\u00f3rio da HRW apresenta, ao final, uma s\u00e9rie de recomenda\u00e7\u00f5es ao pa\u00eds, inclusive a institui\u00e7\u00e3o de um plano e cronograma para dar fim \u00e0 institucionaliza\u00e7\u00e3o de crian\u00e7as e adultos; desenvolver servi\u00e7os na comunidade para pessoas com defici\u00eancia e fam\u00edlias de crian\u00e7as com defici\u00eancia, realocando os gastos; revitalizar programas para que as pessoas com defici\u00eancia vivam de forma independente em suas comunidades e para que crian\u00e7as com defici\u00eancias cres\u00e7am com suas fam\u00edlias em casa; rever e expandir o programa de resid\u00eancias inclusivas; e promover programas de ado\u00e7\u00e3o, fam\u00edlias acolhedoras e apadrinhamento de crian\u00e7as e jovens com defici\u00eancia.<\/span><\/p>\n<p><span style=\"font-weight: 400;\">Mais info &#8211; \u201cEles ficam at\u00e9 morrer\u201d &#8211; \u00cdntegra do relat\u00f3rio da Human Rights Watch sobre pessoas com defici\u00eancia institucionalizadas no Brasil:<\/span><a href=\"https:\/\/www.hrw.org\/pt\/report\/2018\/05\/23\/318044\"> <span style=\"font-weight: 400;\">https:\/\/www.hrw.org\/pt\/report\/2018\/05\/23\/318044<\/span><\/a><span style=\"font-weight: 400;\"> |<\/span><\/p>\n<p><span style=\"font-weight: 400;\">Moradias independentes com apoio individualizado para pessoas com defici\u00eancia intelectual \u2013 Flavia Poppe<\/span><\/p>\n<p><a href=\"http:\/\/revista.ibict.br\/inclusao\/article\/view\/4033\"><span style=\"font-weight: 400;\">http:\/\/revista.ibict.br\/inclusao\/article\/view\/4033<\/span><\/a><\/p>\n<p><span style=\"font-weight: 400;\">Ado\u00e7\u00f5es Necess\u00e1rias:<\/span><a href=\"http:\/\/www.adocoesnecessarias.org\/\"> <span style=\"font-weight: 400;\">www.adocoesnecessarias.org<\/span><\/a><\/p>\n<p>&nbsp;<\/p>\n<p><b>b) Viol\u00eancia e acesso \u00e0 justi\u00e7a<\/b><\/p>\n<p><span style=\"font-weight: 400;\">Pensamos que \u00e9 urgente que seja desenvolvida uma pol\u00edtica emergencial e transversal espec\u00edfica para combater os altos n\u00fameros de viol\u00eancia e abuso contra pessoas com defici\u00eancia, especialmente contra mulheres e meninas com defici\u00eancia.<\/span><\/p>\n<p><span style=\"font-weight: 400;\">As meninas e mulheres com defici\u00eancia est\u00e3o muito mais vulner\u00e1veis \u00e0 viol\u00eancia sexual e outras formas de abuso porque s\u00e3o mais indefesas em decorr\u00eancia da pr\u00f3pria defici\u00eancia, e porque o agressor fica mais \u00e0 vontade, na certeza de que n\u00e3o ser\u00e1 denunciado. Muitas das v\u00edtimas s\u00e3o pessoas que n\u00e3o se comunicam, por vezes nem sabem que est\u00e3o sofrendo viol\u00eancia, ou que, em caso de den\u00fancia (no caso remoto de ter chance de se expressar), seus relatos s\u00e3o colocados em d\u00favida. N\u00e3o raro o agressor \u00e9 uma pessoa de seu conv\u00edvio, e\/ou da qual depende, o que torna a situa\u00e7\u00e3o de viol\u00eancia e a impossibilidade de se fazer algo sobre ela, ainda mais perversa.<\/span><\/p>\n<p><span style=\"font-weight: 400;\">A falta de acessibilidade na informa\u00e7\u00e3o, apresenta\u00e7\u00e3o de den\u00fancia, investiga\u00e7\u00e3o e julgamento de crimes contra pessoas com defici\u00eancia ou envolvendo pessoas com defici\u00eancia \u00e9 not\u00f3ria. Medidas preventivas como educa\u00e7\u00e3o sexual, delegacias especializadas ou\/e forma\u00e7\u00e3o de agentes de pol\u00edcia e justi\u00e7a precisam ser tomadas. A acessibilidade comunicacional para dar voz \u00e0 pessoa com defici\u00eancia \u00e9 fundamental e inclui oferta de Braille, Libras, legenda, audiodescri\u00e7\u00e3o de imagens, comunica\u00e7\u00e3o alternativa aumentativa (CAA &#8211; ver mais adiante) ou outros m\u00e9todos que garantam a livre express\u00e3o do indiv\u00edduo, com facilitadores isentos e capacitados que apoiem a pessoa com defici\u00eancia em todo processo. Se um familiar ou cuidador que esteja implicado na viol\u00eancia servir como int\u00e9rprete, por exemplo, a v\u00edtima ficar\u00e1 constrangida ou o int\u00e9rprete poder\u00e1 mudar a vers\u00e3o dos fatos para beneficiar o agressor.<\/span><\/p>\n<p><span style=\"font-weight: 400;\">Mais info &#8211; Recomenda\u00e7\u00f5es do Comit\u00ea da ONU sobre o assunto:<\/span><a href=\"http:\/\/www.inclusive.org.br\/arquivos\/28378\"> <span style=\"font-weight: 400;\">http:\/\/www.inclusive.org.br\/arquivos\/28378<\/span><\/a><\/p>\n<p><span style=\"font-weight: 400;\">Artigo &#8211; Da viol\u00eancia sexual contra mulheres com defici\u00eancia: legisla\u00e7\u00e3o e acessibilidades &#8211; Deborah Prates:<\/span><\/p>\n<p><a href=\"http:\/\/justificando.cartacapital.com.br\/2017\/12\/08\/da-violencia-sexual-contra-mulheres-com-deficiencia-legislacao-e-acessibilidades\/\"><span style=\"font-weight: 400;\">http:\/\/justificando.cartacapital.com.br\/2017\/12\/08\/da-violencia-sexual-contra-mulheres-com-deficiencia-legislacao-e-acessibilidades\/<\/span><\/a><\/p>\n<p>&nbsp;<\/p>\n<p><b>c) Acessibilidade<\/b><\/p>\n<p><span style=\"font-weight: 400;\">Liberdade de ir e vir, e de se comunicar s\u00e3o direitos humanos b\u00e1sicos, frequentemente negados \u00e0s pessoas com defici\u00eancia. Leis n\u00e3o faltam. H\u00e1 anos que todos os servi\u00e7os abertos \u00e0 popula\u00e7\u00e3o, sejam p\u00fablicos ou privados (lojas, hot\u00e9is, teatros, cinemas, restaurantes escolas, academias, hospitais, bancos, correios, parques, etc) e os meios de transporte devem ser acess\u00edveis a todos, sob pena de serem processados criminalmente por discrimina\u00e7\u00e3o, de acordo com a LBI. Mesmo assim, sabe-se que a implementa\u00e7\u00e3o e fiscaliza\u00e7\u00e3o \u00e9 falha em todas regi\u00f5es do pa\u00eds, embora n\u00e3o haja estat\u00edsticas atualizadas sobre a situa\u00e7\u00e3o.<\/span><\/p>\n<p><span style=\"font-weight: 400;\">O acesso \u00e0 comunica\u00e7\u00e3o ainda \u00e9 mais prec\u00e1rio. Pessoas surdas raramente recebem atendimento em Libras e\/ou legenda, cegos enfrentam informa\u00e7\u00f5es escritas em papel e sites que n\u00e3o conseguem acessar, pessoas com defici\u00eancia intelectual e neurodiversas, que deveriam ter acesso \u00e0 comunica\u00e7\u00e3o alternativa e aumentativa (CAA &#8211; ver item abaixo) sequer s\u00e3o consideradas para receber informa\u00e7\u00f5es e poderem se comunicar em iguais condi\u00e7\u00f5es com os demais, como previsto na Constitui\u00e7\u00e3o.<\/span><\/p>\n<p><span style=\"font-weight: 400;\">Segundo dados do IBGE, apenas 11,7% dos munic\u00edpios do pa\u00eds contam com servi\u00e7o de transporte voltado \u00e0s pessoas com defici\u00eancia ou mobilidade reduzida. Portanto, acreditamos que o estado brasileiro deve priorizar o levantamento de dados e cobrar dos munic\u00edpios planos e metas de efetiva implementa\u00e7\u00e3o da acessibilidade, especialmente no tocante aos servi\u00e7os p\u00fablicos.<\/span><\/p>\n<p><span style=\"font-weight: 400;\">Mais info &#8211; Transportes:<\/span><\/p>\n<p><a href=\"https:\/\/reporterbetoribeiro.com.br\/lei-de-acessibilidade-nao-e-cumprida-no-pais\/\"><span style=\"font-weight: 400;\">https:\/\/reporterbetoribeiro.com.br\/lei-de-acessibilidade-nao-e-cumprida-no-pais\/<\/span><\/a><\/p>\n<p><span style=\"font-weight: 400;\">Sites:<\/span><a href=\"http:\/\/mwpt.com.br\/falta-de-acessibilidade-nos-sites-e-tema-de-acao-do-ministerio-publico-federal\/\"> <span style=\"font-weight: 400;\">http:\/\/mwpt.com.br\/falta-de-acessibilidade-nos-sites-e-tema-de-acao-do-ministerio-publico-federal\/<\/span><\/a><\/p>\n<p><span style=\"font-weight: 400;\">Acessibilidade nas Cidades do Rio de Janeiro e S\u00e3o Paulo:<\/span><\/p>\n<p><a href=\"https:\/\/jus.com.br\/artigos\/63206\/acessibilidade-nas-cidades-do-rio-de-janeiro-e-sao-paulo\"><span style=\"font-weight: 400;\">https:\/\/jus.com.br\/artigos\/63206\/acessibilidade-nas-cidades-do-rio-de-janeiro-e-sao-paulo<\/span><\/a><\/p>\n<p>&nbsp;<\/p>\n<p><b>d) Comunica\u00e7\u00e3o Alternativa e Aumentativa (CAA)<\/b><\/p>\n<p><span style=\"font-weight: 400;\">Uma \u00e1rea que tem se desenvolvido rapidamente no exterior com as novas tecnologias, mas ainda \u00e9 t\u00edmida no Brasil, \u00e9 a da Comunica\u00e7\u00e3o Alternativa e Aumentativa (CAA), que permite que pessoas que n\u00e3o falam ou que t\u00eam dificuldade para se expressar oralmente possam faz\u00ea-lo. Estas pessoas formam um dos grupos mais vulner\u00e1veis \u00e0 viol\u00eancia e abusos de todo tipo.<\/span><\/p>\n<p><span style=\"font-weight: 400;\">Atrav\u00e9s de imagens (PECS &#8211; Picture Exchange Communication System &#8211; sistema de comunica\u00e7\u00e3o por troca de figuras), t\u00e1buas de comunica\u00e7\u00e3o, programas de computador, aplicativos para tablet ou celular, entre outras formas de facilita\u00e7\u00e3o da comunica\u00e7\u00e3o, indiv\u00edduos que antes n\u00e3o falavam t\u00eam conseguido se comunicar em todo o mundo. Autistas, pessoas com s\u00edndrome de Down, pessoas que tiveram acidentes vasculares ou idosos com a fala afetada, entre muitos outros, est\u00e3o ganhando voz a partir de sistemas pouco custosos e f\u00e1ceis de usar em celulares e tablets, por exemplo.<\/span><\/p>\n<p><span style=\"font-weight: 400;\">No Brasil, raros profissionais t\u00eam conhecimento destas t\u00e9cnicas. Pior, v\u00e1rios acham que a comunica\u00e7\u00e3o alternativa n\u00e3o deve ser usada porque desestimula aqueles que t\u00eam alguma condi\u00e7\u00e3o de falar a se expressarem oralmente, quando esta no\u00e7\u00e3o j\u00e1 foi descartada em in\u00fameros estudos que demonstram justamente o contr\u00e1rio.<\/span><\/p>\n<p><span style=\"font-weight: 400;\">Ainda n\u00e3o existe um aplicativo em portugu\u00eas do Brasil a um custo acess\u00edvel, enquanto h\u00e1 in\u00fameras op\u00e7\u00f5es em ingl\u00eas e outras l\u00ednguas. Em raz\u00e3o disto, entendemos necess\u00e1rio priorizar a pesquisa, a capacita\u00e7\u00e3o de profissionais e a divulga\u00e7\u00e3o de sistemas que poder\u00e3o auxiliar as pessoas com defici\u00eancia mais vulner\u00e1veis a interagir na fam\u00edlia, na escola, no acesso \u00e0 justi\u00e7a e em todos os aspectos da vida civil.<\/span><\/p>\n<p><span style=\"font-weight: 400;\">Mais info &#8211;<\/span><\/p>\n<p><span style=\"font-weight: 400;\"><a href=\"http:\/\/www.assistiva.com.br\/\">http:\/\/www.assistiva.com.br\/<\/a><\/span><\/p>\n<p><a href=\"http:\/\/autismolinguagemecomunicacao.blogspot.com\/\"><span style=\"font-weight: 400;\">http:\/\/autismolinguagemecomunicacao.blogspot.com\/<\/span><\/a><\/p>\n<p><a href=\"https:\/\/lagartavirapupa.com.br\/comunicacao-alternativa-recursos-implementacao-um-resumo\/\"><span style=\"font-weight: 400;\">https:\/\/lagartavirapupa.com.br\/comunicacao-alternativa-recursos-implementacao-um-resumo\/<\/span><\/a><\/p>\n<p>&nbsp;<\/p>\n<p><b>e) Sa\u00fade<\/b><\/p>\n<p><span style=\"font-weight: 400;\">Al\u00e9m de consistir um direito indispon\u00edvel e dever do estado, sabe-se que o atendimento de sa\u00fade prec\u00e1rio n\u00e3o \u00e9 restrito \u00e0s pessoas com defici\u00eancia. No entanto estas s\u00e3o, dentre os usu\u00e1rios do sistema de sa\u00fade, das que mais padecem pela qualidade de atendimento.<\/span><\/p>\n<p><span style=\"font-weight: 400;\">Algumas demandas recorrentes, entre muitas outras, s\u00e3o:<\/span><\/p>\n<ul>\n<li><span style=\"font-weight: 400;\">falta de acessibilidade nos servi\u00e7os de sa\u00fade (barreiras f\u00edsicas, de comunica\u00e7\u00e3o e atitudinais);<\/span><\/li>\n<li><span style=\"font-weight: 400;\">falta de hospitais de m\u00e9dia e alta complexidade nas regi\u00f5es Norte e Nordeste;<\/span><\/li>\n<li><span style=\"font-weight: 400;\">falta de oferta de cadeira de rodas e oficinas para dispensa\u00e7\u00e3o de \u00f3rteses e pr\u00f3teses e qualifica\u00e7\u00e3o t\u00e9cnica de profissionais;<\/span><\/li>\n<li><span style=\"font-weight: 400;\">tempo de espera nas filas para terapias (como fisioterapia, fonoaudiologia, terapia ocupacional, etc.) no SUS e conveniados que seja pr\u00f3ximo ao local de moradia;<\/span><\/li>\n<li><span style=\"font-weight: 400;\">inclus\u00e3o de crian\u00e7as com s\u00edndrome de Down, s\u00edndrome de Zika ou outras condi\u00e7\u00f5es que acarretem imunodefici\u00eancia, independente de cardiopatia, prematuridade ou doen\u00e7a pulmonar cr\u00f4nica no protocolo de uso da Palivizumabe que foi aprovado pela Portaria n. 522, de 13 de maio de 2013;<\/span><\/li>\n<li><span style=\"font-weight: 400;\">libera\u00e7\u00e3o de subst\u00e2ncias como o Canabidiol e outros medicamentos aguardando autoriza\u00e7\u00e3o da Anvisa que poderiam ter efeito imediato na melhorar a vida de pessoas com diferentes tipos de defici\u00eancia;<\/span><\/li>\n<li><span style=\"font-weight: 400;\">dificuldade para realizar exames laboratoriais e consultas com especialistas (como otorrinolaringologia, oftalmologia, odontologia, etc.);<\/span><\/li>\n<li><span style=\"font-weight: 400;\">direito \u00e0 urg\u00eancia da realiza\u00e7\u00e3o do exames gen\u00e9ticos e outros (demandados para acessar alguns direitos da pessoa com defici\u00eancia); informa\u00e7\u00f5es precisas e acess\u00edveis de onde s\u00e3o os locais espec\u00edficos para vacina\u00e7\u00e3o adicional;<\/span><\/li>\n<li><span style=\"font-weight: 400;\">notifica\u00e7\u00e3o compuls\u00f3ria de condi\u00e7\u00f5es gen\u00e9ticas e outras quest\u00f5es de sa\u00fade, hoje subnotificadas, na DNV (Declara\u00e7\u00e3o de Nascido Vivo) que alimenta a base de dados do Sistema de Informa\u00e7\u00f5es sobre Nascidos Vivos (Sinasc);<\/span><\/li>\n<li><span style=\"font-weight: 400;\">fornecimento de leites especiais e fraldas;<\/span><\/li>\n<li><span style=\"font-weight: 400;\">oferta de cuidadores para o atendimento e apoio \u00e0s pessoas com defici\u00eancia;<\/span><\/li>\n<li><span style=\"font-weight: 400;\">baixa qualifica\u00e7\u00e3o dos profissionais da aten\u00e7\u00e3o prim\u00e1ria \u00e0 sa\u00fade para as demandas dos usu\u00e1rios com alguma defici\u00eancia entre muitas outras;<\/span><\/li>\n<li><span style=\"font-weight: 400;\">\u00a0&#8220;algo como um pois vejo que as fam\u00edlias ficam perdidas no sentido de o que fazer no momento da not\u00edcia&#8221;;<\/span><\/li>\n<li><span style=\"font-weight: 400;\">ressarcimento do IR ampliado; e<\/span><\/li>\n<li><span style=\"font-weight: 400;\">planos de sa\u00fade discriminat\u00f3rios (cobertura reduzida, tend\u00eancia a cobran\u00e7a diferenciada ilegal, dificuldades para realiza\u00e7\u00e3o de cirurgias etc, e necessidade de reduzir a frequ\u00eancia e volume da presta\u00e7\u00e3o de contas (relat\u00f3rios por parte dos profissionais e encaminhamentos m\u00e9dicos). Isto afasta as fam\u00edlias de seus direitos ao ressarcimento ou de seu direito e dever de trabalhar).<\/span><\/li>\n<\/ul>\n<p><span style=\"font-weight: 400;\">Mais info &#8211; Avan\u00e7os e desafios na aten\u00e7\u00e3o \u00e0 sa\u00fade de pessoas com defici\u00eancia na aten\u00e7\u00e3o prim\u00e1ria no Brasil: uma vis\u00e3o integrativa.<\/span><\/p>\n<p><a href=\"http:\/\/www2.ifrn.edu.br\/ojs\/index.php\/HOLOS\/article\/download\/5775\/pdf\"><span style=\"font-weight: 400;\">http:\/\/www2.ifrn.edu.br\/ojs\/index.php\/HOLOS\/article\/download\/5775\/pdf<\/span><\/a><span style=\"font-weight: 400;\">.<\/span><\/p>\n<p>&nbsp;<\/p>\n<p><b>f) Educa\u00e7\u00e3o<\/b><\/p>\n<p><span style=\"font-weight: 400;\">O n\u00famero dos estudantes com defici\u00eancia na rede regular de ensino subiu de 44 mil em 1998 para 900 mil em 2018, uma das mais exitosas pol\u00edticas de inclus\u00e3o brasileiras, reconhecida, inclusive, a n\u00edvel internacional. Entretanto, entre os anos de 2009 e 2017, o percentual de matr\u00edculas de estudantes com defici\u00eancia na rede regular cresceu, sem o devido aumento percentual de matr\u00edculas no atendimento educacional especializado (AEE) &#8211; apenas 37,6% de matr\u00edculas, em 2017. E pior: o MEC constatou que apenas 5% dos professores da Educa\u00e7\u00e3o B\u00e1sica possuem forma\u00e7\u00e3o continuada em Educa\u00e7\u00e3o Especial. Al\u00e9m disso, apenas 26% das escolas p\u00fablicas s\u00e3o de fato acess\u00edveis, \u00e9 urgente instituir-se sistema de avalia\u00e7\u00e3o de progress\u00e3o dos estudantes com defici\u00eancia, e devem ser tomadas medidas contra a evas\u00e3o escolar.<\/span><\/p>\n<p><span style=\"font-weight: 400;\">Sem a adequa\u00e7\u00e3o de oferta de AEE ao aumento do n\u00famero de matr\u00edculas na rede regular, o processo de inclus\u00e3o parece ineficaz, quando, na verdade, \u00e9 a pol\u00edtica p\u00fablica que tem sido a causa da inefic\u00e1cia por n\u00e3o observar as estrat\u00e9gias necess\u00e1rias. Sem a capacita\u00e7\u00e3o de professores, a inclus\u00e3o ser\u00e1 culpada quando, na verdade, foi parcialmente empreendida.<\/span><\/p>\n<p><span style=\"font-weight: 400;\">Nesse ponto, o MEC n\u00e3o s\u00f3 tem deixado de investir na amplia\u00e7\u00e3o da capacita\u00e7\u00e3o de docentes, como anunciou a revis\u00e3o da pol\u00edtica na perspectiva da educa\u00e7\u00e3o inclusiva sem uma discuss\u00e3o profunda com todos os envolvidos. Sobre este fato, a Procuradoria Federal dos Direitos do Cidad\u00e3o do Minist\u00e9rio P\u00fablico Federal recomendou que o Minist\u00e9rio n\u00e3o altere a PNEEPEI e mantenha a pol\u00edtica em conformidade com os par\u00e2metros constitucionais e legais.<\/span><\/p>\n<p><span style=\"font-weight: 400;\">\u00c9 urgente um debate ampliado com a participa\u00e7\u00e3o de representantes de toda esfera do sistema escolar, inclusive professores regentes e de AEE, especialistas em educa\u00e7\u00e3o, assim como de alunos com defici\u00eancia, seus familiares e organiza\u00e7\u00f5es representativas para identifica\u00e7\u00e3o de melhores pr\u00e1ticas e reestrutura\u00e7\u00e3o da pol\u00edtica.<\/span><\/p>\n<p><span style=\"font-weight: 400;\">Ainda neste ano, Portugal acaba de dar um passo, por vontade de seu governo, em abranger todos os alunos e n\u00e3o apenas os que tenham algum tipo de defici\u00eancia ou dificuldade de aprendizagem. Baseado em \u201cabordagem multin\u00edvel para a identifica\u00e7\u00e3o de medidas de acesso ao curr\u00edculo e \u00e0s aprendizagens\u201d, os crit\u00e9rios cl\u00ednicos deixam assim de ter a preponder\u00e2ncia.<\/span><\/p>\n<p><span style=\"font-weight: 400;\">O documento portugu\u00eas orienta \u201ca necessidade de cada escola reconhecer a mais-valia da diversidade dos seus alunos, encontrando formas de lidar com essa diferen\u00e7a, adequando os processos de ensino \u00e0s caracter\u00edsticas e condi\u00e7\u00f5es individuais de cada aluno, mobilizando os meios de que disp\u00f5e para que todos aprendam e participem na vida da comunidade educativa.\u201d<\/span><\/p>\n<p><span style=\"font-weight: 400;\">Assim como outros estudos comparados que buscam as melhores formas para a consolida\u00e7\u00e3o do direito \u00e0 educa\u00e7\u00e3o inclusiva, pensamos na relev\u00e2ncia de que o Brasil integre efetivamente f\u00f3runs e espa\u00e7os internacionais de onde boas pr\u00e1ticas possam ser colhidas no sentido de qualificar o direito indispon\u00edvel \u00e0 educa\u00e7\u00e3o p\u00fablica de qualidade.<\/span><\/p>\n<p><span style=\"font-weight: 400;\">Mais info &#8211; Lei de Educa\u00e7\u00e3o Inclusiva Portuguesa (2018):<\/span><a href=\"http:\/\/www.inclusive.org.br\/arquivos\/31122\"> <span style=\"font-weight: 400;\">http:\/\/www.inclusive.org.br\/arquivos\/31122<\/span><\/a><\/p>\n<p><span style=\"font-weight: 400;\">Manual de Apoio \u00e0 Pr\u00e1tica &#8211; Educa\u00e7\u00e3o Inclusiva:<\/span><a href=\"http:\/\/www.dge.mec.pt\/publicacoes-da-dseeas\"> <span style=\"font-weight: 400;\">http:\/\/www.dge.mec.pt\/publicacoes-da-dseeas<\/span><\/a><\/p>\n<p><span style=\"font-weight: 400;\">Fogo amigo na inclus\u00e3o de estudantes com defici\u00eancia:<\/span><a href=\"http:\/\/www.cartaeducacao.com.br\/artigo\/fogo-amigo-na-inclusao-de-estudantes-com-deficiencia\/\"> <span style=\"font-weight: 400;\">http:\/\/www.cartaeducacao.com.br\/artigo\/fogo-amigo-na-inclusao-de-estudantes-com-deficiencia\/<\/span><\/a><\/p>\n<p><span style=\"font-weight: 400;\">Apenas 26% das escolas s\u00e3o acess\u00edveis:<\/span><a href=\"https:\/\/gestaoescolar.org.br\/conteudo\/1851\/apenas-26-das-escolas-publicas-sao-acessiveis-aos-portadores-de-deficiencia\"> <span style=\"font-weight: 400;\">https:\/\/gestaoescolar.org.br\/conteudo\/1851\/apenas-26-das-escolas-publicas-sao-acessiveis-aos-portadores-de-deficiencia<\/span><\/a><\/p>\n<p>&nbsp;<\/p>\n<p><b>g) Trabalho<\/b><\/p>\n<p><span style=\"font-weight: 400;\">A liberaliza\u00e7\u00e3o da terceiriza\u00e7\u00e3o para as \u201catividades-fim\u201d e outras modifica\u00e7\u00f5es introduzidas pela Reforma Trabalhista, prejudicaram os trabalhadores com defici\u00eancia. Dada a sua condi\u00e7\u00e3o prec\u00e1ria e ainda restrita de inser\u00e7\u00e3o, este contingente populacional corre risco de se encontrar numa situa\u00e7\u00e3o ainda mais vulner\u00e1vel nos pr\u00f3ximos anos.<\/span><\/p>\n<p><span style=\"font-weight: 400;\">Os dados da Rela\u00e7\u00e3o Anual de Informa\u00e7\u00f5es Sociais \u2013 RAIS, mostram uma participa\u00e7\u00e3o limitada, embora crescente em termos absolutos, e uma din\u00e2mica de evolu\u00e7\u00e3o que parece estar descolada ou \u201cprotegida\u201d dos per\u00edodos de crise econ\u00f4mica gra\u00e7as \u00e0 \u00a0\u201cLei de Cotas\u201d (Art. 93 da Lei n\u00ba 8.213\/1991) \u2013 que determina \u00e0s empresas com mais de 100 funcion\u00e1rios a obrigatoriedade de contrata\u00e7\u00e3o de pessoas com defici\u00eancia, de 2% at\u00e9 5% do seu quadro de empregados formais, independentemente do ciclo econ\u00f4mico.<\/span><\/p>\n<p><span style=\"font-weight: 400;\">Na nova legisla\u00e7\u00e3o trabalhista existem \u201cbrechas\u201d para a diminui\u00e7\u00e3o do n\u00famero total de trabalhadores com defici\u00eancia que as empresas devem contratar e, nas negocia\u00e7\u00f5es coletivas de trabalho, permitem termos que, se aplicados na pr\u00e1tica, \u201cflexibilizam\u201d as cotas e os impactos sobre o uso, jornada e remunera\u00e7\u00e3o para a perman\u00eancia dos que est\u00e3o empregados como aptos para contrata\u00e7\u00e3o.<\/span><\/p>\n<p><span style=\"font-weight: 400;\">A terceiriza\u00e7\u00e3o, em realidade, pode at\u00e9 diminuir o n\u00famero total de vagas que esta a\u00e7\u00e3o afirmativa reserva aos trabalhadores com defici\u00eancia. Se as grandes empresas \u2013 aquelas que devem cumprir as cotas por contarem com 100 ou mais empregados \u2013 adotarem uma pol\u00edtica significativa de terceiriza\u00e7\u00e3o, elas podem se ver total ou parcialmente desobrigadas a cumprir os percentuais previstos em Lei, dependendo do n\u00famero de empregos diretos que \u201csobreviviam\u201d \u00e0 terceiriza\u00e7\u00e3o.<\/span><\/p>\n<p><span style=\"font-weight: 400;\">E mesmo que as vagas sejam transferidas \u00e0s terceirizadas, corre-se o risco de precariza\u00e7\u00e3o no trabalho daquelas pessoas com defici\u00eancia que sejam assim contratadas. O trabalho intermitente, previsto na Reforma Trabalhista, pode ser usado como instrumento de empresas que meramente queiram cumprir as cotas.<\/span><\/p>\n<p><span style=\"font-weight: 400;\">Ao colocar pessoas com defici\u00eancia nessa condi\u00e7\u00e3o, pode-se perpetuar um quadro de trabalho raro e eventual, sem que haja qualquer engajamento de fato do trabalhador com defici\u00eancia na empresa, configurando-se uma inclus\u00e3o laboral \u201cfict\u00edcia\u201d.<\/span><\/p>\n<p><span style=\"font-weight: 400;\">Ademais, a mesma pessoa pode ser usada para cumprir a cota de mais de uma empresa (comportamento n\u00e3o desej\u00e1vel, mas que pode se justificar do ponto de vista das necessidades individuais de trabalho).<\/span><\/p>\n<p><span style=\"font-weight: 400;\">Mais info &#8211; Potenciais impactos das mudan\u00e7as recentes da legisla\u00e7\u00e3o trabalhista no emprego formal das pessoas com defici\u00eancia.<\/span><\/p>\n<p><a href=\"http:\/\/www.cesit.net.br\/potenciais-impactos-das-mudancas-recentes-da-legislacao-trabalhista-no-emprego-formal-das-pessoas-com-deficiencia\/\"><span style=\"font-weight: 400;\">http:\/\/www.cesit.net.br\/potenciais-impactos-das-mudancas-recentes-da-legislacao-trabalhista-no-emprego-formal-das-pessoas-com-deficiencia\/<\/span><\/a><\/p>\n<ol start=\"4\">\n<li><span style=\"font-weight: 400;\"> \u00a0\u00a0\u00a0<\/span><b>Outras propostas<\/b><\/li>\n<\/ol>\n<p><span style=\"font-weight: 400;\">Al\u00e9m das proposi\u00e7\u00f5es j\u00e1 apresentadas, \u00e9 crucial a ado\u00e7\u00e3o de tr\u00eas medidas norteadoras da pol\u00edtica voltada para a inclus\u00e3o das pessoas com defici\u00eancia:<\/span><\/p>\n<p><b>a) SNPD<\/b><span style=\"font-weight: 400;\"> &#8211; Uma Secretaria Nacional dos Direitos das Pessoas com Defici\u00eancia com poder, or\u00e7amento e recursos humanos suficientes que permitam exercer seu papel de atuar de forma transversal, incluindo a pessoa com defici\u00eancia em todas as pol\u00edticas p\u00fablicas, se ocupe de identificar boas pr\u00e1ticas e elev\u00e1-las a n\u00edvel nacional e atue em estreita colabora\u00e7\u00e3o com o movimento social das pessoas com defici\u00eancia.<\/span><\/p>\n<p><b>b) Observat\u00f3rio<\/b><span style=\"font-weight: 400;\"> &#8211; Um \u00f3rg\u00e3o independente de controle de pol\u00edticas p\u00fablicas voltado para defici\u00eancia, em conformidade com os Princ\u00edpios de Paris, como recomendado pelo Comit\u00ea da ONU, para fiscalizar e orientar as pol\u00edticas p\u00fablicas e viola\u00e7\u00f5es da Conven\u00e7\u00e3o e legisla\u00e7\u00e3o nacional.<\/span><\/p>\n<p><b>c) Estat\u00edsticas<\/b><span style=\"font-weight: 400;\"> &#8211; Dados desagregados por sexo, idade, cor, idade, regi\u00e3o geogr\u00e1fica, come\u00e7ando pelas mulheres e meninas v\u00edtimas de viol\u00eancia. \u00c9 fundamental a coleta de informa\u00e7\u00e3o para que obtenhamos n\u00fameros que ajudem a orientar as a\u00e7\u00f5es. Por exemplo, os dados do Disque 100, de den\u00fancia sobre viola\u00e7\u00f5es de direitos humanos, menciona os n\u00fameros gerais de den\u00fancias sobre pessoas com defici\u00eancia por estado e tipo de viol\u00eancia, mas n\u00e3o inclui o recorte faixa et\u00e1ria, sexo ou cor.<\/span><\/p>\n<p><b>d) Informa\u00e7\u00f5es<\/b><span style=\"font-weight: 400;\"> &#8211; Centro de informa\u00e7\u00f5es central em cada cidade onde a pessoa com defici\u00eancia e\/ou sua fam\u00edlia tenha acesso a todas as informa\u00e7\u00f5es de utilidade atualizadas de maneira simples e acess\u00edvel.<\/span><\/p>\n<p>&nbsp;<\/p>\n<p><span style=\"font-weight: 400;\">Confiamos que o exposto acima contribua para a elabora\u00e7\u00e3o ou reformula\u00e7\u00e3o de pol\u00edticas que sejam inclusivas de todos, e que, fundamentadas nos princ\u00edpios de transpar\u00eancia e moralidade p\u00fablicas indispens\u00e1veis \u00e0 democracia, sejam planejadas com estreita participa\u00e7\u00e3o da sociedade civil, contribuindo para a efetiva inclus\u00e3o e realiza\u00e7\u00e3o dos direitos dos cidad\u00e3os com defici\u00eancia.<\/span><\/p>\n<p><em><span style=\"font-weight: 400;\">Colaboradores da Inclusive &#8211; Inclus\u00e3o e Cidadania<\/span><\/em><\/p>\n<p>&nbsp;<\/p>\n<p>Acesse em PDF &#8211; <a href=\"http:\/\/www.inclusive.org.br\/arquivos\/31133\/final-propostas-para-candidatos-as-eleicoes-2018\" rel=\"attachment wp-att-31139\">Final &#8211; Propostas para Candidatos \u00e0s Elei\u00e7\u00f5es 2018<\/a><\/p>\n<p><span style=\"font-weight: 400;\">Fonte:\u00a0<a href=\"http:\/\/www.inclusive.org.br\/\">www.inclusive.org.br<\/a><\/span><\/p>\n<p>Contato:\u00a0<a href=\"mailto:inclusive@inclusive.org.br\">inclusive@inclusive.org.br<\/a><\/p>\n","protected":false},"excerpt":{"rendered":"<p>Em 20\/8\/2018, a Inclusive &#8211; Inclus\u00e3o e Cidadania publicou uma an\u00e1lise sobre os programas dos candidatos \u00e0 presid\u00eancia\u00a0na \u00e1rea da defici\u00eancia. Alarmados pela falta total ou inadequa\u00e7\u00e3o de propostas, e pelo assunto ainda n\u00e3o ter vindo \u00e0 toma em debates e entrevistas, nossos colaboradores destacaram\u00a0algumas \u00e1reas priorit\u00e1rias\u00a0a ser abordadas para subsidiar o debate e nortear [&hellip;]<\/p>\n","protected":false},"author":2,"featured_media":31157,"comment_status":"open","ping_status":"open","sticky":false,"template":"","format":"standard","meta":{"site-container-style":"default","site-container-layout":"default","site-sidebar-layout":"default","disable-article-header":"default","disable-site-header":"default","disable-site-footer":"default","disable-content-area-spacing":"default","footnotes":""},"categories":[26],"tags":[],"class_list":["post-31133","post","type-post","status-publish","format-standard","has-post-thumbnail","hentry","category-legislacao"],"yoast_head":"<!-- This site is optimized with the Yoast SEO plugin v27.4 - https:\/\/yoast.com\/product\/yoast-seo-wordpress\/ -->\n<title>Propostas aos candidatos para inclus\u00e3o das pessoas com defici\u00eancia -<\/title>\n<meta name=\"robots\" content=\"index, follow, max-snippet:-1, max-image-preview:large, max-video-preview:-1\" \/>\n<link rel=\"canonical\" href=\"https:\/\/inclusivenews.com.br\/?p=31133\" \/>\n<meta property=\"og:locale\" content=\"pt_PT\" \/>\n<meta property=\"og:type\" content=\"article\" \/>\n<meta property=\"og:title\" content=\"Propostas aos candidatos para inclus\u00e3o das pessoas com defici\u00eancia -\" \/>\n<meta property=\"og:description\" content=\"Em 20\/8\/2018, a Inclusive &#8211; Inclus\u00e3o e Cidadania publicou uma an\u00e1lise sobre os programas dos candidatos \u00e0 presid\u00eancia\u00a0na \u00e1rea da defici\u00eancia. Alarmados pela falta total ou inadequa\u00e7\u00e3o de propostas, e pelo assunto ainda n\u00e3o ter vindo \u00e0 toma em debates e entrevistas, nossos colaboradores destacaram\u00a0algumas \u00e1reas priorit\u00e1rias\u00a0a ser abordadas para subsidiar o debate e nortear [&hellip;]\" \/>\n<meta property=\"og:url\" content=\"https:\/\/inclusivenews.com.br\/?p=31133\" \/>\n<meta property=\"article:publisher\" content=\"https:\/\/www.facebook.com\/agenciainclusive\/\" \/>\n<meta property=\"article:published_time\" content=\"2018-08-31T14:05:48+00:00\" \/>\n<meta name=\"author\" content=\"Inclusive\" \/>\n<meta name=\"twitter:card\" content=\"summary_large_image\" \/>\n<meta name=\"twitter:label1\" content=\"Escrito por\" \/>\n\t<meta name=\"twitter:data1\" content=\"Inclusive\" \/>\n\t<meta name=\"twitter:label2\" content=\"Tempo estimado de leitura\" \/>\n\t<meta name=\"twitter:data2\" content=\"23 minutos\" \/>\n<script type=\"application\/ld+json\" class=\"yoast-schema-graph\">{\"@context\":\"https:\\\/\\\/schema.org\",\"@graph\":[{\"@type\":\"Article\",\"@id\":\"https:\\\/\\\/inclusivenews.com.br\\\/?p=31133#article\",\"isPartOf\":{\"@id\":\"https:\\\/\\\/inclusivenews.com.br\\\/?p=31133\"},\"author\":{\"name\":\"Inclusive\",\"@id\":\"https:\\\/\\\/inclusivenews.com.br\\\/#\\\/schema\\\/person\\\/0dab492019871b94abb65fa8ee7c8c44\"},\"headline\":\"Propostas aos candidatos para inclus\u00e3o das pessoas com defici\u00eancia\",\"datePublished\":\"2018-08-31T14:05:48+00:00\",\"mainEntityOfPage\":{\"@id\":\"https:\\\/\\\/inclusivenews.com.br\\\/?p=31133\"},\"wordCount\":4561,\"commentCount\":6,\"publisher\":{\"@id\":\"https:\\\/\\\/inclusivenews.com.br\\\/#organization\"},\"image\":{\"@id\":\"https:\\\/\\\/inclusivenews.com.br\\\/?p=31133#primaryimage\"},\"thumbnailUrl\":\"\",\"articleSection\":[\"Legisla\u00e7\u00e3o ...\"],\"inLanguage\":\"pt-PT\",\"potentialAction\":[{\"@type\":\"CommentAction\",\"name\":\"Comment\",\"target\":[\"https:\\\/\\\/inclusivenews.com.br\\\/?p=31133#respond\"]}]},{\"@type\":\"WebPage\",\"@id\":\"https:\\\/\\\/inclusivenews.com.br\\\/?p=31133\",\"url\":\"https:\\\/\\\/inclusivenews.com.br\\\/?p=31133\",\"name\":\"Propostas aos candidatos para inclus\u00e3o das pessoas com defici\u00eancia -\",\"isPartOf\":{\"@id\":\"https:\\\/\\\/inclusivenews.com.br\\\/#website\"},\"primaryImageOfPage\":{\"@id\":\"https:\\\/\\\/inclusivenews.com.br\\\/?p=31133#primaryimage\"},\"image\":{\"@id\":\"https:\\\/\\\/inclusivenews.com.br\\\/?p=31133#primaryimage\"},\"thumbnailUrl\":\"\",\"datePublished\":\"2018-08-31T14:05:48+00:00\",\"breadcrumb\":{\"@id\":\"https:\\\/\\\/inclusivenews.com.br\\\/?p=31133#breadcrumb\"},\"inLanguage\":\"pt-PT\",\"potentialAction\":[{\"@type\":\"ReadAction\",\"target\":[\"https:\\\/\\\/inclusivenews.com.br\\\/?p=31133\"]}]},{\"@type\":\"ImageObject\",\"inLanguage\":\"pt-PT\",\"@id\":\"https:\\\/\\\/inclusivenews.com.br\\\/?p=31133#primaryimage\",\"url\":\"\",\"contentUrl\":\"\"},{\"@type\":\"BreadcrumbList\",\"@id\":\"https:\\\/\\\/inclusivenews.com.br\\\/?p=31133#breadcrumb\",\"itemListElement\":[{\"@type\":\"ListItem\",\"position\":1,\"name\":\"In\u00edcio\",\"item\":\"https:\\\/\\\/inclusivenews.com.br\\\/\"},{\"@type\":\"ListItem\",\"position\":2,\"name\":\"Propostas aos candidatos para inclus\u00e3o das pessoas com defici\u00eancia\"}]},{\"@type\":\"WebSite\",\"@id\":\"https:\\\/\\\/inclusivenews.com.br\\\/#website\",\"url\":\"https:\\\/\\\/inclusivenews.com.br\\\/\",\"name\":\"Inclusive News\",\"description\":\"Inclusive News\",\"publisher\":{\"@id\":\"https:\\\/\\\/inclusivenews.com.br\\\/#organization\"},\"potentialAction\":[{\"@type\":\"SearchAction\",\"target\":{\"@type\":\"EntryPoint\",\"urlTemplate\":\"https:\\\/\\\/inclusivenews.com.br\\\/?s={search_term_string}\"},\"query-input\":{\"@type\":\"PropertyValueSpecification\",\"valueRequired\":true,\"valueName\":\"search_term_string\"}}],\"inLanguage\":\"pt-PT\"},{\"@type\":\"Organization\",\"@id\":\"https:\\\/\\\/inclusivenews.com.br\\\/#organization\",\"name\":\"Inclusive - inclus\u00e3o e cidadania\",\"url\":\"https:\\\/\\\/inclusivenews.com.br\\\/\",\"logo\":{\"@type\":\"ImageObject\",\"inLanguage\":\"pt-PT\",\"@id\":\"https:\\\/\\\/inclusivenews.com.br\\\/#\\\/schema\\\/logo\\\/image\\\/\",\"url\":\"https:\\\/\\\/inclusivenews.com.br\\\/wp-content\\\/uploads\\\/2024\\\/03\\\/@grandesite.png\",\"contentUrl\":\"https:\\\/\\\/inclusivenews.com.br\\\/wp-content\\\/uploads\\\/2024\\\/03\\\/@grandesite.png\",\"width\":1080,\"height\":1080,\"caption\":\"Inclusive - inclus\u00e3o e cidadania\"},\"image\":{\"@id\":\"https:\\\/\\\/inclusivenews.com.br\\\/#\\\/schema\\\/logo\\\/image\\\/\"},\"sameAs\":[\"https:\\\/\\\/www.facebook.com\\\/agenciainclusive\\\/\",\"https:\\\/\\\/www.instagram.com\\\/newsinclusive\\\/\"]},{\"@type\":\"Person\",\"@id\":\"https:\\\/\\\/inclusivenews.com.br\\\/#\\\/schema\\\/person\\\/0dab492019871b94abb65fa8ee7c8c44\",\"name\":\"Inclusive\",\"image\":{\"@type\":\"ImageObject\",\"inLanguage\":\"pt-PT\",\"@id\":\"https:\\\/\\\/secure.gravatar.com\\\/avatar\\\/?s=96&d=mm&r=g\",\"url\":\"https:\\\/\\\/secure.gravatar.com\\\/avatar\\\/?s=96&d=mm&r=g\",\"contentUrl\":\"https:\\\/\\\/secure.gravatar.com\\\/avatar\\\/?s=96&d=mm&r=g\",\"caption\":\"Inclusive\"},\"url\":\"https:\\\/\\\/inclusivenews.com.br\\\/?author=2\"}]}<\/script>\n<!-- \/ Yoast SEO plugin. -->","yoast_head_json":{"title":"Propostas aos candidatos para inclus\u00e3o das pessoas com defici\u00eancia -","robots":{"index":"index","follow":"follow","max-snippet":"max-snippet:-1","max-image-preview":"max-image-preview:large","max-video-preview":"max-video-preview:-1"},"canonical":"https:\/\/inclusivenews.com.br\/?p=31133","og_locale":"pt_PT","og_type":"article","og_title":"Propostas aos candidatos para inclus\u00e3o das pessoas com defici\u00eancia -","og_description":"Em 20\/8\/2018, a Inclusive &#8211; Inclus\u00e3o e Cidadania publicou uma an\u00e1lise sobre os programas dos candidatos \u00e0 presid\u00eancia\u00a0na \u00e1rea da defici\u00eancia. Alarmados pela falta total ou inadequa\u00e7\u00e3o de propostas, e pelo assunto ainda n\u00e3o ter vindo \u00e0 toma em debates e entrevistas, nossos colaboradores destacaram\u00a0algumas \u00e1reas priorit\u00e1rias\u00a0a ser abordadas para subsidiar o debate e nortear [&hellip;]","og_url":"https:\/\/inclusivenews.com.br\/?p=31133","article_publisher":"https:\/\/www.facebook.com\/agenciainclusive\/","article_published_time":"2018-08-31T14:05:48+00:00","author":"Inclusive","twitter_card":"summary_large_image","twitter_misc":{"Escrito por":"Inclusive","Tempo estimado de leitura":"23 minutos"},"schema":{"@context":"https:\/\/schema.org","@graph":[{"@type":"Article","@id":"https:\/\/inclusivenews.com.br\/?p=31133#article","isPartOf":{"@id":"https:\/\/inclusivenews.com.br\/?p=31133"},"author":{"name":"Inclusive","@id":"https:\/\/inclusivenews.com.br\/#\/schema\/person\/0dab492019871b94abb65fa8ee7c8c44"},"headline":"Propostas aos candidatos para inclus\u00e3o das pessoas com defici\u00eancia","datePublished":"2018-08-31T14:05:48+00:00","mainEntityOfPage":{"@id":"https:\/\/inclusivenews.com.br\/?p=31133"},"wordCount":4561,"commentCount":6,"publisher":{"@id":"https:\/\/inclusivenews.com.br\/#organization"},"image":{"@id":"https:\/\/inclusivenews.com.br\/?p=31133#primaryimage"},"thumbnailUrl":"","articleSection":["Legisla\u00e7\u00e3o ..."],"inLanguage":"pt-PT","potentialAction":[{"@type":"CommentAction","name":"Comment","target":["https:\/\/inclusivenews.com.br\/?p=31133#respond"]}]},{"@type":"WebPage","@id":"https:\/\/inclusivenews.com.br\/?p=31133","url":"https:\/\/inclusivenews.com.br\/?p=31133","name":"Propostas aos candidatos para inclus\u00e3o das pessoas com defici\u00eancia -","isPartOf":{"@id":"https:\/\/inclusivenews.com.br\/#website"},"primaryImageOfPage":{"@id":"https:\/\/inclusivenews.com.br\/?p=31133#primaryimage"},"image":{"@id":"https:\/\/inclusivenews.com.br\/?p=31133#primaryimage"},"thumbnailUrl":"","datePublished":"2018-08-31T14:05:48+00:00","breadcrumb":{"@id":"https:\/\/inclusivenews.com.br\/?p=31133#breadcrumb"},"inLanguage":"pt-PT","potentialAction":[{"@type":"ReadAction","target":["https:\/\/inclusivenews.com.br\/?p=31133"]}]},{"@type":"ImageObject","inLanguage":"pt-PT","@id":"https:\/\/inclusivenews.com.br\/?p=31133#primaryimage","url":"","contentUrl":""},{"@type":"BreadcrumbList","@id":"https:\/\/inclusivenews.com.br\/?p=31133#breadcrumb","itemListElement":[{"@type":"ListItem","position":1,"name":"In\u00edcio","item":"https:\/\/inclusivenews.com.br\/"},{"@type":"ListItem","position":2,"name":"Propostas aos candidatos para inclus\u00e3o das pessoas com defici\u00eancia"}]},{"@type":"WebSite","@id":"https:\/\/inclusivenews.com.br\/#website","url":"https:\/\/inclusivenews.com.br\/","name":"Inclusive News","description":"Inclusive News","publisher":{"@id":"https:\/\/inclusivenews.com.br\/#organization"},"potentialAction":[{"@type":"SearchAction","target":{"@type":"EntryPoint","urlTemplate":"https:\/\/inclusivenews.com.br\/?s={search_term_string}"},"query-input":{"@type":"PropertyValueSpecification","valueRequired":true,"valueName":"search_term_string"}}],"inLanguage":"pt-PT"},{"@type":"Organization","@id":"https:\/\/inclusivenews.com.br\/#organization","name":"Inclusive - inclus\u00e3o e cidadania","url":"https:\/\/inclusivenews.com.br\/","logo":{"@type":"ImageObject","inLanguage":"pt-PT","@id":"https:\/\/inclusivenews.com.br\/#\/schema\/logo\/image\/","url":"https:\/\/inclusivenews.com.br\/wp-content\/uploads\/2024\/03\/@grandesite.png","contentUrl":"https:\/\/inclusivenews.com.br\/wp-content\/uploads\/2024\/03\/@grandesite.png","width":1080,"height":1080,"caption":"Inclusive - inclus\u00e3o e cidadania"},"image":{"@id":"https:\/\/inclusivenews.com.br\/#\/schema\/logo\/image\/"},"sameAs":["https:\/\/www.facebook.com\/agenciainclusive\/","https:\/\/www.instagram.com\/newsinclusive\/"]},{"@type":"Person","@id":"https:\/\/inclusivenews.com.br\/#\/schema\/person\/0dab492019871b94abb65fa8ee7c8c44","name":"Inclusive","image":{"@type":"ImageObject","inLanguage":"pt-PT","@id":"https:\/\/secure.gravatar.com\/avatar\/?s=96&d=mm&r=g","url":"https:\/\/secure.gravatar.com\/avatar\/?s=96&d=mm&r=g","contentUrl":"https:\/\/secure.gravatar.com\/avatar\/?s=96&d=mm&r=g","caption":"Inclusive"},"url":"https:\/\/inclusivenews.com.br\/?author=2"}]}},"_links":{"self":[{"href":"https:\/\/inclusivenews.com.br\/index.php?rest_route=\/wp\/v2\/posts\/31133","targetHints":{"allow":["GET"]}}],"collection":[{"href":"https:\/\/inclusivenews.com.br\/index.php?rest_route=\/wp\/v2\/posts"}],"about":[{"href":"https:\/\/inclusivenews.com.br\/index.php?rest_route=\/wp\/v2\/types\/post"}],"author":[{"embeddable":true,"href":"https:\/\/inclusivenews.com.br\/index.php?rest_route=\/wp\/v2\/users\/2"}],"replies":[{"embeddable":true,"href":"https:\/\/inclusivenews.com.br\/index.php?rest_route=%2Fwp%2Fv2%2Fcomments&post=31133"}],"version-history":[{"count":0,"href":"https:\/\/inclusivenews.com.br\/index.php?rest_route=\/wp\/v2\/posts\/31133\/revisions"}],"wp:featuredmedia":[{"embeddable":true,"href":"https:\/\/inclusivenews.com.br\/index.php?rest_route=\/"}],"wp:attachment":[{"href":"https:\/\/inclusivenews.com.br\/index.php?rest_route=%2Fwp%2Fv2%2Fmedia&parent=31133"}],"wp:term":[{"taxonomy":"category","embeddable":true,"href":"https:\/\/inclusivenews.com.br\/index.php?rest_route=%2Fwp%2Fv2%2Fcategories&post=31133"},{"taxonomy":"post_tag","embeddable":true,"href":"https:\/\/inclusivenews.com.br\/index.php?rest_route=%2Fwp%2Fv2%2Ftags&post=31133"}],"curies":[{"name":"wp","href":"https:\/\/api.w.org\/{rel}","templated":true}]}}