{"id":31173,"date":"2018-09-28T15:39:57","date_gmt":"2018-09-28T18:39:57","guid":{"rendered":"http:\/\/www.inclusive.org.br\/?p=31173"},"modified":"2018-09-28T15:39:57","modified_gmt":"2018-09-28T18:39:57","slug":"porto-alegre-recebe-festival-de-cinema-acessivel-kids-em-outubro","status":"publish","type":"post","link":"https:\/\/inclusivenews.com.br\/?p=31173","title":{"rendered":"Porto Alegre recebe Festival de Cinema Acess\u00edvel Kids em Outubro"},"content":{"rendered":"<p>O Festival de Cinema Acess\u00edvel entrar\u00e1 na sua quarta temporada, em 6 e 10 de outubro (semana da crian\u00e7a), com Divertidamente, e em 10 e 14 de novembro (durante a Feira do Livro), com Frozen. Neste ano, a \u00eanfase ser\u00e1 dada ao p\u00fablico infanto-juvenil, em evento que \u00e9 para toda a fam\u00edlia. Ser\u00e1 o &#8220;Festival de Cinema Acess\u00edvel Kids&#8221;. Os filmes, com LIBRAS, audiodescri\u00e7\u00e3o e legenda descritiva, podem ser vistos por todos, pessoas, com defici\u00eancias auditivas, visuais, cognitivas e intelectuais. Est\u00e1 aberta a capta\u00e7\u00e3o para Meu Malvado Favorito 2, pela Lei Rouanet. O festival \u00e9 uma oportunidade \u00fanica para quem nunca teve a experi\u00eancia de ir ao cinema, e, para quem n\u00e3o tem limita\u00e7\u00f5es auditivas ou visuais, al\u00e9m de eventualmente acompanhar algu\u00e9m que tenha, \u00e9 a chance de viver uma grande experi\u00eancia, de se colocar no lugar do outro, em momento extremamente humano e enriquecedor. As pessoas com defici\u00eancia costumam definir a experi\u00eancia como &#8220;libertadora&#8221;. No caso espec\u00edfico da vers\u00e3o &#8220;kids&#8221;, o evento tem forte cunho educativo ao possibilitar que crian\u00e7as convivam com as diferen\u00e7as e aprendam a respeit\u00e1-las.<\/p>\n<p>O formato pelo qual as tecnologias s\u00e3o inseridas nos filmes \u00e9 pioneiro e \u00fanico: s\u00e3o apresentadas de forma simult\u00e2nea e sem sobreposi\u00e7\u00e3o \u00e0 obra, o que proporciona o conv\u00edvio entre pessoas com e sem defici\u00eancia. Al\u00e9m disso, \u00e9 a primeira mostra de filmes internacionais de sucesso com tem\u00e1tica juvenil e infantil.<\/p>\n<p>As pessoas com algum tipo de defici\u00eancia severa s\u00e3o um quarto da popula\u00e7\u00e3o brasileira, conforme o IBGE.<\/p>\n<p>O festival tem a chancela da Unesco e, por meio da Lei Rouanet, patroc\u00ednio de Banco Renner, Bem Promotora e Grupo DLL.<\/p>\n<p>\u00c9 a segunda etapa do Festival de Cinema Acess\u00edvel Kids. O projeto ser\u00e1 exibido no Santander Cultural, que tem acessibilidade plena, com rampa de acesso e alta qualidade t\u00e9cnica de \u00e1udio e v\u00eddeo.<\/p>\n<p>Para quem quiser conhecer melhor a t\u00e9cnica:<\/p>\n<p>Recorte do filme Mal\u00e9vola com tr\u00eas tecnologias de acessibilidade (audiodescri\u00e7\u00e3o, libras e legendas explicativas)<br \/>\n<iframe loading=\"lazy\" title=\"Recorte do filme Mal\u00e9vola (Audiodescri\u00e7\u00e3o, Legenda explicativa e Janela de libras)\" width=\"500\" height=\"375\" src=\"https:\/\/www.youtube.com\/embed\/WlO6jfOSNpQ?start=1&#038;feature=oembed\" frameborder=\"0\" allow=\"accelerometer; autoplay; clipboard-write; encrypted-media; gyroscope; picture-in-picture; web-share\" referrerpolicy=\"strict-origin-when-cross-origin\" allowfullscreen><\/iframe><br \/>\n<a href=\"http:\/\/http:\/\/desenvolver-rs.com.br\/4476\/educacao\/festival-de-cinema-acessivel-tera-edicao-kids-com-programacao-para-toda-a-familia\/\">http:\/\/http:\/\/desenvolver-rs.com.br\/4476\/educacao\/festival-de-cinema-acessivel-tera-edicao-kids-com-programacao-para-toda-a-familia\/<\/a><\/p>\n<p>L\u00e9o Gerchmann<img loading=\"lazy\" decoding=\"async\" class=\"alignnone size-medium wp-image-31174\" src=\"http:\/\/inclusivenews.com.br\/wp-content\/uploads\/pagina_2739-560x420-300x225.jpg\" alt=\"pagina_2739-560x420\" width=\"300\" height=\"225\" \/><\/p>\n<p>Informa\u00e7\u00f5es contidas no cartaz:<br \/>\nMinist\u00e9rio da Cultura apresenta:<br \/>\nFestival de Cinema Acess\u00edvel Kids.<br \/>\nLibras, legendas e audiodescri\u00e7\u00e3o.<br \/>\nA arte audiovisual para todos.<br \/>\nDivertidamente<br \/>\n06 de outubro, 15h.<br \/>\nEntrada franca.<br \/>\nCine Santander Cultural, rua 7 de Setembro 1028.<br \/>\nLei de Incentivo \u00e0 Cultura.<br \/>\nApoio: Unesco, Santander Cultural, UCERGS, ACERGS, FADERS e Prana Filmes.<br \/>\nPatroc\u00ednio: Grupo DLL, Banco Renner e Bem Promotora.<br \/>\nRealiza\u00e7\u00e3o: Som da Luz, Minist\u00e9rio da Cultura e Governo Federal.<\/p>\n<p>(descri\u00e7\u00e3o da imagem)<br \/>\nO cartaz promocional do Festival de Cinema Acess\u00edvel Kids \u00e9 colorido e vertical. No alto, sobre uma faixa de fundo azul claro que ocupa mais ou menos um ter\u00e7o do cartaz, \u00e0 esquerda uma c\u00e2mera em cartoon com o nome Som da Luz destaca com um facho de luz o t\u00edtulo do evento, na direita, em letras mai\u00fasculas amarelas e cor de laranja. A palavra Kids est\u00e1 dentro de uma claquete, um pequeno quadro com uma barra m\u00f3vel na parte de cima, que \u00e9 batida no in\u00edcio da grava\u00e7\u00e3o de uma cena para ajudar no trabalho de montagem de um filme. Abaixo da faixa azul, uma faixa branca fina, escrito em azul \u201cA arte visual para todos\u201d. Logo ap\u00f3s a faixa branca, em um ret\u00e2ngulo de fundo laranja que ocupa quase dois ter\u00e7os do cartaz, uma imagem retangular que lembra um peda\u00e7o de rolo de filme, com furinhos nas bordas de baixo e de cima, retrata parte da sala de comando do filme Divertidamente. Atr\u00e1s da mesa de comando, da esquerda para a direita est\u00e3o os personagens: Raiva, Nojinho, Alegria, Medo e Tristeza, todos olhando para n\u00f3s. O t\u00edtulo do filme, em branco, est\u00e1 a direita, tamb\u00e9m inscrito em um peda\u00e7o de rolo de filme branco juntamente com a data, hor\u00e1rio e local de exibi\u00e7\u00e3o do filme. Uma faixa branca no rodap\u00e9 traz as logomarcas dos apoiadores, patrocinadores e realizadores. (fim da descri\u00e7\u00e3o)<\/p>\n<p>&nbsp;<\/p>\n","protected":false},"excerpt":{"rendered":"<p>O Festival de Cinema Acess\u00edvel entrar\u00e1 na sua quarta temporada, em 6 e 10 de outubro (semana da crian\u00e7a), com Divertidamente, e em 10 e 14 de novembro (durante a Feira do Livro), com Frozen. Neste ano, a \u00eanfase ser\u00e1 dada ao p\u00fablico infanto-juvenil, em evento que \u00e9 para toda a fam\u00edlia. Ser\u00e1 o &#8220;Festival [&hellip;]<\/p>\n","protected":false},"author":1,"featured_media":31174,"comment_status":"open","ping_status":"open","sticky":false,"template":"","format":"standard","meta":{"site-container-style":"default","site-container-layout":"default","site-sidebar-layout":"default","disable-article-header":"default","disable-site-header":"default","disable-site-footer":"default","disable-content-area-spacing":"default","footnotes":""},"categories":[4],"tags":[305,64,144],"class_list":["post-31173","post","type-post","status-publish","format-standard","has-post-thumbnail","hentry","category-noticias","tag-acessibilidade-cultural","tag-audiodescricao","tag-cinema"],"yoast_head":"<!-- This site is optimized with the Yoast SEO plugin v27.4 - https:\/\/yoast.com\/product\/yoast-seo-wordpress\/ -->\n<title>Porto Alegre recebe Festival de Cinema Acess\u00edvel Kids em Outubro -<\/title>\n<meta name=\"robots\" content=\"index, follow, max-snippet:-1, max-image-preview:large, max-video-preview:-1\" \/>\n<link rel=\"canonical\" href=\"https:\/\/inclusivenews.com.br\/?p=31173\" \/>\n<meta property=\"og:locale\" content=\"pt_PT\" \/>\n<meta property=\"og:type\" content=\"article\" \/>\n<meta property=\"og:title\" content=\"Porto Alegre recebe Festival de Cinema Acess\u00edvel Kids em Outubro -\" \/>\n<meta property=\"og:description\" content=\"O Festival de Cinema Acess\u00edvel entrar\u00e1 na sua quarta temporada, em 6 e 10 de outubro (semana da crian\u00e7a), com Divertidamente, e em 10 e 14 de novembro (durante a Feira do Livro), com Frozen. Neste ano, a \u00eanfase ser\u00e1 dada ao p\u00fablico infanto-juvenil, em evento que \u00e9 para toda a fam\u00edlia. Ser\u00e1 o &#8220;Festival [&hellip;]\" \/>\n<meta property=\"og:url\" content=\"https:\/\/inclusivenews.com.br\/?p=31173\" \/>\n<meta property=\"article:publisher\" content=\"https:\/\/www.facebook.com\/agenciainclusive\/\" \/>\n<meta property=\"article:published_time\" content=\"2018-09-28T18:39:57+00:00\" \/>\n<meta name=\"author\" content=\"inclusivenews2024\" \/>\n<meta name=\"twitter:card\" content=\"summary_large_image\" \/>\n<meta name=\"twitter:label1\" content=\"Escrito por\" \/>\n\t<meta name=\"twitter:data1\" content=\"inclusivenews2024\" \/>\n\t<meta name=\"twitter:label2\" content=\"Tempo estimado de leitura\" \/>\n\t<meta name=\"twitter:data2\" content=\"4 minutos\" \/>\n<script type=\"application\/ld+json\" class=\"yoast-schema-graph\">{\"@context\":\"https:\\\/\\\/schema.org\",\"@graph\":[{\"@type\":\"Article\",\"@id\":\"https:\\\/\\\/inclusivenews.com.br\\\/?p=31173#article\",\"isPartOf\":{\"@id\":\"https:\\\/\\\/inclusivenews.com.br\\\/?p=31173\"},\"author\":{\"name\":\"inclusivenews2024\",\"@id\":\"https:\\\/\\\/inclusivenews.com.br\\\/#\\\/schema\\\/person\\\/ae4ec7087559b8692fb33b6fffd2273b\"},\"headline\":\"Porto Alegre recebe Festival de Cinema Acess\u00edvel Kids em Outubro\",\"datePublished\":\"2018-09-28T18:39:57+00:00\",\"mainEntityOfPage\":{\"@id\":\"https:\\\/\\\/inclusivenews.com.br\\\/?p=31173\"},\"wordCount\":712,\"commentCount\":0,\"publisher\":{\"@id\":\"https:\\\/\\\/inclusivenews.com.br\\\/#organization\"},\"image\":{\"@id\":\"https:\\\/\\\/inclusivenews.com.br\\\/?p=31173#primaryimage\"},\"thumbnailUrl\":\"\",\"keywords\":[\"Acessibilidade cultural\",\"Audiodescri\u00e7\u00e3o\",\"Cinema\"],\"articleSection\":[\"NOT\u00cdCIAS\"],\"inLanguage\":\"pt-PT\",\"potentialAction\":[{\"@type\":\"CommentAction\",\"name\":\"Comment\",\"target\":[\"https:\\\/\\\/inclusivenews.com.br\\\/?p=31173#respond\"]}]},{\"@type\":\"WebPage\",\"@id\":\"https:\\\/\\\/inclusivenews.com.br\\\/?p=31173\",\"url\":\"https:\\\/\\\/inclusivenews.com.br\\\/?p=31173\",\"name\":\"Porto Alegre recebe Festival de Cinema Acess\u00edvel Kids em Outubro -\",\"isPartOf\":{\"@id\":\"https:\\\/\\\/inclusivenews.com.br\\\/#website\"},\"primaryImageOfPage\":{\"@id\":\"https:\\\/\\\/inclusivenews.com.br\\\/?p=31173#primaryimage\"},\"image\":{\"@id\":\"https:\\\/\\\/inclusivenews.com.br\\\/?p=31173#primaryimage\"},\"thumbnailUrl\":\"\",\"datePublished\":\"2018-09-28T18:39:57+00:00\",\"breadcrumb\":{\"@id\":\"https:\\\/\\\/inclusivenews.com.br\\\/?p=31173#breadcrumb\"},\"inLanguage\":\"pt-PT\",\"potentialAction\":[{\"@type\":\"ReadAction\",\"target\":[\"https:\\\/\\\/inclusivenews.com.br\\\/?p=31173\"]}]},{\"@type\":\"ImageObject\",\"inLanguage\":\"pt-PT\",\"@id\":\"https:\\\/\\\/inclusivenews.com.br\\\/?p=31173#primaryimage\",\"url\":\"\",\"contentUrl\":\"\"},{\"@type\":\"BreadcrumbList\",\"@id\":\"https:\\\/\\\/inclusivenews.com.br\\\/?p=31173#breadcrumb\",\"itemListElement\":[{\"@type\":\"ListItem\",\"position\":1,\"name\":\"In\u00edcio\",\"item\":\"https:\\\/\\\/inclusivenews.com.br\\\/\"},{\"@type\":\"ListItem\",\"position\":2,\"name\":\"Porto Alegre recebe Festival de Cinema Acess\u00edvel Kids em Outubro\"}]},{\"@type\":\"WebSite\",\"@id\":\"https:\\\/\\\/inclusivenews.com.br\\\/#website\",\"url\":\"https:\\\/\\\/inclusivenews.com.br\\\/\",\"name\":\"Inclusive News\",\"description\":\"Inclusive News\",\"publisher\":{\"@id\":\"https:\\\/\\\/inclusivenews.com.br\\\/#organization\"},\"potentialAction\":[{\"@type\":\"SearchAction\",\"target\":{\"@type\":\"EntryPoint\",\"urlTemplate\":\"https:\\\/\\\/inclusivenews.com.br\\\/?s={search_term_string}\"},\"query-input\":{\"@type\":\"PropertyValueSpecification\",\"valueRequired\":true,\"valueName\":\"search_term_string\"}}],\"inLanguage\":\"pt-PT\"},{\"@type\":\"Organization\",\"@id\":\"https:\\\/\\\/inclusivenews.com.br\\\/#organization\",\"name\":\"Inclusive - inclus\u00e3o e cidadania\",\"url\":\"https:\\\/\\\/inclusivenews.com.br\\\/\",\"logo\":{\"@type\":\"ImageObject\",\"inLanguage\":\"pt-PT\",\"@id\":\"https:\\\/\\\/inclusivenews.com.br\\\/#\\\/schema\\\/logo\\\/image\\\/\",\"url\":\"https:\\\/\\\/inclusivenews.com.br\\\/wp-content\\\/uploads\\\/2024\\\/03\\\/@grandesite.png\",\"contentUrl\":\"https:\\\/\\\/inclusivenews.com.br\\\/wp-content\\\/uploads\\\/2024\\\/03\\\/@grandesite.png\",\"width\":1080,\"height\":1080,\"caption\":\"Inclusive - inclus\u00e3o e cidadania\"},\"image\":{\"@id\":\"https:\\\/\\\/inclusivenews.com.br\\\/#\\\/schema\\\/logo\\\/image\\\/\"},\"sameAs\":[\"https:\\\/\\\/www.facebook.com\\\/agenciainclusive\\\/\",\"https:\\\/\\\/www.instagram.com\\\/newsinclusive\\\/\"]},{\"@type\":\"Person\",\"@id\":\"https:\\\/\\\/inclusivenews.com.br\\\/#\\\/schema\\\/person\\\/ae4ec7087559b8692fb33b6fffd2273b\",\"name\":\"inclusivenews2024\",\"image\":{\"@type\":\"ImageObject\",\"inLanguage\":\"pt-PT\",\"@id\":\"https:\\\/\\\/secure.gravatar.com\\\/avatar\\\/c5a7ef84c66fa914f55bc4f7ce26cfa275a3b9a1c5568b907bd184fb4dde7b40?s=96&d=mm&r=g\",\"url\":\"https:\\\/\\\/secure.gravatar.com\\\/avatar\\\/c5a7ef84c66fa914f55bc4f7ce26cfa275a3b9a1c5568b907bd184fb4dde7b40?s=96&d=mm&r=g\",\"contentUrl\":\"https:\\\/\\\/secure.gravatar.com\\\/avatar\\\/c5a7ef84c66fa914f55bc4f7ce26cfa275a3b9a1c5568b907bd184fb4dde7b40?s=96&d=mm&r=g\",\"caption\":\"inclusivenews2024\"},\"sameAs\":[\"https:\\\/\\\/inclusivenews.com.br\"],\"url\":\"https:\\\/\\\/inclusivenews.com.br\\\/?author=1\"}]}<\/script>\n<!-- \/ Yoast SEO plugin. -->","yoast_head_json":{"title":"Porto Alegre recebe Festival de Cinema Acess\u00edvel Kids em Outubro -","robots":{"index":"index","follow":"follow","max-snippet":"max-snippet:-1","max-image-preview":"max-image-preview:large","max-video-preview":"max-video-preview:-1"},"canonical":"https:\/\/inclusivenews.com.br\/?p=31173","og_locale":"pt_PT","og_type":"article","og_title":"Porto Alegre recebe Festival de Cinema Acess\u00edvel Kids em Outubro -","og_description":"O Festival de Cinema Acess\u00edvel entrar\u00e1 na sua quarta temporada, em 6 e 10 de outubro (semana da crian\u00e7a), com Divertidamente, e em 10 e 14 de novembro (durante a Feira do Livro), com Frozen. Neste ano, a \u00eanfase ser\u00e1 dada ao p\u00fablico infanto-juvenil, em evento que \u00e9 para toda a fam\u00edlia. Ser\u00e1 o &#8220;Festival [&hellip;]","og_url":"https:\/\/inclusivenews.com.br\/?p=31173","article_publisher":"https:\/\/www.facebook.com\/agenciainclusive\/","article_published_time":"2018-09-28T18:39:57+00:00","author":"inclusivenews2024","twitter_card":"summary_large_image","twitter_misc":{"Escrito por":"inclusivenews2024","Tempo estimado de leitura":"4 minutos"},"schema":{"@context":"https:\/\/schema.org","@graph":[{"@type":"Article","@id":"https:\/\/inclusivenews.com.br\/?p=31173#article","isPartOf":{"@id":"https:\/\/inclusivenews.com.br\/?p=31173"},"author":{"name":"inclusivenews2024","@id":"https:\/\/inclusivenews.com.br\/#\/schema\/person\/ae4ec7087559b8692fb33b6fffd2273b"},"headline":"Porto Alegre recebe Festival de Cinema Acess\u00edvel Kids em Outubro","datePublished":"2018-09-28T18:39:57+00:00","mainEntityOfPage":{"@id":"https:\/\/inclusivenews.com.br\/?p=31173"},"wordCount":712,"commentCount":0,"publisher":{"@id":"https:\/\/inclusivenews.com.br\/#organization"},"image":{"@id":"https:\/\/inclusivenews.com.br\/?p=31173#primaryimage"},"thumbnailUrl":"","keywords":["Acessibilidade cultural","Audiodescri\u00e7\u00e3o","Cinema"],"articleSection":["NOT\u00cdCIAS"],"inLanguage":"pt-PT","potentialAction":[{"@type":"CommentAction","name":"Comment","target":["https:\/\/inclusivenews.com.br\/?p=31173#respond"]}]},{"@type":"WebPage","@id":"https:\/\/inclusivenews.com.br\/?p=31173","url":"https:\/\/inclusivenews.com.br\/?p=31173","name":"Porto Alegre recebe Festival de Cinema Acess\u00edvel Kids em Outubro -","isPartOf":{"@id":"https:\/\/inclusivenews.com.br\/#website"},"primaryImageOfPage":{"@id":"https:\/\/inclusivenews.com.br\/?p=31173#primaryimage"},"image":{"@id":"https:\/\/inclusivenews.com.br\/?p=31173#primaryimage"},"thumbnailUrl":"","datePublished":"2018-09-28T18:39:57+00:00","breadcrumb":{"@id":"https:\/\/inclusivenews.com.br\/?p=31173#breadcrumb"},"inLanguage":"pt-PT","potentialAction":[{"@type":"ReadAction","target":["https:\/\/inclusivenews.com.br\/?p=31173"]}]},{"@type":"ImageObject","inLanguage":"pt-PT","@id":"https:\/\/inclusivenews.com.br\/?p=31173#primaryimage","url":"","contentUrl":""},{"@type":"BreadcrumbList","@id":"https:\/\/inclusivenews.com.br\/?p=31173#breadcrumb","itemListElement":[{"@type":"ListItem","position":1,"name":"In\u00edcio","item":"https:\/\/inclusivenews.com.br\/"},{"@type":"ListItem","position":2,"name":"Porto Alegre recebe Festival de Cinema Acess\u00edvel Kids em Outubro"}]},{"@type":"WebSite","@id":"https:\/\/inclusivenews.com.br\/#website","url":"https:\/\/inclusivenews.com.br\/","name":"Inclusive News","description":"Inclusive News","publisher":{"@id":"https:\/\/inclusivenews.com.br\/#organization"},"potentialAction":[{"@type":"SearchAction","target":{"@type":"EntryPoint","urlTemplate":"https:\/\/inclusivenews.com.br\/?s={search_term_string}"},"query-input":{"@type":"PropertyValueSpecification","valueRequired":true,"valueName":"search_term_string"}}],"inLanguage":"pt-PT"},{"@type":"Organization","@id":"https:\/\/inclusivenews.com.br\/#organization","name":"Inclusive - inclus\u00e3o e cidadania","url":"https:\/\/inclusivenews.com.br\/","logo":{"@type":"ImageObject","inLanguage":"pt-PT","@id":"https:\/\/inclusivenews.com.br\/#\/schema\/logo\/image\/","url":"https:\/\/inclusivenews.com.br\/wp-content\/uploads\/2024\/03\/@grandesite.png","contentUrl":"https:\/\/inclusivenews.com.br\/wp-content\/uploads\/2024\/03\/@grandesite.png","width":1080,"height":1080,"caption":"Inclusive - inclus\u00e3o e cidadania"},"image":{"@id":"https:\/\/inclusivenews.com.br\/#\/schema\/logo\/image\/"},"sameAs":["https:\/\/www.facebook.com\/agenciainclusive\/","https:\/\/www.instagram.com\/newsinclusive\/"]},{"@type":"Person","@id":"https:\/\/inclusivenews.com.br\/#\/schema\/person\/ae4ec7087559b8692fb33b6fffd2273b","name":"inclusivenews2024","image":{"@type":"ImageObject","inLanguage":"pt-PT","@id":"https:\/\/secure.gravatar.com\/avatar\/c5a7ef84c66fa914f55bc4f7ce26cfa275a3b9a1c5568b907bd184fb4dde7b40?s=96&d=mm&r=g","url":"https:\/\/secure.gravatar.com\/avatar\/c5a7ef84c66fa914f55bc4f7ce26cfa275a3b9a1c5568b907bd184fb4dde7b40?s=96&d=mm&r=g","contentUrl":"https:\/\/secure.gravatar.com\/avatar\/c5a7ef84c66fa914f55bc4f7ce26cfa275a3b9a1c5568b907bd184fb4dde7b40?s=96&d=mm&r=g","caption":"inclusivenews2024"},"sameAs":["https:\/\/inclusivenews.com.br"],"url":"https:\/\/inclusivenews.com.br\/?author=1"}]}},"_links":{"self":[{"href":"https:\/\/inclusivenews.com.br\/index.php?rest_route=\/wp\/v2\/posts\/31173","targetHints":{"allow":["GET"]}}],"collection":[{"href":"https:\/\/inclusivenews.com.br\/index.php?rest_route=\/wp\/v2\/posts"}],"about":[{"href":"https:\/\/inclusivenews.com.br\/index.php?rest_route=\/wp\/v2\/types\/post"}],"author":[{"embeddable":true,"href":"https:\/\/inclusivenews.com.br\/index.php?rest_route=\/wp\/v2\/users\/1"}],"replies":[{"embeddable":true,"href":"https:\/\/inclusivenews.com.br\/index.php?rest_route=%2Fwp%2Fv2%2Fcomments&post=31173"}],"version-history":[{"count":0,"href":"https:\/\/inclusivenews.com.br\/index.php?rest_route=\/wp\/v2\/posts\/31173\/revisions"}],"wp:featuredmedia":[{"embeddable":true,"href":"https:\/\/inclusivenews.com.br\/index.php?rest_route=\/"}],"wp:attachment":[{"href":"https:\/\/inclusivenews.com.br\/index.php?rest_route=%2Fwp%2Fv2%2Fmedia&parent=31173"}],"wp:term":[{"taxonomy":"category","embeddable":true,"href":"https:\/\/inclusivenews.com.br\/index.php?rest_route=%2Fwp%2Fv2%2Fcategories&post=31173"},{"taxonomy":"post_tag","embeddable":true,"href":"https:\/\/inclusivenews.com.br\/index.php?rest_route=%2Fwp%2Fv2%2Ftags&post=31173"}],"curies":[{"name":"wp","href":"https:\/\/api.w.org\/{rel}","templated":true}]}}