{"id":31210,"date":"2018-10-10T13:38:10","date_gmt":"2018-10-10T16:38:10","guid":{"rendered":"http:\/\/www.inclusive.org.br\/?p=31210"},"modified":"2018-10-10T13:38:10","modified_gmt":"2018-10-10T16:38:10","slug":"semana-senac-da-inclusao-e-diversidade-2018","status":"publish","type":"post","link":"https:\/\/inclusivenews.com.br\/?p=31210","title":{"rendered":"Semana Senac da Inclus\u00e3o e Diversidade 2018"},"content":{"rendered":"<figure style=\"width: 500px\" class=\"wp-caption alignnone\"><img loading=\"lazy\" decoding=\"async\" class=\"\" src=\"https:\/\/i2.wp.com\/www.aprovincia.com.br\/core\/wp-content\/uploads\/2018\/10\/1000x526-20180816-gd1-inclusao.jpg\" alt=\"Semana SENAC de inclus\u00e3o e diversidade - figuras humanas ladeadas\" width=\"500\" height=\"263\" \/><figcaption class=\"wp-caption-text\">Foto: Divulga\u00e7\u00e3o<\/figcaption><\/figure>\n<p>Promover momentos de sensibiliza\u00e7\u00e3o e di\u00e1logo para influenciar na constru\u00e7\u00e3o de valores e atitudes favor\u00e1veis pautadas na conviv\u00eancia com a diversidade e no respeito \u00e0s diferen\u00e7as. Essa \u00e9 a proposta da Semana Senac da Inclus\u00e3o e Diversidade 2018.<\/p>\n<p>Iniciativa do Senac S\u00e3o Paulo, o evento conta com uma extensa programa\u00e7\u00e3o\u00a0em mais de 30 unidades da institui\u00e7\u00e3o na capital e no interior.<br \/>\nA\u00e7\u00f5es na comunidade, exposi\u00e7\u00f5es, interven\u00e7\u00f5es art\u00edsticas, oficinas, palestras e roda de leitura est\u00e3o entre as atra\u00e7\u00f5es do evento que, nesta edi\u00e7\u00e3o, tem dois temas centrais: a defici\u00eancia intelectual e os 70 anos da Declara\u00e7\u00e3o Universal dos Direitos Humanos.<\/p>\n<p>Defici\u00eancia intelectual<\/p>\n<p>De acordo com o \u00faltimo Censo do Instituto Brasileiro de Geografia e Estat\u00edstica (IBGE), o Brasil possui 45 milh\u00f5es de pessoas com defici\u00eancia (PCDs). Segundo os dados da Rela\u00e7\u00e3o Anual de Informa\u00e7\u00f5es Sociais (Rais) 2015, divulgada pelo Minist\u00e9rio do Trabalho, 403,2 mil pessoas com defici\u00eancia atuam formalmente no mercado de trabalho. Ou seja, menos de 1% delas encontram oportunidades de trabalho formal e desse n\u00famero, uma quantidade ainda menor \u00e9 de pessoas com defici\u00eancia intelectual.<\/p>\n<p>Sobre o assunto, o evento abordar\u00e1 as pot\u00eancias, desafios e equipara\u00e7\u00e3o de oportunidades no mundo do trabalho para pessoas com defici\u00eancia intelectual.<\/p>\n<p>A Lei 13.146, conhecida como Lei Brasileira de Inclus\u00e3o da Pessoa com Defici\u00eancia, trouxe importante respaldo para a luta por igualdade e equipara\u00e7\u00e3o de oportunidades para as pessoas com defici\u00eancia.<\/p>\n<p>Entretanto, a cria\u00e7\u00e3o de uma lei por si s\u00f3, n\u00e3o garante que na pr\u00e1tica ela aconte\u00e7a em sua completude. \u00c9 necess\u00e1rio que existam espa\u00e7os de di\u00e1logo para que a sociedade se conscientize e garanta a aplica\u00e7\u00e3o do que nela est\u00e1 previsto.<\/p>\n<p>Nesse sentido, torna-se extremamente importante, a proposi\u00e7\u00e3o de reflex\u00f5es sobre as quest\u00f5es da defici\u00eancia intelectual, de forma a possibilitar o fortalecimento do di\u00e1logo e a amplia\u00e7\u00e3o das experi\u00eancias de intera\u00e7\u00f5es orientadas pela l\u00f3gica da diversidade humana.<\/p>\n<p>Declara\u00e7\u00e3o Universal dos Direitos Humanos<\/p>\n<p>Adotada pela Assembleia Geral da ONU em 10 de dezembro de 1948, a Declara\u00e7\u00e3o Universal dos Direitos Humanos completa, em 2018, 70 anos de exist\u00eancia.<\/p>\n<p>A discuss\u00e3o do tema no evento busca ampliar as reflex\u00f5es sobre os artigos que comp\u00f5em a Declara\u00e7\u00e3o, especialmente nos momentos atuais, em que s\u00e3o not\u00f3rias as viola\u00e7\u00f5es de direitos no mundo todo.<\/p>\n<p>Dentre as muitas possibilidades de abordagem desse tema, ser\u00e1 tamb\u00e9m trabalhada a aplica\u00e7\u00e3o do jogo Di\u00e1rio de Amanh\u00e3.<\/p>\n<div id=\"evento-informacoes\">\n<h3 class=\"bloco-titulo\">Informa\u00e7\u00f5es sobre o evento<\/h3>\n<div id=\"datas-horarios\" class=\"bloco\">\n<h4>Datas e hor\u00e1rios<\/h4>\n<p class=\"info\"><i class=\"fa fa-calendar\"><\/i>\u00a022\/10\/2018\u201324\/10\/2018<br \/>\n<a class=\"fonte-14\" title=\"Detalhes da programa\u00e7\u00e3o\" href=\"https:\/\/www.aprovincia.com.br\/agenda\/eventos\/semana-senac-da-inclusao-e-diversidade-2018-27146\/#programacao\">Detalhes da programa\u00e7\u00e3o\u2002<i class=\"fa fa-angle-double-down\"><\/i><\/a><\/p>\n<\/div>\n<div id=\"local\" class=\"bloco\">\n<h4>Local<\/h4>\n<p class=\"local-nome info\"><a href=\"https:\/\/www.aprovincia.com.br\/agenda\/local\/senac-piracicaba\/?utm_source=link_local_single\">SENAC Piracicaba<br \/>\n<\/a>Rua Santa Cruz , 1148<br \/>\nCEP 13419-030<br \/>\nPiracicaba, SP<\/p>\n<\/div>\n<\/div>\n","protected":false},"excerpt":{"rendered":"<p>Promover momentos de sensibiliza\u00e7\u00e3o e di\u00e1logo para influenciar na constru\u00e7\u00e3o de valores e atitudes favor\u00e1veis pautadas na conviv\u00eancia com a diversidade e no respeito \u00e0s diferen\u00e7as. Essa \u00e9 a proposta da Semana Senac da Inclus\u00e3o e Diversidade 2018.<\/p>\n","protected":false},"author":2,"featured_media":0,"comment_status":"open","ping_status":"open","sticky":false,"template":"","format":"standard","meta":{"site-container-style":"default","site-container-layout":"default","site-sidebar-layout":"default","disable-article-header":"default","disable-site-header":"default","disable-site-footer":"default","disable-content-area-spacing":"default","footnotes":""},"categories":[4],"tags":[],"class_list":["post-31210","post","type-post","status-publish","format-standard","hentry","category-noticias"],"yoast_head":"<!-- This site is optimized with the Yoast SEO plugin v27.4 - https:\/\/yoast.com\/product\/yoast-seo-wordpress\/ -->\n<title>Semana Senac da Inclus\u00e3o e Diversidade 2018 -<\/title>\n<meta name=\"robots\" content=\"index, follow, max-snippet:-1, max-image-preview:large, max-video-preview:-1\" \/>\n<link rel=\"canonical\" href=\"https:\/\/inclusivenews.com.br\/?p=31210\" \/>\n<meta property=\"og:locale\" content=\"pt_PT\" \/>\n<meta property=\"og:type\" content=\"article\" \/>\n<meta property=\"og:title\" content=\"Semana Senac da Inclus\u00e3o e Diversidade 2018 -\" \/>\n<meta property=\"og:description\" content=\"Promover momentos de sensibiliza\u00e7\u00e3o e di\u00e1logo para influenciar na constru\u00e7\u00e3o de valores e atitudes favor\u00e1veis pautadas na conviv\u00eancia com a diversidade e no respeito \u00e0s diferen\u00e7as. Essa \u00e9 a proposta da Semana Senac da Inclus\u00e3o e Diversidade 2018.\" \/>\n<meta property=\"og:url\" content=\"https:\/\/inclusivenews.com.br\/?p=31210\" \/>\n<meta property=\"article:publisher\" content=\"https:\/\/www.facebook.com\/agenciainclusive\/\" \/>\n<meta property=\"article:published_time\" content=\"2018-10-10T16:38:10+00:00\" \/>\n<meta property=\"og:image\" content=\"https:\/\/i2.wp.com\/www.aprovincia.com.br\/core\/wp-content\/uploads\/2018\/10\/1000x526-20180816-gd1-inclusao.jpg\" \/>\n<meta name=\"author\" content=\"Inclusive\" \/>\n<meta name=\"twitter:card\" content=\"summary_large_image\" \/>\n<meta name=\"twitter:label1\" content=\"Escrito por\" \/>\n\t<meta name=\"twitter:data1\" content=\"Inclusive\" \/>\n\t<meta name=\"twitter:label2\" content=\"Tempo estimado de leitura\" \/>\n\t<meta name=\"twitter:data2\" content=\"2 minutos\" \/>\n<script type=\"application\/ld+json\" class=\"yoast-schema-graph\">{\"@context\":\"https:\\\/\\\/schema.org\",\"@graph\":[{\"@type\":\"Article\",\"@id\":\"https:\\\/\\\/inclusivenews.com.br\\\/?p=31210#article\",\"isPartOf\":{\"@id\":\"https:\\\/\\\/inclusivenews.com.br\\\/?p=31210\"},\"author\":{\"name\":\"Inclusive\",\"@id\":\"https:\\\/\\\/inclusivenews.com.br\\\/#\\\/schema\\\/person\\\/0dab492019871b94abb65fa8ee7c8c44\"},\"headline\":\"Semana Senac da Inclus\u00e3o e Diversidade 2018\",\"datePublished\":\"2018-10-10T16:38:10+00:00\",\"mainEntityOfPage\":{\"@id\":\"https:\\\/\\\/inclusivenews.com.br\\\/?p=31210\"},\"wordCount\":476,\"commentCount\":2,\"publisher\":{\"@id\":\"https:\\\/\\\/inclusivenews.com.br\\\/#organization\"},\"image\":{\"@id\":\"https:\\\/\\\/inclusivenews.com.br\\\/?p=31210#primaryimage\"},\"thumbnailUrl\":\"https:\\\/\\\/i2.wp.com\\\/www.aprovincia.com.br\\\/core\\\/wp-content\\\/uploads\\\/2018\\\/10\\\/1000x526-20180816-gd1-inclusao.jpg\",\"articleSection\":[\"NOT\u00cdCIAS\"],\"inLanguage\":\"pt-PT\",\"potentialAction\":[{\"@type\":\"CommentAction\",\"name\":\"Comment\",\"target\":[\"https:\\\/\\\/inclusivenews.com.br\\\/?p=31210#respond\"]}]},{\"@type\":\"WebPage\",\"@id\":\"https:\\\/\\\/inclusivenews.com.br\\\/?p=31210\",\"url\":\"https:\\\/\\\/inclusivenews.com.br\\\/?p=31210\",\"name\":\"Semana Senac da Inclus\u00e3o e Diversidade 2018 -\",\"isPartOf\":{\"@id\":\"https:\\\/\\\/inclusivenews.com.br\\\/#website\"},\"primaryImageOfPage\":{\"@id\":\"https:\\\/\\\/inclusivenews.com.br\\\/?p=31210#primaryimage\"},\"image\":{\"@id\":\"https:\\\/\\\/inclusivenews.com.br\\\/?p=31210#primaryimage\"},\"thumbnailUrl\":\"https:\\\/\\\/i2.wp.com\\\/www.aprovincia.com.br\\\/core\\\/wp-content\\\/uploads\\\/2018\\\/10\\\/1000x526-20180816-gd1-inclusao.jpg\",\"datePublished\":\"2018-10-10T16:38:10+00:00\",\"breadcrumb\":{\"@id\":\"https:\\\/\\\/inclusivenews.com.br\\\/?p=31210#breadcrumb\"},\"inLanguage\":\"pt-PT\",\"potentialAction\":[{\"@type\":\"ReadAction\",\"target\":[\"https:\\\/\\\/inclusivenews.com.br\\\/?p=31210\"]}]},{\"@type\":\"ImageObject\",\"inLanguage\":\"pt-PT\",\"@id\":\"https:\\\/\\\/inclusivenews.com.br\\\/?p=31210#primaryimage\",\"url\":\"https:\\\/\\\/i2.wp.com\\\/www.aprovincia.com.br\\\/core\\\/wp-content\\\/uploads\\\/2018\\\/10\\\/1000x526-20180816-gd1-inclusao.jpg\",\"contentUrl\":\"https:\\\/\\\/i2.wp.com\\\/www.aprovincia.com.br\\\/core\\\/wp-content\\\/uploads\\\/2018\\\/10\\\/1000x526-20180816-gd1-inclusao.jpg\"},{\"@type\":\"BreadcrumbList\",\"@id\":\"https:\\\/\\\/inclusivenews.com.br\\\/?p=31210#breadcrumb\",\"itemListElement\":[{\"@type\":\"ListItem\",\"position\":1,\"name\":\"In\u00edcio\",\"item\":\"https:\\\/\\\/inclusivenews.com.br\\\/\"},{\"@type\":\"ListItem\",\"position\":2,\"name\":\"Semana Senac da Inclus\u00e3o e Diversidade 2018\"}]},{\"@type\":\"WebSite\",\"@id\":\"https:\\\/\\\/inclusivenews.com.br\\\/#website\",\"url\":\"https:\\\/\\\/inclusivenews.com.br\\\/\",\"name\":\"Inclusive News\",\"description\":\"Inclusive News\",\"publisher\":{\"@id\":\"https:\\\/\\\/inclusivenews.com.br\\\/#organization\"},\"potentialAction\":[{\"@type\":\"SearchAction\",\"target\":{\"@type\":\"EntryPoint\",\"urlTemplate\":\"https:\\\/\\\/inclusivenews.com.br\\\/?s={search_term_string}\"},\"query-input\":{\"@type\":\"PropertyValueSpecification\",\"valueRequired\":true,\"valueName\":\"search_term_string\"}}],\"inLanguage\":\"pt-PT\"},{\"@type\":\"Organization\",\"@id\":\"https:\\\/\\\/inclusivenews.com.br\\\/#organization\",\"name\":\"Inclusive - inclus\u00e3o e cidadania\",\"url\":\"https:\\\/\\\/inclusivenews.com.br\\\/\",\"logo\":{\"@type\":\"ImageObject\",\"inLanguage\":\"pt-PT\",\"@id\":\"https:\\\/\\\/inclusivenews.com.br\\\/#\\\/schema\\\/logo\\\/image\\\/\",\"url\":\"https:\\\/\\\/inclusivenews.com.br\\\/wp-content\\\/uploads\\\/2024\\\/03\\\/@grandesite.png\",\"contentUrl\":\"https:\\\/\\\/inclusivenews.com.br\\\/wp-content\\\/uploads\\\/2024\\\/03\\\/@grandesite.png\",\"width\":1080,\"height\":1080,\"caption\":\"Inclusive - inclus\u00e3o e cidadania\"},\"image\":{\"@id\":\"https:\\\/\\\/inclusivenews.com.br\\\/#\\\/schema\\\/logo\\\/image\\\/\"},\"sameAs\":[\"https:\\\/\\\/www.facebook.com\\\/agenciainclusive\\\/\",\"https:\\\/\\\/www.instagram.com\\\/newsinclusive\\\/\"]},{\"@type\":\"Person\",\"@id\":\"https:\\\/\\\/inclusivenews.com.br\\\/#\\\/schema\\\/person\\\/0dab492019871b94abb65fa8ee7c8c44\",\"name\":\"Inclusive\",\"image\":{\"@type\":\"ImageObject\",\"inLanguage\":\"pt-PT\",\"@id\":\"https:\\\/\\\/secure.gravatar.com\\\/avatar\\\/?s=96&d=mm&r=g\",\"url\":\"https:\\\/\\\/secure.gravatar.com\\\/avatar\\\/?s=96&d=mm&r=g\",\"contentUrl\":\"https:\\\/\\\/secure.gravatar.com\\\/avatar\\\/?s=96&d=mm&r=g\",\"caption\":\"Inclusive\"},\"url\":\"https:\\\/\\\/inclusivenews.com.br\\\/?author=2\"}]}<\/script>\n<!-- \/ Yoast SEO plugin. -->","yoast_head_json":{"title":"Semana Senac da Inclus\u00e3o e Diversidade 2018 -","robots":{"index":"index","follow":"follow","max-snippet":"max-snippet:-1","max-image-preview":"max-image-preview:large","max-video-preview":"max-video-preview:-1"},"canonical":"https:\/\/inclusivenews.com.br\/?p=31210","og_locale":"pt_PT","og_type":"article","og_title":"Semana Senac da Inclus\u00e3o e Diversidade 2018 -","og_description":"Promover momentos de sensibiliza\u00e7\u00e3o e di\u00e1logo para influenciar na constru\u00e7\u00e3o de valores e atitudes favor\u00e1veis pautadas na conviv\u00eancia com a diversidade e no respeito \u00e0s diferen\u00e7as. Essa \u00e9 a proposta da Semana Senac da Inclus\u00e3o e Diversidade 2018.","og_url":"https:\/\/inclusivenews.com.br\/?p=31210","article_publisher":"https:\/\/www.facebook.com\/agenciainclusive\/","article_published_time":"2018-10-10T16:38:10+00:00","og_image":[{"url":"https:\/\/i2.wp.com\/www.aprovincia.com.br\/core\/wp-content\/uploads\/2018\/10\/1000x526-20180816-gd1-inclusao.jpg","type":"","width":"","height":""}],"author":"Inclusive","twitter_card":"summary_large_image","twitter_misc":{"Escrito por":"Inclusive","Tempo estimado de leitura":"2 minutos"},"schema":{"@context":"https:\/\/schema.org","@graph":[{"@type":"Article","@id":"https:\/\/inclusivenews.com.br\/?p=31210#article","isPartOf":{"@id":"https:\/\/inclusivenews.com.br\/?p=31210"},"author":{"name":"Inclusive","@id":"https:\/\/inclusivenews.com.br\/#\/schema\/person\/0dab492019871b94abb65fa8ee7c8c44"},"headline":"Semana Senac da Inclus\u00e3o e Diversidade 2018","datePublished":"2018-10-10T16:38:10+00:00","mainEntityOfPage":{"@id":"https:\/\/inclusivenews.com.br\/?p=31210"},"wordCount":476,"commentCount":2,"publisher":{"@id":"https:\/\/inclusivenews.com.br\/#organization"},"image":{"@id":"https:\/\/inclusivenews.com.br\/?p=31210#primaryimage"},"thumbnailUrl":"https:\/\/i2.wp.com\/www.aprovincia.com.br\/core\/wp-content\/uploads\/2018\/10\/1000x526-20180816-gd1-inclusao.jpg","articleSection":["NOT\u00cdCIAS"],"inLanguage":"pt-PT","potentialAction":[{"@type":"CommentAction","name":"Comment","target":["https:\/\/inclusivenews.com.br\/?p=31210#respond"]}]},{"@type":"WebPage","@id":"https:\/\/inclusivenews.com.br\/?p=31210","url":"https:\/\/inclusivenews.com.br\/?p=31210","name":"Semana Senac da Inclus\u00e3o e Diversidade 2018 -","isPartOf":{"@id":"https:\/\/inclusivenews.com.br\/#website"},"primaryImageOfPage":{"@id":"https:\/\/inclusivenews.com.br\/?p=31210#primaryimage"},"image":{"@id":"https:\/\/inclusivenews.com.br\/?p=31210#primaryimage"},"thumbnailUrl":"https:\/\/i2.wp.com\/www.aprovincia.com.br\/core\/wp-content\/uploads\/2018\/10\/1000x526-20180816-gd1-inclusao.jpg","datePublished":"2018-10-10T16:38:10+00:00","breadcrumb":{"@id":"https:\/\/inclusivenews.com.br\/?p=31210#breadcrumb"},"inLanguage":"pt-PT","potentialAction":[{"@type":"ReadAction","target":["https:\/\/inclusivenews.com.br\/?p=31210"]}]},{"@type":"ImageObject","inLanguage":"pt-PT","@id":"https:\/\/inclusivenews.com.br\/?p=31210#primaryimage","url":"https:\/\/i2.wp.com\/www.aprovincia.com.br\/core\/wp-content\/uploads\/2018\/10\/1000x526-20180816-gd1-inclusao.jpg","contentUrl":"https:\/\/i2.wp.com\/www.aprovincia.com.br\/core\/wp-content\/uploads\/2018\/10\/1000x526-20180816-gd1-inclusao.jpg"},{"@type":"BreadcrumbList","@id":"https:\/\/inclusivenews.com.br\/?p=31210#breadcrumb","itemListElement":[{"@type":"ListItem","position":1,"name":"In\u00edcio","item":"https:\/\/inclusivenews.com.br\/"},{"@type":"ListItem","position":2,"name":"Semana Senac da Inclus\u00e3o e Diversidade 2018"}]},{"@type":"WebSite","@id":"https:\/\/inclusivenews.com.br\/#website","url":"https:\/\/inclusivenews.com.br\/","name":"Inclusive News","description":"Inclusive News","publisher":{"@id":"https:\/\/inclusivenews.com.br\/#organization"},"potentialAction":[{"@type":"SearchAction","target":{"@type":"EntryPoint","urlTemplate":"https:\/\/inclusivenews.com.br\/?s={search_term_string}"},"query-input":{"@type":"PropertyValueSpecification","valueRequired":true,"valueName":"search_term_string"}}],"inLanguage":"pt-PT"},{"@type":"Organization","@id":"https:\/\/inclusivenews.com.br\/#organization","name":"Inclusive - inclus\u00e3o e cidadania","url":"https:\/\/inclusivenews.com.br\/","logo":{"@type":"ImageObject","inLanguage":"pt-PT","@id":"https:\/\/inclusivenews.com.br\/#\/schema\/logo\/image\/","url":"https:\/\/inclusivenews.com.br\/wp-content\/uploads\/2024\/03\/@grandesite.png","contentUrl":"https:\/\/inclusivenews.com.br\/wp-content\/uploads\/2024\/03\/@grandesite.png","width":1080,"height":1080,"caption":"Inclusive - inclus\u00e3o e cidadania"},"image":{"@id":"https:\/\/inclusivenews.com.br\/#\/schema\/logo\/image\/"},"sameAs":["https:\/\/www.facebook.com\/agenciainclusive\/","https:\/\/www.instagram.com\/newsinclusive\/"]},{"@type":"Person","@id":"https:\/\/inclusivenews.com.br\/#\/schema\/person\/0dab492019871b94abb65fa8ee7c8c44","name":"Inclusive","image":{"@type":"ImageObject","inLanguage":"pt-PT","@id":"https:\/\/secure.gravatar.com\/avatar\/?s=96&d=mm&r=g","url":"https:\/\/secure.gravatar.com\/avatar\/?s=96&d=mm&r=g","contentUrl":"https:\/\/secure.gravatar.com\/avatar\/?s=96&d=mm&r=g","caption":"Inclusive"},"url":"https:\/\/inclusivenews.com.br\/?author=2"}]}},"_links":{"self":[{"href":"https:\/\/inclusivenews.com.br\/index.php?rest_route=\/wp\/v2\/posts\/31210","targetHints":{"allow":["GET"]}}],"collection":[{"href":"https:\/\/inclusivenews.com.br\/index.php?rest_route=\/wp\/v2\/posts"}],"about":[{"href":"https:\/\/inclusivenews.com.br\/index.php?rest_route=\/wp\/v2\/types\/post"}],"author":[{"embeddable":true,"href":"https:\/\/inclusivenews.com.br\/index.php?rest_route=\/wp\/v2\/users\/2"}],"replies":[{"embeddable":true,"href":"https:\/\/inclusivenews.com.br\/index.php?rest_route=%2Fwp%2Fv2%2Fcomments&post=31210"}],"version-history":[{"count":0,"href":"https:\/\/inclusivenews.com.br\/index.php?rest_route=\/wp\/v2\/posts\/31210\/revisions"}],"wp:attachment":[{"href":"https:\/\/inclusivenews.com.br\/index.php?rest_route=%2Fwp%2Fv2%2Fmedia&parent=31210"}],"wp:term":[{"taxonomy":"category","embeddable":true,"href":"https:\/\/inclusivenews.com.br\/index.php?rest_route=%2Fwp%2Fv2%2Fcategories&post=31210"},{"taxonomy":"post_tag","embeddable":true,"href":"https:\/\/inclusivenews.com.br\/index.php?rest_route=%2Fwp%2Fv2%2Ftags&post=31210"}],"curies":[{"name":"wp","href":"https:\/\/api.w.org\/{rel}","templated":true}]}}