{"id":31271,"date":"2018-11-13T13:23:20","date_gmt":"2018-11-13T16:23:20","guid":{"rendered":"http:\/\/www.inclusive.org.br\/?p=31271"},"modified":"2018-11-13T13:23:20","modified_gmt":"2018-11-13T16:23:20","slug":"cidade-cheia-de-graca-ii","status":"publish","type":"post","link":"https:\/\/inclusivenews.com.br\/?p=31271","title":{"rendered":"Cidade Cheia de Gra\u00e7a II"},"content":{"rendered":"<blockquote><p>Com dezesseis pe\u00e7as montadas, a Olhos de Dentro promove a forma\u00e7\u00e3o e inclus\u00e3o teatral de pessoas com defici\u00eancia f\u00edsica, visual, s\u00edndrome de down, paralisia cerebral e autistas com pessoas sem limita\u00e7\u00f5es<\/p><\/blockquote>\n<p><a href=\"http:\/\/www.inclusive.org.br\/arquivos\/31271\/cidade-cheia-de-graca\" rel=\"attachment wp-att-31272\"><img loading=\"lazy\" decoding=\"async\" class=\"size-full wp-image-31272 alignleft\" src=\"http:\/\/inclusivenews.com.br\/wp-content\/uploads\/CIDADE-CHEIA-DE-GRA\u00c7A.jpg\" alt=\"Ilustra\u00e7\u00e3o de uma cidadee desenhada a m\u00e3o\" width=\"332\" height=\"480\" \/><\/a><\/p>\n<p>Volta em cartaz por quatro finais de semanas a pe\u00e7a \u201cCidade Cheia de Gra\u00e7a II\u201d. Uma remontagem da \u201cCia Teatral Olhos de Dentro \u2013 Um Exerc\u00edcio de Inclus\u00e3o\u201d, que h\u00e1 dezesseis anos promove a intera\u00e7\u00e3o de pessoas com as mais variadas defici\u00eancias no mundo das artes c\u00eanicas, tendo como ponto central do projeto colocar junto pessoas com e sem limita\u00e7\u00f5es como parceiros de aulas e de palco. \u00a0As apresenta\u00e7\u00f5es ser\u00e3o nos dias 25 de novembro, 02, 09 e 16 de dezembro, \u00e0s 11hs no Teatro Ruth Escobar &#8211; Sala Miriam Muniz, Rua dos Ingleses, 209 &#8211; Bela Vista &#8211; S\u00e3o Paulo.<\/p>\n<p>Adapta\u00e7\u00e3o e dire\u00e7\u00e3o de Nina Mancin, o espet\u00e1culo montado pela primeira vez no palco principal do Teatro Ruth Escobar em 2013, foi um grande sucesso de p\u00fablico, em uma linguagem despojada, divertida com criticas sociais e pol\u00edticas, que formou grandes filas na \u00e9poca.<\/p>\n<p>\u201cTodos os anos receb\u00edamos muitos pedidos para a Cia remontar o espet\u00e1culo, aproveitando nosso quadro politico e social atual, chegou a hora da remontagem&#8221;, comenta a diretora, revelando outros detalhes desta nova vers\u00e3o:<\/p>\n<p>\u201cApesar de ser uma remontagem e ter a participa\u00e7\u00e3o de alguns alunos-atores da primeira montagem, o processo de constru\u00e7\u00e3o come\u00e7ou do zero, pois a maioria dos alunos-atores s\u00e3o novos na Cia. Al\u00e9m disso temos altera\u00e7\u00e3o no espa\u00e7o, figurinos e m\u00fasicas, na verdade podemos chamar de uma releitura, um processo muito trabalhoso\u201d.<\/p>\n<p>OLHOS DE DENTRO<\/p>\n<p>H\u00e1 16 anos coordenada pela atriz, diretora e psicopedagoga Nina Macin e tendo o ator e preparador corporal Geraldo Pereira como um de seus principais colaboradores, a \u201cCia Teatral Olhos De Dentro\u201d promove a forma\u00e7\u00e3o e inclus\u00e3o teatral pessoas com defici\u00eancia f\u00edsica, visual, s\u00edndrome de down, paralisia cerebral e autistas, com pessoas sem defici\u00eancia, pessoas idosas e crian\u00e7as.<\/p>\n<p>Neste grupo, por meio do Curso Livre de Teatro, \u00a0est\u00e3o inclu\u00eddas pessoas que n\u00e3o encontram espa\u00e7o, aceita\u00e7\u00e3o e compreens\u00e3o nos cursos tradicionais de teatro.\u00a0 Al\u00e9m dos muitos relatos de casos que melhoraram sua autoestima e, consequentemente, a sua conviv\u00eancia e comunica\u00e7\u00e3o na escola e na vida como um todo pelos benef\u00edcios do fazer art\u00edstico e na vida.<\/p>\n<p>Durante essa jornada a \u201cCia Teatral Olhos De Dentro \u2013 Um Exerc\u00edcio de Inclus\u00e3o\u201d j\u00e1 atingiu 640 alunos, realizou a montagem 16 espet\u00e1culos. N\u00famero aproximado de p\u00fablico atingido atrav\u00e9s de apresenta\u00e7\u00f5es p\u00fablicas em teatros, institui\u00e7\u00f5es, ongs, empresas, universidades foi de 40 mil pessoas. Alguns alunos foram encaminhados para espet\u00e1culos profissionais, cinema e trabalhos relacionados a arte.<\/p>\n<p>E para que tudo isso se concretize, Nina Mancin revela seus grandes obst\u00e1culos:<\/p>\n<p>\u201cA Cia enfrenta desafios desde sempre, com a falta de patroc\u00ednio, nosso trabalho, depende de &#8220;vaquinhas&#8221; feita pelos participantes da Cia para montagem do espet\u00e1culo o que dificulta a produ\u00e7\u00e3o e divulga\u00e7\u00e3o do espet\u00e1culo. Nosso \u00fanico apoio \u00e9 do espa\u00e7o f\u00edsico para ministrar as aulas durante o ano no Teatro Ruth Escobar, concedido pela APETESP &#8211; Associa\u00e7\u00e3o de Produtores de Espet\u00e1culos Teatrais da Cidade de S\u00e3o Paulo\u201d.<\/p>\n<p>&nbsp;<\/p>\n<p><strong>SERVI\u00c7O<\/strong><\/p>\n<p>Espet\u00e1culo Cidade Cheia de Gra\u00e7a II<br \/>\nApresenta\u00e7\u00f5es aos Domingos<br \/>\n25 de nov. 02, 09 e 16 de dezembro \u00e0s 11hs<br \/>\nIngresso: R$ 20,00<br \/>\nTeatro Ruth Escobar &#8211; Sala Miriam Muniz<br \/>\nRua dos Ingleses, 209 &#8211; Bela Vista &#8211; S\u00e3o Paulo<br \/>\nMais informa\u00e7\u00f5es (11) 3289-2358<\/p>\n<p><strong>CIA TEATRAL OLHOS DE DENTRO<br \/>\n<\/strong>Site: <a href=\"http:\/\/ciateatralolhosdedentro.com.br\/\">http:\/\/ciateatralolhosdedentro.com.br\/<br \/>\n<\/a>Facebook: <a href=\"https:\/\/www.facebook.com\/companhiaolhosdedentro\/\">https:\/\/www.facebook.com\/companhiaolhosdedentro\/<br \/>\n<\/a>YouTube: <a href=\"https:\/\/www.youtube.com\/channel\/UC2CRjGhh88KbeX48z0ILYpA\">https:\/\/www.youtube.com\/channel\/UC2CRjGhh88KbeX48z0ILYpA<\/a><\/p>\n","protected":false},"excerpt":{"rendered":"<p>Com dezesseis pe\u00e7as montadas, a Olhos de Dentro promove a forma\u00e7\u00e3o e inclus\u00e3o teatral de pessoas com defici\u00eancia f\u00edsica, visual, s\u00edndrome de down, paralisia cerebral e autistas com pessoas sem limita\u00e7\u00f5es<\/p>\n","protected":false},"author":2,"featured_media":0,"comment_status":"open","ping_status":"open","sticky":false,"template":"","format":"standard","meta":{"site-container-style":"default","site-container-layout":"default","site-sidebar-layout":"default","disable-article-header":"default","disable-site-header":"default","disable-site-footer":"default","disable-content-area-spacing":"default","footnotes":""},"categories":[29,48],"tags":[],"class_list":["post-31271","post","type-post","status-publish","format-standard","hentry","category-cultura","category-inclusao"],"yoast_head":"<!-- This site is optimized with the Yoast SEO plugin v27.4 - https:\/\/yoast.com\/product\/yoast-seo-wordpress\/ -->\n<title>Cidade Cheia de Gra\u00e7a II -<\/title>\n<meta name=\"robots\" content=\"index, follow, max-snippet:-1, max-image-preview:large, max-video-preview:-1\" \/>\n<link rel=\"canonical\" href=\"https:\/\/inclusivenews.com.br\/?p=31271\" \/>\n<meta property=\"og:locale\" content=\"pt_PT\" \/>\n<meta property=\"og:type\" content=\"article\" \/>\n<meta property=\"og:title\" content=\"Cidade Cheia de Gra\u00e7a II -\" \/>\n<meta property=\"og:description\" content=\"Com dezesseis pe\u00e7as montadas, a Olhos de Dentro promove a forma\u00e7\u00e3o e inclus\u00e3o teatral de pessoas com defici\u00eancia f\u00edsica, visual, s\u00edndrome de down, paralisia cerebral e autistas com pessoas sem limita\u00e7\u00f5es\" \/>\n<meta property=\"og:url\" content=\"https:\/\/inclusivenews.com.br\/?p=31271\" \/>\n<meta property=\"article:publisher\" content=\"https:\/\/www.facebook.com\/agenciainclusive\/\" \/>\n<meta property=\"article:published_time\" content=\"2018-11-13T16:23:20+00:00\" \/>\n<meta name=\"author\" content=\"Inclusive\" \/>\n<meta name=\"twitter:card\" content=\"summary_large_image\" \/>\n<meta name=\"twitter:label1\" content=\"Escrito por\" \/>\n\t<meta name=\"twitter:data1\" content=\"Inclusive\" \/>\n\t<meta name=\"twitter:label2\" content=\"Tempo estimado de leitura\" \/>\n\t<meta name=\"twitter:data2\" content=\"3 minutos\" \/>\n<script type=\"application\/ld+json\" class=\"yoast-schema-graph\">{\"@context\":\"https:\\\/\\\/schema.org\",\"@graph\":[{\"@type\":\"Article\",\"@id\":\"https:\\\/\\\/inclusivenews.com.br\\\/?p=31271#article\",\"isPartOf\":{\"@id\":\"https:\\\/\\\/inclusivenews.com.br\\\/?p=31271\"},\"author\":{\"name\":\"Inclusive\",\"@id\":\"https:\\\/\\\/inclusivenews.com.br\\\/#\\\/schema\\\/person\\\/0dab492019871b94abb65fa8ee7c8c44\"},\"headline\":\"Cidade Cheia de Gra\u00e7a II\",\"datePublished\":\"2018-11-13T16:23:20+00:00\",\"mainEntityOfPage\":{\"@id\":\"https:\\\/\\\/inclusivenews.com.br\\\/?p=31271\"},\"wordCount\":651,\"commentCount\":0,\"publisher\":{\"@id\":\"https:\\\/\\\/inclusivenews.com.br\\\/#organization\"},\"articleSection\":[\"Cultura\",\"INCLUS\u00c3O SOCIAL\"],\"inLanguage\":\"pt-PT\",\"potentialAction\":[{\"@type\":\"CommentAction\",\"name\":\"Comment\",\"target\":[\"https:\\\/\\\/inclusivenews.com.br\\\/?p=31271#respond\"]}]},{\"@type\":\"WebPage\",\"@id\":\"https:\\\/\\\/inclusivenews.com.br\\\/?p=31271\",\"url\":\"https:\\\/\\\/inclusivenews.com.br\\\/?p=31271\",\"name\":\"Cidade Cheia de Gra\u00e7a II -\",\"isPartOf\":{\"@id\":\"https:\\\/\\\/inclusivenews.com.br\\\/#website\"},\"datePublished\":\"2018-11-13T16:23:20+00:00\",\"breadcrumb\":{\"@id\":\"https:\\\/\\\/inclusivenews.com.br\\\/?p=31271#breadcrumb\"},\"inLanguage\":\"pt-PT\",\"potentialAction\":[{\"@type\":\"ReadAction\",\"target\":[\"https:\\\/\\\/inclusivenews.com.br\\\/?p=31271\"]}]},{\"@type\":\"BreadcrumbList\",\"@id\":\"https:\\\/\\\/inclusivenews.com.br\\\/?p=31271#breadcrumb\",\"itemListElement\":[{\"@type\":\"ListItem\",\"position\":1,\"name\":\"In\u00edcio\",\"item\":\"https:\\\/\\\/inclusivenews.com.br\\\/\"},{\"@type\":\"ListItem\",\"position\":2,\"name\":\"Cidade Cheia de Gra\u00e7a II\"}]},{\"@type\":\"WebSite\",\"@id\":\"https:\\\/\\\/inclusivenews.com.br\\\/#website\",\"url\":\"https:\\\/\\\/inclusivenews.com.br\\\/\",\"name\":\"Inclusive News\",\"description\":\"Inclusive News\",\"publisher\":{\"@id\":\"https:\\\/\\\/inclusivenews.com.br\\\/#organization\"},\"potentialAction\":[{\"@type\":\"SearchAction\",\"target\":{\"@type\":\"EntryPoint\",\"urlTemplate\":\"https:\\\/\\\/inclusivenews.com.br\\\/?s={search_term_string}\"},\"query-input\":{\"@type\":\"PropertyValueSpecification\",\"valueRequired\":true,\"valueName\":\"search_term_string\"}}],\"inLanguage\":\"pt-PT\"},{\"@type\":\"Organization\",\"@id\":\"https:\\\/\\\/inclusivenews.com.br\\\/#organization\",\"name\":\"Inclusive - inclus\u00e3o e cidadania\",\"url\":\"https:\\\/\\\/inclusivenews.com.br\\\/\",\"logo\":{\"@type\":\"ImageObject\",\"inLanguage\":\"pt-PT\",\"@id\":\"https:\\\/\\\/inclusivenews.com.br\\\/#\\\/schema\\\/logo\\\/image\\\/\",\"url\":\"https:\\\/\\\/inclusivenews.com.br\\\/wp-content\\\/uploads\\\/2024\\\/03\\\/@grandesite.png\",\"contentUrl\":\"https:\\\/\\\/inclusivenews.com.br\\\/wp-content\\\/uploads\\\/2024\\\/03\\\/@grandesite.png\",\"width\":1080,\"height\":1080,\"caption\":\"Inclusive - inclus\u00e3o e cidadania\"},\"image\":{\"@id\":\"https:\\\/\\\/inclusivenews.com.br\\\/#\\\/schema\\\/logo\\\/image\\\/\"},\"sameAs\":[\"https:\\\/\\\/www.facebook.com\\\/agenciainclusive\\\/\",\"https:\\\/\\\/www.instagram.com\\\/newsinclusive\\\/\"]},{\"@type\":\"Person\",\"@id\":\"https:\\\/\\\/inclusivenews.com.br\\\/#\\\/schema\\\/person\\\/0dab492019871b94abb65fa8ee7c8c44\",\"name\":\"Inclusive\",\"image\":{\"@type\":\"ImageObject\",\"inLanguage\":\"pt-PT\",\"@id\":\"https:\\\/\\\/secure.gravatar.com\\\/avatar\\\/?s=96&d=mm&r=g\",\"url\":\"https:\\\/\\\/secure.gravatar.com\\\/avatar\\\/?s=96&d=mm&r=g\",\"contentUrl\":\"https:\\\/\\\/secure.gravatar.com\\\/avatar\\\/?s=96&d=mm&r=g\",\"caption\":\"Inclusive\"},\"url\":\"https:\\\/\\\/inclusivenews.com.br\\\/?author=2\"}]}<\/script>\n<!-- \/ Yoast SEO plugin. -->","yoast_head_json":{"title":"Cidade Cheia de Gra\u00e7a II -","robots":{"index":"index","follow":"follow","max-snippet":"max-snippet:-1","max-image-preview":"max-image-preview:large","max-video-preview":"max-video-preview:-1"},"canonical":"https:\/\/inclusivenews.com.br\/?p=31271","og_locale":"pt_PT","og_type":"article","og_title":"Cidade Cheia de Gra\u00e7a II -","og_description":"Com dezesseis pe\u00e7as montadas, a Olhos de Dentro promove a forma\u00e7\u00e3o e inclus\u00e3o teatral de pessoas com defici\u00eancia f\u00edsica, visual, s\u00edndrome de down, paralisia cerebral e autistas com pessoas sem limita\u00e7\u00f5es","og_url":"https:\/\/inclusivenews.com.br\/?p=31271","article_publisher":"https:\/\/www.facebook.com\/agenciainclusive\/","article_published_time":"2018-11-13T16:23:20+00:00","author":"Inclusive","twitter_card":"summary_large_image","twitter_misc":{"Escrito por":"Inclusive","Tempo estimado de leitura":"3 minutos"},"schema":{"@context":"https:\/\/schema.org","@graph":[{"@type":"Article","@id":"https:\/\/inclusivenews.com.br\/?p=31271#article","isPartOf":{"@id":"https:\/\/inclusivenews.com.br\/?p=31271"},"author":{"name":"Inclusive","@id":"https:\/\/inclusivenews.com.br\/#\/schema\/person\/0dab492019871b94abb65fa8ee7c8c44"},"headline":"Cidade Cheia de Gra\u00e7a II","datePublished":"2018-11-13T16:23:20+00:00","mainEntityOfPage":{"@id":"https:\/\/inclusivenews.com.br\/?p=31271"},"wordCount":651,"commentCount":0,"publisher":{"@id":"https:\/\/inclusivenews.com.br\/#organization"},"articleSection":["Cultura","INCLUS\u00c3O SOCIAL"],"inLanguage":"pt-PT","potentialAction":[{"@type":"CommentAction","name":"Comment","target":["https:\/\/inclusivenews.com.br\/?p=31271#respond"]}]},{"@type":"WebPage","@id":"https:\/\/inclusivenews.com.br\/?p=31271","url":"https:\/\/inclusivenews.com.br\/?p=31271","name":"Cidade Cheia de Gra\u00e7a II -","isPartOf":{"@id":"https:\/\/inclusivenews.com.br\/#website"},"datePublished":"2018-11-13T16:23:20+00:00","breadcrumb":{"@id":"https:\/\/inclusivenews.com.br\/?p=31271#breadcrumb"},"inLanguage":"pt-PT","potentialAction":[{"@type":"ReadAction","target":["https:\/\/inclusivenews.com.br\/?p=31271"]}]},{"@type":"BreadcrumbList","@id":"https:\/\/inclusivenews.com.br\/?p=31271#breadcrumb","itemListElement":[{"@type":"ListItem","position":1,"name":"In\u00edcio","item":"https:\/\/inclusivenews.com.br\/"},{"@type":"ListItem","position":2,"name":"Cidade Cheia de Gra\u00e7a II"}]},{"@type":"WebSite","@id":"https:\/\/inclusivenews.com.br\/#website","url":"https:\/\/inclusivenews.com.br\/","name":"Inclusive News","description":"Inclusive News","publisher":{"@id":"https:\/\/inclusivenews.com.br\/#organization"},"potentialAction":[{"@type":"SearchAction","target":{"@type":"EntryPoint","urlTemplate":"https:\/\/inclusivenews.com.br\/?s={search_term_string}"},"query-input":{"@type":"PropertyValueSpecification","valueRequired":true,"valueName":"search_term_string"}}],"inLanguage":"pt-PT"},{"@type":"Organization","@id":"https:\/\/inclusivenews.com.br\/#organization","name":"Inclusive - inclus\u00e3o e cidadania","url":"https:\/\/inclusivenews.com.br\/","logo":{"@type":"ImageObject","inLanguage":"pt-PT","@id":"https:\/\/inclusivenews.com.br\/#\/schema\/logo\/image\/","url":"https:\/\/inclusivenews.com.br\/wp-content\/uploads\/2024\/03\/@grandesite.png","contentUrl":"https:\/\/inclusivenews.com.br\/wp-content\/uploads\/2024\/03\/@grandesite.png","width":1080,"height":1080,"caption":"Inclusive - inclus\u00e3o e cidadania"},"image":{"@id":"https:\/\/inclusivenews.com.br\/#\/schema\/logo\/image\/"},"sameAs":["https:\/\/www.facebook.com\/agenciainclusive\/","https:\/\/www.instagram.com\/newsinclusive\/"]},{"@type":"Person","@id":"https:\/\/inclusivenews.com.br\/#\/schema\/person\/0dab492019871b94abb65fa8ee7c8c44","name":"Inclusive","image":{"@type":"ImageObject","inLanguage":"pt-PT","@id":"https:\/\/secure.gravatar.com\/avatar\/?s=96&d=mm&r=g","url":"https:\/\/secure.gravatar.com\/avatar\/?s=96&d=mm&r=g","contentUrl":"https:\/\/secure.gravatar.com\/avatar\/?s=96&d=mm&r=g","caption":"Inclusive"},"url":"https:\/\/inclusivenews.com.br\/?author=2"}]}},"_links":{"self":[{"href":"https:\/\/inclusivenews.com.br\/index.php?rest_route=\/wp\/v2\/posts\/31271","targetHints":{"allow":["GET"]}}],"collection":[{"href":"https:\/\/inclusivenews.com.br\/index.php?rest_route=\/wp\/v2\/posts"}],"about":[{"href":"https:\/\/inclusivenews.com.br\/index.php?rest_route=\/wp\/v2\/types\/post"}],"author":[{"embeddable":true,"href":"https:\/\/inclusivenews.com.br\/index.php?rest_route=\/wp\/v2\/users\/2"}],"replies":[{"embeddable":true,"href":"https:\/\/inclusivenews.com.br\/index.php?rest_route=%2Fwp%2Fv2%2Fcomments&post=31271"}],"version-history":[{"count":0,"href":"https:\/\/inclusivenews.com.br\/index.php?rest_route=\/wp\/v2\/posts\/31271\/revisions"}],"wp:attachment":[{"href":"https:\/\/inclusivenews.com.br\/index.php?rest_route=%2Fwp%2Fv2%2Fmedia&parent=31271"}],"wp:term":[{"taxonomy":"category","embeddable":true,"href":"https:\/\/inclusivenews.com.br\/index.php?rest_route=%2Fwp%2Fv2%2Fcategories&post=31271"},{"taxonomy":"post_tag","embeddable":true,"href":"https:\/\/inclusivenews.com.br\/index.php?rest_route=%2Fwp%2Fv2%2Ftags&post=31271"}],"curies":[{"name":"wp","href":"https:\/\/api.w.org\/{rel}","templated":true}]}}