{"id":31280,"date":"2018-11-28T10:12:08","date_gmt":"2018-11-28T13:12:08","guid":{"rendered":"http:\/\/www.inclusive.org.br\/?p=31280"},"modified":"2018-11-28T10:12:08","modified_gmt":"2018-11-28T13:12:08","slug":"espetaculo-guardado-em-silencio-fara-apresentacao-inclusiva-gratuita-em-sao-paulo","status":"publish","type":"post","link":"https:\/\/inclusivenews.com.br\/?p=31280","title":{"rendered":"Espet\u00e1culo Guardado em Sil\u00eancio far\u00e1 apresenta\u00e7\u00e3o inclusiva gratuita em S\u00e3o Paulo"},"content":{"rendered":"<p>O C\u00e9u Caminho do Mar receber\u00e1, na tarde do dia 1 de dezembro, uma apresenta\u00e7\u00e3o inclusiva de \u201cGuardado em Sil\u00eancio\u201d, espet\u00e1culo que funde o nazismo ao livro de Romanos. O enredo \u00e9 dirigido por Fabiano Moreira e narra as mem\u00f3rias de um soldado que viu sua amiga ser raptada na noite dos Cristais Quebrados, um dos principais marcos do Holocausto. Al\u00e9m de dirigir, Fabiano tamb\u00e9m d\u00e1 vida ao personagem principal, Alem\u00e3o.<\/p>\n<blockquote><p><i>O evento, que acontecer\u00e1 s\u00e1bado dia 01\/12, ter\u00e1 legenda, audiodescri\u00e7\u00e3o e libras<\/i><\/p><\/blockquote>\n<p>Na pe\u00e7a, realizada pela Cia. Teatral Paulistana Alvo, ainda h\u00e1 espa\u00e7os para apresenta\u00e7\u00f5es de musicas autorais. Com um trio de cordas e um elenco formado por outros tr\u00eas componentes, o espet\u00e1culo tem can\u00e7\u00f5es originais de Rebello Alvarenga e dire\u00e7\u00e3o musical de Luana Chacon, o que contribui para a harmoniza\u00e7\u00e3o de todos os espectros que o enredo pretende atingir.<\/p>\n<p style=\"text-align: center;\"><a href=\"http:\/\/www.inclusive.org.br\/arquivos\/31280\/imagem_release_1517019\" rel=\"attachment wp-att-31281\"><img loading=\"lazy\" decoding=\"async\" class=\"alignnone size-full wp-image-31281\" src=\"http:\/\/inclusivenews.com.br\/wp-content\/uploads\/imagem_release_1517019.jpg\" alt=\"Atores em cena sob cen\u00e1rio (casa envidra\u00e7ada)\" width=\"420\" height=\"280\" \/><\/a><\/p>\n<p>A apresenta\u00e7\u00e3o ser\u00e1 inclusiva e contar\u00e1 com legenda, audiodescri\u00e7\u00e3o e libras, al\u00e9m de fazer parte da programa\u00e7\u00e3o da Plen\u00e1ria de Cultura do CMPD (Conselho Municipal da Pessoa com Defici\u00eancia). Guardado em Sil\u00eancio \u00e9 um drama que conta com um roteiro tocante e ao mesmo tempo importante, que deve ser contemplado por todos.<\/p>\n<p>O evento acontecer\u00e1 \u00e0s 13h no C\u00e9u Caminho do Mar, no Jardim Lourdes, em S\u00e3o Paulo. A entrada \u00e9 gratuita.<\/p>\n<p>A pe\u00e7a estreou em Pindamonhangaba, no interior de S\u00e3o Paulo, e depois passou por Mau\u00e1 (SP), S\u00e3o Caetano (SP) e S\u00e3o Paulo. Al\u00e9m do espet\u00e1culo, acontecer\u00e3o outras atividades inclusivas no local!<\/p>\n<p>SERVI\u00c7O<br \/>\nData: 01\/12 (s\u00e1bado)<br \/>\nLocal: C\u00e9u Caminho do Mar<br \/>\nEndere\u00e7o: Av. Eng. Armando de Arruda Pereira, 5241 \u2013 Jardim Lourdes (SP)<br \/>\nHor\u00e1rio: 13h<br \/>\nIngresso: gratuito<br \/>\nClassifica\u00e7\u00e3o: 12 anos<\/p>\n","protected":false},"excerpt":{"rendered":"<p>O evento, que acontecer\u00e1 s\u00e1bado dia 01\/12, ter\u00e1 legenda, audiodescri\u00e7\u00e3o e libras.<\/p>\n","protected":false},"author":2,"featured_media":0,"comment_status":"open","ping_status":"open","sticky":false,"template":"","format":"standard","meta":{"site-container-style":"default","site-container-layout":"default","site-sidebar-layout":"default","disable-article-header":"default","disable-site-header":"default","disable-site-footer":"default","disable-content-area-spacing":"default","footnotes":""},"categories":[29,48],"tags":[],"class_list":["post-31280","post","type-post","status-publish","format-standard","hentry","category-cultura","category-inclusao"],"yoast_head":"<!-- This site is optimized with the Yoast SEO plugin v27.4 - https:\/\/yoast.com\/product\/yoast-seo-wordpress\/ -->\n<title>Espet\u00e1culo Guardado em Sil\u00eancio far\u00e1 apresenta\u00e7\u00e3o inclusiva gratuita em S\u00e3o Paulo -<\/title>\n<meta name=\"robots\" content=\"index, follow, max-snippet:-1, max-image-preview:large, max-video-preview:-1\" \/>\n<link rel=\"canonical\" href=\"https:\/\/inclusivenews.com.br\/?p=31280\" \/>\n<meta property=\"og:locale\" content=\"pt_PT\" \/>\n<meta property=\"og:type\" content=\"article\" \/>\n<meta property=\"og:title\" content=\"Espet\u00e1culo Guardado em Sil\u00eancio far\u00e1 apresenta\u00e7\u00e3o inclusiva gratuita em S\u00e3o Paulo -\" \/>\n<meta property=\"og:description\" content=\"O evento, que acontecer\u00e1 s\u00e1bado dia 01\/12, ter\u00e1 legenda, audiodescri\u00e7\u00e3o e libras.\" \/>\n<meta property=\"og:url\" content=\"https:\/\/inclusivenews.com.br\/?p=31280\" \/>\n<meta property=\"article:publisher\" content=\"https:\/\/www.facebook.com\/agenciainclusive\/\" \/>\n<meta property=\"article:published_time\" content=\"2018-11-28T13:12:08+00:00\" \/>\n<meta property=\"og:image\" content=\"http:\/\/inclusivenews.com.br\/wp-content\/uploads\/imagem_release_1517019.jpg\" \/>\n<meta name=\"author\" content=\"Inclusive\" \/>\n<meta name=\"twitter:card\" content=\"summary_large_image\" \/>\n<meta name=\"twitter:label1\" content=\"Escrito por\" \/>\n\t<meta name=\"twitter:data1\" content=\"Inclusive\" \/>\n\t<meta name=\"twitter:label2\" content=\"Tempo estimado de leitura\" \/>\n\t<meta name=\"twitter:data2\" content=\"2 minutos\" \/>\n<script type=\"application\/ld+json\" class=\"yoast-schema-graph\">{\"@context\":\"https:\\\/\\\/schema.org\",\"@graph\":[{\"@type\":\"Article\",\"@id\":\"https:\\\/\\\/inclusivenews.com.br\\\/?p=31280#article\",\"isPartOf\":{\"@id\":\"https:\\\/\\\/inclusivenews.com.br\\\/?p=31280\"},\"author\":{\"name\":\"Inclusive\",\"@id\":\"https:\\\/\\\/inclusivenews.com.br\\\/#\\\/schema\\\/person\\\/0dab492019871b94abb65fa8ee7c8c44\"},\"headline\":\"Espet\u00e1culo Guardado em Sil\u00eancio far\u00e1 apresenta\u00e7\u00e3o inclusiva gratuita em S\u00e3o Paulo\",\"datePublished\":\"2018-11-28T13:12:08+00:00\",\"mainEntityOfPage\":{\"@id\":\"https:\\\/\\\/inclusivenews.com.br\\\/?p=31280\"},\"wordCount\":318,\"commentCount\":1,\"publisher\":{\"@id\":\"https:\\\/\\\/inclusivenews.com.br\\\/#organization\"},\"image\":{\"@id\":\"https:\\\/\\\/inclusivenews.com.br\\\/?p=31280#primaryimage\"},\"thumbnailUrl\":\"http:\\\/\\\/inclusivenews.com.br\\\/wp-content\\\/uploads\\\/imagem_release_1517019.jpg\",\"articleSection\":[\"Cultura\",\"INCLUS\u00c3O SOCIAL\"],\"inLanguage\":\"pt-PT\",\"potentialAction\":[{\"@type\":\"CommentAction\",\"name\":\"Comment\",\"target\":[\"https:\\\/\\\/inclusivenews.com.br\\\/?p=31280#respond\"]}]},{\"@type\":\"WebPage\",\"@id\":\"https:\\\/\\\/inclusivenews.com.br\\\/?p=31280\",\"url\":\"https:\\\/\\\/inclusivenews.com.br\\\/?p=31280\",\"name\":\"Espet\u00e1culo Guardado em Sil\u00eancio far\u00e1 apresenta\u00e7\u00e3o inclusiva gratuita em S\u00e3o Paulo -\",\"isPartOf\":{\"@id\":\"https:\\\/\\\/inclusivenews.com.br\\\/#website\"},\"primaryImageOfPage\":{\"@id\":\"https:\\\/\\\/inclusivenews.com.br\\\/?p=31280#primaryimage\"},\"image\":{\"@id\":\"https:\\\/\\\/inclusivenews.com.br\\\/?p=31280#primaryimage\"},\"thumbnailUrl\":\"http:\\\/\\\/inclusivenews.com.br\\\/wp-content\\\/uploads\\\/imagem_release_1517019.jpg\",\"datePublished\":\"2018-11-28T13:12:08+00:00\",\"breadcrumb\":{\"@id\":\"https:\\\/\\\/inclusivenews.com.br\\\/?p=31280#breadcrumb\"},\"inLanguage\":\"pt-PT\",\"potentialAction\":[{\"@type\":\"ReadAction\",\"target\":[\"https:\\\/\\\/inclusivenews.com.br\\\/?p=31280\"]}]},{\"@type\":\"ImageObject\",\"inLanguage\":\"pt-PT\",\"@id\":\"https:\\\/\\\/inclusivenews.com.br\\\/?p=31280#primaryimage\",\"url\":\"\",\"contentUrl\":\"\"},{\"@type\":\"BreadcrumbList\",\"@id\":\"https:\\\/\\\/inclusivenews.com.br\\\/?p=31280#breadcrumb\",\"itemListElement\":[{\"@type\":\"ListItem\",\"position\":1,\"name\":\"In\u00edcio\",\"item\":\"https:\\\/\\\/inclusivenews.com.br\\\/\"},{\"@type\":\"ListItem\",\"position\":2,\"name\":\"Espet\u00e1culo Guardado em Sil\u00eancio far\u00e1 apresenta\u00e7\u00e3o inclusiva gratuita em S\u00e3o Paulo\"}]},{\"@type\":\"WebSite\",\"@id\":\"https:\\\/\\\/inclusivenews.com.br\\\/#website\",\"url\":\"https:\\\/\\\/inclusivenews.com.br\\\/\",\"name\":\"Inclusive News\",\"description\":\"Inclusive News\",\"publisher\":{\"@id\":\"https:\\\/\\\/inclusivenews.com.br\\\/#organization\"},\"potentialAction\":[{\"@type\":\"SearchAction\",\"target\":{\"@type\":\"EntryPoint\",\"urlTemplate\":\"https:\\\/\\\/inclusivenews.com.br\\\/?s={search_term_string}\"},\"query-input\":{\"@type\":\"PropertyValueSpecification\",\"valueRequired\":true,\"valueName\":\"search_term_string\"}}],\"inLanguage\":\"pt-PT\"},{\"@type\":\"Organization\",\"@id\":\"https:\\\/\\\/inclusivenews.com.br\\\/#organization\",\"name\":\"Inclusive - inclus\u00e3o e cidadania\",\"url\":\"https:\\\/\\\/inclusivenews.com.br\\\/\",\"logo\":{\"@type\":\"ImageObject\",\"inLanguage\":\"pt-PT\",\"@id\":\"https:\\\/\\\/inclusivenews.com.br\\\/#\\\/schema\\\/logo\\\/image\\\/\",\"url\":\"https:\\\/\\\/inclusivenews.com.br\\\/wp-content\\\/uploads\\\/2024\\\/03\\\/@grandesite.png\",\"contentUrl\":\"https:\\\/\\\/inclusivenews.com.br\\\/wp-content\\\/uploads\\\/2024\\\/03\\\/@grandesite.png\",\"width\":1080,\"height\":1080,\"caption\":\"Inclusive - inclus\u00e3o e cidadania\"},\"image\":{\"@id\":\"https:\\\/\\\/inclusivenews.com.br\\\/#\\\/schema\\\/logo\\\/image\\\/\"},\"sameAs\":[\"https:\\\/\\\/www.facebook.com\\\/agenciainclusive\\\/\",\"https:\\\/\\\/www.instagram.com\\\/newsinclusive\\\/\"]},{\"@type\":\"Person\",\"@id\":\"https:\\\/\\\/inclusivenews.com.br\\\/#\\\/schema\\\/person\\\/0dab492019871b94abb65fa8ee7c8c44\",\"name\":\"Inclusive\",\"image\":{\"@type\":\"ImageObject\",\"inLanguage\":\"pt-PT\",\"@id\":\"https:\\\/\\\/secure.gravatar.com\\\/avatar\\\/?s=96&d=mm&r=g\",\"url\":\"https:\\\/\\\/secure.gravatar.com\\\/avatar\\\/?s=96&d=mm&r=g\",\"contentUrl\":\"https:\\\/\\\/secure.gravatar.com\\\/avatar\\\/?s=96&d=mm&r=g\",\"caption\":\"Inclusive\"},\"url\":\"https:\\\/\\\/inclusivenews.com.br\\\/?author=2\"}]}<\/script>\n<!-- \/ Yoast SEO plugin. -->","yoast_head_json":{"title":"Espet\u00e1culo Guardado em Sil\u00eancio far\u00e1 apresenta\u00e7\u00e3o inclusiva gratuita em S\u00e3o Paulo -","robots":{"index":"index","follow":"follow","max-snippet":"max-snippet:-1","max-image-preview":"max-image-preview:large","max-video-preview":"max-video-preview:-1"},"canonical":"https:\/\/inclusivenews.com.br\/?p=31280","og_locale":"pt_PT","og_type":"article","og_title":"Espet\u00e1culo Guardado em Sil\u00eancio far\u00e1 apresenta\u00e7\u00e3o inclusiva gratuita em S\u00e3o Paulo -","og_description":"O evento, que acontecer\u00e1 s\u00e1bado dia 01\/12, ter\u00e1 legenda, audiodescri\u00e7\u00e3o e libras.","og_url":"https:\/\/inclusivenews.com.br\/?p=31280","article_publisher":"https:\/\/www.facebook.com\/agenciainclusive\/","article_published_time":"2018-11-28T13:12:08+00:00","og_image":[{"url":"http:\/\/inclusivenews.com.br\/wp-content\/uploads\/imagem_release_1517019.jpg","type":"","width":"","height":""}],"author":"Inclusive","twitter_card":"summary_large_image","twitter_misc":{"Escrito por":"Inclusive","Tempo estimado de leitura":"2 minutos"},"schema":{"@context":"https:\/\/schema.org","@graph":[{"@type":"Article","@id":"https:\/\/inclusivenews.com.br\/?p=31280#article","isPartOf":{"@id":"https:\/\/inclusivenews.com.br\/?p=31280"},"author":{"name":"Inclusive","@id":"https:\/\/inclusivenews.com.br\/#\/schema\/person\/0dab492019871b94abb65fa8ee7c8c44"},"headline":"Espet\u00e1culo Guardado em Sil\u00eancio far\u00e1 apresenta\u00e7\u00e3o inclusiva gratuita em S\u00e3o Paulo","datePublished":"2018-11-28T13:12:08+00:00","mainEntityOfPage":{"@id":"https:\/\/inclusivenews.com.br\/?p=31280"},"wordCount":318,"commentCount":1,"publisher":{"@id":"https:\/\/inclusivenews.com.br\/#organization"},"image":{"@id":"https:\/\/inclusivenews.com.br\/?p=31280#primaryimage"},"thumbnailUrl":"http:\/\/inclusivenews.com.br\/wp-content\/uploads\/imagem_release_1517019.jpg","articleSection":["Cultura","INCLUS\u00c3O SOCIAL"],"inLanguage":"pt-PT","potentialAction":[{"@type":"CommentAction","name":"Comment","target":["https:\/\/inclusivenews.com.br\/?p=31280#respond"]}]},{"@type":"WebPage","@id":"https:\/\/inclusivenews.com.br\/?p=31280","url":"https:\/\/inclusivenews.com.br\/?p=31280","name":"Espet\u00e1culo Guardado em Sil\u00eancio far\u00e1 apresenta\u00e7\u00e3o inclusiva gratuita em S\u00e3o Paulo -","isPartOf":{"@id":"https:\/\/inclusivenews.com.br\/#website"},"primaryImageOfPage":{"@id":"https:\/\/inclusivenews.com.br\/?p=31280#primaryimage"},"image":{"@id":"https:\/\/inclusivenews.com.br\/?p=31280#primaryimage"},"thumbnailUrl":"http:\/\/inclusivenews.com.br\/wp-content\/uploads\/imagem_release_1517019.jpg","datePublished":"2018-11-28T13:12:08+00:00","breadcrumb":{"@id":"https:\/\/inclusivenews.com.br\/?p=31280#breadcrumb"},"inLanguage":"pt-PT","potentialAction":[{"@type":"ReadAction","target":["https:\/\/inclusivenews.com.br\/?p=31280"]}]},{"@type":"ImageObject","inLanguage":"pt-PT","@id":"https:\/\/inclusivenews.com.br\/?p=31280#primaryimage","url":"","contentUrl":""},{"@type":"BreadcrumbList","@id":"https:\/\/inclusivenews.com.br\/?p=31280#breadcrumb","itemListElement":[{"@type":"ListItem","position":1,"name":"In\u00edcio","item":"https:\/\/inclusivenews.com.br\/"},{"@type":"ListItem","position":2,"name":"Espet\u00e1culo Guardado em Sil\u00eancio far\u00e1 apresenta\u00e7\u00e3o inclusiva gratuita em S\u00e3o Paulo"}]},{"@type":"WebSite","@id":"https:\/\/inclusivenews.com.br\/#website","url":"https:\/\/inclusivenews.com.br\/","name":"Inclusive News","description":"Inclusive News","publisher":{"@id":"https:\/\/inclusivenews.com.br\/#organization"},"potentialAction":[{"@type":"SearchAction","target":{"@type":"EntryPoint","urlTemplate":"https:\/\/inclusivenews.com.br\/?s={search_term_string}"},"query-input":{"@type":"PropertyValueSpecification","valueRequired":true,"valueName":"search_term_string"}}],"inLanguage":"pt-PT"},{"@type":"Organization","@id":"https:\/\/inclusivenews.com.br\/#organization","name":"Inclusive - inclus\u00e3o e cidadania","url":"https:\/\/inclusivenews.com.br\/","logo":{"@type":"ImageObject","inLanguage":"pt-PT","@id":"https:\/\/inclusivenews.com.br\/#\/schema\/logo\/image\/","url":"https:\/\/inclusivenews.com.br\/wp-content\/uploads\/2024\/03\/@grandesite.png","contentUrl":"https:\/\/inclusivenews.com.br\/wp-content\/uploads\/2024\/03\/@grandesite.png","width":1080,"height":1080,"caption":"Inclusive - inclus\u00e3o e cidadania"},"image":{"@id":"https:\/\/inclusivenews.com.br\/#\/schema\/logo\/image\/"},"sameAs":["https:\/\/www.facebook.com\/agenciainclusive\/","https:\/\/www.instagram.com\/newsinclusive\/"]},{"@type":"Person","@id":"https:\/\/inclusivenews.com.br\/#\/schema\/person\/0dab492019871b94abb65fa8ee7c8c44","name":"Inclusive","image":{"@type":"ImageObject","inLanguage":"pt-PT","@id":"https:\/\/secure.gravatar.com\/avatar\/?s=96&d=mm&r=g","url":"https:\/\/secure.gravatar.com\/avatar\/?s=96&d=mm&r=g","contentUrl":"https:\/\/secure.gravatar.com\/avatar\/?s=96&d=mm&r=g","caption":"Inclusive"},"url":"https:\/\/inclusivenews.com.br\/?author=2"}]}},"_links":{"self":[{"href":"https:\/\/inclusivenews.com.br\/index.php?rest_route=\/wp\/v2\/posts\/31280","targetHints":{"allow":["GET"]}}],"collection":[{"href":"https:\/\/inclusivenews.com.br\/index.php?rest_route=\/wp\/v2\/posts"}],"about":[{"href":"https:\/\/inclusivenews.com.br\/index.php?rest_route=\/wp\/v2\/types\/post"}],"author":[{"embeddable":true,"href":"https:\/\/inclusivenews.com.br\/index.php?rest_route=\/wp\/v2\/users\/2"}],"replies":[{"embeddable":true,"href":"https:\/\/inclusivenews.com.br\/index.php?rest_route=%2Fwp%2Fv2%2Fcomments&post=31280"}],"version-history":[{"count":0,"href":"https:\/\/inclusivenews.com.br\/index.php?rest_route=\/wp\/v2\/posts\/31280\/revisions"}],"wp:attachment":[{"href":"https:\/\/inclusivenews.com.br\/index.php?rest_route=%2Fwp%2Fv2%2Fmedia&parent=31280"}],"wp:term":[{"taxonomy":"category","embeddable":true,"href":"https:\/\/inclusivenews.com.br\/index.php?rest_route=%2Fwp%2Fv2%2Fcategories&post=31280"},{"taxonomy":"post_tag","embeddable":true,"href":"https:\/\/inclusivenews.com.br\/index.php?rest_route=%2Fwp%2Fv2%2Ftags&post=31280"}],"curies":[{"name":"wp","href":"https:\/\/api.w.org\/{rel}","templated":true}]}}