{"id":31325,"date":"2018-12-20T08:26:58","date_gmt":"2018-12-20T11:26:58","guid":{"rendered":"http:\/\/www.inclusive.org.br\/?p=31325"},"modified":"2018-12-20T08:26:58","modified_gmt":"2018-12-20T11:26:58","slug":"oabsc-contesta-a-criacao-de-escola-de-educacao-especial-em-blumenau","status":"publish","type":"post","link":"https:\/\/inclusivenews.com.br\/?p=31325","title":{"rendered":"OAB\/SC contesta a cria\u00e7\u00e3o de escola de educa\u00e7\u00e3o especial em Blumenau"},"content":{"rendered":"<p>Nesta quinzena final de dezembro, a Associa\u00e7\u00e3o de Pais e Amigos de Excepcionais (APAE) de Blumenau recebeu a autoriza\u00e7\u00e3o do Conselho Estadual de Educa\u00e7\u00e3o de Santa Catarina para ser\u00a0escola de educa\u00e7\u00e3o especial.<\/p>\n<p>A Ordem dos Advogados do Brasil se\u00e7\u00e3o Santa Catarina (OAB\/SC), por meio da\u00a0 Comiss\u00e3o de Direito das Pessoas com Defici\u00eancia lan\u00e7ou nota de rep\u00fadio, abaixo transcrita:<\/p>\n<p>&nbsp;<\/p>\n<p>A Comiss\u00e3o de Direito das Pessoas com Defici\u00eancia da OAB\/SC vem a p\u00fablico manifestar que o Conselho Estadual de Educa\u00e7\u00e3o catarinense aprovou no dia 18 de dezembro de 2018 o credenciamento da Associa\u00e7\u00e3o de Pais e Amigos dos Excepcionais de Blumenau &#8211; APAE enquanto escola especial, autorizando o funcionamento na institui\u00e7\u00e3o do servi\u00e7o de Educa\u00e7\u00e3o Infantil, do Curso de Ensino Fundamental (Anos Iniciais) e Educa\u00e7\u00e3o de Jovens e Adultos.<\/p>\n<p>Essa autoriza\u00e7\u00e3o concedida pelo Conselho Catarinense de Educa\u00e7\u00e3o \u00e0 APAE de Blumenau\/SC \u00e9 contr\u00e1ria \u00e0 Conven\u00e7\u00e3o Internacional sobre os Direitos da Pessoa com Defici\u00eancia e, consequentemente, contr\u00e1ria ao bloco de constitucionalidade em fun\u00e7\u00e3o do Decreto n\u00b0 6.949\/2009 que determina o Sistema Educacional Inclusivo em todos os n\u00edveis na forma do artigo 24.<\/p>\n<p>Em Santa Catarina, embora ainda existam turmas e classes especiais, sempre houve consci\u00eancia de que a atua\u00e7\u00e3o das entidades no que tange \u00e0 educa\u00e7\u00e3o n\u00e3o pode ser substitutiva \u00e0 escola regular.<\/p>\n<p>Isso porque se tem consci\u00eancia de que n\u00e3o se pode retomar o tempo de exclus\u00e3o e segrega\u00e7\u00e3o das pessoas com defici\u00eancia aos ambientes exclusivos e excludentes. A entidade especial tem sua fun\u00e7\u00e3o no contra turno para o Atendimento Educacional Especializado \u2013 AEE, com a oferta de servi\u00e7os de sa\u00fade e capacita\u00e7\u00e3o no trabalho, assim como para atividades aos adultos com defici\u00eancia que n\u00e3o cumpriram o curr\u00edculo e, ao cumprir, devem ser encaminhados para ambientes externos \u00e0s salas de aula em busca de melhor qualidade de vida.<\/p>\n<p>Nesse contexto a modalidade especial n\u00e3o deve ser retomada, sob pena de grave exclus\u00e3o das pessoas com defici\u00eancia. N\u00e3o se trata de acabar com as entidades, mas de adequar sua atua\u00e7\u00e3o, exatamente como tem feito a APAE de S\u00e3o Paulo, por exemplo, que percebeu maior efici\u00eancia e coer\u00eancia na atua\u00e7\u00e3o nas \u00e1reas de sa\u00fade, na capacita\u00e7\u00e3o ao trabalho e tamb\u00e9m em ambientes que possam ofertar atividades aos adultos com defici\u00eancia que, por ventura, n\u00e3o tenham realizado o curr\u00edculo de ensino na rede regular.<\/p>\n<p>A autoriza\u00e7\u00e3o concedida \u00e0 APAE de Blumenau pelo Conselho Estadual de Educa\u00e7\u00e3o \u00e9 um retrocesso inconstitucional e desnecess\u00e1rio.<\/p>\n<p>As entidades fazem um papel fundamental na vida das pessoas com defici\u00eancia. No entanto, aquelas que defendem a substitui\u00e7\u00e3o do ensino regular precisam compreender o significado da luta de inclus\u00e3o \u2013 uma li\u00e7\u00e3o fundamental de humanidade. A inclus\u00e3o significa um modo de conviv\u00eancia sem exclus\u00f5es, sem discrimina\u00e7\u00f5es em um ambiente de fraternidade. Privar as pessoas com e sem defici\u00eancia do conv\u00edvio \u00e9 tamb\u00e9m privar a constru\u00e7\u00e3o di\u00e1ria de uma sociedade inclusiva, acolhedora e que valoriza a diversidade.<\/p>\n<p>Este \u00e9 o entendimento da Comiss\u00e3o de Direito das Pessoas com Defici\u00eancia da OAB\/SC.<\/p>\n<p>&nbsp;<\/p>\n<p>http:\/\/www.oab-sc.org.br\/noticias\/nota-oficial&#8212;comissao-direito-das-pessoas-deficiencia-oabsc-caso-apae-blumenau\/15856<img loading=\"lazy\" decoding=\"async\" class=\"alignnone size-medium wp-image-31326\" src=\"http:\/\/inclusivenews.com.br\/wp-content\/uploads\/oab_4-300x188.jpg\" alt=\"oab_4\" width=\"300\" height=\"188\" \/><\/p>\n","protected":false},"excerpt":{"rendered":"<p>Nesta quinzena final de dezembro, a Associa\u00e7\u00e3o de Pais e Amigos de Excepcionais (APAE) de Blumenau recebeu a autoriza\u00e7\u00e3o do Conselho Estadual de Educa\u00e7\u00e3o de Santa Catarina para ser\u00a0escola de educa\u00e7\u00e3o especial. A Ordem dos Advogados do Brasil se\u00e7\u00e3o Santa Catarina (OAB\/SC), por meio da\u00a0 Comiss\u00e3o de Direito das Pessoas com Defici\u00eancia lan\u00e7ou nota de [&hellip;]<\/p>\n","protected":false},"author":1,"featured_media":31326,"comment_status":"open","ping_status":"open","sticky":false,"template":"","format":"standard","meta":{"site-container-style":"default","site-container-layout":"default","site-sidebar-layout":"default","disable-article-header":"default","disable-site-header":"default","disable-site-footer":"default","disable-content-area-spacing":"default","footnotes":""},"categories":[6,48],"tags":[440,129,441,442,443],"class_list":["post-31325","post","type-post","status-publish","format-standard","has-post-thumbnail","hentry","category-educacao","category-inclusao","tag-apae","tag-educacao-especial","tag-oab","tag-politica-nacional-de-educacao-especial-na-perspectiva-inclusiva","tag-politica-nacional-de-educacao-inclusiva"],"yoast_head":"<!-- This site is optimized with the Yoast SEO plugin v27.4 - https:\/\/yoast.com\/product\/yoast-seo-wordpress\/ -->\n<title>OAB\/SC contesta a cria\u00e7\u00e3o de escola de educa\u00e7\u00e3o especial em Blumenau -<\/title>\n<meta name=\"robots\" content=\"index, follow, max-snippet:-1, max-image-preview:large, max-video-preview:-1\" \/>\n<link rel=\"canonical\" href=\"https:\/\/inclusivenews.com.br\/?p=31325\" \/>\n<meta property=\"og:locale\" content=\"pt_PT\" \/>\n<meta property=\"og:type\" content=\"article\" \/>\n<meta property=\"og:title\" content=\"OAB\/SC contesta a cria\u00e7\u00e3o de escola de educa\u00e7\u00e3o especial em Blumenau -\" \/>\n<meta property=\"og:description\" content=\"Nesta quinzena final de dezembro, a Associa\u00e7\u00e3o de Pais e Amigos de Excepcionais (APAE) de Blumenau recebeu a autoriza\u00e7\u00e3o do Conselho Estadual de Educa\u00e7\u00e3o de Santa Catarina para ser\u00a0escola de educa\u00e7\u00e3o especial. A Ordem dos Advogados do Brasil se\u00e7\u00e3o Santa Catarina (OAB\/SC), por meio da\u00a0 Comiss\u00e3o de Direito das Pessoas com Defici\u00eancia lan\u00e7ou nota de [&hellip;]\" \/>\n<meta property=\"og:url\" content=\"https:\/\/inclusivenews.com.br\/?p=31325\" \/>\n<meta property=\"article:publisher\" content=\"https:\/\/www.facebook.com\/agenciainclusive\/\" \/>\n<meta property=\"article:published_time\" content=\"2018-12-20T11:26:58+00:00\" \/>\n<meta name=\"author\" content=\"inclusivenews2024\" \/>\n<meta name=\"twitter:card\" content=\"summary_large_image\" \/>\n<meta name=\"twitter:label1\" content=\"Escrito por\" \/>\n\t<meta name=\"twitter:data1\" content=\"inclusivenews2024\" \/>\n\t<meta name=\"twitter:label2\" content=\"Tempo estimado de leitura\" \/>\n\t<meta name=\"twitter:data2\" content=\"3 minutos\" \/>\n<script type=\"application\/ld+json\" class=\"yoast-schema-graph\">{\"@context\":\"https:\\\/\\\/schema.org\",\"@graph\":[{\"@type\":\"Article\",\"@id\":\"https:\\\/\\\/inclusivenews.com.br\\\/?p=31325#article\",\"isPartOf\":{\"@id\":\"https:\\\/\\\/inclusivenews.com.br\\\/?p=31325\"},\"author\":{\"name\":\"inclusivenews2024\",\"@id\":\"https:\\\/\\\/inclusivenews.com.br\\\/#\\\/schema\\\/person\\\/ae4ec7087559b8692fb33b6fffd2273b\"},\"headline\":\"OAB\\\/SC contesta a cria\u00e7\u00e3o de escola de educa\u00e7\u00e3o especial em Blumenau\",\"datePublished\":\"2018-12-20T11:26:58+00:00\",\"mainEntityOfPage\":{\"@id\":\"https:\\\/\\\/inclusivenews.com.br\\\/?p=31325\"},\"wordCount\":576,\"commentCount\":2,\"publisher\":{\"@id\":\"https:\\\/\\\/inclusivenews.com.br\\\/#organization\"},\"image\":{\"@id\":\"https:\\\/\\\/inclusivenews.com.br\\\/?p=31325#primaryimage\"},\"thumbnailUrl\":\"\",\"keywords\":[\"apae\",\"Educa\u00e7\u00e3o Especial\",\"oab\",\"pol\u00edtica nacional de educa\u00e7\u00e3o especial na perspectiva inclusiva\",\"pol\u00edtica nacional de educa\u00e7\u00e3o inclusiva\"],\"articleSection\":[\"EDUCA\u00c7\u00c3O\",\"INCLUS\u00c3O SOCIAL\"],\"inLanguage\":\"pt-PT\",\"potentialAction\":[{\"@type\":\"CommentAction\",\"name\":\"Comment\",\"target\":[\"https:\\\/\\\/inclusivenews.com.br\\\/?p=31325#respond\"]}]},{\"@type\":\"WebPage\",\"@id\":\"https:\\\/\\\/inclusivenews.com.br\\\/?p=31325\",\"url\":\"https:\\\/\\\/inclusivenews.com.br\\\/?p=31325\",\"name\":\"OAB\\\/SC contesta a cria\u00e7\u00e3o de escola de educa\u00e7\u00e3o especial em Blumenau -\",\"isPartOf\":{\"@id\":\"https:\\\/\\\/inclusivenews.com.br\\\/#website\"},\"primaryImageOfPage\":{\"@id\":\"https:\\\/\\\/inclusivenews.com.br\\\/?p=31325#primaryimage\"},\"image\":{\"@id\":\"https:\\\/\\\/inclusivenews.com.br\\\/?p=31325#primaryimage\"},\"thumbnailUrl\":\"\",\"datePublished\":\"2018-12-20T11:26:58+00:00\",\"breadcrumb\":{\"@id\":\"https:\\\/\\\/inclusivenews.com.br\\\/?p=31325#breadcrumb\"},\"inLanguage\":\"pt-PT\",\"potentialAction\":[{\"@type\":\"ReadAction\",\"target\":[\"https:\\\/\\\/inclusivenews.com.br\\\/?p=31325\"]}]},{\"@type\":\"ImageObject\",\"inLanguage\":\"pt-PT\",\"@id\":\"https:\\\/\\\/inclusivenews.com.br\\\/?p=31325#primaryimage\",\"url\":\"\",\"contentUrl\":\"\"},{\"@type\":\"BreadcrumbList\",\"@id\":\"https:\\\/\\\/inclusivenews.com.br\\\/?p=31325#breadcrumb\",\"itemListElement\":[{\"@type\":\"ListItem\",\"position\":1,\"name\":\"In\u00edcio\",\"item\":\"https:\\\/\\\/inclusivenews.com.br\\\/\"},{\"@type\":\"ListItem\",\"position\":2,\"name\":\"OAB\\\/SC contesta a cria\u00e7\u00e3o de escola de educa\u00e7\u00e3o especial em Blumenau\"}]},{\"@type\":\"WebSite\",\"@id\":\"https:\\\/\\\/inclusivenews.com.br\\\/#website\",\"url\":\"https:\\\/\\\/inclusivenews.com.br\\\/\",\"name\":\"Inclusive News\",\"description\":\"Inclusive News\",\"publisher\":{\"@id\":\"https:\\\/\\\/inclusivenews.com.br\\\/#organization\"},\"potentialAction\":[{\"@type\":\"SearchAction\",\"target\":{\"@type\":\"EntryPoint\",\"urlTemplate\":\"https:\\\/\\\/inclusivenews.com.br\\\/?s={search_term_string}\"},\"query-input\":{\"@type\":\"PropertyValueSpecification\",\"valueRequired\":true,\"valueName\":\"search_term_string\"}}],\"inLanguage\":\"pt-PT\"},{\"@type\":\"Organization\",\"@id\":\"https:\\\/\\\/inclusivenews.com.br\\\/#organization\",\"name\":\"Inclusive - inclus\u00e3o e cidadania\",\"url\":\"https:\\\/\\\/inclusivenews.com.br\\\/\",\"logo\":{\"@type\":\"ImageObject\",\"inLanguage\":\"pt-PT\",\"@id\":\"https:\\\/\\\/inclusivenews.com.br\\\/#\\\/schema\\\/logo\\\/image\\\/\",\"url\":\"https:\\\/\\\/inclusivenews.com.br\\\/wp-content\\\/uploads\\\/2024\\\/03\\\/@grandesite.png\",\"contentUrl\":\"https:\\\/\\\/inclusivenews.com.br\\\/wp-content\\\/uploads\\\/2024\\\/03\\\/@grandesite.png\",\"width\":1080,\"height\":1080,\"caption\":\"Inclusive - inclus\u00e3o e cidadania\"},\"image\":{\"@id\":\"https:\\\/\\\/inclusivenews.com.br\\\/#\\\/schema\\\/logo\\\/image\\\/\"},\"sameAs\":[\"https:\\\/\\\/www.facebook.com\\\/agenciainclusive\\\/\",\"https:\\\/\\\/www.instagram.com\\\/newsinclusive\\\/\"]},{\"@type\":\"Person\",\"@id\":\"https:\\\/\\\/inclusivenews.com.br\\\/#\\\/schema\\\/person\\\/ae4ec7087559b8692fb33b6fffd2273b\",\"name\":\"inclusivenews2024\",\"image\":{\"@type\":\"ImageObject\",\"inLanguage\":\"pt-PT\",\"@id\":\"https:\\\/\\\/secure.gravatar.com\\\/avatar\\\/c5a7ef84c66fa914f55bc4f7ce26cfa275a3b9a1c5568b907bd184fb4dde7b40?s=96&d=mm&r=g\",\"url\":\"https:\\\/\\\/secure.gravatar.com\\\/avatar\\\/c5a7ef84c66fa914f55bc4f7ce26cfa275a3b9a1c5568b907bd184fb4dde7b40?s=96&d=mm&r=g\",\"contentUrl\":\"https:\\\/\\\/secure.gravatar.com\\\/avatar\\\/c5a7ef84c66fa914f55bc4f7ce26cfa275a3b9a1c5568b907bd184fb4dde7b40?s=96&d=mm&r=g\",\"caption\":\"inclusivenews2024\"},\"sameAs\":[\"https:\\\/\\\/inclusivenews.com.br\"],\"url\":\"https:\\\/\\\/inclusivenews.com.br\\\/?author=1\"}]}<\/script>\n<!-- \/ Yoast SEO plugin. -->","yoast_head_json":{"title":"OAB\/SC contesta a cria\u00e7\u00e3o de escola de educa\u00e7\u00e3o especial em Blumenau -","robots":{"index":"index","follow":"follow","max-snippet":"max-snippet:-1","max-image-preview":"max-image-preview:large","max-video-preview":"max-video-preview:-1"},"canonical":"https:\/\/inclusivenews.com.br\/?p=31325","og_locale":"pt_PT","og_type":"article","og_title":"OAB\/SC contesta a cria\u00e7\u00e3o de escola de educa\u00e7\u00e3o especial em Blumenau -","og_description":"Nesta quinzena final de dezembro, a Associa\u00e7\u00e3o de Pais e Amigos de Excepcionais (APAE) de Blumenau recebeu a autoriza\u00e7\u00e3o do Conselho Estadual de Educa\u00e7\u00e3o de Santa Catarina para ser\u00a0escola de educa\u00e7\u00e3o especial. A Ordem dos Advogados do Brasil se\u00e7\u00e3o Santa Catarina (OAB\/SC), por meio da\u00a0 Comiss\u00e3o de Direito das Pessoas com Defici\u00eancia lan\u00e7ou nota de [&hellip;]","og_url":"https:\/\/inclusivenews.com.br\/?p=31325","article_publisher":"https:\/\/www.facebook.com\/agenciainclusive\/","article_published_time":"2018-12-20T11:26:58+00:00","author":"inclusivenews2024","twitter_card":"summary_large_image","twitter_misc":{"Escrito por":"inclusivenews2024","Tempo estimado de leitura":"3 minutos"},"schema":{"@context":"https:\/\/schema.org","@graph":[{"@type":"Article","@id":"https:\/\/inclusivenews.com.br\/?p=31325#article","isPartOf":{"@id":"https:\/\/inclusivenews.com.br\/?p=31325"},"author":{"name":"inclusivenews2024","@id":"https:\/\/inclusivenews.com.br\/#\/schema\/person\/ae4ec7087559b8692fb33b6fffd2273b"},"headline":"OAB\/SC contesta a cria\u00e7\u00e3o de escola de educa\u00e7\u00e3o especial em Blumenau","datePublished":"2018-12-20T11:26:58+00:00","mainEntityOfPage":{"@id":"https:\/\/inclusivenews.com.br\/?p=31325"},"wordCount":576,"commentCount":2,"publisher":{"@id":"https:\/\/inclusivenews.com.br\/#organization"},"image":{"@id":"https:\/\/inclusivenews.com.br\/?p=31325#primaryimage"},"thumbnailUrl":"","keywords":["apae","Educa\u00e7\u00e3o Especial","oab","pol\u00edtica nacional de educa\u00e7\u00e3o especial na perspectiva inclusiva","pol\u00edtica nacional de educa\u00e7\u00e3o inclusiva"],"articleSection":["EDUCA\u00c7\u00c3O","INCLUS\u00c3O SOCIAL"],"inLanguage":"pt-PT","potentialAction":[{"@type":"CommentAction","name":"Comment","target":["https:\/\/inclusivenews.com.br\/?p=31325#respond"]}]},{"@type":"WebPage","@id":"https:\/\/inclusivenews.com.br\/?p=31325","url":"https:\/\/inclusivenews.com.br\/?p=31325","name":"OAB\/SC contesta a cria\u00e7\u00e3o de escola de educa\u00e7\u00e3o especial em Blumenau -","isPartOf":{"@id":"https:\/\/inclusivenews.com.br\/#website"},"primaryImageOfPage":{"@id":"https:\/\/inclusivenews.com.br\/?p=31325#primaryimage"},"image":{"@id":"https:\/\/inclusivenews.com.br\/?p=31325#primaryimage"},"thumbnailUrl":"","datePublished":"2018-12-20T11:26:58+00:00","breadcrumb":{"@id":"https:\/\/inclusivenews.com.br\/?p=31325#breadcrumb"},"inLanguage":"pt-PT","potentialAction":[{"@type":"ReadAction","target":["https:\/\/inclusivenews.com.br\/?p=31325"]}]},{"@type":"ImageObject","inLanguage":"pt-PT","@id":"https:\/\/inclusivenews.com.br\/?p=31325#primaryimage","url":"","contentUrl":""},{"@type":"BreadcrumbList","@id":"https:\/\/inclusivenews.com.br\/?p=31325#breadcrumb","itemListElement":[{"@type":"ListItem","position":1,"name":"In\u00edcio","item":"https:\/\/inclusivenews.com.br\/"},{"@type":"ListItem","position":2,"name":"OAB\/SC contesta a cria\u00e7\u00e3o de escola de educa\u00e7\u00e3o especial em Blumenau"}]},{"@type":"WebSite","@id":"https:\/\/inclusivenews.com.br\/#website","url":"https:\/\/inclusivenews.com.br\/","name":"Inclusive News","description":"Inclusive News","publisher":{"@id":"https:\/\/inclusivenews.com.br\/#organization"},"potentialAction":[{"@type":"SearchAction","target":{"@type":"EntryPoint","urlTemplate":"https:\/\/inclusivenews.com.br\/?s={search_term_string}"},"query-input":{"@type":"PropertyValueSpecification","valueRequired":true,"valueName":"search_term_string"}}],"inLanguage":"pt-PT"},{"@type":"Organization","@id":"https:\/\/inclusivenews.com.br\/#organization","name":"Inclusive - inclus\u00e3o e cidadania","url":"https:\/\/inclusivenews.com.br\/","logo":{"@type":"ImageObject","inLanguage":"pt-PT","@id":"https:\/\/inclusivenews.com.br\/#\/schema\/logo\/image\/","url":"https:\/\/inclusivenews.com.br\/wp-content\/uploads\/2024\/03\/@grandesite.png","contentUrl":"https:\/\/inclusivenews.com.br\/wp-content\/uploads\/2024\/03\/@grandesite.png","width":1080,"height":1080,"caption":"Inclusive - inclus\u00e3o e cidadania"},"image":{"@id":"https:\/\/inclusivenews.com.br\/#\/schema\/logo\/image\/"},"sameAs":["https:\/\/www.facebook.com\/agenciainclusive\/","https:\/\/www.instagram.com\/newsinclusive\/"]},{"@type":"Person","@id":"https:\/\/inclusivenews.com.br\/#\/schema\/person\/ae4ec7087559b8692fb33b6fffd2273b","name":"inclusivenews2024","image":{"@type":"ImageObject","inLanguage":"pt-PT","@id":"https:\/\/secure.gravatar.com\/avatar\/c5a7ef84c66fa914f55bc4f7ce26cfa275a3b9a1c5568b907bd184fb4dde7b40?s=96&d=mm&r=g","url":"https:\/\/secure.gravatar.com\/avatar\/c5a7ef84c66fa914f55bc4f7ce26cfa275a3b9a1c5568b907bd184fb4dde7b40?s=96&d=mm&r=g","contentUrl":"https:\/\/secure.gravatar.com\/avatar\/c5a7ef84c66fa914f55bc4f7ce26cfa275a3b9a1c5568b907bd184fb4dde7b40?s=96&d=mm&r=g","caption":"inclusivenews2024"},"sameAs":["https:\/\/inclusivenews.com.br"],"url":"https:\/\/inclusivenews.com.br\/?author=1"}]}},"_links":{"self":[{"href":"https:\/\/inclusivenews.com.br\/index.php?rest_route=\/wp\/v2\/posts\/31325","targetHints":{"allow":["GET"]}}],"collection":[{"href":"https:\/\/inclusivenews.com.br\/index.php?rest_route=\/wp\/v2\/posts"}],"about":[{"href":"https:\/\/inclusivenews.com.br\/index.php?rest_route=\/wp\/v2\/types\/post"}],"author":[{"embeddable":true,"href":"https:\/\/inclusivenews.com.br\/index.php?rest_route=\/wp\/v2\/users\/1"}],"replies":[{"embeddable":true,"href":"https:\/\/inclusivenews.com.br\/index.php?rest_route=%2Fwp%2Fv2%2Fcomments&post=31325"}],"version-history":[{"count":0,"href":"https:\/\/inclusivenews.com.br\/index.php?rest_route=\/wp\/v2\/posts\/31325\/revisions"}],"wp:featuredmedia":[{"embeddable":true,"href":"https:\/\/inclusivenews.com.br\/index.php?rest_route=\/"}],"wp:attachment":[{"href":"https:\/\/inclusivenews.com.br\/index.php?rest_route=%2Fwp%2Fv2%2Fmedia&parent=31325"}],"wp:term":[{"taxonomy":"category","embeddable":true,"href":"https:\/\/inclusivenews.com.br\/index.php?rest_route=%2Fwp%2Fv2%2Fcategories&post=31325"},{"taxonomy":"post_tag","embeddable":true,"href":"https:\/\/inclusivenews.com.br\/index.php?rest_route=%2Fwp%2Fv2%2Ftags&post=31325"}],"curies":[{"name":"wp","href":"https:\/\/api.w.org\/{rel}","templated":true}]}}