{"id":31367,"date":"2019-01-08T16:18:40","date_gmt":"2019-01-08T19:18:40","guid":{"rendered":"http:\/\/www.inclusive.org.br\/?p=31367"},"modified":"2019-01-08T16:18:40","modified_gmt":"2019-01-08T19:18:40","slug":"projetos-brasileiros-vencem-premiacao-internacional-pela-inclusao-de-pessoas-com-deficiencia","status":"publish","type":"post","link":"https:\/\/inclusivenews.com.br\/?p=31367","title":{"rendered":"Projetos brasileiros vencem premia\u00e7\u00e3o internacional pela inclus\u00e3o de pessoas com defici\u00eancia"},"content":{"rendered":"<p><a href=\"http:\/\/www.inclusive.org.br\/arquivos\/31367\/eg\" rel=\"attachment wp-att-31368\"><img loading=\"lazy\" decoding=\"async\" class=\"alignnone size-medium wp-image-31368\" src=\"http:\/\/inclusivenews.com.br\/wp-content\/uploads\/eg-300x200.jpg\" alt=\"ginasio, com pessoas sentadas em cadeiras fazendo uma grande roda. duas pessoas ao centro.\" width=\"300\" height=\"200\" \/><\/a><\/p>\n<p>Dois projetos brasileiros foram vencedores de pr\u00e1ticas e pol\u00edticas inovadoras mundiais na \u00e1rea de vida independente e participa\u00e7\u00e3o pol\u00edtica de pessoas com defici\u00eancia. A premia\u00e7\u00e3o \u00e9 concedida anualmente pelo Zero Project, iniciativa da Essl Foundation, da Austria.<\/p>\n<p>O Tribunal Superior Eleitoral foi premiado pelo Programa de Acessibilidade da Justi\u00e7a Eleitoral, iniciativa\u00a0proposta pelo Dr.\u00a0Joelson Dias, quando Ministro do TSE. O\u00a0Brasil havia acabado de ratificar a Conven\u00e7\u00e3o sobre os Direitos das Pessoas com Defici\u00eancia e, por sugest\u00e3o de Dias ,o\u00a0tribunal criou uma comiss\u00e3o de estudos que elaborou a minuta,\u00a0mais tarde aprovada pela Corte como o Programa de Acessibilidade da Justi\u00e7a Eleitoral brasileira.<\/p>\n<p><span id=\"u_fetchstream_19_7\" class=\"_ezo\"><\/span>O outro projeto brasileiro \u00e9 o Agentes de Promo\u00e7\u00e3o da Acessibilidade, da Escola de Gente.\u00a0Al\u00e9m disso, o projeto foi\u00a0selecionado entre os\u00a0que t\u00eam maior potencial de multiplica\u00e7\u00e3o pelo mundo afora.<\/p>\n<p>No pr\u00f3ximo m\u00eas,\u00a0ambos receber\u00e3o a premia\u00e7\u00e3o do\u00a0<a class=\"profileLink\" href=\"https:\/\/www.facebook.com\/zeroproject.org\/?__tn__=K-R&amp;eid=ARA8oZRBxlc1TrIiRngfTeqdNAACK1jROMHwUtA6E8lenboJANnYi1knYJJvqPj3hbbrSgTRyicNURpT&amp;fref=mentions&amp;__xts__%5B0%5D=68.ARAoASK9W4K0dd6j1ckvvdL7Yqjv5qM_NJXlxlQCXOraagyEHZvNBC5QGve-nvbOKMI1I3bpZR3tqTmPOFC-KHURCvKSb4sRAWZt2dl-yd1qhKuvkh0HdYfvjiNK8iwou0dgGF_iHtT4NYdnmQpmnp8jjGJ9KUJvEbfsN8m1CzZIFWCn-afXiNnRjdXjqxNKjeV1wddtRgi5DhDGRZ2QrvT7eKklFkbHP7IMNR4u8lCkVVb7jxBjfGH5Zv8ROt3KG1uub0DZzM6bvRmH0E-gO2iYojNcSFz1WOVevYW0mHPL_CDTO_nvyh6bE0uP85rEYXksawulTd8w5yYrlJpRga9HIw\" data-hovercard=\"\/ajax\/hovercard\/page.php?id=353631608009839&amp;extragetparams=%7B%22__tn__%22%3A%22%2CdK-R-R%22%2C%22eid%22%3A%22ARA8oZRBxlc1TrIiRngfTeqdNAACK1jROMHwUtA6E8lenboJANnYi1knYJJvqPj3hbbrSgTRyicNURpT%22%2C%22fref%22%3A%22mentions%22%7D\" data-hovercard-prefer-more-content-show=\"1\">Zero Project<\/a>, na sede das Na\u00e7\u00f5es Unidas em Viena, \u00c1ustria.<\/p>\n<p>A not\u00edcia est\u00e1 em ingl\u00eas:<br \/>\n<a href=\"https:\/\/zeroproject.org\/2019-awardees\/?fbclid=IwAR0y7Vy_crOHPZdACzDZskOMzWPxFfqcj1BhLoBBgeV03zq2PqxmTHIT0XQ\" target=\"_blank\" rel=\"noopener nofollow\" data-ft=\"{&quot;tn&quot;:&quot;-U&quot;}\" data-lynx-mode=\"asynclazy\" data-lynx-uri=\"https:\/\/l.facebook.com\/l.php?u=https%3A%2F%2Fzeroproject.org%2F2019-awardees%2F%3Ffbclid%3DIwAR0y7Vy_crOHPZdACzDZskOMzWPxFfqcj1BhLoBBgeV03zq2PqxmTHIT0XQ&amp;h=AT1aKkHgsJ_McSW5o8beDoW5eabNI1BdhUP1sjYKTciyZKXvWtiqkQpZ0SZnXrBzVWC-6KjxHrSNWyzC9dSqL9aYw-qWamqda5sW_uoXC_OeETG3fwEEjtZmV65PoHGuuWIozOahShqOxWmFdtauHzWgjGE\">https:\/\/zeroproject.org\/2019-awardees\/<\/a><\/p>\n","protected":false},"excerpt":{"rendered":"<p>Dois projetos brasileiros foram vencedores de pr\u00e1ticas e pol\u00edticas inovadoras mundiais na \u00e1rea de vida independente e participa\u00e7\u00e3o pol\u00edtica de pessoas com defici\u00eancia. A premia\u00e7\u00e3o \u00e9 concedida anualmente pelo Zero Project, iniciativa da Essl Foundation, da Austria. O Tribunal Superior Eleitoral foi premiado pelo Programa de Acessibilidade da Justi\u00e7a Eleitoral, iniciativa\u00a0proposta pelo Dr.\u00a0Joelson Dias, quando [&hellip;]<\/p>\n","protected":false},"author":2,"featured_media":0,"comment_status":"open","ping_status":"open","sticky":false,"template":"","format":"standard","meta":{"site-container-style":"default","site-container-layout":"default","site-sidebar-layout":"default","disable-article-header":"default","disable-site-header":"default","disable-site-footer":"default","disable-content-area-spacing":"default","footnotes":""},"categories":[48],"tags":[],"class_list":["post-31367","post","type-post","status-publish","format-standard","hentry","category-inclusao"],"yoast_head":"<!-- This site is optimized with the Yoast SEO plugin v27.4 - https:\/\/yoast.com\/product\/yoast-seo-wordpress\/ -->\n<title>Projetos brasileiros vencem premia\u00e7\u00e3o internacional pela inclus\u00e3o de pessoas com defici\u00eancia -<\/title>\n<meta name=\"robots\" content=\"index, follow, max-snippet:-1, max-image-preview:large, max-video-preview:-1\" \/>\n<link rel=\"canonical\" href=\"https:\/\/inclusivenews.com.br\/?p=31367\" \/>\n<meta property=\"og:locale\" content=\"pt_PT\" \/>\n<meta property=\"og:type\" content=\"article\" \/>\n<meta property=\"og:title\" content=\"Projetos brasileiros vencem premia\u00e7\u00e3o internacional pela inclus\u00e3o de pessoas com defici\u00eancia -\" \/>\n<meta property=\"og:description\" content=\"Dois projetos brasileiros foram vencedores de pr\u00e1ticas e pol\u00edticas inovadoras mundiais na \u00e1rea de vida independente e participa\u00e7\u00e3o pol\u00edtica de pessoas com defici\u00eancia. A premia\u00e7\u00e3o \u00e9 concedida anualmente pelo Zero Project, iniciativa da Essl Foundation, da Austria. O Tribunal Superior Eleitoral foi premiado pelo Programa de Acessibilidade da Justi\u00e7a Eleitoral, iniciativa\u00a0proposta pelo Dr.\u00a0Joelson Dias, quando [&hellip;]\" \/>\n<meta property=\"og:url\" content=\"https:\/\/inclusivenews.com.br\/?p=31367\" \/>\n<meta property=\"article:publisher\" content=\"https:\/\/www.facebook.com\/agenciainclusive\/\" \/>\n<meta property=\"article:published_time\" content=\"2019-01-08T19:18:40+00:00\" \/>\n<meta property=\"og:image\" content=\"http:\/\/inclusivenews.com.br\/wp-content\/uploads\/eg-300x200.jpg\" \/>\n<meta name=\"author\" content=\"Inclusive\" \/>\n<meta name=\"twitter:card\" content=\"summary_large_image\" \/>\n<meta name=\"twitter:label1\" content=\"Escrito por\" \/>\n\t<meta name=\"twitter:data1\" content=\"Inclusive\" \/>\n\t<meta name=\"twitter:label2\" content=\"Tempo estimado de leitura\" \/>\n\t<meta name=\"twitter:data2\" content=\"1 minuto\" \/>\n<script type=\"application\/ld+json\" class=\"yoast-schema-graph\">{\"@context\":\"https:\\\/\\\/schema.org\",\"@graph\":[{\"@type\":\"Article\",\"@id\":\"https:\\\/\\\/inclusivenews.com.br\\\/?p=31367#article\",\"isPartOf\":{\"@id\":\"https:\\\/\\\/inclusivenews.com.br\\\/?p=31367\"},\"author\":{\"name\":\"Inclusive\",\"@id\":\"https:\\\/\\\/inclusivenews.com.br\\\/#\\\/schema\\\/person\\\/0dab492019871b94abb65fa8ee7c8c44\"},\"headline\":\"Projetos brasileiros vencem premia\u00e7\u00e3o internacional pela inclus\u00e3o de pessoas com defici\u00eancia\",\"datePublished\":\"2019-01-08T19:18:40+00:00\",\"mainEntityOfPage\":{\"@id\":\"https:\\\/\\\/inclusivenews.com.br\\\/?p=31367\"},\"wordCount\":199,\"commentCount\":0,\"publisher\":{\"@id\":\"https:\\\/\\\/inclusivenews.com.br\\\/#organization\"},\"image\":{\"@id\":\"https:\\\/\\\/inclusivenews.com.br\\\/?p=31367#primaryimage\"},\"thumbnailUrl\":\"http:\\\/\\\/inclusivenews.com.br\\\/wp-content\\\/uploads\\\/eg-300x200.jpg\",\"articleSection\":[\"INCLUS\u00c3O SOCIAL\"],\"inLanguage\":\"pt-PT\",\"potentialAction\":[{\"@type\":\"CommentAction\",\"name\":\"Comment\",\"target\":[\"https:\\\/\\\/inclusivenews.com.br\\\/?p=31367#respond\"]}]},{\"@type\":\"WebPage\",\"@id\":\"https:\\\/\\\/inclusivenews.com.br\\\/?p=31367\",\"url\":\"https:\\\/\\\/inclusivenews.com.br\\\/?p=31367\",\"name\":\"Projetos brasileiros vencem premia\u00e7\u00e3o internacional pela inclus\u00e3o de pessoas com defici\u00eancia -\",\"isPartOf\":{\"@id\":\"https:\\\/\\\/inclusivenews.com.br\\\/#website\"},\"primaryImageOfPage\":{\"@id\":\"https:\\\/\\\/inclusivenews.com.br\\\/?p=31367#primaryimage\"},\"image\":{\"@id\":\"https:\\\/\\\/inclusivenews.com.br\\\/?p=31367#primaryimage\"},\"thumbnailUrl\":\"http:\\\/\\\/inclusivenews.com.br\\\/wp-content\\\/uploads\\\/eg-300x200.jpg\",\"datePublished\":\"2019-01-08T19:18:40+00:00\",\"breadcrumb\":{\"@id\":\"https:\\\/\\\/inclusivenews.com.br\\\/?p=31367#breadcrumb\"},\"inLanguage\":\"pt-PT\",\"potentialAction\":[{\"@type\":\"ReadAction\",\"target\":[\"https:\\\/\\\/inclusivenews.com.br\\\/?p=31367\"]}]},{\"@type\":\"ImageObject\",\"inLanguage\":\"pt-PT\",\"@id\":\"https:\\\/\\\/inclusivenews.com.br\\\/?p=31367#primaryimage\",\"url\":\"\",\"contentUrl\":\"\"},{\"@type\":\"BreadcrumbList\",\"@id\":\"https:\\\/\\\/inclusivenews.com.br\\\/?p=31367#breadcrumb\",\"itemListElement\":[{\"@type\":\"ListItem\",\"position\":1,\"name\":\"In\u00edcio\",\"item\":\"https:\\\/\\\/inclusivenews.com.br\\\/\"},{\"@type\":\"ListItem\",\"position\":2,\"name\":\"Projetos brasileiros vencem premia\u00e7\u00e3o internacional pela inclus\u00e3o de pessoas com defici\u00eancia\"}]},{\"@type\":\"WebSite\",\"@id\":\"https:\\\/\\\/inclusivenews.com.br\\\/#website\",\"url\":\"https:\\\/\\\/inclusivenews.com.br\\\/\",\"name\":\"Inclusive News\",\"description\":\"Inclusive News\",\"publisher\":{\"@id\":\"https:\\\/\\\/inclusivenews.com.br\\\/#organization\"},\"potentialAction\":[{\"@type\":\"SearchAction\",\"target\":{\"@type\":\"EntryPoint\",\"urlTemplate\":\"https:\\\/\\\/inclusivenews.com.br\\\/?s={search_term_string}\"},\"query-input\":{\"@type\":\"PropertyValueSpecification\",\"valueRequired\":true,\"valueName\":\"search_term_string\"}}],\"inLanguage\":\"pt-PT\"},{\"@type\":\"Organization\",\"@id\":\"https:\\\/\\\/inclusivenews.com.br\\\/#organization\",\"name\":\"Inclusive - inclus\u00e3o e cidadania\",\"url\":\"https:\\\/\\\/inclusivenews.com.br\\\/\",\"logo\":{\"@type\":\"ImageObject\",\"inLanguage\":\"pt-PT\",\"@id\":\"https:\\\/\\\/inclusivenews.com.br\\\/#\\\/schema\\\/logo\\\/image\\\/\",\"url\":\"https:\\\/\\\/inclusivenews.com.br\\\/wp-content\\\/uploads\\\/2024\\\/03\\\/@grandesite.png\",\"contentUrl\":\"https:\\\/\\\/inclusivenews.com.br\\\/wp-content\\\/uploads\\\/2024\\\/03\\\/@grandesite.png\",\"width\":1080,\"height\":1080,\"caption\":\"Inclusive - inclus\u00e3o e cidadania\"},\"image\":{\"@id\":\"https:\\\/\\\/inclusivenews.com.br\\\/#\\\/schema\\\/logo\\\/image\\\/\"},\"sameAs\":[\"https:\\\/\\\/www.facebook.com\\\/agenciainclusive\\\/\",\"https:\\\/\\\/www.instagram.com\\\/newsinclusive\\\/\"]},{\"@type\":\"Person\",\"@id\":\"https:\\\/\\\/inclusivenews.com.br\\\/#\\\/schema\\\/person\\\/0dab492019871b94abb65fa8ee7c8c44\",\"name\":\"Inclusive\",\"image\":{\"@type\":\"ImageObject\",\"inLanguage\":\"pt-PT\",\"@id\":\"https:\\\/\\\/secure.gravatar.com\\\/avatar\\\/?s=96&d=mm&r=g\",\"url\":\"https:\\\/\\\/secure.gravatar.com\\\/avatar\\\/?s=96&d=mm&r=g\",\"contentUrl\":\"https:\\\/\\\/secure.gravatar.com\\\/avatar\\\/?s=96&d=mm&r=g\",\"caption\":\"Inclusive\"},\"url\":\"https:\\\/\\\/inclusivenews.com.br\\\/?author=2\"}]}<\/script>\n<!-- \/ Yoast SEO plugin. -->","yoast_head_json":{"title":"Projetos brasileiros vencem premia\u00e7\u00e3o internacional pela inclus\u00e3o de pessoas com defici\u00eancia -","robots":{"index":"index","follow":"follow","max-snippet":"max-snippet:-1","max-image-preview":"max-image-preview:large","max-video-preview":"max-video-preview:-1"},"canonical":"https:\/\/inclusivenews.com.br\/?p=31367","og_locale":"pt_PT","og_type":"article","og_title":"Projetos brasileiros vencem premia\u00e7\u00e3o internacional pela inclus\u00e3o de pessoas com defici\u00eancia -","og_description":"Dois projetos brasileiros foram vencedores de pr\u00e1ticas e pol\u00edticas inovadoras mundiais na \u00e1rea de vida independente e participa\u00e7\u00e3o pol\u00edtica de pessoas com defici\u00eancia. A premia\u00e7\u00e3o \u00e9 concedida anualmente pelo Zero Project, iniciativa da Essl Foundation, da Austria. O Tribunal Superior Eleitoral foi premiado pelo Programa de Acessibilidade da Justi\u00e7a Eleitoral, iniciativa\u00a0proposta pelo Dr.\u00a0Joelson Dias, quando [&hellip;]","og_url":"https:\/\/inclusivenews.com.br\/?p=31367","article_publisher":"https:\/\/www.facebook.com\/agenciainclusive\/","article_published_time":"2019-01-08T19:18:40+00:00","og_image":[{"url":"http:\/\/inclusivenews.com.br\/wp-content\/uploads\/eg-300x200.jpg","type":"","width":"","height":""}],"author":"Inclusive","twitter_card":"summary_large_image","twitter_misc":{"Escrito por":"Inclusive","Tempo estimado de leitura":"1 minuto"},"schema":{"@context":"https:\/\/schema.org","@graph":[{"@type":"Article","@id":"https:\/\/inclusivenews.com.br\/?p=31367#article","isPartOf":{"@id":"https:\/\/inclusivenews.com.br\/?p=31367"},"author":{"name":"Inclusive","@id":"https:\/\/inclusivenews.com.br\/#\/schema\/person\/0dab492019871b94abb65fa8ee7c8c44"},"headline":"Projetos brasileiros vencem premia\u00e7\u00e3o internacional pela inclus\u00e3o de pessoas com defici\u00eancia","datePublished":"2019-01-08T19:18:40+00:00","mainEntityOfPage":{"@id":"https:\/\/inclusivenews.com.br\/?p=31367"},"wordCount":199,"commentCount":0,"publisher":{"@id":"https:\/\/inclusivenews.com.br\/#organization"},"image":{"@id":"https:\/\/inclusivenews.com.br\/?p=31367#primaryimage"},"thumbnailUrl":"http:\/\/inclusivenews.com.br\/wp-content\/uploads\/eg-300x200.jpg","articleSection":["INCLUS\u00c3O SOCIAL"],"inLanguage":"pt-PT","potentialAction":[{"@type":"CommentAction","name":"Comment","target":["https:\/\/inclusivenews.com.br\/?p=31367#respond"]}]},{"@type":"WebPage","@id":"https:\/\/inclusivenews.com.br\/?p=31367","url":"https:\/\/inclusivenews.com.br\/?p=31367","name":"Projetos brasileiros vencem premia\u00e7\u00e3o internacional pela inclus\u00e3o de pessoas com defici\u00eancia -","isPartOf":{"@id":"https:\/\/inclusivenews.com.br\/#website"},"primaryImageOfPage":{"@id":"https:\/\/inclusivenews.com.br\/?p=31367#primaryimage"},"image":{"@id":"https:\/\/inclusivenews.com.br\/?p=31367#primaryimage"},"thumbnailUrl":"http:\/\/inclusivenews.com.br\/wp-content\/uploads\/eg-300x200.jpg","datePublished":"2019-01-08T19:18:40+00:00","breadcrumb":{"@id":"https:\/\/inclusivenews.com.br\/?p=31367#breadcrumb"},"inLanguage":"pt-PT","potentialAction":[{"@type":"ReadAction","target":["https:\/\/inclusivenews.com.br\/?p=31367"]}]},{"@type":"ImageObject","inLanguage":"pt-PT","@id":"https:\/\/inclusivenews.com.br\/?p=31367#primaryimage","url":"","contentUrl":""},{"@type":"BreadcrumbList","@id":"https:\/\/inclusivenews.com.br\/?p=31367#breadcrumb","itemListElement":[{"@type":"ListItem","position":1,"name":"In\u00edcio","item":"https:\/\/inclusivenews.com.br\/"},{"@type":"ListItem","position":2,"name":"Projetos brasileiros vencem premia\u00e7\u00e3o internacional pela inclus\u00e3o de pessoas com defici\u00eancia"}]},{"@type":"WebSite","@id":"https:\/\/inclusivenews.com.br\/#website","url":"https:\/\/inclusivenews.com.br\/","name":"Inclusive News","description":"Inclusive News","publisher":{"@id":"https:\/\/inclusivenews.com.br\/#organization"},"potentialAction":[{"@type":"SearchAction","target":{"@type":"EntryPoint","urlTemplate":"https:\/\/inclusivenews.com.br\/?s={search_term_string}"},"query-input":{"@type":"PropertyValueSpecification","valueRequired":true,"valueName":"search_term_string"}}],"inLanguage":"pt-PT"},{"@type":"Organization","@id":"https:\/\/inclusivenews.com.br\/#organization","name":"Inclusive - inclus\u00e3o e cidadania","url":"https:\/\/inclusivenews.com.br\/","logo":{"@type":"ImageObject","inLanguage":"pt-PT","@id":"https:\/\/inclusivenews.com.br\/#\/schema\/logo\/image\/","url":"https:\/\/inclusivenews.com.br\/wp-content\/uploads\/2024\/03\/@grandesite.png","contentUrl":"https:\/\/inclusivenews.com.br\/wp-content\/uploads\/2024\/03\/@grandesite.png","width":1080,"height":1080,"caption":"Inclusive - inclus\u00e3o e cidadania"},"image":{"@id":"https:\/\/inclusivenews.com.br\/#\/schema\/logo\/image\/"},"sameAs":["https:\/\/www.facebook.com\/agenciainclusive\/","https:\/\/www.instagram.com\/newsinclusive\/"]},{"@type":"Person","@id":"https:\/\/inclusivenews.com.br\/#\/schema\/person\/0dab492019871b94abb65fa8ee7c8c44","name":"Inclusive","image":{"@type":"ImageObject","inLanguage":"pt-PT","@id":"https:\/\/secure.gravatar.com\/avatar\/?s=96&d=mm&r=g","url":"https:\/\/secure.gravatar.com\/avatar\/?s=96&d=mm&r=g","contentUrl":"https:\/\/secure.gravatar.com\/avatar\/?s=96&d=mm&r=g","caption":"Inclusive"},"url":"https:\/\/inclusivenews.com.br\/?author=2"}]}},"_links":{"self":[{"href":"https:\/\/inclusivenews.com.br\/index.php?rest_route=\/wp\/v2\/posts\/31367","targetHints":{"allow":["GET"]}}],"collection":[{"href":"https:\/\/inclusivenews.com.br\/index.php?rest_route=\/wp\/v2\/posts"}],"about":[{"href":"https:\/\/inclusivenews.com.br\/index.php?rest_route=\/wp\/v2\/types\/post"}],"author":[{"embeddable":true,"href":"https:\/\/inclusivenews.com.br\/index.php?rest_route=\/wp\/v2\/users\/2"}],"replies":[{"embeddable":true,"href":"https:\/\/inclusivenews.com.br\/index.php?rest_route=%2Fwp%2Fv2%2Fcomments&post=31367"}],"version-history":[{"count":0,"href":"https:\/\/inclusivenews.com.br\/index.php?rest_route=\/wp\/v2\/posts\/31367\/revisions"}],"wp:attachment":[{"href":"https:\/\/inclusivenews.com.br\/index.php?rest_route=%2Fwp%2Fv2%2Fmedia&parent=31367"}],"wp:term":[{"taxonomy":"category","embeddable":true,"href":"https:\/\/inclusivenews.com.br\/index.php?rest_route=%2Fwp%2Fv2%2Fcategories&post=31367"},{"taxonomy":"post_tag","embeddable":true,"href":"https:\/\/inclusivenews.com.br\/index.php?rest_route=%2Fwp%2Fv2%2Ftags&post=31367"}],"curies":[{"name":"wp","href":"https:\/\/api.w.org\/{rel}","templated":true}]}}