{"id":31422,"date":"2019-04-15T09:28:25","date_gmt":"2019-04-15T12:28:25","guid":{"rendered":"http:\/\/www.inclusive.org.br\/?p=31422"},"modified":"2019-04-15T09:28:25","modified_gmt":"2019-04-15T12:28:25","slug":"o-futuro-do-conade","status":"publish","type":"post","link":"https:\/\/inclusivenews.com.br\/?p=31422","title":{"rendered":"O futuro do Conade"},"content":{"rendered":"<p>N\u00e3o obstante a designa\u00e7\u00e3o em <a href=\"http:\/\/www.in.gov.br\/materia\/-\/asset_publisher\/Kujrw0TZC2Mb\/content\/id\/64170554\/do2-2019-02-20-portaria-n-25-de-19-de-fevereiro-de-2019-64170270\" target=\"_blank\" rel=\"noopener\">portaria ministerial<\/a>\u00a0de 19 de fevereiro dos novos membros do Conselho Nacional dos Direitos da Pessoa com Defici\u00eancia (CONADE) para o per\u00edodo 2019-2021 e da garantia manifestada em <a href=\"https:\/\/www.mdh.gov.br\/todas-as-noticias\/2019\/fevereiro\/nota-sobre-o-manifesto-em-defesa-do-conselho-nacional-da-pessoa-com-deficiencia-conade-publicado-em-13-de-fevereiro-de-2019\" target=\"_blank\" rel=\"noopener\">nota<\/a>\u00a0pelo Minist\u00e9rio da Mulher, da Fam\u00edlia e dos Direitos Humanos (MMFDH) e sua titular, Damares Alves, de que suas atividades n\u00e3o ser\u00e3o suspensas, a edi\u00e7\u00e3o do <a href=\"http:\/\/www.in.gov.br\/materia\/-\/asset_publisher\/Kujrw0TZC2Mb\/content\/id\/71137350\" target=\"_blank\" rel=\"noopener\">Decreto 9.579<\/a>, de 11 de abril colocou em suspenso n\u00e3o apenas as reuni\u00f5es do colegiado, mas sua pr\u00f3pria sobrexist\u00eancia.<\/p>\n<p style=\"text-align: left;\"><a href=\"http:\/\/www.inclusive.org.br\/arquivos\/16915\/logo_conade\" rel=\"attachment wp-att-16919\"><img loading=\"lazy\" decoding=\"async\" class=\"size-full wp-image-16919 alignright\" src=\"http:\/\/inclusivenews.com.br\/wp-content\/uploads\/2010\/08\/logo_conade.jpg\" alt=\"Logotipo do CONADE - Conselho Nacional dos Direitos da Pessoa Portadora de Defici\u00eancia, a ilustra\u00e7\u00e3o de duas pessoas de bra\u00e7os apertos\" width=\"148\" height=\"136\" \/><\/a><\/p>\n<p>As raz\u00f5es para a d\u00favida est\u00e3o expressas nas resolu\u00e7\u00f5es previstas no <a href=\"http:\/\/www.in.gov.br\/materia\/-\/asset_publisher\/Kujrw0TZC2Mb\/content\/id\/71137350\" target=\"_blank\" rel=\"noopener\">Decreto<\/a>\u00a0que, entre outras coisas, trata de condi\u00e7\u00f5es para cria\u00e7\u00e3o de novos colegiados interministeriais, da extin\u00e7\u00e3o daqueles institu\u00eddos nos moldes do <a href=\"http:\/\/www.planalto.gov.br\/ccivil_03\/_ato2011-2014\/2014\/decreto\/d8243.htm\" target=\"_blank\" rel=\"noopener\">Decreto n\u00ba 8.243<\/a>, de 23 de maio de 2014, pelo governo anterior e de sua recria\u00e7\u00e3o conforme as provid\u00eancias do novo governo a serem encaminhadas at\u00e9 a Casa Civil no prazo de at\u00e9 o pr\u00f3ximo 28 de maio. Tamb\u00e9m est\u00e3o previstas no Decreto a revoga\u00e7\u00e3o expressa das normas referentes aos colegiados eventualmente extintos em decorr\u00eancia do Decreto.<\/p>\n<p>At\u00e9 o momento, algumas entidades representativas e com assento no Conselho, tais como a Associa\u00e7\u00e3o Nacional dos Membros do Minist\u00e9rio P\u00fablico de Defesa dos Direitos das Pessoas Idosas e das com Defici\u00eancia (<a href=\"http:\/\/www.ampid.org.br\/v1\/ampid-divulga-nota-de-repudio-contra-o-decreto-9-759-de-11-de-abril-de-2019-que-extingue-conselhos-de-direitos\/\" target=\"_blank\" rel=\"noopener\">AMPID<\/a>) e a Federa\u00e7ao Brasileira das Associa\u00e7\u00f5es de S\u00edndrome de Down (FBASD) j\u00e1 manifestaram suas preocupa\u00e7\u00f5es em rela\u00e7\u00e3o \u00e0 manuten\u00e7\u00e3o do Conade dentro da estrutura do governo atual. Destaca-se que o decreto n\u00e3o visa exclusivamente o Conade, mas outros 700 conselhos criados em 2014 atrav\u00e9s da Pol\u00edtica Nacional de Participa\u00e7\u00e3o Social, do governo anterior.<\/p>\n<p>O Conade foi criado em 1999, no \u00faltimo ano do governo Fernando Henrique Cardoso, para funcionar no \u00e2mbito do Minist\u00e9rio da Justi\u00e7a. Em 2003, no governo de Luis In\u00e1cio Lula da Silva, foi redenominado e realocado na estrutura do governo, passando a vincular-se \u00e0 Secretaria Especial dos Direitos Humanos. Desde a sua cria\u00e7\u00e3o, a compet\u00eancia principal do conselho vem sendo o acompanhamento e avalia\u00e7\u00e3o do desenvolvimento das pol\u00edticas p\u00fablicas setoriais de educa\u00e7\u00e3o, sa\u00fade, trabalho, assist\u00eancia social, transporte, cultura, turismo, desporto, lazer e pol\u00edtica urbana dirigidos \u00e0s pessoas com defici\u00eancia.<\/p>\n<p>O Conselho \u00e9 integrado por representantes de organiza\u00e7\u00f5es n\u00e3o governamentais de e para pessoas com defici\u00eancia, dos minist\u00e9rios setoriais, da Casa Civil da Presid\u00eancia da Rep\u00fablica, da Ordem dos Advogados do Brasil, de organiza\u00e7\u00e3o nacional de trabalhadores, de organiza\u00e7\u00e3o nacional de empregadores, da comunidade cient\u00edfica, do Conselho Federal de Engenharia, Arquitetura e Agronomia e da Associa\u00e7\u00e3o Nacional do Minist\u00e9rio P\u00fablico de Defesa dos Direitos dos Idosos e Pessoas com Defici\u00eancia, totalizando 38 membros, sendo 19 representantes de \u00f3rg\u00e3os governamentais e 19 da sociedade civil organizada.<\/p>\n<p>Possui em sua estrutura o Plen\u00e1rio, a Presid\u00eancia, a Presid\u00eancia Ampliada, cinco Comiss\u00f5es Permanentes (Comiss\u00e3o de Atos Normativos, Comiss\u00e3o de Comunica\u00e7\u00e3o Social, Comiss\u00e3o de Articula\u00e7\u00e3o de Conselhos, Comiss\u00e3o de Pol\u00edticas P\u00fablicas e Comiss\u00e3o de Or\u00e7amento e Finan\u00e7as). A Presid\u00eancia Ampliada \u00e9 formada pelo(a) Presidente, Vice-Presidente e os(as) coordenadores(as) das comiss\u00f5es permanentes.<\/p>\n","protected":false},"excerpt":{"rendered":"<p>Desde a sua cria\u00e7\u00e3o, a compet\u00eancia principal do conselho vem sendo o acompanhamento e avalia\u00e7\u00e3o do desenvolvimento das pol\u00edticas p\u00fablicas setoriais de educa\u00e7\u00e3o, sa\u00fade, trabalho, assist\u00eancia social, transporte, cultura, turismo, desporto, lazer e pol\u00edtica urbana dirigidos \u00e0s pessoas com defici\u00eancia.<\/p>\n","protected":false},"author":2,"featured_media":0,"comment_status":"open","ping_status":"open","sticky":false,"template":"","format":"standard","meta":{"site-container-style":"default","site-container-layout":"default","site-sidebar-layout":"default","disable-article-header":"default","disable-site-header":"default","disable-site-footer":"default","disable-content-area-spacing":"default","footnotes":""},"categories":[38,11,48,4,49],"tags":[],"class_list":["post-31422","post","type-post","status-publish","format-standard","hentry","category-deficiencia","category-direitos-humanos","category-inclusao","category-noticias","category-politicas-publicas"],"yoast_head":"<!-- This site is optimized with the Yoast SEO plugin v27.4 - https:\/\/yoast.com\/product\/yoast-seo-wordpress\/ -->\n<title>O futuro do Conade -<\/title>\n<meta name=\"robots\" content=\"index, follow, max-snippet:-1, max-image-preview:large, max-video-preview:-1\" \/>\n<link rel=\"canonical\" href=\"https:\/\/inclusivenews.com.br\/?p=31422\" \/>\n<meta property=\"og:locale\" content=\"pt_PT\" \/>\n<meta property=\"og:type\" content=\"article\" \/>\n<meta property=\"og:title\" content=\"O futuro do Conade -\" \/>\n<meta property=\"og:description\" content=\"Desde a sua cria\u00e7\u00e3o, a compet\u00eancia principal do conselho vem sendo o acompanhamento e avalia\u00e7\u00e3o do desenvolvimento das pol\u00edticas p\u00fablicas setoriais de educa\u00e7\u00e3o, sa\u00fade, trabalho, assist\u00eancia social, transporte, cultura, turismo, desporto, lazer e pol\u00edtica urbana dirigidos \u00e0s pessoas com defici\u00eancia.\" \/>\n<meta property=\"og:url\" content=\"https:\/\/inclusivenews.com.br\/?p=31422\" \/>\n<meta property=\"article:publisher\" content=\"https:\/\/www.facebook.com\/agenciainclusive\/\" \/>\n<meta property=\"article:published_time\" content=\"2019-04-15T12:28:25+00:00\" \/>\n<meta property=\"og:image\" content=\"http:\/\/inclusivenews.com.br\/wp-content\/uploads\/2010\/08\/logo_conade.jpg\" \/>\n<meta name=\"author\" content=\"Inclusive\" \/>\n<meta name=\"twitter:card\" content=\"summary_large_image\" \/>\n<meta name=\"twitter:label1\" content=\"Escrito por\" \/>\n\t<meta name=\"twitter:data1\" content=\"Inclusive\" \/>\n\t<meta name=\"twitter:label2\" content=\"Tempo estimado de leitura\" \/>\n\t<meta name=\"twitter:data2\" content=\"3 minutos\" \/>\n<script type=\"application\/ld+json\" class=\"yoast-schema-graph\">{\"@context\":\"https:\\\/\\\/schema.org\",\"@graph\":[{\"@type\":\"Article\",\"@id\":\"https:\\\/\\\/inclusivenews.com.br\\\/?p=31422#article\",\"isPartOf\":{\"@id\":\"https:\\\/\\\/inclusivenews.com.br\\\/?p=31422\"},\"author\":{\"name\":\"Inclusive\",\"@id\":\"https:\\\/\\\/inclusivenews.com.br\\\/#\\\/schema\\\/person\\\/0dab492019871b94abb65fa8ee7c8c44\"},\"headline\":\"O futuro do Conade\",\"datePublished\":\"2019-04-15T12:28:25+00:00\",\"mainEntityOfPage\":{\"@id\":\"https:\\\/\\\/inclusivenews.com.br\\\/?p=31422\"},\"wordCount\":554,\"commentCount\":1,\"publisher\":{\"@id\":\"https:\\\/\\\/inclusivenews.com.br\\\/#organization\"},\"image\":{\"@id\":\"https:\\\/\\\/inclusivenews.com.br\\\/?p=31422#primaryimage\"},\"thumbnailUrl\":\"http:\\\/\\\/inclusivenews.com.br\\\/wp-content\\\/uploads\\\/2010\\\/08\\\/logo_conade.jpg\",\"articleSection\":[\"Defici\u00eancia\",\"DIREITOS HUMANOS\",\"INCLUS\u00c3O SOCIAL\",\"NOT\u00cdCIAS\",\"Pol\u00edticas p\u00fablicas\"],\"inLanguage\":\"pt-PT\",\"potentialAction\":[{\"@type\":\"CommentAction\",\"name\":\"Comment\",\"target\":[\"https:\\\/\\\/inclusivenews.com.br\\\/?p=31422#respond\"]}]},{\"@type\":\"WebPage\",\"@id\":\"https:\\\/\\\/inclusivenews.com.br\\\/?p=31422\",\"url\":\"https:\\\/\\\/inclusivenews.com.br\\\/?p=31422\",\"name\":\"O futuro do Conade -\",\"isPartOf\":{\"@id\":\"https:\\\/\\\/inclusivenews.com.br\\\/#website\"},\"primaryImageOfPage\":{\"@id\":\"https:\\\/\\\/inclusivenews.com.br\\\/?p=31422#primaryimage\"},\"image\":{\"@id\":\"https:\\\/\\\/inclusivenews.com.br\\\/?p=31422#primaryimage\"},\"thumbnailUrl\":\"http:\\\/\\\/inclusivenews.com.br\\\/wp-content\\\/uploads\\\/2010\\\/08\\\/logo_conade.jpg\",\"datePublished\":\"2019-04-15T12:28:25+00:00\",\"breadcrumb\":{\"@id\":\"https:\\\/\\\/inclusivenews.com.br\\\/?p=31422#breadcrumb\"},\"inLanguage\":\"pt-PT\",\"potentialAction\":[{\"@type\":\"ReadAction\",\"target\":[\"https:\\\/\\\/inclusivenews.com.br\\\/?p=31422\"]}]},{\"@type\":\"ImageObject\",\"inLanguage\":\"pt-PT\",\"@id\":\"https:\\\/\\\/inclusivenews.com.br\\\/?p=31422#primaryimage\",\"url\":\"\",\"contentUrl\":\"\"},{\"@type\":\"BreadcrumbList\",\"@id\":\"https:\\\/\\\/inclusivenews.com.br\\\/?p=31422#breadcrumb\",\"itemListElement\":[{\"@type\":\"ListItem\",\"position\":1,\"name\":\"In\u00edcio\",\"item\":\"https:\\\/\\\/inclusivenews.com.br\\\/\"},{\"@type\":\"ListItem\",\"position\":2,\"name\":\"O futuro do Conade\"}]},{\"@type\":\"WebSite\",\"@id\":\"https:\\\/\\\/inclusivenews.com.br\\\/#website\",\"url\":\"https:\\\/\\\/inclusivenews.com.br\\\/\",\"name\":\"Inclusive News\",\"description\":\"Inclusive News\",\"publisher\":{\"@id\":\"https:\\\/\\\/inclusivenews.com.br\\\/#organization\"},\"potentialAction\":[{\"@type\":\"SearchAction\",\"target\":{\"@type\":\"EntryPoint\",\"urlTemplate\":\"https:\\\/\\\/inclusivenews.com.br\\\/?s={search_term_string}\"},\"query-input\":{\"@type\":\"PropertyValueSpecification\",\"valueRequired\":true,\"valueName\":\"search_term_string\"}}],\"inLanguage\":\"pt-PT\"},{\"@type\":\"Organization\",\"@id\":\"https:\\\/\\\/inclusivenews.com.br\\\/#organization\",\"name\":\"Inclusive - inclus\u00e3o e cidadania\",\"url\":\"https:\\\/\\\/inclusivenews.com.br\\\/\",\"logo\":{\"@type\":\"ImageObject\",\"inLanguage\":\"pt-PT\",\"@id\":\"https:\\\/\\\/inclusivenews.com.br\\\/#\\\/schema\\\/logo\\\/image\\\/\",\"url\":\"https:\\\/\\\/inclusivenews.com.br\\\/wp-content\\\/uploads\\\/2024\\\/03\\\/@grandesite.png\",\"contentUrl\":\"https:\\\/\\\/inclusivenews.com.br\\\/wp-content\\\/uploads\\\/2024\\\/03\\\/@grandesite.png\",\"width\":1080,\"height\":1080,\"caption\":\"Inclusive - inclus\u00e3o e cidadania\"},\"image\":{\"@id\":\"https:\\\/\\\/inclusivenews.com.br\\\/#\\\/schema\\\/logo\\\/image\\\/\"},\"sameAs\":[\"https:\\\/\\\/www.facebook.com\\\/agenciainclusive\\\/\",\"https:\\\/\\\/www.instagram.com\\\/newsinclusive\\\/\"]},{\"@type\":\"Person\",\"@id\":\"https:\\\/\\\/inclusivenews.com.br\\\/#\\\/schema\\\/person\\\/0dab492019871b94abb65fa8ee7c8c44\",\"name\":\"Inclusive\",\"image\":{\"@type\":\"ImageObject\",\"inLanguage\":\"pt-PT\",\"@id\":\"https:\\\/\\\/secure.gravatar.com\\\/avatar\\\/?s=96&d=mm&r=g\",\"url\":\"https:\\\/\\\/secure.gravatar.com\\\/avatar\\\/?s=96&d=mm&r=g\",\"contentUrl\":\"https:\\\/\\\/secure.gravatar.com\\\/avatar\\\/?s=96&d=mm&r=g\",\"caption\":\"Inclusive\"},\"url\":\"https:\\\/\\\/inclusivenews.com.br\\\/?author=2\"}]}<\/script>\n<!-- \/ Yoast SEO plugin. -->","yoast_head_json":{"title":"O futuro do Conade -","robots":{"index":"index","follow":"follow","max-snippet":"max-snippet:-1","max-image-preview":"max-image-preview:large","max-video-preview":"max-video-preview:-1"},"canonical":"https:\/\/inclusivenews.com.br\/?p=31422","og_locale":"pt_PT","og_type":"article","og_title":"O futuro do Conade -","og_description":"Desde a sua cria\u00e7\u00e3o, a compet\u00eancia principal do conselho vem sendo o acompanhamento e avalia\u00e7\u00e3o do desenvolvimento das pol\u00edticas p\u00fablicas setoriais de educa\u00e7\u00e3o, sa\u00fade, trabalho, assist\u00eancia social, transporte, cultura, turismo, desporto, lazer e pol\u00edtica urbana dirigidos \u00e0s pessoas com defici\u00eancia.","og_url":"https:\/\/inclusivenews.com.br\/?p=31422","article_publisher":"https:\/\/www.facebook.com\/agenciainclusive\/","article_published_time":"2019-04-15T12:28:25+00:00","og_image":[{"url":"http:\/\/inclusivenews.com.br\/wp-content\/uploads\/2010\/08\/logo_conade.jpg","type":"","width":"","height":""}],"author":"Inclusive","twitter_card":"summary_large_image","twitter_misc":{"Escrito por":"Inclusive","Tempo estimado de leitura":"3 minutos"},"schema":{"@context":"https:\/\/schema.org","@graph":[{"@type":"Article","@id":"https:\/\/inclusivenews.com.br\/?p=31422#article","isPartOf":{"@id":"https:\/\/inclusivenews.com.br\/?p=31422"},"author":{"name":"Inclusive","@id":"https:\/\/inclusivenews.com.br\/#\/schema\/person\/0dab492019871b94abb65fa8ee7c8c44"},"headline":"O futuro do Conade","datePublished":"2019-04-15T12:28:25+00:00","mainEntityOfPage":{"@id":"https:\/\/inclusivenews.com.br\/?p=31422"},"wordCount":554,"commentCount":1,"publisher":{"@id":"https:\/\/inclusivenews.com.br\/#organization"},"image":{"@id":"https:\/\/inclusivenews.com.br\/?p=31422#primaryimage"},"thumbnailUrl":"http:\/\/inclusivenews.com.br\/wp-content\/uploads\/2010\/08\/logo_conade.jpg","articleSection":["Defici\u00eancia","DIREITOS HUMANOS","INCLUS\u00c3O SOCIAL","NOT\u00cdCIAS","Pol\u00edticas p\u00fablicas"],"inLanguage":"pt-PT","potentialAction":[{"@type":"CommentAction","name":"Comment","target":["https:\/\/inclusivenews.com.br\/?p=31422#respond"]}]},{"@type":"WebPage","@id":"https:\/\/inclusivenews.com.br\/?p=31422","url":"https:\/\/inclusivenews.com.br\/?p=31422","name":"O futuro do Conade -","isPartOf":{"@id":"https:\/\/inclusivenews.com.br\/#website"},"primaryImageOfPage":{"@id":"https:\/\/inclusivenews.com.br\/?p=31422#primaryimage"},"image":{"@id":"https:\/\/inclusivenews.com.br\/?p=31422#primaryimage"},"thumbnailUrl":"http:\/\/inclusivenews.com.br\/wp-content\/uploads\/2010\/08\/logo_conade.jpg","datePublished":"2019-04-15T12:28:25+00:00","breadcrumb":{"@id":"https:\/\/inclusivenews.com.br\/?p=31422#breadcrumb"},"inLanguage":"pt-PT","potentialAction":[{"@type":"ReadAction","target":["https:\/\/inclusivenews.com.br\/?p=31422"]}]},{"@type":"ImageObject","inLanguage":"pt-PT","@id":"https:\/\/inclusivenews.com.br\/?p=31422#primaryimage","url":"","contentUrl":""},{"@type":"BreadcrumbList","@id":"https:\/\/inclusivenews.com.br\/?p=31422#breadcrumb","itemListElement":[{"@type":"ListItem","position":1,"name":"In\u00edcio","item":"https:\/\/inclusivenews.com.br\/"},{"@type":"ListItem","position":2,"name":"O futuro do Conade"}]},{"@type":"WebSite","@id":"https:\/\/inclusivenews.com.br\/#website","url":"https:\/\/inclusivenews.com.br\/","name":"Inclusive News","description":"Inclusive News","publisher":{"@id":"https:\/\/inclusivenews.com.br\/#organization"},"potentialAction":[{"@type":"SearchAction","target":{"@type":"EntryPoint","urlTemplate":"https:\/\/inclusivenews.com.br\/?s={search_term_string}"},"query-input":{"@type":"PropertyValueSpecification","valueRequired":true,"valueName":"search_term_string"}}],"inLanguage":"pt-PT"},{"@type":"Organization","@id":"https:\/\/inclusivenews.com.br\/#organization","name":"Inclusive - inclus\u00e3o e cidadania","url":"https:\/\/inclusivenews.com.br\/","logo":{"@type":"ImageObject","inLanguage":"pt-PT","@id":"https:\/\/inclusivenews.com.br\/#\/schema\/logo\/image\/","url":"https:\/\/inclusivenews.com.br\/wp-content\/uploads\/2024\/03\/@grandesite.png","contentUrl":"https:\/\/inclusivenews.com.br\/wp-content\/uploads\/2024\/03\/@grandesite.png","width":1080,"height":1080,"caption":"Inclusive - inclus\u00e3o e cidadania"},"image":{"@id":"https:\/\/inclusivenews.com.br\/#\/schema\/logo\/image\/"},"sameAs":["https:\/\/www.facebook.com\/agenciainclusive\/","https:\/\/www.instagram.com\/newsinclusive\/"]},{"@type":"Person","@id":"https:\/\/inclusivenews.com.br\/#\/schema\/person\/0dab492019871b94abb65fa8ee7c8c44","name":"Inclusive","image":{"@type":"ImageObject","inLanguage":"pt-PT","@id":"https:\/\/secure.gravatar.com\/avatar\/?s=96&d=mm&r=g","url":"https:\/\/secure.gravatar.com\/avatar\/?s=96&d=mm&r=g","contentUrl":"https:\/\/secure.gravatar.com\/avatar\/?s=96&d=mm&r=g","caption":"Inclusive"},"url":"https:\/\/inclusivenews.com.br\/?author=2"}]}},"_links":{"self":[{"href":"https:\/\/inclusivenews.com.br\/index.php?rest_route=\/wp\/v2\/posts\/31422","targetHints":{"allow":["GET"]}}],"collection":[{"href":"https:\/\/inclusivenews.com.br\/index.php?rest_route=\/wp\/v2\/posts"}],"about":[{"href":"https:\/\/inclusivenews.com.br\/index.php?rest_route=\/wp\/v2\/types\/post"}],"author":[{"embeddable":true,"href":"https:\/\/inclusivenews.com.br\/index.php?rest_route=\/wp\/v2\/users\/2"}],"replies":[{"embeddable":true,"href":"https:\/\/inclusivenews.com.br\/index.php?rest_route=%2Fwp%2Fv2%2Fcomments&post=31422"}],"version-history":[{"count":0,"href":"https:\/\/inclusivenews.com.br\/index.php?rest_route=\/wp\/v2\/posts\/31422\/revisions"}],"wp:attachment":[{"href":"https:\/\/inclusivenews.com.br\/index.php?rest_route=%2Fwp%2Fv2%2Fmedia&parent=31422"}],"wp:term":[{"taxonomy":"category","embeddable":true,"href":"https:\/\/inclusivenews.com.br\/index.php?rest_route=%2Fwp%2Fv2%2Fcategories&post=31422"},{"taxonomy":"post_tag","embeddable":true,"href":"https:\/\/inclusivenews.com.br\/index.php?rest_route=%2Fwp%2Fv2%2Ftags&post=31422"}],"curies":[{"name":"wp","href":"https:\/\/api.w.org\/{rel}","templated":true}]}}