{"id":31534,"date":"2019-07-17T21:06:33","date_gmt":"2019-07-18T00:06:33","guid":{"rendered":"http:\/\/www.inclusive.org.br\/?p=31534"},"modified":"2019-07-17T21:06:33","modified_gmt":"2019-07-18T00:06:33","slug":"jornalista-mostra-falta-de-acessibilidade-no-transporte-publico-em-sao-paulo","status":"publish","type":"post","link":"https:\/\/inclusivenews.com.br\/?p=31534","title":{"rendered":"Jornalista mostra falta de acessibilidade no transporte p\u00fablico em S\u00e3o Paulo"},"content":{"rendered":"<p><a href=\"http:\/\/www.inclusive.org.br\/arquivos\/31534\/reporter-cadeirante-flavia-cintra-bom-dia-sp-globo_1msunmo_fixed_large\" rel=\"attachment wp-att-31537\"><img loading=\"lazy\" decoding=\"async\" class=\"alignnone size-medium wp-image-31537\" src=\"http:\/\/inclusivenews.com.br\/wp-content\/uploads\/reporter-cadeirante-flavia-cintra-bom-dia-sp-globo_1msuNmO_fixed_large-300x141.jpg\" alt=\"reporter cadeirante na tela, duas apresentadores em volta. \" width=\"300\" height=\"141\" \/><\/a><\/p>\n<p>A\u00a0<b>Lei<\/b>\u00a0n\u00b0 10.098, de Dezembro de 2000, mais conhecida como\u00a0<b>Lei da Acessibilidade<\/b>, busca estabelecer em seu artigo 1\u00b0, as normas gerais e os crit\u00e9rios b\u00e1sicos para promover a\u00a0<b>acessibilidade<\/b>\u00a0de todas as pessoas\u00a0com defici\u00eancia ou que apresentam mobilidade reduzida.<\/p>\n<p>Pois ent\u00e3o, estamos em 2019 e at\u00e9 hoje o transporte p\u00fablico de cidades como S\u00e3o Paulo \u00e9 completamente inacess\u00edvel!<\/p>\n<p>Veja a saga por que passou a rep\u00f3rter Fl\u00e1via Cintra, da Rede Globo, que reflete o dia a dia de cadeirantes e pessoas com mobilidade de reduzida que dependem do transporte p\u00fablico para se locomover:<\/p>\n<p>Essa mat\u00e9ria foi ao ar hoje no SP1. Nela, Flavia mostra o perrengue que \u00e9 andar de transporte p\u00fablico em S\u00e3o Paulo.<br \/>\nNessa semana, no Anda S\u00e3o Paulo, tamb\u00e9m est\u00e1 mostrando ao vivo no Bom Dia SP as situa\u00e7\u00f5es que pessoas com defici\u00eancia enfrentam diariamente na cidade que ainda n\u00e3o \u00e9 para todos.<\/p>\n<p>Veja no Globoplay!<br \/>\n<a href=\"https:\/\/globoplay.globo.com\/v\/7768577\">https:\/\/globoplay.globo.com\/v\/7768577<\/a><\/p>\n<p>Aqui est\u00e1 o link para assistir as entradas ao vivo dessa manh\u00e3. At\u00e9 6a\u00a0ser\u00e1 mostrado muito mais no Bom Dia S\u00e3o Paulo, das 6h \u00e0s 8h.<br \/>\nAnda S\u00e3o Paulo!<\/p>\n<p><a href=\"https:\/\/globoplay.globo.com\/v\/7767686\/\">https:\/\/globoplay.globo.com\/v\/7767686\/<\/a><\/p>\n<p>Mat\u00e9ria que foi ao ar hoje no SP1:<\/p>\n<p>Veja no Globoplay!<br \/>\n<a href=\"https:\/\/globoplay.globo.com\/v\/7771653\">https:\/\/globoplay.globo.com\/v\/7771653<\/a><\/p>\n<p>Ao vivo hoje de manh\u00e3:<\/p>\n<p><a href=\"https:\/\/globoplay.globo.com\/v\/7770772\/programa\/\">https:\/\/globoplay.globo.com\/v\/7770772\/programa\/<\/a><\/p>\n","protected":false},"excerpt":{"rendered":"<p>A\u00a0Lei\u00a0n\u00b0 10.098, de Dezembro de 2000, mais conhecida como\u00a0Lei da Acessibilidade, busca estabelecer em seu artigo 1\u00b0, as normas gerais e os crit\u00e9rios b\u00e1sicos para promover a\u00a0acessibilidade\u00a0de todas as pessoas\u00a0com defici\u00eancia ou que apresentam mobilidade reduzida. Pois ent\u00e3o, estamos em 2019 e at\u00e9 hoje o transporte p\u00fablico de cidades como S\u00e3o Paulo \u00e9 completamente inacess\u00edvel! [&hellip;]<\/p>\n","protected":false},"author":2,"featured_media":0,"comment_status":"open","ping_status":"open","sticky":false,"template":"","format":"standard","meta":{"site-container-style":"default","site-container-layout":"default","site-sidebar-layout":"default","disable-article-header":"default","disable-site-header":"default","disable-site-footer":"default","disable-content-area-spacing":"default","footnotes":""},"categories":[44],"tags":[],"class_list":["post-31534","post","type-post","status-publish","format-standard","hentry","category-acessibilidade"],"yoast_head":"<!-- This site is optimized with the Yoast SEO plugin v27.4 - https:\/\/yoast.com\/product\/yoast-seo-wordpress\/ -->\n<title>Jornalista mostra falta de acessibilidade no transporte p\u00fablico em S\u00e3o Paulo -<\/title>\n<meta name=\"robots\" content=\"index, follow, max-snippet:-1, max-image-preview:large, max-video-preview:-1\" \/>\n<link rel=\"canonical\" href=\"https:\/\/inclusivenews.com.br\/?p=31534\" \/>\n<meta property=\"og:locale\" content=\"pt_PT\" \/>\n<meta property=\"og:type\" content=\"article\" \/>\n<meta property=\"og:title\" content=\"Jornalista mostra falta de acessibilidade no transporte p\u00fablico em S\u00e3o Paulo -\" \/>\n<meta property=\"og:description\" content=\"A\u00a0Lei\u00a0n\u00b0 10.098, de Dezembro de 2000, mais conhecida como\u00a0Lei da Acessibilidade, busca estabelecer em seu artigo 1\u00b0, as normas gerais e os crit\u00e9rios b\u00e1sicos para promover a\u00a0acessibilidade\u00a0de todas as pessoas\u00a0com defici\u00eancia ou que apresentam mobilidade reduzida. Pois ent\u00e3o, estamos em 2019 e at\u00e9 hoje o transporte p\u00fablico de cidades como S\u00e3o Paulo \u00e9 completamente inacess\u00edvel! [&hellip;]\" \/>\n<meta property=\"og:url\" content=\"https:\/\/inclusivenews.com.br\/?p=31534\" \/>\n<meta property=\"article:publisher\" content=\"https:\/\/www.facebook.com\/agenciainclusive\/\" \/>\n<meta property=\"article:published_time\" content=\"2019-07-18T00:06:33+00:00\" \/>\n<meta property=\"og:image\" content=\"http:\/\/inclusivenews.com.br\/wp-content\/uploads\/reporter-cadeirante-flavia-cintra-bom-dia-sp-globo_1msuNmO_fixed_large-300x141.jpg\" \/>\n<meta name=\"author\" content=\"Inclusive\" \/>\n<meta name=\"twitter:card\" content=\"summary_large_image\" \/>\n<meta name=\"twitter:label1\" content=\"Escrito por\" \/>\n\t<meta name=\"twitter:data1\" content=\"Inclusive\" \/>\n\t<meta name=\"twitter:label2\" content=\"Tempo estimado de leitura\" \/>\n\t<meta name=\"twitter:data2\" content=\"1 minuto\" \/>\n<script type=\"application\/ld+json\" class=\"yoast-schema-graph\">{\"@context\":\"https:\\\/\\\/schema.org\",\"@graph\":[{\"@type\":\"Article\",\"@id\":\"https:\\\/\\\/inclusivenews.com.br\\\/?p=31534#article\",\"isPartOf\":{\"@id\":\"https:\\\/\\\/inclusivenews.com.br\\\/?p=31534\"},\"author\":{\"name\":\"Inclusive\",\"@id\":\"https:\\\/\\\/inclusivenews.com.br\\\/#\\\/schema\\\/person\\\/0dab492019871b94abb65fa8ee7c8c44\"},\"headline\":\"Jornalista mostra falta de acessibilidade no transporte p\u00fablico em S\u00e3o Paulo\",\"datePublished\":\"2019-07-18T00:06:33+00:00\",\"mainEntityOfPage\":{\"@id\":\"https:\\\/\\\/inclusivenews.com.br\\\/?p=31534\"},\"wordCount\":246,\"commentCount\":1,\"publisher\":{\"@id\":\"https:\\\/\\\/inclusivenews.com.br\\\/#organization\"},\"image\":{\"@id\":\"https:\\\/\\\/inclusivenews.com.br\\\/?p=31534#primaryimage\"},\"thumbnailUrl\":\"http:\\\/\\\/inclusivenews.com.br\\\/wp-content\\\/uploads\\\/reporter-cadeirante-flavia-cintra-bom-dia-sp-globo_1msuNmO_fixed_large-300x141.jpg\",\"articleSection\":[\"ACESSIBILIDADE\"],\"inLanguage\":\"pt-PT\",\"potentialAction\":[{\"@type\":\"CommentAction\",\"name\":\"Comment\",\"target\":[\"https:\\\/\\\/inclusivenews.com.br\\\/?p=31534#respond\"]}]},{\"@type\":\"WebPage\",\"@id\":\"https:\\\/\\\/inclusivenews.com.br\\\/?p=31534\",\"url\":\"https:\\\/\\\/inclusivenews.com.br\\\/?p=31534\",\"name\":\"Jornalista mostra falta de acessibilidade no transporte p\u00fablico em S\u00e3o Paulo -\",\"isPartOf\":{\"@id\":\"https:\\\/\\\/inclusivenews.com.br\\\/#website\"},\"primaryImageOfPage\":{\"@id\":\"https:\\\/\\\/inclusivenews.com.br\\\/?p=31534#primaryimage\"},\"image\":{\"@id\":\"https:\\\/\\\/inclusivenews.com.br\\\/?p=31534#primaryimage\"},\"thumbnailUrl\":\"http:\\\/\\\/inclusivenews.com.br\\\/wp-content\\\/uploads\\\/reporter-cadeirante-flavia-cintra-bom-dia-sp-globo_1msuNmO_fixed_large-300x141.jpg\",\"datePublished\":\"2019-07-18T00:06:33+00:00\",\"breadcrumb\":{\"@id\":\"https:\\\/\\\/inclusivenews.com.br\\\/?p=31534#breadcrumb\"},\"inLanguage\":\"pt-PT\",\"potentialAction\":[{\"@type\":\"ReadAction\",\"target\":[\"https:\\\/\\\/inclusivenews.com.br\\\/?p=31534\"]}]},{\"@type\":\"ImageObject\",\"inLanguage\":\"pt-PT\",\"@id\":\"https:\\\/\\\/inclusivenews.com.br\\\/?p=31534#primaryimage\",\"url\":\"\",\"contentUrl\":\"\"},{\"@type\":\"BreadcrumbList\",\"@id\":\"https:\\\/\\\/inclusivenews.com.br\\\/?p=31534#breadcrumb\",\"itemListElement\":[{\"@type\":\"ListItem\",\"position\":1,\"name\":\"In\u00edcio\",\"item\":\"https:\\\/\\\/inclusivenews.com.br\\\/\"},{\"@type\":\"ListItem\",\"position\":2,\"name\":\"Jornalista mostra falta de acessibilidade no transporte p\u00fablico em S\u00e3o Paulo\"}]},{\"@type\":\"WebSite\",\"@id\":\"https:\\\/\\\/inclusivenews.com.br\\\/#website\",\"url\":\"https:\\\/\\\/inclusivenews.com.br\\\/\",\"name\":\"Inclusive News\",\"description\":\"Inclusive News\",\"publisher\":{\"@id\":\"https:\\\/\\\/inclusivenews.com.br\\\/#organization\"},\"potentialAction\":[{\"@type\":\"SearchAction\",\"target\":{\"@type\":\"EntryPoint\",\"urlTemplate\":\"https:\\\/\\\/inclusivenews.com.br\\\/?s={search_term_string}\"},\"query-input\":{\"@type\":\"PropertyValueSpecification\",\"valueRequired\":true,\"valueName\":\"search_term_string\"}}],\"inLanguage\":\"pt-PT\"},{\"@type\":\"Organization\",\"@id\":\"https:\\\/\\\/inclusivenews.com.br\\\/#organization\",\"name\":\"Inclusive - inclus\u00e3o e cidadania\",\"url\":\"https:\\\/\\\/inclusivenews.com.br\\\/\",\"logo\":{\"@type\":\"ImageObject\",\"inLanguage\":\"pt-PT\",\"@id\":\"https:\\\/\\\/inclusivenews.com.br\\\/#\\\/schema\\\/logo\\\/image\\\/\",\"url\":\"https:\\\/\\\/inclusivenews.com.br\\\/wp-content\\\/uploads\\\/2024\\\/03\\\/@grandesite.png\",\"contentUrl\":\"https:\\\/\\\/inclusivenews.com.br\\\/wp-content\\\/uploads\\\/2024\\\/03\\\/@grandesite.png\",\"width\":1080,\"height\":1080,\"caption\":\"Inclusive - inclus\u00e3o e cidadania\"},\"image\":{\"@id\":\"https:\\\/\\\/inclusivenews.com.br\\\/#\\\/schema\\\/logo\\\/image\\\/\"},\"sameAs\":[\"https:\\\/\\\/www.facebook.com\\\/agenciainclusive\\\/\",\"https:\\\/\\\/www.instagram.com\\\/newsinclusive\\\/\"]},{\"@type\":\"Person\",\"@id\":\"https:\\\/\\\/inclusivenews.com.br\\\/#\\\/schema\\\/person\\\/0dab492019871b94abb65fa8ee7c8c44\",\"name\":\"Inclusive\",\"image\":{\"@type\":\"ImageObject\",\"inLanguage\":\"pt-PT\",\"@id\":\"https:\\\/\\\/secure.gravatar.com\\\/avatar\\\/?s=96&d=mm&r=g\",\"url\":\"https:\\\/\\\/secure.gravatar.com\\\/avatar\\\/?s=96&d=mm&r=g\",\"contentUrl\":\"https:\\\/\\\/secure.gravatar.com\\\/avatar\\\/?s=96&d=mm&r=g\",\"caption\":\"Inclusive\"},\"url\":\"https:\\\/\\\/inclusivenews.com.br\\\/?author=2\"}]}<\/script>\n<!-- \/ Yoast SEO plugin. -->","yoast_head_json":{"title":"Jornalista mostra falta de acessibilidade no transporte p\u00fablico em S\u00e3o Paulo -","robots":{"index":"index","follow":"follow","max-snippet":"max-snippet:-1","max-image-preview":"max-image-preview:large","max-video-preview":"max-video-preview:-1"},"canonical":"https:\/\/inclusivenews.com.br\/?p=31534","og_locale":"pt_PT","og_type":"article","og_title":"Jornalista mostra falta de acessibilidade no transporte p\u00fablico em S\u00e3o Paulo -","og_description":"A\u00a0Lei\u00a0n\u00b0 10.098, de Dezembro de 2000, mais conhecida como\u00a0Lei da Acessibilidade, busca estabelecer em seu artigo 1\u00b0, as normas gerais e os crit\u00e9rios b\u00e1sicos para promover a\u00a0acessibilidade\u00a0de todas as pessoas\u00a0com defici\u00eancia ou que apresentam mobilidade reduzida. Pois ent\u00e3o, estamos em 2019 e at\u00e9 hoje o transporte p\u00fablico de cidades como S\u00e3o Paulo \u00e9 completamente inacess\u00edvel! [&hellip;]","og_url":"https:\/\/inclusivenews.com.br\/?p=31534","article_publisher":"https:\/\/www.facebook.com\/agenciainclusive\/","article_published_time":"2019-07-18T00:06:33+00:00","og_image":[{"url":"http:\/\/inclusivenews.com.br\/wp-content\/uploads\/reporter-cadeirante-flavia-cintra-bom-dia-sp-globo_1msuNmO_fixed_large-300x141.jpg","type":"","width":"","height":""}],"author":"Inclusive","twitter_card":"summary_large_image","twitter_misc":{"Escrito por":"Inclusive","Tempo estimado de leitura":"1 minuto"},"schema":{"@context":"https:\/\/schema.org","@graph":[{"@type":"Article","@id":"https:\/\/inclusivenews.com.br\/?p=31534#article","isPartOf":{"@id":"https:\/\/inclusivenews.com.br\/?p=31534"},"author":{"name":"Inclusive","@id":"https:\/\/inclusivenews.com.br\/#\/schema\/person\/0dab492019871b94abb65fa8ee7c8c44"},"headline":"Jornalista mostra falta de acessibilidade no transporte p\u00fablico em S\u00e3o Paulo","datePublished":"2019-07-18T00:06:33+00:00","mainEntityOfPage":{"@id":"https:\/\/inclusivenews.com.br\/?p=31534"},"wordCount":246,"commentCount":1,"publisher":{"@id":"https:\/\/inclusivenews.com.br\/#organization"},"image":{"@id":"https:\/\/inclusivenews.com.br\/?p=31534#primaryimage"},"thumbnailUrl":"http:\/\/inclusivenews.com.br\/wp-content\/uploads\/reporter-cadeirante-flavia-cintra-bom-dia-sp-globo_1msuNmO_fixed_large-300x141.jpg","articleSection":["ACESSIBILIDADE"],"inLanguage":"pt-PT","potentialAction":[{"@type":"CommentAction","name":"Comment","target":["https:\/\/inclusivenews.com.br\/?p=31534#respond"]}]},{"@type":"WebPage","@id":"https:\/\/inclusivenews.com.br\/?p=31534","url":"https:\/\/inclusivenews.com.br\/?p=31534","name":"Jornalista mostra falta de acessibilidade no transporte p\u00fablico em S\u00e3o Paulo -","isPartOf":{"@id":"https:\/\/inclusivenews.com.br\/#website"},"primaryImageOfPage":{"@id":"https:\/\/inclusivenews.com.br\/?p=31534#primaryimage"},"image":{"@id":"https:\/\/inclusivenews.com.br\/?p=31534#primaryimage"},"thumbnailUrl":"http:\/\/inclusivenews.com.br\/wp-content\/uploads\/reporter-cadeirante-flavia-cintra-bom-dia-sp-globo_1msuNmO_fixed_large-300x141.jpg","datePublished":"2019-07-18T00:06:33+00:00","breadcrumb":{"@id":"https:\/\/inclusivenews.com.br\/?p=31534#breadcrumb"},"inLanguage":"pt-PT","potentialAction":[{"@type":"ReadAction","target":["https:\/\/inclusivenews.com.br\/?p=31534"]}]},{"@type":"ImageObject","inLanguage":"pt-PT","@id":"https:\/\/inclusivenews.com.br\/?p=31534#primaryimage","url":"","contentUrl":""},{"@type":"BreadcrumbList","@id":"https:\/\/inclusivenews.com.br\/?p=31534#breadcrumb","itemListElement":[{"@type":"ListItem","position":1,"name":"In\u00edcio","item":"https:\/\/inclusivenews.com.br\/"},{"@type":"ListItem","position":2,"name":"Jornalista mostra falta de acessibilidade no transporte p\u00fablico em S\u00e3o Paulo"}]},{"@type":"WebSite","@id":"https:\/\/inclusivenews.com.br\/#website","url":"https:\/\/inclusivenews.com.br\/","name":"Inclusive News","description":"Inclusive News","publisher":{"@id":"https:\/\/inclusivenews.com.br\/#organization"},"potentialAction":[{"@type":"SearchAction","target":{"@type":"EntryPoint","urlTemplate":"https:\/\/inclusivenews.com.br\/?s={search_term_string}"},"query-input":{"@type":"PropertyValueSpecification","valueRequired":true,"valueName":"search_term_string"}}],"inLanguage":"pt-PT"},{"@type":"Organization","@id":"https:\/\/inclusivenews.com.br\/#organization","name":"Inclusive - inclus\u00e3o e cidadania","url":"https:\/\/inclusivenews.com.br\/","logo":{"@type":"ImageObject","inLanguage":"pt-PT","@id":"https:\/\/inclusivenews.com.br\/#\/schema\/logo\/image\/","url":"https:\/\/inclusivenews.com.br\/wp-content\/uploads\/2024\/03\/@grandesite.png","contentUrl":"https:\/\/inclusivenews.com.br\/wp-content\/uploads\/2024\/03\/@grandesite.png","width":1080,"height":1080,"caption":"Inclusive - inclus\u00e3o e cidadania"},"image":{"@id":"https:\/\/inclusivenews.com.br\/#\/schema\/logo\/image\/"},"sameAs":["https:\/\/www.facebook.com\/agenciainclusive\/","https:\/\/www.instagram.com\/newsinclusive\/"]},{"@type":"Person","@id":"https:\/\/inclusivenews.com.br\/#\/schema\/person\/0dab492019871b94abb65fa8ee7c8c44","name":"Inclusive","image":{"@type":"ImageObject","inLanguage":"pt-PT","@id":"https:\/\/secure.gravatar.com\/avatar\/?s=96&d=mm&r=g","url":"https:\/\/secure.gravatar.com\/avatar\/?s=96&d=mm&r=g","contentUrl":"https:\/\/secure.gravatar.com\/avatar\/?s=96&d=mm&r=g","caption":"Inclusive"},"url":"https:\/\/inclusivenews.com.br\/?author=2"}]}},"_links":{"self":[{"href":"https:\/\/inclusivenews.com.br\/index.php?rest_route=\/wp\/v2\/posts\/31534","targetHints":{"allow":["GET"]}}],"collection":[{"href":"https:\/\/inclusivenews.com.br\/index.php?rest_route=\/wp\/v2\/posts"}],"about":[{"href":"https:\/\/inclusivenews.com.br\/index.php?rest_route=\/wp\/v2\/types\/post"}],"author":[{"embeddable":true,"href":"https:\/\/inclusivenews.com.br\/index.php?rest_route=\/wp\/v2\/users\/2"}],"replies":[{"embeddable":true,"href":"https:\/\/inclusivenews.com.br\/index.php?rest_route=%2Fwp%2Fv2%2Fcomments&post=31534"}],"version-history":[{"count":0,"href":"https:\/\/inclusivenews.com.br\/index.php?rest_route=\/wp\/v2\/posts\/31534\/revisions"}],"wp:attachment":[{"href":"https:\/\/inclusivenews.com.br\/index.php?rest_route=%2Fwp%2Fv2%2Fmedia&parent=31534"}],"wp:term":[{"taxonomy":"category","embeddable":true,"href":"https:\/\/inclusivenews.com.br\/index.php?rest_route=%2Fwp%2Fv2%2Fcategories&post=31534"},{"taxonomy":"post_tag","embeddable":true,"href":"https:\/\/inclusivenews.com.br\/index.php?rest_route=%2Fwp%2Fv2%2Ftags&post=31534"}],"curies":[{"name":"wp","href":"https:\/\/api.w.org\/{rel}","templated":true}]}}