{"id":31677,"date":"2020-04-27T22:14:34","date_gmt":"2020-04-28T01:14:34","guid":{"rendered":"http:\/\/www.inclusive.org.br\/?p=31677"},"modified":"2020-04-27T22:14:34","modified_gmt":"2020-04-28T01:14:34","slug":"sindrome-de-down-e-covid-19-perguntas-e-respostas","status":"publish","type":"post","link":"https:\/\/inclusivenews.com.br\/?p=31677","title":{"rendered":"S\u00edndrome de Down e COVID-19 \u2013 Perguntas e respostas"},"content":{"rendered":"<header class=\"entry-header\">\n<h1 class=\"entry-title\"><\/h1>\n<\/header>\n<div class=\"entry-content\">\n<p data-font=\"17\"><a href=\"http:\/\/www.movimentodown.org.br\/wp-content\/uploads\/2020\/04\/dsmig.jpg\" data-font=\"17\"><img loading=\"lazy\" decoding=\"async\" class=\"alignleft wp-image-13177\" src=\"http:\/\/www.movimentodown.org.br\/wp-content\/uploads\/2020\/04\/dsmig.jpg\" sizes=\"auto, (max-width: 524px) 100vw, 524px\" srcset=\"http:\/\/www.movimentodown.org.br\/wp-content\/uploads\/2020\/04\/dsmig.jpg 800w, http:\/\/www.movimentodown.org.br\/wp-content\/uploads\/2020\/04\/dsmig-300x251.jpg 300w, http:\/\/www.movimentodown.org.br\/wp-content\/uploads\/2020\/04\/dsmig-768x643.jpg 768w, http:\/\/www.movimentodown.org.br\/wp-content\/uploads\/2020\/04\/dsmig-600x503.jpg 600w\" alt=\"mo\u00e7a ao lado de profissional de sa\u00fade.\" width=\"524\" height=\"439\" \/><\/a><\/p>\n<p data-font=\"17\">D\u00favidas sobre s\u00edndrome de Down e o coronav\u00edrus\/COVID-19? Veja algumas perguntas e respostas do <a href=\"https:\/\/dsmig-usa.org\/resources\/BOD\/ABBREVIATED%20COVID%20FINAL.pdf\" data-font=\"17\">Grupo de Interesse M\u00e9dico sobre S\u00edndrome de Down dos EUA<\/a> a d\u00favidas frequentes de pessoas com s\u00edndrome de Down, suas m\u00e3es pais e quem presta apoio.<\/p>\n<p data-font=\"17\">PERGUNTAS E RESPOSTAS \u2013 SD-COVID-19 \u2013 DSMIG<\/p>\n<p data-font=\"17\">Tentamos responder aqui perguntas importantes:<\/p>\n<ul>\n<li>O que pode ser espec\u00edfico sobre o v\u00edrus em pessoas com s\u00edndrome de Down.<\/li>\n<li>Como ajudar a prevenir a propaga\u00e7\u00e3o do v\u00edrus.<\/li>\n<li>Quais s\u00e3o os sintomas comuns.<\/li>\n<li>O que levar em conta ao tomar decis\u00f5es.<\/li>\n<\/ul>\n<p data-font=\"17\">Estas informa\u00e7\u00f5es n\u00e3o substituem o conselho de seu m\u00e9dico.<\/p>\n<p data-font=\"17\"><strong>Se voc\u00ea achar que voc\u00ea ou algu\u00e9m de quem cuide pode estar com COVID-19, ligue para seu m\u00e9dico ou outro profissional de sa\u00fade imediatamente. A primeira provid\u00eancia \u00e9 ligar. Ir a um consult\u00f3rio ou a um hospital aumenta o risco de cont\u00e1gio ou propaga\u00e7\u00e3o do v\u00edrus. Ao telefonar, seu m\u00e9dico ou hospital estar\u00e1 preparado para voc\u00ea. Se tiver uma emerg\u00eancia, ligue para o n\u00famero de emerg\u00eancia m\u00e9dica da sua localidade.<\/strong><\/p>\n<p data-font=\"17\"><strong>\u2014\u2014\u2014\u2013<\/strong><\/p>\n<p data-font=\"17\">\u00c9 importante se cuidar! Se voc\u00ea estiver doente ou cansado, n\u00e3o poder\u00e1 cuidar dos outros. Tente se manter saud\u00e1vel! Outras pessoas dependem de voc\u00ea. Sempre que puder, fa\u00e7a contato com sua fam\u00edlia e amigos. Eles podem estar com problemas e voc\u00ea poder\u00e1 oferecer ajuda.<\/p>\n<p data-font=\"17\"><strong>1)\u00a0 A informa\u00e7\u00e3o geral sobre sintomas, propaga\u00e7\u00e3o, preven\u00e7\u00e3o do v\u00edrus e tratamento da COVID-19 \u00e9 a mesma para pessoas com s\u00edndrome de Down?<\/strong><\/p>\n<p data-font=\"17\">Sim. A informa\u00e7\u00e3o sobre a COVID-19 \u00e9 a mesma para as pessoas com s\u00edndrome de Down. \u00a0Informa\u00e7\u00e3o confi\u00e1vel \u00e9 encontrada no site do Minist\u00e9rio da Sa\u00fade: www.saude.gov.br<\/p>\n<p data-font=\"17\"><strong>2) As pessoas com s\u00edndrome de Down s\u00e3o do grupo de risco para COVID-19?<\/strong><\/p>\n<p data-font=\"17\">Risco maior significa que uma pessoa pode pegar a doen\u00e7a mais facilmente e desenvolver um quadro mais grave.<\/p>\n<p data-font=\"17\">Especialistas dizem que as pessoas com mais de 60 anos e pessoas com problemas cr\u00f4nicos de sa\u00fade correm maior risco de contrair COVID-19 de forma mais grave. Tamb\u00e9m crian\u00e7as mais novas podem ter mais risco de contrair a doen\u00e7a de forma mais grave, mas a maioria se recupera.<\/p>\n<p data-font=\"17\">N\u00e3o sabemos se as pessoas com s\u00edndrome de Down t\u00eam maior propens\u00e3o a contrair a COVID-19. Em geral, pessoas com s\u00edndrome de Down s\u00e3o mais propensas a contrair infec\u00e7\u00f5es. Al\u00e9m disso, muitas pessoas com s\u00edndrome de Down t\u00eam outros problemas m\u00e9dicos que podem trazer maior risco de agravamento do quadro da COVID-19. Por estas raz\u00f5es, \u00e9 muito importante seguir as precau\u00e7\u00f5es recomendadas para prevenir a COVID-19 em pessoas com S\u00edndrome de Down.<\/p>\n<p data-font=\"17\"><strong>3) Quais s\u00e3o os problemas m\u00e9dicos que as pessoas com s\u00edndrome de Down podem ter e que as colocam em alto risco?<\/strong><\/p>\n<p data-font=\"17\">Crian\u00e7as e adultos com s\u00edndrome de Down frequentemente apresentam quest\u00f5es de sa\u00fade cr\u00f4nicas. Se estes problemas n\u00e3o forem tratados, essa pessoa pode ter maior risco de contrair COVID-19. Entre estas quest\u00f5es est\u00e3o:<\/p>\n<ul>\n<li><strong>Alguns problemas card\u00edacos.<\/strong><\/li>\n<li><strong>Problemas respirat\u00f3rios cr\u00f4nicos.<\/strong><\/li>\n<li><strong>Hist\u00f3rico de infec\u00e7\u00f5es respirat\u00f3rias graves.<\/strong><\/li>\n<li><\/li>\n<li><strong>Apneia obstrutiva do sono.<\/strong><\/li>\n<li><strong>Pessoas que podem ter uma fun\u00e7\u00e3o imunol\u00f3gica mais baixa, como por exemplo:<\/strong><\/li>\n<\/ul>\n<p data-font=\"17\">\u2013 Pessoas com diabetes.<\/p>\n<p data-font=\"17\">\u2013 Pessoas que recebem quimioterapia ou tratamento para c\u00e2ncer.<\/p>\n<p data-font=\"17\">\u2013 Pessoas que tomam medicamentos que diminuem a fun\u00e7\u00e3o imunol\u00f3gica. (Como por exemplo no tratamento da artrite reum\u00e1tica, l\u00fapus ou psor\u00edase).<\/p>\n<p data-font=\"17\"><strong>4) Quais comportamentos ou caracter\u00edsticas de indiv\u00edduos com s\u00edndrome de Down requerem considera\u00e7\u00e3o especial?<\/strong><\/p>\n<p data-font=\"17\">Pessoas com s\u00edndrome de Down se comunicam, aprendem e compreendem de maneiras diferentes. Elas podem ter dificuldade em entender como se manter saud\u00e1veis ou em saber se est\u00e3o doentes. Algumas pessoas com s\u00edndrome de Down podem precisar de ajuda extra para aprender sobre o \u201cdistanciamento social\u201d e como prevenir a propaga\u00e7\u00e3o da infec\u00e7\u00e3o.<\/p>\n<p data-font=\"17\">Pessoas com s\u00edndrome de Down tamb\u00e9m podem ter dificuldade em se expressar quando n\u00e3o est\u00e3o se sentindo bem, podendo ter dificuldade em perceber que est\u00e3o com sintomas ou como descrev\u00ea-los. Por estas raz\u00f5es, podem n\u00e3o levantar suspeitas ou procurar cuidados m\u00e9dicos rapidamente. Portanto, \u00e9 necess\u00e1rio prestar muita aten\u00e7\u00e3o.<\/p>\n<p data-font=\"17\"><strong>5) Como posso ajudar uma pessoa com s\u00edndrome de Down a compreender sobre a COVID-19 e a se manter saud\u00e1vel?<\/strong><\/p>\n<p data-font=\"17\">Pessoas com s\u00edndrome de Down tendem a ser muito sens\u00edveis aos sentimentos de outras pessoas. A maioria das pessoas com a s\u00edndrome de Down vai perceber que \u201calgo est\u00e1 acontecendo\u201d. Tente evitar exposi\u00e7\u00e3o exagerada \u00e0s not\u00edcias. Sugerimos que voc\u00ea compartilhe informa\u00e7\u00f5es e responda perguntas sobre a COVID-19. Fique calmo e apresente fatos. Use palavras e imagens simples. Na medida do poss\u00edvel, tente seguir a mesma rotina. \u00a0Algumas estrat\u00e9gias podem ajudar:<\/p>\n<ul>\n<li>Use hist\u00f3rias sociais, express\u00f5es como \u201cfique na sua bolha\u201d e ilustra\u00e7\u00f5es para explicar o que \u00e9 manter uma dist\u00e2ncia segura.<\/li>\n<li>Explique que sorrir, acenar e socializar \u00e0 dist\u00e2ncia \u00e9 seguro, mas deve-se evitar abra\u00e7ar, apertar a m\u00e3o e tocar os outros.<\/li>\n<li>Pratique a lavagem das m\u00e3os usando o refr\u00e3o de uma m\u00fasica favorita ou o \u201cParab\u00e9ns pra voc\u00ea\u201d durante cerca de 20 segundos.<\/li>\n<\/ul>\n<p data-font=\"17\"><strong>6) Viagens s\u00e3o seguras para indiv\u00edduos com s\u00edndrome de Down?<\/strong><\/p>\n<p data-font=\"17\">Neste momento, estar fora em p\u00fablico ou em qualquer viagem n\u00e3o essencial \u00e9 totalmente desencorajado. Se for necess\u00e1rio que uma pessoa com s\u00edndrome de Down viaje, siga as regras locais que podem variar de cidade para cidade e de estado para estado, tente pegar um transporte que n\u00e3o fique cheio e lembre-se de tentar n\u00e3o tocar em nada e lavar as m\u00e3os com frequ\u00eancia.<\/p>\n<p data-font=\"17\"><strong>7) <\/strong>\u00a0<strong>Como ajudar pessoas com s\u00edndrome de Down a reduzir o stress e permanecer bem?<\/strong><\/p>\n<p data-font=\"17\">A melhor recomenda\u00e7\u00e3o \u00e9 seguir uma rotina.\u00a0 Mantenha a rotina todos os dias, o m\u00e1ximo do poss\u00edvel. Pessoas com s\u00edndrome de Down podem ser muito sens\u00edveis a mudan\u00e7as s\u00fabitas na rotina e no ambiente. Podem tamb\u00e9m ficar ansiosas se perceberem que outras pessoas est\u00e3o ansiosas ou perturbadas. Tente evitar os notici\u00e1rios.\u00a0 Pessoas com ansiedade ou depress\u00e3o tamb\u00e9m provavelmente precisar\u00e3o de mais ajuda neste momento. Voc\u00ea pode usar estrat\u00e9gias para acalm\u00e1-las, como exerc\u00edcios de respira\u00e7\u00e3o profunda. Procure profissionais de sa\u00fade tiver alguma preocupa\u00e7\u00e3o. Algumas formas para ajudar a manter a calma:<\/p>\n<ul>\n<li>Mantenha a rotina de se vestir e de se preparar para o dia.<\/li>\n<li>Mantenha hor\u00e1rios regulares de sono.<\/li>\n<li>Fa\u00e7a uma dieta saud\u00e1vel e equilibrada com cereais integrais, alimentos ricos em prote\u00ednas, frutas e vegetais, latic\u00ednios (ou substitutos), gorduras saud\u00e1veis. N\u00e3o existem alimentos ou nutrientes conhecidos para preven\u00e7\u00e3o ou tratamento do COVID-19.<\/li>\n<li>Siga tr\u00eas refei\u00e7\u00f5es equilibradas e dois lanches saud\u00e1veis e fique atento ao tamanho das por\u00e7\u00f5es. Evite comer por ansiedade.<\/li>\n<li>Se for permitido, fa\u00e7a caminhadas ao ar livre, mesmo por um curto per\u00edodo de tempo. Mantenha sempre 2 metros de dist\u00e2ncia de outras pessoas.<\/li>\n<\/ul>\n<p data-font=\"17\"><strong>8) Pessoas com s\u00edndrome de Down devem frequentar escolas, trabalhos e outras atividades?<\/strong><\/p>\n<p data-font=\"17\">A recomenda\u00e7\u00e3o do Minist\u00e9rio da Sa\u00fade no momento \u00e9 ficar em casa e s\u00f3 sair em caso de extrema necessidade.<\/p>\n<p data-font=\"17\">Muitas escolas e atividades j\u00e1 est\u00e3o fechadas. O distanciamento social \u00e9 recomendado para todas as pessoas. Atividades com outras pessoas aumentam a propaga\u00e7\u00e3o da infec\u00e7\u00e3o, e \u00e9 por isso que muitos lugares est\u00e3o fechados. Para escolas, programas e atividades que est\u00e3o abertas, \u00e9 importante verificar quais procedimentos de seguran\u00e7a est\u00e3o sendo usados e considerar o risco de infec\u00e7\u00e3o. Qualquer preocupa\u00e7\u00e3o sobre a participa\u00e7\u00e3o deve ser discutida com o m\u00e9dico.<\/p>\n<p data-font=\"17\"><strong>9) Existem recomenda\u00e7\u00f5es especiais para indiv\u00edduos com s\u00edndrome de Down que vivem em casas coletivas, com colegas de quarto ou pessoal de apoio?<\/strong><\/p>\n<p data-font=\"17\">Resid\u00eancias inclusivas e institui\u00e7\u00f5es coletivas devem ter planos para proteger pessoas com s\u00edndrome de Down. As decis\u00f5es devem depender da propaga\u00e7\u00e3o da COVID-19 na comunidade de origem, em compara\u00e7\u00e3o com o local onde os adultos est\u00e3o vivendo coletivamente. O contato pr\u00f3ximo com qualquer pessoa que tenha sintomas de COVID-19 pode representar grande risco. Lavar as m\u00e3os com cuidado e frequ\u00eancia, ficar longe de coisas que uma pessoa infectada possa ter tocado, e n\u00e3o tocar em uma pessoa infectada \u00e9 importante. O risco pode aumentar se os colegas de quarto ou pessoal de apoio tiverem tido contato com uma pessoa infectada e n\u00e3o estiverem isolados. Pergunte aos respons\u00e1veis pela resid\u00eancia sobre os procedimentos que adotam para prevenir a infec\u00e7\u00e3o com a COVID-19. Muitos estados est\u00e3o limitando visitantes em resid\u00eancias e institui\u00e7\u00f5es.<\/p>\n<p data-font=\"17\"><strong>10)\u00a0 No caso de estar doente, quando pessoas com s\u00edndrome de Down devem ir ao m\u00e9dico ou ao hospital?<\/strong><\/p>\n<p data-font=\"17\">Pessoas com sintomas leves devem ficar em casa e N\u00c3O devem ir ao consult\u00f3rio ou hospital. Se houver sintomas leves (tosse e congest\u00e3o nasal), mas se a pessoa estiver comendo, bebendo regularmente e n\u00e3o tiver problemas para respirar, voc\u00ea deve pedir conselho m\u00e9dico por telefone. Se aparecerem sintomas respirat\u00f3rios graves, ligue para o n\u00famero de emerg\u00eancia de sua regi\u00e3o, seu m\u00e9dico ou hospital para saber para onde ir.<\/p>\n<p data-font=\"17\"><strong>11)\u00a0 No caso de ser o \u00fanico cuidador de uma pessoa com s\u00edndrome de Down, o que devo fazer se eu ficar doente, se o meu teste der positivo para a COVID-19 ou se tiver que ir ao hospital?<\/strong><\/p>\n<p data-font=\"17\">A maioria das pessoas que est\u00e3o doentes ou que derem positivo no teste de COVID-19 n\u00e3o necessitar\u00e1 hospitaliza\u00e7\u00e3o, mas precisar\u00e1 manter o isolamento social. Qualquer pessoa que tenha sintomas ou testes positivos para COVID-19 precisar\u00e1 manter o isolamento social e ficar longe dos outros.<\/p>\n<p data-font=\"17\">\u00c9 importante planejar para que outra pessoa (um membro da fam\u00edlia, amigos ou cuidador) possa cuidar da pessoa com s\u00edndrome de Down. Se voc\u00ea for hospitalizado, outra pessoa precisar\u00e1 estar em casa para dar esse apoio.<\/p>\n<p data-font=\"17\"><strong>12) Dem\u00eancia ou doen\u00e7a de Alzheimer aumenta o risco de COVID-19?<\/strong><\/p>\n<p data-font=\"17\">Associa\u00e7\u00e3o Americana de Alzheimer observou que muito provavelmente, a dem\u00eancia n\u00e3o aumenta o risco para a COVID-19. No entanto, os comportamentos relacionados com a dem\u00eancia, como idade avan\u00e7ada e problemas de sa\u00fade que acompanham a dem\u00eancia podem aumentar o risco. Por exemplo, pessoas com doen\u00e7a de Alzheimer e outras causas de dem\u00eancia podem esquecer de lavar as m\u00e3os ou de tomar precau\u00e7\u00f5es recomendadas para prevenir doen\u00e7as. E ainda, doen\u00e7as como a COVID-19 podem agravar o comprometimento cognitivo e a confus\u00e3o devida \u00e0 dem\u00eancia, podendo aumentar o del\u00edrio.<\/p>\n<p data-font=\"17\">Al\u00e9m disso, pessoas com doen\u00e7a de Alzheimer avan\u00e7ada podem ter maior risco devido aos problemas de degluti\u00e7\u00e3o e pneumonia por aspira\u00e7\u00e3o. Adultos com s\u00edndrome de Down que t\u00eam a doen\u00e7a de Alzheimer e desenvolvem infec\u00e7\u00f5es respirat\u00f3rias virais podem ser vulner\u00e1veis para desenvolver uma pneumonia bacteriana secund\u00e1ria. Pode ser tamb\u00e9m que elas n\u00e3o sejam capazes de se expressar quando come\u00e7arem a desenvolver sintomas da doen\u00e7a. Elas podem ter menos probabilidade de ter febre ou tosse, mas a doen\u00e7a pode apresentar sintomas como mudan\u00e7a s\u00fabita de comportamento, aumento de confus\u00e3o, agita\u00e7\u00e3o ou inatividade. Por isso, \u00e9 muito importante tomar cuidado com sinais da infec\u00e7\u00e3o e mudan\u00e7as comportamentais. O principal \u00e9 prevenir a exposi\u00e7\u00e3o a qualquer pessoa que possa estar com COVID-19.<\/p>\n<p data-font=\"17\">Fonte: <a href=\"https:\/\/dsmig-usa.org\/resources\/BOD\/ABBREVIATED%20COVID%20FINAL.pdf\" data-font=\"17\">https:\/\/dsmig-usa.org\/resources\/BOD\/ABBREVIATED%20COVID%20FINAL.pdf<\/a><\/p>\n<p data-font=\"17\"><strong>Vers\u00e3o resumida \u2022 26 de mar\u00e7o de 2020<\/strong><\/p>\n<p data-font=\"17\">Esta vers\u00e3o resumida e uma vers\u00e3o completa deste documento est\u00e3o dispon\u00edveis no site da DSMIG-USA. \u00c0 medida que soubermos mais sobre a COVID-19, atualizaremos nosso documento. Por favor consulte os nossos sites para vers\u00f5es atualizadas.<\/p>\n<p data-font=\"17\"><strong>Organiza\u00e7\u00f5es contribu\u00edram com tempo, recursos e expertise para esta P&amp;R. Voc\u00ea pode baixar e acessar a vers\u00e3o completa nos sites:<\/strong><\/p>\n<p data-font=\"17\"><u>Down Syndrome Medical Interest Group-USA (DSMIG-USA)<\/u><\/p>\n<p data-font=\"17\"><u>Funda\u00e7\u00e3o Global da S\u00edndrome de Down (GLOBAL)<\/u><\/p>\n<p data-font=\"17\"><u>LuMind IDSC Down Syndrome Foundation (LuMind IDSC)<\/u><\/p>\n<p data-font=\"17\"><u>Congresso Nacional da S\u00edndrome de Down (NDSC)<\/u><\/p>\n<p data-font=\"17\"><u>Sociedade Nacional da S\u00edndrome de Down (NDSS)<\/u><\/p>\n<p data-font=\"17\"><u>Grupo de Trabalho Nacional sobre Defici\u00eancia Intelectual e Dem\u00eancia (GTN)<\/u><\/p>\n<p data-font=\"17\"><strong>APOIO:<\/strong> Down Syndrome Affiliates in Action, GiGi\u2019s Playhouse, International Mosaic Down Syndrome Association, Jerome Lejeune Foundation, T21 Research Society.<\/p>\n<p data-font=\"17\"><strong>As seguintes pessoas colaboraram com o seu tempo e experi\u00eancia para o conte\u00fado desta P&amp;R:<\/strong><\/p>\n<p data-font=\"17\">Nicole Baumer MD, Thomas Buckley EdD, Marilyn Bull MD, Rejena Carmichael, Brian Chicoine MD, Lawrence Force PhD, Paula Gann, Bryn Gelaro LSW, Sara Goldberg, Colleen Hatcher, Elizabeth Head PhD, Jim Hendrix PhD, Hampus Hillerstrom, Mary Hogan MAT, Matthew Janicki PhD, Nancy Jokinen PhD, Seth Keller MD, Florence Lai MD, Megan Lindstrom, Ronald Lucchino PhD, Benjamin Margolis MD, Barry Martin MD, Philip McCallion PhD, Andrew Nowalk MD, Lina Patel PsyD, Kathryn Pears MPPM, Steve Perlman DDS, Kandi Pickard, Mary Pipan MD, Tamara Pursley, Rick Rader MD, Dennis Rosen MD, Kathryn Service NP, Stephanie Sherman PhD, Brian Skotko MD MPP, Maria Stanley MD, David Tolleson, Dawna Mughal Torres PhD, Amy Van Bergen, Kishore Vellody MD, Michelle Sie Whitten, Alan Wong DDS.<\/p>\n<p data-font=\"17\"><em>Tradu\u00e7\u00e3o e adapta\u00e7\u00e3o para o Movimento Down: Mariana Reade, Dario Puertas Otones, Patricia Almeida.<\/em><\/p>\n<p data-font=\"17\">Fonte:\u00a0<a href=\"http:\/\/www.movimentodown.org.br\/2020\/04\/sindrome-de-down-e-covid-19-perguntas-e-respostas\/\">http:\/\/www.movimentodown.org.br\/2020\/04\/sindrome-de-down-e-covid-19-perguntas-e-respostas\/<\/a><\/p>\n<\/div>\n","protected":false},"excerpt":{"rendered":"<p>D\u00favidas sobre s\u00edndrome de Down e o coronav\u00edrus\/COVID-19? Veja algumas perguntas e respostas do Grupo de Interesse M\u00e9dico sobre S\u00edndrome de Down dos EUA a d\u00favidas frequentes de pessoas com s\u00edndrome de Down, suas m\u00e3es pais e quem presta apoio. PERGUNTAS E RESPOSTAS \u2013 SD-COVID-19 \u2013 DSMIG Tentamos responder aqui perguntas importantes: O que pode [&hellip;]<\/p>\n","protected":false},"author":2,"featured_media":0,"comment_status":"open","ping_status":"open","sticky":false,"template":"","format":"standard","meta":{"site-container-style":"default","site-container-layout":"default","site-sidebar-layout":"default","disable-article-header":"default","disable-site-header":"default","disable-site-footer":"default","disable-content-area-spacing":"default","footnotes":""},"categories":[446,4],"tags":[],"class_list":["post-31677","post","type-post","status-publish","format-standard","hentry","category-coronavirus","category-noticias"],"yoast_head":"<!-- This site is optimized with the Yoast SEO plugin v27.4 - https:\/\/yoast.com\/product\/yoast-seo-wordpress\/ -->\n<title>S\u00edndrome de Down e COVID-19 \u2013 Perguntas e respostas -<\/title>\n<meta name=\"robots\" content=\"index, follow, max-snippet:-1, max-image-preview:large, max-video-preview:-1\" \/>\n<link rel=\"canonical\" href=\"https:\/\/inclusivenews.com.br\/?p=31677\" \/>\n<meta property=\"og:locale\" content=\"pt_PT\" \/>\n<meta property=\"og:type\" content=\"article\" \/>\n<meta property=\"og:title\" content=\"S\u00edndrome de Down e COVID-19 \u2013 Perguntas e respostas -\" \/>\n<meta property=\"og:description\" content=\"D\u00favidas sobre s\u00edndrome de Down e o coronav\u00edrus\/COVID-19? Veja algumas perguntas e respostas do Grupo de Interesse M\u00e9dico sobre S\u00edndrome de Down dos EUA a d\u00favidas frequentes de pessoas com s\u00edndrome de Down, suas m\u00e3es pais e quem presta apoio. PERGUNTAS E RESPOSTAS \u2013 SD-COVID-19 \u2013 DSMIG Tentamos responder aqui perguntas importantes: O que pode [&hellip;]\" \/>\n<meta property=\"og:url\" content=\"https:\/\/inclusivenews.com.br\/?p=31677\" \/>\n<meta property=\"article:publisher\" content=\"https:\/\/www.facebook.com\/agenciainclusive\/\" \/>\n<meta property=\"article:published_time\" content=\"2020-04-28T01:14:34+00:00\" \/>\n<meta property=\"og:image\" content=\"http:\/\/www.movimentodown.org.br\/wp-content\/uploads\/2020\/04\/dsmig.jpg\" \/>\n<meta name=\"author\" content=\"Inclusive\" \/>\n<meta name=\"twitter:card\" content=\"summary_large_image\" \/>\n<meta name=\"twitter:label1\" content=\"Escrito por\" \/>\n\t<meta name=\"twitter:data1\" content=\"Inclusive\" \/>\n\t<meta name=\"twitter:label2\" content=\"Tempo estimado de leitura\" \/>\n\t<meta name=\"twitter:data2\" content=\"11 minutos\" \/>\n<script type=\"application\/ld+json\" class=\"yoast-schema-graph\">{\"@context\":\"https:\\\/\\\/schema.org\",\"@graph\":[{\"@type\":\"Article\",\"@id\":\"https:\\\/\\\/inclusivenews.com.br\\\/?p=31677#article\",\"isPartOf\":{\"@id\":\"https:\\\/\\\/inclusivenews.com.br\\\/?p=31677\"},\"author\":{\"name\":\"Inclusive\",\"@id\":\"https:\\\/\\\/inclusivenews.com.br\\\/#\\\/schema\\\/person\\\/0dab492019871b94abb65fa8ee7c8c44\"},\"headline\":\"S\u00edndrome de Down e COVID-19 \u2013 Perguntas e respostas\",\"datePublished\":\"2020-04-28T01:14:34+00:00\",\"mainEntityOfPage\":{\"@id\":\"https:\\\/\\\/inclusivenews.com.br\\\/?p=31677\"},\"wordCount\":2308,\"commentCount\":0,\"publisher\":{\"@id\":\"https:\\\/\\\/inclusivenews.com.br\\\/#organization\"},\"image\":{\"@id\":\"https:\\\/\\\/inclusivenews.com.br\\\/?p=31677#primaryimage\"},\"thumbnailUrl\":\"http:\\\/\\\/www.movimentodown.org.br\\\/wp-content\\\/uploads\\\/2020\\\/04\\\/dsmig.jpg\",\"articleSection\":[\"Coronav\u00edrus\",\"NOT\u00cdCIAS\"],\"inLanguage\":\"pt-PT\",\"potentialAction\":[{\"@type\":\"CommentAction\",\"name\":\"Comment\",\"target\":[\"https:\\\/\\\/inclusivenews.com.br\\\/?p=31677#respond\"]}]},{\"@type\":\"WebPage\",\"@id\":\"https:\\\/\\\/inclusivenews.com.br\\\/?p=31677\",\"url\":\"https:\\\/\\\/inclusivenews.com.br\\\/?p=31677\",\"name\":\"S\u00edndrome de Down e COVID-19 \u2013 Perguntas e respostas -\",\"isPartOf\":{\"@id\":\"https:\\\/\\\/inclusivenews.com.br\\\/#website\"},\"primaryImageOfPage\":{\"@id\":\"https:\\\/\\\/inclusivenews.com.br\\\/?p=31677#primaryimage\"},\"image\":{\"@id\":\"https:\\\/\\\/inclusivenews.com.br\\\/?p=31677#primaryimage\"},\"thumbnailUrl\":\"http:\\\/\\\/www.movimentodown.org.br\\\/wp-content\\\/uploads\\\/2020\\\/04\\\/dsmig.jpg\",\"datePublished\":\"2020-04-28T01:14:34+00:00\",\"breadcrumb\":{\"@id\":\"https:\\\/\\\/inclusivenews.com.br\\\/?p=31677#breadcrumb\"},\"inLanguage\":\"pt-PT\",\"potentialAction\":[{\"@type\":\"ReadAction\",\"target\":[\"https:\\\/\\\/inclusivenews.com.br\\\/?p=31677\"]}]},{\"@type\":\"ImageObject\",\"inLanguage\":\"pt-PT\",\"@id\":\"https:\\\/\\\/inclusivenews.com.br\\\/?p=31677#primaryimage\",\"url\":\"http:\\\/\\\/www.movimentodown.org.br\\\/wp-content\\\/uploads\\\/2020\\\/04\\\/dsmig.jpg\",\"contentUrl\":\"http:\\\/\\\/www.movimentodown.org.br\\\/wp-content\\\/uploads\\\/2020\\\/04\\\/dsmig.jpg\"},{\"@type\":\"BreadcrumbList\",\"@id\":\"https:\\\/\\\/inclusivenews.com.br\\\/?p=31677#breadcrumb\",\"itemListElement\":[{\"@type\":\"ListItem\",\"position\":1,\"name\":\"In\u00edcio\",\"item\":\"https:\\\/\\\/inclusivenews.com.br\\\/\"},{\"@type\":\"ListItem\",\"position\":2,\"name\":\"S\u00edndrome de Down e COVID-19 \u2013 Perguntas e respostas\"}]},{\"@type\":\"WebSite\",\"@id\":\"https:\\\/\\\/inclusivenews.com.br\\\/#website\",\"url\":\"https:\\\/\\\/inclusivenews.com.br\\\/\",\"name\":\"Inclusive News\",\"description\":\"Inclusive News\",\"publisher\":{\"@id\":\"https:\\\/\\\/inclusivenews.com.br\\\/#organization\"},\"potentialAction\":[{\"@type\":\"SearchAction\",\"target\":{\"@type\":\"EntryPoint\",\"urlTemplate\":\"https:\\\/\\\/inclusivenews.com.br\\\/?s={search_term_string}\"},\"query-input\":{\"@type\":\"PropertyValueSpecification\",\"valueRequired\":true,\"valueName\":\"search_term_string\"}}],\"inLanguage\":\"pt-PT\"},{\"@type\":\"Organization\",\"@id\":\"https:\\\/\\\/inclusivenews.com.br\\\/#organization\",\"name\":\"Inclusive - inclus\u00e3o e cidadania\",\"url\":\"https:\\\/\\\/inclusivenews.com.br\\\/\",\"logo\":{\"@type\":\"ImageObject\",\"inLanguage\":\"pt-PT\",\"@id\":\"https:\\\/\\\/inclusivenews.com.br\\\/#\\\/schema\\\/logo\\\/image\\\/\",\"url\":\"https:\\\/\\\/inclusivenews.com.br\\\/wp-content\\\/uploads\\\/2024\\\/03\\\/@grandesite.png\",\"contentUrl\":\"https:\\\/\\\/inclusivenews.com.br\\\/wp-content\\\/uploads\\\/2024\\\/03\\\/@grandesite.png\",\"width\":1080,\"height\":1080,\"caption\":\"Inclusive - inclus\u00e3o e cidadania\"},\"image\":{\"@id\":\"https:\\\/\\\/inclusivenews.com.br\\\/#\\\/schema\\\/logo\\\/image\\\/\"},\"sameAs\":[\"https:\\\/\\\/www.facebook.com\\\/agenciainclusive\\\/\",\"https:\\\/\\\/www.instagram.com\\\/newsinclusive\\\/\"]},{\"@type\":\"Person\",\"@id\":\"https:\\\/\\\/inclusivenews.com.br\\\/#\\\/schema\\\/person\\\/0dab492019871b94abb65fa8ee7c8c44\",\"name\":\"Inclusive\",\"image\":{\"@type\":\"ImageObject\",\"inLanguage\":\"pt-PT\",\"@id\":\"https:\\\/\\\/secure.gravatar.com\\\/avatar\\\/?s=96&d=mm&r=g\",\"url\":\"https:\\\/\\\/secure.gravatar.com\\\/avatar\\\/?s=96&d=mm&r=g\",\"contentUrl\":\"https:\\\/\\\/secure.gravatar.com\\\/avatar\\\/?s=96&d=mm&r=g\",\"caption\":\"Inclusive\"},\"url\":\"https:\\\/\\\/inclusivenews.com.br\\\/?author=2\"}]}<\/script>\n<!-- \/ Yoast SEO plugin. -->","yoast_head_json":{"title":"S\u00edndrome de Down e COVID-19 \u2013 Perguntas e respostas -","robots":{"index":"index","follow":"follow","max-snippet":"max-snippet:-1","max-image-preview":"max-image-preview:large","max-video-preview":"max-video-preview:-1"},"canonical":"https:\/\/inclusivenews.com.br\/?p=31677","og_locale":"pt_PT","og_type":"article","og_title":"S\u00edndrome de Down e COVID-19 \u2013 Perguntas e respostas -","og_description":"D\u00favidas sobre s\u00edndrome de Down e o coronav\u00edrus\/COVID-19? Veja algumas perguntas e respostas do Grupo de Interesse M\u00e9dico sobre S\u00edndrome de Down dos EUA a d\u00favidas frequentes de pessoas com s\u00edndrome de Down, suas m\u00e3es pais e quem presta apoio. PERGUNTAS E RESPOSTAS \u2013 SD-COVID-19 \u2013 DSMIG Tentamos responder aqui perguntas importantes: O que pode [&hellip;]","og_url":"https:\/\/inclusivenews.com.br\/?p=31677","article_publisher":"https:\/\/www.facebook.com\/agenciainclusive\/","article_published_time":"2020-04-28T01:14:34+00:00","og_image":[{"url":"http:\/\/www.movimentodown.org.br\/wp-content\/uploads\/2020\/04\/dsmig.jpg","type":"","width":"","height":""}],"author":"Inclusive","twitter_card":"summary_large_image","twitter_misc":{"Escrito por":"Inclusive","Tempo estimado de leitura":"11 minutos"},"schema":{"@context":"https:\/\/schema.org","@graph":[{"@type":"Article","@id":"https:\/\/inclusivenews.com.br\/?p=31677#article","isPartOf":{"@id":"https:\/\/inclusivenews.com.br\/?p=31677"},"author":{"name":"Inclusive","@id":"https:\/\/inclusivenews.com.br\/#\/schema\/person\/0dab492019871b94abb65fa8ee7c8c44"},"headline":"S\u00edndrome de Down e COVID-19 \u2013 Perguntas e respostas","datePublished":"2020-04-28T01:14:34+00:00","mainEntityOfPage":{"@id":"https:\/\/inclusivenews.com.br\/?p=31677"},"wordCount":2308,"commentCount":0,"publisher":{"@id":"https:\/\/inclusivenews.com.br\/#organization"},"image":{"@id":"https:\/\/inclusivenews.com.br\/?p=31677#primaryimage"},"thumbnailUrl":"http:\/\/www.movimentodown.org.br\/wp-content\/uploads\/2020\/04\/dsmig.jpg","articleSection":["Coronav\u00edrus","NOT\u00cdCIAS"],"inLanguage":"pt-PT","potentialAction":[{"@type":"CommentAction","name":"Comment","target":["https:\/\/inclusivenews.com.br\/?p=31677#respond"]}]},{"@type":"WebPage","@id":"https:\/\/inclusivenews.com.br\/?p=31677","url":"https:\/\/inclusivenews.com.br\/?p=31677","name":"S\u00edndrome de Down e COVID-19 \u2013 Perguntas e respostas -","isPartOf":{"@id":"https:\/\/inclusivenews.com.br\/#website"},"primaryImageOfPage":{"@id":"https:\/\/inclusivenews.com.br\/?p=31677#primaryimage"},"image":{"@id":"https:\/\/inclusivenews.com.br\/?p=31677#primaryimage"},"thumbnailUrl":"http:\/\/www.movimentodown.org.br\/wp-content\/uploads\/2020\/04\/dsmig.jpg","datePublished":"2020-04-28T01:14:34+00:00","breadcrumb":{"@id":"https:\/\/inclusivenews.com.br\/?p=31677#breadcrumb"},"inLanguage":"pt-PT","potentialAction":[{"@type":"ReadAction","target":["https:\/\/inclusivenews.com.br\/?p=31677"]}]},{"@type":"ImageObject","inLanguage":"pt-PT","@id":"https:\/\/inclusivenews.com.br\/?p=31677#primaryimage","url":"http:\/\/www.movimentodown.org.br\/wp-content\/uploads\/2020\/04\/dsmig.jpg","contentUrl":"http:\/\/www.movimentodown.org.br\/wp-content\/uploads\/2020\/04\/dsmig.jpg"},{"@type":"BreadcrumbList","@id":"https:\/\/inclusivenews.com.br\/?p=31677#breadcrumb","itemListElement":[{"@type":"ListItem","position":1,"name":"In\u00edcio","item":"https:\/\/inclusivenews.com.br\/"},{"@type":"ListItem","position":2,"name":"S\u00edndrome de Down e COVID-19 \u2013 Perguntas e respostas"}]},{"@type":"WebSite","@id":"https:\/\/inclusivenews.com.br\/#website","url":"https:\/\/inclusivenews.com.br\/","name":"Inclusive News","description":"Inclusive News","publisher":{"@id":"https:\/\/inclusivenews.com.br\/#organization"},"potentialAction":[{"@type":"SearchAction","target":{"@type":"EntryPoint","urlTemplate":"https:\/\/inclusivenews.com.br\/?s={search_term_string}"},"query-input":{"@type":"PropertyValueSpecification","valueRequired":true,"valueName":"search_term_string"}}],"inLanguage":"pt-PT"},{"@type":"Organization","@id":"https:\/\/inclusivenews.com.br\/#organization","name":"Inclusive - inclus\u00e3o e cidadania","url":"https:\/\/inclusivenews.com.br\/","logo":{"@type":"ImageObject","inLanguage":"pt-PT","@id":"https:\/\/inclusivenews.com.br\/#\/schema\/logo\/image\/","url":"https:\/\/inclusivenews.com.br\/wp-content\/uploads\/2024\/03\/@grandesite.png","contentUrl":"https:\/\/inclusivenews.com.br\/wp-content\/uploads\/2024\/03\/@grandesite.png","width":1080,"height":1080,"caption":"Inclusive - inclus\u00e3o e cidadania"},"image":{"@id":"https:\/\/inclusivenews.com.br\/#\/schema\/logo\/image\/"},"sameAs":["https:\/\/www.facebook.com\/agenciainclusive\/","https:\/\/www.instagram.com\/newsinclusive\/"]},{"@type":"Person","@id":"https:\/\/inclusivenews.com.br\/#\/schema\/person\/0dab492019871b94abb65fa8ee7c8c44","name":"Inclusive","image":{"@type":"ImageObject","inLanguage":"pt-PT","@id":"https:\/\/secure.gravatar.com\/avatar\/?s=96&d=mm&r=g","url":"https:\/\/secure.gravatar.com\/avatar\/?s=96&d=mm&r=g","contentUrl":"https:\/\/secure.gravatar.com\/avatar\/?s=96&d=mm&r=g","caption":"Inclusive"},"url":"https:\/\/inclusivenews.com.br\/?author=2"}]}},"_links":{"self":[{"href":"https:\/\/inclusivenews.com.br\/index.php?rest_route=\/wp\/v2\/posts\/31677","targetHints":{"allow":["GET"]}}],"collection":[{"href":"https:\/\/inclusivenews.com.br\/index.php?rest_route=\/wp\/v2\/posts"}],"about":[{"href":"https:\/\/inclusivenews.com.br\/index.php?rest_route=\/wp\/v2\/types\/post"}],"author":[{"embeddable":true,"href":"https:\/\/inclusivenews.com.br\/index.php?rest_route=\/wp\/v2\/users\/2"}],"replies":[{"embeddable":true,"href":"https:\/\/inclusivenews.com.br\/index.php?rest_route=%2Fwp%2Fv2%2Fcomments&post=31677"}],"version-history":[{"count":0,"href":"https:\/\/inclusivenews.com.br\/index.php?rest_route=\/wp\/v2\/posts\/31677\/revisions"}],"wp:attachment":[{"href":"https:\/\/inclusivenews.com.br\/index.php?rest_route=%2Fwp%2Fv2%2Fmedia&parent=31677"}],"wp:term":[{"taxonomy":"category","embeddable":true,"href":"https:\/\/inclusivenews.com.br\/index.php?rest_route=%2Fwp%2Fv2%2Fcategories&post=31677"},{"taxonomy":"post_tag","embeddable":true,"href":"https:\/\/inclusivenews.com.br\/index.php?rest_route=%2Fwp%2Fv2%2Ftags&post=31677"}],"curies":[{"name":"wp","href":"https:\/\/api.w.org\/{rel}","templated":true}]}}