{"id":31679,"date":"2020-04-27T22:26:58","date_gmt":"2020-04-28T01:26:58","guid":{"rendered":"http:\/\/www.inclusive.org.br\/?p=31679"},"modified":"2020-04-27T22:26:58","modified_gmt":"2020-04-28T01:26:58","slug":"sindrome-de-down-e-coronavirus-ndss","status":"publish","type":"post","link":"https:\/\/inclusivenews.com.br\/?p=31679","title":{"rendered":"S\u00edndrome de Down e Coronav\u00edrus \u2013 NDSS"},"content":{"rendered":"<header class=\"entry-header\">\n<h1 class=\"entry-title\"><\/h1>\n<\/header>\n<div class=\"entry-content\">\n<p data-font=\"17\"><a href=\"http:\/\/www.movimentodown.org.br\/wp-content\/uploads\/2020\/04\/NDSS-COVID.png\" data-font=\"17\"><img loading=\"lazy\" decoding=\"async\" class=\"alignleft wp-image-13184\" src=\"http:\/\/www.movimentodown.org.br\/wp-content\/uploads\/2020\/04\/NDSS-COVID-243x300.png\" sizes=\"auto, (max-width: 471px) 100vw, 471px\" srcset=\"http:\/\/www.movimentodown.org.br\/wp-content\/uploads\/2020\/04\/NDSS-COVID-243x300.png 243w, http:\/\/www.movimentodown.org.br\/wp-content\/uploads\/2020\/04\/NDSS-COVID-768x948.png 768w, http:\/\/www.movimentodown.org.br\/wp-content\/uploads\/2020\/04\/NDSS-COVID-830x1024.png 830w, http:\/\/www.movimentodown.org.br\/wp-content\/uploads\/2020\/04\/NDSS-COVID-600x741.png 600w, http:\/\/www.movimentodown.org.br\/wp-content\/uploads\/2020\/04\/NDSS-COVID.png 875w\" alt=\"\" width=\"471\" height=\"581\" \/><\/a>Que tal juntar as informa\u00e7\u00f5es importantes sobre a COVID-19?<br \/>\nTemos visto por a\u00ed informa\u00e7\u00f5es desencontradas, gente que exagera e gente que minimiza, gente que cau<span class=\"text_exposed_show\">sa p\u00e2nico, gente que entra em p\u00e2nico, gente que n\u00e3o se cuida e a\u00ed exp\u00f5e o outro ao risco, enfim, uma infinidade de comportamentos e not\u00edcias que tem deixado a popula\u00e7\u00e3o confusa.<br \/>\nE longe de querer ser a \u201cdoutora sabe tudo\u201d, vamos tentar colocar o que temos de s\u00e9rio nisso, n\u00e3o esquecendo que a situa\u00e7\u00e3o \u00e9 din\u00e2mica e pode mudar nos pr\u00f3ximos dias ou semanas.<br \/>\nPorque a gente t\u00e1 t\u00e3o preocupado com este coronav\u00edrus? N\u00e3o \u00e9 s\u00f3 mais uma gripe?<br \/>\nA COVID-19 \u00e9 uma doen\u00e7a nova, que cursa com sintomas gripais, mas com caracter\u00edsticas distintas: mais transmiss\u00edvel, evolu\u00e7\u00e3o cl\u00ednica vari\u00e1vel e com maior taxa de hospitaliza\u00e7\u00e3o.<br \/>\nE o problema n\u00e3o \u00e9 eu ou voc\u00ea pegar este v\u00edrus. Provavelmente teremos o quadro habitual, com tosse, secre\u00e7\u00e3o nasal, dor no corpo, febre\u2026<br \/>\nA letalidade geral \u00e9 considerada baixa (3,4%), mas \u00e9 mais alta nos grupos de risco (14,5% nos idosos, pessoas com doen\u00e7as cr\u00f4nicas, e com problemas na imunidade), embora ainda possa estar superestimada, j\u00e1 que os casos assintom\u00e1ticos provavelmente n\u00e3o entraram nesta conta.<br \/>\nMas enfim, qual \u00e9 ent\u00e3o a preocupa\u00e7\u00e3o? A preocupa\u00e7\u00e3o maior \u00e9 que ela \u00e9 muito mais transmiss\u00edvel que a gripe causada pelo v\u00edrus Influenza, por exemplo, e a\u00ed, se a coisa se espalhar, teremos uma demanda enorme de pacientes que realmente precisar\u00e3o de atendimento hospitalar, e uma necessidade maior tamb\u00e9m de leitos em unidade de terapia intensiva. E certamente poucos pa\u00edses no mundo (se \u00e9 que tem algum) est\u00e3o preparados para essa enormidade de casos, assim, todos de uma vez!<br \/>\nE aqui\u2026temos estrutura para atender quantos?<br \/>\nQual ent\u00e3o, o nosso papel nisso tudo?<br \/>\nSeguir as orienta\u00e7\u00f5es para minimizar a dissemina\u00e7\u00e3o do v\u00edrus.<br \/>\nTemos sorte por aqui, j\u00e1 que assistimos praticamente de camarote o que aconteceu na China, Ir\u00e3, Cor\u00e9ia do Sul, It\u00e1lia e outros pa\u00edses da Europa. Aprendemos com isso.<br \/>\nTemos sorte tamb\u00e9m porque aqui ainda \u00e9 ver\u00e3o e nosso outono tem temperaturas mais quentes. Por\u00e9m, teremos transmiss\u00e3o comunit\u00e1ria do v\u00edrus (aquela que acontece entre as pessoas, sem hist\u00f3ria de viagem ao exterior ou contato com algu\u00e9m sabidamente contaminado). E isso aumenta muito a chance do v\u00edrus chegar na popula\u00e7\u00e3o mais suscept\u00edvel, ou seja, aquela que vai precisar do sistema hospitalar.<br \/>\nTemos sorte tamb\u00e9m em ter o SUS, um sistema de sa\u00fade que atende universalmente nossa popula\u00e7\u00e3o.<br \/>\nEnt\u00e3o, se todo mundo colaborar, poderemos ter um cen\u00e1rio mais positivo por aqui.<br \/>\nMas temos que fazer um pacto social. Cumprir as orienta\u00e7\u00f5es das autoridades de sa\u00fade.<br \/>\nN\u00e3o adianta tua empresa dispensar os funcion\u00e1rios e voc\u00ea ir ao cinema. N\u00e3o adianta a escola orientar que os alunos com sintomas respirat\u00f3rios fiquem em casa e voc\u00ea mandar seu filho, porque tem certeza que \u00e9 \u201cs\u00f3 um resfriadinho\u201d.<br \/>\nDepende de n\u00f3s a maior ou menor dissemina\u00e7\u00e3o deste v\u00edrus.<br \/>\nDepende de n\u00f3s inclusive, se teremos ou n\u00e3o medidas restritivas mais radicais.<\/span><\/p>\n<div class=\"text_exposed_show\">\n<p data-font=\"17\">Um pouquinho sobre as infec\u00e7\u00f5es em crian\u00e7as:<br \/>\nAs crian\u00e7as parecem estar mais protegidas da infec\u00e7\u00e3o pela COVID-19, pelo menos essa \u00e9 a situa\u00e7\u00e3o at\u00e9 agora. O que se v\u00ea nas publica\u00e7oes oficiais dos pa\u00edses que tem muitos casos \u00e9 que elas tem um quadro bastante leve ou ent\u00e3o s\u00e3o assintom\u00e1ticas. At\u00e9 o momento n\u00e3o ocorreu nenhuma morte pela COVID-19 em crian\u00e7as com menos de 10 anos. Mas uma coisa importante: as crian\u00e7as podem ser transmissoras da doen\u00e7a, e por isso, o cuidado com a exposi\u00e7\u00e3o de familiares idosos ou com doen\u00e7as cr\u00f4nicas \u00e0s crian\u00e7as com sintomas respirat\u00f3rios.<\/p>\n<p data-font=\"17\">E as pessoas com s\u00edndrome de Down, s\u00e3o consideradas de risco?<br \/>\nEm geral, sim. Pois temos uma incid\u00eancia maior nessas pessoas, de disfun\u00e7\u00f5es da imunidade, cardiopatias cong\u00eanitas e doen\u00e7as respirat\u00f3rias. Portanto, familiares e pessoas com SD devem seguir rigorosamente as orienta\u00e7\u00f5es gerais e tamb\u00e9m as do seu m\u00e9dico pessoal.<\/p>\n<p data-font=\"17\">Ent\u00e3o gente, se n\u00e3o podemos viajar pra fora, vamos ent\u00e3o viajar para dentro de n\u00f3s mesmos e exercitar nossa empatia e compaix\u00e3o.<br \/>\nSejamos respons\u00e1veis e comprometidos com as orienta\u00e7\u00f5es a seguir.<br \/>\nVamos cuidar com carinho de n\u00f3s e cuidar tamb\u00e9m, com o mesmo amor, do outro.<\/p>\n<p data-font=\"17\">Dra. Ana Claudia Brand\u00e3o<\/p>\n<p data-font=\"17\">(*traduzi o panfleto da National Down Syndrome Society para que as fam\u00edlias e pessoas com SD possam ter acesso as estas informa\u00e7\u00f5es, embora n\u00e3o sejam diferentes das orienta\u00e7\u00f5es direcionadas a popula\u00e7\u00e3o geral).<\/p>\n<\/div>\n<p data-font=\"17\">Fonte:\u00a0<a href=\"https:\/\/www.facebook.com\/photo.php?fbid=10216838849463815&amp;set=pb.1241307223.-2207520000..&amp;type=3&amp;theater\" data-font=\"17\">https:\/\/www.facebook.com\/photo.php?fbid=10216838849463815&amp;set=pb.1241307223.-2207520000..&amp;type=3&amp;theater<\/a><\/p>\n<\/div>\n","protected":false},"excerpt":{"rendered":"<p>Que tal juntar as informa\u00e7\u00f5es importantes sobre a COVID-19? Temos visto por a\u00ed informa\u00e7\u00f5es desencontradas, gente que exagera e gente que minimiza, gente que causa p\u00e2nico, gente que entra em p\u00e2nico, gente que n\u00e3o se cuida e a\u00ed exp\u00f5e o outro ao risco, enfim, uma infinidade de comportamentos e not\u00edcias que tem deixado a popula\u00e7\u00e3o [&hellip;]<\/p>\n","protected":false},"author":2,"featured_media":0,"comment_status":"open","ping_status":"open","sticky":false,"template":"","format":"standard","meta":{"site-container-style":"default","site-container-layout":"default","site-sidebar-layout":"default","disable-article-header":"default","disable-site-header":"default","disable-site-footer":"default","disable-content-area-spacing":"default","footnotes":""},"categories":[446],"tags":[],"class_list":["post-31679","post","type-post","status-publish","format-standard","hentry","category-coronavirus"],"yoast_head":"<!-- This site is optimized with the Yoast SEO plugin v27.4 - https:\/\/yoast.com\/product\/yoast-seo-wordpress\/ -->\n<title>S\u00edndrome de Down e Coronav\u00edrus \u2013 NDSS -<\/title>\n<meta name=\"robots\" content=\"index, follow, max-snippet:-1, max-image-preview:large, max-video-preview:-1\" \/>\n<link rel=\"canonical\" href=\"https:\/\/inclusivenews.com.br\/?p=31679\" \/>\n<meta property=\"og:locale\" content=\"pt_PT\" \/>\n<meta property=\"og:type\" content=\"article\" \/>\n<meta property=\"og:title\" content=\"S\u00edndrome de Down e Coronav\u00edrus \u2013 NDSS -\" \/>\n<meta property=\"og:description\" content=\"Que tal juntar as informa\u00e7\u00f5es importantes sobre a COVID-19? Temos visto por a\u00ed informa\u00e7\u00f5es desencontradas, gente que exagera e gente que minimiza, gente que causa p\u00e2nico, gente que entra em p\u00e2nico, gente que n\u00e3o se cuida e a\u00ed exp\u00f5e o outro ao risco, enfim, uma infinidade de comportamentos e not\u00edcias que tem deixado a popula\u00e7\u00e3o [&hellip;]\" \/>\n<meta property=\"og:url\" content=\"https:\/\/inclusivenews.com.br\/?p=31679\" \/>\n<meta property=\"article:publisher\" content=\"https:\/\/www.facebook.com\/agenciainclusive\/\" \/>\n<meta property=\"article:published_time\" content=\"2020-04-28T01:26:58+00:00\" \/>\n<meta property=\"og:image\" content=\"http:\/\/www.movimentodown.org.br\/wp-content\/uploads\/2020\/04\/NDSS-COVID-243x300.png\" \/>\n<meta name=\"author\" content=\"Inclusive\" \/>\n<meta name=\"twitter:card\" content=\"summary_large_image\" \/>\n<meta name=\"twitter:label1\" content=\"Escrito por\" \/>\n\t<meta name=\"twitter:data1\" content=\"Inclusive\" \/>\n\t<meta name=\"twitter:label2\" content=\"Tempo estimado de leitura\" \/>\n\t<meta name=\"twitter:data2\" content=\"4 minutos\" \/>\n<script type=\"application\/ld+json\" class=\"yoast-schema-graph\">{\"@context\":\"https:\\\/\\\/schema.org\",\"@graph\":[{\"@type\":\"Article\",\"@id\":\"https:\\\/\\\/inclusivenews.com.br\\\/?p=31679#article\",\"isPartOf\":{\"@id\":\"https:\\\/\\\/inclusivenews.com.br\\\/?p=31679\"},\"author\":{\"name\":\"Inclusive\",\"@id\":\"https:\\\/\\\/inclusivenews.com.br\\\/#\\\/schema\\\/person\\\/0dab492019871b94abb65fa8ee7c8c44\"},\"headline\":\"S\u00edndrome de Down e Coronav\u00edrus \u2013 NDSS\",\"datePublished\":\"2020-04-28T01:26:58+00:00\",\"mainEntityOfPage\":{\"@id\":\"https:\\\/\\\/inclusivenews.com.br\\\/?p=31679\"},\"wordCount\":844,\"commentCount\":0,\"publisher\":{\"@id\":\"https:\\\/\\\/inclusivenews.com.br\\\/#organization\"},\"image\":{\"@id\":\"https:\\\/\\\/inclusivenews.com.br\\\/?p=31679#primaryimage\"},\"thumbnailUrl\":\"http:\\\/\\\/www.movimentodown.org.br\\\/wp-content\\\/uploads\\\/2020\\\/04\\\/NDSS-COVID-243x300.png\",\"articleSection\":[\"Coronav\u00edrus\"],\"inLanguage\":\"pt-PT\",\"potentialAction\":[{\"@type\":\"CommentAction\",\"name\":\"Comment\",\"target\":[\"https:\\\/\\\/inclusivenews.com.br\\\/?p=31679#respond\"]}]},{\"@type\":\"WebPage\",\"@id\":\"https:\\\/\\\/inclusivenews.com.br\\\/?p=31679\",\"url\":\"https:\\\/\\\/inclusivenews.com.br\\\/?p=31679\",\"name\":\"S\u00edndrome de Down e Coronav\u00edrus \u2013 NDSS -\",\"isPartOf\":{\"@id\":\"https:\\\/\\\/inclusivenews.com.br\\\/#website\"},\"primaryImageOfPage\":{\"@id\":\"https:\\\/\\\/inclusivenews.com.br\\\/?p=31679#primaryimage\"},\"image\":{\"@id\":\"https:\\\/\\\/inclusivenews.com.br\\\/?p=31679#primaryimage\"},\"thumbnailUrl\":\"http:\\\/\\\/www.movimentodown.org.br\\\/wp-content\\\/uploads\\\/2020\\\/04\\\/NDSS-COVID-243x300.png\",\"datePublished\":\"2020-04-28T01:26:58+00:00\",\"breadcrumb\":{\"@id\":\"https:\\\/\\\/inclusivenews.com.br\\\/?p=31679#breadcrumb\"},\"inLanguage\":\"pt-PT\",\"potentialAction\":[{\"@type\":\"ReadAction\",\"target\":[\"https:\\\/\\\/inclusivenews.com.br\\\/?p=31679\"]}]},{\"@type\":\"ImageObject\",\"inLanguage\":\"pt-PT\",\"@id\":\"https:\\\/\\\/inclusivenews.com.br\\\/?p=31679#primaryimage\",\"url\":\"http:\\\/\\\/www.movimentodown.org.br\\\/wp-content\\\/uploads\\\/2020\\\/04\\\/NDSS-COVID-243x300.png\",\"contentUrl\":\"http:\\\/\\\/www.movimentodown.org.br\\\/wp-content\\\/uploads\\\/2020\\\/04\\\/NDSS-COVID-243x300.png\"},{\"@type\":\"BreadcrumbList\",\"@id\":\"https:\\\/\\\/inclusivenews.com.br\\\/?p=31679#breadcrumb\",\"itemListElement\":[{\"@type\":\"ListItem\",\"position\":1,\"name\":\"In\u00edcio\",\"item\":\"https:\\\/\\\/inclusivenews.com.br\\\/\"},{\"@type\":\"ListItem\",\"position\":2,\"name\":\"S\u00edndrome de Down e Coronav\u00edrus \u2013 NDSS\"}]},{\"@type\":\"WebSite\",\"@id\":\"https:\\\/\\\/inclusivenews.com.br\\\/#website\",\"url\":\"https:\\\/\\\/inclusivenews.com.br\\\/\",\"name\":\"Inclusive News\",\"description\":\"Inclusive News\",\"publisher\":{\"@id\":\"https:\\\/\\\/inclusivenews.com.br\\\/#organization\"},\"potentialAction\":[{\"@type\":\"SearchAction\",\"target\":{\"@type\":\"EntryPoint\",\"urlTemplate\":\"https:\\\/\\\/inclusivenews.com.br\\\/?s={search_term_string}\"},\"query-input\":{\"@type\":\"PropertyValueSpecification\",\"valueRequired\":true,\"valueName\":\"search_term_string\"}}],\"inLanguage\":\"pt-PT\"},{\"@type\":\"Organization\",\"@id\":\"https:\\\/\\\/inclusivenews.com.br\\\/#organization\",\"name\":\"Inclusive - inclus\u00e3o e cidadania\",\"url\":\"https:\\\/\\\/inclusivenews.com.br\\\/\",\"logo\":{\"@type\":\"ImageObject\",\"inLanguage\":\"pt-PT\",\"@id\":\"https:\\\/\\\/inclusivenews.com.br\\\/#\\\/schema\\\/logo\\\/image\\\/\",\"url\":\"https:\\\/\\\/inclusivenews.com.br\\\/wp-content\\\/uploads\\\/2024\\\/03\\\/@grandesite.png\",\"contentUrl\":\"https:\\\/\\\/inclusivenews.com.br\\\/wp-content\\\/uploads\\\/2024\\\/03\\\/@grandesite.png\",\"width\":1080,\"height\":1080,\"caption\":\"Inclusive - inclus\u00e3o e cidadania\"},\"image\":{\"@id\":\"https:\\\/\\\/inclusivenews.com.br\\\/#\\\/schema\\\/logo\\\/image\\\/\"},\"sameAs\":[\"https:\\\/\\\/www.facebook.com\\\/agenciainclusive\\\/\",\"https:\\\/\\\/www.instagram.com\\\/newsinclusive\\\/\"]},{\"@type\":\"Person\",\"@id\":\"https:\\\/\\\/inclusivenews.com.br\\\/#\\\/schema\\\/person\\\/0dab492019871b94abb65fa8ee7c8c44\",\"name\":\"Inclusive\",\"image\":{\"@type\":\"ImageObject\",\"inLanguage\":\"pt-PT\",\"@id\":\"https:\\\/\\\/secure.gravatar.com\\\/avatar\\\/?s=96&d=mm&r=g\",\"url\":\"https:\\\/\\\/secure.gravatar.com\\\/avatar\\\/?s=96&d=mm&r=g\",\"contentUrl\":\"https:\\\/\\\/secure.gravatar.com\\\/avatar\\\/?s=96&d=mm&r=g\",\"caption\":\"Inclusive\"},\"url\":\"https:\\\/\\\/inclusivenews.com.br\\\/?author=2\"}]}<\/script>\n<!-- \/ Yoast SEO plugin. -->","yoast_head_json":{"title":"S\u00edndrome de Down e Coronav\u00edrus \u2013 NDSS -","robots":{"index":"index","follow":"follow","max-snippet":"max-snippet:-1","max-image-preview":"max-image-preview:large","max-video-preview":"max-video-preview:-1"},"canonical":"https:\/\/inclusivenews.com.br\/?p=31679","og_locale":"pt_PT","og_type":"article","og_title":"S\u00edndrome de Down e Coronav\u00edrus \u2013 NDSS -","og_description":"Que tal juntar as informa\u00e7\u00f5es importantes sobre a COVID-19? Temos visto por a\u00ed informa\u00e7\u00f5es desencontradas, gente que exagera e gente que minimiza, gente que causa p\u00e2nico, gente que entra em p\u00e2nico, gente que n\u00e3o se cuida e a\u00ed exp\u00f5e o outro ao risco, enfim, uma infinidade de comportamentos e not\u00edcias que tem deixado a popula\u00e7\u00e3o [&hellip;]","og_url":"https:\/\/inclusivenews.com.br\/?p=31679","article_publisher":"https:\/\/www.facebook.com\/agenciainclusive\/","article_published_time":"2020-04-28T01:26:58+00:00","og_image":[{"url":"http:\/\/www.movimentodown.org.br\/wp-content\/uploads\/2020\/04\/NDSS-COVID-243x300.png","type":"","width":"","height":""}],"author":"Inclusive","twitter_card":"summary_large_image","twitter_misc":{"Escrito por":"Inclusive","Tempo estimado de leitura":"4 minutos"},"schema":{"@context":"https:\/\/schema.org","@graph":[{"@type":"Article","@id":"https:\/\/inclusivenews.com.br\/?p=31679#article","isPartOf":{"@id":"https:\/\/inclusivenews.com.br\/?p=31679"},"author":{"name":"Inclusive","@id":"https:\/\/inclusivenews.com.br\/#\/schema\/person\/0dab492019871b94abb65fa8ee7c8c44"},"headline":"S\u00edndrome de Down e Coronav\u00edrus \u2013 NDSS","datePublished":"2020-04-28T01:26:58+00:00","mainEntityOfPage":{"@id":"https:\/\/inclusivenews.com.br\/?p=31679"},"wordCount":844,"commentCount":0,"publisher":{"@id":"https:\/\/inclusivenews.com.br\/#organization"},"image":{"@id":"https:\/\/inclusivenews.com.br\/?p=31679#primaryimage"},"thumbnailUrl":"http:\/\/www.movimentodown.org.br\/wp-content\/uploads\/2020\/04\/NDSS-COVID-243x300.png","articleSection":["Coronav\u00edrus"],"inLanguage":"pt-PT","potentialAction":[{"@type":"CommentAction","name":"Comment","target":["https:\/\/inclusivenews.com.br\/?p=31679#respond"]}]},{"@type":"WebPage","@id":"https:\/\/inclusivenews.com.br\/?p=31679","url":"https:\/\/inclusivenews.com.br\/?p=31679","name":"S\u00edndrome de Down e Coronav\u00edrus \u2013 NDSS -","isPartOf":{"@id":"https:\/\/inclusivenews.com.br\/#website"},"primaryImageOfPage":{"@id":"https:\/\/inclusivenews.com.br\/?p=31679#primaryimage"},"image":{"@id":"https:\/\/inclusivenews.com.br\/?p=31679#primaryimage"},"thumbnailUrl":"http:\/\/www.movimentodown.org.br\/wp-content\/uploads\/2020\/04\/NDSS-COVID-243x300.png","datePublished":"2020-04-28T01:26:58+00:00","breadcrumb":{"@id":"https:\/\/inclusivenews.com.br\/?p=31679#breadcrumb"},"inLanguage":"pt-PT","potentialAction":[{"@type":"ReadAction","target":["https:\/\/inclusivenews.com.br\/?p=31679"]}]},{"@type":"ImageObject","inLanguage":"pt-PT","@id":"https:\/\/inclusivenews.com.br\/?p=31679#primaryimage","url":"http:\/\/www.movimentodown.org.br\/wp-content\/uploads\/2020\/04\/NDSS-COVID-243x300.png","contentUrl":"http:\/\/www.movimentodown.org.br\/wp-content\/uploads\/2020\/04\/NDSS-COVID-243x300.png"},{"@type":"BreadcrumbList","@id":"https:\/\/inclusivenews.com.br\/?p=31679#breadcrumb","itemListElement":[{"@type":"ListItem","position":1,"name":"In\u00edcio","item":"https:\/\/inclusivenews.com.br\/"},{"@type":"ListItem","position":2,"name":"S\u00edndrome de Down e Coronav\u00edrus \u2013 NDSS"}]},{"@type":"WebSite","@id":"https:\/\/inclusivenews.com.br\/#website","url":"https:\/\/inclusivenews.com.br\/","name":"Inclusive News","description":"Inclusive News","publisher":{"@id":"https:\/\/inclusivenews.com.br\/#organization"},"potentialAction":[{"@type":"SearchAction","target":{"@type":"EntryPoint","urlTemplate":"https:\/\/inclusivenews.com.br\/?s={search_term_string}"},"query-input":{"@type":"PropertyValueSpecification","valueRequired":true,"valueName":"search_term_string"}}],"inLanguage":"pt-PT"},{"@type":"Organization","@id":"https:\/\/inclusivenews.com.br\/#organization","name":"Inclusive - inclus\u00e3o e cidadania","url":"https:\/\/inclusivenews.com.br\/","logo":{"@type":"ImageObject","inLanguage":"pt-PT","@id":"https:\/\/inclusivenews.com.br\/#\/schema\/logo\/image\/","url":"https:\/\/inclusivenews.com.br\/wp-content\/uploads\/2024\/03\/@grandesite.png","contentUrl":"https:\/\/inclusivenews.com.br\/wp-content\/uploads\/2024\/03\/@grandesite.png","width":1080,"height":1080,"caption":"Inclusive - inclus\u00e3o e cidadania"},"image":{"@id":"https:\/\/inclusivenews.com.br\/#\/schema\/logo\/image\/"},"sameAs":["https:\/\/www.facebook.com\/agenciainclusive\/","https:\/\/www.instagram.com\/newsinclusive\/"]},{"@type":"Person","@id":"https:\/\/inclusivenews.com.br\/#\/schema\/person\/0dab492019871b94abb65fa8ee7c8c44","name":"Inclusive","image":{"@type":"ImageObject","inLanguage":"pt-PT","@id":"https:\/\/secure.gravatar.com\/avatar\/?s=96&d=mm&r=g","url":"https:\/\/secure.gravatar.com\/avatar\/?s=96&d=mm&r=g","contentUrl":"https:\/\/secure.gravatar.com\/avatar\/?s=96&d=mm&r=g","caption":"Inclusive"},"url":"https:\/\/inclusivenews.com.br\/?author=2"}]}},"_links":{"self":[{"href":"https:\/\/inclusivenews.com.br\/index.php?rest_route=\/wp\/v2\/posts\/31679","targetHints":{"allow":["GET"]}}],"collection":[{"href":"https:\/\/inclusivenews.com.br\/index.php?rest_route=\/wp\/v2\/posts"}],"about":[{"href":"https:\/\/inclusivenews.com.br\/index.php?rest_route=\/wp\/v2\/types\/post"}],"author":[{"embeddable":true,"href":"https:\/\/inclusivenews.com.br\/index.php?rest_route=\/wp\/v2\/users\/2"}],"replies":[{"embeddable":true,"href":"https:\/\/inclusivenews.com.br\/index.php?rest_route=%2Fwp%2Fv2%2Fcomments&post=31679"}],"version-history":[{"count":0,"href":"https:\/\/inclusivenews.com.br\/index.php?rest_route=\/wp\/v2\/posts\/31679\/revisions"}],"wp:attachment":[{"href":"https:\/\/inclusivenews.com.br\/index.php?rest_route=%2Fwp%2Fv2%2Fmedia&parent=31679"}],"wp:term":[{"taxonomy":"category","embeddable":true,"href":"https:\/\/inclusivenews.com.br\/index.php?rest_route=%2Fwp%2Fv2%2Fcategories&post=31679"},{"taxonomy":"post_tag","embeddable":true,"href":"https:\/\/inclusivenews.com.br\/index.php?rest_route=%2Fwp%2Fv2%2Ftags&post=31679"}],"curies":[{"name":"wp","href":"https:\/\/api.w.org\/{rel}","templated":true}]}}