{"id":31681,"date":"2020-04-27T22:30:19","date_gmt":"2020-04-28T01:30:19","guid":{"rendered":"http:\/\/www.inclusive.org.br\/?p=31681"},"modified":"2020-04-27T22:30:19","modified_gmt":"2020-04-28T01:30:19","slug":"eu-me-protejo-do-coronavirus-residencias-de-idosos","status":"publish","type":"post","link":"https:\/\/inclusivenews.com.br\/?p=31681","title":{"rendered":"Eu Me Protejo do Coronav\u00edrus &#8211; Resid\u00eancias de Idosos"},"content":{"rendered":"<p class=\"font_8\"><img loading=\"lazy\" decoding=\"async\" class=\"alignnone size-medium wp-image-31682\" src=\"http:\/\/inclusivenews.com.br\/wp-content\/uploads\/eumeprotejocoronaidosos-300x228.png\" alt=\"eumeprotejocoronaidosos\" width=\"300\" height=\"228\" \/><\/p>\n<p class=\"font_8\">Estamos lan\u00e7ando um manual com orienta\u00e7\u00f5es para ser usado em resid\u00eancias, casas, institui\u00e7\u00f5es, lares, asilos e abrigos de pessoas idosas. Esta \u00e9 a popula\u00e7\u00e3o que corre o maior risco de ser atingida pelo coronav\u00edrus.<\/p>\n<p class=\"font_8\">A linguagem \u00e9 simples, para que estas importantes informa\u00e7\u00f5es, que podem salvar muitas vidas, cheguem ao maior n\u00famero de pessoas poss\u00edvel, especialmente aos cuidadores de idosos.<\/p>\n<p class=\"font_8\">Adapta\u00e7\u00e3o para Linguagem Simples: Patricia Almeida<\/p>\n<p class=\"font_8\">Diagrama\u00e7\u00e3o: Cecilia Quental<\/p>\n<p>Baixe aqui:\u00a0<a href=\"https:\/\/19f4ab62-7d8d-403f-b2ea-843c1bb7fde9.filesusr.com\/ugd\/09546c_138fbcd6fa46451db8154ce89dfbe293.pdf\">https:\/\/19f4ab62-7d8d-403f-b2ea-843c1bb7fde9.filesusr.com\/ugd\/09546c_138fbcd6fa46451db8154ce89dfbe293.pdf<\/a><\/p>\n","protected":false},"excerpt":{"rendered":"<p>Estamos lan\u00e7ando um manual com orienta\u00e7\u00f5es para ser usado em resid\u00eancias, casas, institui\u00e7\u00f5es, lares, asilos e abrigos de pessoas idosas. Esta \u00e9 a popula\u00e7\u00e3o que corre o maior risco de ser atingida pelo coronav\u00edrus. A linguagem \u00e9 simples, para que estas importantes informa\u00e7\u00f5es, que podem salvar muitas vidas, cheguem ao maior n\u00famero de pessoas poss\u00edvel, [&hellip;]<\/p>\n","protected":false},"author":2,"featured_media":0,"comment_status":"open","ping_status":"open","sticky":false,"template":"","format":"standard","meta":{"site-container-style":"default","site-container-layout":"default","site-sidebar-layout":"default","disable-article-header":"default","disable-site-header":"default","disable-site-footer":"default","disable-content-area-spacing":"default","footnotes":""},"categories":[446,4],"tags":[],"class_list":["post-31681","post","type-post","status-publish","format-standard","hentry","category-coronavirus","category-noticias"],"yoast_head":"<!-- This site is optimized with the Yoast SEO plugin v27.4 - https:\/\/yoast.com\/product\/yoast-seo-wordpress\/ -->\n<title>Eu Me Protejo do Coronav\u00edrus - Resid\u00eancias de Idosos -<\/title>\n<meta name=\"robots\" content=\"index, follow, max-snippet:-1, max-image-preview:large, max-video-preview:-1\" \/>\n<link rel=\"canonical\" href=\"https:\/\/inclusivenews.com.br\/?p=31681\" \/>\n<meta property=\"og:locale\" content=\"pt_PT\" \/>\n<meta property=\"og:type\" content=\"article\" \/>\n<meta property=\"og:title\" content=\"Eu Me Protejo do Coronav\u00edrus - Resid\u00eancias de Idosos -\" \/>\n<meta property=\"og:description\" content=\"Estamos lan\u00e7ando um manual com orienta\u00e7\u00f5es para ser usado em resid\u00eancias, casas, institui\u00e7\u00f5es, lares, asilos e abrigos de pessoas idosas. Esta \u00e9 a popula\u00e7\u00e3o que corre o maior risco de ser atingida pelo coronav\u00edrus. A linguagem \u00e9 simples, para que estas importantes informa\u00e7\u00f5es, que podem salvar muitas vidas, cheguem ao maior n\u00famero de pessoas poss\u00edvel, [&hellip;]\" \/>\n<meta property=\"og:url\" content=\"https:\/\/inclusivenews.com.br\/?p=31681\" \/>\n<meta property=\"article:publisher\" content=\"https:\/\/www.facebook.com\/agenciainclusive\/\" \/>\n<meta property=\"article:published_time\" content=\"2020-04-28T01:30:19+00:00\" \/>\n<meta property=\"og:image\" content=\"http:\/\/inclusivenews.com.br\/wp-content\/uploads\/eumeprotejocoronaidosos-300x228.png\" \/>\n<meta name=\"author\" content=\"Inclusive\" \/>\n<meta name=\"twitter:card\" content=\"summary_large_image\" \/>\n<meta name=\"twitter:label1\" content=\"Escrito por\" \/>\n\t<meta name=\"twitter:data1\" content=\"Inclusive\" \/>\n\t<meta name=\"twitter:label2\" content=\"Tempo estimado de leitura\" \/>\n\t<meta name=\"twitter:data2\" content=\"1 minuto\" \/>\n<script type=\"application\/ld+json\" class=\"yoast-schema-graph\">{\"@context\":\"https:\\\/\\\/schema.org\",\"@graph\":[{\"@type\":\"Article\",\"@id\":\"https:\\\/\\\/inclusivenews.com.br\\\/?p=31681#article\",\"isPartOf\":{\"@id\":\"https:\\\/\\\/inclusivenews.com.br\\\/?p=31681\"},\"author\":{\"name\":\"Inclusive\",\"@id\":\"https:\\\/\\\/inclusivenews.com.br\\\/#\\\/schema\\\/person\\\/0dab492019871b94abb65fa8ee7c8c44\"},\"headline\":\"Eu Me Protejo do Coronav\u00edrus &#8211; Resid\u00eancias de Idosos\",\"datePublished\":\"2020-04-28T01:30:19+00:00\",\"mainEntityOfPage\":{\"@id\":\"https:\\\/\\\/inclusivenews.com.br\\\/?p=31681\"},\"wordCount\":112,\"commentCount\":0,\"publisher\":{\"@id\":\"https:\\\/\\\/inclusivenews.com.br\\\/#organization\"},\"image\":{\"@id\":\"https:\\\/\\\/inclusivenews.com.br\\\/?p=31681#primaryimage\"},\"thumbnailUrl\":\"http:\\\/\\\/inclusivenews.com.br\\\/wp-content\\\/uploads\\\/eumeprotejocoronaidosos-300x228.png\",\"articleSection\":[\"Coronav\u00edrus\",\"NOT\u00cdCIAS\"],\"inLanguage\":\"pt-PT\",\"potentialAction\":[{\"@type\":\"CommentAction\",\"name\":\"Comment\",\"target\":[\"https:\\\/\\\/inclusivenews.com.br\\\/?p=31681#respond\"]}]},{\"@type\":\"WebPage\",\"@id\":\"https:\\\/\\\/inclusivenews.com.br\\\/?p=31681\",\"url\":\"https:\\\/\\\/inclusivenews.com.br\\\/?p=31681\",\"name\":\"Eu Me Protejo do Coronav\u00edrus - Resid\u00eancias de Idosos -\",\"isPartOf\":{\"@id\":\"https:\\\/\\\/inclusivenews.com.br\\\/#website\"},\"primaryImageOfPage\":{\"@id\":\"https:\\\/\\\/inclusivenews.com.br\\\/?p=31681#primaryimage\"},\"image\":{\"@id\":\"https:\\\/\\\/inclusivenews.com.br\\\/?p=31681#primaryimage\"},\"thumbnailUrl\":\"http:\\\/\\\/inclusivenews.com.br\\\/wp-content\\\/uploads\\\/eumeprotejocoronaidosos-300x228.png\",\"datePublished\":\"2020-04-28T01:30:19+00:00\",\"breadcrumb\":{\"@id\":\"https:\\\/\\\/inclusivenews.com.br\\\/?p=31681#breadcrumb\"},\"inLanguage\":\"pt-PT\",\"potentialAction\":[{\"@type\":\"ReadAction\",\"target\":[\"https:\\\/\\\/inclusivenews.com.br\\\/?p=31681\"]}]},{\"@type\":\"ImageObject\",\"inLanguage\":\"pt-PT\",\"@id\":\"https:\\\/\\\/inclusivenews.com.br\\\/?p=31681#primaryimage\",\"url\":\"\",\"contentUrl\":\"\"},{\"@type\":\"BreadcrumbList\",\"@id\":\"https:\\\/\\\/inclusivenews.com.br\\\/?p=31681#breadcrumb\",\"itemListElement\":[{\"@type\":\"ListItem\",\"position\":1,\"name\":\"In\u00edcio\",\"item\":\"https:\\\/\\\/inclusivenews.com.br\\\/\"},{\"@type\":\"ListItem\",\"position\":2,\"name\":\"Eu Me Protejo do Coronav\u00edrus &#8211; Resid\u00eancias de Idosos\"}]},{\"@type\":\"WebSite\",\"@id\":\"https:\\\/\\\/inclusivenews.com.br\\\/#website\",\"url\":\"https:\\\/\\\/inclusivenews.com.br\\\/\",\"name\":\"Inclusive News\",\"description\":\"Inclusive News\",\"publisher\":{\"@id\":\"https:\\\/\\\/inclusivenews.com.br\\\/#organization\"},\"potentialAction\":[{\"@type\":\"SearchAction\",\"target\":{\"@type\":\"EntryPoint\",\"urlTemplate\":\"https:\\\/\\\/inclusivenews.com.br\\\/?s={search_term_string}\"},\"query-input\":{\"@type\":\"PropertyValueSpecification\",\"valueRequired\":true,\"valueName\":\"search_term_string\"}}],\"inLanguage\":\"pt-PT\"},{\"@type\":\"Organization\",\"@id\":\"https:\\\/\\\/inclusivenews.com.br\\\/#organization\",\"name\":\"Inclusive - inclus\u00e3o e cidadania\",\"url\":\"https:\\\/\\\/inclusivenews.com.br\\\/\",\"logo\":{\"@type\":\"ImageObject\",\"inLanguage\":\"pt-PT\",\"@id\":\"https:\\\/\\\/inclusivenews.com.br\\\/#\\\/schema\\\/logo\\\/image\\\/\",\"url\":\"https:\\\/\\\/inclusivenews.com.br\\\/wp-content\\\/uploads\\\/2024\\\/03\\\/@grandesite.png\",\"contentUrl\":\"https:\\\/\\\/inclusivenews.com.br\\\/wp-content\\\/uploads\\\/2024\\\/03\\\/@grandesite.png\",\"width\":1080,\"height\":1080,\"caption\":\"Inclusive - inclus\u00e3o e cidadania\"},\"image\":{\"@id\":\"https:\\\/\\\/inclusivenews.com.br\\\/#\\\/schema\\\/logo\\\/image\\\/\"},\"sameAs\":[\"https:\\\/\\\/www.facebook.com\\\/agenciainclusive\\\/\",\"https:\\\/\\\/www.instagram.com\\\/newsinclusive\\\/\"]},{\"@type\":\"Person\",\"@id\":\"https:\\\/\\\/inclusivenews.com.br\\\/#\\\/schema\\\/person\\\/0dab492019871b94abb65fa8ee7c8c44\",\"name\":\"Inclusive\",\"image\":{\"@type\":\"ImageObject\",\"inLanguage\":\"pt-PT\",\"@id\":\"https:\\\/\\\/secure.gravatar.com\\\/avatar\\\/?s=96&d=mm&r=g\",\"url\":\"https:\\\/\\\/secure.gravatar.com\\\/avatar\\\/?s=96&d=mm&r=g\",\"contentUrl\":\"https:\\\/\\\/secure.gravatar.com\\\/avatar\\\/?s=96&d=mm&r=g\",\"caption\":\"Inclusive\"},\"url\":\"https:\\\/\\\/inclusivenews.com.br\\\/?author=2\"}]}<\/script>\n<!-- \/ Yoast SEO plugin. -->","yoast_head_json":{"title":"Eu Me Protejo do Coronav\u00edrus - Resid\u00eancias de Idosos -","robots":{"index":"index","follow":"follow","max-snippet":"max-snippet:-1","max-image-preview":"max-image-preview:large","max-video-preview":"max-video-preview:-1"},"canonical":"https:\/\/inclusivenews.com.br\/?p=31681","og_locale":"pt_PT","og_type":"article","og_title":"Eu Me Protejo do Coronav\u00edrus - Resid\u00eancias de Idosos -","og_description":"Estamos lan\u00e7ando um manual com orienta\u00e7\u00f5es para ser usado em resid\u00eancias, casas, institui\u00e7\u00f5es, lares, asilos e abrigos de pessoas idosas. Esta \u00e9 a popula\u00e7\u00e3o que corre o maior risco de ser atingida pelo coronav\u00edrus. A linguagem \u00e9 simples, para que estas importantes informa\u00e7\u00f5es, que podem salvar muitas vidas, cheguem ao maior n\u00famero de pessoas poss\u00edvel, [&hellip;]","og_url":"https:\/\/inclusivenews.com.br\/?p=31681","article_publisher":"https:\/\/www.facebook.com\/agenciainclusive\/","article_published_time":"2020-04-28T01:30:19+00:00","og_image":[{"url":"http:\/\/inclusivenews.com.br\/wp-content\/uploads\/eumeprotejocoronaidosos-300x228.png","type":"","width":"","height":""}],"author":"Inclusive","twitter_card":"summary_large_image","twitter_misc":{"Escrito por":"Inclusive","Tempo estimado de leitura":"1 minuto"},"schema":{"@context":"https:\/\/schema.org","@graph":[{"@type":"Article","@id":"https:\/\/inclusivenews.com.br\/?p=31681#article","isPartOf":{"@id":"https:\/\/inclusivenews.com.br\/?p=31681"},"author":{"name":"Inclusive","@id":"https:\/\/inclusivenews.com.br\/#\/schema\/person\/0dab492019871b94abb65fa8ee7c8c44"},"headline":"Eu Me Protejo do Coronav\u00edrus &#8211; Resid\u00eancias de Idosos","datePublished":"2020-04-28T01:30:19+00:00","mainEntityOfPage":{"@id":"https:\/\/inclusivenews.com.br\/?p=31681"},"wordCount":112,"commentCount":0,"publisher":{"@id":"https:\/\/inclusivenews.com.br\/#organization"},"image":{"@id":"https:\/\/inclusivenews.com.br\/?p=31681#primaryimage"},"thumbnailUrl":"http:\/\/inclusivenews.com.br\/wp-content\/uploads\/eumeprotejocoronaidosos-300x228.png","articleSection":["Coronav\u00edrus","NOT\u00cdCIAS"],"inLanguage":"pt-PT","potentialAction":[{"@type":"CommentAction","name":"Comment","target":["https:\/\/inclusivenews.com.br\/?p=31681#respond"]}]},{"@type":"WebPage","@id":"https:\/\/inclusivenews.com.br\/?p=31681","url":"https:\/\/inclusivenews.com.br\/?p=31681","name":"Eu Me Protejo do Coronav\u00edrus - Resid\u00eancias de Idosos -","isPartOf":{"@id":"https:\/\/inclusivenews.com.br\/#website"},"primaryImageOfPage":{"@id":"https:\/\/inclusivenews.com.br\/?p=31681#primaryimage"},"image":{"@id":"https:\/\/inclusivenews.com.br\/?p=31681#primaryimage"},"thumbnailUrl":"http:\/\/inclusivenews.com.br\/wp-content\/uploads\/eumeprotejocoronaidosos-300x228.png","datePublished":"2020-04-28T01:30:19+00:00","breadcrumb":{"@id":"https:\/\/inclusivenews.com.br\/?p=31681#breadcrumb"},"inLanguage":"pt-PT","potentialAction":[{"@type":"ReadAction","target":["https:\/\/inclusivenews.com.br\/?p=31681"]}]},{"@type":"ImageObject","inLanguage":"pt-PT","@id":"https:\/\/inclusivenews.com.br\/?p=31681#primaryimage","url":"","contentUrl":""},{"@type":"BreadcrumbList","@id":"https:\/\/inclusivenews.com.br\/?p=31681#breadcrumb","itemListElement":[{"@type":"ListItem","position":1,"name":"In\u00edcio","item":"https:\/\/inclusivenews.com.br\/"},{"@type":"ListItem","position":2,"name":"Eu Me Protejo do Coronav\u00edrus &#8211; Resid\u00eancias de Idosos"}]},{"@type":"WebSite","@id":"https:\/\/inclusivenews.com.br\/#website","url":"https:\/\/inclusivenews.com.br\/","name":"Inclusive News","description":"Inclusive News","publisher":{"@id":"https:\/\/inclusivenews.com.br\/#organization"},"potentialAction":[{"@type":"SearchAction","target":{"@type":"EntryPoint","urlTemplate":"https:\/\/inclusivenews.com.br\/?s={search_term_string}"},"query-input":{"@type":"PropertyValueSpecification","valueRequired":true,"valueName":"search_term_string"}}],"inLanguage":"pt-PT"},{"@type":"Organization","@id":"https:\/\/inclusivenews.com.br\/#organization","name":"Inclusive - inclus\u00e3o e cidadania","url":"https:\/\/inclusivenews.com.br\/","logo":{"@type":"ImageObject","inLanguage":"pt-PT","@id":"https:\/\/inclusivenews.com.br\/#\/schema\/logo\/image\/","url":"https:\/\/inclusivenews.com.br\/wp-content\/uploads\/2024\/03\/@grandesite.png","contentUrl":"https:\/\/inclusivenews.com.br\/wp-content\/uploads\/2024\/03\/@grandesite.png","width":1080,"height":1080,"caption":"Inclusive - inclus\u00e3o e cidadania"},"image":{"@id":"https:\/\/inclusivenews.com.br\/#\/schema\/logo\/image\/"},"sameAs":["https:\/\/www.facebook.com\/agenciainclusive\/","https:\/\/www.instagram.com\/newsinclusive\/"]},{"@type":"Person","@id":"https:\/\/inclusivenews.com.br\/#\/schema\/person\/0dab492019871b94abb65fa8ee7c8c44","name":"Inclusive","image":{"@type":"ImageObject","inLanguage":"pt-PT","@id":"https:\/\/secure.gravatar.com\/avatar\/?s=96&d=mm&r=g","url":"https:\/\/secure.gravatar.com\/avatar\/?s=96&d=mm&r=g","contentUrl":"https:\/\/secure.gravatar.com\/avatar\/?s=96&d=mm&r=g","caption":"Inclusive"},"url":"https:\/\/inclusivenews.com.br\/?author=2"}]}},"_links":{"self":[{"href":"https:\/\/inclusivenews.com.br\/index.php?rest_route=\/wp\/v2\/posts\/31681","targetHints":{"allow":["GET"]}}],"collection":[{"href":"https:\/\/inclusivenews.com.br\/index.php?rest_route=\/wp\/v2\/posts"}],"about":[{"href":"https:\/\/inclusivenews.com.br\/index.php?rest_route=\/wp\/v2\/types\/post"}],"author":[{"embeddable":true,"href":"https:\/\/inclusivenews.com.br\/index.php?rest_route=\/wp\/v2\/users\/2"}],"replies":[{"embeddable":true,"href":"https:\/\/inclusivenews.com.br\/index.php?rest_route=%2Fwp%2Fv2%2Fcomments&post=31681"}],"version-history":[{"count":0,"href":"https:\/\/inclusivenews.com.br\/index.php?rest_route=\/wp\/v2\/posts\/31681\/revisions"}],"wp:attachment":[{"href":"https:\/\/inclusivenews.com.br\/index.php?rest_route=%2Fwp%2Fv2%2Fmedia&parent=31681"}],"wp:term":[{"taxonomy":"category","embeddable":true,"href":"https:\/\/inclusivenews.com.br\/index.php?rest_route=%2Fwp%2Fv2%2Fcategories&post=31681"},{"taxonomy":"post_tag","embeddable":true,"href":"https:\/\/inclusivenews.com.br\/index.php?rest_route=%2Fwp%2Fv2%2Ftags&post=31681"}],"curies":[{"name":"wp","href":"https:\/\/api.w.org\/{rel}","templated":true}]}}