{"id":31685,"date":"2020-04-27T22:36:03","date_gmt":"2020-04-28T01:36:03","guid":{"rendered":"http:\/\/www.inclusive.org.br\/?p=31685"},"modified":"2020-04-27T22:36:03","modified_gmt":"2020-04-28T01:36:03","slug":"risco-de-exclusao-no-atendimento-a-pessoas-com-deficiencia-na-pandemia-de-covid-19","status":"publish","type":"post","link":"https:\/\/inclusivenews.com.br\/?p=31685","title":{"rendered":"Risco de exclus\u00e3o no atendimento a pessoas com defici\u00eancia na pandemia de Covid-19"},"content":{"rendered":"<p><img decoding=\"async\" class=\"spotlight\" src=\"https:\/\/scontent.fbsb8-1.fna.fbcdn.net\/v\/t1.0-9\/93793993_2862460480516774_5653630223850143744_n.png?_nc_cat=105&amp;_nc_sid=8024bb&amp;_nc_ohc=BjieKDMviWQAX-vH7bz&amp;_nc_ht=scontent.fbsb8-1.fna&amp;oh=24debba1c9f494548b238b5053c17da8&amp;oe=5ECB472B\" alt=\"No photo description available.\" \/><\/p>\n<p>J\u00c1 COME\u00c7AM A CHEGAR DEN\u00daNCIAS DE FALTA DE ATENDIMENTO \u00c0S PESSOAS COM DEFICI\u00caNCIA EM RAZ\u00c3O DO CORONAV\u00cdRUS.<br \/>\nCompartilhem junto \u00e0s autoridades que conhecem (governadores, prefeitos, parlamentares e outros ) e a profissionais de sa\u00fade.<\/p>\n<p>NOTA DA REDE-IN SOBRE O RISCO DE EXCLUS\u00c3O NO ATENDIMENTO A PESSOAS COM DEFICI\u00caNCIA, NA PANDEMIA DE COVID-19, encaminhada a v\u00e1rias autoridades p\u00fab<span class=\"text_exposed_show\">licas, tais como Membros da Comiss\u00e3o Externa destinada a acompanhar a\u00e7\u00f5es preventivas da vigil\u00e2ncia sanit\u00e1ria e poss\u00edveis consequ\u00eancias para o Brasil quanto ao enfrentamento da pandemia causada pelo coronav\u00edrus \u2013 CEXCORV, Ministro da Sa\u00fade e equipe atuante \u00e0 \u00e9poca no combate \u00e0 dissemina\u00e7\u00e3o do v\u00edrus SARS-CoV-2, Ministra da Mulher, Fam\u00edlia e Direitos Humanos, Secret\u00e1ria Nacional dos Direitos da Pessoa com Defici\u00eancia, Conselhos Federais e Regionais de Enfermagem, Fisioterapia, Terapia Ocupacional, Medicina, Psicologia e Servi\u00e7o Social, Conselhos Nacionais, Estaduais e Municipais de Direitos, CNS, CNDM e Conselho de Secret\u00e1rios Estaduais e Municipais de Sa\u00fade entre outras.<\/span><\/p>\n<p>NOTA DA REDE-IN SOBRE O RISCO DE EXCLUS\u00c3O NO ATENDIMENTO A PESSOAS COM DEFICI\u00caNCIA, NA PANDEMIA DE COVID-19:<\/p>\n<p>TODAS AS PESSOAS IMPORTAM<br \/>\nNota \u00e0s autoridades p\u00fablicas sobre o risco de exclus\u00e3o no atendimento<br \/>\na pessoas com defici\u00eancia, na pandemia de Covid-19<br \/>\nDiante do estado de emerg\u00eancia em sa\u00fade p\u00fablica decretado pela Organiza\u00e7\u00e3o Mundial<br \/>\nde Sa\u00fade e pelo Minist\u00e9rio da Sa\u00fade, em decorr\u00eancia da Covid-19, a Rede Brasileira de Inclus\u00e3o<br \/>\nda Pessoa com Defici\u00eancia &#8211; Rede-In, entidade que atua nacionalmente e congrega 17<br \/>\norganiza\u00e7\u00f5es da sociedade civil, ao final nominadas, solicita com urg\u00eancia, que o Estado<br \/>\nbrasileiro e seus agentes, notadamente os profissionais de sa\u00fade, assegurem o cumprimento<br \/>\nrigoroso das normas constitucionais e infraconstitucionais que garantem \u00e0s pessoas com<br \/>\ndefici\u00eancia e suas fam\u00edlias o acesso a direitos em situa\u00e7\u00f5es de emerg\u00eancia humanit\u00e1ria, em<br \/>\nespecial quanto aos cuidados e aten\u00e7\u00e3o no seu atendimento e \u00e0 remo\u00e7\u00e3o de riscos e agravos de<br \/>\nqualquer natureza.<br \/>\nAssim, considerando que a Conven\u00e7\u00e3o sobre os Direitos das Pessoas com Defici\u00eancia da<br \/>\nOrganiza\u00e7\u00e3o das Na\u00e7\u00f5es Unidas (ONU), ratificada com valor de norma constitucional pelo<br \/>\nDecreto Legislativo n\u00ba 186\/08 e promulgada pelo Decreto Executivo n\u00ba 6.949\/09, estabelece que<br \/>\nos Estados Partes<br \/>\ni) se comprometem \u201ca assegurar e promover o pleno exerc\u00edcio de todos os direitos<br \/>\nhumanos e liberdades fundamentais por todas as pessoas com defici\u00eancia, sem qualquer<br \/>\ntipo de discrimina\u00e7\u00e3o por causa de sua defici\u00eancia\u201d (art. 4);<br \/>\nii) \u201ctomar\u00e3o todas as medidas necess\u00e1rias para assegurar a prote\u00e7\u00e3o e a seguran\u00e7a de<br \/>\npessoas com defici\u00eancia que se encontrarem em situa\u00e7\u00f5es de risco\u201d, inclusive em<br \/>\nsitua\u00e7\u00f5es de emerg\u00eancias humanit\u00e1rias (art. 11);<br \/>\niii) \u201cexigir\u00e3o dos profissionais de sa\u00fade que dispensem \u00e0s pessoas com defici\u00eancia a<br \/>\nmesma qualidade de servi\u00e7os dispensada \u00e0s demais pessoas e, principalmente, que<br \/>\nobtenham o consentimento livre e esclarecido das pessoas com defici\u00eancia<br \/>\nconcernentes\u201d, devendo, para esse fim, definir \u201cregras \u00e9ticas para os setores de sa\u00fade<br \/>\np\u00fablico e privado, de modo a conscientizar os profissionais de sa\u00fade acerca dos direitos<br \/>\nhumanos, da dignidade, autonomia e das necessidades das pessoas com defici\u00eancia\u201d (art.<br \/>\n25, \u201cd\u201d);<br \/>\niv) \u201ctomar\u00e3o todas as medidas apropriadas para prevenir todas as formas de explora\u00e7\u00e3o,<br \/>\nviol\u00eancia e abuso, assegurando, entre outras coisas, formas apropriadas de atendimento<br \/>\ne apoio que levem em conta o g\u00eanero e a idade das pessoas com defici\u00eancia\u201d (art. 16),<br \/>\nespecialmente em rela\u00e7\u00e3o \u00e0s mulheres e meninas com defici\u00eancia por se encontrarem<br \/>\nsujeitas \u00e0 discrimina\u00e7\u00e3o m\u00faltipla (art. 6);<br \/>\nv) reconhecem a import\u00e2ncia do acesso \u00e0 informa\u00e7\u00e3o, \u00e0 comunica\u00e7\u00e3o e \u00e0 sa\u00fade, entre<br \/>\noutros, e se comprometem a identificar e a eliminar todos os obst\u00e1culos e barreiras \u00e0<br \/>\nacessibilidade (art. 9) e<br \/>\nvi) \u201creconhecem o direito das pessoas com defici\u00eancia \u00e0 prote\u00e7\u00e3o social adequada\u201d (art.<br \/>\n28) ,<br \/>\nReivindicamos provid\u00eancias imediatas no sentido de:<br \/>\n\u25cf garantir \u00e0s pessoas com defici\u00eancia o acesso \u00e0 informa\u00e7\u00e3o e \u00e0 comunica\u00e7\u00e3o sobre<br \/>\nmedidas de enfrentamento da pandemia de Covid-19 (especialmente quanto \u00e0 higiene<br \/>\nadequada das m\u00e3os, isolamento domiciliar, uso de m\u00e1scaras e distanciamento f\u00edsico), por<br \/>\nmeio de ampla e diversificada oferta de recursos de acessibilidade como audiodescri\u00e7\u00e3o,<br \/>\nLibras, Braille, legenda e linguagem simples, presencial ou virtualmente;<br \/>\n\u25cf assegurar que n\u00e3o seja negado \u00e0s pessoas com defici\u00eancia, nos atendimentos ou<br \/>\ninterna\u00e7\u00f5es em unidades de sa\u00fade, o direito de se comunicarem em igualdade de<br \/>\ncondi\u00e7\u00f5es com as demais pessoas, por meio da comunica\u00e7\u00e3o alternativa, dos recursos de<br \/>\nacessibilidade j\u00e1 citados ou de outros que se fizerem necess\u00e1rios;<br \/>\n\u25cf implementar protocolo h\u00e1bil i) a garantir que pessoas com defici\u00eancia, em situa\u00e7\u00f5es<br \/>\nexcepcionais, possam ser acompanhadas por um cuidador durante o per\u00edodo de interna\u00e7\u00e3o<br \/>\nou, nos casos em que isso n\u00e3o seja vi\u00e1vel, ii) a assegurar que o m\u00e9dico que j\u00e1 acompanhava<br \/>\no\/a paciente participe das decis\u00f5es tomadas pela equipe m\u00e9dica respons\u00e1vel pelo<br \/>\ntratamento;<br \/>\n\u25cf garantir que i) pessoas com defici\u00eancia que residem em institui\u00e7\u00f5es de longa<br \/>\nperman\u00eancia para idosos; abrigos e casas-lares para crian\u00e7as e adolescentes; resid\u00eancias<br \/>\ninclusivas para jovens e adultos com defici\u00eancia e resid\u00eancias terap\u00eauticas para pessoas com<br \/>\ndefici\u00eancia psicossocial recebam informa\u00e7\u00f5es adequadas sobre as medidas para impedir o<br \/>\ncont\u00e1gio pelo v\u00edrus SARS-CoV-2, cabendo aos\/\u00e0s gestores, caso os\/as residentes n\u00e3o<br \/>\npossam compreender essas informa\u00e7\u00f5es, organizar os espa\u00e7os f\u00edsicos e disponibilizar a essas<br \/>\npessoas \u2013 e aos seus cuidadores \u2013 todos os itens necess\u00e1rios \u00e0 preven\u00e7\u00e3o da Covid-19; ii)<br \/>\nseja dada maior aten\u00e7\u00e3o \u00e0s condi\u00e7\u00f5es de sa\u00fade dos\/as residentes dessas institui\u00e7\u00f5es e dos<br \/>\nprofissionais que nela trabalham, a fim de que, em caso de surgimento de algum dos<br \/>\nsintomas da Covid-19, o\/a residente seja levado\/a imediatamente a uma unidade de sa\u00fade<br \/>\npara avalia\u00e7\u00e3o m\u00e9dica e, na hip\u00f3tese de ser confirmado o diagn\u00f3stico, seja isolado com<br \/>\nmedidas de suporte e cuidados para uma adequada recupera\u00e7\u00e3o; iii) sejam adotadas<br \/>\nmedidas de preven\u00e7\u00e3o de abusos e de viol\u00eancia com supervis\u00e3o e fiscaliza\u00e7\u00e3o externa pelas<br \/>\nunidades e equipes do Sa\u00fade da Fam\u00edlia ou por programas similares e iv) sejam<br \/>\ndisponibilizados servi\u00e7os acess\u00edveis de apoio \u00e0 sa\u00fade mental para essa popula\u00e7\u00e3o, em<br \/>\nespecial para as pessoas com defici\u00eancia psicossocial, a fim de que tenham o suporte<br \/>\nnecess\u00e1rio para lidar com os efeitos decorrentes das pol\u00edticas de isolamento;<br \/>\n\u25cf implementar medidas que propiciem o acolhimento e adequado atendimento de pessoas<br \/>\ncom defici\u00eancia em situa\u00e7\u00e3o de rua;<br \/>\n\u25cf garantir \u00e0s\/aos trabalhadoras\/es com defici\u00eancia que podem ter sua condi\u00e7\u00e3o de sa\u00fade<br \/>\nagravada por eventual cont\u00e1gio pelo v\u00edrus SARS-CoV-2 e tamb\u00e9m \u00e0queles\/as que t\u00eam<br \/>\nencargos em rela\u00e7\u00e3o a dependentes com defici\u00eancia o direito de realizar as suas atividades<br \/>\nlaborais de modo remoto, como recomendado pelo Minist\u00e9rio P\u00fablico do Trabalho na Nota<br \/>\nT\u00e9cnica conjunta n\u00ba 3\/2020;<br \/>\n\u25cf assegurar que pessoas com defici\u00eancia exercitem o direito ao consentimento pr\u00e9vio, livre<br \/>\ne esclarecido em todas as decis\u00f5es relativas ao tratamento m\u00e9dico decorrente da Covid-19;<br \/>\n\u25cf considerar as pessoas com defici\u00eancia como p\u00fablico priorit\u00e1rio na Campanha Nacional de<br \/>\nVacina\u00e7\u00e3o Contra a Gripe j\u00e1 em curso, ante a maior suscetibilidade de grande parcela dessa<br \/>\npopula\u00e7\u00e3o ao cont\u00e1gio pelo v\u00edrus SARS-CoV-2;<br \/>\n\u25cf dispensar \u00e0s pessoas com defici\u00eancia a mesma qualidade de servi\u00e7os dispensada \u00e0s<br \/>\ndemais pessoas;<br \/>\n\u25cf adotar medidas que previnam, inibam e atendam, em car\u00e1ter de urg\u00eancia, casos de<br \/>\nviol\u00eancia praticadas por cuidadores\/as, familiares e\/ou c\u00f4njuges contra pessoas com<br \/>\ndefici\u00eancia, sobretudo meninas e mulheres, durante o per\u00edodo de isolamento domiciliar, em<br \/>\nque se eleva o n\u00famero de tais casos em face i) do afastamento dessas pessoas do trabalho e<br \/>\nconsequente intensifica\u00e7\u00e3o da necessidade de cuidados no ambiente domiciliar; ii) dos<br \/>\nimpactos da instabilidade econ\u00f4mica; iii) da preocupa\u00e7\u00e3o com seguran\u00e7a e sa\u00fade e iv) do<br \/>\nfortalecimento, em raz\u00e3o da reclus\u00e3o for\u00e7ada, das barreiras ao acesso \u00e0 rede de prote\u00e7\u00e3o e<br \/>\na servi\u00e7os essenciais, como assist\u00eancia social e sa\u00fade;<br \/>\n\u25cf que, em diretrizes do Minist\u00e9rio da Sa\u00fade (eventualmente elaboradas em caso de<br \/>\ncolapso do sistema) sobre crit\u00e9rios de prioridade para a distribui\u00e7\u00e3o de leitos de UTI<br \/>\n(abrangido o acesso \u00e0 ventila\u00e7\u00e3o mec\u00e2nica e ao atendimento m\u00e9dico adequado \u00e0<br \/>\nmanuten\u00e7\u00e3o da vida), pessoas com defici\u00eancia n\u00e3o sejam preteridas com base nos<br \/>\nimpedimentos das fun\u00e7\u00f5es ou estruturas dos seus corpos, sob pena de viola\u00e7\u00e3o dos<br \/>\nprinc\u00edpios da dignidade humana, da igualdade de oportunidades, da n\u00e3o discrimina\u00e7\u00e3o e do<br \/>\nrespeito e aceita\u00e7\u00e3o das pessoas com defici\u00eancia como parte da diversidade humana e da<br \/>\nhumanidade e<br \/>\n\u25cf que os \u00f3rg\u00e3os do Sistema de Garantia de Direitos de pessoas com defici\u00eancia e o Sistema<br \/>\n\u00danico de Assist\u00eancia Social (Suas) \u2013 especialmente por meio dos conselhos tutelares,<br \/>\nCentros de Refer\u00eancia de Assist\u00eancia Social (CRAS) e Centros de Refer\u00eancia Especializados de<br \/>\nAssist\u00eancia Social (CREAS) \u2013 garantam o acolhimento de pessoas com defici\u00eancia nos casos<br \/>\nem que seus\/suas cuidadores\/as precisarem ser internados\/as ou colocado\/as em<br \/>\nisolamento em raz\u00e3o da Covid-19.<br \/>\nPara salvaguardar os direitos humanos de todas as pessoas com defici\u00eancia, e em particular o<br \/>\ndireito \u00e0 vida, neste momento de crise, que intensifica o risco de nega\u00e7\u00e3o de direitos a essa<br \/>\npopula\u00e7\u00e3o historicamente vulnerabilizada, a Rede-In1<br \/>\nconsidera essencial que os agentes<br \/>\np\u00fablicos que integram o Poder Executivo e, em especial as autoridades na \u00e1rea da sa\u00fade,<br \/>\nreconhe\u00e7am o igual valor da vida humana, sem nenhuma forma de discrimina\u00e7\u00e3o, e a<br \/>\nimprescindibilidade de atendimento das necessidades espec\u00edficas dessas pessoas com equidade.<br \/>\nREDE BRASILEIRA DE INCLUS\u00c3O DA PESSOA COM DEFICI\u00caNCIA &#8211; REDE-IN<\/p>\n<p>Descri\u00e7\u00e3o da imagem: logotipo da Rede-In.<\/p>\n<p><a href=\"https:\/\/l.facebook.com\/l.php?u=http%3A%2F%2Fwww.ampid.org.br%2Fv1%2Fwp-content%2Fuploads%2F2020%2F04%2FNOTA-A%25CC%2580S-AUTORIDADES-PU%25CC%2581BLICAS-SOBRE-O-RISCO-DE-EXCLUSA%25CC%2583O-NO-ATENDIMENTO-A-PESSOAS-COM-DEFICIE%25CC%2582NCIA-NA-PANDEMIA-DE-COVID-19.pdf.pdf%3Ffbclid%3DIwAR2JJQqR2r9_wOxCZZQDEDlYnhFu1_L_RW0mwkJNiJgXeuoQTqMqSpXj5mc&amp;h=AT35U6FzPBjiOWUzxmzKEW32iaCraVWXNHfTr1wONzQtLiuOi_9J7TYFL01-8FqownHU3rpUuRn8_-MvcErWDRQOiUFpY-BC6ylp3oUgX8xaLvmw3lxxd3iITIyGbaLQ-H1L0YCzY4Dc\" target=\"_blank\" rel=\"nofollow noopener\" data-lynx-mode=\"origin\">http:\/\/www.ampid.org.br\/<wbr \/>v1\/wp-content\/uploads\/2020\/<wbr \/>04\/<wbr \/>NOTA-\u00c0S-AUTORIDADES-P\u00daBLI<wbr \/>CAS-SOBRE-O-RISCO-DE-EXCLU<wbr \/>S\u00c3O-NO-ATENDIMENTO-A-PESS<wbr \/>OAS-COM-DEFICI\u00caNCIA-NA-PA<wbr \/>NDEMIA-DE-COVID-19.pdf.pdf<wbr \/>?fbclid=IwAR0pIpiMTg4FlF6g<wbr \/>1PPKOEQhXGmEH4V4-yrX2bNj6S<wbr \/>Dbiarc5EymFuI92AE<\/a><\/p>\n","protected":false},"excerpt":{"rendered":"<p>J\u00c1 COME\u00c7AM A CHEGAR DEN\u00daNCIAS DE FALTA DE ATENDIMENTO \u00c0S PESSOAS COM DEFICI\u00caNCIA EM RAZ\u00c3O DO CORONAV\u00cdRUS. Compartilhem junto \u00e0s autoridades que conhecem (governadores, prefeitos, parlamentares e outros ) e a profissionais de sa\u00fade. NOTA DA REDE-IN SOBRE O RISCO DE EXCLUS\u00c3O NO ATENDIMENTO A PESSOAS COM DEFICI\u00caNCIA, NA PANDEMIA DE COVID-19, encaminhada a v\u00e1rias [&hellip;]<\/p>\n","protected":false},"author":2,"featured_media":0,"comment_status":"open","ping_status":"open","sticky":false,"template":"","format":"standard","meta":{"site-container-style":"default","site-container-layout":"default","site-sidebar-layout":"default","disable-article-header":"default","disable-site-header":"default","disable-site-footer":"default","disable-content-area-spacing":"default","footnotes":""},"categories":[446],"tags":[],"class_list":["post-31685","post","type-post","status-publish","format-standard","hentry","category-coronavirus"],"yoast_head":"<!-- This site is optimized with the Yoast SEO plugin v27.4 - https:\/\/yoast.com\/product\/yoast-seo-wordpress\/ -->\n<title>Risco de exclus\u00e3o no atendimento a pessoas com defici\u00eancia na pandemia de Covid-19 -<\/title>\n<meta name=\"robots\" content=\"index, follow, max-snippet:-1, max-image-preview:large, max-video-preview:-1\" \/>\n<link rel=\"canonical\" href=\"https:\/\/inclusivenews.com.br\/?p=31685\" \/>\n<meta property=\"og:locale\" content=\"pt_PT\" \/>\n<meta property=\"og:type\" content=\"article\" \/>\n<meta property=\"og:title\" content=\"Risco de exclus\u00e3o no atendimento a pessoas com defici\u00eancia na pandemia de Covid-19 -\" \/>\n<meta property=\"og:description\" content=\"J\u00c1 COME\u00c7AM A CHEGAR DEN\u00daNCIAS DE FALTA DE ATENDIMENTO \u00c0S PESSOAS COM DEFICI\u00caNCIA EM RAZ\u00c3O DO CORONAV\u00cdRUS. Compartilhem junto \u00e0s autoridades que conhecem (governadores, prefeitos, parlamentares e outros ) e a profissionais de sa\u00fade. NOTA DA REDE-IN SOBRE O RISCO DE EXCLUS\u00c3O NO ATENDIMENTO A PESSOAS COM DEFICI\u00caNCIA, NA PANDEMIA DE COVID-19, encaminhada a v\u00e1rias [&hellip;]\" \/>\n<meta property=\"og:url\" content=\"https:\/\/inclusivenews.com.br\/?p=31685\" \/>\n<meta property=\"article:publisher\" content=\"https:\/\/www.facebook.com\/agenciainclusive\/\" \/>\n<meta property=\"article:published_time\" content=\"2020-04-28T01:36:03+00:00\" \/>\n<meta property=\"og:image\" content=\"https:\/\/scontent.fbsb8-1.fna.fbcdn.net\/v\/t1.0-9\/93793993_2862460480516774_5653630223850143744_n.png?_nc_cat=105&amp;_nc_sid=8024bb&amp;_nc_ohc=BjieKDMviWQAX-vH7bz&amp;_nc_ht=scontent.fbsb8-1.fna&amp;oh=24debba1c9f494548b238b5053c17da8&amp;oe=5ECB472B\" \/>\n<meta name=\"author\" content=\"Inclusive\" \/>\n<meta name=\"twitter:card\" content=\"summary_large_image\" \/>\n<meta name=\"twitter:label1\" content=\"Escrito por\" \/>\n\t<meta name=\"twitter:data1\" content=\"Inclusive\" \/>\n\t<meta name=\"twitter:label2\" content=\"Tempo estimado de leitura\" \/>\n\t<meta name=\"twitter:data2\" content=\"9 minutos\" \/>\n<script type=\"application\/ld+json\" class=\"yoast-schema-graph\">{\"@context\":\"https:\\\/\\\/schema.org\",\"@graph\":[{\"@type\":\"Article\",\"@id\":\"https:\\\/\\\/inclusivenews.com.br\\\/?p=31685#article\",\"isPartOf\":{\"@id\":\"https:\\\/\\\/inclusivenews.com.br\\\/?p=31685\"},\"author\":{\"name\":\"Inclusive\",\"@id\":\"https:\\\/\\\/inclusivenews.com.br\\\/#\\\/schema\\\/person\\\/0dab492019871b94abb65fa8ee7c8c44\"},\"headline\":\"Risco de exclus\u00e3o no atendimento a pessoas com defici\u00eancia na pandemia de Covid-19\",\"datePublished\":\"2020-04-28T01:36:03+00:00\",\"mainEntityOfPage\":{\"@id\":\"https:\\\/\\\/inclusivenews.com.br\\\/?p=31685\"},\"wordCount\":1744,\"commentCount\":0,\"publisher\":{\"@id\":\"https:\\\/\\\/inclusivenews.com.br\\\/#organization\"},\"image\":{\"@id\":\"https:\\\/\\\/inclusivenews.com.br\\\/?p=31685#primaryimage\"},\"thumbnailUrl\":\"https:\\\/\\\/scontent.fbsb8-1.fna.fbcdn.net\\\/v\\\/t1.0-9\\\/93793993_2862460480516774_5653630223850143744_n.png?_nc_cat=105&amp;_nc_sid=8024bb&amp;_nc_ohc=BjieKDMviWQAX-vH7bz&amp;_nc_ht=scontent.fbsb8-1.fna&amp;oh=24debba1c9f494548b238b5053c17da8&amp;oe=5ECB472B\",\"articleSection\":[\"Coronav\u00edrus\"],\"inLanguage\":\"pt-PT\",\"potentialAction\":[{\"@type\":\"CommentAction\",\"name\":\"Comment\",\"target\":[\"https:\\\/\\\/inclusivenews.com.br\\\/?p=31685#respond\"]}]},{\"@type\":\"WebPage\",\"@id\":\"https:\\\/\\\/inclusivenews.com.br\\\/?p=31685\",\"url\":\"https:\\\/\\\/inclusivenews.com.br\\\/?p=31685\",\"name\":\"Risco de exclus\u00e3o no atendimento a pessoas com defici\u00eancia na pandemia de Covid-19 -\",\"isPartOf\":{\"@id\":\"https:\\\/\\\/inclusivenews.com.br\\\/#website\"},\"primaryImageOfPage\":{\"@id\":\"https:\\\/\\\/inclusivenews.com.br\\\/?p=31685#primaryimage\"},\"image\":{\"@id\":\"https:\\\/\\\/inclusivenews.com.br\\\/?p=31685#primaryimage\"},\"thumbnailUrl\":\"https:\\\/\\\/scontent.fbsb8-1.fna.fbcdn.net\\\/v\\\/t1.0-9\\\/93793993_2862460480516774_5653630223850143744_n.png?_nc_cat=105&amp;_nc_sid=8024bb&amp;_nc_ohc=BjieKDMviWQAX-vH7bz&amp;_nc_ht=scontent.fbsb8-1.fna&amp;oh=24debba1c9f494548b238b5053c17da8&amp;oe=5ECB472B\",\"datePublished\":\"2020-04-28T01:36:03+00:00\",\"breadcrumb\":{\"@id\":\"https:\\\/\\\/inclusivenews.com.br\\\/?p=31685#breadcrumb\"},\"inLanguage\":\"pt-PT\",\"potentialAction\":[{\"@type\":\"ReadAction\",\"target\":[\"https:\\\/\\\/inclusivenews.com.br\\\/?p=31685\"]}]},{\"@type\":\"ImageObject\",\"inLanguage\":\"pt-PT\",\"@id\":\"https:\\\/\\\/inclusivenews.com.br\\\/?p=31685#primaryimage\",\"url\":\"https:\\\/\\\/scontent.fbsb8-1.fna.fbcdn.net\\\/v\\\/t1.0-9\\\/93793993_2862460480516774_5653630223850143744_n.png?_nc_cat=105&amp;_nc_sid=8024bb&amp;_nc_ohc=BjieKDMviWQAX-vH7bz&amp;_nc_ht=scontent.fbsb8-1.fna&amp;oh=24debba1c9f494548b238b5053c17da8&amp;oe=5ECB472B\",\"contentUrl\":\"https:\\\/\\\/scontent.fbsb8-1.fna.fbcdn.net\\\/v\\\/t1.0-9\\\/93793993_2862460480516774_5653630223850143744_n.png?_nc_cat=105&amp;_nc_sid=8024bb&amp;_nc_ohc=BjieKDMviWQAX-vH7bz&amp;_nc_ht=scontent.fbsb8-1.fna&amp;oh=24debba1c9f494548b238b5053c17da8&amp;oe=5ECB472B\"},{\"@type\":\"BreadcrumbList\",\"@id\":\"https:\\\/\\\/inclusivenews.com.br\\\/?p=31685#breadcrumb\",\"itemListElement\":[{\"@type\":\"ListItem\",\"position\":1,\"name\":\"In\u00edcio\",\"item\":\"https:\\\/\\\/inclusivenews.com.br\\\/\"},{\"@type\":\"ListItem\",\"position\":2,\"name\":\"Risco de exclus\u00e3o no atendimento a pessoas com defici\u00eancia na pandemia de Covid-19\"}]},{\"@type\":\"WebSite\",\"@id\":\"https:\\\/\\\/inclusivenews.com.br\\\/#website\",\"url\":\"https:\\\/\\\/inclusivenews.com.br\\\/\",\"name\":\"Inclusive News\",\"description\":\"Inclusive News\",\"publisher\":{\"@id\":\"https:\\\/\\\/inclusivenews.com.br\\\/#organization\"},\"potentialAction\":[{\"@type\":\"SearchAction\",\"target\":{\"@type\":\"EntryPoint\",\"urlTemplate\":\"https:\\\/\\\/inclusivenews.com.br\\\/?s={search_term_string}\"},\"query-input\":{\"@type\":\"PropertyValueSpecification\",\"valueRequired\":true,\"valueName\":\"search_term_string\"}}],\"inLanguage\":\"pt-PT\"},{\"@type\":\"Organization\",\"@id\":\"https:\\\/\\\/inclusivenews.com.br\\\/#organization\",\"name\":\"Inclusive - inclus\u00e3o e cidadania\",\"url\":\"https:\\\/\\\/inclusivenews.com.br\\\/\",\"logo\":{\"@type\":\"ImageObject\",\"inLanguage\":\"pt-PT\",\"@id\":\"https:\\\/\\\/inclusivenews.com.br\\\/#\\\/schema\\\/logo\\\/image\\\/\",\"url\":\"https:\\\/\\\/inclusivenews.com.br\\\/wp-content\\\/uploads\\\/2024\\\/03\\\/@grandesite.png\",\"contentUrl\":\"https:\\\/\\\/inclusivenews.com.br\\\/wp-content\\\/uploads\\\/2024\\\/03\\\/@grandesite.png\",\"width\":1080,\"height\":1080,\"caption\":\"Inclusive - inclus\u00e3o e cidadania\"},\"image\":{\"@id\":\"https:\\\/\\\/inclusivenews.com.br\\\/#\\\/schema\\\/logo\\\/image\\\/\"},\"sameAs\":[\"https:\\\/\\\/www.facebook.com\\\/agenciainclusive\\\/\",\"https:\\\/\\\/www.instagram.com\\\/newsinclusive\\\/\"]},{\"@type\":\"Person\",\"@id\":\"https:\\\/\\\/inclusivenews.com.br\\\/#\\\/schema\\\/person\\\/0dab492019871b94abb65fa8ee7c8c44\",\"name\":\"Inclusive\",\"image\":{\"@type\":\"ImageObject\",\"inLanguage\":\"pt-PT\",\"@id\":\"https:\\\/\\\/secure.gravatar.com\\\/avatar\\\/?s=96&d=mm&r=g\",\"url\":\"https:\\\/\\\/secure.gravatar.com\\\/avatar\\\/?s=96&d=mm&r=g\",\"contentUrl\":\"https:\\\/\\\/secure.gravatar.com\\\/avatar\\\/?s=96&d=mm&r=g\",\"caption\":\"Inclusive\"},\"url\":\"https:\\\/\\\/inclusivenews.com.br\\\/?author=2\"}]}<\/script>\n<!-- \/ Yoast SEO plugin. -->","yoast_head_json":{"title":"Risco de exclus\u00e3o no atendimento a pessoas com defici\u00eancia na pandemia de Covid-19 -","robots":{"index":"index","follow":"follow","max-snippet":"max-snippet:-1","max-image-preview":"max-image-preview:large","max-video-preview":"max-video-preview:-1"},"canonical":"https:\/\/inclusivenews.com.br\/?p=31685","og_locale":"pt_PT","og_type":"article","og_title":"Risco de exclus\u00e3o no atendimento a pessoas com defici\u00eancia na pandemia de Covid-19 -","og_description":"J\u00c1 COME\u00c7AM A CHEGAR DEN\u00daNCIAS DE FALTA DE ATENDIMENTO \u00c0S PESSOAS COM DEFICI\u00caNCIA EM RAZ\u00c3O DO CORONAV\u00cdRUS. Compartilhem junto \u00e0s autoridades que conhecem (governadores, prefeitos, parlamentares e outros ) e a profissionais de sa\u00fade. NOTA DA REDE-IN SOBRE O RISCO DE EXCLUS\u00c3O NO ATENDIMENTO A PESSOAS COM DEFICI\u00caNCIA, NA PANDEMIA DE COVID-19, encaminhada a v\u00e1rias [&hellip;]","og_url":"https:\/\/inclusivenews.com.br\/?p=31685","article_publisher":"https:\/\/www.facebook.com\/agenciainclusive\/","article_published_time":"2020-04-28T01:36:03+00:00","og_image":[{"url":"https:\/\/scontent.fbsb8-1.fna.fbcdn.net\/v\/t1.0-9\/93793993_2862460480516774_5653630223850143744_n.png?_nc_cat=105&amp;_nc_sid=8024bb&amp;_nc_ohc=BjieKDMviWQAX-vH7bz&amp;_nc_ht=scontent.fbsb8-1.fna&amp;oh=24debba1c9f494548b238b5053c17da8&amp;oe=5ECB472B","type":"","width":"","height":""}],"author":"Inclusive","twitter_card":"summary_large_image","twitter_misc":{"Escrito por":"Inclusive","Tempo estimado de leitura":"9 minutos"},"schema":{"@context":"https:\/\/schema.org","@graph":[{"@type":"Article","@id":"https:\/\/inclusivenews.com.br\/?p=31685#article","isPartOf":{"@id":"https:\/\/inclusivenews.com.br\/?p=31685"},"author":{"name":"Inclusive","@id":"https:\/\/inclusivenews.com.br\/#\/schema\/person\/0dab492019871b94abb65fa8ee7c8c44"},"headline":"Risco de exclus\u00e3o no atendimento a pessoas com defici\u00eancia na pandemia de Covid-19","datePublished":"2020-04-28T01:36:03+00:00","mainEntityOfPage":{"@id":"https:\/\/inclusivenews.com.br\/?p=31685"},"wordCount":1744,"commentCount":0,"publisher":{"@id":"https:\/\/inclusivenews.com.br\/#organization"},"image":{"@id":"https:\/\/inclusivenews.com.br\/?p=31685#primaryimage"},"thumbnailUrl":"https:\/\/scontent.fbsb8-1.fna.fbcdn.net\/v\/t1.0-9\/93793993_2862460480516774_5653630223850143744_n.png?_nc_cat=105&amp;_nc_sid=8024bb&amp;_nc_ohc=BjieKDMviWQAX-vH7bz&amp;_nc_ht=scontent.fbsb8-1.fna&amp;oh=24debba1c9f494548b238b5053c17da8&amp;oe=5ECB472B","articleSection":["Coronav\u00edrus"],"inLanguage":"pt-PT","potentialAction":[{"@type":"CommentAction","name":"Comment","target":["https:\/\/inclusivenews.com.br\/?p=31685#respond"]}]},{"@type":"WebPage","@id":"https:\/\/inclusivenews.com.br\/?p=31685","url":"https:\/\/inclusivenews.com.br\/?p=31685","name":"Risco de exclus\u00e3o no atendimento a pessoas com defici\u00eancia na pandemia de Covid-19 -","isPartOf":{"@id":"https:\/\/inclusivenews.com.br\/#website"},"primaryImageOfPage":{"@id":"https:\/\/inclusivenews.com.br\/?p=31685#primaryimage"},"image":{"@id":"https:\/\/inclusivenews.com.br\/?p=31685#primaryimage"},"thumbnailUrl":"https:\/\/scontent.fbsb8-1.fna.fbcdn.net\/v\/t1.0-9\/93793993_2862460480516774_5653630223850143744_n.png?_nc_cat=105&amp;_nc_sid=8024bb&amp;_nc_ohc=BjieKDMviWQAX-vH7bz&amp;_nc_ht=scontent.fbsb8-1.fna&amp;oh=24debba1c9f494548b238b5053c17da8&amp;oe=5ECB472B","datePublished":"2020-04-28T01:36:03+00:00","breadcrumb":{"@id":"https:\/\/inclusivenews.com.br\/?p=31685#breadcrumb"},"inLanguage":"pt-PT","potentialAction":[{"@type":"ReadAction","target":["https:\/\/inclusivenews.com.br\/?p=31685"]}]},{"@type":"ImageObject","inLanguage":"pt-PT","@id":"https:\/\/inclusivenews.com.br\/?p=31685#primaryimage","url":"https:\/\/scontent.fbsb8-1.fna.fbcdn.net\/v\/t1.0-9\/93793993_2862460480516774_5653630223850143744_n.png?_nc_cat=105&amp;_nc_sid=8024bb&amp;_nc_ohc=BjieKDMviWQAX-vH7bz&amp;_nc_ht=scontent.fbsb8-1.fna&amp;oh=24debba1c9f494548b238b5053c17da8&amp;oe=5ECB472B","contentUrl":"https:\/\/scontent.fbsb8-1.fna.fbcdn.net\/v\/t1.0-9\/93793993_2862460480516774_5653630223850143744_n.png?_nc_cat=105&amp;_nc_sid=8024bb&amp;_nc_ohc=BjieKDMviWQAX-vH7bz&amp;_nc_ht=scontent.fbsb8-1.fna&amp;oh=24debba1c9f494548b238b5053c17da8&amp;oe=5ECB472B"},{"@type":"BreadcrumbList","@id":"https:\/\/inclusivenews.com.br\/?p=31685#breadcrumb","itemListElement":[{"@type":"ListItem","position":1,"name":"In\u00edcio","item":"https:\/\/inclusivenews.com.br\/"},{"@type":"ListItem","position":2,"name":"Risco de exclus\u00e3o no atendimento a pessoas com defici\u00eancia na pandemia de Covid-19"}]},{"@type":"WebSite","@id":"https:\/\/inclusivenews.com.br\/#website","url":"https:\/\/inclusivenews.com.br\/","name":"Inclusive News","description":"Inclusive News","publisher":{"@id":"https:\/\/inclusivenews.com.br\/#organization"},"potentialAction":[{"@type":"SearchAction","target":{"@type":"EntryPoint","urlTemplate":"https:\/\/inclusivenews.com.br\/?s={search_term_string}"},"query-input":{"@type":"PropertyValueSpecification","valueRequired":true,"valueName":"search_term_string"}}],"inLanguage":"pt-PT"},{"@type":"Organization","@id":"https:\/\/inclusivenews.com.br\/#organization","name":"Inclusive - inclus\u00e3o e cidadania","url":"https:\/\/inclusivenews.com.br\/","logo":{"@type":"ImageObject","inLanguage":"pt-PT","@id":"https:\/\/inclusivenews.com.br\/#\/schema\/logo\/image\/","url":"https:\/\/inclusivenews.com.br\/wp-content\/uploads\/2024\/03\/@grandesite.png","contentUrl":"https:\/\/inclusivenews.com.br\/wp-content\/uploads\/2024\/03\/@grandesite.png","width":1080,"height":1080,"caption":"Inclusive - inclus\u00e3o e cidadania"},"image":{"@id":"https:\/\/inclusivenews.com.br\/#\/schema\/logo\/image\/"},"sameAs":["https:\/\/www.facebook.com\/agenciainclusive\/","https:\/\/www.instagram.com\/newsinclusive\/"]},{"@type":"Person","@id":"https:\/\/inclusivenews.com.br\/#\/schema\/person\/0dab492019871b94abb65fa8ee7c8c44","name":"Inclusive","image":{"@type":"ImageObject","inLanguage":"pt-PT","@id":"https:\/\/secure.gravatar.com\/avatar\/?s=96&d=mm&r=g","url":"https:\/\/secure.gravatar.com\/avatar\/?s=96&d=mm&r=g","contentUrl":"https:\/\/secure.gravatar.com\/avatar\/?s=96&d=mm&r=g","caption":"Inclusive"},"url":"https:\/\/inclusivenews.com.br\/?author=2"}]}},"_links":{"self":[{"href":"https:\/\/inclusivenews.com.br\/index.php?rest_route=\/wp\/v2\/posts\/31685","targetHints":{"allow":["GET"]}}],"collection":[{"href":"https:\/\/inclusivenews.com.br\/index.php?rest_route=\/wp\/v2\/posts"}],"about":[{"href":"https:\/\/inclusivenews.com.br\/index.php?rest_route=\/wp\/v2\/types\/post"}],"author":[{"embeddable":true,"href":"https:\/\/inclusivenews.com.br\/index.php?rest_route=\/wp\/v2\/users\/2"}],"replies":[{"embeddable":true,"href":"https:\/\/inclusivenews.com.br\/index.php?rest_route=%2Fwp%2Fv2%2Fcomments&post=31685"}],"version-history":[{"count":0,"href":"https:\/\/inclusivenews.com.br\/index.php?rest_route=\/wp\/v2\/posts\/31685\/revisions"}],"wp:attachment":[{"href":"https:\/\/inclusivenews.com.br\/index.php?rest_route=%2Fwp%2Fv2%2Fmedia&parent=31685"}],"wp:term":[{"taxonomy":"category","embeddable":true,"href":"https:\/\/inclusivenews.com.br\/index.php?rest_route=%2Fwp%2Fv2%2Fcategories&post=31685"},{"taxonomy":"post_tag","embeddable":true,"href":"https:\/\/inclusivenews.com.br\/index.php?rest_route=%2Fwp%2Fv2%2Ftags&post=31685"}],"curies":[{"name":"wp","href":"https:\/\/api.w.org\/{rel}","templated":true}]}}