{"id":31688,"date":"2020-04-27T23:10:47","date_gmt":"2020-04-28T02:10:47","guid":{"rendered":"http:\/\/www.inclusive.org.br\/?p=31688"},"modified":"2020-04-27T23:10:47","modified_gmt":"2020-04-28T02:10:47","slug":"nota-tecnica-recomendacoes-as-pessoas-com-deficiencias-ceara","status":"publish","type":"post","link":"https:\/\/inclusivenews.com.br\/?p=31688","title":{"rendered":"Nota T\u00e9cnica Recomenda\u00e7\u00f5es \u00e0s Pessoas com Defici\u00eancias &#8211; Cear\u00e1"},"content":{"rendered":"<p><img loading=\"lazy\" decoding=\"async\" class=\"n3VNCb\" src=\"https:\/\/4.bp.blogspot.com\/-bvpJNtumq14\/WUP_-sAQTeI\/AAAAAAAAOkU\/_4Aye3_t4IEclyd-in4GWGDbfnsVvfaMACKgBGAs\/s1600\/governo.jpg\" alt=\"Abrir empresa no Cear\u00e1 ficou mais f\u00e1cil - Gazeta do Cariri ...\" width=\"370\" height=\"278\" data-noaft=\"1\" \/><\/p>\n<p>Nota T\u00e9cnica &#8211; Recomenda\u00e7\u00f5es \u00e0s Pessoas com Defici\u00eancias<\/p>\n<p>23 de abril de 2020 | P\u00e1gina 1\/7 | N\u00ba 01<\/p>\n<p>A Secretaria da Sa\u00fade do Estado do Cear\u00e1, por meio da Secretaria Executiva de Pol\u00edticas de Sa\u00fade,<br \/>\nvem orientar medidas de prote\u00e7\u00e3o \u00e0 sa\u00fade \u00e0s pessoas com defici\u00eancia frente \u00e0 Pandemia de Covid19.<\/p>\n<p>RECOMENDA\u00c7\u00d5ES GERAIS<\/p>\n<p>1) Evitar contatos, aglomera\u00e7\u00e3o e manter medidas de restri\u00e7\u00e3o social. Caso seja imprescind\u00edvel sair<br \/>\nde casa , fa\u00e7a uso de m\u00e1scara de prote\u00e7\u00e3o.<br \/>\n2) Lavar as m\u00e3os frequentemente com \u00e1gua e sab\u00e3o e\/ou higieniza\u00e7\u00e3o com \u00e1lcool 70%. A limpeza<br \/>\ndeve ocorrer nos dedos, palmas e costas das m\u00e3os e punhos.<br \/>\n3) Cobrir boca e nariz ao tossir ou espirrar, com cotovelo flexionado ou utilizando-se de um len\u00e7o<br \/>\ndescart\u00e1vel e evitar tocar mucosas de olhos, nariz e boca;<br \/>\n4) Manter dist\u00e2ncia, cerca de 2 metros, de qualquer pessoa, uma vez que tem sido considerada a<br \/>\ntransmiss\u00e3o por assintom\u00e1ticos;<br \/>\n5) Utilizar len\u00e7o descart\u00e1vel para higiene nasal, descartando-o em lixeiras (com tampa) e quando fizer<br \/>\nuso de m\u00e1scaras descart\u00e1veis, coloc\u00e1-las em saco pl\u00e1stico;<br \/>\n6) N\u00e3o compartilhar objetos de uso pessoal (talheres, toalhas, pratos e copos);<br \/>\n7) Manter-se em ambiente limpo, com objetos e superf\u00edcies desinfetados com frequ\u00eancia e bem<br \/>\nventilado;<br \/>\n8) Evitar o uso de medicamentos sem prescri\u00e7\u00e3o m\u00e9dica. Mesmo os vendidos sem receita, podem,<br \/>\npotencialmente, agravar a infec\u00e7\u00e3o pelo novo coronav\u00edrus (SARS-CoV-2 );<br \/>\n9) Os familiares e cuidadores, mesmo assintom\u00e1ticos, devem fazer uso de m\u00e1scaras ao cuidar de<br \/>\npessoas com defici\u00eancia que est\u00e3o no grupo de risco.<br \/>\n10) Manter em dia a vacina\u00e7\u00e3o<\/p>\n<p>DISTANCIAMENTO SOCIAL<\/p>\n<p>A restri\u00e7\u00e3o social tem por objetivo diminuir a probabilidade de contamina\u00e7\u00e3o pela doen\u00e7a COVID-19,<br \/>\nmesmo por aqueles que n\u00e3o apresentam sintomas ou sintomas leves. Para tanto, \u00e9 preciso alguns<br \/>\ncuidados:<br \/>\nI- Evitar sair de casa (padaria, pra\u00e7as, shoppings, supermercados, farm\u00e1cias, academias, caminhadas<br \/>\nao ar livre, igrejas), exceto, em caso de extrema necessidade.<br \/>\nII- Consultas m\u00e9dicas n\u00e3o urgentes devem ser remarcadas.<br \/>\nIII- Caso seja imprescind\u00edvel sair de casa, faz\u00ea-lo com o uso de m\u00e1scara de prote\u00e7\u00e3o, pois diminui a<br \/>\ndissemina\u00e7\u00e3o do v\u00edrus. A m\u00e1scara confeccionada no domic\u00edlio (de pano) pode ser utilizada, mas deve<br \/>\nser agregada as outras medidas citadas para aumentar a prote\u00e7\u00e3o contra a COVID-19. Lembre-se a<br \/>\nm\u00e1scara \u00e9 de uso individual, n\u00e3o compartilhe.<\/p>\n<p>SINAIS DE ALERTA<\/p>\n<p>\u2022 Fiquem atentos aos seguintes sintomas: Coriza, Febre*, Tosse, Falta de ar**, altera\u00e7\u00e3o da<br \/>\nsensa\u00e7\u00e3o de cansa\u00e7o para os esfor\u00e7os de rotina.<br \/>\n\u2022 No caso de sintomas leves (coriza), preferencialmente, manter-se em casa. No caso de coriza e<br \/>\ntosse, manter-se em casa, mas em alerta. No caso de coriza, febre e tosse, procurar atendimento<br \/>\nna Unidade B\u00e1sica de Sa\u00fade (Posto de Sa\u00fade). Caso apresentem coriza, febre, tosse e falta de<br \/>\nar, deve procurar as Unidades de Pronto Atendimento (UPAs) mais pr\u00f3ximo da localidade onde<br \/>\nreside.<br \/>\n\u2022 Em se tratando das pessoas com defici\u00eancia que tenham alguma comorbidade ou apresente<br \/>\nalguma condi\u00e7\u00e3o que fragilize sua condi\u00e7\u00e3o respirat\u00f3rias, aos primeiros sintomas devem buscar<br \/>\nos servi\u00e7os de sa\u00fade para atendimento.<br \/>\n\u2022 Casos suspeitos devem ficar em isolamento respirat\u00f3rio, desde o primeiro dia de sintomas, at\u00e9<br \/>\nserem descartados.<br \/>\n\u2022 N\u00e3o colher swab nasal (exame de coleta) para pesquisa do SARS-CoV-2 de pessoas sem<br \/>\nsintomas respirat\u00f3rios (pessoas assintom\u00e1ticas).<\/p>\n<p>CUIDADOS ESPEC\u00cdFICOS<\/p>\n<p>1) Pessoas com Defici\u00eancia Visual\/Surdocegueira<br \/>\n\u2022 Higienizar as ferramentas de tecnologias assistiva de uso cotidiano, tais como: bengalas,<br \/>\nmuletas, cadeiras de rodas, evitando risco de contamina\u00e7\u00e3o;<br \/>\n\u2022 Limpar os objetos que tocam com frequ\u00eancia, tais como joystick controle de TV;<br \/>\n\u2022 Atentar-se a lavagem das m\u00e3os com \u00e1gua e sab\u00e3o e\/ou higieniza\u00e7\u00e3o com \u00e1lcool em gel 70%<br \/>\nem fun\u00e7\u00e3o de utiliz\u00e1-las com bastante frequ\u00eancia para explora\u00e7\u00e3o t\u00e1til;<br \/>\n\u2022 Ao necessitar de apoio de outra pessoa para locomo\u00e7\u00e3o, segurar no ombro evitando tocar nas<br \/>\nm\u00e3os ou cotovelo de quem ir\u00e1 guiar;<br \/>\n\u2022 Para aqueles que se comuniquem por Libras t\u00e1til, as duas pessoas envolvidas no ato da<br \/>\ncomunica\u00e7\u00e3o devem realizar a limpeza das m\u00e3os e dos antebra\u00e7os antes e ap\u00f3s a intera\u00e7\u00e3o.<br \/>\nPara quem se comunique por tadoma, o rosto tamb\u00e9m deve ser higienizado;<br \/>\n\u2022 Em raz\u00e3o ao isolamento social, familiares estar\u00e3o em casa por um per\u00edodo prolongado, refor\u00e7arse o cuidado de n\u00e3o retirar m\u00f3veis do lugar costumeiros sem avisar a pessoa com defici\u00eancia<br \/>\nvisual e\/ou com surdocegueira pelo risco de ocorrer acidentes.<\/p>\n<p>2) Pessoas com Defici\u00eancia Auditiva<br \/>\n\u2022 Para aqueles que compreendem e se expressam em L\u00edngua Brasileira de Sinais (Libras), caso<br \/>\nsuas m\u00e3os n\u00e3o estejam lavadas (\u00e1gua e sab\u00e3o) ou higienizadas com \u00e1lcool em gel 70%, evitem<br \/>\ntocar o rosto ao sinalizar;<br \/>\n\u2022 Realizar videochamadas que possibilitem a intera\u00e7\u00e3o em Libras, visando reduzir a sensa\u00e7\u00e3o de<br \/>\nisolamento;<br \/>\n\u2022 Aqueles que fazem uso de pr\u00f3tese auditiva e\/ou implante coclear, manusear os dispositivos<br \/>\nsempre com as m\u00e3os limpas (lavadas com \u00e1gua e sab\u00e3o) e secas para evitar contamina\u00e7\u00e3o e<br \/>\ndanificar os dispositivos;<br \/>\n\u2022 Para limpeza das pr\u00f3teses auditivas ou implantes coclear, seguir as orienta\u00e7\u00f5es no manual dos<br \/>\nfabricantes ou entrar em contato com a empresa em raz\u00e3o aos modelos e marcas diversas. N\u00e3o<br \/>\nrecomenda-se limpeza com sab\u00e3o e \u00e1gua, produto de limpeza ou mesmo \u00e1lcool em gel 70%,<br \/>\npois podem danificar a pr\u00f3tese auditiva ou processador de fala do implante coclear (parte<br \/>\nexterna);<br \/>\n\u2022 Guardar os aparelhos auditivos ou implantes cocleares (parte externa) durante a noite no<br \/>\ndesumidificador el\u00e9trico ou convencional. Lembre-se de retirar a bateria;<br \/>\n\u2022 O molde auricular deve ser limpo com sab\u00e3o neutro e \u00e1gua. Deixe secar bem antes de conect\u00e1lo a pr\u00f3tese auditiva ou ao dispoitivo externo do implante coclear.<\/p>\n<p>3) Pessoas com Defici\u00eancia F\u00edsica<br \/>\n\u2022 Limpar os objetos que toca com frequ\u00eancia, incluindo o aro de impuls\u00e3o de cadeira de rodas, o<br \/>\njoystick, as \u00f3rteses e pr\u00f3teses e os meios de locomo\u00e7\u00e3o como bengalas, muletas e andadores;<br \/>\n\u2022 Utilizar luvas (se poss\u00edvel) quando em contato com asfalto e outros superf\u00edcies;<br \/>\n\u2022 Ter cuidado redobrado para evitar tocar no rosto, boca e nariz.<\/p>\n<p>3.1) Pessoas que apresentam Condi\u00e7\u00f5es Neuromusculares de Alto Risco<br \/>\n\u2022 Fraqueza da musculatura intercostal ou do diafragma, que resulte em volumes respirat\u00f3rios<br \/>\nmenores que 60% dos preditos (CVF&lt;60%), especialmente em pacientes com cifoescoliose;<br \/>\n\u2022 Uso de ventila\u00e7\u00e3o n\u00e3o invasiva ou invasiva;<br \/>\n\u2022 Capacidade de tosse fraca assim como capacidade em manter vias a\u00e9reas p\u00e9rvias devido a<br \/>\nfraqueza orofar\u00edngea;<br \/>\n\u2022 Presen\u00e7a de traqueostomia;<br \/>\n\u2022 Acometimento card\u00edaco (e\/ou em uso de medica\u00e7\u00e3o para acometimento card\u00edaco);<br \/>\n\u2022 Risco de piora com febre, jejum ou infec\u00e7\u00e3o;<br \/>\n\u2022 Diabete ou obesidade concomitante;<br \/>\n\u2022 Uso de corticosteroides ou imunossupressores<br \/>\nCaso utilize ventila\u00e7\u00e3o mec\u00e2nica e sejam traqueostomizadas, higienizar bem os equipamentos.<br \/>\nAo realizar a aspira\u00e7\u00e3o, faz\u00ea-la com luva descart\u00e1vel e usar protetor facial. Ao t\u00e9rmino do<br \/>\nprocedimento descartar a luva e lavar o protetor facial com \u00e1gua e sab\u00e3o;<br \/>\n\u2022 Tratamentos n\u00e3o devem ser interrompidos, descontinuados, em especial, corticosteroides,<br \/>\npacientes em corticoterapia cr\u00f4nica, tratamentos de imunossupress\u00e3o para doen\u00e7as musculares<br \/>\ninflamat\u00f3rias, miastenia gravis, neuropatia perif\u00e9rica, exceto em circunst\u00e2ncias espec\u00edficas<br \/>\ndeterminadas pelo m\u00e9dico;<br \/>\n\u2022 Assegurar suporte ventilat\u00f3rio no isolamento e prov\u00ea-los de informa\u00e7\u00f5es relevantes e<br \/>\nequipamentos necess\u00e1rios \u00e0 assist\u00eancia domiciliar;<br \/>\n\u2022 Recomenda-se evitar a interna\u00e7\u00e3o hospitalar, exceto, em caso necess\u00e1rio;<br \/>\n\u2022 Alguns medicamentos utilizados no tratamento da COVID -19 podem alterar a fun\u00e7\u00e3o<br \/>\nneuromuscular. N\u00e3o tomar medicamento sem recomenda\u00e7\u00e3o m\u00e9dica.<\/p>\n<p>3.2) Pessoas com Ostomia<br \/>\n\u2022 Ao chegar em casa com o material que recebeu no polo de dispensa\u00e7\u00e3o, descartar a<br \/>\nembalagem utilizada no transporte;<br \/>\n\u2022 Antes de iniciar o processo de higieniza\u00e7\u00e3o (esvaziar) ou de troca de bolsa, intensificar a<br \/>\nlavagem das m\u00e3os utilizando \u00e1gua e sab\u00e3o, se poss\u00edvel utilizar \u00e1lcool 70%;<br \/>\n\u2022 Ao concluir o processo, antes de tocar em qualquer outro objeto, lavar as m\u00e3os com \u00e1gua e<br \/>\nsab\u00e3o, refor\u00e7ando a higiene com \u00e1lcool 70%;<br \/>\n\u2022 Ao esvaziar a bolsa, utilizar \u00e1gua e sab\u00e3o neutro para eliminar o excesso de efluentes que<br \/>\npossam permanecer na parte interna da bolsa, secar com papel higi\u00eanico a parte final por onde<br \/>\nsaem os efluentes e utilizar um len\u00e7o umedecido com \u00e1lcool a fim de garantir a higiene desse<br \/>\nlocal antes de fechar com o clamp, que tamb\u00e9m dever\u00e1 ser higienizado com frequ\u00eancia;<br \/>\n\u2022 Para os casos de gastrostomia ao manipular a \u00e1rea em contato com a pele, utilizar luva<br \/>\ndescart\u00e1vel, refor\u00e7ar a higiene na pele local e trocar a sonda no hospital, caso seja necess\u00e1rio;<br \/>\n\u2022 No caso de d\u00favida em rela\u00e7\u00e3o aos procedimentos de limpeza ou materiais a serem utilizados,<br \/>\nentrar em contato com os profissionais que realizam a assist\u00eancia ao paciente.<\/p>\n<p>4) Pessoas com Fissuralabiopalatina e malforma\u00e7\u00e3o craniofacial<br \/>\n\u2022 Pacientes em reabilita\u00e7\u00e3o deve fazer uso de m\u00e1scaras no domic\u00edlio nos casos em que haja<br \/>\nalgum familiar com quadro gripal e\/ou sintomas respirat\u00f3rios. O familiar deve permanecer isolado<br \/>\nem c\u00f4modo separado.<br \/>\n\u2022 Aparelhos ortod\u00f4nticos m\u00f3veis, placas palatinas, tutores ou modeladores nasais m\u00f3veis devem<br \/>\nser higienizados com \u00e1gua e sab\u00e3o ou antiss\u00e9ptico como a clorexidina 0,12% ou com \u00e1lcool gel<br \/>\n70% e enxug\u00e1-lo com algod\u00e3o, gaze ou pano limpo. Caso precise retir\u00e1-los, para recoloc\u00e1-los<br \/>\nrepita o processo de higieniza\u00e7\u00e3o;<br \/>\n\u2022 Manter a limpeza da cavidade oral, segundo as orienta\u00e7\u00f5es de rotina dos profissionais que<br \/>\nacompanham os pacientes;<br \/>\n\u2022 A lavagem nasal com soro fisiol\u00f3gico deve ser mantida por quem j\u00e1 faz de rotina, mas n\u00e3o<br \/>\niniciada em tempos de pandemia;<br \/>\n\u2022 Intensificar os cuidados gerais de prote\u00e7\u00e3o e de higiene oro-nasal, sobretudo das pessoas com<br \/>\nmalforma\u00e7\u00e3o craniofacial e fissura labiopalatina, por apresentarem comunica\u00e7\u00f5es oro-nasais<br \/>\nmais evidentes. A COVID- 19 pode acarretar efeitos adversos nas mucosas com essas<br \/>\ncaracter\u00edsticas;<br \/>\n\u2022 Restringir os procedimentos odontol\u00f3gicos e cir\u00fargicos neste per\u00edodo, salvo em casos de<br \/>\nurg\u00eancia e emerg\u00eancia.<\/p>\n<p>5) Pessoas com Defici\u00eancia Intelectual\/ Transtorno do Espectro do Autismo (TEA)\/<br \/>\nDefici\u00eancias M\u00faltiplas<br \/>\n\u2022 Apoiar na limpeza das m\u00e3os por meio de apoio f\u00edsico e apoio verbal (contagem dos segundos e<br \/>\nde elogios);<br \/>\n\u2022 Usar desenhos, v\u00eddeos, figuras e imagens (sequ\u00eancia da lavagem das m\u00e3os) para explicar a<br \/>\nnecessidade das a\u00e7\u00f5es de higiene e distanciamento social;<br \/>\n\u2022 Orientar que as sauda\u00e7\u00f5es (sorrir e acenar) podem ser realizadas \u00e0 dist\u00e2ncia, mas deve-se<br \/>\nevitar o aperto de m\u00e3os, abra\u00e7os e beijos. Esclarecer que se trata de uma fase que logo poder\u00e3o<br \/>\nse cumprimentar como antes.<br \/>\n\u2022 Cuidado no uso e manuseio do \u00e1lcool em gel 70%. Usar pequenas quantidades e oferta de<br \/>\napoio f\u00edsico;<br \/>\n\u2022 Refor\u00e7ar a limpeza de prancha, pastas, brinquedos, figuras e tablet utilizados para comunica\u00e7\u00e3o<br \/>\nalternativa e aumentativa;<br \/>\n\u2022 Realizar videochamadas com amigos, familiares, cuidadores e terapeutas para possibilitar<br \/>\nintera\u00e7\u00e3o, reduzindo ang\u00fastias ou ansidedade;<br \/>\n\u2022 Pessoas com s\u00edndrome de Down, que tem altera\u00e7\u00f5es card\u00edacas e crian\u00e7as com microcefalia por<br \/>\nZika v\u00edrus constituem grupo de risco para COVID- 19, conv\u00e9m cuidados redobrados \u00e0s medidas<br \/>\nde preven\u00e7\u00e3o.<br \/>\n\u2022 No caso da pessoa ter saliva\u00e7\u00e3o excessiva, remover a saliva com pano limpo e lav\u00e1-lo com<br \/>\n\u00e1gua, sab\u00e3o e \u00e1gua sanit\u00e1ria a cada uso do pano. Refor\u00e7ar a higiene das m\u00e3os antes e ap\u00f3s o<br \/>\nprocedimento.<\/p>\n<p>6) Assist\u00eancia Domiciliar<br \/>\n\u2022 Os profissionais de sa\u00fade em visita domiciliar devem usar equipamento de prote\u00e7\u00e3o individual<br \/>\n(EPI), de acordo com as normas estabelecidas;<br \/>\n\u2022 Os familiares, cuidadores e profissionais devem se higienizar sempre antes de entrar em<br \/>\ncontato com as pessoas com defici\u00eancias;<br \/>\n\u2022 Os familiares e cuidadores, mesmo assintom\u00e1ticos, devem fazer uso de m\u00e1scaras ao cuidar de<br \/>\npessoas com defici\u00eancia que est\u00e3o no grupo de risco;<br \/>\n\u2022 Cuidado ao manipular fraldas e outros materiais com secre\u00e7\u00f5es, pois o v\u00edrus pode ser eliminado<br \/>\npelas fezes;<br \/>\n\u2022 Redobrar a limpeza dos utens\u00edlios utilizados para os cuidados aos pacientes (estetosc\u00f3pios,<br \/>\naparelhos de press\u00e3o, entre outros);<br \/>\n\u2022 N\u00e3o fazer uso de objetos que acumulam microrganismo, como: an\u00e9is, pulseiras, rel\u00f3gio e<br \/>\noutros);<br \/>\n\u2022 O profissional respons\u00e1vel pela coordena\u00e7\u00e3o do cuidado domiciliar deve planejar de forma<br \/>\nintegrada o cuidado, evitando-se necessidade de hospitaliza\u00e7\u00e3o;<br \/>\n\u2022 Os tratamentos de fonoaudiologia, fisioterapia e terapia ocupacional no domic\u00edlio ou em centros<br \/>\nespecializados devem seguir as recomenda\u00e7\u00f5es e normas estabelecidas.<\/p>\n<p>7) Assist\u00eancia Domiciliar<br \/>\n\u2022 Pacientes com uso de sonda nasoenteral, a manipula\u00e7\u00e3o da sonda deve ser realizada com luva<br \/>\ndescart\u00e1vel. Caso haja algum problema com a sonda se dirigir a emerg\u00eancia do hospital.<br \/>\n\u2022 O tratamento da estomatoterapia deve ser combinado com o profissional que realiza a terapia.<\/p>\n<p>Refer\u00eancias<br \/>\nASSOCIA\u00c7\u00c3O BRASILEIRA EDE OTORRINOLARINGOLOGIA E CIRURGIA C\u00c9RVICO-FACIAL. 4\u00aa Nota de<br \/>\norienta\u00e7\u00e3o aos m\u00e9dicos otorrinolaringologistas em rela\u00e7\u00e3o \u00e0 doen\u00e7a causada pelo novo coronav\u00edrus (Covid-19).<br \/>\nDispon\u00edvel em: http:\/\/www.aborlccf.org.br\/imageBank\/2020-03-22_4a _nota_abr_anosmia_ce_lnss_cens.pdf.<br \/>\nAcesso em: 7 abr. 2020.<br \/>\nBORBA, L. Manifesto sobre impacto do Coronav\u00edrus para as pessoas com defici\u00eancia. Organiza\u00e7\u00e3o Nacional de<br \/>\nCegos do Brasil (ONCB). Dispon\u00edvel em: https:\/\/www.camarainclusao.com.br\/noticias\/coronavirus-oncb-divulgamanifesto-sobre-impacto-na-vida-de-pessoas-com-deficiencia\/.Acesso: 1 abr. 2020.<br \/>\nBRASIL. MINIST\u00c9RIO DA SA\u00daDE. Protocolo de Tratamento do Novo Coronav\u00edrus (2019-nCoV). Bras\u00edlia, 2020.<br \/>\nDispon\u00edvel em: https:\/\/portalarquivos2.saude.gov.br\/images\/pdf\/2020\/fevereiro\/05\/Protocolo-de-manejo-clinicopara-o-novo-coronavirus-2019-ncov.pdf.Acesso em: 31 mar. 2020.<br \/>\nBRASIL. AG\u00caNCIA NACIONAL DE VIGIL\u00c2NCIA SANIT\u00c1RIA. Nota T\u00e9cnica N\u00ba 04\/2020 GVIMS\/GGTES\/ANVISA.<br \/>\nOrienta\u00e7\u00f5es para servi\u00e7os de sa\u00fade: medidas de preven\u00e7\u00e3o e controle que devem ser adotadas durante a<br \/>\nassist\u00eancia aos casos suspeitos ou confirmados de infec\u00e7\u00e3o pelo novo coronav\u00edrus (2019- nCoV). Bras\u00edlia, 2020.<br \/>\nDispon\u00edvel em: http:\/\/portal.anvisa.gov.br\/documents\/33852\/271858\/Nota+T%C3%A9cnica+n+04-2020+GVIMSGGTES-ANVISA\/ab598660-3de4-4f14-8e6f-b9341c196b28. Acesso em: 5 abr. 2020.<br \/>\nBRASIL. AG\u00caNCIA NACIONAL DE VIGIL\u00c2NCIA SANIT\u00c1RIA. Orienta\u00e7\u00f5es Gerais \u2013 M\u00e1scaras faciais de uso n\u00e3o<br \/>\nprofissional. Bras\u00edlia, 2020. Dispon\u00edvel em:<br \/>\nhttp:\/\/portal.anvisa.gov.br\/documents\/33852\/271858\/Nota+T%C3%A9cnica+n+04-2020+GVIMS-GGTESANVISA\/ab598660-3de4-4f14-8e6f-b9341c196b28. Acesso em: 1 abr. 2020.<br \/>\nBRASIL. MINIST\u00c9RIO DA MULHER, DA FAM\u00cdLIA E DOS DIREITOS HUMANOS (MMFDH).Pessoas com<br \/>\ndefici\u00eancias e doen\u00e7as raras e o COVID -19. Secretaria Nacional dos Direitos da Pessoa com Defici\u00eancia Pessoas<br \/>\ncom Defici\u00eancia. Dispon\u00edvel em: https:\/\/sway.office.com\/tDuFxzFRhn1s8GGi?ref=Link. Acesso em: 1 abr. 2020.<br \/>\nBRASIL. Minist\u00e9rio da Sa\u00fade. Manual de orienta\u00e7\u00f5es sobre a epidemia de coronav\u00edrus (Covid-19) para as<br \/>\npessoas com doen\u00e7as raras e seus cuidadores V.1. Dispon\u00edvel em: http:\/\/procuradaela.org.br\/pro\/coronavirusdoencas-raras\/. Acesso em: 1 abr. 2020.<br \/>\nCOCHLEAR BRASIL. Informa\u00e7\u00f5es para usu\u00e1rios e cuidadores. Dispon\u00edvel em:<br \/>\nhttps:\/\/www.facebook.com\/pg\/cochlearbrasil\/posts\/. Acesso em: 1 abr. 2020.<br \/>\nDAMIAN, M.S. Covid-19 e doentes com doen\u00e7as neuromusculares: posi\u00e7\u00e3o e recomenda\u00e7\u00f5es da \u201cWorld Muscle<br \/>\nSociety\u201d (WMS) Vers\u00e3o 1. Brazil. Dispon\u00edvel em: https:\/\/www.worldmusclesociety.org\/news\/view\/150. Acesso em:<br \/>\n31 mar. 2020.<br \/>\nDSMIG-USA. Q&amp;A on COVID-19 and Down Syndrome. Abbreviated Version. Dispon\u00edvel em: https:\/\/www.dsmigusa.org\/resources\/BOD\/final%20abbreviated.pdf. Acesso: 3 abr. 2020.<br \/>\nSOCIEDADE BRASILEIRA DE GEN\u00c9TICA M\u00c9DICA E GEN\u00d4MICA. Protocolos de atendimentos espec\u00edficos em<br \/>\nGen\u00e9tica M\u00e9dica e pandemia por coronav\u00edrus (Covid-19). Dispon\u00edvel em: https:\/\/www.sbgm.org.br\/Protocoloatendimento.pdf. Acesso em: 7 abr. 2020.<br \/>\nTHE NATIONAL AUTISTIC SOCIETY. How we can all help. Dispon\u00edvel em:<br \/>\nhttps:\/\/www.autism.org.uk\/services\/helplines\/coronavirus\/resources.aspx. Acesso em: 3 abr. 2020<\/p>\n<p>&nbsp;<\/p>\n<p><a href=\"http:\/\/www.inclusivenews.com.br\/wp-content\/uploads\/nota_tecnica_recomendacoes_as_pessoas_com_deficiencias_24_04_2020.pdf\">nota_tecnica_recomendacoes_as_pessoas_com_deficiencias_24_04_2020<\/a><\/p>\n","protected":false},"excerpt":{"rendered":"<p>Nota T\u00e9cnica &#8211; Recomenda\u00e7\u00f5es \u00e0s Pessoas com Defici\u00eancias 23 de abril de 2020 | P\u00e1gina 1\/7 | N\u00ba 01 A Secretaria da Sa\u00fade do Estado do Cear\u00e1, por meio da Secretaria Executiva de Pol\u00edticas de Sa\u00fade, vem orientar medidas de prote\u00e7\u00e3o \u00e0 sa\u00fade \u00e0s pessoas com defici\u00eancia frente \u00e0 Pandemia de Covid19. RECOMENDA\u00c7\u00d5ES GERAIS 1) [&hellip;]<\/p>\n","protected":false},"author":2,"featured_media":0,"comment_status":"open","ping_status":"open","sticky":false,"template":"","format":"standard","meta":{"site-container-style":"default","site-container-layout":"default","site-sidebar-layout":"default","disable-article-header":"default","disable-site-header":"default","disable-site-footer":"default","disable-content-area-spacing":"default","footnotes":""},"categories":[446],"tags":[],"class_list":["post-31688","post","type-post","status-publish","format-standard","hentry","category-coronavirus"],"yoast_head":"<!-- This site is optimized with the Yoast SEO plugin v27.4 - https:\/\/yoast.com\/product\/yoast-seo-wordpress\/ -->\n<title>Nota T\u00e9cnica Recomenda\u00e7\u00f5es \u00e0s Pessoas com Defici\u00eancias - Cear\u00e1 -<\/title>\n<meta name=\"robots\" content=\"index, follow, max-snippet:-1, max-image-preview:large, max-video-preview:-1\" \/>\n<link rel=\"canonical\" href=\"https:\/\/inclusivenews.com.br\/?p=31688\" \/>\n<meta property=\"og:locale\" content=\"pt_PT\" \/>\n<meta property=\"og:type\" content=\"article\" \/>\n<meta property=\"og:title\" content=\"Nota T\u00e9cnica Recomenda\u00e7\u00f5es \u00e0s Pessoas com Defici\u00eancias - Cear\u00e1 -\" \/>\n<meta property=\"og:description\" content=\"Nota T\u00e9cnica &#8211; Recomenda\u00e7\u00f5es \u00e0s Pessoas com Defici\u00eancias 23 de abril de 2020 | P\u00e1gina 1\/7 | N\u00ba 01 A Secretaria da Sa\u00fade do Estado do Cear\u00e1, por meio da Secretaria Executiva de Pol\u00edticas de Sa\u00fade, vem orientar medidas de prote\u00e7\u00e3o \u00e0 sa\u00fade \u00e0s pessoas com defici\u00eancia frente \u00e0 Pandemia de Covid19. RECOMENDA\u00c7\u00d5ES GERAIS 1) [&hellip;]\" \/>\n<meta property=\"og:url\" content=\"https:\/\/inclusivenews.com.br\/?p=31688\" \/>\n<meta property=\"article:publisher\" content=\"https:\/\/www.facebook.com\/agenciainclusive\/\" \/>\n<meta property=\"article:published_time\" content=\"2020-04-28T02:10:47+00:00\" \/>\n<meta property=\"og:image\" content=\"https:\/\/4.bp.blogspot.com\/-bvpJNtumq14\/WUP_-sAQTeI\/AAAAAAAAOkU\/_4Aye3_t4IEclyd-in4GWGDbfnsVvfaMACKgBGAs\/s1600\/governo.jpg\" \/>\n<meta name=\"author\" content=\"Inclusive\" \/>\n<meta name=\"twitter:card\" content=\"summary_large_image\" \/>\n<meta name=\"twitter:label1\" content=\"Escrito por\" \/>\n\t<meta name=\"twitter:data1\" content=\"Inclusive\" \/>\n\t<meta name=\"twitter:label2\" content=\"Tempo estimado de leitura\" \/>\n\t<meta name=\"twitter:data2\" content=\"13 minutos\" \/>\n<script type=\"application\/ld+json\" class=\"yoast-schema-graph\">{\"@context\":\"https:\\\/\\\/schema.org\",\"@graph\":[{\"@type\":\"Article\",\"@id\":\"https:\\\/\\\/inclusivenews.com.br\\\/?p=31688#article\",\"isPartOf\":{\"@id\":\"https:\\\/\\\/inclusivenews.com.br\\\/?p=31688\"},\"author\":{\"name\":\"Inclusive\",\"@id\":\"https:\\\/\\\/inclusivenews.com.br\\\/#\\\/schema\\\/person\\\/0dab492019871b94abb65fa8ee7c8c44\"},\"headline\":\"Nota T\u00e9cnica Recomenda\u00e7\u00f5es \u00e0s Pessoas com Defici\u00eancias &#8211; Cear\u00e1\",\"datePublished\":\"2020-04-28T02:10:47+00:00\",\"mainEntityOfPage\":{\"@id\":\"https:\\\/\\\/inclusivenews.com.br\\\/?p=31688\"},\"wordCount\":2678,\"commentCount\":0,\"publisher\":{\"@id\":\"https:\\\/\\\/inclusivenews.com.br\\\/#organization\"},\"image\":{\"@id\":\"https:\\\/\\\/inclusivenews.com.br\\\/?p=31688#primaryimage\"},\"thumbnailUrl\":\"https:\\\/\\\/4.bp.blogspot.com\\\/-bvpJNtumq14\\\/WUP_-sAQTeI\\\/AAAAAAAAOkU\\\/_4Aye3_t4IEclyd-in4GWGDbfnsVvfaMACKgBGAs\\\/s1600\\\/governo.jpg\",\"articleSection\":[\"Coronav\u00edrus\"],\"inLanguage\":\"pt-PT\",\"potentialAction\":[{\"@type\":\"CommentAction\",\"name\":\"Comment\",\"target\":[\"https:\\\/\\\/inclusivenews.com.br\\\/?p=31688#respond\"]}]},{\"@type\":\"WebPage\",\"@id\":\"https:\\\/\\\/inclusivenews.com.br\\\/?p=31688\",\"url\":\"https:\\\/\\\/inclusivenews.com.br\\\/?p=31688\",\"name\":\"Nota T\u00e9cnica Recomenda\u00e7\u00f5es \u00e0s Pessoas com Defici\u00eancias - Cear\u00e1 -\",\"isPartOf\":{\"@id\":\"https:\\\/\\\/inclusivenews.com.br\\\/#website\"},\"primaryImageOfPage\":{\"@id\":\"https:\\\/\\\/inclusivenews.com.br\\\/?p=31688#primaryimage\"},\"image\":{\"@id\":\"https:\\\/\\\/inclusivenews.com.br\\\/?p=31688#primaryimage\"},\"thumbnailUrl\":\"https:\\\/\\\/4.bp.blogspot.com\\\/-bvpJNtumq14\\\/WUP_-sAQTeI\\\/AAAAAAAAOkU\\\/_4Aye3_t4IEclyd-in4GWGDbfnsVvfaMACKgBGAs\\\/s1600\\\/governo.jpg\",\"datePublished\":\"2020-04-28T02:10:47+00:00\",\"breadcrumb\":{\"@id\":\"https:\\\/\\\/inclusivenews.com.br\\\/?p=31688#breadcrumb\"},\"inLanguage\":\"pt-PT\",\"potentialAction\":[{\"@type\":\"ReadAction\",\"target\":[\"https:\\\/\\\/inclusivenews.com.br\\\/?p=31688\"]}]},{\"@type\":\"ImageObject\",\"inLanguage\":\"pt-PT\",\"@id\":\"https:\\\/\\\/inclusivenews.com.br\\\/?p=31688#primaryimage\",\"url\":\"https:\\\/\\\/4.bp.blogspot.com\\\/-bvpJNtumq14\\\/WUP_-sAQTeI\\\/AAAAAAAAOkU\\\/_4Aye3_t4IEclyd-in4GWGDbfnsVvfaMACKgBGAs\\\/s1600\\\/governo.jpg\",\"contentUrl\":\"https:\\\/\\\/4.bp.blogspot.com\\\/-bvpJNtumq14\\\/WUP_-sAQTeI\\\/AAAAAAAAOkU\\\/_4Aye3_t4IEclyd-in4GWGDbfnsVvfaMACKgBGAs\\\/s1600\\\/governo.jpg\"},{\"@type\":\"BreadcrumbList\",\"@id\":\"https:\\\/\\\/inclusivenews.com.br\\\/?p=31688#breadcrumb\",\"itemListElement\":[{\"@type\":\"ListItem\",\"position\":1,\"name\":\"In\u00edcio\",\"item\":\"https:\\\/\\\/inclusivenews.com.br\\\/\"},{\"@type\":\"ListItem\",\"position\":2,\"name\":\"Nota T\u00e9cnica Recomenda\u00e7\u00f5es \u00e0s Pessoas com Defici\u00eancias &#8211; Cear\u00e1\"}]},{\"@type\":\"WebSite\",\"@id\":\"https:\\\/\\\/inclusivenews.com.br\\\/#website\",\"url\":\"https:\\\/\\\/inclusivenews.com.br\\\/\",\"name\":\"Inclusive News\",\"description\":\"Inclusive News\",\"publisher\":{\"@id\":\"https:\\\/\\\/inclusivenews.com.br\\\/#organization\"},\"potentialAction\":[{\"@type\":\"SearchAction\",\"target\":{\"@type\":\"EntryPoint\",\"urlTemplate\":\"https:\\\/\\\/inclusivenews.com.br\\\/?s={search_term_string}\"},\"query-input\":{\"@type\":\"PropertyValueSpecification\",\"valueRequired\":true,\"valueName\":\"search_term_string\"}}],\"inLanguage\":\"pt-PT\"},{\"@type\":\"Organization\",\"@id\":\"https:\\\/\\\/inclusivenews.com.br\\\/#organization\",\"name\":\"Inclusive - inclus\u00e3o e cidadania\",\"url\":\"https:\\\/\\\/inclusivenews.com.br\\\/\",\"logo\":{\"@type\":\"ImageObject\",\"inLanguage\":\"pt-PT\",\"@id\":\"https:\\\/\\\/inclusivenews.com.br\\\/#\\\/schema\\\/logo\\\/image\\\/\",\"url\":\"https:\\\/\\\/inclusivenews.com.br\\\/wp-content\\\/uploads\\\/2024\\\/03\\\/@grandesite.png\",\"contentUrl\":\"https:\\\/\\\/inclusivenews.com.br\\\/wp-content\\\/uploads\\\/2024\\\/03\\\/@grandesite.png\",\"width\":1080,\"height\":1080,\"caption\":\"Inclusive - inclus\u00e3o e cidadania\"},\"image\":{\"@id\":\"https:\\\/\\\/inclusivenews.com.br\\\/#\\\/schema\\\/logo\\\/image\\\/\"},\"sameAs\":[\"https:\\\/\\\/www.facebook.com\\\/agenciainclusive\\\/\",\"https:\\\/\\\/www.instagram.com\\\/newsinclusive\\\/\"]},{\"@type\":\"Person\",\"@id\":\"https:\\\/\\\/inclusivenews.com.br\\\/#\\\/schema\\\/person\\\/0dab492019871b94abb65fa8ee7c8c44\",\"name\":\"Inclusive\",\"image\":{\"@type\":\"ImageObject\",\"inLanguage\":\"pt-PT\",\"@id\":\"https:\\\/\\\/secure.gravatar.com\\\/avatar\\\/?s=96&d=mm&r=g\",\"url\":\"https:\\\/\\\/secure.gravatar.com\\\/avatar\\\/?s=96&d=mm&r=g\",\"contentUrl\":\"https:\\\/\\\/secure.gravatar.com\\\/avatar\\\/?s=96&d=mm&r=g\",\"caption\":\"Inclusive\"},\"url\":\"https:\\\/\\\/inclusivenews.com.br\\\/?author=2\"}]}<\/script>\n<!-- \/ Yoast SEO plugin. -->","yoast_head_json":{"title":"Nota T\u00e9cnica Recomenda\u00e7\u00f5es \u00e0s Pessoas com Defici\u00eancias - Cear\u00e1 -","robots":{"index":"index","follow":"follow","max-snippet":"max-snippet:-1","max-image-preview":"max-image-preview:large","max-video-preview":"max-video-preview:-1"},"canonical":"https:\/\/inclusivenews.com.br\/?p=31688","og_locale":"pt_PT","og_type":"article","og_title":"Nota T\u00e9cnica Recomenda\u00e7\u00f5es \u00e0s Pessoas com Defici\u00eancias - Cear\u00e1 -","og_description":"Nota T\u00e9cnica &#8211; Recomenda\u00e7\u00f5es \u00e0s Pessoas com Defici\u00eancias 23 de abril de 2020 | P\u00e1gina 1\/7 | N\u00ba 01 A Secretaria da Sa\u00fade do Estado do Cear\u00e1, por meio da Secretaria Executiva de Pol\u00edticas de Sa\u00fade, vem orientar medidas de prote\u00e7\u00e3o \u00e0 sa\u00fade \u00e0s pessoas com defici\u00eancia frente \u00e0 Pandemia de Covid19. RECOMENDA\u00c7\u00d5ES GERAIS 1) [&hellip;]","og_url":"https:\/\/inclusivenews.com.br\/?p=31688","article_publisher":"https:\/\/www.facebook.com\/agenciainclusive\/","article_published_time":"2020-04-28T02:10:47+00:00","og_image":[{"url":"https:\/\/4.bp.blogspot.com\/-bvpJNtumq14\/WUP_-sAQTeI\/AAAAAAAAOkU\/_4Aye3_t4IEclyd-in4GWGDbfnsVvfaMACKgBGAs\/s1600\/governo.jpg","type":"","width":"","height":""}],"author":"Inclusive","twitter_card":"summary_large_image","twitter_misc":{"Escrito por":"Inclusive","Tempo estimado de leitura":"13 minutos"},"schema":{"@context":"https:\/\/schema.org","@graph":[{"@type":"Article","@id":"https:\/\/inclusivenews.com.br\/?p=31688#article","isPartOf":{"@id":"https:\/\/inclusivenews.com.br\/?p=31688"},"author":{"name":"Inclusive","@id":"https:\/\/inclusivenews.com.br\/#\/schema\/person\/0dab492019871b94abb65fa8ee7c8c44"},"headline":"Nota T\u00e9cnica Recomenda\u00e7\u00f5es \u00e0s Pessoas com Defici\u00eancias &#8211; Cear\u00e1","datePublished":"2020-04-28T02:10:47+00:00","mainEntityOfPage":{"@id":"https:\/\/inclusivenews.com.br\/?p=31688"},"wordCount":2678,"commentCount":0,"publisher":{"@id":"https:\/\/inclusivenews.com.br\/#organization"},"image":{"@id":"https:\/\/inclusivenews.com.br\/?p=31688#primaryimage"},"thumbnailUrl":"https:\/\/4.bp.blogspot.com\/-bvpJNtumq14\/WUP_-sAQTeI\/AAAAAAAAOkU\/_4Aye3_t4IEclyd-in4GWGDbfnsVvfaMACKgBGAs\/s1600\/governo.jpg","articleSection":["Coronav\u00edrus"],"inLanguage":"pt-PT","potentialAction":[{"@type":"CommentAction","name":"Comment","target":["https:\/\/inclusivenews.com.br\/?p=31688#respond"]}]},{"@type":"WebPage","@id":"https:\/\/inclusivenews.com.br\/?p=31688","url":"https:\/\/inclusivenews.com.br\/?p=31688","name":"Nota T\u00e9cnica Recomenda\u00e7\u00f5es \u00e0s Pessoas com Defici\u00eancias - Cear\u00e1 -","isPartOf":{"@id":"https:\/\/inclusivenews.com.br\/#website"},"primaryImageOfPage":{"@id":"https:\/\/inclusivenews.com.br\/?p=31688#primaryimage"},"image":{"@id":"https:\/\/inclusivenews.com.br\/?p=31688#primaryimage"},"thumbnailUrl":"https:\/\/4.bp.blogspot.com\/-bvpJNtumq14\/WUP_-sAQTeI\/AAAAAAAAOkU\/_4Aye3_t4IEclyd-in4GWGDbfnsVvfaMACKgBGAs\/s1600\/governo.jpg","datePublished":"2020-04-28T02:10:47+00:00","breadcrumb":{"@id":"https:\/\/inclusivenews.com.br\/?p=31688#breadcrumb"},"inLanguage":"pt-PT","potentialAction":[{"@type":"ReadAction","target":["https:\/\/inclusivenews.com.br\/?p=31688"]}]},{"@type":"ImageObject","inLanguage":"pt-PT","@id":"https:\/\/inclusivenews.com.br\/?p=31688#primaryimage","url":"https:\/\/4.bp.blogspot.com\/-bvpJNtumq14\/WUP_-sAQTeI\/AAAAAAAAOkU\/_4Aye3_t4IEclyd-in4GWGDbfnsVvfaMACKgBGAs\/s1600\/governo.jpg","contentUrl":"https:\/\/4.bp.blogspot.com\/-bvpJNtumq14\/WUP_-sAQTeI\/AAAAAAAAOkU\/_4Aye3_t4IEclyd-in4GWGDbfnsVvfaMACKgBGAs\/s1600\/governo.jpg"},{"@type":"BreadcrumbList","@id":"https:\/\/inclusivenews.com.br\/?p=31688#breadcrumb","itemListElement":[{"@type":"ListItem","position":1,"name":"In\u00edcio","item":"https:\/\/inclusivenews.com.br\/"},{"@type":"ListItem","position":2,"name":"Nota T\u00e9cnica Recomenda\u00e7\u00f5es \u00e0s Pessoas com Defici\u00eancias &#8211; Cear\u00e1"}]},{"@type":"WebSite","@id":"https:\/\/inclusivenews.com.br\/#website","url":"https:\/\/inclusivenews.com.br\/","name":"Inclusive News","description":"Inclusive News","publisher":{"@id":"https:\/\/inclusivenews.com.br\/#organization"},"potentialAction":[{"@type":"SearchAction","target":{"@type":"EntryPoint","urlTemplate":"https:\/\/inclusivenews.com.br\/?s={search_term_string}"},"query-input":{"@type":"PropertyValueSpecification","valueRequired":true,"valueName":"search_term_string"}}],"inLanguage":"pt-PT"},{"@type":"Organization","@id":"https:\/\/inclusivenews.com.br\/#organization","name":"Inclusive - inclus\u00e3o e cidadania","url":"https:\/\/inclusivenews.com.br\/","logo":{"@type":"ImageObject","inLanguage":"pt-PT","@id":"https:\/\/inclusivenews.com.br\/#\/schema\/logo\/image\/","url":"https:\/\/inclusivenews.com.br\/wp-content\/uploads\/2024\/03\/@grandesite.png","contentUrl":"https:\/\/inclusivenews.com.br\/wp-content\/uploads\/2024\/03\/@grandesite.png","width":1080,"height":1080,"caption":"Inclusive - inclus\u00e3o e cidadania"},"image":{"@id":"https:\/\/inclusivenews.com.br\/#\/schema\/logo\/image\/"},"sameAs":["https:\/\/www.facebook.com\/agenciainclusive\/","https:\/\/www.instagram.com\/newsinclusive\/"]},{"@type":"Person","@id":"https:\/\/inclusivenews.com.br\/#\/schema\/person\/0dab492019871b94abb65fa8ee7c8c44","name":"Inclusive","image":{"@type":"ImageObject","inLanguage":"pt-PT","@id":"https:\/\/secure.gravatar.com\/avatar\/?s=96&d=mm&r=g","url":"https:\/\/secure.gravatar.com\/avatar\/?s=96&d=mm&r=g","contentUrl":"https:\/\/secure.gravatar.com\/avatar\/?s=96&d=mm&r=g","caption":"Inclusive"},"url":"https:\/\/inclusivenews.com.br\/?author=2"}]}},"_links":{"self":[{"href":"https:\/\/inclusivenews.com.br\/index.php?rest_route=\/wp\/v2\/posts\/31688","targetHints":{"allow":["GET"]}}],"collection":[{"href":"https:\/\/inclusivenews.com.br\/index.php?rest_route=\/wp\/v2\/posts"}],"about":[{"href":"https:\/\/inclusivenews.com.br\/index.php?rest_route=\/wp\/v2\/types\/post"}],"author":[{"embeddable":true,"href":"https:\/\/inclusivenews.com.br\/index.php?rest_route=\/wp\/v2\/users\/2"}],"replies":[{"embeddable":true,"href":"https:\/\/inclusivenews.com.br\/index.php?rest_route=%2Fwp%2Fv2%2Fcomments&post=31688"}],"version-history":[{"count":0,"href":"https:\/\/inclusivenews.com.br\/index.php?rest_route=\/wp\/v2\/posts\/31688\/revisions"}],"wp:attachment":[{"href":"https:\/\/inclusivenews.com.br\/index.php?rest_route=%2Fwp%2Fv2%2Fmedia&parent=31688"}],"wp:term":[{"taxonomy":"category","embeddable":true,"href":"https:\/\/inclusivenews.com.br\/index.php?rest_route=%2Fwp%2Fv2%2Fcategories&post=31688"},{"taxonomy":"post_tag","embeddable":true,"href":"https:\/\/inclusivenews.com.br\/index.php?rest_route=%2Fwp%2Fv2%2Ftags&post=31688"}],"curies":[{"name":"wp","href":"https:\/\/api.w.org\/{rel}","templated":true}]}}