{"id":31693,"date":"2020-04-27T23:18:03","date_gmt":"2020-04-28T02:18:03","guid":{"rendered":"http:\/\/www.inclusive.org.br\/?p=31693"},"modified":"2020-04-27T23:18:03","modified_gmt":"2020-04-28T02:18:03","slug":"pessoas-com-deficiencia-e-com-doencas-raras-e-o-covid-19","status":"publish","type":"post","link":"https:\/\/inclusivenews.com.br\/?p=31693","title":{"rendered":"Pessoas com Defici\u00eancia e COVID-19"},"content":{"rendered":"<p><img loading=\"lazy\" decoding=\"async\" class=\"spotlight\" src=\"https:\/\/scontent.fbsb8-1.fna.fbcdn.net\/v\/t1.0-9\/51145443_2254943934556523_7791246025573793792_n.png?_nc_cat=106&amp;_nc_sid=85a577&amp;_nc_ohc=-VhQVsgXghsAX-v8bnD&amp;_nc_ht=scontent.fbsb8-1.fna&amp;oh=4bd7df3e5cd8e0749c0d1581cf983e21&amp;oe=5ECEFF6A\" alt=\"Image may contain: 1 person, text that says 'DIREITOS DA PESSOA COM DEFICI\u00caNCIA BRASIL'\" width=\"515\" height=\"515\" \/><\/p>\n<p>Material informativo sobre os cuidados que devem ser tomados pelas pessoas com defici\u00eancia e doen\u00e7as raras durante a pandemia do novo coronav\u00edrus (Covid-19) elaborado pela Secretaria Nacional dos Direitos das Pessoas com Defici\u00eancia.<\/p>\n<p>Cartilha com as informa\u00e7\u00f5es gerais e espec\u00edficas para cada grupo de defici\u00eancia.<\/p>\n<p><a href=\"https:\/\/sway.office.com\/tDuFxzFRhn1s8GGi?ref=Link\">https:\/\/sway.office.com\/tDuFxzFRhn1s8GGi?ref=Link<\/a><\/p>\n<p>Perguntas e Respostas com as informa\u00e7\u00f5es sobre o COVID-19 voltado para pessoas com doen\u00e7as raras. <a href=\"https:\/\/sway.office.com\/TsIUGNeDgKS2gy0i?ref=Link\">https:\/\/sway.office.com\/TsIUGNeDgKS2gy0i?ref=Link<\/a><\/p>\n<p>Cartilha de orienta\u00e7\u00f5es a profissionais de sa\u00fade que atuam com pessoas com defici\u00eancia e doen\u00e7as raras. https:\/\/sway.office.com\/j2akoXNcMGj7Q2cn?ref=Link<\/p>\n<p>Cartilha \u201cDireitos Humanos dos Brasileiros no Exterior no contexto da COVID-19\u201d. <a href=\"https:\/\/sway.office.com\/xmFK9mACBV0BcQob?ref=Link\">https:\/\/sway.office.com\/xmFK9mACBV0BcQob?ref=Link<\/a><\/p>\n<p>Fonte:\u00a0<a href=\"https:\/\/www.gov.br\/mdh\/pt-br\/assuntos\/noticias\/2020-2\/marco\/ministerio-divulga-orientacoes-para-pessoas-com-deficiencia-contra-o-novo-coronavirus-covid-19\">https:\/\/www.gov.br\/mdh\/pt-br\/assuntos\/noticias\/2020-2\/marco\/ministerio-divulga-orientacoes-para-pessoas-com-deficiencia-contra-o-novo-coronavirus-covid-19<\/a><\/p>\n<p>https:\/\/sway.office.com\/tDuFxzFRhn1s8GGi?ref=Link&#038;loc=play<\/p>\n<p>https:\/\/sway.office.com\/tDuFxzFRhn1s8GGi?ref=Link&#038;loc=play<\/p>\n<p>https:\/\/sway.office.com\/tDuFxzFRhn1s8GGi?ref=Link<\/p>\n","protected":false},"excerpt":{"rendered":"<p>Material informativo sobre os cuidados que devem ser tomados pelas pessoas com defici\u00eancia e doen\u00e7as raras durante a pandemia do novo coronav\u00edrus (Covid-19) elaborado pela Secretaria Nacional dos Direitos das Pessoas com Defici\u00eancia. Cartilha com as informa\u00e7\u00f5es gerais e espec\u00edficas para cada grupo de defici\u00eancia. https:\/\/sway.office.com\/tDuFxzFRhn1s8GGi?ref=Link Perguntas e Respostas com as informa\u00e7\u00f5es sobre o COVID-19 [&hellip;]<\/p>\n","protected":false},"author":2,"featured_media":0,"comment_status":"open","ping_status":"open","sticky":false,"template":"","format":"standard","meta":{"site-container-style":"default","site-container-layout":"default","site-sidebar-layout":"default","disable-article-header":"default","disable-site-header":"default","disable-site-footer":"default","disable-content-area-spacing":"default","footnotes":""},"categories":[446],"tags":[],"class_list":["post-31693","post","type-post","status-publish","format-standard","hentry","category-coronavirus"],"yoast_head":"<!-- This site is optimized with the Yoast SEO plugin v27.4 - https:\/\/yoast.com\/product\/yoast-seo-wordpress\/ -->\n<title>Pessoas com Defici\u00eancia e COVID-19 -<\/title>\n<meta name=\"robots\" content=\"index, follow, max-snippet:-1, max-image-preview:large, max-video-preview:-1\" \/>\n<link rel=\"canonical\" href=\"https:\/\/inclusivenews.com.br\/?p=31693\" \/>\n<meta property=\"og:locale\" content=\"pt_PT\" \/>\n<meta property=\"og:type\" content=\"article\" \/>\n<meta property=\"og:title\" content=\"Pessoas com Defici\u00eancia e COVID-19 -\" \/>\n<meta property=\"og:description\" content=\"Material informativo sobre os cuidados que devem ser tomados pelas pessoas com defici\u00eancia e doen\u00e7as raras durante a pandemia do novo coronav\u00edrus (Covid-19) elaborado pela Secretaria Nacional dos Direitos das Pessoas com Defici\u00eancia. Cartilha com as informa\u00e7\u00f5es gerais e espec\u00edficas para cada grupo de defici\u00eancia. https:\/\/sway.office.com\/tDuFxzFRhn1s8GGi?ref=Link Perguntas e Respostas com as informa\u00e7\u00f5es sobre o COVID-19 [&hellip;]\" \/>\n<meta property=\"og:url\" content=\"https:\/\/inclusivenews.com.br\/?p=31693\" \/>\n<meta property=\"article:publisher\" content=\"https:\/\/www.facebook.com\/agenciainclusive\/\" \/>\n<meta property=\"article:published_time\" content=\"2020-04-28T02:18:03+00:00\" \/>\n<meta property=\"og:image\" content=\"https:\/\/scontent.fbsb8-1.fna.fbcdn.net\/v\/t1.0-9\/51145443_2254943934556523_7791246025573793792_n.png?_nc_cat=106&amp;_nc_sid=85a577&amp;_nc_ohc=-VhQVsgXghsAX-v8bnD&amp;_nc_ht=scontent.fbsb8-1.fna&amp;oh=4bd7df3e5cd8e0749c0d1581cf983e21&amp;oe=5ECEFF6A\" \/>\n<meta name=\"author\" content=\"Inclusive\" \/>\n<meta name=\"twitter:card\" content=\"summary_large_image\" \/>\n<meta name=\"twitter:label1\" content=\"Escrito por\" \/>\n\t<meta name=\"twitter:data1\" content=\"Inclusive\" \/>\n\t<meta name=\"twitter:label2\" content=\"Tempo estimado de leitura\" \/>\n\t<meta name=\"twitter:data2\" content=\"1 minuto\" \/>\n<script type=\"application\/ld+json\" class=\"yoast-schema-graph\">{\"@context\":\"https:\\\/\\\/schema.org\",\"@graph\":[{\"@type\":\"Article\",\"@id\":\"https:\\\/\\\/inclusivenews.com.br\\\/?p=31693#article\",\"isPartOf\":{\"@id\":\"https:\\\/\\\/inclusivenews.com.br\\\/?p=31693\"},\"author\":{\"name\":\"Inclusive\",\"@id\":\"https:\\\/\\\/inclusivenews.com.br\\\/#\\\/schema\\\/person\\\/0dab492019871b94abb65fa8ee7c8c44\"},\"headline\":\"Pessoas com Defici\u00eancia e COVID-19\",\"datePublished\":\"2020-04-28T02:18:03+00:00\",\"mainEntityOfPage\":{\"@id\":\"https:\\\/\\\/inclusivenews.com.br\\\/?p=31693\"},\"wordCount\":188,\"commentCount\":0,\"publisher\":{\"@id\":\"https:\\\/\\\/inclusivenews.com.br\\\/#organization\"},\"image\":{\"@id\":\"https:\\\/\\\/inclusivenews.com.br\\\/?p=31693#primaryimage\"},\"thumbnailUrl\":\"https:\\\/\\\/scontent.fbsb8-1.fna.fbcdn.net\\\/v\\\/t1.0-9\\\/51145443_2254943934556523_7791246025573793792_n.png?_nc_cat=106&amp;_nc_sid=85a577&amp;_nc_ohc=-VhQVsgXghsAX-v8bnD&amp;_nc_ht=scontent.fbsb8-1.fna&amp;oh=4bd7df3e5cd8e0749c0d1581cf983e21&amp;oe=5ECEFF6A\",\"articleSection\":[\"Coronav\u00edrus\"],\"inLanguage\":\"pt-PT\",\"potentialAction\":[{\"@type\":\"CommentAction\",\"name\":\"Comment\",\"target\":[\"https:\\\/\\\/inclusivenews.com.br\\\/?p=31693#respond\"]}]},{\"@type\":\"WebPage\",\"@id\":\"https:\\\/\\\/inclusivenews.com.br\\\/?p=31693\",\"url\":\"https:\\\/\\\/inclusivenews.com.br\\\/?p=31693\",\"name\":\"Pessoas com Defici\u00eancia e COVID-19 -\",\"isPartOf\":{\"@id\":\"https:\\\/\\\/inclusivenews.com.br\\\/#website\"},\"primaryImageOfPage\":{\"@id\":\"https:\\\/\\\/inclusivenews.com.br\\\/?p=31693#primaryimage\"},\"image\":{\"@id\":\"https:\\\/\\\/inclusivenews.com.br\\\/?p=31693#primaryimage\"},\"thumbnailUrl\":\"https:\\\/\\\/scontent.fbsb8-1.fna.fbcdn.net\\\/v\\\/t1.0-9\\\/51145443_2254943934556523_7791246025573793792_n.png?_nc_cat=106&amp;_nc_sid=85a577&amp;_nc_ohc=-VhQVsgXghsAX-v8bnD&amp;_nc_ht=scontent.fbsb8-1.fna&amp;oh=4bd7df3e5cd8e0749c0d1581cf983e21&amp;oe=5ECEFF6A\",\"datePublished\":\"2020-04-28T02:18:03+00:00\",\"breadcrumb\":{\"@id\":\"https:\\\/\\\/inclusivenews.com.br\\\/?p=31693#breadcrumb\"},\"inLanguage\":\"pt-PT\",\"potentialAction\":[{\"@type\":\"ReadAction\",\"target\":[\"https:\\\/\\\/inclusivenews.com.br\\\/?p=31693\"]}]},{\"@type\":\"ImageObject\",\"inLanguage\":\"pt-PT\",\"@id\":\"https:\\\/\\\/inclusivenews.com.br\\\/?p=31693#primaryimage\",\"url\":\"https:\\\/\\\/scontent.fbsb8-1.fna.fbcdn.net\\\/v\\\/t1.0-9\\\/51145443_2254943934556523_7791246025573793792_n.png?_nc_cat=106&amp;_nc_sid=85a577&amp;_nc_ohc=-VhQVsgXghsAX-v8bnD&amp;_nc_ht=scontent.fbsb8-1.fna&amp;oh=4bd7df3e5cd8e0749c0d1581cf983e21&amp;oe=5ECEFF6A\",\"contentUrl\":\"https:\\\/\\\/scontent.fbsb8-1.fna.fbcdn.net\\\/v\\\/t1.0-9\\\/51145443_2254943934556523_7791246025573793792_n.png?_nc_cat=106&amp;_nc_sid=85a577&amp;_nc_ohc=-VhQVsgXghsAX-v8bnD&amp;_nc_ht=scontent.fbsb8-1.fna&amp;oh=4bd7df3e5cd8e0749c0d1581cf983e21&amp;oe=5ECEFF6A\"},{\"@type\":\"BreadcrumbList\",\"@id\":\"https:\\\/\\\/inclusivenews.com.br\\\/?p=31693#breadcrumb\",\"itemListElement\":[{\"@type\":\"ListItem\",\"position\":1,\"name\":\"In\u00edcio\",\"item\":\"https:\\\/\\\/inclusivenews.com.br\\\/\"},{\"@type\":\"ListItem\",\"position\":2,\"name\":\"Pessoas com Defici\u00eancia e COVID-19\"}]},{\"@type\":\"WebSite\",\"@id\":\"https:\\\/\\\/inclusivenews.com.br\\\/#website\",\"url\":\"https:\\\/\\\/inclusivenews.com.br\\\/\",\"name\":\"Inclusive News\",\"description\":\"Inclusive News\",\"publisher\":{\"@id\":\"https:\\\/\\\/inclusivenews.com.br\\\/#organization\"},\"potentialAction\":[{\"@type\":\"SearchAction\",\"target\":{\"@type\":\"EntryPoint\",\"urlTemplate\":\"https:\\\/\\\/inclusivenews.com.br\\\/?s={search_term_string}\"},\"query-input\":{\"@type\":\"PropertyValueSpecification\",\"valueRequired\":true,\"valueName\":\"search_term_string\"}}],\"inLanguage\":\"pt-PT\"},{\"@type\":\"Organization\",\"@id\":\"https:\\\/\\\/inclusivenews.com.br\\\/#organization\",\"name\":\"Inclusive - inclus\u00e3o e cidadania\",\"url\":\"https:\\\/\\\/inclusivenews.com.br\\\/\",\"logo\":{\"@type\":\"ImageObject\",\"inLanguage\":\"pt-PT\",\"@id\":\"https:\\\/\\\/inclusivenews.com.br\\\/#\\\/schema\\\/logo\\\/image\\\/\",\"url\":\"https:\\\/\\\/inclusivenews.com.br\\\/wp-content\\\/uploads\\\/2024\\\/03\\\/@grandesite.png\",\"contentUrl\":\"https:\\\/\\\/inclusivenews.com.br\\\/wp-content\\\/uploads\\\/2024\\\/03\\\/@grandesite.png\",\"width\":1080,\"height\":1080,\"caption\":\"Inclusive - inclus\u00e3o e cidadania\"},\"image\":{\"@id\":\"https:\\\/\\\/inclusivenews.com.br\\\/#\\\/schema\\\/logo\\\/image\\\/\"},\"sameAs\":[\"https:\\\/\\\/www.facebook.com\\\/agenciainclusive\\\/\",\"https:\\\/\\\/www.instagram.com\\\/newsinclusive\\\/\"]},{\"@type\":\"Person\",\"@id\":\"https:\\\/\\\/inclusivenews.com.br\\\/#\\\/schema\\\/person\\\/0dab492019871b94abb65fa8ee7c8c44\",\"name\":\"Inclusive\",\"image\":{\"@type\":\"ImageObject\",\"inLanguage\":\"pt-PT\",\"@id\":\"https:\\\/\\\/secure.gravatar.com\\\/avatar\\\/?s=96&d=mm&r=g\",\"url\":\"https:\\\/\\\/secure.gravatar.com\\\/avatar\\\/?s=96&d=mm&r=g\",\"contentUrl\":\"https:\\\/\\\/secure.gravatar.com\\\/avatar\\\/?s=96&d=mm&r=g\",\"caption\":\"Inclusive\"},\"url\":\"https:\\\/\\\/inclusivenews.com.br\\\/?author=2\"}]}<\/script>\n<!-- \/ Yoast SEO plugin. -->","yoast_head_json":{"title":"Pessoas com Defici\u00eancia e COVID-19 -","robots":{"index":"index","follow":"follow","max-snippet":"max-snippet:-1","max-image-preview":"max-image-preview:large","max-video-preview":"max-video-preview:-1"},"canonical":"https:\/\/inclusivenews.com.br\/?p=31693","og_locale":"pt_PT","og_type":"article","og_title":"Pessoas com Defici\u00eancia e COVID-19 -","og_description":"Material informativo sobre os cuidados que devem ser tomados pelas pessoas com defici\u00eancia e doen\u00e7as raras durante a pandemia do novo coronav\u00edrus (Covid-19) elaborado pela Secretaria Nacional dos Direitos das Pessoas com Defici\u00eancia. Cartilha com as informa\u00e7\u00f5es gerais e espec\u00edficas para cada grupo de defici\u00eancia. https:\/\/sway.office.com\/tDuFxzFRhn1s8GGi?ref=Link Perguntas e Respostas com as informa\u00e7\u00f5es sobre o COVID-19 [&hellip;]","og_url":"https:\/\/inclusivenews.com.br\/?p=31693","article_publisher":"https:\/\/www.facebook.com\/agenciainclusive\/","article_published_time":"2020-04-28T02:18:03+00:00","og_image":[{"url":"https:\/\/scontent.fbsb8-1.fna.fbcdn.net\/v\/t1.0-9\/51145443_2254943934556523_7791246025573793792_n.png?_nc_cat=106&amp;_nc_sid=85a577&amp;_nc_ohc=-VhQVsgXghsAX-v8bnD&amp;_nc_ht=scontent.fbsb8-1.fna&amp;oh=4bd7df3e5cd8e0749c0d1581cf983e21&amp;oe=5ECEFF6A","type":"","width":"","height":""}],"author":"Inclusive","twitter_card":"summary_large_image","twitter_misc":{"Escrito por":"Inclusive","Tempo estimado de leitura":"1 minuto"},"schema":{"@context":"https:\/\/schema.org","@graph":[{"@type":"Article","@id":"https:\/\/inclusivenews.com.br\/?p=31693#article","isPartOf":{"@id":"https:\/\/inclusivenews.com.br\/?p=31693"},"author":{"name":"Inclusive","@id":"https:\/\/inclusivenews.com.br\/#\/schema\/person\/0dab492019871b94abb65fa8ee7c8c44"},"headline":"Pessoas com Defici\u00eancia e COVID-19","datePublished":"2020-04-28T02:18:03+00:00","mainEntityOfPage":{"@id":"https:\/\/inclusivenews.com.br\/?p=31693"},"wordCount":188,"commentCount":0,"publisher":{"@id":"https:\/\/inclusivenews.com.br\/#organization"},"image":{"@id":"https:\/\/inclusivenews.com.br\/?p=31693#primaryimage"},"thumbnailUrl":"https:\/\/scontent.fbsb8-1.fna.fbcdn.net\/v\/t1.0-9\/51145443_2254943934556523_7791246025573793792_n.png?_nc_cat=106&amp;_nc_sid=85a577&amp;_nc_ohc=-VhQVsgXghsAX-v8bnD&amp;_nc_ht=scontent.fbsb8-1.fna&amp;oh=4bd7df3e5cd8e0749c0d1581cf983e21&amp;oe=5ECEFF6A","articleSection":["Coronav\u00edrus"],"inLanguage":"pt-PT","potentialAction":[{"@type":"CommentAction","name":"Comment","target":["https:\/\/inclusivenews.com.br\/?p=31693#respond"]}]},{"@type":"WebPage","@id":"https:\/\/inclusivenews.com.br\/?p=31693","url":"https:\/\/inclusivenews.com.br\/?p=31693","name":"Pessoas com Defici\u00eancia e COVID-19 -","isPartOf":{"@id":"https:\/\/inclusivenews.com.br\/#website"},"primaryImageOfPage":{"@id":"https:\/\/inclusivenews.com.br\/?p=31693#primaryimage"},"image":{"@id":"https:\/\/inclusivenews.com.br\/?p=31693#primaryimage"},"thumbnailUrl":"https:\/\/scontent.fbsb8-1.fna.fbcdn.net\/v\/t1.0-9\/51145443_2254943934556523_7791246025573793792_n.png?_nc_cat=106&amp;_nc_sid=85a577&amp;_nc_ohc=-VhQVsgXghsAX-v8bnD&amp;_nc_ht=scontent.fbsb8-1.fna&amp;oh=4bd7df3e5cd8e0749c0d1581cf983e21&amp;oe=5ECEFF6A","datePublished":"2020-04-28T02:18:03+00:00","breadcrumb":{"@id":"https:\/\/inclusivenews.com.br\/?p=31693#breadcrumb"},"inLanguage":"pt-PT","potentialAction":[{"@type":"ReadAction","target":["https:\/\/inclusivenews.com.br\/?p=31693"]}]},{"@type":"ImageObject","inLanguage":"pt-PT","@id":"https:\/\/inclusivenews.com.br\/?p=31693#primaryimage","url":"https:\/\/scontent.fbsb8-1.fna.fbcdn.net\/v\/t1.0-9\/51145443_2254943934556523_7791246025573793792_n.png?_nc_cat=106&amp;_nc_sid=85a577&amp;_nc_ohc=-VhQVsgXghsAX-v8bnD&amp;_nc_ht=scontent.fbsb8-1.fna&amp;oh=4bd7df3e5cd8e0749c0d1581cf983e21&amp;oe=5ECEFF6A","contentUrl":"https:\/\/scontent.fbsb8-1.fna.fbcdn.net\/v\/t1.0-9\/51145443_2254943934556523_7791246025573793792_n.png?_nc_cat=106&amp;_nc_sid=85a577&amp;_nc_ohc=-VhQVsgXghsAX-v8bnD&amp;_nc_ht=scontent.fbsb8-1.fna&amp;oh=4bd7df3e5cd8e0749c0d1581cf983e21&amp;oe=5ECEFF6A"},{"@type":"BreadcrumbList","@id":"https:\/\/inclusivenews.com.br\/?p=31693#breadcrumb","itemListElement":[{"@type":"ListItem","position":1,"name":"In\u00edcio","item":"https:\/\/inclusivenews.com.br\/"},{"@type":"ListItem","position":2,"name":"Pessoas com Defici\u00eancia e COVID-19"}]},{"@type":"WebSite","@id":"https:\/\/inclusivenews.com.br\/#website","url":"https:\/\/inclusivenews.com.br\/","name":"Inclusive News","description":"Inclusive News","publisher":{"@id":"https:\/\/inclusivenews.com.br\/#organization"},"potentialAction":[{"@type":"SearchAction","target":{"@type":"EntryPoint","urlTemplate":"https:\/\/inclusivenews.com.br\/?s={search_term_string}"},"query-input":{"@type":"PropertyValueSpecification","valueRequired":true,"valueName":"search_term_string"}}],"inLanguage":"pt-PT"},{"@type":"Organization","@id":"https:\/\/inclusivenews.com.br\/#organization","name":"Inclusive - inclus\u00e3o e cidadania","url":"https:\/\/inclusivenews.com.br\/","logo":{"@type":"ImageObject","inLanguage":"pt-PT","@id":"https:\/\/inclusivenews.com.br\/#\/schema\/logo\/image\/","url":"https:\/\/inclusivenews.com.br\/wp-content\/uploads\/2024\/03\/@grandesite.png","contentUrl":"https:\/\/inclusivenews.com.br\/wp-content\/uploads\/2024\/03\/@grandesite.png","width":1080,"height":1080,"caption":"Inclusive - inclus\u00e3o e cidadania"},"image":{"@id":"https:\/\/inclusivenews.com.br\/#\/schema\/logo\/image\/"},"sameAs":["https:\/\/www.facebook.com\/agenciainclusive\/","https:\/\/www.instagram.com\/newsinclusive\/"]},{"@type":"Person","@id":"https:\/\/inclusivenews.com.br\/#\/schema\/person\/0dab492019871b94abb65fa8ee7c8c44","name":"Inclusive","image":{"@type":"ImageObject","inLanguage":"pt-PT","@id":"https:\/\/secure.gravatar.com\/avatar\/?s=96&d=mm&r=g","url":"https:\/\/secure.gravatar.com\/avatar\/?s=96&d=mm&r=g","contentUrl":"https:\/\/secure.gravatar.com\/avatar\/?s=96&d=mm&r=g","caption":"Inclusive"},"url":"https:\/\/inclusivenews.com.br\/?author=2"}]}},"_links":{"self":[{"href":"https:\/\/inclusivenews.com.br\/index.php?rest_route=\/wp\/v2\/posts\/31693","targetHints":{"allow":["GET"]}}],"collection":[{"href":"https:\/\/inclusivenews.com.br\/index.php?rest_route=\/wp\/v2\/posts"}],"about":[{"href":"https:\/\/inclusivenews.com.br\/index.php?rest_route=\/wp\/v2\/types\/post"}],"author":[{"embeddable":true,"href":"https:\/\/inclusivenews.com.br\/index.php?rest_route=\/wp\/v2\/users\/2"}],"replies":[{"embeddable":true,"href":"https:\/\/inclusivenews.com.br\/index.php?rest_route=%2Fwp%2Fv2%2Fcomments&post=31693"}],"version-history":[{"count":0,"href":"https:\/\/inclusivenews.com.br\/index.php?rest_route=\/wp\/v2\/posts\/31693\/revisions"}],"wp:attachment":[{"href":"https:\/\/inclusivenews.com.br\/index.php?rest_route=%2Fwp%2Fv2%2Fmedia&parent=31693"}],"wp:term":[{"taxonomy":"category","embeddable":true,"href":"https:\/\/inclusivenews.com.br\/index.php?rest_route=%2Fwp%2Fv2%2Fcategories&post=31693"},{"taxonomy":"post_tag","embeddable":true,"href":"https:\/\/inclusivenews.com.br\/index.php?rest_route=%2Fwp%2Fv2%2Ftags&post=31693"}],"curies":[{"name":"wp","href":"https:\/\/api.w.org\/{rel}","templated":true}]}}