{"id":31698,"date":"2020-04-27T23:29:00","date_gmt":"2020-04-28T02:29:00","guid":{"rendered":"http:\/\/www.inclusive.org.br\/?p=31698"},"modified":"2020-04-27T23:29:00","modified_gmt":"2020-04-28T02:29:00","slug":"covid-19-e-pessoas-com-deficiencia-orientacoes-para-familiares-e-cuidadores","status":"publish","type":"post","link":"https:\/\/inclusivenews.com.br\/?p=31698","title":{"rendered":"Covid-19 e pessoas com defici\u00eancia &#8211; orienta\u00e7\u00f5es para familiares e cuidadores"},"content":{"rendered":"<div class=\"page\" title=\"Page 1\">\n<div class=\"section\">\n<div class=\"layoutArea\">\n<div class=\"column\">\n<p><img decoding=\"async\" class=\"n3VNCb\" src=\"https:\/\/maragabrilli.com.br\/wp-content\/uploads\/2020\/03\/WhatsApp-Image-2020-03-17-at-15.13.19.jpeg\" alt=\"Cuidados para pessoas com defici\u00eancia que evitam a transmiss\u00e3o do ...\" data-noaft=\"1\" \/><\/p>\n<p>COVID19\u00a0E PESSOAS COM DEFICI\u00caNCIA &#8211; ORIENTA\u00c7\u00d5ES PARA\u00a0FAMILIARES E CUIDADORES<\/p>\n<div class=\"page\" title=\"Page 1\"><\/div>\n<div class=\"page\" title=\"Page 2\">\n<div class=\"layoutArea\">\n<div class=\"column\">\n<p>Medidas de conten\u00e7\u00e3o, como distanciamento social e auto-isolamento, podem ser imposs\u00edveis para quem depende do apoio de outras pessoas para atividades b\u00e1sicas do dia a dia, tais como se alimentar, se vestir e tomar banho. A seguir voc\u00ea confere algumas orienta\u00e7\u00f5es para familiares e profissionais cuidadores no que diz respeito ao cuidado que precisam ter diante da pandemia do COVID 19.<\/p>\n<p>Cuidadores que apresentarem sintomas de gripe devem evitar contato com a pessoa com defici\u00eancia. Nesse caso, a substitui\u00e7\u00e3o do profissional ou do familiar cuidador deve ser realizada;<\/p>\n<p>Ao chegarem da rua, cuidadores e familiares cuidadores devem higienizar-se antes de qualquer contato. Isso inclui, al\u00e9m da higieniza\u00e7\u00e3o completa do corpo, com lavagem de corpo e dos cabelos, a troca de vestimenta;<\/p>\n<p>Cuidadores devem levar consigo apenas os itens necess\u00e1rios para realizar o atendimento ao paciente em casa;<\/p>\n<p>Durante a rotina de cuidados, deve ser feita a higieniza\u00e7\u00e3o frequente das m\u00e3os com \u00e1gua e sabonete (durante 30s, n\u00e3o se esquecendo de lavar o dorso das m\u00e3os, os dedos, entre eles e suas pontas e unhas) ou \u00e1lcool gel a 70%;<\/p>\n<p>Se poss\u00edvel, incentive a fam\u00edlia do paciente a limpar as \u00e1reas de superf\u00edcie com frequ\u00eancia, como balc\u00f5es, mesas, ma\u00e7anetas, utens\u00edlios e lou\u00e7as de ba- nheiro, vasos sanit\u00e1rios, telefones, tablets, entre outros. Para tanto, podem utilizar \u00e1gua sanit\u00e1ria, desinfetantes em geral, limpadores multiuso com cloro, limpadores multiuso com \u00e1lcool, \u00e1lcool de limpe za (l\u00edquido), \u00e1lcool em gel 70%, detergente e sab\u00e3o;<\/p>\n<p>Durante o atendimento a pacientes com sintomas respirat\u00f3rios, deve-se utilizar EPI (equipamento de prote\u00e7\u00e3o individual) para prote\u00e7\u00e3o de got\u00edculas e contato durante;<\/p>\n<p>Com rela\u00e7\u00e3o \u00e0 higieniza\u00e7\u00e3o de cadeiras de rodas, bengalas, andadores e outros meios de locomo\u00e7\u00e3o, promover a limpeza com \u00e1gua e sab\u00e3o ou \u00e1lcool l\u00edquido a 70% uma vez ao dia e sempre ap\u00f3s deslocamento externo;<\/p>\n<\/div>\n<\/div>\n<\/div>\n<div class=\"page\" title=\"Page 3\">\n<table>\n<tbody>\n<tr>\n<td>\n<div class=\"layoutArea\">\n<div class=\"column\">\n<p>As pessoas com comprometimento respirat\u00f3rio ou neurol\u00f3gico podem ser imunizadas para pneumococo e Influenza (vacinas). O respirador tamb\u00e9m pode ser higienizado com \u00e1lcool 70%;<\/p>\n<p>Aten\u00e7\u00e3o redobrada aos cuidados com a higiene pessoal (em especial \u00e0s pes- soas com defici\u00eancia intelectual e motora com alto grau de depend\u00eancia);<\/p>\n<p>Pessoas com defici\u00eancia com quadro neurol\u00f3gico e idosos podem apresentar sintomas espec\u00edficos associados \u00e0 infec\u00e7\u00e3o pelo corona v\u00edrus tais como: piora brusca no quadro geral de sa\u00fade, perda de mem\u00f3ria e\/ou confus\u00e3o mental, perda de mobilidade e for\u00e7a, fadiga repentina. Nestes casos procurar servi\u00e7o de sa\u00fade mais pr\u00f3ximo do local de resid\u00eancia;<\/p>\n<p>Nas pessoas com defici\u00eancia do grupo de risco em uso de medicamentos, n\u00e3o interromper o tratamento a n\u00e3o ser por ordem m\u00e9dica;<\/p>\n<p>O uso de medicamentos imunossupressores pode elevar o risco da pessoa com defici\u00eancia contrair a infec\u00e7\u00e3o. Nestes indiv\u00edduos, as medidas de preven\u00e7\u00e3o devem ser redobradas;<\/p>\n<p>Evite sair de casa, mas caso seja necess\u00e1rio utilize o transporte coletivo no hor\u00e1rio das 10h \u00e0s 15h, quando a circula\u00e7\u00e3o de pessoas \u00e9 menor.<\/p>\n<\/div>\n<\/div>\n<\/td>\n<\/tr>\n<tr>\n<td>\n<div class=\"layoutArea\">\n<div class=\"column\">\n<p>Cumpridas todas essas medidas de sa\u00fade e seguran\u00e7a e de dentro de casa, n\u00e3o deixem de se alongar, mover as suas articula\u00e7\u00f5es, ocupar a mente e meditar.<\/p>\n<\/div>\n<\/div>\n<\/td>\n<\/tr>\n<tr>\n<td>\n<div class=\"layoutArea\">\n<div class=\"column\">\n<p>Fontes consultadas:<\/p>\n<p>Organiza\u00e7\u00e3o das Na\u00e7\u00f5es Unidas<\/p>\n<p>Secretaria dos Direitos da Pessoa com Defici\u00eancia do Governo do Estado de S\u00e3o Paulo<\/p>\n<p>Rede de Reabilita\u00e7\u00e3o Lucy Montoro<\/p>\n<\/div>\n<\/div>\n<p>Realiza\u00e7\u00e3o &#8211; Senadora Mara Gabrilli<\/td>\n<\/tr>\n<\/tbody>\n<\/table>\n<\/div>\n<\/div>\n<p>Baixe aqui:\u00a0<a href=\"https:\/\/maragabrilli.com.br\/wp-content\/uploads\/2020\/03\/Corona-Virus-Material-1.pdf?fbclid=IwAR3-3d6M-NREY6bER480Gg1srMv-KVGm-bn5ca7UyYVcRLqIWYN1zdtdJCY\">https:\/\/maragabrilli.com.br\/wp-content\/uploads\/2020\/03\/Corona-Virus-Material-1.pdf?fbclid=IwAR3-3d6M-NREY6bER480Gg1srMv-KVGm-bn5ca7UyYVcRLqIWYN1zdtdJCY<\/a><\/p>\n<\/div>\n<\/div>\n<\/div>\n","protected":false},"excerpt":{"rendered":"<p>COVID19\u00a0E PESSOAS COM DEFICI\u00caNCIA &#8211; ORIENTA\u00c7\u00d5ES PARA\u00a0FAMILIARES E CUIDADORES Medidas de conten\u00e7\u00e3o, como distanciamento social e auto-isolamento, podem ser imposs\u00edveis para quem depende do apoio de outras pessoas para atividades b\u00e1sicas do dia a dia, tais como se alimentar, se vestir e tomar banho. A seguir voc\u00ea confere algumas orienta\u00e7\u00f5es para familiares e profissionais cuidadores [&hellip;]<\/p>\n","protected":false},"author":2,"featured_media":0,"comment_status":"open","ping_status":"open","sticky":false,"template":"","format":"standard","meta":{"site-container-style":"default","site-container-layout":"default","site-sidebar-layout":"default","disable-article-header":"default","disable-site-header":"default","disable-site-footer":"default","disable-content-area-spacing":"default","footnotes":""},"categories":[446],"tags":[],"class_list":["post-31698","post","type-post","status-publish","format-standard","hentry","category-coronavirus"],"yoast_head":"<!-- This site is optimized with the Yoast SEO plugin v27.4 - https:\/\/yoast.com\/product\/yoast-seo-wordpress\/ -->\n<title>Covid-19 e pessoas com defici\u00eancia - orienta\u00e7\u00f5es para familiares e cuidadores -<\/title>\n<meta name=\"robots\" content=\"index, follow, max-snippet:-1, max-image-preview:large, max-video-preview:-1\" \/>\n<link rel=\"canonical\" href=\"https:\/\/inclusivenews.com.br\/?p=31698\" \/>\n<meta property=\"og:locale\" content=\"pt_PT\" \/>\n<meta property=\"og:type\" content=\"article\" \/>\n<meta property=\"og:title\" content=\"Covid-19 e pessoas com defici\u00eancia - orienta\u00e7\u00f5es para familiares e cuidadores -\" \/>\n<meta property=\"og:description\" content=\"COVID19\u00a0E PESSOAS COM DEFICI\u00caNCIA &#8211; ORIENTA\u00c7\u00d5ES PARA\u00a0FAMILIARES E CUIDADORES Medidas de conten\u00e7\u00e3o, como distanciamento social e auto-isolamento, podem ser imposs\u00edveis para quem depende do apoio de outras pessoas para atividades b\u00e1sicas do dia a dia, tais como se alimentar, se vestir e tomar banho. A seguir voc\u00ea confere algumas orienta\u00e7\u00f5es para familiares e profissionais cuidadores [&hellip;]\" \/>\n<meta property=\"og:url\" content=\"https:\/\/inclusivenews.com.br\/?p=31698\" \/>\n<meta property=\"article:publisher\" content=\"https:\/\/www.facebook.com\/agenciainclusive\/\" \/>\n<meta property=\"article:published_time\" content=\"2020-04-28T02:29:00+00:00\" \/>\n<meta property=\"og:image\" content=\"https:\/\/maragabrilli.com.br\/wp-content\/uploads\/2020\/03\/WhatsApp-Image-2020-03-17-at-15.13.19.jpeg\" \/>\n<meta name=\"author\" content=\"Inclusive\" \/>\n<meta name=\"twitter:card\" content=\"summary_large_image\" \/>\n<meta name=\"twitter:label1\" content=\"Escrito por\" \/>\n\t<meta name=\"twitter:data1\" content=\"Inclusive\" \/>\n\t<meta name=\"twitter:label2\" content=\"Tempo estimado de leitura\" \/>\n\t<meta name=\"twitter:data2\" content=\"3 minutos\" \/>\n<script type=\"application\/ld+json\" class=\"yoast-schema-graph\">{\"@context\":\"https:\\\/\\\/schema.org\",\"@graph\":[{\"@type\":\"Article\",\"@id\":\"https:\\\/\\\/inclusivenews.com.br\\\/?p=31698#article\",\"isPartOf\":{\"@id\":\"https:\\\/\\\/inclusivenews.com.br\\\/?p=31698\"},\"author\":{\"name\":\"Inclusive\",\"@id\":\"https:\\\/\\\/inclusivenews.com.br\\\/#\\\/schema\\\/person\\\/0dab492019871b94abb65fa8ee7c8c44\"},\"headline\":\"Covid-19 e pessoas com defici\u00eancia &#8211; orienta\u00e7\u00f5es para familiares e cuidadores\",\"datePublished\":\"2020-04-28T02:29:00+00:00\",\"mainEntityOfPage\":{\"@id\":\"https:\\\/\\\/inclusivenews.com.br\\\/?p=31698\"},\"wordCount\":640,\"commentCount\":0,\"publisher\":{\"@id\":\"https:\\\/\\\/inclusivenews.com.br\\\/#organization\"},\"image\":{\"@id\":\"https:\\\/\\\/inclusivenews.com.br\\\/?p=31698#primaryimage\"},\"thumbnailUrl\":\"https:\\\/\\\/maragabrilli.com.br\\\/wp-content\\\/uploads\\\/2020\\\/03\\\/WhatsApp-Image-2020-03-17-at-15.13.19.jpeg\",\"articleSection\":[\"Coronav\u00edrus\"],\"inLanguage\":\"pt-PT\",\"potentialAction\":[{\"@type\":\"CommentAction\",\"name\":\"Comment\",\"target\":[\"https:\\\/\\\/inclusivenews.com.br\\\/?p=31698#respond\"]}]},{\"@type\":\"WebPage\",\"@id\":\"https:\\\/\\\/inclusivenews.com.br\\\/?p=31698\",\"url\":\"https:\\\/\\\/inclusivenews.com.br\\\/?p=31698\",\"name\":\"Covid-19 e pessoas com defici\u00eancia - orienta\u00e7\u00f5es para familiares e cuidadores -\",\"isPartOf\":{\"@id\":\"https:\\\/\\\/inclusivenews.com.br\\\/#website\"},\"primaryImageOfPage\":{\"@id\":\"https:\\\/\\\/inclusivenews.com.br\\\/?p=31698#primaryimage\"},\"image\":{\"@id\":\"https:\\\/\\\/inclusivenews.com.br\\\/?p=31698#primaryimage\"},\"thumbnailUrl\":\"https:\\\/\\\/maragabrilli.com.br\\\/wp-content\\\/uploads\\\/2020\\\/03\\\/WhatsApp-Image-2020-03-17-at-15.13.19.jpeg\",\"datePublished\":\"2020-04-28T02:29:00+00:00\",\"breadcrumb\":{\"@id\":\"https:\\\/\\\/inclusivenews.com.br\\\/?p=31698#breadcrumb\"},\"inLanguage\":\"pt-PT\",\"potentialAction\":[{\"@type\":\"ReadAction\",\"target\":[\"https:\\\/\\\/inclusivenews.com.br\\\/?p=31698\"]}]},{\"@type\":\"ImageObject\",\"inLanguage\":\"pt-PT\",\"@id\":\"https:\\\/\\\/inclusivenews.com.br\\\/?p=31698#primaryimage\",\"url\":\"https:\\\/\\\/maragabrilli.com.br\\\/wp-content\\\/uploads\\\/2020\\\/03\\\/WhatsApp-Image-2020-03-17-at-15.13.19.jpeg\",\"contentUrl\":\"https:\\\/\\\/maragabrilli.com.br\\\/wp-content\\\/uploads\\\/2020\\\/03\\\/WhatsApp-Image-2020-03-17-at-15.13.19.jpeg\"},{\"@type\":\"BreadcrumbList\",\"@id\":\"https:\\\/\\\/inclusivenews.com.br\\\/?p=31698#breadcrumb\",\"itemListElement\":[{\"@type\":\"ListItem\",\"position\":1,\"name\":\"In\u00edcio\",\"item\":\"https:\\\/\\\/inclusivenews.com.br\\\/\"},{\"@type\":\"ListItem\",\"position\":2,\"name\":\"Covid-19 e pessoas com defici\u00eancia &#8211; orienta\u00e7\u00f5es para familiares e cuidadores\"}]},{\"@type\":\"WebSite\",\"@id\":\"https:\\\/\\\/inclusivenews.com.br\\\/#website\",\"url\":\"https:\\\/\\\/inclusivenews.com.br\\\/\",\"name\":\"Inclusive News\",\"description\":\"Inclusive News\",\"publisher\":{\"@id\":\"https:\\\/\\\/inclusivenews.com.br\\\/#organization\"},\"potentialAction\":[{\"@type\":\"SearchAction\",\"target\":{\"@type\":\"EntryPoint\",\"urlTemplate\":\"https:\\\/\\\/inclusivenews.com.br\\\/?s={search_term_string}\"},\"query-input\":{\"@type\":\"PropertyValueSpecification\",\"valueRequired\":true,\"valueName\":\"search_term_string\"}}],\"inLanguage\":\"pt-PT\"},{\"@type\":\"Organization\",\"@id\":\"https:\\\/\\\/inclusivenews.com.br\\\/#organization\",\"name\":\"Inclusive - inclus\u00e3o e cidadania\",\"url\":\"https:\\\/\\\/inclusivenews.com.br\\\/\",\"logo\":{\"@type\":\"ImageObject\",\"inLanguage\":\"pt-PT\",\"@id\":\"https:\\\/\\\/inclusivenews.com.br\\\/#\\\/schema\\\/logo\\\/image\\\/\",\"url\":\"https:\\\/\\\/inclusivenews.com.br\\\/wp-content\\\/uploads\\\/2024\\\/03\\\/@grandesite.png\",\"contentUrl\":\"https:\\\/\\\/inclusivenews.com.br\\\/wp-content\\\/uploads\\\/2024\\\/03\\\/@grandesite.png\",\"width\":1080,\"height\":1080,\"caption\":\"Inclusive - inclus\u00e3o e cidadania\"},\"image\":{\"@id\":\"https:\\\/\\\/inclusivenews.com.br\\\/#\\\/schema\\\/logo\\\/image\\\/\"},\"sameAs\":[\"https:\\\/\\\/www.facebook.com\\\/agenciainclusive\\\/\",\"https:\\\/\\\/www.instagram.com\\\/newsinclusive\\\/\"]},{\"@type\":\"Person\",\"@id\":\"https:\\\/\\\/inclusivenews.com.br\\\/#\\\/schema\\\/person\\\/0dab492019871b94abb65fa8ee7c8c44\",\"name\":\"Inclusive\",\"image\":{\"@type\":\"ImageObject\",\"inLanguage\":\"pt-PT\",\"@id\":\"https:\\\/\\\/secure.gravatar.com\\\/avatar\\\/?s=96&d=mm&r=g\",\"url\":\"https:\\\/\\\/secure.gravatar.com\\\/avatar\\\/?s=96&d=mm&r=g\",\"contentUrl\":\"https:\\\/\\\/secure.gravatar.com\\\/avatar\\\/?s=96&d=mm&r=g\",\"caption\":\"Inclusive\"},\"url\":\"https:\\\/\\\/inclusivenews.com.br\\\/?author=2\"}]}<\/script>\n<!-- \/ Yoast SEO plugin. -->","yoast_head_json":{"title":"Covid-19 e pessoas com defici\u00eancia - orienta\u00e7\u00f5es para familiares e cuidadores -","robots":{"index":"index","follow":"follow","max-snippet":"max-snippet:-1","max-image-preview":"max-image-preview:large","max-video-preview":"max-video-preview:-1"},"canonical":"https:\/\/inclusivenews.com.br\/?p=31698","og_locale":"pt_PT","og_type":"article","og_title":"Covid-19 e pessoas com defici\u00eancia - orienta\u00e7\u00f5es para familiares e cuidadores -","og_description":"COVID19\u00a0E PESSOAS COM DEFICI\u00caNCIA &#8211; ORIENTA\u00c7\u00d5ES PARA\u00a0FAMILIARES E CUIDADORES Medidas de conten\u00e7\u00e3o, como distanciamento social e auto-isolamento, podem ser imposs\u00edveis para quem depende do apoio de outras pessoas para atividades b\u00e1sicas do dia a dia, tais como se alimentar, se vestir e tomar banho. A seguir voc\u00ea confere algumas orienta\u00e7\u00f5es para familiares e profissionais cuidadores [&hellip;]","og_url":"https:\/\/inclusivenews.com.br\/?p=31698","article_publisher":"https:\/\/www.facebook.com\/agenciainclusive\/","article_published_time":"2020-04-28T02:29:00+00:00","og_image":[{"url":"https:\/\/maragabrilli.com.br\/wp-content\/uploads\/2020\/03\/WhatsApp-Image-2020-03-17-at-15.13.19.jpeg","type":"","width":"","height":""}],"author":"Inclusive","twitter_card":"summary_large_image","twitter_misc":{"Escrito por":"Inclusive","Tempo estimado de leitura":"3 minutos"},"schema":{"@context":"https:\/\/schema.org","@graph":[{"@type":"Article","@id":"https:\/\/inclusivenews.com.br\/?p=31698#article","isPartOf":{"@id":"https:\/\/inclusivenews.com.br\/?p=31698"},"author":{"name":"Inclusive","@id":"https:\/\/inclusivenews.com.br\/#\/schema\/person\/0dab492019871b94abb65fa8ee7c8c44"},"headline":"Covid-19 e pessoas com defici\u00eancia &#8211; orienta\u00e7\u00f5es para familiares e cuidadores","datePublished":"2020-04-28T02:29:00+00:00","mainEntityOfPage":{"@id":"https:\/\/inclusivenews.com.br\/?p=31698"},"wordCount":640,"commentCount":0,"publisher":{"@id":"https:\/\/inclusivenews.com.br\/#organization"},"image":{"@id":"https:\/\/inclusivenews.com.br\/?p=31698#primaryimage"},"thumbnailUrl":"https:\/\/maragabrilli.com.br\/wp-content\/uploads\/2020\/03\/WhatsApp-Image-2020-03-17-at-15.13.19.jpeg","articleSection":["Coronav\u00edrus"],"inLanguage":"pt-PT","potentialAction":[{"@type":"CommentAction","name":"Comment","target":["https:\/\/inclusivenews.com.br\/?p=31698#respond"]}]},{"@type":"WebPage","@id":"https:\/\/inclusivenews.com.br\/?p=31698","url":"https:\/\/inclusivenews.com.br\/?p=31698","name":"Covid-19 e pessoas com defici\u00eancia - orienta\u00e7\u00f5es para familiares e cuidadores -","isPartOf":{"@id":"https:\/\/inclusivenews.com.br\/#website"},"primaryImageOfPage":{"@id":"https:\/\/inclusivenews.com.br\/?p=31698#primaryimage"},"image":{"@id":"https:\/\/inclusivenews.com.br\/?p=31698#primaryimage"},"thumbnailUrl":"https:\/\/maragabrilli.com.br\/wp-content\/uploads\/2020\/03\/WhatsApp-Image-2020-03-17-at-15.13.19.jpeg","datePublished":"2020-04-28T02:29:00+00:00","breadcrumb":{"@id":"https:\/\/inclusivenews.com.br\/?p=31698#breadcrumb"},"inLanguage":"pt-PT","potentialAction":[{"@type":"ReadAction","target":["https:\/\/inclusivenews.com.br\/?p=31698"]}]},{"@type":"ImageObject","inLanguage":"pt-PT","@id":"https:\/\/inclusivenews.com.br\/?p=31698#primaryimage","url":"https:\/\/maragabrilli.com.br\/wp-content\/uploads\/2020\/03\/WhatsApp-Image-2020-03-17-at-15.13.19.jpeg","contentUrl":"https:\/\/maragabrilli.com.br\/wp-content\/uploads\/2020\/03\/WhatsApp-Image-2020-03-17-at-15.13.19.jpeg"},{"@type":"BreadcrumbList","@id":"https:\/\/inclusivenews.com.br\/?p=31698#breadcrumb","itemListElement":[{"@type":"ListItem","position":1,"name":"In\u00edcio","item":"https:\/\/inclusivenews.com.br\/"},{"@type":"ListItem","position":2,"name":"Covid-19 e pessoas com defici\u00eancia &#8211; orienta\u00e7\u00f5es para familiares e cuidadores"}]},{"@type":"WebSite","@id":"https:\/\/inclusivenews.com.br\/#website","url":"https:\/\/inclusivenews.com.br\/","name":"Inclusive News","description":"Inclusive News","publisher":{"@id":"https:\/\/inclusivenews.com.br\/#organization"},"potentialAction":[{"@type":"SearchAction","target":{"@type":"EntryPoint","urlTemplate":"https:\/\/inclusivenews.com.br\/?s={search_term_string}"},"query-input":{"@type":"PropertyValueSpecification","valueRequired":true,"valueName":"search_term_string"}}],"inLanguage":"pt-PT"},{"@type":"Organization","@id":"https:\/\/inclusivenews.com.br\/#organization","name":"Inclusive - inclus\u00e3o e cidadania","url":"https:\/\/inclusivenews.com.br\/","logo":{"@type":"ImageObject","inLanguage":"pt-PT","@id":"https:\/\/inclusivenews.com.br\/#\/schema\/logo\/image\/","url":"https:\/\/inclusivenews.com.br\/wp-content\/uploads\/2024\/03\/@grandesite.png","contentUrl":"https:\/\/inclusivenews.com.br\/wp-content\/uploads\/2024\/03\/@grandesite.png","width":1080,"height":1080,"caption":"Inclusive - inclus\u00e3o e cidadania"},"image":{"@id":"https:\/\/inclusivenews.com.br\/#\/schema\/logo\/image\/"},"sameAs":["https:\/\/www.facebook.com\/agenciainclusive\/","https:\/\/www.instagram.com\/newsinclusive\/"]},{"@type":"Person","@id":"https:\/\/inclusivenews.com.br\/#\/schema\/person\/0dab492019871b94abb65fa8ee7c8c44","name":"Inclusive","image":{"@type":"ImageObject","inLanguage":"pt-PT","@id":"https:\/\/secure.gravatar.com\/avatar\/?s=96&d=mm&r=g","url":"https:\/\/secure.gravatar.com\/avatar\/?s=96&d=mm&r=g","contentUrl":"https:\/\/secure.gravatar.com\/avatar\/?s=96&d=mm&r=g","caption":"Inclusive"},"url":"https:\/\/inclusivenews.com.br\/?author=2"}]}},"_links":{"self":[{"href":"https:\/\/inclusivenews.com.br\/index.php?rest_route=\/wp\/v2\/posts\/31698","targetHints":{"allow":["GET"]}}],"collection":[{"href":"https:\/\/inclusivenews.com.br\/index.php?rest_route=\/wp\/v2\/posts"}],"about":[{"href":"https:\/\/inclusivenews.com.br\/index.php?rest_route=\/wp\/v2\/types\/post"}],"author":[{"embeddable":true,"href":"https:\/\/inclusivenews.com.br\/index.php?rest_route=\/wp\/v2\/users\/2"}],"replies":[{"embeddable":true,"href":"https:\/\/inclusivenews.com.br\/index.php?rest_route=%2Fwp%2Fv2%2Fcomments&post=31698"}],"version-history":[{"count":0,"href":"https:\/\/inclusivenews.com.br\/index.php?rest_route=\/wp\/v2\/posts\/31698\/revisions"}],"wp:attachment":[{"href":"https:\/\/inclusivenews.com.br\/index.php?rest_route=%2Fwp%2Fv2%2Fmedia&parent=31698"}],"wp:term":[{"taxonomy":"category","embeddable":true,"href":"https:\/\/inclusivenews.com.br\/index.php?rest_route=%2Fwp%2Fv2%2Fcategories&post=31698"},{"taxonomy":"post_tag","embeddable":true,"href":"https:\/\/inclusivenews.com.br\/index.php?rest_route=%2Fwp%2Fv2%2Ftags&post=31698"}],"curies":[{"name":"wp","href":"https:\/\/api.w.org\/{rel}","templated":true}]}}