{"id":31722,"date":"2020-05-04T23:47:48","date_gmt":"2020-05-05T02:47:48","guid":{"rendered":"http:\/\/www.inclusive.org.br\/?p=31722"},"modified":"2020-05-04T23:47:48","modified_gmt":"2020-05-05T02:47:48","slug":"violencia-sexual-infantil-aumenta-na-pandemia-18-de-maio-faca-bonito","status":"publish","type":"post","link":"https:\/\/inclusivenews.com.br\/?p=31722","title":{"rendered":"Viol\u00eancia sexual infantil aumenta na pandemia &#8211; 18 de maio, Fa\u00e7a Bonito: Eu Me Protejo"},"content":{"rendered":"<p><a href=\"http:\/\/www.inclusive.org.br\/arquivos\/31722\/logo-emp-18-maio\" rel=\"attachment wp-att-31723\"><img loading=\"lazy\" decoding=\"async\" class=\"alignnone size-medium wp-image-31723\" src=\"http:\/\/inclusivenews.com.br\/wp-content\/uploads\/logo-EMP-18-maio-300x279.png\" alt=\"logo eu me protejo - 18 de maio - menina com Mao espalmada a frente em Silas de pare - ilustra\u00e7\u00e3o.\" width=\"300\" height=\"279\" \/><\/a><\/p>\n<p class=\"font_8\">EU ME PROTEJO<\/p>\n<p class=\"font_8\">Projeto independente, volunt\u00e1rio e gratuito de educa\u00e7\u00e3o\u00a0para preven\u00e7\u00e3o contra a viol\u00eancia sexual infantil.<\/p>\n<p class=\"font_8\">A quarentena em raz\u00e3o da pandemia de coronav\u00edrus provocou\u00a0um aumento de quase 9% no n\u00famero de liga\u00e7\u00f5es para o canal\u00a0que recebe den\u00fancias de viol\u00eancia contra a mulher no Brasil.<\/p>\n<p class=\"font_8\">Embora ainda n\u00e3o haja n\u00fameros nacionais referentes \u00e0 viol\u00eancia\u00a0infantil, o Unicef alerta que ocorreram taxas crescentes de viol\u00eancia e explora\u00e7\u00e3o de crian\u00e7as durante emerg\u00eancias de sa\u00fade p\u00fablica anteriores.<\/p>\n<p class=\"font_8\">Ap\u00f3s o Eca &#8211; Estatuto da crian\u00e7a e adolescente, que completa 30 anos, o crime de viol\u00eancia sexual infantil passou a ser uma viola\u00e7\u00e3o dos direitos humanos. \u00c9 dever da Fam\u00edlia, Sociedade e do Estado, assegurar a crian\u00e7a um desenvolvimento emocional e social saud\u00e1vel em todos os \u00e2mbitos.<\/p>\n<p class=\"font_8\">Lan\u00e7ado em mar\u00e7o \u00faltimo, o projeto \u201cEu Me Protejo\u201d j\u00e1 alcan\u00e7ou grande repercuss\u00e3o nos meios de pessoas ligadas \u00e0 prote\u00e7\u00e3o infantil.<\/p>\n<p class=\"font_8\">O site traz uma cartilha ilustrada e linguagem acess\u00edvel, voltada para crian\u00e7as de 0 a 8 anos para ser lida pela crian\u00e7a junto com os pais, parentes ou educadores.<\/p>\n<p class=\"font_8\">S\u00e3o listadas uma s\u00e9rie de raz\u00f5es para conversar sobre o assunto com as crian\u00e7as desde cedo e apresentadas estat\u00edsticas e outras informa\u00e7\u00f5es sobre o tema.<\/p>\n<p class=\"font_8\">Com a proximidade do vig\u00e9simo anivers\u00e1rio do <a href=\"https:\/\/www.facabonito.org.br\/acampanha\" target=\"_blank\" rel=\"noopener\" data-content=\"https:\/\/www.facabonito.org.br\/acampanha\" data-type=\"external\">Dia Nacional de Combate ao Abuso e \u00e0 Viol\u00eancia Sexual de Crian\u00e7as e Adolescentes, da campanha Fa\u00e7a Bonito, 18\/5<\/a>, apresentamos novos instrumentos que v\u00e3o ajudar as crian\u00e7as a se protegerem contra a viol\u00eancia sexual:<\/p>\n<p class=\"font_8\">&#8211; Vers\u00e3o em Libras da cartilha;<\/p>\n<p class=\"font_8\">&#8211; Can\u00e7\u00e3o Eu Me Protejo; e<\/p>\n<p class=\"font_8\">&#8211; Canal direto para encaminhamento de den\u00fancias infantis.<\/p>\n<p class=\"font_8\">Cartilha em Libras \u2013 Organizada por Dayane Campos e Viviane Saladino, a cartilha foi interpretada por Ingridy Naz\u00e1rio, que tamb\u00e9m editou o v\u00eddeo, com apoio da Associa\u00e7\u00e3o dos surdos de S\u00e3o Carlos &#8211; SP.<\/p>\n<p class=\"font_8\">Can\u00e7\u00e3o Eu Me Protejo \u2013 A letra e a m\u00fasica, inspiradas na cartilha, s\u00e3o da cantora e compositora LuD, de Bras\u00edlia \u2013 DF.<\/p>\n<p class=\"font_8\">Canal Direto \u2013 Clicando no bot\u00e3o na abertura do site \u2013 Aconteceu alguma coisa \u2013 Quero contar, a pessoa \u00e9 encaminhada para um n\u00famero WhatsApp, para onde pode enviar \u00e1udio e v\u00eddeo sobre o ocorrido que ser\u00e1 recebido pelo grupo de especialistas Eu Me Protejo. Den\u00fancias ser\u00e3o encaminhados para os conselhos tutelares correspondentes.<\/p>\n<p class=\"font_8\">Live, 18\/5, \u00e0s 19h \u2013 No dia 18\/5, dia do Fa\u00e7a Bonito, realizaremos uma live por meio do instagram @eumeprotejobrasil falando sobre a cartilha e sua aplica\u00e7\u00e3o como instrumento educacional para preven\u00e7\u00e3o da viol\u00eancia sexual infantil.<\/p>\n<p class=\"font_8\"><a href=\"https:\/\/www.even3.com.br\/sndfdsdgddv2020\/\" target=\"_blank\" rel=\"noopener\" data-content=\"https:\/\/www.even3.com.br\/sndfdsdgddv2020\/\" data-type=\"external\">PARTICIPE DO SIMP\u00d3SIO NACIONAL DE FORTALECIMENTO DO SISTEMA DE GARANTIA DE DIREITOS &#8211; VIRTUAL<\/a><\/p>\n<p>\ud83c\udf3b Inscri\u00e7\u00f5es Iniciadas &#8211; Gratuito &#8211; 40 horas com Certificado<\/p>\n<p>\ud83c\udf3b\u00a0 + de 40 Palestrantes, especialistas na tem\u00e1tica de abuso e explora\u00e7\u00e3o e abuso sexual de Crian\u00e7as e Adolescestes.<\/p>\n<p>\ud83c\udf3b Ser\u00e3o 20 dias seguidos de Live\/Palestra em alus\u00e3o aos 20 anos do 18 de maio.<\/p>\n<p>\ud83c\udf3b Qualidade Simp\u00f3sio Nacional<\/p>\n<p>\ud83c\udf3b Grupo de Whatsapp exclusivo para receber material dos Palestrantes<\/p>\n<p>\ud83c\udf3b Conhe\u00e7a os palestrantes e fa\u00e7a sua inscri\u00e7\u00e3o.<br \/>\n<a href=\"https:\/\/www.even3.com.br\/sndfdsdgddv2020\/\" target=\"_blank\" rel=\"noopener\" data-content=\"https:\/\/www.even3.com.br\/sndfdsdgddv2020\/\" data-type=\"external\">https:\/\/www.even3.com.br\/sndfdsdgddv2020\/<\/a><\/p>\n<p>\ud83c\udf3b Fique Atento, todas as Lives ser\u00e3o na fanpage do Simposio:<\/p>\n<p>\ud83c\udf3b Novidades! teremos sorteios de camisetas e livros.<\/p>\n<p>\ud83c\udf3bLevando em considera\u00e7\u00e3o o contexto de pandemia em face do coronav\u00edrus (COVID-19) veja as dicas de como mobilizar o seu munic\u00edpio e participe da agenda nacional colaborativa, acesse o site e vamos \u00e0 luta.<\/p>\n<p class=\"font_8\"><a href=\"https:\/\/www.facabonito.org.br\/participe\" target=\"_blank\" rel=\"noopener\" data-content=\"https:\/\/www.facabonito.org.br\/participe\" data-type=\"external\">https:\/\/www.facabonito.org.br\/participe<\/a><\/p>\n<p>Como ensinou o Professor Mario Sergio Cortella<br \/>\nFa\u00e7a o teu melhor, na condi\u00e7\u00e3o que voc\u00ea tem, enquanto voc\u00ea n\u00e3o tem condi\u00e7\u00f5es melhores, para fazer melhor ainda!<\/p>\n<p class=\"font_8\"><a href=\"http:\/\/www.facabonito.org.br\/\" target=\"_blank\" rel=\"noopener\" data-content=\"http:\/\/WWW.FACABONITO.ORG.BR\" data-type=\"external\">ACOMPANHE A PROGRAMA\u00c7\u00c3O DO FA\u00c7A BONITO<\/a><\/p>\n<p class=\"font_8\">Fontes:<\/p>\n<p class=\"font_8\"><a href=\"https:\/\/www.gov.br\/mdh\/pt-br\/assuntos\/noticias\/2020-2\/marco\/coronavirus-sobe-o-numero-de-ligacoes-para-canal-de-denuncia-de-violencia-domestica-na-quarentena\" target=\"_blank\" rel=\"noopener\" data-content=\"https:\/\/www.gov.br\/mdh\/pt-br\/assuntos\/noticias\/2020-2\/marco\/coronavirus-sobe-o-numero-de-ligacoes-para-canal-de-denuncia-de-violencia-domestica-na-quarentena\" data-type=\"external\">https:\/\/www.gov.br\/mdh\/pt-br\/assuntos\/noticias\/2020-2\/marco\/coronavirus-sobe-o-numero-de-ligacoes-para-canal-de-denuncia-de-violencia-domestica-na-quarentena<\/a><\/p>\n<p class=\"font_8\"><a href=\"https:\/\/www.unicef.org\/brazil\/comunicados-de-imprensa\/covid-19-criancas-em-risco-aumentado-de-abuso-negligencia-exploracao\" target=\"_blank\" rel=\"noopener\" data-content=\"https:\/\/www.unicef.org\/brazil\/comunicados-de-imprensa\/covid-19-criancas-em-risco-aumentado-de-abuso-negligencia-exploracao\" data-type=\"external\">https:\/\/www.unicef.org\/brazil\/comunicados-de-imprensa\/covid-19-criancas-em-risco-aumentado-de-abuso-negligencia-exploracao<\/a><\/p>\n<p class=\"font_8\"><a href=\"https:\/\/www.eumeprotejo.com\/\" target=\"_blank\" rel=\"noopener\" data-content=\"https:\/\/WWW.EUMEPROTEJO.COM\" data-type=\"external\">EUMEPROTEJO.COM<\/a> \u2013 @EUMEPROTEJOBRASIL<\/p>\n<p class=\"font_8\"><a href=\"mailto:EUMEPROTEJOBR@GMAIL.COM\" target=\"_self\" data-content=\"EUMEPROTEJOBR@GMAIL.COM\" data-type=\"mail\" rel=\"noopener\">EUMEPROTEJOBR@GMAIL.COM<\/a> &#8211; <a href=\"https:\/\/www.facebook.com\/eumeprotejobr\/\" target=\"_blank\" rel=\"noopener\" data-content=\"https:\/\/www.facebook.com\/eumeprotejobr\/\" data-type=\"external\">FACEBOOK.COM\/EUMEPROTEJOBR\/<\/a><\/p>\n","protected":false},"excerpt":{"rendered":"<p>EU ME PROTEJO Projeto independente, volunt\u00e1rio e gratuito de educa\u00e7\u00e3o\u00a0para preven\u00e7\u00e3o contra a viol\u00eancia sexual infantil. A quarentena em raz\u00e3o da pandemia de coronav\u00edrus provocou\u00a0um aumento de quase 9% no n\u00famero de liga\u00e7\u00f5es para o canal\u00a0que recebe den\u00fancias de viol\u00eancia contra a mulher no Brasil. Embora ainda n\u00e3o haja n\u00fameros nacionais referentes \u00e0 viol\u00eancia\u00a0infantil, o [&hellip;]<\/p>\n","protected":false},"author":2,"featured_media":0,"comment_status":"open","ping_status":"open","sticky":false,"template":"","format":"standard","meta":{"site-container-style":"default","site-container-layout":"default","site-sidebar-layout":"default","disable-article-header":"default","disable-site-header":"default","disable-site-footer":"default","disable-content-area-spacing":"default","footnotes":""},"categories":[446],"tags":[],"class_list":["post-31722","post","type-post","status-publish","format-standard","hentry","category-coronavirus"],"yoast_head":"<!-- This site is optimized with the Yoast SEO plugin v27.4 - https:\/\/yoast.com\/product\/yoast-seo-wordpress\/ -->\n<title>Viol\u00eancia sexual infantil aumenta na pandemia - 18 de maio, Fa\u00e7a Bonito: Eu Me Protejo -<\/title>\n<meta name=\"robots\" content=\"index, follow, max-snippet:-1, max-image-preview:large, max-video-preview:-1\" \/>\n<link rel=\"canonical\" href=\"https:\/\/inclusivenews.com.br\/?p=31722\" \/>\n<meta property=\"og:locale\" content=\"pt_PT\" \/>\n<meta property=\"og:type\" content=\"article\" \/>\n<meta property=\"og:title\" content=\"Viol\u00eancia sexual infantil aumenta na pandemia - 18 de maio, Fa\u00e7a Bonito: Eu Me Protejo -\" \/>\n<meta property=\"og:description\" content=\"EU ME PROTEJO Projeto independente, volunt\u00e1rio e gratuito de educa\u00e7\u00e3o\u00a0para preven\u00e7\u00e3o contra a viol\u00eancia sexual infantil. A quarentena em raz\u00e3o da pandemia de coronav\u00edrus provocou\u00a0um aumento de quase 9% no n\u00famero de liga\u00e7\u00f5es para o canal\u00a0que recebe den\u00fancias de viol\u00eancia contra a mulher no Brasil. Embora ainda n\u00e3o haja n\u00fameros nacionais referentes \u00e0 viol\u00eancia\u00a0infantil, o [&hellip;]\" \/>\n<meta property=\"og:url\" content=\"https:\/\/inclusivenews.com.br\/?p=31722\" \/>\n<meta property=\"article:publisher\" content=\"https:\/\/www.facebook.com\/agenciainclusive\/\" \/>\n<meta property=\"article:published_time\" content=\"2020-05-05T02:47:48+00:00\" \/>\n<meta property=\"og:image\" content=\"http:\/\/inclusivenews.com.br\/wp-content\/uploads\/logo-EMP-18-maio-300x279.png\" \/>\n<meta name=\"author\" content=\"Inclusive\" \/>\n<meta name=\"twitter:card\" content=\"summary_large_image\" \/>\n<meta name=\"twitter:label1\" content=\"Escrito por\" \/>\n\t<meta name=\"twitter:data1\" content=\"Inclusive\" \/>\n\t<meta name=\"twitter:label2\" content=\"Tempo estimado de leitura\" \/>\n\t<meta name=\"twitter:data2\" content=\"3 minutos\" \/>\n<script type=\"application\/ld+json\" class=\"yoast-schema-graph\">{\"@context\":\"https:\\\/\\\/schema.org\",\"@graph\":[{\"@type\":\"Article\",\"@id\":\"https:\\\/\\\/inclusivenews.com.br\\\/?p=31722#article\",\"isPartOf\":{\"@id\":\"https:\\\/\\\/inclusivenews.com.br\\\/?p=31722\"},\"author\":{\"name\":\"Inclusive\",\"@id\":\"https:\\\/\\\/inclusivenews.com.br\\\/#\\\/schema\\\/person\\\/0dab492019871b94abb65fa8ee7c8c44\"},\"headline\":\"Viol\u00eancia sexual infantil aumenta na pandemia &#8211; 18 de maio, Fa\u00e7a Bonito: Eu Me Protejo\",\"datePublished\":\"2020-05-05T02:47:48+00:00\",\"mainEntityOfPage\":{\"@id\":\"https:\\\/\\\/inclusivenews.com.br\\\/?p=31722\"},\"wordCount\":688,\"commentCount\":0,\"publisher\":{\"@id\":\"https:\\\/\\\/inclusivenews.com.br\\\/#organization\"},\"image\":{\"@id\":\"https:\\\/\\\/inclusivenews.com.br\\\/?p=31722#primaryimage\"},\"thumbnailUrl\":\"http:\\\/\\\/inclusivenews.com.br\\\/wp-content\\\/uploads\\\/logo-EMP-18-maio-300x279.png\",\"articleSection\":[\"Coronav\u00edrus\"],\"inLanguage\":\"pt-PT\",\"potentialAction\":[{\"@type\":\"CommentAction\",\"name\":\"Comment\",\"target\":[\"https:\\\/\\\/inclusivenews.com.br\\\/?p=31722#respond\"]}]},{\"@type\":\"WebPage\",\"@id\":\"https:\\\/\\\/inclusivenews.com.br\\\/?p=31722\",\"url\":\"https:\\\/\\\/inclusivenews.com.br\\\/?p=31722\",\"name\":\"Viol\u00eancia sexual infantil aumenta na pandemia - 18 de maio, Fa\u00e7a Bonito: Eu Me Protejo -\",\"isPartOf\":{\"@id\":\"https:\\\/\\\/inclusivenews.com.br\\\/#website\"},\"primaryImageOfPage\":{\"@id\":\"https:\\\/\\\/inclusivenews.com.br\\\/?p=31722#primaryimage\"},\"image\":{\"@id\":\"https:\\\/\\\/inclusivenews.com.br\\\/?p=31722#primaryimage\"},\"thumbnailUrl\":\"http:\\\/\\\/inclusivenews.com.br\\\/wp-content\\\/uploads\\\/logo-EMP-18-maio-300x279.png\",\"datePublished\":\"2020-05-05T02:47:48+00:00\",\"breadcrumb\":{\"@id\":\"https:\\\/\\\/inclusivenews.com.br\\\/?p=31722#breadcrumb\"},\"inLanguage\":\"pt-PT\",\"potentialAction\":[{\"@type\":\"ReadAction\",\"target\":[\"https:\\\/\\\/inclusivenews.com.br\\\/?p=31722\"]}]},{\"@type\":\"ImageObject\",\"inLanguage\":\"pt-PT\",\"@id\":\"https:\\\/\\\/inclusivenews.com.br\\\/?p=31722#primaryimage\",\"url\":\"\",\"contentUrl\":\"\"},{\"@type\":\"BreadcrumbList\",\"@id\":\"https:\\\/\\\/inclusivenews.com.br\\\/?p=31722#breadcrumb\",\"itemListElement\":[{\"@type\":\"ListItem\",\"position\":1,\"name\":\"In\u00edcio\",\"item\":\"https:\\\/\\\/inclusivenews.com.br\\\/\"},{\"@type\":\"ListItem\",\"position\":2,\"name\":\"Viol\u00eancia sexual infantil aumenta na pandemia &#8211; 18 de maio, Fa\u00e7a Bonito: Eu Me Protejo\"}]},{\"@type\":\"WebSite\",\"@id\":\"https:\\\/\\\/inclusivenews.com.br\\\/#website\",\"url\":\"https:\\\/\\\/inclusivenews.com.br\\\/\",\"name\":\"Inclusive News\",\"description\":\"Inclusive News\",\"publisher\":{\"@id\":\"https:\\\/\\\/inclusivenews.com.br\\\/#organization\"},\"potentialAction\":[{\"@type\":\"SearchAction\",\"target\":{\"@type\":\"EntryPoint\",\"urlTemplate\":\"https:\\\/\\\/inclusivenews.com.br\\\/?s={search_term_string}\"},\"query-input\":{\"@type\":\"PropertyValueSpecification\",\"valueRequired\":true,\"valueName\":\"search_term_string\"}}],\"inLanguage\":\"pt-PT\"},{\"@type\":\"Organization\",\"@id\":\"https:\\\/\\\/inclusivenews.com.br\\\/#organization\",\"name\":\"Inclusive - inclus\u00e3o e cidadania\",\"url\":\"https:\\\/\\\/inclusivenews.com.br\\\/\",\"logo\":{\"@type\":\"ImageObject\",\"inLanguage\":\"pt-PT\",\"@id\":\"https:\\\/\\\/inclusivenews.com.br\\\/#\\\/schema\\\/logo\\\/image\\\/\",\"url\":\"https:\\\/\\\/inclusivenews.com.br\\\/wp-content\\\/uploads\\\/2024\\\/03\\\/@grandesite.png\",\"contentUrl\":\"https:\\\/\\\/inclusivenews.com.br\\\/wp-content\\\/uploads\\\/2024\\\/03\\\/@grandesite.png\",\"width\":1080,\"height\":1080,\"caption\":\"Inclusive - inclus\u00e3o e cidadania\"},\"image\":{\"@id\":\"https:\\\/\\\/inclusivenews.com.br\\\/#\\\/schema\\\/logo\\\/image\\\/\"},\"sameAs\":[\"https:\\\/\\\/www.facebook.com\\\/agenciainclusive\\\/\",\"https:\\\/\\\/www.instagram.com\\\/newsinclusive\\\/\"]},{\"@type\":\"Person\",\"@id\":\"https:\\\/\\\/inclusivenews.com.br\\\/#\\\/schema\\\/person\\\/0dab492019871b94abb65fa8ee7c8c44\",\"name\":\"Inclusive\",\"image\":{\"@type\":\"ImageObject\",\"inLanguage\":\"pt-PT\",\"@id\":\"https:\\\/\\\/secure.gravatar.com\\\/avatar\\\/?s=96&d=mm&r=g\",\"url\":\"https:\\\/\\\/secure.gravatar.com\\\/avatar\\\/?s=96&d=mm&r=g\",\"contentUrl\":\"https:\\\/\\\/secure.gravatar.com\\\/avatar\\\/?s=96&d=mm&r=g\",\"caption\":\"Inclusive\"},\"url\":\"https:\\\/\\\/inclusivenews.com.br\\\/?author=2\"}]}<\/script>\n<!-- \/ Yoast SEO plugin. -->","yoast_head_json":{"title":"Viol\u00eancia sexual infantil aumenta na pandemia - 18 de maio, Fa\u00e7a Bonito: Eu Me Protejo -","robots":{"index":"index","follow":"follow","max-snippet":"max-snippet:-1","max-image-preview":"max-image-preview:large","max-video-preview":"max-video-preview:-1"},"canonical":"https:\/\/inclusivenews.com.br\/?p=31722","og_locale":"pt_PT","og_type":"article","og_title":"Viol\u00eancia sexual infantil aumenta na pandemia - 18 de maio, Fa\u00e7a Bonito: Eu Me Protejo -","og_description":"EU ME PROTEJO Projeto independente, volunt\u00e1rio e gratuito de educa\u00e7\u00e3o\u00a0para preven\u00e7\u00e3o contra a viol\u00eancia sexual infantil. A quarentena em raz\u00e3o da pandemia de coronav\u00edrus provocou\u00a0um aumento de quase 9% no n\u00famero de liga\u00e7\u00f5es para o canal\u00a0que recebe den\u00fancias de viol\u00eancia contra a mulher no Brasil. Embora ainda n\u00e3o haja n\u00fameros nacionais referentes \u00e0 viol\u00eancia\u00a0infantil, o [&hellip;]","og_url":"https:\/\/inclusivenews.com.br\/?p=31722","article_publisher":"https:\/\/www.facebook.com\/agenciainclusive\/","article_published_time":"2020-05-05T02:47:48+00:00","og_image":[{"url":"http:\/\/inclusivenews.com.br\/wp-content\/uploads\/logo-EMP-18-maio-300x279.png","type":"","width":"","height":""}],"author":"Inclusive","twitter_card":"summary_large_image","twitter_misc":{"Escrito por":"Inclusive","Tempo estimado de leitura":"3 minutos"},"schema":{"@context":"https:\/\/schema.org","@graph":[{"@type":"Article","@id":"https:\/\/inclusivenews.com.br\/?p=31722#article","isPartOf":{"@id":"https:\/\/inclusivenews.com.br\/?p=31722"},"author":{"name":"Inclusive","@id":"https:\/\/inclusivenews.com.br\/#\/schema\/person\/0dab492019871b94abb65fa8ee7c8c44"},"headline":"Viol\u00eancia sexual infantil aumenta na pandemia &#8211; 18 de maio, Fa\u00e7a Bonito: Eu Me Protejo","datePublished":"2020-05-05T02:47:48+00:00","mainEntityOfPage":{"@id":"https:\/\/inclusivenews.com.br\/?p=31722"},"wordCount":688,"commentCount":0,"publisher":{"@id":"https:\/\/inclusivenews.com.br\/#organization"},"image":{"@id":"https:\/\/inclusivenews.com.br\/?p=31722#primaryimage"},"thumbnailUrl":"http:\/\/inclusivenews.com.br\/wp-content\/uploads\/logo-EMP-18-maio-300x279.png","articleSection":["Coronav\u00edrus"],"inLanguage":"pt-PT","potentialAction":[{"@type":"CommentAction","name":"Comment","target":["https:\/\/inclusivenews.com.br\/?p=31722#respond"]}]},{"@type":"WebPage","@id":"https:\/\/inclusivenews.com.br\/?p=31722","url":"https:\/\/inclusivenews.com.br\/?p=31722","name":"Viol\u00eancia sexual infantil aumenta na pandemia - 18 de maio, Fa\u00e7a Bonito: Eu Me Protejo -","isPartOf":{"@id":"https:\/\/inclusivenews.com.br\/#website"},"primaryImageOfPage":{"@id":"https:\/\/inclusivenews.com.br\/?p=31722#primaryimage"},"image":{"@id":"https:\/\/inclusivenews.com.br\/?p=31722#primaryimage"},"thumbnailUrl":"http:\/\/inclusivenews.com.br\/wp-content\/uploads\/logo-EMP-18-maio-300x279.png","datePublished":"2020-05-05T02:47:48+00:00","breadcrumb":{"@id":"https:\/\/inclusivenews.com.br\/?p=31722#breadcrumb"},"inLanguage":"pt-PT","potentialAction":[{"@type":"ReadAction","target":["https:\/\/inclusivenews.com.br\/?p=31722"]}]},{"@type":"ImageObject","inLanguage":"pt-PT","@id":"https:\/\/inclusivenews.com.br\/?p=31722#primaryimage","url":"","contentUrl":""},{"@type":"BreadcrumbList","@id":"https:\/\/inclusivenews.com.br\/?p=31722#breadcrumb","itemListElement":[{"@type":"ListItem","position":1,"name":"In\u00edcio","item":"https:\/\/inclusivenews.com.br\/"},{"@type":"ListItem","position":2,"name":"Viol\u00eancia sexual infantil aumenta na pandemia &#8211; 18 de maio, Fa\u00e7a Bonito: Eu Me Protejo"}]},{"@type":"WebSite","@id":"https:\/\/inclusivenews.com.br\/#website","url":"https:\/\/inclusivenews.com.br\/","name":"Inclusive News","description":"Inclusive News","publisher":{"@id":"https:\/\/inclusivenews.com.br\/#organization"},"potentialAction":[{"@type":"SearchAction","target":{"@type":"EntryPoint","urlTemplate":"https:\/\/inclusivenews.com.br\/?s={search_term_string}"},"query-input":{"@type":"PropertyValueSpecification","valueRequired":true,"valueName":"search_term_string"}}],"inLanguage":"pt-PT"},{"@type":"Organization","@id":"https:\/\/inclusivenews.com.br\/#organization","name":"Inclusive - inclus\u00e3o e cidadania","url":"https:\/\/inclusivenews.com.br\/","logo":{"@type":"ImageObject","inLanguage":"pt-PT","@id":"https:\/\/inclusivenews.com.br\/#\/schema\/logo\/image\/","url":"https:\/\/inclusivenews.com.br\/wp-content\/uploads\/2024\/03\/@grandesite.png","contentUrl":"https:\/\/inclusivenews.com.br\/wp-content\/uploads\/2024\/03\/@grandesite.png","width":1080,"height":1080,"caption":"Inclusive - inclus\u00e3o e cidadania"},"image":{"@id":"https:\/\/inclusivenews.com.br\/#\/schema\/logo\/image\/"},"sameAs":["https:\/\/www.facebook.com\/agenciainclusive\/","https:\/\/www.instagram.com\/newsinclusive\/"]},{"@type":"Person","@id":"https:\/\/inclusivenews.com.br\/#\/schema\/person\/0dab492019871b94abb65fa8ee7c8c44","name":"Inclusive","image":{"@type":"ImageObject","inLanguage":"pt-PT","@id":"https:\/\/secure.gravatar.com\/avatar\/?s=96&d=mm&r=g","url":"https:\/\/secure.gravatar.com\/avatar\/?s=96&d=mm&r=g","contentUrl":"https:\/\/secure.gravatar.com\/avatar\/?s=96&d=mm&r=g","caption":"Inclusive"},"url":"https:\/\/inclusivenews.com.br\/?author=2"}]}},"_links":{"self":[{"href":"https:\/\/inclusivenews.com.br\/index.php?rest_route=\/wp\/v2\/posts\/31722","targetHints":{"allow":["GET"]}}],"collection":[{"href":"https:\/\/inclusivenews.com.br\/index.php?rest_route=\/wp\/v2\/posts"}],"about":[{"href":"https:\/\/inclusivenews.com.br\/index.php?rest_route=\/wp\/v2\/types\/post"}],"author":[{"embeddable":true,"href":"https:\/\/inclusivenews.com.br\/index.php?rest_route=\/wp\/v2\/users\/2"}],"replies":[{"embeddable":true,"href":"https:\/\/inclusivenews.com.br\/index.php?rest_route=%2Fwp%2Fv2%2Fcomments&post=31722"}],"version-history":[{"count":0,"href":"https:\/\/inclusivenews.com.br\/index.php?rest_route=\/wp\/v2\/posts\/31722\/revisions"}],"wp:attachment":[{"href":"https:\/\/inclusivenews.com.br\/index.php?rest_route=%2Fwp%2Fv2%2Fmedia&parent=31722"}],"wp:term":[{"taxonomy":"category","embeddable":true,"href":"https:\/\/inclusivenews.com.br\/index.php?rest_route=%2Fwp%2Fv2%2Fcategories&post=31722"},{"taxonomy":"post_tag","embeddable":true,"href":"https:\/\/inclusivenews.com.br\/index.php?rest_route=%2Fwp%2Fv2%2Ftags&post=31722"}],"curies":[{"name":"wp","href":"https:\/\/api.w.org\/{rel}","templated":true}]}}