{"id":31728,"date":"2020-05-05T20:10:08","date_gmt":"2020-05-05T23:10:08","guid":{"rendered":"http:\/\/www.inclusive.org.br\/?p=31728"},"modified":"2020-05-05T20:10:08","modified_gmt":"2020-05-05T23:10:08","slug":"criancas-na-pandemia-covid-19-saude-mental-e-atencao-psicossocial","status":"publish","type":"post","link":"https:\/\/inclusivenews.com.br\/?p=31728","title":{"rendered":"Crian\u00e7as na pandemia Covid-19 &#8211; Sa\u00fade Mental e Aten\u00e7\u00e3o Psicossocial"},"content":{"rendered":"<p><img loading=\"lazy\" decoding=\"async\" class=\"alignnone size-medium wp-image-31729\" src=\"http:\/\/inclusivenews.com.br\/wp-content\/uploads\/fiocruz-229x300.jpg\" alt=\"capa da cartilha\" width=\"229\" height=\"300\" \/><\/p>\n<p>\u201cA pandemia causada pelo novo coronav\u00edrus (covid-19) tem trazido mudan\u00e7as na vida cotidiana das crian\u00e7as. H\u00e1 ind\u00edcios de que a taxa de mortalidade nessa faixa et\u00e1ria \u00e9 relativamente menor em compara\u00e7\u00e3o a outros grupos, como adultos e idosos. No entanto, \u00e9 preciso afirmar que todas as crian\u00e7as est\u00e3o suscet\u00edveis \u00e0s repercuss\u00f5es psicossociais da pandemia. A desigualdade social tamb\u00e9m determina diferentes n\u00edveis e condi\u00e7\u00f5es de vulnerabilidade sobre a experi\u00eancia da inf\u00e2ncia, de modo que os profissionais da sa\u00fade devem estar atentos \u00e0s demandas de aten\u00e7\u00e3o e cuidado que se produzem nessa situa\u00e7\u00e3o\u201d. Essa \u00e9 a reflex\u00e3o proposta pela nova cartilha da s\u00e9rie \u201cSa\u00fade Mental e Aten\u00e7\u00e3o Psicossocial na Pandemia Covid-19\u201d, elaborada por pesquisadores colaboradores do do Centro de Estudos e Pesquisas em Emerg\u00eancias e Desastres em Sa\u00fade (Cepedes\/Fiocruz), sob coordena\u00e7\u00e3o de D\u00e9bora Noal e Fabiana Dam\u00e1sio, diretora da Fiocruz Bras\u00edlia.<\/p>\n<p>O objetivo da cartilha \u00e9 apresentar aspectos referentes \u00e0 sa\u00fade mental e \u00e0 aten\u00e7\u00e3o psicossocial de crian\u00e7as no contexto da pandemia, destacando fatores relacionados \u00e0 sobrecarga de trabalho e de demandas no \u00e2mbito familiar e \u00e0 fragiliza\u00e7\u00e3o do funcionamento das redes de apoio. \u201cDentre as rea\u00e7\u00f5es emocionais e altera\u00e7\u00f5es comportamentais frequentemente apresentadas pelas crian\u00e7as durante a pandemia, destacam-se: dificuldades de concentra\u00e7\u00e3o, irritabilidade, medo, inquieta\u00e7\u00e3o, t\u00e9dio, sensa\u00e7\u00e3o de solid\u00e3o, altera\u00e7\u00f5es no padr\u00e3o de sono e alimenta\u00e7\u00e3o\u201d, afirmam os autores. S\u00e3o rea\u00e7\u00f5es esperadas diante das dificuldades do cen\u00e1rio atual, por\u00e9m lidar com as altera\u00e7\u00f5es emocionais e comportamentais das crian\u00e7as n\u00e3o \u00e9 f\u00e1cil para pais e cuidadores, que tamb\u00e9m est\u00e3o vivenciando n\u00edveis mais elevados de estresse e ansiedade neste per\u00edodo.<\/p>\n<p>&nbsp;<\/p>\n<p>Intera\u00e7\u00e3o familiar, rotina e fatores de risco para viol\u00eancia s\u00e3o alguns dos assuntos discutidos na cartilha, que aborda tamb\u00e9m os casos de crian\u00e7as refugiadas ou migrantes e crian\u00e7as com defici\u00eancia. Os autores incentivam que pais e cuidadores dialoguem com as crian\u00e7as sobre a situa\u00e7\u00e3o atual. \u201cN\u00e3o \u00e9 preciso ter medo de conversar sobre o que est\u00e1 acontecendo com as crian\u00e7as. Elas j\u00e1 ouviram falar sobre o v\u00edrus e \u00e9 poss\u00edvel explicar de uma forma compreens\u00edvel e honesta sobre a doen\u00e7a, orientar com rela\u00e7\u00e3o \u00e0s medidas de cuidado e preven\u00e7\u00e3o, esclarecer d\u00favidas e permitir que se expressem a respeito\u201d, recomendam.<\/p>\n<p>&nbsp;<\/p>\n<p>A cartilha traz, ainda, orienta\u00e7\u00f5es para momentos futuros. \u201cAntecipando as preocupa\u00e7\u00f5es e cuidados advindos do t\u00e9rmino da quarentena, \u00e9 recomendado considerar que a possibilidade de transmiss\u00e3o do v\u00edrus n\u00e3o cessar\u00e1, apenas se reduzir\u00e1 o impacto quantitativo da onda de transmiss\u00e3o, o que faz necess\u00e1rio que a retomada da rotina, do trabalho e dos servi\u00e7os de aten\u00e7\u00e3o \u00e0 sa\u00fade seja planejada\u201d, dizem os autores. \u201c\u00c9 importante que se possa acolher e trabalhar o assunto da pandemia, do que foi vivido no distanciamento social, dos efeitos que persistem de tristeza, medo da morte ou outras preocupa\u00e7\u00f5es. Igualmente, \u00e9 essencial que experi\u00eancias de resili\u00eancia, solidariedade e compaix\u00e3o tamb\u00e9m sejam compartilhadas\u201d, acrescentam.<\/p>\n<p>&nbsp;<\/p>\n<p>Fonte:\u00a0<a href=\"https:\/\/www.fiocruzbrasilia.fiocruz.br\/criancas-e-pandemia-como-abordar-as-reacoes-emocionais-e-comportamentais\/?fbclid=IwAR1sMaqQWfh39hiPPARw3RY94V554NxG71h4kKynGV8ABizt2tUiRRnRTd0\">https:\/\/www.fiocruzbrasilia.fiocruz.br\/criancas-e-pandemia-como-abordar-as-reacoes-emocionais-e-comportamentais\/?fbclid=IwAR1sMaqQWfh39hiPPARw3RY94V554NxG71h4kKynGV8ABizt2tUiRRnRTd0<\/a><\/p>\n<p>&nbsp;<\/p>\n","protected":false},"excerpt":{"rendered":"<p>\u201cA pandemia causada pelo novo coronav\u00edrus (covid-19) tem trazido mudan\u00e7as na vida cotidiana das crian\u00e7as. H\u00e1 ind\u00edcios de que a taxa de mortalidade nessa faixa et\u00e1ria \u00e9 relativamente menor em compara\u00e7\u00e3o a outros grupos, como adultos e idosos. No entanto, \u00e9 preciso afirmar que todas as crian\u00e7as est\u00e3o suscet\u00edveis \u00e0s repercuss\u00f5es psicossociais da pandemia. A [&hellip;]<\/p>\n","protected":false},"author":2,"featured_media":0,"comment_status":"open","ping_status":"open","sticky":false,"template":"","format":"standard","meta":{"site-container-style":"default","site-container-layout":"default","site-sidebar-layout":"default","disable-article-header":"default","disable-site-header":"default","disable-site-footer":"default","disable-content-area-spacing":"default","footnotes":""},"categories":[446],"tags":[],"class_list":["post-31728","post","type-post","status-publish","format-standard","hentry","category-coronavirus"],"yoast_head":"<!-- This site is optimized with the Yoast SEO plugin v27.4 - https:\/\/yoast.com\/product\/yoast-seo-wordpress\/ -->\n<title>Crian\u00e7as na pandemia Covid-19 - Sa\u00fade Mental e Aten\u00e7\u00e3o Psicossocial -<\/title>\n<meta name=\"robots\" content=\"index, follow, max-snippet:-1, max-image-preview:large, max-video-preview:-1\" \/>\n<link rel=\"canonical\" href=\"https:\/\/inclusivenews.com.br\/?p=31728\" \/>\n<meta property=\"og:locale\" content=\"pt_PT\" \/>\n<meta property=\"og:type\" content=\"article\" \/>\n<meta property=\"og:title\" content=\"Crian\u00e7as na pandemia Covid-19 - Sa\u00fade Mental e Aten\u00e7\u00e3o Psicossocial -\" \/>\n<meta property=\"og:description\" content=\"\u201cA pandemia causada pelo novo coronav\u00edrus (covid-19) tem trazido mudan\u00e7as na vida cotidiana das crian\u00e7as. H\u00e1 ind\u00edcios de que a taxa de mortalidade nessa faixa et\u00e1ria \u00e9 relativamente menor em compara\u00e7\u00e3o a outros grupos, como adultos e idosos. No entanto, \u00e9 preciso afirmar que todas as crian\u00e7as est\u00e3o suscet\u00edveis \u00e0s repercuss\u00f5es psicossociais da pandemia. A [&hellip;]\" \/>\n<meta property=\"og:url\" content=\"https:\/\/inclusivenews.com.br\/?p=31728\" \/>\n<meta property=\"article:publisher\" content=\"https:\/\/www.facebook.com\/agenciainclusive\/\" \/>\n<meta property=\"article:published_time\" content=\"2020-05-05T23:10:08+00:00\" \/>\n<meta property=\"og:image\" content=\"http:\/\/inclusivenews.com.br\/wp-content\/uploads\/fiocruz-229x300.jpg\" \/>\n<meta name=\"author\" content=\"Inclusive\" \/>\n<meta name=\"twitter:card\" content=\"summary_large_image\" \/>\n<meta name=\"twitter:label1\" content=\"Escrito por\" \/>\n\t<meta name=\"twitter:data1\" content=\"Inclusive\" \/>\n\t<meta name=\"twitter:label2\" content=\"Tempo estimado de leitura\" \/>\n\t<meta name=\"twitter:data2\" content=\"3 minutos\" \/>\n<script type=\"application\/ld+json\" class=\"yoast-schema-graph\">{\"@context\":\"https:\\\/\\\/schema.org\",\"@graph\":[{\"@type\":\"Article\",\"@id\":\"https:\\\/\\\/inclusivenews.com.br\\\/?p=31728#article\",\"isPartOf\":{\"@id\":\"https:\\\/\\\/inclusivenews.com.br\\\/?p=31728\"},\"author\":{\"name\":\"Inclusive\",\"@id\":\"https:\\\/\\\/inclusivenews.com.br\\\/#\\\/schema\\\/person\\\/0dab492019871b94abb65fa8ee7c8c44\"},\"headline\":\"Crian\u00e7as na pandemia Covid-19 &#8211; Sa\u00fade Mental e Aten\u00e7\u00e3o Psicossocial\",\"datePublished\":\"2020-05-05T23:10:08+00:00\",\"mainEntityOfPage\":{\"@id\":\"https:\\\/\\\/inclusivenews.com.br\\\/?p=31728\"},\"wordCount\":573,\"commentCount\":0,\"publisher\":{\"@id\":\"https:\\\/\\\/inclusivenews.com.br\\\/#organization\"},\"image\":{\"@id\":\"https:\\\/\\\/inclusivenews.com.br\\\/?p=31728#primaryimage\"},\"thumbnailUrl\":\"http:\\\/\\\/inclusivenews.com.br\\\/wp-content\\\/uploads\\\/fiocruz-229x300.jpg\",\"articleSection\":[\"Coronav\u00edrus\"],\"inLanguage\":\"pt-PT\",\"potentialAction\":[{\"@type\":\"CommentAction\",\"name\":\"Comment\",\"target\":[\"https:\\\/\\\/inclusivenews.com.br\\\/?p=31728#respond\"]}]},{\"@type\":\"WebPage\",\"@id\":\"https:\\\/\\\/inclusivenews.com.br\\\/?p=31728\",\"url\":\"https:\\\/\\\/inclusivenews.com.br\\\/?p=31728\",\"name\":\"Crian\u00e7as na pandemia Covid-19 - Sa\u00fade Mental e Aten\u00e7\u00e3o Psicossocial -\",\"isPartOf\":{\"@id\":\"https:\\\/\\\/inclusivenews.com.br\\\/#website\"},\"primaryImageOfPage\":{\"@id\":\"https:\\\/\\\/inclusivenews.com.br\\\/?p=31728#primaryimage\"},\"image\":{\"@id\":\"https:\\\/\\\/inclusivenews.com.br\\\/?p=31728#primaryimage\"},\"thumbnailUrl\":\"http:\\\/\\\/inclusivenews.com.br\\\/wp-content\\\/uploads\\\/fiocruz-229x300.jpg\",\"datePublished\":\"2020-05-05T23:10:08+00:00\",\"breadcrumb\":{\"@id\":\"https:\\\/\\\/inclusivenews.com.br\\\/?p=31728#breadcrumb\"},\"inLanguage\":\"pt-PT\",\"potentialAction\":[{\"@type\":\"ReadAction\",\"target\":[\"https:\\\/\\\/inclusivenews.com.br\\\/?p=31728\"]}]},{\"@type\":\"ImageObject\",\"inLanguage\":\"pt-PT\",\"@id\":\"https:\\\/\\\/inclusivenews.com.br\\\/?p=31728#primaryimage\",\"url\":\"\",\"contentUrl\":\"\"},{\"@type\":\"BreadcrumbList\",\"@id\":\"https:\\\/\\\/inclusivenews.com.br\\\/?p=31728#breadcrumb\",\"itemListElement\":[{\"@type\":\"ListItem\",\"position\":1,\"name\":\"In\u00edcio\",\"item\":\"https:\\\/\\\/inclusivenews.com.br\\\/\"},{\"@type\":\"ListItem\",\"position\":2,\"name\":\"Crian\u00e7as na pandemia Covid-19 &#8211; Sa\u00fade Mental e Aten\u00e7\u00e3o Psicossocial\"}]},{\"@type\":\"WebSite\",\"@id\":\"https:\\\/\\\/inclusivenews.com.br\\\/#website\",\"url\":\"https:\\\/\\\/inclusivenews.com.br\\\/\",\"name\":\"Inclusive News\",\"description\":\"Inclusive News\",\"publisher\":{\"@id\":\"https:\\\/\\\/inclusivenews.com.br\\\/#organization\"},\"potentialAction\":[{\"@type\":\"SearchAction\",\"target\":{\"@type\":\"EntryPoint\",\"urlTemplate\":\"https:\\\/\\\/inclusivenews.com.br\\\/?s={search_term_string}\"},\"query-input\":{\"@type\":\"PropertyValueSpecification\",\"valueRequired\":true,\"valueName\":\"search_term_string\"}}],\"inLanguage\":\"pt-PT\"},{\"@type\":\"Organization\",\"@id\":\"https:\\\/\\\/inclusivenews.com.br\\\/#organization\",\"name\":\"Inclusive - inclus\u00e3o e cidadania\",\"url\":\"https:\\\/\\\/inclusivenews.com.br\\\/\",\"logo\":{\"@type\":\"ImageObject\",\"inLanguage\":\"pt-PT\",\"@id\":\"https:\\\/\\\/inclusivenews.com.br\\\/#\\\/schema\\\/logo\\\/image\\\/\",\"url\":\"https:\\\/\\\/inclusivenews.com.br\\\/wp-content\\\/uploads\\\/2024\\\/03\\\/@grandesite.png\",\"contentUrl\":\"https:\\\/\\\/inclusivenews.com.br\\\/wp-content\\\/uploads\\\/2024\\\/03\\\/@grandesite.png\",\"width\":1080,\"height\":1080,\"caption\":\"Inclusive - inclus\u00e3o e cidadania\"},\"image\":{\"@id\":\"https:\\\/\\\/inclusivenews.com.br\\\/#\\\/schema\\\/logo\\\/image\\\/\"},\"sameAs\":[\"https:\\\/\\\/www.facebook.com\\\/agenciainclusive\\\/\",\"https:\\\/\\\/www.instagram.com\\\/newsinclusive\\\/\"]},{\"@type\":\"Person\",\"@id\":\"https:\\\/\\\/inclusivenews.com.br\\\/#\\\/schema\\\/person\\\/0dab492019871b94abb65fa8ee7c8c44\",\"name\":\"Inclusive\",\"image\":{\"@type\":\"ImageObject\",\"inLanguage\":\"pt-PT\",\"@id\":\"https:\\\/\\\/secure.gravatar.com\\\/avatar\\\/?s=96&d=mm&r=g\",\"url\":\"https:\\\/\\\/secure.gravatar.com\\\/avatar\\\/?s=96&d=mm&r=g\",\"contentUrl\":\"https:\\\/\\\/secure.gravatar.com\\\/avatar\\\/?s=96&d=mm&r=g\",\"caption\":\"Inclusive\"},\"url\":\"https:\\\/\\\/inclusivenews.com.br\\\/?author=2\"}]}<\/script>\n<!-- \/ Yoast SEO plugin. -->","yoast_head_json":{"title":"Crian\u00e7as na pandemia Covid-19 - Sa\u00fade Mental e Aten\u00e7\u00e3o Psicossocial -","robots":{"index":"index","follow":"follow","max-snippet":"max-snippet:-1","max-image-preview":"max-image-preview:large","max-video-preview":"max-video-preview:-1"},"canonical":"https:\/\/inclusivenews.com.br\/?p=31728","og_locale":"pt_PT","og_type":"article","og_title":"Crian\u00e7as na pandemia Covid-19 - Sa\u00fade Mental e Aten\u00e7\u00e3o Psicossocial -","og_description":"\u201cA pandemia causada pelo novo coronav\u00edrus (covid-19) tem trazido mudan\u00e7as na vida cotidiana das crian\u00e7as. H\u00e1 ind\u00edcios de que a taxa de mortalidade nessa faixa et\u00e1ria \u00e9 relativamente menor em compara\u00e7\u00e3o a outros grupos, como adultos e idosos. No entanto, \u00e9 preciso afirmar que todas as crian\u00e7as est\u00e3o suscet\u00edveis \u00e0s repercuss\u00f5es psicossociais da pandemia. A [&hellip;]","og_url":"https:\/\/inclusivenews.com.br\/?p=31728","article_publisher":"https:\/\/www.facebook.com\/agenciainclusive\/","article_published_time":"2020-05-05T23:10:08+00:00","og_image":[{"url":"http:\/\/inclusivenews.com.br\/wp-content\/uploads\/fiocruz-229x300.jpg","type":"","width":"","height":""}],"author":"Inclusive","twitter_card":"summary_large_image","twitter_misc":{"Escrito por":"Inclusive","Tempo estimado de leitura":"3 minutos"},"schema":{"@context":"https:\/\/schema.org","@graph":[{"@type":"Article","@id":"https:\/\/inclusivenews.com.br\/?p=31728#article","isPartOf":{"@id":"https:\/\/inclusivenews.com.br\/?p=31728"},"author":{"name":"Inclusive","@id":"https:\/\/inclusivenews.com.br\/#\/schema\/person\/0dab492019871b94abb65fa8ee7c8c44"},"headline":"Crian\u00e7as na pandemia Covid-19 &#8211; Sa\u00fade Mental e Aten\u00e7\u00e3o Psicossocial","datePublished":"2020-05-05T23:10:08+00:00","mainEntityOfPage":{"@id":"https:\/\/inclusivenews.com.br\/?p=31728"},"wordCount":573,"commentCount":0,"publisher":{"@id":"https:\/\/inclusivenews.com.br\/#organization"},"image":{"@id":"https:\/\/inclusivenews.com.br\/?p=31728#primaryimage"},"thumbnailUrl":"http:\/\/inclusivenews.com.br\/wp-content\/uploads\/fiocruz-229x300.jpg","articleSection":["Coronav\u00edrus"],"inLanguage":"pt-PT","potentialAction":[{"@type":"CommentAction","name":"Comment","target":["https:\/\/inclusivenews.com.br\/?p=31728#respond"]}]},{"@type":"WebPage","@id":"https:\/\/inclusivenews.com.br\/?p=31728","url":"https:\/\/inclusivenews.com.br\/?p=31728","name":"Crian\u00e7as na pandemia Covid-19 - Sa\u00fade Mental e Aten\u00e7\u00e3o Psicossocial -","isPartOf":{"@id":"https:\/\/inclusivenews.com.br\/#website"},"primaryImageOfPage":{"@id":"https:\/\/inclusivenews.com.br\/?p=31728#primaryimage"},"image":{"@id":"https:\/\/inclusivenews.com.br\/?p=31728#primaryimage"},"thumbnailUrl":"http:\/\/inclusivenews.com.br\/wp-content\/uploads\/fiocruz-229x300.jpg","datePublished":"2020-05-05T23:10:08+00:00","breadcrumb":{"@id":"https:\/\/inclusivenews.com.br\/?p=31728#breadcrumb"},"inLanguage":"pt-PT","potentialAction":[{"@type":"ReadAction","target":["https:\/\/inclusivenews.com.br\/?p=31728"]}]},{"@type":"ImageObject","inLanguage":"pt-PT","@id":"https:\/\/inclusivenews.com.br\/?p=31728#primaryimage","url":"","contentUrl":""},{"@type":"BreadcrumbList","@id":"https:\/\/inclusivenews.com.br\/?p=31728#breadcrumb","itemListElement":[{"@type":"ListItem","position":1,"name":"In\u00edcio","item":"https:\/\/inclusivenews.com.br\/"},{"@type":"ListItem","position":2,"name":"Crian\u00e7as na pandemia Covid-19 &#8211; Sa\u00fade Mental e Aten\u00e7\u00e3o Psicossocial"}]},{"@type":"WebSite","@id":"https:\/\/inclusivenews.com.br\/#website","url":"https:\/\/inclusivenews.com.br\/","name":"Inclusive News","description":"Inclusive News","publisher":{"@id":"https:\/\/inclusivenews.com.br\/#organization"},"potentialAction":[{"@type":"SearchAction","target":{"@type":"EntryPoint","urlTemplate":"https:\/\/inclusivenews.com.br\/?s={search_term_string}"},"query-input":{"@type":"PropertyValueSpecification","valueRequired":true,"valueName":"search_term_string"}}],"inLanguage":"pt-PT"},{"@type":"Organization","@id":"https:\/\/inclusivenews.com.br\/#organization","name":"Inclusive - inclus\u00e3o e cidadania","url":"https:\/\/inclusivenews.com.br\/","logo":{"@type":"ImageObject","inLanguage":"pt-PT","@id":"https:\/\/inclusivenews.com.br\/#\/schema\/logo\/image\/","url":"https:\/\/inclusivenews.com.br\/wp-content\/uploads\/2024\/03\/@grandesite.png","contentUrl":"https:\/\/inclusivenews.com.br\/wp-content\/uploads\/2024\/03\/@grandesite.png","width":1080,"height":1080,"caption":"Inclusive - inclus\u00e3o e cidadania"},"image":{"@id":"https:\/\/inclusivenews.com.br\/#\/schema\/logo\/image\/"},"sameAs":["https:\/\/www.facebook.com\/agenciainclusive\/","https:\/\/www.instagram.com\/newsinclusive\/"]},{"@type":"Person","@id":"https:\/\/inclusivenews.com.br\/#\/schema\/person\/0dab492019871b94abb65fa8ee7c8c44","name":"Inclusive","image":{"@type":"ImageObject","inLanguage":"pt-PT","@id":"https:\/\/secure.gravatar.com\/avatar\/?s=96&d=mm&r=g","url":"https:\/\/secure.gravatar.com\/avatar\/?s=96&d=mm&r=g","contentUrl":"https:\/\/secure.gravatar.com\/avatar\/?s=96&d=mm&r=g","caption":"Inclusive"},"url":"https:\/\/inclusivenews.com.br\/?author=2"}]}},"_links":{"self":[{"href":"https:\/\/inclusivenews.com.br\/index.php?rest_route=\/wp\/v2\/posts\/31728","targetHints":{"allow":["GET"]}}],"collection":[{"href":"https:\/\/inclusivenews.com.br\/index.php?rest_route=\/wp\/v2\/posts"}],"about":[{"href":"https:\/\/inclusivenews.com.br\/index.php?rest_route=\/wp\/v2\/types\/post"}],"author":[{"embeddable":true,"href":"https:\/\/inclusivenews.com.br\/index.php?rest_route=\/wp\/v2\/users\/2"}],"replies":[{"embeddable":true,"href":"https:\/\/inclusivenews.com.br\/index.php?rest_route=%2Fwp%2Fv2%2Fcomments&post=31728"}],"version-history":[{"count":0,"href":"https:\/\/inclusivenews.com.br\/index.php?rest_route=\/wp\/v2\/posts\/31728\/revisions"}],"wp:attachment":[{"href":"https:\/\/inclusivenews.com.br\/index.php?rest_route=%2Fwp%2Fv2%2Fmedia&parent=31728"}],"wp:term":[{"taxonomy":"category","embeddable":true,"href":"https:\/\/inclusivenews.com.br\/index.php?rest_route=%2Fwp%2Fv2%2Fcategories&post=31728"},{"taxonomy":"post_tag","embeddable":true,"href":"https:\/\/inclusivenews.com.br\/index.php?rest_route=%2Fwp%2Fv2%2Ftags&post=31728"}],"curies":[{"name":"wp","href":"https:\/\/api.w.org\/{rel}","templated":true}]}}