{"id":31741,"date":"2020-05-09T15:36:09","date_gmt":"2020-05-09T18:36:09","guid":{"rendered":"http:\/\/www.inclusive.org.br\/?p=31741"},"modified":"2020-05-09T15:36:09","modified_gmt":"2020-05-09T18:36:09","slug":"ibdfam-direitos-das-pessoas-com-deficiencia-recomendacoes-sobre-internacao-tratamento-em-unidades-hospitalares-e-garantias","status":"publish","type":"post","link":"https:\/\/inclusivenews.com.br\/?p=31741","title":{"rendered":"IBDFAM &#8211; Direitos das Pessoas com Defici\u00eancia: recomenda\u00e7\u00f5es sobre interna\u00e7\u00e3o, tratamento em unidades hospitalares e garantias"},"content":{"rendered":"<p><img loading=\"lazy\" decoding=\"async\" class=\"alignnone size-medium wp-image-31742\" src=\"http:\/\/inclusivenews.com.br\/wp-content\/uploads\/amp-logo-IBDFAM-300x300.jpg\" alt=\"ibdfam\" width=\"300\" height=\"300\" \/>Sobre Direitos das Pessoas com Defici\u00eancia: recomenda\u00e7\u00f5es sobre interna\u00e7\u00e3o, tratamento em unidades hospitalares e garantias<\/p>\n<p>Segue abaixo:<\/p>\n<p>Of. Pres. no 06\/2020<br \/>\nBelo Horizonte, 05 de maio de 2020<\/p>\n<p>Excelent\u00edssimo Senhor<br \/>\nMinistro Nelson Teich<br \/>\nMinistro da Sa\u00fade- Governo Federal<br \/>\nSenhor Ministro,<\/p>\n<p>O Instituto Brasileiro de Direito de Fam\u00edlia &#8211; IBDFAM, entidade cient\u00edfica sem fins lucrativos, CNPJ no 02.571.616\/0001-48, com sede em Belo Horizonte MG, na Rua Tenente Brito Melo, no 1.215, 8o andar, vem por meio de sua Comiss\u00e3o da Pessoa com Defici\u00eancia, na pessoa da sua Presidente a Advogada Claudia Grabois, solicita a aten\u00e7\u00e3o de Vossa Excel\u00eancia, em raz\u00e3o da pandemia provocada pela Covid-19, com o objetivo \u00fanico de contribuir, considerando que, em conformidade com o censo IBGE 2010, a popula\u00e7\u00e3o de pessoas com defici\u00eancia \u00e9 de 45.000.000 de pessoas, vulner\u00e1veis e (hiper) vulner\u00e1veis, que necessitam de maior aten\u00e7\u00e3o.<\/p>\n<p>Neste sentido, registramos algumas recomenda\u00e7\u00f5es para a sa\u00fade,<br \/>\nfundamentadas na legisla\u00e7\u00e3o p\u00e1tria.<\/p>\n<p>1. As pessoas com defici\u00eancia ter\u00e3o acesso aos cuidados de sa\u00fade estabelecidos por crit\u00e9rios cl\u00ednicos objetivos, sem discrimina\u00e7\u00e3o, e em igualdade de condi\u00e7\u00f5es com as demais pessoas.<\/p>\n<p>2. Em nenhuma hip\u00f3tese as pessoas com defici\u00eancia ser\u00e3o julgadas com base no tipo de defici\u00eancia para ter acesso ao tratamento adequado.<\/p>\n<p>3. N\u00e3o ser\u00e3o negados ou limitados cuidados de sa\u00fade \u00e0 pessoa com defici\u00eancia sob o argumento da condi\u00e7\u00e3o de defici\u00eancia.<\/p>\n<p>4. As pessoas com defici\u00eancia t\u00eam direito a todos os medicamentos adequados, m\u00e1scaras, roupas, luvas e equipamentos, a exemplo de ventiladores mec\u00e2nicos e respiradores, quando necess\u00e1rios, leitos de UTI, bem como a todos os materiais de prote\u00e7\u00e3o individual (EPIs).<\/p>\n<p>5. As pessoas com defici\u00eancia receber\u00e3o informa\u00e7\u00f5es acess\u00edveis e objetivas sobre a enfermidade e situa\u00e7\u00e3o de sa\u00fade, bem como sobre procedimentos e consequ\u00eancias.<\/p>\n<p>6. As pessoas com defici\u00eancia sem comunica\u00e7\u00e3o e dependentes de terceiros para alimenta\u00e7\u00e3o e locomo\u00e7\u00e3o, ter\u00e3o direito preferencial ao acompanhante, no caso de interna\u00e7\u00e3o hospitalar, o qual receber\u00e1 materiais de prote\u00e7\u00e3o individual.<\/p>\n<p>7. As pessoas que n\u00e3o tiverem direito ao acompanhante ter\u00e3o assegurado o contato com familiar, pessoa de refer\u00eancia por ele indicada e\/ou com institui\u00e7\u00e3o ou entidade indicada.<\/p>\n<p>8. N\u00e3o ser\u00e1 omitida qualquer informa\u00e7\u00e3o sobre o quadro de sa\u00fade e, em caso de falta de suporte, ser\u00e1 usada a tecnologia para que seja assegurada informa\u00e7\u00e3o com acessibilidade.<\/p>\n<p>9. As pessoas com defici\u00eancia adultas, poder\u00e3o acautelar na unidade hospitalar documento em tinta ou em grava\u00e7\u00e3o contendo a forma que querem ser tratadas e quais tratamentos aceitam.<\/p>\n<p>10. A pessoa poder\u00e1 fazer grava\u00e7\u00e3o do leito de hospital e contar\u00e1 com apoio necess\u00e1rio de pessoa de sua refer\u00eancia, sem interfer\u00eancia em sua decis\u00e3o final. (Vide Item 7).<\/p>\n<p>11. Em nenhuma hip\u00f3tese pessoas com defici\u00eancia ser\u00e3o pressionadas a n\u00e3o receber tratamento e, via de regra, devem ser informadas sobre a evolu\u00e7\u00e3o ou piora do quadro e ter\u00e3o o direito ao apoio de pessoa de refer\u00eancia do n\u00facleo afetivo e\/ou de profissional de entidade indicada pela pessoa, sempre que poss\u00edvel.<\/p>\n<p>12. A unidade hospitalar entrar\u00e1 em contato com a pessoa indicada, em caso de urg\u00eancia, e, preferencialmente, com a participa\u00e7\u00e3o da pessoa com defici\u00eancia internada.<\/p>\n<p>13. N\u00e3o ser\u00e1 considerada a falta de oferta de acessibilidade como impossibilidade de receber informa\u00e7\u00e3o e\/ou tomar decis\u00e3o.<\/p>\n<p>14. Adolescentes, a contar de 16 anos de idade, poder\u00e3o se manifestar e colocar a sua vontade, devidamente assistidos pelos pais, guardi\u00f5es ou tutores.<\/p>\n<p>15. Em nenhuma hip\u00f3tese a acessibilidade ser\u00e1 negada \u00e0s pessoas com defici\u00eancia.<\/p>\n<p>16. Para oferta de acessibilidade, as unidades de sa\u00fade devem se estruturar com recursos e adequa\u00e7\u00f5es razo\u00e1veis para acessibilidade, entre elas atitudinal, arquitet\u00f4nica, na comunica\u00e7\u00e3o, na informa\u00e7\u00e3o, pedag\u00f3gica, adotando o uso de ipad, celulares e tecnologias assistivas.<\/p>\n<p>17. Se necess\u00e1rio, ser\u00e3o firmados conv\u00eanios com profissionais do atendimento educacional especializado, entidades filantr\u00f3picas, direitos humanos, assist\u00eancia social e de aten\u00e7\u00e3o \u00e0 da pessoa com defici\u00eancia, para fins de troca de informa\u00e7\u00e3o e consultoria, com o objetivo de assegurar acessibilidade nas unidades de sa\u00fade.<\/p>\n<p>18. Em hip\u00f3tese alguma, ser\u00e3o adotados crit\u00e9rios como julgamento de qualidade de vida da pessoa com defici\u00eancia e produtividade para fins de decis\u00e3o sobre tratamento e recursos, a exemplo de ventiladores mec\u00e2nicos e respiradores, quando necess\u00e1rios para o tratamento e recupera\u00e7\u00e3o.<\/p>\n<p>19. As estruturas para a tomada de decis\u00e3o ter\u00e3o como base a \u00e9tica e a escolha da pessoa com defici\u00eancia, seja com a participa\u00e7\u00e3o da fam\u00edlia e\/ou entidade de apoio, com o uso de tecnologias, se necess\u00e1rio.<\/p>\n<p>20. Quando da interna\u00e7\u00e3o, mesmo com atendimentos emergenciais em andamento, ser\u00e3o registradas as doen\u00e7as da pessoa internada, rem\u00e9dios que faz uso, contraindica\u00e7\u00f5es de medica\u00e7\u00e3o, para que sejam utilizados os medicamentos adequados durante emerg\u00eancia e no curso do tratamento.<\/p>\n<p>21. No ato da interna\u00e7\u00e3o ser\u00e1 perguntado \u00e0 pessoa com defici\u00eancia sobre a sua forma de comunica\u00e7\u00e3o e necessidade de acessibilidade. Na impossibilidade de a pessoa com defici\u00eancia informar, ser\u00e1 perguntado \u00e0 pessoa que acompanha. As informa\u00e7\u00f5es s\u00e3o para registro e uso durante a interna\u00e7\u00e3o e o tratamento.<\/p>\n<p>22. Em caso de pessoa que recebe o bolsa fam\u00edlia, o CRAS local ser\u00e1 informado sobre o tratamento e a interna\u00e7\u00e3o, com o objetivo de estabelecer contato com a fam\u00edlia.<\/p>\n<p>23. O CRAS orientar\u00e1 pessoas com defici\u00eancia e fam\u00edlias sobre direitos, em parceria com secretarias da pessoa com defici\u00eancia e associa\u00e7\u00f5es, podendo servir como base de apoio.<\/p>\n<p>24. A pessoa com defici\u00eancia, quando n\u00e3o tiver direito a acompanhante, poder\u00e1 estar e entrar em contato com familiares por meio de tecnologias, para este fim, contar\u00e1 com apoio de profissional da sa\u00fade.<\/p>\n<p>A recomenda\u00e7\u00e3o acima tem como base o Dec. Executivo 6949\/09, norma constitucional, considerado como o tratado de direitos humanos das pessoas com defici\u00eancia, em conjunto com a Constitui\u00e7\u00e3o Federal de 88 e a Lei 13.146\/15 &#8211; Lei Brasileira de Inclus\u00e3o da pessoa com defici\u00eancia.<\/p>\n<p>Em conformidade com o ordenamento jur\u00eddico, a pessoa com defici\u00eancia ter\u00e1 assegurada a prioridade no tratamento, sempre que poss\u00edvel, considerando a pandemia.<\/p>\n<p>Votos de estima e distinta considera\u00e7\u00e3o.<\/p>\n<p>Claudia Grabois<br \/>\nPresidente da Comiss\u00e3o da Pessoa com Defici\u00eancia<\/p>\n","protected":false},"excerpt":{"rendered":"<p>Sobre Direitos das Pessoas com Defici\u00eancia: recomenda\u00e7\u00f5es sobre interna\u00e7\u00e3o, tratamento em unidades hospitalares e garantias Segue abaixo: Of. Pres. no 06\/2020 Belo Horizonte, 05 de maio de 2020 Excelent\u00edssimo Senhor Ministro Nelson Teich Ministro da Sa\u00fade- Governo Federal Senhor Ministro, O Instituto Brasileiro de Direito de Fam\u00edlia &#8211; IBDFAM, entidade cient\u00edfica sem fins lucrativos, CNPJ [&hellip;]<\/p>\n","protected":false},"author":2,"featured_media":0,"comment_status":"open","ping_status":"open","sticky":false,"template":"","format":"standard","meta":{"site-container-style":"default","site-container-layout":"default","site-sidebar-layout":"default","disable-article-header":"default","disable-site-header":"default","disable-site-footer":"default","disable-content-area-spacing":"default","footnotes":""},"categories":[446],"tags":[],"class_list":["post-31741","post","type-post","status-publish","format-standard","hentry","category-coronavirus"],"yoast_head":"<!-- This site is optimized with the Yoast SEO plugin v27.4 - https:\/\/yoast.com\/product\/yoast-seo-wordpress\/ -->\n<title>IBDFAM - Direitos das Pessoas com Defici\u00eancia: recomenda\u00e7\u00f5es sobre interna\u00e7\u00e3o, tratamento em unidades hospitalares e garantias -<\/title>\n<meta name=\"robots\" content=\"index, follow, max-snippet:-1, max-image-preview:large, max-video-preview:-1\" \/>\n<link rel=\"canonical\" href=\"https:\/\/inclusivenews.com.br\/?p=31741\" \/>\n<meta property=\"og:locale\" content=\"pt_PT\" \/>\n<meta property=\"og:type\" content=\"article\" \/>\n<meta property=\"og:title\" content=\"IBDFAM - Direitos das Pessoas com Defici\u00eancia: recomenda\u00e7\u00f5es sobre interna\u00e7\u00e3o, tratamento em unidades hospitalares e garantias -\" \/>\n<meta property=\"og:description\" content=\"Sobre Direitos das Pessoas com Defici\u00eancia: recomenda\u00e7\u00f5es sobre interna\u00e7\u00e3o, tratamento em unidades hospitalares e garantias Segue abaixo: Of. Pres. no 06\/2020 Belo Horizonte, 05 de maio de 2020 Excelent\u00edssimo Senhor Ministro Nelson Teich Ministro da Sa\u00fade- Governo Federal Senhor Ministro, O Instituto Brasileiro de Direito de Fam\u00edlia &#8211; IBDFAM, entidade cient\u00edfica sem fins lucrativos, CNPJ [&hellip;]\" \/>\n<meta property=\"og:url\" content=\"https:\/\/inclusivenews.com.br\/?p=31741\" \/>\n<meta property=\"article:publisher\" content=\"https:\/\/www.facebook.com\/agenciainclusive\/\" \/>\n<meta property=\"article:published_time\" content=\"2020-05-09T18:36:09+00:00\" \/>\n<meta property=\"og:image\" content=\"http:\/\/inclusivenews.com.br\/wp-content\/uploads\/amp-logo-IBDFAM-300x300.jpg\" \/>\n<meta name=\"author\" content=\"Inclusive\" \/>\n<meta name=\"twitter:card\" content=\"summary_large_image\" \/>\n<meta name=\"twitter:label1\" content=\"Escrito por\" \/>\n\t<meta name=\"twitter:data1\" content=\"Inclusive\" \/>\n\t<meta name=\"twitter:label2\" content=\"Tempo estimado de leitura\" \/>\n\t<meta name=\"twitter:data2\" content=\"5 minutos\" \/>\n<script type=\"application\/ld+json\" class=\"yoast-schema-graph\">{\"@context\":\"https:\\\/\\\/schema.org\",\"@graph\":[{\"@type\":\"Article\",\"@id\":\"https:\\\/\\\/inclusivenews.com.br\\\/?p=31741#article\",\"isPartOf\":{\"@id\":\"https:\\\/\\\/inclusivenews.com.br\\\/?p=31741\"},\"author\":{\"name\":\"Inclusive\",\"@id\":\"https:\\\/\\\/inclusivenews.com.br\\\/#\\\/schema\\\/person\\\/0dab492019871b94abb65fa8ee7c8c44\"},\"headline\":\"IBDFAM &#8211; Direitos das Pessoas com Defici\u00eancia: recomenda\u00e7\u00f5es sobre interna\u00e7\u00e3o, tratamento em unidades hospitalares e garantias\",\"datePublished\":\"2020-05-09T18:36:09+00:00\",\"mainEntityOfPage\":{\"@id\":\"https:\\\/\\\/inclusivenews.com.br\\\/?p=31741\"},\"wordCount\":1114,\"commentCount\":0,\"publisher\":{\"@id\":\"https:\\\/\\\/inclusivenews.com.br\\\/#organization\"},\"image\":{\"@id\":\"https:\\\/\\\/inclusivenews.com.br\\\/?p=31741#primaryimage\"},\"thumbnailUrl\":\"http:\\\/\\\/inclusivenews.com.br\\\/wp-content\\\/uploads\\\/amp-logo-IBDFAM-300x300.jpg\",\"articleSection\":[\"Coronav\u00edrus\"],\"inLanguage\":\"pt-PT\",\"potentialAction\":[{\"@type\":\"CommentAction\",\"name\":\"Comment\",\"target\":[\"https:\\\/\\\/inclusivenews.com.br\\\/?p=31741#respond\"]}]},{\"@type\":\"WebPage\",\"@id\":\"https:\\\/\\\/inclusivenews.com.br\\\/?p=31741\",\"url\":\"https:\\\/\\\/inclusivenews.com.br\\\/?p=31741\",\"name\":\"IBDFAM - Direitos das Pessoas com Defici\u00eancia: recomenda\u00e7\u00f5es sobre interna\u00e7\u00e3o, tratamento em unidades hospitalares e garantias -\",\"isPartOf\":{\"@id\":\"https:\\\/\\\/inclusivenews.com.br\\\/#website\"},\"primaryImageOfPage\":{\"@id\":\"https:\\\/\\\/inclusivenews.com.br\\\/?p=31741#primaryimage\"},\"image\":{\"@id\":\"https:\\\/\\\/inclusivenews.com.br\\\/?p=31741#primaryimage\"},\"thumbnailUrl\":\"http:\\\/\\\/inclusivenews.com.br\\\/wp-content\\\/uploads\\\/amp-logo-IBDFAM-300x300.jpg\",\"datePublished\":\"2020-05-09T18:36:09+00:00\",\"breadcrumb\":{\"@id\":\"https:\\\/\\\/inclusivenews.com.br\\\/?p=31741#breadcrumb\"},\"inLanguage\":\"pt-PT\",\"potentialAction\":[{\"@type\":\"ReadAction\",\"target\":[\"https:\\\/\\\/inclusivenews.com.br\\\/?p=31741\"]}]},{\"@type\":\"ImageObject\",\"inLanguage\":\"pt-PT\",\"@id\":\"https:\\\/\\\/inclusivenews.com.br\\\/?p=31741#primaryimage\",\"url\":\"\",\"contentUrl\":\"\"},{\"@type\":\"BreadcrumbList\",\"@id\":\"https:\\\/\\\/inclusivenews.com.br\\\/?p=31741#breadcrumb\",\"itemListElement\":[{\"@type\":\"ListItem\",\"position\":1,\"name\":\"In\u00edcio\",\"item\":\"https:\\\/\\\/inclusivenews.com.br\\\/\"},{\"@type\":\"ListItem\",\"position\":2,\"name\":\"IBDFAM &#8211; Direitos das Pessoas com Defici\u00eancia: recomenda\u00e7\u00f5es sobre interna\u00e7\u00e3o, tratamento em unidades hospitalares e garantias\"}]},{\"@type\":\"WebSite\",\"@id\":\"https:\\\/\\\/inclusivenews.com.br\\\/#website\",\"url\":\"https:\\\/\\\/inclusivenews.com.br\\\/\",\"name\":\"Inclusive News\",\"description\":\"Inclusive News\",\"publisher\":{\"@id\":\"https:\\\/\\\/inclusivenews.com.br\\\/#organization\"},\"potentialAction\":[{\"@type\":\"SearchAction\",\"target\":{\"@type\":\"EntryPoint\",\"urlTemplate\":\"https:\\\/\\\/inclusivenews.com.br\\\/?s={search_term_string}\"},\"query-input\":{\"@type\":\"PropertyValueSpecification\",\"valueRequired\":true,\"valueName\":\"search_term_string\"}}],\"inLanguage\":\"pt-PT\"},{\"@type\":\"Organization\",\"@id\":\"https:\\\/\\\/inclusivenews.com.br\\\/#organization\",\"name\":\"Inclusive - inclus\u00e3o e cidadania\",\"url\":\"https:\\\/\\\/inclusivenews.com.br\\\/\",\"logo\":{\"@type\":\"ImageObject\",\"inLanguage\":\"pt-PT\",\"@id\":\"https:\\\/\\\/inclusivenews.com.br\\\/#\\\/schema\\\/logo\\\/image\\\/\",\"url\":\"https:\\\/\\\/inclusivenews.com.br\\\/wp-content\\\/uploads\\\/2024\\\/03\\\/@grandesite.png\",\"contentUrl\":\"https:\\\/\\\/inclusivenews.com.br\\\/wp-content\\\/uploads\\\/2024\\\/03\\\/@grandesite.png\",\"width\":1080,\"height\":1080,\"caption\":\"Inclusive - inclus\u00e3o e cidadania\"},\"image\":{\"@id\":\"https:\\\/\\\/inclusivenews.com.br\\\/#\\\/schema\\\/logo\\\/image\\\/\"},\"sameAs\":[\"https:\\\/\\\/www.facebook.com\\\/agenciainclusive\\\/\",\"https:\\\/\\\/www.instagram.com\\\/newsinclusive\\\/\"]},{\"@type\":\"Person\",\"@id\":\"https:\\\/\\\/inclusivenews.com.br\\\/#\\\/schema\\\/person\\\/0dab492019871b94abb65fa8ee7c8c44\",\"name\":\"Inclusive\",\"image\":{\"@type\":\"ImageObject\",\"inLanguage\":\"pt-PT\",\"@id\":\"https:\\\/\\\/secure.gravatar.com\\\/avatar\\\/?s=96&d=mm&r=g\",\"url\":\"https:\\\/\\\/secure.gravatar.com\\\/avatar\\\/?s=96&d=mm&r=g\",\"contentUrl\":\"https:\\\/\\\/secure.gravatar.com\\\/avatar\\\/?s=96&d=mm&r=g\",\"caption\":\"Inclusive\"},\"url\":\"https:\\\/\\\/inclusivenews.com.br\\\/?author=2\"}]}<\/script>\n<!-- \/ Yoast SEO plugin. -->","yoast_head_json":{"title":"IBDFAM - Direitos das Pessoas com Defici\u00eancia: recomenda\u00e7\u00f5es sobre interna\u00e7\u00e3o, tratamento em unidades hospitalares e garantias -","robots":{"index":"index","follow":"follow","max-snippet":"max-snippet:-1","max-image-preview":"max-image-preview:large","max-video-preview":"max-video-preview:-1"},"canonical":"https:\/\/inclusivenews.com.br\/?p=31741","og_locale":"pt_PT","og_type":"article","og_title":"IBDFAM - Direitos das Pessoas com Defici\u00eancia: recomenda\u00e7\u00f5es sobre interna\u00e7\u00e3o, tratamento em unidades hospitalares e garantias -","og_description":"Sobre Direitos das Pessoas com Defici\u00eancia: recomenda\u00e7\u00f5es sobre interna\u00e7\u00e3o, tratamento em unidades hospitalares e garantias Segue abaixo: Of. Pres. no 06\/2020 Belo Horizonte, 05 de maio de 2020 Excelent\u00edssimo Senhor Ministro Nelson Teich Ministro da Sa\u00fade- Governo Federal Senhor Ministro, O Instituto Brasileiro de Direito de Fam\u00edlia &#8211; IBDFAM, entidade cient\u00edfica sem fins lucrativos, CNPJ [&hellip;]","og_url":"https:\/\/inclusivenews.com.br\/?p=31741","article_publisher":"https:\/\/www.facebook.com\/agenciainclusive\/","article_published_time":"2020-05-09T18:36:09+00:00","og_image":[{"url":"http:\/\/inclusivenews.com.br\/wp-content\/uploads\/amp-logo-IBDFAM-300x300.jpg","type":"","width":"","height":""}],"author":"Inclusive","twitter_card":"summary_large_image","twitter_misc":{"Escrito por":"Inclusive","Tempo estimado de leitura":"5 minutos"},"schema":{"@context":"https:\/\/schema.org","@graph":[{"@type":"Article","@id":"https:\/\/inclusivenews.com.br\/?p=31741#article","isPartOf":{"@id":"https:\/\/inclusivenews.com.br\/?p=31741"},"author":{"name":"Inclusive","@id":"https:\/\/inclusivenews.com.br\/#\/schema\/person\/0dab492019871b94abb65fa8ee7c8c44"},"headline":"IBDFAM &#8211; Direitos das Pessoas com Defici\u00eancia: recomenda\u00e7\u00f5es sobre interna\u00e7\u00e3o, tratamento em unidades hospitalares e garantias","datePublished":"2020-05-09T18:36:09+00:00","mainEntityOfPage":{"@id":"https:\/\/inclusivenews.com.br\/?p=31741"},"wordCount":1114,"commentCount":0,"publisher":{"@id":"https:\/\/inclusivenews.com.br\/#organization"},"image":{"@id":"https:\/\/inclusivenews.com.br\/?p=31741#primaryimage"},"thumbnailUrl":"http:\/\/inclusivenews.com.br\/wp-content\/uploads\/amp-logo-IBDFAM-300x300.jpg","articleSection":["Coronav\u00edrus"],"inLanguage":"pt-PT","potentialAction":[{"@type":"CommentAction","name":"Comment","target":["https:\/\/inclusivenews.com.br\/?p=31741#respond"]}]},{"@type":"WebPage","@id":"https:\/\/inclusivenews.com.br\/?p=31741","url":"https:\/\/inclusivenews.com.br\/?p=31741","name":"IBDFAM - Direitos das Pessoas com Defici\u00eancia: recomenda\u00e7\u00f5es sobre interna\u00e7\u00e3o, tratamento em unidades hospitalares e garantias -","isPartOf":{"@id":"https:\/\/inclusivenews.com.br\/#website"},"primaryImageOfPage":{"@id":"https:\/\/inclusivenews.com.br\/?p=31741#primaryimage"},"image":{"@id":"https:\/\/inclusivenews.com.br\/?p=31741#primaryimage"},"thumbnailUrl":"http:\/\/inclusivenews.com.br\/wp-content\/uploads\/amp-logo-IBDFAM-300x300.jpg","datePublished":"2020-05-09T18:36:09+00:00","breadcrumb":{"@id":"https:\/\/inclusivenews.com.br\/?p=31741#breadcrumb"},"inLanguage":"pt-PT","potentialAction":[{"@type":"ReadAction","target":["https:\/\/inclusivenews.com.br\/?p=31741"]}]},{"@type":"ImageObject","inLanguage":"pt-PT","@id":"https:\/\/inclusivenews.com.br\/?p=31741#primaryimage","url":"","contentUrl":""},{"@type":"BreadcrumbList","@id":"https:\/\/inclusivenews.com.br\/?p=31741#breadcrumb","itemListElement":[{"@type":"ListItem","position":1,"name":"In\u00edcio","item":"https:\/\/inclusivenews.com.br\/"},{"@type":"ListItem","position":2,"name":"IBDFAM &#8211; Direitos das Pessoas com Defici\u00eancia: recomenda\u00e7\u00f5es sobre interna\u00e7\u00e3o, tratamento em unidades hospitalares e garantias"}]},{"@type":"WebSite","@id":"https:\/\/inclusivenews.com.br\/#website","url":"https:\/\/inclusivenews.com.br\/","name":"Inclusive News","description":"Inclusive News","publisher":{"@id":"https:\/\/inclusivenews.com.br\/#organization"},"potentialAction":[{"@type":"SearchAction","target":{"@type":"EntryPoint","urlTemplate":"https:\/\/inclusivenews.com.br\/?s={search_term_string}"},"query-input":{"@type":"PropertyValueSpecification","valueRequired":true,"valueName":"search_term_string"}}],"inLanguage":"pt-PT"},{"@type":"Organization","@id":"https:\/\/inclusivenews.com.br\/#organization","name":"Inclusive - inclus\u00e3o e cidadania","url":"https:\/\/inclusivenews.com.br\/","logo":{"@type":"ImageObject","inLanguage":"pt-PT","@id":"https:\/\/inclusivenews.com.br\/#\/schema\/logo\/image\/","url":"https:\/\/inclusivenews.com.br\/wp-content\/uploads\/2024\/03\/@grandesite.png","contentUrl":"https:\/\/inclusivenews.com.br\/wp-content\/uploads\/2024\/03\/@grandesite.png","width":1080,"height":1080,"caption":"Inclusive - inclus\u00e3o e cidadania"},"image":{"@id":"https:\/\/inclusivenews.com.br\/#\/schema\/logo\/image\/"},"sameAs":["https:\/\/www.facebook.com\/agenciainclusive\/","https:\/\/www.instagram.com\/newsinclusive\/"]},{"@type":"Person","@id":"https:\/\/inclusivenews.com.br\/#\/schema\/person\/0dab492019871b94abb65fa8ee7c8c44","name":"Inclusive","image":{"@type":"ImageObject","inLanguage":"pt-PT","@id":"https:\/\/secure.gravatar.com\/avatar\/?s=96&d=mm&r=g","url":"https:\/\/secure.gravatar.com\/avatar\/?s=96&d=mm&r=g","contentUrl":"https:\/\/secure.gravatar.com\/avatar\/?s=96&d=mm&r=g","caption":"Inclusive"},"url":"https:\/\/inclusivenews.com.br\/?author=2"}]}},"_links":{"self":[{"href":"https:\/\/inclusivenews.com.br\/index.php?rest_route=\/wp\/v2\/posts\/31741","targetHints":{"allow":["GET"]}}],"collection":[{"href":"https:\/\/inclusivenews.com.br\/index.php?rest_route=\/wp\/v2\/posts"}],"about":[{"href":"https:\/\/inclusivenews.com.br\/index.php?rest_route=\/wp\/v2\/types\/post"}],"author":[{"embeddable":true,"href":"https:\/\/inclusivenews.com.br\/index.php?rest_route=\/wp\/v2\/users\/2"}],"replies":[{"embeddable":true,"href":"https:\/\/inclusivenews.com.br\/index.php?rest_route=%2Fwp%2Fv2%2Fcomments&post=31741"}],"version-history":[{"count":0,"href":"https:\/\/inclusivenews.com.br\/index.php?rest_route=\/wp\/v2\/posts\/31741\/revisions"}],"wp:attachment":[{"href":"https:\/\/inclusivenews.com.br\/index.php?rest_route=%2Fwp%2Fv2%2Fmedia&parent=31741"}],"wp:term":[{"taxonomy":"category","embeddable":true,"href":"https:\/\/inclusivenews.com.br\/index.php?rest_route=%2Fwp%2Fv2%2Fcategories&post=31741"},{"taxonomy":"post_tag","embeddable":true,"href":"https:\/\/inclusivenews.com.br\/index.php?rest_route=%2Fwp%2Fv2%2Ftags&post=31741"}],"curies":[{"name":"wp","href":"https:\/\/api.w.org\/{rel}","templated":true}]}}