{"id":31748,"date":"2020-06-25T11:24:36","date_gmt":"2020-06-25T14:24:36","guid":{"rendered":"http:\/\/www.inclusive.org.br\/?p=31748"},"modified":"2020-06-25T11:24:36","modified_gmt":"2020-06-25T14:24:36","slug":"o-que-e-para-nos-uma-educacao-equitativa-inclusiva-e-de-qualidade-para-estudantes-com-deficiencia","status":"publish","type":"post","link":"https:\/\/inclusivenews.com.br\/?p=31748","title":{"rendered":"O que \u00e9 para n\u00f3s uma educa\u00e7\u00e3o equitativa, inclusiva e de qualidade para estudantes com defici\u00eancia?"},"content":{"rendered":"<p><span lang=\"pt\">Relat\u00f3rio sobre Educa\u00e7\u00e3o Inclusiva da Alian\u00e7a Internacional de Pessoas com Defici\u00eancia (IDA)<\/span><\/p>\n<p><a href=\"http:\/\/www.inclusive.org.br\/arquivos\/31748\/ida-school\" rel=\"attachment wp-att-31749\"><img loading=\"lazy\" decoding=\"async\" class=\"alignnone size-medium wp-image-31749\" src=\"http:\/\/inclusivenews.com.br\/wp-content\/uploads\/ida-school-212x300.png\" alt=\"foto de tres crian\u00e7as em sala de aula. titulo em ingles da publicacao - &quot;\" width=\"212\" height=\"300\" \/><\/a><\/p>\n<p>O que \u00e9 para n\u00f3s uma educa\u00e7\u00e3o equitativa, inclusiva e de qualidade para estudantes com defici\u00eancia?<\/p>\n<p>A \u00fanica maneira de alcan\u00e7armos o Objetivo do Desenvolvimento Sustent\u00e1vel 4 para todas as crian\u00e7as \u00e9 incluir todas as crian\u00e7as e jovens com defici\u00eancia, sejam quem for e onde quer que estejam, construindo um sistema educacional verdadeiramente inclusivo.<\/p>\n<p>A Alian\u00e7a Internacional de Pessoas com Defici\u00eancia (IDA) desenvolveu uma perspectiva de defici\u00eancia cruzada sobre a implementa\u00e7\u00e3o do ODS 4, em conformidade com o Artigo 24 da Conven\u00e7\u00e3o das Na\u00e7\u00f5es Unidas sobre os Direitos das Pessoas com Defici\u00eancia (CDPD).<\/p>\n<p>O relat\u00f3rio:<\/p>\n<p>\u2022 Estabelece as condi\u00e7\u00f5es m\u00ednimas necess\u00e1rias para a inclus\u00e3o de todos os estudantes &#8211; incluindo alunos com defici\u00eancia<br \/>\n\u2022 Afirma que todos os estudantes com e sem defici\u00eancia aprendem junto com seus colegas nas escolas e classes das escolas comunit\u00e1rias locais<br \/>\n\u2022 Demanda educa\u00e7\u00e3o inclusiva, n\u00e3o como um complemento dos sistemas existentes, mas como base para a transforma\u00e7\u00e3o educacional<br \/>\n\u2022 Esclarece que a educa\u00e7\u00e3o inclusiva vai al\u00e9m do cumprimento da n\u00e3o discrimina\u00e7\u00e3o, pol\u00edticas de rejei\u00e7\u00e3o zero e o dever de fornecer acomoda\u00e7\u00f5es razo\u00e1veis<br \/>\n\u2022 Apresenta recomenda\u00e7\u00f5es para a constru\u00e7\u00e3o de um sistema educacional inclusivo voltado para proporcionar educa\u00e7\u00e3o de qualidade a todas as crian\u00e7as e jovens de forma equitativa<br \/>\n\u2022 Recomenda a elimina\u00e7\u00e3o gradual de ambientes segregados, preservando as habilidades \u00fanicas para promover a educa\u00e7\u00e3o inclusiva no sentido mais amplo<\/p>\n<p>&nbsp;<\/p>\n<p>PRINCIPAIS RECOMENDA\u00c7\u00d5ES DO RELAT\u00d3RIO<\/p>\n<p>PARA OS GOVERNOS<br \/>\n1 &#8211; Todas as instala\u00e7\u00f5es educacionais, p\u00fablicas ou privadas, devem ser regulamentadas pelo minist\u00e9rio da Educa\u00e7\u00e3o ou minist\u00e9rios relevantes para treinamento vocacional inclusivo, desenvolvimento da primeira inf\u00e2ncia e aprendizado ao longo da vida.<\/p>\n<p>2 &#8211; Aplica\u00e7\u00e3o de pol\u00edticas de n\u00e3o discrimina\u00e7\u00e3o, pol\u00edticas de Rejei\u00e7\u00e3o Zero e acomoda\u00e7\u00f5es razo\u00e1veis &#8211; conforme definidas na Conven\u00e7\u00e3o sobre os Direitos das Pessoas com Defici\u00eancia (CDPD) em todo o pa\u00eds e em todos os n\u00edveis do sistema.<\/p>\n<p>3 &#8211; Investimentos significativos (humanos, sociais e financeiros)\u00a0 em:<br \/>\na) recrutamento e treinamento de professores qualificados, incluindo professores com defici\u00eancia, que possam proporcionar um aprendizado inclusivo e de qualidade para todos os alunos;<br \/>\nb) garantia da acessibilidade de todas as instala\u00e7\u00f5es educacionais, materiais de ensino e aprendizagem, atividades curriculares e extra-curriculares;<br \/>\nc) fornecimento de produtos e tecnologia de assist\u00eancia e treinamento para us\u00e1-los;<br \/>\nd) garantir servi\u00e7os de apoio em todos os n\u00edveis, inclusive com o envolvimento dos pais e da comunidade, para ajudar todas as escolas a oferecer um aprendizado inclusivo e de qualidade para todos.<\/p>\n<p>4 &#8211; Forma\u00e7\u00e3o de professores e reformas curriculares que promova os princ\u00edpios do Desenho Universal para a Aprendizagem, incluindo acesso e participa\u00e7\u00e3o iguais na aprendizagem e avalia\u00e7\u00e3o. O Minist\u00e9rio da Educa\u00e7\u00e3o deve se engajar no planejamento, desenho e implementa\u00e7\u00e3o de um curr\u00edculo nacional \u00fanico e flex\u00edvel que reconhe\u00e7a a diversidade do pa\u00eds e incentive uma abordagem de aprendizado individualizada, adequada \u00e0 sua finalidade.<\/p>\n<p>5 &#8211; Diversidade de linguagens &#8211; incluindo l\u00edngua de sinais nacionais e l\u00ednguagem de sinais t\u00e1teis, al\u00e9m de modos de comunica\u00e7\u00e3o alternativa devem ser usados em todo o sistema (com professores com flu\u00eancia total).<\/p>\n<p>6 &#8211; Dados coletados de forma consistente, desagregados na medida do poss\u00edvel, por tipo de defici\u00eancia, e analisados para garantir o monitoramento e os recursos adequados da educa\u00e7\u00e3o de qualidade inclusiva e equitativa.<\/p>\n<p>7 &#8211; Nos sistemas descentralizados, deve ser assegurado um conjunto consistente de regulamentos, mecanismos de responsabiliza\u00e7\u00e3o e planejamento de recursos para a educa\u00e7\u00e3o inclusiva nos diferentes n\u00edveis do governo.<\/p>\n<p>8 &#8211; As comunidades, fam\u00edlias, pais e alunos devem ser participantes ativos das atividades de monitoramento e avalia\u00e7\u00e3o. A reforma da educa\u00e7\u00e3o, com vistas \u00e0 participa\u00e7\u00e3o equitativa, exige que governos e profissionais se envolvam ativamente com a comunidade, a fim de determinar os pontos fortes de cada comunidade e suas prefer\u00eancias. A consulta e o envolvimento significativos com as comunidades, fam\u00edlias e pais s\u00e3o essenciais para a realiza\u00e7\u00e3o dos Objetivo do Desenvolvimento Sustent\u00e1vel 4.<\/p>\n<p>PARA A SOCIEDADE CIVIL<br \/>\n1 &#8211; As organiza\u00e7\u00f5es de pessoas com defici\u00eancia devem assumir novos pap\u00e9is dentro das comunidades, escolas e sistemas, tornando-se conselheiros, especialistas profissionais em defici\u00eancias espec\u00edficas, mentores e modelos para crian\u00e7as e jovens com defici\u00eancia. Todos essas organiza\u00e7\u00f5es t\u00eam um papel a desempenhar no desenvolvimento de pol\u00edticas, aconselhamento sobre acessibilidade, implementa\u00e7\u00e3o, prepara\u00e7\u00e3o de professores, apoio aos pais, fornecimento de apoio psicossocial, etc. a jovens com defici\u00eancia, sempre \u00e0 luz da CDPD.<\/p>\n<p>2 &#8211; Os doadores e fontes externas de financiamento \u00e0s organiza\u00e7\u00f5es sociais cumprem o ODS4 e a CDPD, tornando todos os fundos dispon\u00edveis condicionados a provis\u00f5es para a defici\u00eancia. Al\u00e9m disso, os governos garantem que todas as ONGs tenham a oportunidade de se envolver de maneira ativa nos esfor\u00e7os de reforma, mas continuam liderando a presta\u00e7\u00e3o de servi\u00e7os adequados e inclusivos. Todas as ONGs devem apoiar a constru\u00e7\u00e3o e implementa\u00e7\u00e3o de sistemas educacionais inclusivos.<\/p>\n<p>Para mais informa\u00e7\u00f5es e para acessar o relat\u00f3rio, em ingl\u00eas, em PDF, Word e Linguagem de sinais internacional: <a href=\"http:\/\/www.bit.ly\/ida-education\" target=\"_blank\" data-saferedirecturl=\"https:\/\/www.google.com\/url?q=http:\/\/www.bit.ly\/ida-education&amp;source=gmail&amp;ust=1593177896716000&amp;usg=AFQjCNE3O8M4Vzj4qaErQXqCXZV9IJy4hw\" rel=\"noopener\">www.bit.ly\/ida-education<\/a><\/p>\n<p>#AllMeansAll<\/p>\n<div><span lang=\"pt\">#IDAInclusiveEducation<\/span><\/div>\n<div><span lang=\"pt\">\u00a0<\/span><\/div>\n<div><span lang=\"pt\">A IDA \u00e9 a maior alian\u00e7a global que re\u00fane organiza\u00e7\u00f5es internacionais de pessoas com defici\u00eancia.<br \/>\n<\/span><\/div>\n<div><span lang=\"pt\">International Disability Alliance &#8211; <a href=\"http:\/\/www.internationaldisabilityalliance.org\/\">http:\/\/www.internationaldisabilityalliance.org\/<\/a><\/span><\/div>\n<div>\n<ul>\n<li class=\"gmail-first gmail-leaf gmail-menu-mlid-4227\"><a href=\"http:\/\/www.internationaldisabilityalliance.org\/african-disability-forum\">African Disability Forum<\/a><\/li>\n<li class=\"gmail-leaf gmail-menu-mlid-4077\"><a href=\"http:\/\/www.internationaldisabilityalliance.org\/AODP\">Arab Organization of Persons with Disabilities<\/a><\/li>\n<li class=\"gmail-leaf gmail-menu-mlid-4398\"><a href=\"http:\/\/www.internationaldisabilityalliance.org\/content\/asean-disability-forum\">ASEAN Disability Forum<\/a><\/li>\n<li class=\"gmail-leaf gmail-menu-mlid-4068\"><a href=\"http:\/\/www.internationaldisabilityalliance.org\/DSI\">Down Syndrome International<\/a><\/li>\n<li class=\"gmail-leaf gmail-menu-mlid-4078\"><a href=\"http:\/\/www.internationaldisabilityalliance.org\/EDF\">European Disability Forum<\/a><\/li>\n<li class=\"gmail-leaf gmail-menu-mlid-4069\"><a href=\"http:\/\/www.internationaldisabilityalliance.org\/II\">Inclusion International<\/a><\/li>\n<li class=\"gmail-leaf gmail-menu-mlid-4071\"><a href=\"http:\/\/www.internationaldisabilityalliance.org\/IFHOH\">International Federation of Hard of Hearing People<\/a><\/li>\n<li class=\"gmail-leaf gmail-menu-mlid-4070\"><a href=\"http:\/\/www.internationaldisabilityalliance.org\/IF\">International Federation for Spina Bifida and Hydrocephalus<\/a><\/li>\n<li class=\"gmail-leaf gmail-menu-mlid-4080\"><a href=\"http:\/\/www.internationaldisabilityalliance.org\/PDF\">Pacific Disability Forum<\/a><\/li>\n<li class=\"gmail-leaf gmail-menu-mlid-4079\"><a href=\"http:\/\/www.internationaldisabilityalliance.org\/RIADIS\">RIADIS<\/a><\/li>\n<li class=\"gmail-leaf gmail-menu-mlid-4072\"><a href=\"http:\/\/www.internationaldisabilityalliance.org\/WBU\">World Blind Union<\/a><\/li>\n<li class=\"gmail-leaf gmail-menu-mlid-4073\"><a href=\"http:\/\/www.internationaldisabilityalliance.org\/WFD\">World Federation of the Deaf<\/a><\/li>\n<li class=\"gmail-leaf gmail-menu-mlid-4074\"><a href=\"http:\/\/www.internationaldisabilityalliance.org\/WFDB\">World Federation of Deafblind<\/a><\/li>\n<li class=\"gmail-leaf gmail-menu-mlid-4076\"><a href=\"http:\/\/www.internationaldisabilityalliance.org\/WNUSP\">World Network of Users and Survivors of Psychiatry<\/a><\/li>\n<\/ul>\n<\/div>\n","protected":false},"excerpt":{"rendered":"<p>Relat\u00f3rio sobre Educa\u00e7\u00e3o Inclusiva da Alian\u00e7a Internacional de Pessoas com Defici\u00eancia (IDA) O que \u00e9 para n\u00f3s uma educa\u00e7\u00e3o equitativa, inclusiva e de qualidade para estudantes com defici\u00eancia? A \u00fanica maneira de alcan\u00e7armos o Objetivo do Desenvolvimento Sustent\u00e1vel 4 para todas as crian\u00e7as \u00e9 incluir todas as crian\u00e7as e jovens com defici\u00eancia, sejam quem for [&hellip;]<\/p>\n","protected":false},"author":2,"featured_media":31749,"comment_status":"closed","ping_status":"closed","sticky":false,"template":"","format":"standard","meta":{"site-container-style":"default","site-container-layout":"default","site-sidebar-layout":"default","disable-article-header":"default","disable-site-header":"default","disable-site-footer":"default","disable-content-area-spacing":"default","footnotes":""},"categories":[6],"tags":[],"class_list":["post-31748","post","type-post","status-publish","format-standard","has-post-thumbnail","hentry","category-educacao"],"yoast_head":"<!-- This site is optimized with the Yoast SEO plugin v27.4 - https:\/\/yoast.com\/product\/yoast-seo-wordpress\/ -->\n<title>O que \u00e9 para n\u00f3s uma educa\u00e7\u00e3o equitativa, inclusiva e de qualidade para estudantes com defici\u00eancia? -<\/title>\n<meta name=\"robots\" content=\"index, follow, max-snippet:-1, max-image-preview:large, max-video-preview:-1\" \/>\n<link rel=\"canonical\" href=\"https:\/\/inclusivenews.com.br\/?p=31748\" \/>\n<meta property=\"og:locale\" content=\"pt_PT\" \/>\n<meta property=\"og:type\" content=\"article\" \/>\n<meta property=\"og:title\" content=\"O que \u00e9 para n\u00f3s uma educa\u00e7\u00e3o equitativa, inclusiva e de qualidade para estudantes com defici\u00eancia? -\" \/>\n<meta property=\"og:description\" content=\"Relat\u00f3rio sobre Educa\u00e7\u00e3o Inclusiva da Alian\u00e7a Internacional de Pessoas com Defici\u00eancia (IDA) O que \u00e9 para n\u00f3s uma educa\u00e7\u00e3o equitativa, inclusiva e de qualidade para estudantes com defici\u00eancia? A \u00fanica maneira de alcan\u00e7armos o Objetivo do Desenvolvimento Sustent\u00e1vel 4 para todas as crian\u00e7as \u00e9 incluir todas as crian\u00e7as e jovens com defici\u00eancia, sejam quem for [&hellip;]\" \/>\n<meta property=\"og:url\" content=\"https:\/\/inclusivenews.com.br\/?p=31748\" \/>\n<meta property=\"article:publisher\" content=\"https:\/\/www.facebook.com\/agenciainclusive\/\" \/>\n<meta property=\"article:published_time\" content=\"2020-06-25T14:24:36+00:00\" \/>\n<meta name=\"author\" content=\"Inclusive\" \/>\n<meta name=\"twitter:card\" content=\"summary_large_image\" \/>\n<meta name=\"twitter:label1\" content=\"Escrito por\" \/>\n\t<meta name=\"twitter:data1\" content=\"Inclusive\" \/>\n\t<meta name=\"twitter:label2\" content=\"Tempo estimado de leitura\" \/>\n\t<meta name=\"twitter:data2\" content=\"5 minutos\" \/>\n<script type=\"application\/ld+json\" class=\"yoast-schema-graph\">{\"@context\":\"https:\\\/\\\/schema.org\",\"@graph\":[{\"@type\":\"Article\",\"@id\":\"https:\\\/\\\/inclusivenews.com.br\\\/?p=31748#article\",\"isPartOf\":{\"@id\":\"https:\\\/\\\/inclusivenews.com.br\\\/?p=31748\"},\"author\":{\"name\":\"Inclusive\",\"@id\":\"https:\\\/\\\/inclusivenews.com.br\\\/#\\\/schema\\\/person\\\/0dab492019871b94abb65fa8ee7c8c44\"},\"headline\":\"O que \u00e9 para n\u00f3s uma educa\u00e7\u00e3o equitativa, inclusiva e de qualidade para estudantes com defici\u00eancia?\",\"datePublished\":\"2020-06-25T14:24:36+00:00\",\"mainEntityOfPage\":{\"@id\":\"https:\\\/\\\/inclusivenews.com.br\\\/?p=31748\"},\"wordCount\":1023,\"publisher\":{\"@id\":\"https:\\\/\\\/inclusivenews.com.br\\\/#organization\"},\"image\":{\"@id\":\"https:\\\/\\\/inclusivenews.com.br\\\/?p=31748#primaryimage\"},\"thumbnailUrl\":\"\",\"articleSection\":[\"EDUCA\u00c7\u00c3O\"],\"inLanguage\":\"pt-PT\"},{\"@type\":\"WebPage\",\"@id\":\"https:\\\/\\\/inclusivenews.com.br\\\/?p=31748\",\"url\":\"https:\\\/\\\/inclusivenews.com.br\\\/?p=31748\",\"name\":\"O que \u00e9 para n\u00f3s uma educa\u00e7\u00e3o equitativa, inclusiva e de qualidade para estudantes com defici\u00eancia? -\",\"isPartOf\":{\"@id\":\"https:\\\/\\\/inclusivenews.com.br\\\/#website\"},\"primaryImageOfPage\":{\"@id\":\"https:\\\/\\\/inclusivenews.com.br\\\/?p=31748#primaryimage\"},\"image\":{\"@id\":\"https:\\\/\\\/inclusivenews.com.br\\\/?p=31748#primaryimage\"},\"thumbnailUrl\":\"\",\"datePublished\":\"2020-06-25T14:24:36+00:00\",\"breadcrumb\":{\"@id\":\"https:\\\/\\\/inclusivenews.com.br\\\/?p=31748#breadcrumb\"},\"inLanguage\":\"pt-PT\",\"potentialAction\":[{\"@type\":\"ReadAction\",\"target\":[\"https:\\\/\\\/inclusivenews.com.br\\\/?p=31748\"]}]},{\"@type\":\"ImageObject\",\"inLanguage\":\"pt-PT\",\"@id\":\"https:\\\/\\\/inclusivenews.com.br\\\/?p=31748#primaryimage\",\"url\":\"\",\"contentUrl\":\"\"},{\"@type\":\"BreadcrumbList\",\"@id\":\"https:\\\/\\\/inclusivenews.com.br\\\/?p=31748#breadcrumb\",\"itemListElement\":[{\"@type\":\"ListItem\",\"position\":1,\"name\":\"In\u00edcio\",\"item\":\"https:\\\/\\\/inclusivenews.com.br\\\/\"},{\"@type\":\"ListItem\",\"position\":2,\"name\":\"O que \u00e9 para n\u00f3s uma educa\u00e7\u00e3o equitativa, inclusiva e de qualidade para estudantes com defici\u00eancia?\"}]},{\"@type\":\"WebSite\",\"@id\":\"https:\\\/\\\/inclusivenews.com.br\\\/#website\",\"url\":\"https:\\\/\\\/inclusivenews.com.br\\\/\",\"name\":\"Inclusive News\",\"description\":\"Inclusive News\",\"publisher\":{\"@id\":\"https:\\\/\\\/inclusivenews.com.br\\\/#organization\"},\"potentialAction\":[{\"@type\":\"SearchAction\",\"target\":{\"@type\":\"EntryPoint\",\"urlTemplate\":\"https:\\\/\\\/inclusivenews.com.br\\\/?s={search_term_string}\"},\"query-input\":{\"@type\":\"PropertyValueSpecification\",\"valueRequired\":true,\"valueName\":\"search_term_string\"}}],\"inLanguage\":\"pt-PT\"},{\"@type\":\"Organization\",\"@id\":\"https:\\\/\\\/inclusivenews.com.br\\\/#organization\",\"name\":\"Inclusive - inclus\u00e3o e cidadania\",\"url\":\"https:\\\/\\\/inclusivenews.com.br\\\/\",\"logo\":{\"@type\":\"ImageObject\",\"inLanguage\":\"pt-PT\",\"@id\":\"https:\\\/\\\/inclusivenews.com.br\\\/#\\\/schema\\\/logo\\\/image\\\/\",\"url\":\"https:\\\/\\\/inclusivenews.com.br\\\/wp-content\\\/uploads\\\/2024\\\/03\\\/@grandesite.png\",\"contentUrl\":\"https:\\\/\\\/inclusivenews.com.br\\\/wp-content\\\/uploads\\\/2024\\\/03\\\/@grandesite.png\",\"width\":1080,\"height\":1080,\"caption\":\"Inclusive - inclus\u00e3o e cidadania\"},\"image\":{\"@id\":\"https:\\\/\\\/inclusivenews.com.br\\\/#\\\/schema\\\/logo\\\/image\\\/\"},\"sameAs\":[\"https:\\\/\\\/www.facebook.com\\\/agenciainclusive\\\/\",\"https:\\\/\\\/www.instagram.com\\\/newsinclusive\\\/\"]},{\"@type\":\"Person\",\"@id\":\"https:\\\/\\\/inclusivenews.com.br\\\/#\\\/schema\\\/person\\\/0dab492019871b94abb65fa8ee7c8c44\",\"name\":\"Inclusive\",\"image\":{\"@type\":\"ImageObject\",\"inLanguage\":\"pt-PT\",\"@id\":\"https:\\\/\\\/secure.gravatar.com\\\/avatar\\\/?s=96&d=mm&r=g\",\"url\":\"https:\\\/\\\/secure.gravatar.com\\\/avatar\\\/?s=96&d=mm&r=g\",\"contentUrl\":\"https:\\\/\\\/secure.gravatar.com\\\/avatar\\\/?s=96&d=mm&r=g\",\"caption\":\"Inclusive\"},\"url\":\"https:\\\/\\\/inclusivenews.com.br\\\/?author=2\"}]}<\/script>\n<!-- \/ Yoast SEO plugin. -->","yoast_head_json":{"title":"O que \u00e9 para n\u00f3s uma educa\u00e7\u00e3o equitativa, inclusiva e de qualidade para estudantes com defici\u00eancia? -","robots":{"index":"index","follow":"follow","max-snippet":"max-snippet:-1","max-image-preview":"max-image-preview:large","max-video-preview":"max-video-preview:-1"},"canonical":"https:\/\/inclusivenews.com.br\/?p=31748","og_locale":"pt_PT","og_type":"article","og_title":"O que \u00e9 para n\u00f3s uma educa\u00e7\u00e3o equitativa, inclusiva e de qualidade para estudantes com defici\u00eancia? -","og_description":"Relat\u00f3rio sobre Educa\u00e7\u00e3o Inclusiva da Alian\u00e7a Internacional de Pessoas com Defici\u00eancia (IDA) O que \u00e9 para n\u00f3s uma educa\u00e7\u00e3o equitativa, inclusiva e de qualidade para estudantes com defici\u00eancia? A \u00fanica maneira de alcan\u00e7armos o Objetivo do Desenvolvimento Sustent\u00e1vel 4 para todas as crian\u00e7as \u00e9 incluir todas as crian\u00e7as e jovens com defici\u00eancia, sejam quem for [&hellip;]","og_url":"https:\/\/inclusivenews.com.br\/?p=31748","article_publisher":"https:\/\/www.facebook.com\/agenciainclusive\/","article_published_time":"2020-06-25T14:24:36+00:00","author":"Inclusive","twitter_card":"summary_large_image","twitter_misc":{"Escrito por":"Inclusive","Tempo estimado de leitura":"5 minutos"},"schema":{"@context":"https:\/\/schema.org","@graph":[{"@type":"Article","@id":"https:\/\/inclusivenews.com.br\/?p=31748#article","isPartOf":{"@id":"https:\/\/inclusivenews.com.br\/?p=31748"},"author":{"name":"Inclusive","@id":"https:\/\/inclusivenews.com.br\/#\/schema\/person\/0dab492019871b94abb65fa8ee7c8c44"},"headline":"O que \u00e9 para n\u00f3s uma educa\u00e7\u00e3o equitativa, inclusiva e de qualidade para estudantes com defici\u00eancia?","datePublished":"2020-06-25T14:24:36+00:00","mainEntityOfPage":{"@id":"https:\/\/inclusivenews.com.br\/?p=31748"},"wordCount":1023,"publisher":{"@id":"https:\/\/inclusivenews.com.br\/#organization"},"image":{"@id":"https:\/\/inclusivenews.com.br\/?p=31748#primaryimage"},"thumbnailUrl":"","articleSection":["EDUCA\u00c7\u00c3O"],"inLanguage":"pt-PT"},{"@type":"WebPage","@id":"https:\/\/inclusivenews.com.br\/?p=31748","url":"https:\/\/inclusivenews.com.br\/?p=31748","name":"O que \u00e9 para n\u00f3s uma educa\u00e7\u00e3o equitativa, inclusiva e de qualidade para estudantes com defici\u00eancia? -","isPartOf":{"@id":"https:\/\/inclusivenews.com.br\/#website"},"primaryImageOfPage":{"@id":"https:\/\/inclusivenews.com.br\/?p=31748#primaryimage"},"image":{"@id":"https:\/\/inclusivenews.com.br\/?p=31748#primaryimage"},"thumbnailUrl":"","datePublished":"2020-06-25T14:24:36+00:00","breadcrumb":{"@id":"https:\/\/inclusivenews.com.br\/?p=31748#breadcrumb"},"inLanguage":"pt-PT","potentialAction":[{"@type":"ReadAction","target":["https:\/\/inclusivenews.com.br\/?p=31748"]}]},{"@type":"ImageObject","inLanguage":"pt-PT","@id":"https:\/\/inclusivenews.com.br\/?p=31748#primaryimage","url":"","contentUrl":""},{"@type":"BreadcrumbList","@id":"https:\/\/inclusivenews.com.br\/?p=31748#breadcrumb","itemListElement":[{"@type":"ListItem","position":1,"name":"In\u00edcio","item":"https:\/\/inclusivenews.com.br\/"},{"@type":"ListItem","position":2,"name":"O que \u00e9 para n\u00f3s uma educa\u00e7\u00e3o equitativa, inclusiva e de qualidade para estudantes com defici\u00eancia?"}]},{"@type":"WebSite","@id":"https:\/\/inclusivenews.com.br\/#website","url":"https:\/\/inclusivenews.com.br\/","name":"Inclusive News","description":"Inclusive News","publisher":{"@id":"https:\/\/inclusivenews.com.br\/#organization"},"potentialAction":[{"@type":"SearchAction","target":{"@type":"EntryPoint","urlTemplate":"https:\/\/inclusivenews.com.br\/?s={search_term_string}"},"query-input":{"@type":"PropertyValueSpecification","valueRequired":true,"valueName":"search_term_string"}}],"inLanguage":"pt-PT"},{"@type":"Organization","@id":"https:\/\/inclusivenews.com.br\/#organization","name":"Inclusive - inclus\u00e3o e cidadania","url":"https:\/\/inclusivenews.com.br\/","logo":{"@type":"ImageObject","inLanguage":"pt-PT","@id":"https:\/\/inclusivenews.com.br\/#\/schema\/logo\/image\/","url":"https:\/\/inclusivenews.com.br\/wp-content\/uploads\/2024\/03\/@grandesite.png","contentUrl":"https:\/\/inclusivenews.com.br\/wp-content\/uploads\/2024\/03\/@grandesite.png","width":1080,"height":1080,"caption":"Inclusive - inclus\u00e3o e cidadania"},"image":{"@id":"https:\/\/inclusivenews.com.br\/#\/schema\/logo\/image\/"},"sameAs":["https:\/\/www.facebook.com\/agenciainclusive\/","https:\/\/www.instagram.com\/newsinclusive\/"]},{"@type":"Person","@id":"https:\/\/inclusivenews.com.br\/#\/schema\/person\/0dab492019871b94abb65fa8ee7c8c44","name":"Inclusive","image":{"@type":"ImageObject","inLanguage":"pt-PT","@id":"https:\/\/secure.gravatar.com\/avatar\/?s=96&d=mm&r=g","url":"https:\/\/secure.gravatar.com\/avatar\/?s=96&d=mm&r=g","contentUrl":"https:\/\/secure.gravatar.com\/avatar\/?s=96&d=mm&r=g","caption":"Inclusive"},"url":"https:\/\/inclusivenews.com.br\/?author=2"}]}},"_links":{"self":[{"href":"https:\/\/inclusivenews.com.br\/index.php?rest_route=\/wp\/v2\/posts\/31748","targetHints":{"allow":["GET"]}}],"collection":[{"href":"https:\/\/inclusivenews.com.br\/index.php?rest_route=\/wp\/v2\/posts"}],"about":[{"href":"https:\/\/inclusivenews.com.br\/index.php?rest_route=\/wp\/v2\/types\/post"}],"author":[{"embeddable":true,"href":"https:\/\/inclusivenews.com.br\/index.php?rest_route=\/wp\/v2\/users\/2"}],"replies":[{"embeddable":true,"href":"https:\/\/inclusivenews.com.br\/index.php?rest_route=%2Fwp%2Fv2%2Fcomments&post=31748"}],"version-history":[{"count":0,"href":"https:\/\/inclusivenews.com.br\/index.php?rest_route=\/wp\/v2\/posts\/31748\/revisions"}],"wp:featuredmedia":[{"embeddable":true,"href":"https:\/\/inclusivenews.com.br\/index.php?rest_route=\/"}],"wp:attachment":[{"href":"https:\/\/inclusivenews.com.br\/index.php?rest_route=%2Fwp%2Fv2%2Fmedia&parent=31748"}],"wp:term":[{"taxonomy":"category","embeddable":true,"href":"https:\/\/inclusivenews.com.br\/index.php?rest_route=%2Fwp%2Fv2%2Fcategories&post=31748"},{"taxonomy":"post_tag","embeddable":true,"href":"https:\/\/inclusivenews.com.br\/index.php?rest_route=%2Fwp%2Fv2%2Ftags&post=31748"}],"curies":[{"name":"wp","href":"https:\/\/api.w.org\/{rel}","templated":true}]}}