{"id":31938,"date":"2020-10-12T09:50:41","date_gmt":"2020-10-12T12:50:41","guid":{"rendered":"http:\/\/www.inclusive.org.br\/?p=31938"},"modified":"2020-10-12T09:50:41","modified_gmt":"2020-10-12T12:50:41","slug":"day-of-children-in-school","status":"publish","type":"post","link":"https:\/\/inclusivenews.com.br\/?p=31938","title":{"rendered":"Day of Children in School"},"content":{"rendered":"<p><a href=\"http:\/\/www.inclusive.org.br\/arquivos\/31919\/barbara\" rel=\"attachment wp-att-31920\"><img loading=\"lazy\" decoding=\"async\" class=\"alignnone wp-image-31920\" src=\"http:\/\/inclusivenews.com.br\/wp-content\/uploads\/barbara-300x178.png\" alt=\"placa escola barbara ottoni, fundada em 1922.\" width=\"465\" height=\"276\" \/><\/a><\/p>\n<p>I had contact with children with disabilities at school. My kindergarten B\u00e1rbara Ottoni, in Maracan\u00e3, Rio de Janeiro, Brazil, included children with disabilities since the 1960s. Today it is called Espa\u00e7o de Desenvolvimento Infantil B\u00e1rbara Ottoni and it will be 100 years old. It was a model public school, where slots were disputed.<\/p>\n<p>There my mother was a librarian. She did puppets plays, dramatizations and encouraged children to tell their own stories. Children without arms, children who lived in shelters, children of all colors and classes. Children. A wonderful school from which I have the best memories. It was there that I first saw a little girl with Down syndrome. First and last, for many years.<\/p>\n<p>Then I went to a private school where everyone was just like me. I had a single black friend &#8211; one of my best friends to date. Many years later my daughter was born with Down syndrome and I was scared. I didn&#8217;t expect, I didn&#8217;t know, I didn&#8217;t understand.<\/p>\n<p>I was only able to understand my reaction when FIPE survey came out, in 2009, about prejudice in the school environment. It indicated that 98.9% wanted distance from people with intellectual disabilities (at the time it the term was mentally disabled). When I read this, I started to cry and understood the extent of my prejudice &#8211; not only mine, but everyone&#8217;s around me. I wrote that text &#8211; Prejudiced, me? I ended the article with the following sentence: \u201cInclusion is no longer just a right. It is not just a matter of common sense. It is our only way out. \u201d<\/p>\n<p>In 2019, ten years after the launch of the National Policy on Special Education from the perspective of Inclusive Education, Alana Institute published a survey to learn about the perceptions of the Brazilian population in relation to inclusive education. The numbers show how far we have come: 86% thought schools are better at including children with disabilities and 76% agreed that children with disabilities learn more by studying together with children without disabilities.<\/p>\n<p>The last school census registered about 90% of students with disabilities included in regular schools. Last week it was decided that \u201cstudents who do not benefit from inclusive regular schools\u201d would return to the segregation, Who would these students be? Who has the power to define the criteria? With what ruler will this be measured? Any reductionism is a violation of the Constitution, the Convention on the Rights of Persons with Disabilities, the Brazilian Inclusion Law and human rights.<\/p>\n<p>At the time when I still didn&#8217;t understand that, I thought so too. I thought it was natural to start inclusion with the &#8220;cute&#8221; ones to open the doors for &#8220;those who drool&#8221;. This attitude of mine was ableist. Ableism is how prejudice against people with disabilities is now called. Just as we have learned that racism and sexism are structural, because we grew up inside them and we learned to normalize them, so is ableism.<\/p>\n<p>And just as we should not even consider revoking the abolition of slavery, we cannot allow children with disabilities to return back behind the walls of special institutions. Decree 10.502 needs to be repealed.<\/p>\n<p>Children with disability&#8217;s place is at school!<\/p>\n<p>Patricia Almeida &#8211; Journalist, Master in Disability Studies, co-founder of the Down Movement and Member of the Board of Down Syndrome International.<\/p>\n<p>Preconceituosa, eu? <a href=\"http:\/\/www.inclusive.org.br\/arquivos\/9011\" data-wpel-link=\"internal\">http:\/\/www.inclusive.org.br\/arquivos\/9011<\/a><\/p>\n<p>Fipe: <a class=\"ext-link wpel-icon-right\" title=\"Link externo :: abre em nova janela\" href=\"http:\/\/portal.mec.gov.br\/dmdocuments\/diversidade_apresentacao.pdf\" target=\"_blank\" rel=\"follow noopener noreferrer\" data-wpel-link=\"external\">http:\/\/portal.mec.gov.br\/dmdocuments\/diversidade_apresentacao.pdf<\/a><\/p>\n<p>Alana: <a class=\"ext-link wpel-icon-right\" title=\"Link externo :: abre em nova janela\" href=\"https:\/\/alana.org.br\/pesquisa-datafolha-educacao-inclusiva\/\" target=\"_blank\" rel=\"follow noopener noreferrer\" data-wpel-link=\"external\">https:\/\/alana.org.br\/pesquisa-datafolha-educacao-inclusiva\/<\/a><\/p>\n<p>Decreto 10.502 <a class=\"ext-link wpel-icon-right\" title=\"Link externo :: abre em nova janela\" href=\"http:\/\/www.planalto.gov.br\/ccivil_03\/_ato2019-2022\/2020\/decreto\/D10502.htm\" target=\"_blank\" rel=\"follow noopener noreferrer\" data-wpel-link=\"external\">http:\/\/www.planalto.gov.br\/ccivil_03\/_ato2019-2022\/2020\/decreto\/D10502.htm<\/a><\/p>\n","protected":false},"excerpt":{"rendered":"<p>I had contact with children with disabilities at school. My kindergarten B\u00e1rbara Ottoni, in Maracan\u00e3, Rio de Janeiro, Brazil, included children with disabilities since the 1960s. Today it is called Espa\u00e7o de Desenvolvimento Infantil B\u00e1rbara Ottoni and it will be 100 years old. It was a model public school, where slots were disputed. There my [&hellip;]<\/p>\n","protected":false},"author":2,"featured_media":0,"comment_status":"open","ping_status":"open","sticky":false,"template":"","format":"standard","meta":{"site-container-style":"default","site-container-layout":"default","site-sidebar-layout":"default","disable-article-header":"default","disable-site-header":"default","disable-site-footer":"default","disable-content-area-spacing":"default","footnotes":""},"categories":[48],"tags":[],"class_list":["post-31938","post","type-post","status-publish","format-standard","hentry","category-inclusao"],"yoast_head":"<!-- This site is optimized with the Yoast SEO plugin v27.4 - https:\/\/yoast.com\/product\/yoast-seo-wordpress\/ -->\n<title>Day of Children in School -<\/title>\n<meta name=\"robots\" content=\"index, follow, max-snippet:-1, max-image-preview:large, max-video-preview:-1\" \/>\n<link rel=\"canonical\" href=\"https:\/\/inclusivenews.com.br\/?p=31938\" \/>\n<meta property=\"og:locale\" content=\"pt_PT\" \/>\n<meta property=\"og:type\" content=\"article\" \/>\n<meta property=\"og:title\" content=\"Day of Children in School -\" \/>\n<meta property=\"og:description\" content=\"I had contact with children with disabilities at school. My kindergarten B\u00e1rbara Ottoni, in Maracan\u00e3, Rio de Janeiro, Brazil, included children with disabilities since the 1960s. Today it is called Espa\u00e7o de Desenvolvimento Infantil B\u00e1rbara Ottoni and it will be 100 years old. It was a model public school, where slots were disputed. There my [&hellip;]\" \/>\n<meta property=\"og:url\" content=\"https:\/\/inclusivenews.com.br\/?p=31938\" \/>\n<meta property=\"article:publisher\" content=\"https:\/\/www.facebook.com\/agenciainclusive\/\" \/>\n<meta property=\"article:published_time\" content=\"2020-10-12T12:50:41+00:00\" \/>\n<meta property=\"og:image\" content=\"http:\/\/inclusivenews.com.br\/wp-content\/uploads\/barbara-300x178.png\" \/>\n<meta name=\"author\" content=\"Inclusive\" \/>\n<meta name=\"twitter:card\" content=\"summary_large_image\" \/>\n<meta name=\"twitter:label1\" content=\"Escrito por\" \/>\n\t<meta name=\"twitter:data1\" content=\"Inclusive\" \/>\n\t<meta name=\"twitter:label2\" content=\"Tempo estimado de leitura\" \/>\n\t<meta name=\"twitter:data2\" content=\"3 minutos\" \/>\n<script type=\"application\/ld+json\" class=\"yoast-schema-graph\">{\"@context\":\"https:\\\/\\\/schema.org\",\"@graph\":[{\"@type\":\"Article\",\"@id\":\"https:\\\/\\\/inclusivenews.com.br\\\/?p=31938#article\",\"isPartOf\":{\"@id\":\"https:\\\/\\\/inclusivenews.com.br\\\/?p=31938\"},\"author\":{\"name\":\"Inclusive\",\"@id\":\"https:\\\/\\\/inclusivenews.com.br\\\/#\\\/schema\\\/person\\\/0dab492019871b94abb65fa8ee7c8c44\"},\"headline\":\"Day of Children in School\",\"datePublished\":\"2020-10-12T12:50:41+00:00\",\"mainEntityOfPage\":{\"@id\":\"https:\\\/\\\/inclusivenews.com.br\\\/?p=31938\"},\"wordCount\":600,\"commentCount\":0,\"publisher\":{\"@id\":\"https:\\\/\\\/inclusivenews.com.br\\\/#organization\"},\"image\":{\"@id\":\"https:\\\/\\\/inclusivenews.com.br\\\/?p=31938#primaryimage\"},\"thumbnailUrl\":\"http:\\\/\\\/inclusivenews.com.br\\\/wp-content\\\/uploads\\\/barbara-300x178.png\",\"articleSection\":[\"INCLUS\u00c3O SOCIAL\"],\"inLanguage\":\"pt-PT\",\"potentialAction\":[{\"@type\":\"CommentAction\",\"name\":\"Comment\",\"target\":[\"https:\\\/\\\/inclusivenews.com.br\\\/?p=31938#respond\"]}]},{\"@type\":\"WebPage\",\"@id\":\"https:\\\/\\\/inclusivenews.com.br\\\/?p=31938\",\"url\":\"https:\\\/\\\/inclusivenews.com.br\\\/?p=31938\",\"name\":\"Day of Children in School -\",\"isPartOf\":{\"@id\":\"https:\\\/\\\/inclusivenews.com.br\\\/#website\"},\"primaryImageOfPage\":{\"@id\":\"https:\\\/\\\/inclusivenews.com.br\\\/?p=31938#primaryimage\"},\"image\":{\"@id\":\"https:\\\/\\\/inclusivenews.com.br\\\/?p=31938#primaryimage\"},\"thumbnailUrl\":\"http:\\\/\\\/inclusivenews.com.br\\\/wp-content\\\/uploads\\\/barbara-300x178.png\",\"datePublished\":\"2020-10-12T12:50:41+00:00\",\"breadcrumb\":{\"@id\":\"https:\\\/\\\/inclusivenews.com.br\\\/?p=31938#breadcrumb\"},\"inLanguage\":\"pt-PT\",\"potentialAction\":[{\"@type\":\"ReadAction\",\"target\":[\"https:\\\/\\\/inclusivenews.com.br\\\/?p=31938\"]}]},{\"@type\":\"ImageObject\",\"inLanguage\":\"pt-PT\",\"@id\":\"https:\\\/\\\/inclusivenews.com.br\\\/?p=31938#primaryimage\",\"url\":\"\",\"contentUrl\":\"\"},{\"@type\":\"BreadcrumbList\",\"@id\":\"https:\\\/\\\/inclusivenews.com.br\\\/?p=31938#breadcrumb\",\"itemListElement\":[{\"@type\":\"ListItem\",\"position\":1,\"name\":\"In\u00edcio\",\"item\":\"https:\\\/\\\/inclusivenews.com.br\\\/\"},{\"@type\":\"ListItem\",\"position\":2,\"name\":\"Day of Children in School\"}]},{\"@type\":\"WebSite\",\"@id\":\"https:\\\/\\\/inclusivenews.com.br\\\/#website\",\"url\":\"https:\\\/\\\/inclusivenews.com.br\\\/\",\"name\":\"Inclusive News\",\"description\":\"Inclusive News\",\"publisher\":{\"@id\":\"https:\\\/\\\/inclusivenews.com.br\\\/#organization\"},\"potentialAction\":[{\"@type\":\"SearchAction\",\"target\":{\"@type\":\"EntryPoint\",\"urlTemplate\":\"https:\\\/\\\/inclusivenews.com.br\\\/?s={search_term_string}\"},\"query-input\":{\"@type\":\"PropertyValueSpecification\",\"valueRequired\":true,\"valueName\":\"search_term_string\"}}],\"inLanguage\":\"pt-PT\"},{\"@type\":\"Organization\",\"@id\":\"https:\\\/\\\/inclusivenews.com.br\\\/#organization\",\"name\":\"Inclusive - inclus\u00e3o e cidadania\",\"url\":\"https:\\\/\\\/inclusivenews.com.br\\\/\",\"logo\":{\"@type\":\"ImageObject\",\"inLanguage\":\"pt-PT\",\"@id\":\"https:\\\/\\\/inclusivenews.com.br\\\/#\\\/schema\\\/logo\\\/image\\\/\",\"url\":\"https:\\\/\\\/inclusivenews.com.br\\\/wp-content\\\/uploads\\\/2024\\\/03\\\/@grandesite.png\",\"contentUrl\":\"https:\\\/\\\/inclusivenews.com.br\\\/wp-content\\\/uploads\\\/2024\\\/03\\\/@grandesite.png\",\"width\":1080,\"height\":1080,\"caption\":\"Inclusive - inclus\u00e3o e cidadania\"},\"image\":{\"@id\":\"https:\\\/\\\/inclusivenews.com.br\\\/#\\\/schema\\\/logo\\\/image\\\/\"},\"sameAs\":[\"https:\\\/\\\/www.facebook.com\\\/agenciainclusive\\\/\",\"https:\\\/\\\/www.instagram.com\\\/newsinclusive\\\/\"]},{\"@type\":\"Person\",\"@id\":\"https:\\\/\\\/inclusivenews.com.br\\\/#\\\/schema\\\/person\\\/0dab492019871b94abb65fa8ee7c8c44\",\"name\":\"Inclusive\",\"image\":{\"@type\":\"ImageObject\",\"inLanguage\":\"pt-PT\",\"@id\":\"https:\\\/\\\/secure.gravatar.com\\\/avatar\\\/?s=96&d=mm&r=g\",\"url\":\"https:\\\/\\\/secure.gravatar.com\\\/avatar\\\/?s=96&d=mm&r=g\",\"contentUrl\":\"https:\\\/\\\/secure.gravatar.com\\\/avatar\\\/?s=96&d=mm&r=g\",\"caption\":\"Inclusive\"},\"url\":\"https:\\\/\\\/inclusivenews.com.br\\\/?author=2\"}]}<\/script>\n<!-- \/ Yoast SEO plugin. -->","yoast_head_json":{"title":"Day of Children in School -","robots":{"index":"index","follow":"follow","max-snippet":"max-snippet:-1","max-image-preview":"max-image-preview:large","max-video-preview":"max-video-preview:-1"},"canonical":"https:\/\/inclusivenews.com.br\/?p=31938","og_locale":"pt_PT","og_type":"article","og_title":"Day of Children in School -","og_description":"I had contact with children with disabilities at school. My kindergarten B\u00e1rbara Ottoni, in Maracan\u00e3, Rio de Janeiro, Brazil, included children with disabilities since the 1960s. Today it is called Espa\u00e7o de Desenvolvimento Infantil B\u00e1rbara Ottoni and it will be 100 years old. It was a model public school, where slots were disputed. There my [&hellip;]","og_url":"https:\/\/inclusivenews.com.br\/?p=31938","article_publisher":"https:\/\/www.facebook.com\/agenciainclusive\/","article_published_time":"2020-10-12T12:50:41+00:00","og_image":[{"url":"http:\/\/inclusivenews.com.br\/wp-content\/uploads\/barbara-300x178.png","type":"","width":"","height":""}],"author":"Inclusive","twitter_card":"summary_large_image","twitter_misc":{"Escrito por":"Inclusive","Tempo estimado de leitura":"3 minutos"},"schema":{"@context":"https:\/\/schema.org","@graph":[{"@type":"Article","@id":"https:\/\/inclusivenews.com.br\/?p=31938#article","isPartOf":{"@id":"https:\/\/inclusivenews.com.br\/?p=31938"},"author":{"name":"Inclusive","@id":"https:\/\/inclusivenews.com.br\/#\/schema\/person\/0dab492019871b94abb65fa8ee7c8c44"},"headline":"Day of Children in School","datePublished":"2020-10-12T12:50:41+00:00","mainEntityOfPage":{"@id":"https:\/\/inclusivenews.com.br\/?p=31938"},"wordCount":600,"commentCount":0,"publisher":{"@id":"https:\/\/inclusivenews.com.br\/#organization"},"image":{"@id":"https:\/\/inclusivenews.com.br\/?p=31938#primaryimage"},"thumbnailUrl":"http:\/\/inclusivenews.com.br\/wp-content\/uploads\/barbara-300x178.png","articleSection":["INCLUS\u00c3O SOCIAL"],"inLanguage":"pt-PT","potentialAction":[{"@type":"CommentAction","name":"Comment","target":["https:\/\/inclusivenews.com.br\/?p=31938#respond"]}]},{"@type":"WebPage","@id":"https:\/\/inclusivenews.com.br\/?p=31938","url":"https:\/\/inclusivenews.com.br\/?p=31938","name":"Day of Children in School -","isPartOf":{"@id":"https:\/\/inclusivenews.com.br\/#website"},"primaryImageOfPage":{"@id":"https:\/\/inclusivenews.com.br\/?p=31938#primaryimage"},"image":{"@id":"https:\/\/inclusivenews.com.br\/?p=31938#primaryimage"},"thumbnailUrl":"http:\/\/inclusivenews.com.br\/wp-content\/uploads\/barbara-300x178.png","datePublished":"2020-10-12T12:50:41+00:00","breadcrumb":{"@id":"https:\/\/inclusivenews.com.br\/?p=31938#breadcrumb"},"inLanguage":"pt-PT","potentialAction":[{"@type":"ReadAction","target":["https:\/\/inclusivenews.com.br\/?p=31938"]}]},{"@type":"ImageObject","inLanguage":"pt-PT","@id":"https:\/\/inclusivenews.com.br\/?p=31938#primaryimage","url":"","contentUrl":""},{"@type":"BreadcrumbList","@id":"https:\/\/inclusivenews.com.br\/?p=31938#breadcrumb","itemListElement":[{"@type":"ListItem","position":1,"name":"In\u00edcio","item":"https:\/\/inclusivenews.com.br\/"},{"@type":"ListItem","position":2,"name":"Day of Children in School"}]},{"@type":"WebSite","@id":"https:\/\/inclusivenews.com.br\/#website","url":"https:\/\/inclusivenews.com.br\/","name":"Inclusive News","description":"Inclusive News","publisher":{"@id":"https:\/\/inclusivenews.com.br\/#organization"},"potentialAction":[{"@type":"SearchAction","target":{"@type":"EntryPoint","urlTemplate":"https:\/\/inclusivenews.com.br\/?s={search_term_string}"},"query-input":{"@type":"PropertyValueSpecification","valueRequired":true,"valueName":"search_term_string"}}],"inLanguage":"pt-PT"},{"@type":"Organization","@id":"https:\/\/inclusivenews.com.br\/#organization","name":"Inclusive - inclus\u00e3o e cidadania","url":"https:\/\/inclusivenews.com.br\/","logo":{"@type":"ImageObject","inLanguage":"pt-PT","@id":"https:\/\/inclusivenews.com.br\/#\/schema\/logo\/image\/","url":"https:\/\/inclusivenews.com.br\/wp-content\/uploads\/2024\/03\/@grandesite.png","contentUrl":"https:\/\/inclusivenews.com.br\/wp-content\/uploads\/2024\/03\/@grandesite.png","width":1080,"height":1080,"caption":"Inclusive - inclus\u00e3o e cidadania"},"image":{"@id":"https:\/\/inclusivenews.com.br\/#\/schema\/logo\/image\/"},"sameAs":["https:\/\/www.facebook.com\/agenciainclusive\/","https:\/\/www.instagram.com\/newsinclusive\/"]},{"@type":"Person","@id":"https:\/\/inclusivenews.com.br\/#\/schema\/person\/0dab492019871b94abb65fa8ee7c8c44","name":"Inclusive","image":{"@type":"ImageObject","inLanguage":"pt-PT","@id":"https:\/\/secure.gravatar.com\/avatar\/?s=96&d=mm&r=g","url":"https:\/\/secure.gravatar.com\/avatar\/?s=96&d=mm&r=g","contentUrl":"https:\/\/secure.gravatar.com\/avatar\/?s=96&d=mm&r=g","caption":"Inclusive"},"url":"https:\/\/inclusivenews.com.br\/?author=2"}]}},"_links":{"self":[{"href":"https:\/\/inclusivenews.com.br\/index.php?rest_route=\/wp\/v2\/posts\/31938","targetHints":{"allow":["GET"]}}],"collection":[{"href":"https:\/\/inclusivenews.com.br\/index.php?rest_route=\/wp\/v2\/posts"}],"about":[{"href":"https:\/\/inclusivenews.com.br\/index.php?rest_route=\/wp\/v2\/types\/post"}],"author":[{"embeddable":true,"href":"https:\/\/inclusivenews.com.br\/index.php?rest_route=\/wp\/v2\/users\/2"}],"replies":[{"embeddable":true,"href":"https:\/\/inclusivenews.com.br\/index.php?rest_route=%2Fwp%2Fv2%2Fcomments&post=31938"}],"version-history":[{"count":0,"href":"https:\/\/inclusivenews.com.br\/index.php?rest_route=\/wp\/v2\/posts\/31938\/revisions"}],"wp:attachment":[{"href":"https:\/\/inclusivenews.com.br\/index.php?rest_route=%2Fwp%2Fv2%2Fmedia&parent=31938"}],"wp:term":[{"taxonomy":"category","embeddable":true,"href":"https:\/\/inclusivenews.com.br\/index.php?rest_route=%2Fwp%2Fv2%2Fcategories&post=31938"},{"taxonomy":"post_tag","embeddable":true,"href":"https:\/\/inclusivenews.com.br\/index.php?rest_route=%2Fwp%2Fv2%2Ftags&post=31938"}],"curies":[{"name":"wp","href":"https:\/\/api.w.org\/{rel}","templated":true}]}}