{"id":32002,"date":"2020-10-22T21:54:44","date_gmt":"2020-10-23T00:54:44","guid":{"rendered":"http:\/\/www.inclusive.org.br\/?p=32002"},"modified":"2020-10-22T21:54:44","modified_gmt":"2020-10-23T00:54:44","slug":"diversidade-e-o-que-somos","status":"publish","type":"post","link":"https:\/\/inclusivenews.com.br\/?p=32002","title":{"rendered":"Diversidade \u00e9 o que somos"},"content":{"rendered":"<p><a href=\"http:\/\/www.inclusive.org.br\/arquivos\/32002\/foto-pula-pula-out-2020\" rel=\"attachment wp-att-32003\"><img loading=\"lazy\" decoding=\"async\" class=\"alignnone wp-image-32003\" src=\"http:\/\/inclusivenews.com.br\/wp-content\/uploads\/foto-pula-pula-out-2020-300x228.jpg\" alt=\"4 criancas em pula pula.\" width=\"427\" height=\"324\" \/><\/a><\/p>\n<p><em>Por Mariana Reade<\/em><\/p>\n<p>Nessa foto tr\u00eas meninos sem defici\u00eancia brincam com uma menina com s\u00edndrome de Down. Para tirar a foto, me afastei e observei de longe. Nenhum dos tr\u00eas pediu para a menina sair do pula-pula. Eles pulavam mais alto e ela ca\u00eda com facilidade. Mas continuaram ali os tr\u00eas, rindo e brincando. Caso nenhum dos tr\u00eas meninos nunca tivesse convivido com algu\u00e9m com defici\u00eancia, a cena seria a mesma?<\/p>\n<p>O Decreto n\u00ba 10.502\/2020 assinado pelo nosso presidente alega que escola especial \u00e9 liberdade de escolha. Ser\u00e1? Eu visitei 15 escolas, n\u00e3o me intimido facilmente. O ano era 2015 e mesmo tendo a lei ao meu lado, 13 escolas me responderam mal. Aquele tom que varia entre minha filha ser um inc\u00f4modo, um preju\u00edzo financeiro ou uma esp\u00e9cie de ET a quem s\u00f3 um astronauta da NASA seria capaz de ensinar.<\/p>\n<p>Em uma resposta espetacular, fui perguntada pela diretora da escola sobre o que levava pais de uma crian\u00e7a com defici\u00eancia a escolher para a filha uma escola de excel\u00eancia!<\/p>\n<p>O que est\u00e1 em jogo no novo decreto \u00e9 que a premissa de escola especial abre o precedente para escolas regulares aumentarem sua resist\u00eancia para aceitar crian\u00e7as com defici\u00eancia. Afinal, h\u00e1 que fazer um esfor\u00e7o para implementar a inclus\u00e3o. E em um pa\u00eds de tantas escolas privadas, esfor\u00e7o significa custo. Mas estamos falando de educa\u00e7\u00e3o, e n\u00e3o de qualquer business. E que sociedade ser\u00edamos vivendo em espa\u00e7os segregados?<\/p>\n<p>Assim como n\u00e3o percebemos facilmente o machismo e o racismo, posto que s\u00e3o estruturais, tampouco enxergamos o capacitismo, que \u00e9 acreditar que uma pessoa sem defici\u00eancia \u201cvale mais\u201d que uma pessoa com defici\u00eancia.<\/p>\n<p>Na escola da minha inf\u00e2ncia n\u00e3o havia nenhuma crian\u00e7a com defici\u00eancia. Pretos, me lembro de tr\u00eas em todo o meu ano. N\u00e3o fal\u00e1vamos sobre diversidade. A escola progrediu, como a maioria da sociedade.<\/p>\n<p>Em um dia de sol na pracinha, minha filha brincava quando ouvi de uma m\u00e3e que n\u00e3o era justo que fam\u00edlias sem crian\u00e7as com defici\u00eancia tivessem que dividir o custo que recai sobre a escola privada quando n\u00e3o se cobra o mediador da fam\u00edlia espec\u00edfica. Respondi que era mesmo injusto, afinal a \u201cloteria gen\u00e9tica\u201d \u00e9 implac\u00e1vel e as fam\u00edlias com crian\u00e7as com defici\u00eancia precisam ter mais recursos financeiros para educar seus filhos!<\/p>\n<p>Felizmente a m\u00e3e que cruzei na pracinha \u00e9 minoria. Uma pesquisa encomendada pelo Instituto Alana em 2019 revela que aproximadamente nove em cada dez brasileiros acredita que crian\u00e7as com defici\u00eancia em escolas regulares trazem benef\u00edcios para todos.<\/p>\n<p>Uma pena que o presidente esteja com a minoria e n\u00e3o entenda que n\u00f3s, as \u00e1rvores, os animais, as florestas e toda a natureza no planeta Terra SOMOS diversidade.<\/p>\n<p>Diversidade n\u00e3o h\u00e1 que ser defendida. \u00c9 o que somos. Basta enxergar.<\/p>\n","protected":false},"excerpt":{"rendered":"<p>Por Mariana Reade Nessa foto tr\u00eas meninos sem defici\u00eancia brincam com uma menina com s\u00edndrome de Down. Para tirar a foto, me afastei e observei de longe. Nenhum dos tr\u00eas pediu para a menina sair do pula-pula. Eles pulavam mais alto e ela ca\u00eda com facilidade. Mas continuaram ali os tr\u00eas, rindo e brincando. Caso [&hellip;]<\/p>\n","protected":false},"author":2,"featured_media":32003,"comment_status":"open","ping_status":"open","sticky":false,"template":"","format":"standard","meta":{"site-container-style":"default","site-container-layout":"default","site-sidebar-layout":"default","disable-article-header":"default","disable-site-header":"default","disable-site-footer":"default","disable-content-area-spacing":"default","footnotes":""},"categories":[48],"tags":[],"class_list":["post-32002","post","type-post","status-publish","format-standard","has-post-thumbnail","hentry","category-inclusao"],"yoast_head":"<!-- This site is optimized with the Yoast SEO plugin v27.4 - https:\/\/yoast.com\/product\/yoast-seo-wordpress\/ -->\n<title>Diversidade \u00e9 o que somos -<\/title>\n<meta name=\"robots\" content=\"index, follow, max-snippet:-1, max-image-preview:large, max-video-preview:-1\" \/>\n<link rel=\"canonical\" href=\"https:\/\/inclusivenews.com.br\/?p=32002\" \/>\n<meta property=\"og:locale\" content=\"pt_PT\" \/>\n<meta property=\"og:type\" content=\"article\" \/>\n<meta property=\"og:title\" content=\"Diversidade \u00e9 o que somos -\" \/>\n<meta property=\"og:description\" content=\"Por Mariana Reade Nessa foto tr\u00eas meninos sem defici\u00eancia brincam com uma menina com s\u00edndrome de Down. Para tirar a foto, me afastei e observei de longe. Nenhum dos tr\u00eas pediu para a menina sair do pula-pula. Eles pulavam mais alto e ela ca\u00eda com facilidade. Mas continuaram ali os tr\u00eas, rindo e brincando. Caso [&hellip;]\" \/>\n<meta property=\"og:url\" content=\"https:\/\/inclusivenews.com.br\/?p=32002\" \/>\n<meta property=\"article:publisher\" content=\"https:\/\/www.facebook.com\/agenciainclusive\/\" \/>\n<meta property=\"article:published_time\" content=\"2020-10-23T00:54:44+00:00\" \/>\n<meta name=\"author\" content=\"Inclusive\" \/>\n<meta name=\"twitter:card\" content=\"summary_large_image\" \/>\n<meta name=\"twitter:label1\" content=\"Escrito por\" \/>\n\t<meta name=\"twitter:data1\" content=\"Inclusive\" \/>\n\t<meta name=\"twitter:label2\" content=\"Tempo estimado de leitura\" \/>\n\t<meta name=\"twitter:data2\" content=\"3 minutos\" \/>\n<script type=\"application\/ld+json\" class=\"yoast-schema-graph\">{\"@context\":\"https:\\\/\\\/schema.org\",\"@graph\":[{\"@type\":\"Article\",\"@id\":\"https:\\\/\\\/inclusivenews.com.br\\\/?p=32002#article\",\"isPartOf\":{\"@id\":\"https:\\\/\\\/inclusivenews.com.br\\\/?p=32002\"},\"author\":{\"name\":\"Inclusive\",\"@id\":\"https:\\\/\\\/inclusivenews.com.br\\\/#\\\/schema\\\/person\\\/0dab492019871b94abb65fa8ee7c8c44\"},\"headline\":\"Diversidade \u00e9 o que somos\",\"datePublished\":\"2020-10-23T00:54:44+00:00\",\"mainEntityOfPage\":{\"@id\":\"https:\\\/\\\/inclusivenews.com.br\\\/?p=32002\"},\"wordCount\":506,\"commentCount\":0,\"publisher\":{\"@id\":\"https:\\\/\\\/inclusivenews.com.br\\\/#organization\"},\"image\":{\"@id\":\"https:\\\/\\\/inclusivenews.com.br\\\/?p=32002#primaryimage\"},\"thumbnailUrl\":\"\",\"articleSection\":[\"INCLUS\u00c3O SOCIAL\"],\"inLanguage\":\"pt-PT\",\"potentialAction\":[{\"@type\":\"CommentAction\",\"name\":\"Comment\",\"target\":[\"https:\\\/\\\/inclusivenews.com.br\\\/?p=32002#respond\"]}]},{\"@type\":\"WebPage\",\"@id\":\"https:\\\/\\\/inclusivenews.com.br\\\/?p=32002\",\"url\":\"https:\\\/\\\/inclusivenews.com.br\\\/?p=32002\",\"name\":\"Diversidade \u00e9 o que somos -\",\"isPartOf\":{\"@id\":\"https:\\\/\\\/inclusivenews.com.br\\\/#website\"},\"primaryImageOfPage\":{\"@id\":\"https:\\\/\\\/inclusivenews.com.br\\\/?p=32002#primaryimage\"},\"image\":{\"@id\":\"https:\\\/\\\/inclusivenews.com.br\\\/?p=32002#primaryimage\"},\"thumbnailUrl\":\"\",\"datePublished\":\"2020-10-23T00:54:44+00:00\",\"breadcrumb\":{\"@id\":\"https:\\\/\\\/inclusivenews.com.br\\\/?p=32002#breadcrumb\"},\"inLanguage\":\"pt-PT\",\"potentialAction\":[{\"@type\":\"ReadAction\",\"target\":[\"https:\\\/\\\/inclusivenews.com.br\\\/?p=32002\"]}]},{\"@type\":\"ImageObject\",\"inLanguage\":\"pt-PT\",\"@id\":\"https:\\\/\\\/inclusivenews.com.br\\\/?p=32002#primaryimage\",\"url\":\"\",\"contentUrl\":\"\"},{\"@type\":\"BreadcrumbList\",\"@id\":\"https:\\\/\\\/inclusivenews.com.br\\\/?p=32002#breadcrumb\",\"itemListElement\":[{\"@type\":\"ListItem\",\"position\":1,\"name\":\"In\u00edcio\",\"item\":\"https:\\\/\\\/inclusivenews.com.br\\\/\"},{\"@type\":\"ListItem\",\"position\":2,\"name\":\"Diversidade \u00e9 o que somos\"}]},{\"@type\":\"WebSite\",\"@id\":\"https:\\\/\\\/inclusivenews.com.br\\\/#website\",\"url\":\"https:\\\/\\\/inclusivenews.com.br\\\/\",\"name\":\"Inclusive News\",\"description\":\"Inclusive News\",\"publisher\":{\"@id\":\"https:\\\/\\\/inclusivenews.com.br\\\/#organization\"},\"potentialAction\":[{\"@type\":\"SearchAction\",\"target\":{\"@type\":\"EntryPoint\",\"urlTemplate\":\"https:\\\/\\\/inclusivenews.com.br\\\/?s={search_term_string}\"},\"query-input\":{\"@type\":\"PropertyValueSpecification\",\"valueRequired\":true,\"valueName\":\"search_term_string\"}}],\"inLanguage\":\"pt-PT\"},{\"@type\":\"Organization\",\"@id\":\"https:\\\/\\\/inclusivenews.com.br\\\/#organization\",\"name\":\"Inclusive - inclus\u00e3o e cidadania\",\"url\":\"https:\\\/\\\/inclusivenews.com.br\\\/\",\"logo\":{\"@type\":\"ImageObject\",\"inLanguage\":\"pt-PT\",\"@id\":\"https:\\\/\\\/inclusivenews.com.br\\\/#\\\/schema\\\/logo\\\/image\\\/\",\"url\":\"https:\\\/\\\/inclusivenews.com.br\\\/wp-content\\\/uploads\\\/2024\\\/03\\\/@grandesite.png\",\"contentUrl\":\"https:\\\/\\\/inclusivenews.com.br\\\/wp-content\\\/uploads\\\/2024\\\/03\\\/@grandesite.png\",\"width\":1080,\"height\":1080,\"caption\":\"Inclusive - inclus\u00e3o e cidadania\"},\"image\":{\"@id\":\"https:\\\/\\\/inclusivenews.com.br\\\/#\\\/schema\\\/logo\\\/image\\\/\"},\"sameAs\":[\"https:\\\/\\\/www.facebook.com\\\/agenciainclusive\\\/\",\"https:\\\/\\\/www.instagram.com\\\/newsinclusive\\\/\"]},{\"@type\":\"Person\",\"@id\":\"https:\\\/\\\/inclusivenews.com.br\\\/#\\\/schema\\\/person\\\/0dab492019871b94abb65fa8ee7c8c44\",\"name\":\"Inclusive\",\"image\":{\"@type\":\"ImageObject\",\"inLanguage\":\"pt-PT\",\"@id\":\"https:\\\/\\\/secure.gravatar.com\\\/avatar\\\/?s=96&d=mm&r=g\",\"url\":\"https:\\\/\\\/secure.gravatar.com\\\/avatar\\\/?s=96&d=mm&r=g\",\"contentUrl\":\"https:\\\/\\\/secure.gravatar.com\\\/avatar\\\/?s=96&d=mm&r=g\",\"caption\":\"Inclusive\"},\"url\":\"https:\\\/\\\/inclusivenews.com.br\\\/?author=2\"}]}<\/script>\n<!-- \/ Yoast SEO plugin. -->","yoast_head_json":{"title":"Diversidade \u00e9 o que somos -","robots":{"index":"index","follow":"follow","max-snippet":"max-snippet:-1","max-image-preview":"max-image-preview:large","max-video-preview":"max-video-preview:-1"},"canonical":"https:\/\/inclusivenews.com.br\/?p=32002","og_locale":"pt_PT","og_type":"article","og_title":"Diversidade \u00e9 o que somos -","og_description":"Por Mariana Reade Nessa foto tr\u00eas meninos sem defici\u00eancia brincam com uma menina com s\u00edndrome de Down. Para tirar a foto, me afastei e observei de longe. Nenhum dos tr\u00eas pediu para a menina sair do pula-pula. Eles pulavam mais alto e ela ca\u00eda com facilidade. Mas continuaram ali os tr\u00eas, rindo e brincando. Caso [&hellip;]","og_url":"https:\/\/inclusivenews.com.br\/?p=32002","article_publisher":"https:\/\/www.facebook.com\/agenciainclusive\/","article_published_time":"2020-10-23T00:54:44+00:00","author":"Inclusive","twitter_card":"summary_large_image","twitter_misc":{"Escrito por":"Inclusive","Tempo estimado de leitura":"3 minutos"},"schema":{"@context":"https:\/\/schema.org","@graph":[{"@type":"Article","@id":"https:\/\/inclusivenews.com.br\/?p=32002#article","isPartOf":{"@id":"https:\/\/inclusivenews.com.br\/?p=32002"},"author":{"name":"Inclusive","@id":"https:\/\/inclusivenews.com.br\/#\/schema\/person\/0dab492019871b94abb65fa8ee7c8c44"},"headline":"Diversidade \u00e9 o que somos","datePublished":"2020-10-23T00:54:44+00:00","mainEntityOfPage":{"@id":"https:\/\/inclusivenews.com.br\/?p=32002"},"wordCount":506,"commentCount":0,"publisher":{"@id":"https:\/\/inclusivenews.com.br\/#organization"},"image":{"@id":"https:\/\/inclusivenews.com.br\/?p=32002#primaryimage"},"thumbnailUrl":"","articleSection":["INCLUS\u00c3O SOCIAL"],"inLanguage":"pt-PT","potentialAction":[{"@type":"CommentAction","name":"Comment","target":["https:\/\/inclusivenews.com.br\/?p=32002#respond"]}]},{"@type":"WebPage","@id":"https:\/\/inclusivenews.com.br\/?p=32002","url":"https:\/\/inclusivenews.com.br\/?p=32002","name":"Diversidade \u00e9 o que somos -","isPartOf":{"@id":"https:\/\/inclusivenews.com.br\/#website"},"primaryImageOfPage":{"@id":"https:\/\/inclusivenews.com.br\/?p=32002#primaryimage"},"image":{"@id":"https:\/\/inclusivenews.com.br\/?p=32002#primaryimage"},"thumbnailUrl":"","datePublished":"2020-10-23T00:54:44+00:00","breadcrumb":{"@id":"https:\/\/inclusivenews.com.br\/?p=32002#breadcrumb"},"inLanguage":"pt-PT","potentialAction":[{"@type":"ReadAction","target":["https:\/\/inclusivenews.com.br\/?p=32002"]}]},{"@type":"ImageObject","inLanguage":"pt-PT","@id":"https:\/\/inclusivenews.com.br\/?p=32002#primaryimage","url":"","contentUrl":""},{"@type":"BreadcrumbList","@id":"https:\/\/inclusivenews.com.br\/?p=32002#breadcrumb","itemListElement":[{"@type":"ListItem","position":1,"name":"In\u00edcio","item":"https:\/\/inclusivenews.com.br\/"},{"@type":"ListItem","position":2,"name":"Diversidade \u00e9 o que somos"}]},{"@type":"WebSite","@id":"https:\/\/inclusivenews.com.br\/#website","url":"https:\/\/inclusivenews.com.br\/","name":"Inclusive News","description":"Inclusive News","publisher":{"@id":"https:\/\/inclusivenews.com.br\/#organization"},"potentialAction":[{"@type":"SearchAction","target":{"@type":"EntryPoint","urlTemplate":"https:\/\/inclusivenews.com.br\/?s={search_term_string}"},"query-input":{"@type":"PropertyValueSpecification","valueRequired":true,"valueName":"search_term_string"}}],"inLanguage":"pt-PT"},{"@type":"Organization","@id":"https:\/\/inclusivenews.com.br\/#organization","name":"Inclusive - inclus\u00e3o e cidadania","url":"https:\/\/inclusivenews.com.br\/","logo":{"@type":"ImageObject","inLanguage":"pt-PT","@id":"https:\/\/inclusivenews.com.br\/#\/schema\/logo\/image\/","url":"https:\/\/inclusivenews.com.br\/wp-content\/uploads\/2024\/03\/@grandesite.png","contentUrl":"https:\/\/inclusivenews.com.br\/wp-content\/uploads\/2024\/03\/@grandesite.png","width":1080,"height":1080,"caption":"Inclusive - inclus\u00e3o e cidadania"},"image":{"@id":"https:\/\/inclusivenews.com.br\/#\/schema\/logo\/image\/"},"sameAs":["https:\/\/www.facebook.com\/agenciainclusive\/","https:\/\/www.instagram.com\/newsinclusive\/"]},{"@type":"Person","@id":"https:\/\/inclusivenews.com.br\/#\/schema\/person\/0dab492019871b94abb65fa8ee7c8c44","name":"Inclusive","image":{"@type":"ImageObject","inLanguage":"pt-PT","@id":"https:\/\/secure.gravatar.com\/avatar\/?s=96&d=mm&r=g","url":"https:\/\/secure.gravatar.com\/avatar\/?s=96&d=mm&r=g","contentUrl":"https:\/\/secure.gravatar.com\/avatar\/?s=96&d=mm&r=g","caption":"Inclusive"},"url":"https:\/\/inclusivenews.com.br\/?author=2"}]}},"_links":{"self":[{"href":"https:\/\/inclusivenews.com.br\/index.php?rest_route=\/wp\/v2\/posts\/32002","targetHints":{"allow":["GET"]}}],"collection":[{"href":"https:\/\/inclusivenews.com.br\/index.php?rest_route=\/wp\/v2\/posts"}],"about":[{"href":"https:\/\/inclusivenews.com.br\/index.php?rest_route=\/wp\/v2\/types\/post"}],"author":[{"embeddable":true,"href":"https:\/\/inclusivenews.com.br\/index.php?rest_route=\/wp\/v2\/users\/2"}],"replies":[{"embeddable":true,"href":"https:\/\/inclusivenews.com.br\/index.php?rest_route=%2Fwp%2Fv2%2Fcomments&post=32002"}],"version-history":[{"count":0,"href":"https:\/\/inclusivenews.com.br\/index.php?rest_route=\/wp\/v2\/posts\/32002\/revisions"}],"wp:featuredmedia":[{"embeddable":true,"href":"https:\/\/inclusivenews.com.br\/index.php?rest_route=\/"}],"wp:attachment":[{"href":"https:\/\/inclusivenews.com.br\/index.php?rest_route=%2Fwp%2Fv2%2Fmedia&parent=32002"}],"wp:term":[{"taxonomy":"category","embeddable":true,"href":"https:\/\/inclusivenews.com.br\/index.php?rest_route=%2Fwp%2Fv2%2Fcategories&post=32002"},{"taxonomy":"post_tag","embeddable":true,"href":"https:\/\/inclusivenews.com.br\/index.php?rest_route=%2Fwp%2Fv2%2Ftags&post=32002"}],"curies":[{"name":"wp","href":"https:\/\/api.w.org\/{rel}","templated":true}]}}