{"id":32039,"date":"2021-03-14T16:02:17","date_gmt":"2021-03-14T19:02:17","guid":{"rendered":"http:\/\/www.inclusive.org.br\/?p=32039"},"modified":"2021-03-14T16:02:17","modified_gmt":"2021-03-14T19:02:17","slug":"conectar-para-incluir-dia-internacional-da-sindrome-de-down-na-oea-163-16h","status":"publish","type":"post","link":"https:\/\/inclusivenews.com.br\/?p=32039","title":{"rendered":"Conectar para Incluir &#8211; Dia Internacional da S\u00edndrome de Down na OEA &#8211; 16\/3, 16h"},"content":{"rendered":"<p><img decoding=\"async\" class=\"mediaImage\" title=\"\" src=\"https:\/\/www.ds-int.org\/GetImage.aspx?IDMF=daf89bbf-d435-44a7-b474-4230ffb83d29&amp;w=800&amp;h=350&amp;src=mc\" alt=\"\" \/><\/p>\n<div class=\"kvgmc6g5 cxmmr5t8 oygrvhab hcukyx3x c1et5uql ii04i59q\">\n<div dir=\"auto\">Pela primeira vez o Dia Internacional da S\u00edndrome de Down ser\u00e1 celebrado na Organiza\u00e7\u00e3o dos Estados Americanos &#8211; OEA &#8211; com o webin\u00e1rio &#8220;Conectar para Incluir&#8221;.<\/div>\n<div dir=\"auto\"><\/div>\n<\/div>\n<div class=\"o9v6fnle cxmmr5t8 oygrvhab hcukyx3x c1et5uql ii04i59q\">\n<div dir=\"auto\">O evento \u00e9 uma iniciativa conjunta da Down Syndrome International e do Grupo de Amigos das Pessoas com Defici\u00eancia na OEA, composto por Argentina, Brasil, Chile, Costa Rica, Equador, El Salvador, Estados Unidos, Guatemala, M\u00e9xico, Panam\u00e1, Peru, Uruguai e Venezuela.<\/div>\n<div dir=\"auto\"><\/div>\n<\/div>\n<div class=\"o9v6fnle cxmmr5t8 oygrvhab hcukyx3x c1et5uql ii04i59q\">\n<div dir=\"auto\">N\u00e3o perca!<\/div>\n<div dir=\"auto\"><\/div>\n<\/div>\n<div class=\"o9v6fnle cxmmr5t8 oygrvhab hcukyx3x c1et5uql ii04i59q\">\n<div dir=\"auto\">Dia Internacional da S\u00edndrome de Down 2021 na OEA<\/div>\n<div dir=\"auto\">Conectar para incluir<\/div>\n<div dir=\"auto\">Data: ter\u00e7a-feira, 16 de mar\u00e7o<\/div>\n<div dir=\"auto\">Hor\u00e1rio: 15h Hor\u00e1rio de Washington DC (16h no Brasil)<\/div>\n<div dir=\"auto\">Modo: virtual<\/div>\n<div dir=\"auto\">Transmiss\u00e3o online<\/div>\n<div dir=\"auto\">\n<div class=\"nc684nl6\">https:\/\/www.facebook.com\/OEAInclusion<\/div>\n<\/div>\n<\/div>\n<div class=\"o9v6fnle cxmmr5t8 oygrvhab hcukyx3x c1et5uql ii04i59q\">\n<div dir=\"auto\"><\/div>\n<div dir=\"auto\">Programa<\/div>\n<div dir=\"auto\"><\/div>\n<div dir=\"auto\">Abertura<\/div>\n<div dir=\"auto\">Grupo de Pa\u00edses da OEA Amigos das Pessoas com Defici\u00eancia<\/div>\n<div dir=\"auto\">Coordenadora: Embaixadora Wendy Acevedo (El Salvador)<\/div>\n<div dir=\"auto\">Embaixador Fernando Simas Magalh\u00e3es (Brasil)<\/div>\n<div dir=\"auto\">Ana Lucia Arellano \u2013 (Equador &#8211; DSi, IDA, Riyadh)<\/div>\n<div dir=\"auto\">V\u00eddeo \u2013 A Corrente do Emprego \u2013 Inclus\u00e3o no Mundo do Trabalho (Coordown)<\/div>\n<\/div>\n<div class=\"o9v6fnle cxmmr5t8 oygrvhab hcukyx3x c1et5uql ii04i59q\">\n<div dir=\"auto\"><\/div>\n<div dir=\"auto\">Painel I O impacto da Covid-19<\/div>\n<\/div>\n<div class=\"o9v6fnle cxmmr5t8 oygrvhab hcukyx3x c1et5uql ii04i59q\">\n<div dir=\"auto\">\u2022 Dr. Gonzalo Larrabure &#8211; Diretor da \u00e1rea de sa\u00fade das Olimp\u00edadas Especiais Am\u00e9rica Latina (Peru) &#8211; Relato sobre a situa\u00e7\u00e3o das pessoas com s\u00edndrome de Down na regi\u00e3o &#8211; estudos sobre vulnerabilidade e prioridade em vacinas<\/div>\n<\/div>\n<div class=\"o9v6fnle cxmmr5t8 oygrvhab hcukyx3x c1et5uql ii04i59q\">\n<div dir=\"auto\">\u2022 Irma Iglesias &#8211; Presidente da Fiadown &#8211; Associa\u00e7\u00e3o Ibero-Americana de S\u00edndrome de Down (Chile) &#8211; Educa\u00e7\u00e3o e sa\u00fade mental &#8211; impacto da pandemia na vida de pessoas com s\u00edndrome de Down, voltar ou n\u00e3o \u00e0 escola?<\/div>\n<\/div>\n<div class=\"o9v6fnle cxmmr5t8 oygrvhab hcukyx3x c1et5uql ii04i59q\">\n<div dir=\"auto\"><\/div>\n<div dir=\"auto\">Painel II Linguagem F\u00e1cil &#8211; Acessibilidade Cognitiva<\/div>\n<\/div>\n<div class=\"o9v6fnle cxmmr5t8 oygrvhab hcukyx3x c1et5uql ii04i59q\">\n<div dir=\"auto\">\u2022 Paola Jelonche &#8211; Funda\u00e7\u00e3o Visibilia (Argentina)<\/div>\n<div dir=\"auto\">\u2022 Gabriela Martinez \u2013 Confedera\u00e7\u00e3o Mexicana de Organiza\u00e7\u00f5es para pessoas com defici\u00eancia intelectual e Inclusion International Am\u00e9ricas (M\u00e9xico)<\/div>\n<div dir=\"auto\">\u2022 Patricia Almeida &#8211; Movimento Down e Down Syndrome International (Brasil) \u2013Coronav\u00edrus &#8211; Eu Me Protejo, educa\u00e7\u00e3o para preven\u00e7\u00e3o da viol\u00eancia (exemplos de Linguagem F\u00e1cil).<\/div>\n<\/div>\n<div class=\"o9v6fnle cxmmr5t8 oygrvhab hcukyx3x c1et5uql ii04i59q\">\n<div dir=\"auto\"><\/div>\n<div dir=\"auto\">Painel III Conex\u00f5es na pandemia &#8211; Como me conectar na pandemia?<\/div>\n<\/div>\n<div class=\"o9v6fnle cxmmr5t8 oygrvhab hcukyx3x c1et5uql ii04i59q\">\n<div dir=\"auto\">\u2022 Andrea Rubio (Olimp\u00edadas Especiais Am\u00e9rica Latina &#8211; M\u00e9xico)<\/div>\n<div dir=\"auto\">\u2022 Katia Iacoponi (Guatemala)<\/div>\n<div dir=\"auto\">\u2022 Vinicius Streda (Federa\u00e7\u00e3o Brasileira das Associa\u00e7\u00f5es de S\u00edndrome de Down &#8211; Brasil)<\/div>\n<div dir=\"auto\">Moderadora \u2013 Paola Jelonche (Fundaci\u00f3n Visibilia \u2013 Argentina)<\/div>\n<\/div>\n<div class=\"o9v6fnle cxmmr5t8 oygrvhab hcukyx3x c1et5uql ii04i59q\">\n<div dir=\"auto\"><\/div>\n<div dir=\"auto\">Perguntas e considera\u00e7\u00f5es finais<\/div>\n<\/div>\n<div class=\"o9v6fnle cxmmr5t8 oygrvhab hcukyx3x c1et5uql ii04i59q\">\n<div dir=\"auto\">Encerramento &#8211; Maricarmen Plata, Secret\u00e1ria de Acesso a Direitos e Patrim\u00f4nio da OEA<\/div>\n<\/div>\n<div class=\"o9v6fnle cxmmr5t8 oygrvhab hcukyx3x c1et5uql ii04i59q\">\n<div dir=\"auto\"><\/div>\n<div dir=\"auto\">Apoio:<\/div>\n<div dir=\"auto\">Departamento de Inclus\u00e3o Social, Secretaria de Acesso a Direitos e Equidade da OEA<\/div>\n<div dir=\"auto\">International Disabilty Alliance- IDA<\/div>\n<div dir=\"auto\">Rede Latino-Americana de Organiza\u00e7\u00f5es N\u00e3o Governamentais de Pessoas com Defici\u00eancia e Suas Fam\u00edlias &#8211; Riadis<\/div>\n<div dir=\"auto\">Federa\u00e7\u00e3o Ibero-Americana de S\u00edndrome de Down &#8211; Fiadown<\/div>\n<div dir=\"auto\">Inclusion International Am\u00e9ricas<\/div>\n<div dir=\"auto\">Olimp\u00edadas Especiais Am\u00e9rica Latina<\/div>\n<div dir=\"auto\">Federa\u00e7\u00e3o Brasileira de Associa\u00e7\u00f5es de S\u00edndrome de Down &#8211; FBASD<\/div>\n<\/div>\n<div class=\"o9v6fnle cxmmr5t8 oygrvhab hcukyx3x c1et5uql ii04i59q\">\n<div dir=\"auto\">Mais informa\u00e7\u00f5es: <a class=\"oajrlxb2 g5ia77u1 qu0x051f esr5mh6w e9989ue4 r7d6kgcz rq0escxv nhd2j8a9 nc684nl6 p7hjln8o kvgmc6g5 cxmmr5t8 oygrvhab hcukyx3x jb3vyjys rz4wbd8a qt6c0cv9 a8nywdso i1ao9s8h esuyzwwr f1sip0of lzcic4wl py34i1dx gpro0wi8\" tabindex=\"0\" href=\"https:\/\/www.ds-int.org\/Event\/conectar-para-incluir?fbclid=IwAR3B05Os1gdPjDlQr0DheON5Pe9aQZNKvxtdJJlavq8rdbyjTkSdzQAFrRs\" target=\"_blank\" rel=\"nofollow noopener\">https:\/\/www.ds-int.org\/Event\/conectar-para-incluir<\/a><\/div>\n<\/div>\n<div class=\"o9v6fnle cxmmr5t8 oygrvhab hcukyx3x c1et5uql ii04i59q\">\n<div dir=\"auto\">Descri\u00e7\u00e3o da imagem: card de divulga\u00e7\u00e3o. Informa\u00e7\u00f5es em texto no corpo da mensagem. Imagem mostrando a silhueta de monumentos da cidade de Washington.<\/div>\n<\/div>\n","protected":false},"excerpt":{"rendered":"<p>Pela primeira vez o Dia Internacional da S\u00edndrome de Down ser\u00e1 celebrado na Organiza\u00e7\u00e3o dos Estados Americanos &#8211; OEA &#8211; com o webin\u00e1rio &#8220;Conectar para Incluir&#8221;. O evento \u00e9 uma iniciativa conjunta da Down Syndrome International e do Grupo de Amigos das Pessoas com Defici\u00eancia na OEA, composto por Argentina, Brasil, Chile, Costa Rica, Equador, [&hellip;]<\/p>\n","protected":false},"author":2,"featured_media":0,"comment_status":"open","ping_status":"open","sticky":false,"template":"","format":"standard","meta":{"site-container-style":"default","site-container-layout":"default","site-sidebar-layout":"default","disable-article-header":"default","disable-site-header":"default","disable-site-footer":"default","disable-content-area-spacing":"default","footnotes":""},"categories":[447],"tags":[],"class_list":["post-32039","post","type-post","status-publish","format-standard","hentry","category-wdsd-2021"],"yoast_head":"<!-- This site is optimized with the Yoast SEO plugin v27.4 - https:\/\/yoast.com\/product\/yoast-seo-wordpress\/ -->\n<title>Conectar para Incluir - Dia Internacional da S\u00edndrome de Down na OEA - 16\/3, 16h -<\/title>\n<meta name=\"robots\" content=\"index, follow, max-snippet:-1, max-image-preview:large, max-video-preview:-1\" \/>\n<link rel=\"canonical\" href=\"https:\/\/inclusivenews.com.br\/?p=32039\" \/>\n<meta property=\"og:locale\" content=\"pt_PT\" \/>\n<meta property=\"og:type\" content=\"article\" \/>\n<meta property=\"og:title\" content=\"Conectar para Incluir - Dia Internacional da S\u00edndrome de Down na OEA - 16\/3, 16h -\" \/>\n<meta property=\"og:description\" content=\"Pela primeira vez o Dia Internacional da S\u00edndrome de Down ser\u00e1 celebrado na Organiza\u00e7\u00e3o dos Estados Americanos &#8211; OEA &#8211; com o webin\u00e1rio &#8220;Conectar para Incluir&#8221;. O evento \u00e9 uma iniciativa conjunta da Down Syndrome International e do Grupo de Amigos das Pessoas com Defici\u00eancia na OEA, composto por Argentina, Brasil, Chile, Costa Rica, Equador, [&hellip;]\" \/>\n<meta property=\"og:url\" content=\"https:\/\/inclusivenews.com.br\/?p=32039\" \/>\n<meta property=\"article:publisher\" content=\"https:\/\/www.facebook.com\/agenciainclusive\/\" \/>\n<meta property=\"article:published_time\" content=\"2021-03-14T19:02:17+00:00\" \/>\n<meta property=\"og:image\" content=\"https:\/\/www.ds-int.org\/GetImage.aspx?IDMF=daf89bbf-d435-44a7-b474-4230ffb83d29&amp;w=800&amp;h=350&amp;src=mc\" \/>\n<meta name=\"author\" content=\"Inclusive\" \/>\n<meta name=\"twitter:card\" content=\"summary_large_image\" \/>\n<meta name=\"twitter:label1\" content=\"Escrito por\" \/>\n\t<meta name=\"twitter:data1\" content=\"Inclusive\" \/>\n\t<meta name=\"twitter:label2\" content=\"Tempo estimado de leitura\" \/>\n\t<meta name=\"twitter:data2\" content=\"2 minutos\" \/>\n<script type=\"application\/ld+json\" class=\"yoast-schema-graph\">{\"@context\":\"https:\\\/\\\/schema.org\",\"@graph\":[{\"@type\":\"Article\",\"@id\":\"https:\\\/\\\/inclusivenews.com.br\\\/?p=32039#article\",\"isPartOf\":{\"@id\":\"https:\\\/\\\/inclusivenews.com.br\\\/?p=32039\"},\"author\":{\"name\":\"Inclusive\",\"@id\":\"https:\\\/\\\/inclusivenews.com.br\\\/#\\\/schema\\\/person\\\/0dab492019871b94abb65fa8ee7c8c44\"},\"headline\":\"Conectar para Incluir &#8211; Dia Internacional da S\u00edndrome de Down na OEA &#8211; 16\\\/3, 16h\",\"datePublished\":\"2021-03-14T19:02:17+00:00\",\"mainEntityOfPage\":{\"@id\":\"https:\\\/\\\/inclusivenews.com.br\\\/?p=32039\"},\"wordCount\":502,\"commentCount\":0,\"publisher\":{\"@id\":\"https:\\\/\\\/inclusivenews.com.br\\\/#organization\"},\"image\":{\"@id\":\"https:\\\/\\\/inclusivenews.com.br\\\/?p=32039#primaryimage\"},\"thumbnailUrl\":\"https:\\\/\\\/www.ds-int.org\\\/GetImage.aspx?IDMF=daf89bbf-d435-44a7-b474-4230ffb83d29&amp;w=800&amp;h=350&amp;src=mc\",\"articleSection\":[\"WDSD 2021\"],\"inLanguage\":\"pt-PT\",\"potentialAction\":[{\"@type\":\"CommentAction\",\"name\":\"Comment\",\"target\":[\"https:\\\/\\\/inclusivenews.com.br\\\/?p=32039#respond\"]}]},{\"@type\":\"WebPage\",\"@id\":\"https:\\\/\\\/inclusivenews.com.br\\\/?p=32039\",\"url\":\"https:\\\/\\\/inclusivenews.com.br\\\/?p=32039\",\"name\":\"Conectar para Incluir - Dia Internacional da S\u00edndrome de Down na OEA - 16\\\/3, 16h -\",\"isPartOf\":{\"@id\":\"https:\\\/\\\/inclusivenews.com.br\\\/#website\"},\"primaryImageOfPage\":{\"@id\":\"https:\\\/\\\/inclusivenews.com.br\\\/?p=32039#primaryimage\"},\"image\":{\"@id\":\"https:\\\/\\\/inclusivenews.com.br\\\/?p=32039#primaryimage\"},\"thumbnailUrl\":\"https:\\\/\\\/www.ds-int.org\\\/GetImage.aspx?IDMF=daf89bbf-d435-44a7-b474-4230ffb83d29&amp;w=800&amp;h=350&amp;src=mc\",\"datePublished\":\"2021-03-14T19:02:17+00:00\",\"breadcrumb\":{\"@id\":\"https:\\\/\\\/inclusivenews.com.br\\\/?p=32039#breadcrumb\"},\"inLanguage\":\"pt-PT\",\"potentialAction\":[{\"@type\":\"ReadAction\",\"target\":[\"https:\\\/\\\/inclusivenews.com.br\\\/?p=32039\"]}]},{\"@type\":\"ImageObject\",\"inLanguage\":\"pt-PT\",\"@id\":\"https:\\\/\\\/inclusivenews.com.br\\\/?p=32039#primaryimage\",\"url\":\"https:\\\/\\\/www.ds-int.org\\\/GetImage.aspx?IDMF=daf89bbf-d435-44a7-b474-4230ffb83d29&amp;w=800&amp;h=350&amp;src=mc\",\"contentUrl\":\"https:\\\/\\\/www.ds-int.org\\\/GetImage.aspx?IDMF=daf89bbf-d435-44a7-b474-4230ffb83d29&amp;w=800&amp;h=350&amp;src=mc\"},{\"@type\":\"BreadcrumbList\",\"@id\":\"https:\\\/\\\/inclusivenews.com.br\\\/?p=32039#breadcrumb\",\"itemListElement\":[{\"@type\":\"ListItem\",\"position\":1,\"name\":\"In\u00edcio\",\"item\":\"https:\\\/\\\/inclusivenews.com.br\\\/\"},{\"@type\":\"ListItem\",\"position\":2,\"name\":\"Conectar para Incluir &#8211; Dia Internacional da S\u00edndrome de Down na OEA &#8211; 16\\\/3, 16h\"}]},{\"@type\":\"WebSite\",\"@id\":\"https:\\\/\\\/inclusivenews.com.br\\\/#website\",\"url\":\"https:\\\/\\\/inclusivenews.com.br\\\/\",\"name\":\"Inclusive News\",\"description\":\"Inclusive News\",\"publisher\":{\"@id\":\"https:\\\/\\\/inclusivenews.com.br\\\/#organization\"},\"potentialAction\":[{\"@type\":\"SearchAction\",\"target\":{\"@type\":\"EntryPoint\",\"urlTemplate\":\"https:\\\/\\\/inclusivenews.com.br\\\/?s={search_term_string}\"},\"query-input\":{\"@type\":\"PropertyValueSpecification\",\"valueRequired\":true,\"valueName\":\"search_term_string\"}}],\"inLanguage\":\"pt-PT\"},{\"@type\":\"Organization\",\"@id\":\"https:\\\/\\\/inclusivenews.com.br\\\/#organization\",\"name\":\"Inclusive - inclus\u00e3o e cidadania\",\"url\":\"https:\\\/\\\/inclusivenews.com.br\\\/\",\"logo\":{\"@type\":\"ImageObject\",\"inLanguage\":\"pt-PT\",\"@id\":\"https:\\\/\\\/inclusivenews.com.br\\\/#\\\/schema\\\/logo\\\/image\\\/\",\"url\":\"https:\\\/\\\/inclusivenews.com.br\\\/wp-content\\\/uploads\\\/2024\\\/03\\\/@grandesite.png\",\"contentUrl\":\"https:\\\/\\\/inclusivenews.com.br\\\/wp-content\\\/uploads\\\/2024\\\/03\\\/@grandesite.png\",\"width\":1080,\"height\":1080,\"caption\":\"Inclusive - inclus\u00e3o e cidadania\"},\"image\":{\"@id\":\"https:\\\/\\\/inclusivenews.com.br\\\/#\\\/schema\\\/logo\\\/image\\\/\"},\"sameAs\":[\"https:\\\/\\\/www.facebook.com\\\/agenciainclusive\\\/\",\"https:\\\/\\\/www.instagram.com\\\/newsinclusive\\\/\"]},{\"@type\":\"Person\",\"@id\":\"https:\\\/\\\/inclusivenews.com.br\\\/#\\\/schema\\\/person\\\/0dab492019871b94abb65fa8ee7c8c44\",\"name\":\"Inclusive\",\"image\":{\"@type\":\"ImageObject\",\"inLanguage\":\"pt-PT\",\"@id\":\"https:\\\/\\\/secure.gravatar.com\\\/avatar\\\/?s=96&d=mm&r=g\",\"url\":\"https:\\\/\\\/secure.gravatar.com\\\/avatar\\\/?s=96&d=mm&r=g\",\"contentUrl\":\"https:\\\/\\\/secure.gravatar.com\\\/avatar\\\/?s=96&d=mm&r=g\",\"caption\":\"Inclusive\"},\"url\":\"https:\\\/\\\/inclusivenews.com.br\\\/?author=2\"}]}<\/script>\n<!-- \/ Yoast SEO plugin. -->","yoast_head_json":{"title":"Conectar para Incluir - Dia Internacional da S\u00edndrome de Down na OEA - 16\/3, 16h -","robots":{"index":"index","follow":"follow","max-snippet":"max-snippet:-1","max-image-preview":"max-image-preview:large","max-video-preview":"max-video-preview:-1"},"canonical":"https:\/\/inclusivenews.com.br\/?p=32039","og_locale":"pt_PT","og_type":"article","og_title":"Conectar para Incluir - Dia Internacional da S\u00edndrome de Down na OEA - 16\/3, 16h -","og_description":"Pela primeira vez o Dia Internacional da S\u00edndrome de Down ser\u00e1 celebrado na Organiza\u00e7\u00e3o dos Estados Americanos &#8211; OEA &#8211; com o webin\u00e1rio &#8220;Conectar para Incluir&#8221;. O evento \u00e9 uma iniciativa conjunta da Down Syndrome International e do Grupo de Amigos das Pessoas com Defici\u00eancia na OEA, composto por Argentina, Brasil, Chile, Costa Rica, Equador, [&hellip;]","og_url":"https:\/\/inclusivenews.com.br\/?p=32039","article_publisher":"https:\/\/www.facebook.com\/agenciainclusive\/","article_published_time":"2021-03-14T19:02:17+00:00","og_image":[{"url":"https:\/\/www.ds-int.org\/GetImage.aspx?IDMF=daf89bbf-d435-44a7-b474-4230ffb83d29&amp;w=800&amp;h=350&amp;src=mc","type":"","width":"","height":""}],"author":"Inclusive","twitter_card":"summary_large_image","twitter_misc":{"Escrito por":"Inclusive","Tempo estimado de leitura":"2 minutos"},"schema":{"@context":"https:\/\/schema.org","@graph":[{"@type":"Article","@id":"https:\/\/inclusivenews.com.br\/?p=32039#article","isPartOf":{"@id":"https:\/\/inclusivenews.com.br\/?p=32039"},"author":{"name":"Inclusive","@id":"https:\/\/inclusivenews.com.br\/#\/schema\/person\/0dab492019871b94abb65fa8ee7c8c44"},"headline":"Conectar para Incluir &#8211; Dia Internacional da S\u00edndrome de Down na OEA &#8211; 16\/3, 16h","datePublished":"2021-03-14T19:02:17+00:00","mainEntityOfPage":{"@id":"https:\/\/inclusivenews.com.br\/?p=32039"},"wordCount":502,"commentCount":0,"publisher":{"@id":"https:\/\/inclusivenews.com.br\/#organization"},"image":{"@id":"https:\/\/inclusivenews.com.br\/?p=32039#primaryimage"},"thumbnailUrl":"https:\/\/www.ds-int.org\/GetImage.aspx?IDMF=daf89bbf-d435-44a7-b474-4230ffb83d29&amp;w=800&amp;h=350&amp;src=mc","articleSection":["WDSD 2021"],"inLanguage":"pt-PT","potentialAction":[{"@type":"CommentAction","name":"Comment","target":["https:\/\/inclusivenews.com.br\/?p=32039#respond"]}]},{"@type":"WebPage","@id":"https:\/\/inclusivenews.com.br\/?p=32039","url":"https:\/\/inclusivenews.com.br\/?p=32039","name":"Conectar para Incluir - Dia Internacional da S\u00edndrome de Down na OEA - 16\/3, 16h -","isPartOf":{"@id":"https:\/\/inclusivenews.com.br\/#website"},"primaryImageOfPage":{"@id":"https:\/\/inclusivenews.com.br\/?p=32039#primaryimage"},"image":{"@id":"https:\/\/inclusivenews.com.br\/?p=32039#primaryimage"},"thumbnailUrl":"https:\/\/www.ds-int.org\/GetImage.aspx?IDMF=daf89bbf-d435-44a7-b474-4230ffb83d29&amp;w=800&amp;h=350&amp;src=mc","datePublished":"2021-03-14T19:02:17+00:00","breadcrumb":{"@id":"https:\/\/inclusivenews.com.br\/?p=32039#breadcrumb"},"inLanguage":"pt-PT","potentialAction":[{"@type":"ReadAction","target":["https:\/\/inclusivenews.com.br\/?p=32039"]}]},{"@type":"ImageObject","inLanguage":"pt-PT","@id":"https:\/\/inclusivenews.com.br\/?p=32039#primaryimage","url":"https:\/\/www.ds-int.org\/GetImage.aspx?IDMF=daf89bbf-d435-44a7-b474-4230ffb83d29&amp;w=800&amp;h=350&amp;src=mc","contentUrl":"https:\/\/www.ds-int.org\/GetImage.aspx?IDMF=daf89bbf-d435-44a7-b474-4230ffb83d29&amp;w=800&amp;h=350&amp;src=mc"},{"@type":"BreadcrumbList","@id":"https:\/\/inclusivenews.com.br\/?p=32039#breadcrumb","itemListElement":[{"@type":"ListItem","position":1,"name":"In\u00edcio","item":"https:\/\/inclusivenews.com.br\/"},{"@type":"ListItem","position":2,"name":"Conectar para Incluir &#8211; Dia Internacional da S\u00edndrome de Down na OEA &#8211; 16\/3, 16h"}]},{"@type":"WebSite","@id":"https:\/\/inclusivenews.com.br\/#website","url":"https:\/\/inclusivenews.com.br\/","name":"Inclusive News","description":"Inclusive News","publisher":{"@id":"https:\/\/inclusivenews.com.br\/#organization"},"potentialAction":[{"@type":"SearchAction","target":{"@type":"EntryPoint","urlTemplate":"https:\/\/inclusivenews.com.br\/?s={search_term_string}"},"query-input":{"@type":"PropertyValueSpecification","valueRequired":true,"valueName":"search_term_string"}}],"inLanguage":"pt-PT"},{"@type":"Organization","@id":"https:\/\/inclusivenews.com.br\/#organization","name":"Inclusive - inclus\u00e3o e cidadania","url":"https:\/\/inclusivenews.com.br\/","logo":{"@type":"ImageObject","inLanguage":"pt-PT","@id":"https:\/\/inclusivenews.com.br\/#\/schema\/logo\/image\/","url":"https:\/\/inclusivenews.com.br\/wp-content\/uploads\/2024\/03\/@grandesite.png","contentUrl":"https:\/\/inclusivenews.com.br\/wp-content\/uploads\/2024\/03\/@grandesite.png","width":1080,"height":1080,"caption":"Inclusive - inclus\u00e3o e cidadania"},"image":{"@id":"https:\/\/inclusivenews.com.br\/#\/schema\/logo\/image\/"},"sameAs":["https:\/\/www.facebook.com\/agenciainclusive\/","https:\/\/www.instagram.com\/newsinclusive\/"]},{"@type":"Person","@id":"https:\/\/inclusivenews.com.br\/#\/schema\/person\/0dab492019871b94abb65fa8ee7c8c44","name":"Inclusive","image":{"@type":"ImageObject","inLanguage":"pt-PT","@id":"https:\/\/secure.gravatar.com\/avatar\/?s=96&d=mm&r=g","url":"https:\/\/secure.gravatar.com\/avatar\/?s=96&d=mm&r=g","contentUrl":"https:\/\/secure.gravatar.com\/avatar\/?s=96&d=mm&r=g","caption":"Inclusive"},"url":"https:\/\/inclusivenews.com.br\/?author=2"}]}},"_links":{"self":[{"href":"https:\/\/inclusivenews.com.br\/index.php?rest_route=\/wp\/v2\/posts\/32039","targetHints":{"allow":["GET"]}}],"collection":[{"href":"https:\/\/inclusivenews.com.br\/index.php?rest_route=\/wp\/v2\/posts"}],"about":[{"href":"https:\/\/inclusivenews.com.br\/index.php?rest_route=\/wp\/v2\/types\/post"}],"author":[{"embeddable":true,"href":"https:\/\/inclusivenews.com.br\/index.php?rest_route=\/wp\/v2\/users\/2"}],"replies":[{"embeddable":true,"href":"https:\/\/inclusivenews.com.br\/index.php?rest_route=%2Fwp%2Fv2%2Fcomments&post=32039"}],"version-history":[{"count":0,"href":"https:\/\/inclusivenews.com.br\/index.php?rest_route=\/wp\/v2\/posts\/32039\/revisions"}],"wp:attachment":[{"href":"https:\/\/inclusivenews.com.br\/index.php?rest_route=%2Fwp%2Fv2%2Fmedia&parent=32039"}],"wp:term":[{"taxonomy":"category","embeddable":true,"href":"https:\/\/inclusivenews.com.br\/index.php?rest_route=%2Fwp%2Fv2%2Fcategories&post=32039"},{"taxonomy":"post_tag","embeddable":true,"href":"https:\/\/inclusivenews.com.br\/index.php?rest_route=%2Fwp%2Fv2%2Ftags&post=32039"}],"curies":[{"name":"wp","href":"https:\/\/api.w.org\/{rel}","templated":true}]}}