{"id":32052,"date":"2021-03-18T10:00:01","date_gmt":"2021-03-18T13:00:01","guid":{"rendered":"http:\/\/www.inclusive.org.br\/?p=32052"},"modified":"2021-03-18T10:00:01","modified_gmt":"2021-03-18T13:00:01","slug":"inclusao-acolhe-mulher-com-deficiencia-analista-de-indicadores-sociais","status":"publish","type":"post","link":"https:\/\/inclusivenews.com.br\/?p=32052","title":{"rendered":"INCLUS\u00c3O ACOLHE &#8211; Mulher com defici\u00eancia. Analista de indicadores sociais."},"content":{"rendered":"<div class=\"kvgmc6g5 cxmmr5t8 oygrvhab hcukyx3x c1et5uql ii04i59q\">\n<div dir=\"auto\"><a href=\"http:\/\/www.inclusive.org.br\/arquivos\/32052\/luanda\" rel=\"attachment wp-att-32053\"><img loading=\"lazy\" decoding=\"async\" class=\"alignnone size-medium wp-image-32053\" src=\"http:\/\/inclusivenews.com.br\/wp-content\/uploads\/LUANDA-294x300.jpeg\" alt=\"LUANDA\" width=\"294\" height=\"300\" \/><\/a><\/div>\n<div dir=\"auto\">COLUNA INCLUS\u00c3O DO ACOLHE<\/div>\n<\/div>\n<div class=\"o9v6fnle cxmmr5t8 oygrvhab hcukyx3x c1et5uql ii04i59q\">\n<div dir=\"auto\"><\/div>\n<div dir=\"auto\">Por Luanda Botelho<\/div>\n<div dir=\"auto\"><\/div>\n<div dir=\"auto\">Mulher com defici\u00eancia. Analista de indicadores sociais.<\/div>\n<\/div>\n<div class=\"o9v6fnle cxmmr5t8 oygrvhab hcukyx3x c1et5uql ii04i59q\">\n<div dir=\"auto\"><\/div>\n<div dir=\"auto\">Em mar\u00e7o celebra-se o dia internacional da mulher, data que remonta \u00e0 luta de trabalhadoras por direitos. Celebra-se, mas n\u00e3o se comemora, pois a igualdade de g\u00eanero ainda est\u00e1 longe de ser alcan\u00e7ada. O que o Acolhe Down tem a ver com isso? Tudo!<\/div>\n<div dir=\"auto\">H\u00e1 poucos dias, estudo do IBGE revelou que as mulheres que vivem com crian\u00e7as de at\u00e9 3 anos tem menores chances de ter um trabalho. Entre as negras, menos da metade trabalhava em 2019. Por que isso acontece? Um motivo apontado \u00e9 que as mulheres dedicam mais horas a cuidar de pessoas e outras tarefas dom\u00e9sticas, mais que o dobro do tempo que os homens!<\/div>\n<div dir=\"auto\">As mulheres, mesmo mais escolarizadas, tamb\u00e9m ocupam menos cargos gerenciais. O chamado teto de vidro, com pr\u00e1ticas discriminat\u00f3rias muitas vezes n\u00e3o reconhecidas por quem as pratica, impede que progridam nas carreiras. Elas est\u00e3o ainda mais sub-representadas em espa\u00e7os de formula\u00e7\u00e3o de pol\u00edticas p\u00fablicas, como minist\u00e9rios e o Poder Legislativo.<\/div>\n<div dir=\"auto\">A situa\u00e7\u00e3o das m\u00e3es de crian\u00e7as com defici\u00eancia e das mulheres com defici\u00eancia n\u00e3o \u00e9 contemplada no estudo, o que diz muito sobre a invisibilidade desses grupos. Quantas horas a mais uma m\u00e3e de crian\u00e7a com defici\u00eancia dedica aos seus cuidados e como elas se inserem no mercado de trabalho? Quantas mulheres com defici\u00eancia s\u00e3o diretoras de empresas ou deputadas?<\/div>\n<div dir=\"auto\">A interseccionalidade desponta como eixo de an\u00e1lise essencial das condi\u00e7\u00f5es de vida na sociedade brasileira. Definida por Crenshaw como \u201cconceitua\u00e7\u00e3o do problema que busca capturar as consequ\u00eancias estruturais e din\u00e2micas da intera\u00e7\u00e3o entre dois ou mais eixos da subordina\u00e7\u00e3o\u201d permite entender como a intera\u00e7\u00e3o de caracter\u00edsticas como ser mulher, negra e ter defici\u00eancia refor\u00e7a desigualdades. Constitui, portanto, chave indispens\u00e1vel para atuar em prol de sua redu\u00e7\u00e3o.<\/div>\n<div dir=\"auto\">Anticapacitismo, antirracismo e feminismo s\u00e3o lutas que precisam ser travadas juntas.<\/div>\n<\/div>\n<div class=\"o9v6fnle cxmmr5t8 oygrvhab hcukyx3x c1et5uql ii04i59q\">\n<div dir=\"auto\">Realiza\u00e7\u00e3o: @acolhedownoficial e @inclusivamente<\/div>\n<\/div>\n<div class=\"o9v6fnle cxmmr5t8 oygrvhab hcukyx3x c1et5uql ii04i59q\">\n<div dir=\"auto\"><a class=\"oajrlxb2 g5ia77u1 qu0x051f esr5mh6w e9989ue4 r7d6kgcz rq0escxv nhd2j8a9 nc684nl6 p7hjln8o kvgmc6g5 cxmmr5t8 oygrvhab hcukyx3x jb3vyjys rz4wbd8a qt6c0cv9 a8nywdso i1ao9s8h esuyzwwr f1sip0of lzcic4wl q66pz984 gpro0wi8 b1v8xokw\" tabindex=\"0\" href=\"https:\/\/www.facebook.com\/hashtag\/descri%C3%A7%C3%A3odaimagem?__eep__=6&amp;__cft__[0]=AZUDhoH84lrMyd-lZyJD3gfzO-4FvuzJWRrKTziiGvGJXqHHHdgGfnJRgBw6oxWqYdZ-IyobwiYEM_2_U2gBSwAA0iNUbT3iz5QeYTIwkGW1MkMo6feTBraDrLpkMr6rIseUA9xTVzCBW2IZkIpaATxG&amp;__tn__=*NK-R\">#descri\u00e7\u00e3odaimagem<\/a>: em um fundo branco e vermelho: Coluna Inclus\u00e3o AcolheDown com Luanda Botelho. Anticapacitismo, antirracismo e feminismo s\u00e3o lutas que precisam ser travadas juntas. Com foto da autora.<\/div>\n<\/div>\n","protected":false},"excerpt":{"rendered":"<p>COLUNA INCLUS\u00c3O DO ACOLHE Por Luanda Botelho Mulher com defici\u00eancia. Analista de indicadores sociais. Em mar\u00e7o celebra-se o dia internacional da mulher, data que remonta \u00e0 luta de trabalhadoras por direitos. Celebra-se, mas n\u00e3o se comemora, pois a igualdade de g\u00eanero ainda est\u00e1 longe de ser alcan\u00e7ada. O que o Acolhe Down tem a ver [&hellip;]<\/p>\n","protected":false},"author":2,"featured_media":32053,"comment_status":"open","ping_status":"open","sticky":false,"template":"","format":"standard","meta":{"site-container-style":"default","site-container-layout":"default","site-sidebar-layout":"default","disable-article-header":"default","disable-site-header":"default","disable-site-footer":"default","disable-content-area-spacing":"default","footnotes":""},"categories":[448],"tags":[],"class_list":["post-32052","post","type-post","status-publish","format-standard","has-post-thumbnail","hentry","category-coluna-inclusao-acolhe"],"yoast_head":"<!-- This site is optimized with the Yoast SEO plugin v27.4 - https:\/\/yoast.com\/product\/yoast-seo-wordpress\/ -->\n<title>INCLUS\u00c3O ACOLHE - Mulher com defici\u00eancia. Analista de indicadores sociais. -<\/title>\n<meta name=\"robots\" content=\"index, follow, max-snippet:-1, max-image-preview:large, max-video-preview:-1\" \/>\n<link rel=\"canonical\" href=\"https:\/\/inclusivenews.com.br\/?p=32052\" \/>\n<meta property=\"og:locale\" content=\"pt_PT\" \/>\n<meta property=\"og:type\" content=\"article\" \/>\n<meta property=\"og:title\" content=\"INCLUS\u00c3O ACOLHE - Mulher com defici\u00eancia. Analista de indicadores sociais. -\" \/>\n<meta property=\"og:description\" content=\"COLUNA INCLUS\u00c3O DO ACOLHE Por Luanda Botelho Mulher com defici\u00eancia. Analista de indicadores sociais. Em mar\u00e7o celebra-se o dia internacional da mulher, data que remonta \u00e0 luta de trabalhadoras por direitos. Celebra-se, mas n\u00e3o se comemora, pois a igualdade de g\u00eanero ainda est\u00e1 longe de ser alcan\u00e7ada. O que o Acolhe Down tem a ver [&hellip;]\" \/>\n<meta property=\"og:url\" content=\"https:\/\/inclusivenews.com.br\/?p=32052\" \/>\n<meta property=\"article:publisher\" content=\"https:\/\/www.facebook.com\/agenciainclusive\/\" \/>\n<meta property=\"article:published_time\" content=\"2021-03-18T13:00:01+00:00\" \/>\n<meta name=\"author\" content=\"Inclusive\" \/>\n<meta name=\"twitter:card\" content=\"summary_large_image\" \/>\n<meta name=\"twitter:label1\" content=\"Escrito por\" \/>\n\t<meta name=\"twitter:data1\" content=\"Inclusive\" \/>\n\t<meta name=\"twitter:label2\" content=\"Tempo estimado de leitura\" \/>\n\t<meta name=\"twitter:data2\" content=\"2 minutos\" \/>\n<script type=\"application\/ld+json\" class=\"yoast-schema-graph\">{\"@context\":\"https:\\\/\\\/schema.org\",\"@graph\":[{\"@type\":\"Article\",\"@id\":\"https:\\\/\\\/inclusivenews.com.br\\\/?p=32052#article\",\"isPartOf\":{\"@id\":\"https:\\\/\\\/inclusivenews.com.br\\\/?p=32052\"},\"author\":{\"name\":\"Inclusive\",\"@id\":\"https:\\\/\\\/inclusivenews.com.br\\\/#\\\/schema\\\/person\\\/0dab492019871b94abb65fa8ee7c8c44\"},\"headline\":\"INCLUS\u00c3O ACOLHE &#8211; Mulher com defici\u00eancia. Analista de indicadores sociais.\",\"datePublished\":\"2021-03-18T13:00:01+00:00\",\"mainEntityOfPage\":{\"@id\":\"https:\\\/\\\/inclusivenews.com.br\\\/?p=32052\"},\"wordCount\":395,\"commentCount\":0,\"publisher\":{\"@id\":\"https:\\\/\\\/inclusivenews.com.br\\\/#organization\"},\"image\":{\"@id\":\"https:\\\/\\\/inclusivenews.com.br\\\/?p=32052#primaryimage\"},\"thumbnailUrl\":\"\",\"articleSection\":[\"Coluna Inclus\u00e3o - Acolhe\"],\"inLanguage\":\"pt-PT\",\"potentialAction\":[{\"@type\":\"CommentAction\",\"name\":\"Comment\",\"target\":[\"https:\\\/\\\/inclusivenews.com.br\\\/?p=32052#respond\"]}]},{\"@type\":\"WebPage\",\"@id\":\"https:\\\/\\\/inclusivenews.com.br\\\/?p=32052\",\"url\":\"https:\\\/\\\/inclusivenews.com.br\\\/?p=32052\",\"name\":\"INCLUS\u00c3O ACOLHE - Mulher com defici\u00eancia. Analista de indicadores sociais. -\",\"isPartOf\":{\"@id\":\"https:\\\/\\\/inclusivenews.com.br\\\/#website\"},\"primaryImageOfPage\":{\"@id\":\"https:\\\/\\\/inclusivenews.com.br\\\/?p=32052#primaryimage\"},\"image\":{\"@id\":\"https:\\\/\\\/inclusivenews.com.br\\\/?p=32052#primaryimage\"},\"thumbnailUrl\":\"\",\"datePublished\":\"2021-03-18T13:00:01+00:00\",\"breadcrumb\":{\"@id\":\"https:\\\/\\\/inclusivenews.com.br\\\/?p=32052#breadcrumb\"},\"inLanguage\":\"pt-PT\",\"potentialAction\":[{\"@type\":\"ReadAction\",\"target\":[\"https:\\\/\\\/inclusivenews.com.br\\\/?p=32052\"]}]},{\"@type\":\"ImageObject\",\"inLanguage\":\"pt-PT\",\"@id\":\"https:\\\/\\\/inclusivenews.com.br\\\/?p=32052#primaryimage\",\"url\":\"\",\"contentUrl\":\"\"},{\"@type\":\"BreadcrumbList\",\"@id\":\"https:\\\/\\\/inclusivenews.com.br\\\/?p=32052#breadcrumb\",\"itemListElement\":[{\"@type\":\"ListItem\",\"position\":1,\"name\":\"In\u00edcio\",\"item\":\"https:\\\/\\\/inclusivenews.com.br\\\/\"},{\"@type\":\"ListItem\",\"position\":2,\"name\":\"INCLUS\u00c3O ACOLHE &#8211; Mulher com defici\u00eancia. Analista de indicadores sociais.\"}]},{\"@type\":\"WebSite\",\"@id\":\"https:\\\/\\\/inclusivenews.com.br\\\/#website\",\"url\":\"https:\\\/\\\/inclusivenews.com.br\\\/\",\"name\":\"Inclusive News\",\"description\":\"Inclusive News\",\"publisher\":{\"@id\":\"https:\\\/\\\/inclusivenews.com.br\\\/#organization\"},\"potentialAction\":[{\"@type\":\"SearchAction\",\"target\":{\"@type\":\"EntryPoint\",\"urlTemplate\":\"https:\\\/\\\/inclusivenews.com.br\\\/?s={search_term_string}\"},\"query-input\":{\"@type\":\"PropertyValueSpecification\",\"valueRequired\":true,\"valueName\":\"search_term_string\"}}],\"inLanguage\":\"pt-PT\"},{\"@type\":\"Organization\",\"@id\":\"https:\\\/\\\/inclusivenews.com.br\\\/#organization\",\"name\":\"Inclusive - inclus\u00e3o e cidadania\",\"url\":\"https:\\\/\\\/inclusivenews.com.br\\\/\",\"logo\":{\"@type\":\"ImageObject\",\"inLanguage\":\"pt-PT\",\"@id\":\"https:\\\/\\\/inclusivenews.com.br\\\/#\\\/schema\\\/logo\\\/image\\\/\",\"url\":\"https:\\\/\\\/inclusivenews.com.br\\\/wp-content\\\/uploads\\\/2024\\\/03\\\/@grandesite.png\",\"contentUrl\":\"https:\\\/\\\/inclusivenews.com.br\\\/wp-content\\\/uploads\\\/2024\\\/03\\\/@grandesite.png\",\"width\":1080,\"height\":1080,\"caption\":\"Inclusive - inclus\u00e3o e cidadania\"},\"image\":{\"@id\":\"https:\\\/\\\/inclusivenews.com.br\\\/#\\\/schema\\\/logo\\\/image\\\/\"},\"sameAs\":[\"https:\\\/\\\/www.facebook.com\\\/agenciainclusive\\\/\",\"https:\\\/\\\/www.instagram.com\\\/newsinclusive\\\/\"]},{\"@type\":\"Person\",\"@id\":\"https:\\\/\\\/inclusivenews.com.br\\\/#\\\/schema\\\/person\\\/0dab492019871b94abb65fa8ee7c8c44\",\"name\":\"Inclusive\",\"image\":{\"@type\":\"ImageObject\",\"inLanguage\":\"pt-PT\",\"@id\":\"https:\\\/\\\/secure.gravatar.com\\\/avatar\\\/?s=96&d=mm&r=g\",\"url\":\"https:\\\/\\\/secure.gravatar.com\\\/avatar\\\/?s=96&d=mm&r=g\",\"contentUrl\":\"https:\\\/\\\/secure.gravatar.com\\\/avatar\\\/?s=96&d=mm&r=g\",\"caption\":\"Inclusive\"},\"url\":\"https:\\\/\\\/inclusivenews.com.br\\\/?author=2\"}]}<\/script>\n<!-- \/ Yoast SEO plugin. -->","yoast_head_json":{"title":"INCLUS\u00c3O ACOLHE - Mulher com defici\u00eancia. Analista de indicadores sociais. -","robots":{"index":"index","follow":"follow","max-snippet":"max-snippet:-1","max-image-preview":"max-image-preview:large","max-video-preview":"max-video-preview:-1"},"canonical":"https:\/\/inclusivenews.com.br\/?p=32052","og_locale":"pt_PT","og_type":"article","og_title":"INCLUS\u00c3O ACOLHE - Mulher com defici\u00eancia. Analista de indicadores sociais. -","og_description":"COLUNA INCLUS\u00c3O DO ACOLHE Por Luanda Botelho Mulher com defici\u00eancia. Analista de indicadores sociais. Em mar\u00e7o celebra-se o dia internacional da mulher, data que remonta \u00e0 luta de trabalhadoras por direitos. Celebra-se, mas n\u00e3o se comemora, pois a igualdade de g\u00eanero ainda est\u00e1 longe de ser alcan\u00e7ada. O que o Acolhe Down tem a ver [&hellip;]","og_url":"https:\/\/inclusivenews.com.br\/?p=32052","article_publisher":"https:\/\/www.facebook.com\/agenciainclusive\/","article_published_time":"2021-03-18T13:00:01+00:00","author":"Inclusive","twitter_card":"summary_large_image","twitter_misc":{"Escrito por":"Inclusive","Tempo estimado de leitura":"2 minutos"},"schema":{"@context":"https:\/\/schema.org","@graph":[{"@type":"Article","@id":"https:\/\/inclusivenews.com.br\/?p=32052#article","isPartOf":{"@id":"https:\/\/inclusivenews.com.br\/?p=32052"},"author":{"name":"Inclusive","@id":"https:\/\/inclusivenews.com.br\/#\/schema\/person\/0dab492019871b94abb65fa8ee7c8c44"},"headline":"INCLUS\u00c3O ACOLHE &#8211; Mulher com defici\u00eancia. Analista de indicadores sociais.","datePublished":"2021-03-18T13:00:01+00:00","mainEntityOfPage":{"@id":"https:\/\/inclusivenews.com.br\/?p=32052"},"wordCount":395,"commentCount":0,"publisher":{"@id":"https:\/\/inclusivenews.com.br\/#organization"},"image":{"@id":"https:\/\/inclusivenews.com.br\/?p=32052#primaryimage"},"thumbnailUrl":"","articleSection":["Coluna Inclus\u00e3o - Acolhe"],"inLanguage":"pt-PT","potentialAction":[{"@type":"CommentAction","name":"Comment","target":["https:\/\/inclusivenews.com.br\/?p=32052#respond"]}]},{"@type":"WebPage","@id":"https:\/\/inclusivenews.com.br\/?p=32052","url":"https:\/\/inclusivenews.com.br\/?p=32052","name":"INCLUS\u00c3O ACOLHE - Mulher com defici\u00eancia. Analista de indicadores sociais. -","isPartOf":{"@id":"https:\/\/inclusivenews.com.br\/#website"},"primaryImageOfPage":{"@id":"https:\/\/inclusivenews.com.br\/?p=32052#primaryimage"},"image":{"@id":"https:\/\/inclusivenews.com.br\/?p=32052#primaryimage"},"thumbnailUrl":"","datePublished":"2021-03-18T13:00:01+00:00","breadcrumb":{"@id":"https:\/\/inclusivenews.com.br\/?p=32052#breadcrumb"},"inLanguage":"pt-PT","potentialAction":[{"@type":"ReadAction","target":["https:\/\/inclusivenews.com.br\/?p=32052"]}]},{"@type":"ImageObject","inLanguage":"pt-PT","@id":"https:\/\/inclusivenews.com.br\/?p=32052#primaryimage","url":"","contentUrl":""},{"@type":"BreadcrumbList","@id":"https:\/\/inclusivenews.com.br\/?p=32052#breadcrumb","itemListElement":[{"@type":"ListItem","position":1,"name":"In\u00edcio","item":"https:\/\/inclusivenews.com.br\/"},{"@type":"ListItem","position":2,"name":"INCLUS\u00c3O ACOLHE &#8211; Mulher com defici\u00eancia. Analista de indicadores sociais."}]},{"@type":"WebSite","@id":"https:\/\/inclusivenews.com.br\/#website","url":"https:\/\/inclusivenews.com.br\/","name":"Inclusive News","description":"Inclusive News","publisher":{"@id":"https:\/\/inclusivenews.com.br\/#organization"},"potentialAction":[{"@type":"SearchAction","target":{"@type":"EntryPoint","urlTemplate":"https:\/\/inclusivenews.com.br\/?s={search_term_string}"},"query-input":{"@type":"PropertyValueSpecification","valueRequired":true,"valueName":"search_term_string"}}],"inLanguage":"pt-PT"},{"@type":"Organization","@id":"https:\/\/inclusivenews.com.br\/#organization","name":"Inclusive - inclus\u00e3o e cidadania","url":"https:\/\/inclusivenews.com.br\/","logo":{"@type":"ImageObject","inLanguage":"pt-PT","@id":"https:\/\/inclusivenews.com.br\/#\/schema\/logo\/image\/","url":"https:\/\/inclusivenews.com.br\/wp-content\/uploads\/2024\/03\/@grandesite.png","contentUrl":"https:\/\/inclusivenews.com.br\/wp-content\/uploads\/2024\/03\/@grandesite.png","width":1080,"height":1080,"caption":"Inclusive - inclus\u00e3o e cidadania"},"image":{"@id":"https:\/\/inclusivenews.com.br\/#\/schema\/logo\/image\/"},"sameAs":["https:\/\/www.facebook.com\/agenciainclusive\/","https:\/\/www.instagram.com\/newsinclusive\/"]},{"@type":"Person","@id":"https:\/\/inclusivenews.com.br\/#\/schema\/person\/0dab492019871b94abb65fa8ee7c8c44","name":"Inclusive","image":{"@type":"ImageObject","inLanguage":"pt-PT","@id":"https:\/\/secure.gravatar.com\/avatar\/?s=96&d=mm&r=g","url":"https:\/\/secure.gravatar.com\/avatar\/?s=96&d=mm&r=g","contentUrl":"https:\/\/secure.gravatar.com\/avatar\/?s=96&d=mm&r=g","caption":"Inclusive"},"url":"https:\/\/inclusivenews.com.br\/?author=2"}]}},"_links":{"self":[{"href":"https:\/\/inclusivenews.com.br\/index.php?rest_route=\/wp\/v2\/posts\/32052","targetHints":{"allow":["GET"]}}],"collection":[{"href":"https:\/\/inclusivenews.com.br\/index.php?rest_route=\/wp\/v2\/posts"}],"about":[{"href":"https:\/\/inclusivenews.com.br\/index.php?rest_route=\/wp\/v2\/types\/post"}],"author":[{"embeddable":true,"href":"https:\/\/inclusivenews.com.br\/index.php?rest_route=\/wp\/v2\/users\/2"}],"replies":[{"embeddable":true,"href":"https:\/\/inclusivenews.com.br\/index.php?rest_route=%2Fwp%2Fv2%2Fcomments&post=32052"}],"version-history":[{"count":0,"href":"https:\/\/inclusivenews.com.br\/index.php?rest_route=\/wp\/v2\/posts\/32052\/revisions"}],"wp:featuredmedia":[{"embeddable":true,"href":"https:\/\/inclusivenews.com.br\/index.php?rest_route=\/"}],"wp:attachment":[{"href":"https:\/\/inclusivenews.com.br\/index.php?rest_route=%2Fwp%2Fv2%2Fmedia&parent=32052"}],"wp:term":[{"taxonomy":"category","embeddable":true,"href":"https:\/\/inclusivenews.com.br\/index.php?rest_route=%2Fwp%2Fv2%2Fcategories&post=32052"},{"taxonomy":"post_tag","embeddable":true,"href":"https:\/\/inclusivenews.com.br\/index.php?rest_route=%2Fwp%2Fv2%2Ftags&post=32052"}],"curies":[{"name":"wp","href":"https:\/\/api.w.org\/{rel}","templated":true}]}}