{"id":32056,"date":"2021-03-18T10:02:15","date_gmt":"2021-03-18T13:02:15","guid":{"rendered":"http:\/\/www.inclusive.org.br\/?p=32056"},"modified":"2021-03-18T10:02:15","modified_gmt":"2021-03-18T13:02:15","slug":"inclusao-acolhe-a-importancia-da-representatividade-no-combate-as-violencias","status":"publish","type":"post","link":"https:\/\/inclusivenews.com.br\/?p=32056","title":{"rendered":"INCLUS\u00c3O ACOLHE &#8211; A importancia da representatividade no combate \u00e0s viol\u00eancias."},"content":{"rendered":"<div class=\"kvgmc6g5 cxmmr5t8 oygrvhab hcukyx3x c1et5uql ii04i59q\">\n<div dir=\"auto\"><a href=\"http:\/\/www.inclusive.org.br\/arquivos\/32056\/ana-paula\" rel=\"attachment wp-att-32057\"><img loading=\"lazy\" decoding=\"async\" class=\"alignnone size-medium wp-image-32057\" src=\"http:\/\/inclusivenews.com.br\/wp-content\/uploads\/ana-paula-300x300.jpeg\" alt=\"ana paula\" width=\"300\" height=\"300\" \/><\/a><\/div>\n<div dir=\"auto\">COLUNA INCLUS\u00c3O DO ACOLHE<\/div>\n<div dir=\"auto\"><\/div>\n<\/div>\n<div class=\"o9v6fnle cxmmr5t8 oygrvhab hcukyx3x c1et5uql ii04i59q\">\n<div dir=\"auto\">A importancia da representatividade no combate \u00e0s viol\u00eancias<\/div>\n<\/div>\n<div class=\"o9v6fnle cxmmr5t8 oygrvhab hcukyx3x c1et5uql ii04i59q\">\n<div dir=\"auto\"><\/div>\n<div dir=\"auto\">Por Ana Paula Souza<\/div>\n<div dir=\"auto\">Mulher negra<\/div>\n<div dir=\"auto\">M\u00e3e de crian\u00e7a com defici\u00eancia<\/div>\n<div dir=\"auto\">Integrante do Comit\u00ea Gestor do AcolheDown<\/div>\n<\/div>\n<div class=\"o9v6fnle cxmmr5t8 oygrvhab hcukyx3x c1et5uql ii04i59q\">\n<div dir=\"auto\"><\/div>\n<div dir=\"auto\">O capacitismo, o racismo, a LGBTQIAfobia e o machismo atingem a v\u00edtima de variadas formas, e a viol\u00eancia f\u00edsica \u00e9 apenas uma delas.<\/div>\n<\/div>\n<div class=\"o9v6fnle cxmmr5t8 oygrvhab hcukyx3x c1et5uql ii04i59q\">\n<div dir=\"auto\">H\u00e1 situa\u00e7\u00f5es claramente preconceituosas e discriminat\u00f3rias. Outras, no entanto, s\u00e3o mais dif\u00edceis de identificar. \u00c9 fundamental nos atentarmos para isto sempre.<\/div>\n<\/div>\n<div class=\"o9v6fnle cxmmr5t8 oygrvhab hcukyx3x c1et5uql ii04i59q\">\n<div dir=\"auto\">A viol\u00eancia pode vir em forma de xingamento. Ainda que em tom de brincadeira, n\u00e3o elimina a brutalidade que o xingamento traz em si.<\/div>\n<\/div>\n<div class=\"o9v6fnle cxmmr5t8 oygrvhab hcukyx3x c1et5uql ii04i59q\">\n<div dir=\"auto\">\u00c9 uma discrimina\u00e7\u00e3o que tamb\u00e9m se materializa atrav\u00e9s de barreiras f\u00edsicas ou atitudinais, que impedem o acesso ou a perman\u00eancia nos ambientes, provocando uma leitura equivocada de que certos espa\u00e7os s\u00e3o destinados a apenas determinados grupos de pessoas.<\/div>\n<\/div>\n<div class=\"o9v6fnle cxmmr5t8 oygrvhab hcukyx3x c1et5uql ii04i59q\">\n<div dir=\"auto\">Viol\u00eancias de ordens diversas precisam ser combatidas por todes diariamente. Da\u00ed a import\u00e2ncia da representatividade, observando sempre a correspondente propor\u00e7\u00e3o do n\u00famero de pessoas da parcela da popula\u00e7\u00e3o a qual se refere dentro da sociedade.<\/div>\n<\/div>\n<div class=\"o9v6fnle cxmmr5t8 oygrvhab hcukyx3x c1et5uql ii04i59q\">\n<div dir=\"auto\">Finalizo deixando duas perguntas:<\/div>\n<div dir=\"auto\">H\u00e1 diversidade nos espa\u00e7os que voc\u00ea frequenta?<\/div>\n<div dir=\"auto\">Em caso negativo, qual voc\u00ea acha que \u00e9 o seu papel para viabilizar um ambiente efetivamente plural?<\/div>\n<\/div>\n<div class=\"o9v6fnle cxmmr5t8 oygrvhab hcukyx3x c1et5uql ii04i59q\">\n<div dir=\"auto\">Realiza\u00e7\u00e3o: @acolhedownoficial e @inclusivamente<\/div>\n<\/div>\n<div class=\"o9v6fnle cxmmr5t8 oygrvhab hcukyx3x c1et5uql ii04i59q\">\n<div dir=\"auto\"><a class=\"oajrlxb2 g5ia77u1 qu0x051f esr5mh6w e9989ue4 r7d6kgcz rq0escxv nhd2j8a9 nc684nl6 p7hjln8o kvgmc6g5 cxmmr5t8 oygrvhab hcukyx3x jb3vyjys rz4wbd8a qt6c0cv9 a8nywdso i1ao9s8h esuyzwwr f1sip0of lzcic4wl q66pz984 gpro0wi8 b1v8xokw\" tabindex=\"0\" href=\"https:\/\/www.facebook.com\/hashtag\/descri%C3%A7%C3%A3odaimagem?__eep__=6&amp;__cft__[0]=AZUbAIMgVM1MpEtlbvp5X-uv4cLWStU_zONh8jTQvZsc3u2i59jcsKiyxsj6Kd1pgaLWtped1reBRFB0KA1MKeHu3HVjSlSFiax0uCNOs1BXtIp_8otLmKDQLc15KrMoZCFii4e0KK9U0LGcEh8TAxW6&amp;__tn__=*NK-R\">#descri\u00e7\u00e3odaimagem<\/a>: em um fundo branco e vermelho: Coluna Inclus\u00e3o AcolheDown com Ana Paula Souza. A importancia da represenatividade no combate \u00e0s viol\u00eancias.<\/div>\n<\/div>\n<div class=\"o9v6fnle cxmmr5t8 oygrvhab hcukyx3x c1et5uql ii04i59q\">\n<div dir=\"auto\"><a class=\"oajrlxb2 g5ia77u1 qu0x051f esr5mh6w e9989ue4 r7d6kgcz rq0escxv nhd2j8a9 nc684nl6 p7hjln8o kvgmc6g5 cxmmr5t8 oygrvhab hcukyx3x jb3vyjys rz4wbd8a qt6c0cv9 a8nywdso i1ao9s8h esuyzwwr f1sip0of lzcic4wl q66pz984 gpro0wi8 b1v8xokw\" tabindex=\"0\" href=\"https:\/\/www.facebook.com\/hashtag\/acolhedownoficial?__eep__=6&amp;__cft__[0]=AZUbAIMgVM1MpEtlbvp5X-uv4cLWStU_zONh8jTQvZsc3u2i59jcsKiyxsj6Kd1pgaLWtped1reBRFB0KA1MKeHu3HVjSlSFiax0uCNOs1BXtIp_8otLmKDQLc15KrMoZCFii4e0KK9U0LGcEh8TAxW6&amp;__tn__=*NK-R\">#acolhedownoficial<\/a><\/div>\n<div dir=\"auto\"><a class=\"oajrlxb2 g5ia77u1 qu0x051f esr5mh6w e9989ue4 r7d6kgcz rq0escxv nhd2j8a9 nc684nl6 p7hjln8o kvgmc6g5 cxmmr5t8 oygrvhab hcukyx3x jb3vyjys rz4wbd8a qt6c0cv9 a8nywdso i1ao9s8h esuyzwwr f1sip0of lzcic4wl q66pz984 gpro0wi8 b1v8xokw\" tabindex=\"0\" href=\"https:\/\/www.facebook.com\/hashtag\/representatividade?__eep__=6&amp;__cft__[0]=AZUbAIMgVM1MpEtlbvp5X-uv4cLWStU_zONh8jTQvZsc3u2i59jcsKiyxsj6Kd1pgaLWtped1reBRFB0KA1MKeHu3HVjSlSFiax0uCNOs1BXtIp_8otLmKDQLc15KrMoZCFii4e0KK9U0LGcEh8TAxW6&amp;__tn__=*NK-R\">#representatividade<\/a><\/div>\n<div dir=\"auto\"><a class=\"oajrlxb2 g5ia77u1 qu0x051f esr5mh6w e9989ue4 r7d6kgcz rq0escxv nhd2j8a9 nc684nl6 p7hjln8o kvgmc6g5 cxmmr5t8 oygrvhab hcukyx3x jb3vyjys rz4wbd8a qt6c0cv9 a8nywdso i1ao9s8h esuyzwwr f1sip0of lzcic4wl q66pz984 gpro0wi8 b1v8xokw\" tabindex=\"0\" href=\"https:\/\/www.facebook.com\/hashtag\/antiracismo?__eep__=6&amp;__cft__[0]=AZUbAIMgVM1MpEtlbvp5X-uv4cLWStU_zONh8jTQvZsc3u2i59jcsKiyxsj6Kd1pgaLWtped1reBRFB0KA1MKeHu3HVjSlSFiax0uCNOs1BXtIp_8otLmKDQLc15KrMoZCFii4e0KK9U0LGcEh8TAxW6&amp;__tn__=*NK-R\">#antiracismo<\/a><\/div>\n<div dir=\"auto\"><a class=\"oajrlxb2 g5ia77u1 qu0x051f esr5mh6w e9989ue4 r7d6kgcz rq0escxv nhd2j8a9 nc684nl6 p7hjln8o kvgmc6g5 cxmmr5t8 oygrvhab hcukyx3x jb3vyjys rz4wbd8a qt6c0cv9 a8nywdso i1ao9s8h esuyzwwr f1sip0of lzcic4wl q66pz984 gpro0wi8 b1v8xokw\" tabindex=\"0\" href=\"https:\/\/www.facebook.com\/hashtag\/anticapacitismo?__eep__=6&amp;__cft__[0]=AZUbAIMgVM1MpEtlbvp5X-uv4cLWStU_zONh8jTQvZsc3u2i59jcsKiyxsj6Kd1pgaLWtped1reBRFB0KA1MKeHu3HVjSlSFiax0uCNOs1BXtIp_8otLmKDQLc15KrMoZCFii4e0KK9U0LGcEh8TAxW6&amp;__tn__=*NK-R\">#anticapacitismo<\/a><\/div>\n<div dir=\"auto\"><a class=\"oajrlxb2 g5ia77u1 qu0x051f esr5mh6w e9989ue4 r7d6kgcz rq0escxv nhd2j8a9 nc684nl6 p7hjln8o kvgmc6g5 cxmmr5t8 oygrvhab hcukyx3x jb3vyjys rz4wbd8a qt6c0cv9 a8nywdso i1ao9s8h esuyzwwr f1sip0of lzcic4wl q66pz984 gpro0wi8 b1v8xokw\" tabindex=\"0\" href=\"https:\/\/www.facebook.com\/hashtag\/respeitoadiversidade?__eep__=6&amp;__cft__[0]=AZUbAIMgVM1MpEtlbvp5X-uv4cLWStU_zONh8jTQvZsc3u2i59jcsKiyxsj6Kd1pgaLWtped1reBRFB0KA1MKeHu3HVjSlSFiax0uCNOs1BXtIp_8otLmKDQLc15KrMoZCFii4e0KK9U0LGcEh8TAxW6&amp;__tn__=*NK-R\">#respeitoadiversidade<\/a><\/div>\n<div dir=\"auto\"><a class=\"oajrlxb2 g5ia77u1 qu0x051f esr5mh6w e9989ue4 r7d6kgcz rq0escxv nhd2j8a9 nc684nl6 p7hjln8o kvgmc6g5 cxmmr5t8 oygrvhab hcukyx3x jb3vyjys rz4wbd8a qt6c0cv9 a8nywdso i1ao9s8h esuyzwwr f1sip0of lzcic4wl q66pz984 gpro0wi8 b1v8xokw\" tabindex=\"0\" href=\"https:\/\/www.facebook.com\/hashtag\/feminismo?__eep__=6&amp;__cft__[0]=AZUbAIMgVM1MpEtlbvp5X-uv4cLWStU_zONh8jTQvZsc3u2i59jcsKiyxsj6Kd1pgaLWtped1reBRFB0KA1MKeHu3HVjSlSFiax0uCNOs1BXtIp_8otLmKDQLc15KrMoZCFii4e0KK9U0LGcEh8TAxW6&amp;__tn__=*NK-R\">#feminismo<\/a><\/div>\n<div dir=\"auto\"><a class=\"oajrlxb2 g5ia77u1 qu0x051f esr5mh6w e9989ue4 r7d6kgcz rq0escxv nhd2j8a9 nc684nl6 p7hjln8o kvgmc6g5 cxmmr5t8 oygrvhab hcukyx3x jb3vyjys rz4wbd8a qt6c0cv9 a8nywdso i1ao9s8h esuyzwwr f1sip0of lzcic4wl q66pz984 gpro0wi8 b1v8xokw\" tabindex=\"0\" href=\"https:\/\/www.facebook.com\/hashtag\/vidasnegrascomdeficienciaimportam?__eep__=6&amp;__cft__[0]=AZUbAIMgVM1MpEtlbvp5X-uv4cLWStU_zONh8jTQvZsc3u2i59jcsKiyxsj6Kd1pgaLWtped1reBRFB0KA1MKeHu3HVjSlSFiax0uCNOs1BXtIp_8otLmKDQLc15KrMoZCFii4e0KK9U0LGcEh8TAxW6&amp;__tn__=*NK-R\">#vidasnegrascomdeficienciaimportam<\/a><\/div>\n<\/div>\n","protected":false},"excerpt":{"rendered":"<p>COLUNA INCLUS\u00c3O DO ACOLHE A importancia da representatividade no combate \u00e0s viol\u00eancias Por Ana Paula Souza Mulher negra M\u00e3e de crian\u00e7a com defici\u00eancia Integrante do Comit\u00ea Gestor do AcolheDown O capacitismo, o racismo, a LGBTQIAfobia e o machismo atingem a v\u00edtima de variadas formas, e a viol\u00eancia f\u00edsica \u00e9 apenas uma delas. H\u00e1 situa\u00e7\u00f5es claramente [&hellip;]<\/p>\n","protected":false},"author":2,"featured_media":0,"comment_status":"open","ping_status":"open","sticky":false,"template":"","format":"standard","meta":{"site-container-style":"default","site-container-layout":"default","site-sidebar-layout":"default","disable-article-header":"default","disable-site-header":"default","disable-site-footer":"default","disable-content-area-spacing":"default","footnotes":""},"categories":[448],"tags":[],"class_list":["post-32056","post","type-post","status-publish","format-standard","hentry","category-coluna-inclusao-acolhe"],"yoast_head":"<!-- This site is optimized with the Yoast SEO plugin v27.4 - https:\/\/yoast.com\/product\/yoast-seo-wordpress\/ -->\n<title>INCLUS\u00c3O ACOLHE - A importancia da representatividade no combate \u00e0s viol\u00eancias. -<\/title>\n<meta name=\"robots\" content=\"index, follow, max-snippet:-1, max-image-preview:large, max-video-preview:-1\" \/>\n<link rel=\"canonical\" href=\"https:\/\/inclusivenews.com.br\/?p=32056\" \/>\n<meta property=\"og:locale\" content=\"pt_PT\" \/>\n<meta property=\"og:type\" content=\"article\" \/>\n<meta property=\"og:title\" content=\"INCLUS\u00c3O ACOLHE - A importancia da representatividade no combate \u00e0s viol\u00eancias. -\" \/>\n<meta property=\"og:description\" content=\"COLUNA INCLUS\u00c3O DO ACOLHE A importancia da representatividade no combate \u00e0s viol\u00eancias Por Ana Paula Souza Mulher negra M\u00e3e de crian\u00e7a com defici\u00eancia Integrante do Comit\u00ea Gestor do AcolheDown O capacitismo, o racismo, a LGBTQIAfobia e o machismo atingem a v\u00edtima de variadas formas, e a viol\u00eancia f\u00edsica \u00e9 apenas uma delas. H\u00e1 situa\u00e7\u00f5es claramente [&hellip;]\" \/>\n<meta property=\"og:url\" content=\"https:\/\/inclusivenews.com.br\/?p=32056\" \/>\n<meta property=\"article:publisher\" content=\"https:\/\/www.facebook.com\/agenciainclusive\/\" \/>\n<meta property=\"article:published_time\" content=\"2021-03-18T13:02:15+00:00\" \/>\n<meta property=\"og:image\" content=\"http:\/\/inclusivenews.com.br\/wp-content\/uploads\/ana-paula-300x300.jpeg\" \/>\n<meta name=\"author\" content=\"Inclusive\" \/>\n<meta name=\"twitter:card\" content=\"summary_large_image\" \/>\n<meta name=\"twitter:label1\" content=\"Escrito por\" \/>\n\t<meta name=\"twitter:data1\" content=\"Inclusive\" \/>\n\t<meta name=\"twitter:label2\" content=\"Tempo estimado de leitura\" \/>\n\t<meta name=\"twitter:data2\" content=\"1 minuto\" \/>\n<script type=\"application\/ld+json\" class=\"yoast-schema-graph\">{\"@context\":\"https:\\\/\\\/schema.org\",\"@graph\":[{\"@type\":\"Article\",\"@id\":\"https:\\\/\\\/inclusivenews.com.br\\\/?p=32056#article\",\"isPartOf\":{\"@id\":\"https:\\\/\\\/inclusivenews.com.br\\\/?p=32056\"},\"author\":{\"name\":\"Inclusive\",\"@id\":\"https:\\\/\\\/inclusivenews.com.br\\\/#\\\/schema\\\/person\\\/0dab492019871b94abb65fa8ee7c8c44\"},\"headline\":\"INCLUS\u00c3O ACOLHE &#8211; A importancia da representatividade no combate \u00e0s viol\u00eancias.\",\"datePublished\":\"2021-03-18T13:02:15+00:00\",\"mainEntityOfPage\":{\"@id\":\"https:\\\/\\\/inclusivenews.com.br\\\/?p=32056\"},\"wordCount\":271,\"commentCount\":1,\"publisher\":{\"@id\":\"https:\\\/\\\/inclusivenews.com.br\\\/#organization\"},\"image\":{\"@id\":\"https:\\\/\\\/inclusivenews.com.br\\\/?p=32056#primaryimage\"},\"thumbnailUrl\":\"http:\\\/\\\/inclusivenews.com.br\\\/wp-content\\\/uploads\\\/ana-paula-300x300.jpeg\",\"articleSection\":[\"Coluna Inclus\u00e3o - Acolhe\"],\"inLanguage\":\"pt-PT\",\"potentialAction\":[{\"@type\":\"CommentAction\",\"name\":\"Comment\",\"target\":[\"https:\\\/\\\/inclusivenews.com.br\\\/?p=32056#respond\"]}]},{\"@type\":\"WebPage\",\"@id\":\"https:\\\/\\\/inclusivenews.com.br\\\/?p=32056\",\"url\":\"https:\\\/\\\/inclusivenews.com.br\\\/?p=32056\",\"name\":\"INCLUS\u00c3O ACOLHE - A importancia da representatividade no combate \u00e0s viol\u00eancias. -\",\"isPartOf\":{\"@id\":\"https:\\\/\\\/inclusivenews.com.br\\\/#website\"},\"primaryImageOfPage\":{\"@id\":\"https:\\\/\\\/inclusivenews.com.br\\\/?p=32056#primaryimage\"},\"image\":{\"@id\":\"https:\\\/\\\/inclusivenews.com.br\\\/?p=32056#primaryimage\"},\"thumbnailUrl\":\"http:\\\/\\\/inclusivenews.com.br\\\/wp-content\\\/uploads\\\/ana-paula-300x300.jpeg\",\"datePublished\":\"2021-03-18T13:02:15+00:00\",\"breadcrumb\":{\"@id\":\"https:\\\/\\\/inclusivenews.com.br\\\/?p=32056#breadcrumb\"},\"inLanguage\":\"pt-PT\",\"potentialAction\":[{\"@type\":\"ReadAction\",\"target\":[\"https:\\\/\\\/inclusivenews.com.br\\\/?p=32056\"]}]},{\"@type\":\"ImageObject\",\"inLanguage\":\"pt-PT\",\"@id\":\"https:\\\/\\\/inclusivenews.com.br\\\/?p=32056#primaryimage\",\"url\":\"\",\"contentUrl\":\"\"},{\"@type\":\"BreadcrumbList\",\"@id\":\"https:\\\/\\\/inclusivenews.com.br\\\/?p=32056#breadcrumb\",\"itemListElement\":[{\"@type\":\"ListItem\",\"position\":1,\"name\":\"In\u00edcio\",\"item\":\"https:\\\/\\\/inclusivenews.com.br\\\/\"},{\"@type\":\"ListItem\",\"position\":2,\"name\":\"INCLUS\u00c3O ACOLHE &#8211; A importancia da representatividade no combate \u00e0s viol\u00eancias.\"}]},{\"@type\":\"WebSite\",\"@id\":\"https:\\\/\\\/inclusivenews.com.br\\\/#website\",\"url\":\"https:\\\/\\\/inclusivenews.com.br\\\/\",\"name\":\"Inclusive News\",\"description\":\"Inclusive News\",\"publisher\":{\"@id\":\"https:\\\/\\\/inclusivenews.com.br\\\/#organization\"},\"potentialAction\":[{\"@type\":\"SearchAction\",\"target\":{\"@type\":\"EntryPoint\",\"urlTemplate\":\"https:\\\/\\\/inclusivenews.com.br\\\/?s={search_term_string}\"},\"query-input\":{\"@type\":\"PropertyValueSpecification\",\"valueRequired\":true,\"valueName\":\"search_term_string\"}}],\"inLanguage\":\"pt-PT\"},{\"@type\":\"Organization\",\"@id\":\"https:\\\/\\\/inclusivenews.com.br\\\/#organization\",\"name\":\"Inclusive - inclus\u00e3o e cidadania\",\"url\":\"https:\\\/\\\/inclusivenews.com.br\\\/\",\"logo\":{\"@type\":\"ImageObject\",\"inLanguage\":\"pt-PT\",\"@id\":\"https:\\\/\\\/inclusivenews.com.br\\\/#\\\/schema\\\/logo\\\/image\\\/\",\"url\":\"https:\\\/\\\/inclusivenews.com.br\\\/wp-content\\\/uploads\\\/2024\\\/03\\\/@grandesite.png\",\"contentUrl\":\"https:\\\/\\\/inclusivenews.com.br\\\/wp-content\\\/uploads\\\/2024\\\/03\\\/@grandesite.png\",\"width\":1080,\"height\":1080,\"caption\":\"Inclusive - inclus\u00e3o e cidadania\"},\"image\":{\"@id\":\"https:\\\/\\\/inclusivenews.com.br\\\/#\\\/schema\\\/logo\\\/image\\\/\"},\"sameAs\":[\"https:\\\/\\\/www.facebook.com\\\/agenciainclusive\\\/\",\"https:\\\/\\\/www.instagram.com\\\/newsinclusive\\\/\"]},{\"@type\":\"Person\",\"@id\":\"https:\\\/\\\/inclusivenews.com.br\\\/#\\\/schema\\\/person\\\/0dab492019871b94abb65fa8ee7c8c44\",\"name\":\"Inclusive\",\"image\":{\"@type\":\"ImageObject\",\"inLanguage\":\"pt-PT\",\"@id\":\"https:\\\/\\\/secure.gravatar.com\\\/avatar\\\/?s=96&d=mm&r=g\",\"url\":\"https:\\\/\\\/secure.gravatar.com\\\/avatar\\\/?s=96&d=mm&r=g\",\"contentUrl\":\"https:\\\/\\\/secure.gravatar.com\\\/avatar\\\/?s=96&d=mm&r=g\",\"caption\":\"Inclusive\"},\"url\":\"https:\\\/\\\/inclusivenews.com.br\\\/?author=2\"}]}<\/script>\n<!-- \/ Yoast SEO plugin. -->","yoast_head_json":{"title":"INCLUS\u00c3O ACOLHE - A importancia da representatividade no combate \u00e0s viol\u00eancias. -","robots":{"index":"index","follow":"follow","max-snippet":"max-snippet:-1","max-image-preview":"max-image-preview:large","max-video-preview":"max-video-preview:-1"},"canonical":"https:\/\/inclusivenews.com.br\/?p=32056","og_locale":"pt_PT","og_type":"article","og_title":"INCLUS\u00c3O ACOLHE - A importancia da representatividade no combate \u00e0s viol\u00eancias. -","og_description":"COLUNA INCLUS\u00c3O DO ACOLHE A importancia da representatividade no combate \u00e0s viol\u00eancias Por Ana Paula Souza Mulher negra M\u00e3e de crian\u00e7a com defici\u00eancia Integrante do Comit\u00ea Gestor do AcolheDown O capacitismo, o racismo, a LGBTQIAfobia e o machismo atingem a v\u00edtima de variadas formas, e a viol\u00eancia f\u00edsica \u00e9 apenas uma delas. H\u00e1 situa\u00e7\u00f5es claramente [&hellip;]","og_url":"https:\/\/inclusivenews.com.br\/?p=32056","article_publisher":"https:\/\/www.facebook.com\/agenciainclusive\/","article_published_time":"2021-03-18T13:02:15+00:00","og_image":[{"url":"http:\/\/inclusivenews.com.br\/wp-content\/uploads\/ana-paula-300x300.jpeg","type":"","width":"","height":""}],"author":"Inclusive","twitter_card":"summary_large_image","twitter_misc":{"Escrito por":"Inclusive","Tempo estimado de leitura":"1 minuto"},"schema":{"@context":"https:\/\/schema.org","@graph":[{"@type":"Article","@id":"https:\/\/inclusivenews.com.br\/?p=32056#article","isPartOf":{"@id":"https:\/\/inclusivenews.com.br\/?p=32056"},"author":{"name":"Inclusive","@id":"https:\/\/inclusivenews.com.br\/#\/schema\/person\/0dab492019871b94abb65fa8ee7c8c44"},"headline":"INCLUS\u00c3O ACOLHE &#8211; A importancia da representatividade no combate \u00e0s viol\u00eancias.","datePublished":"2021-03-18T13:02:15+00:00","mainEntityOfPage":{"@id":"https:\/\/inclusivenews.com.br\/?p=32056"},"wordCount":271,"commentCount":1,"publisher":{"@id":"https:\/\/inclusivenews.com.br\/#organization"},"image":{"@id":"https:\/\/inclusivenews.com.br\/?p=32056#primaryimage"},"thumbnailUrl":"http:\/\/inclusivenews.com.br\/wp-content\/uploads\/ana-paula-300x300.jpeg","articleSection":["Coluna Inclus\u00e3o - Acolhe"],"inLanguage":"pt-PT","potentialAction":[{"@type":"CommentAction","name":"Comment","target":["https:\/\/inclusivenews.com.br\/?p=32056#respond"]}]},{"@type":"WebPage","@id":"https:\/\/inclusivenews.com.br\/?p=32056","url":"https:\/\/inclusivenews.com.br\/?p=32056","name":"INCLUS\u00c3O ACOLHE - A importancia da representatividade no combate \u00e0s viol\u00eancias. -","isPartOf":{"@id":"https:\/\/inclusivenews.com.br\/#website"},"primaryImageOfPage":{"@id":"https:\/\/inclusivenews.com.br\/?p=32056#primaryimage"},"image":{"@id":"https:\/\/inclusivenews.com.br\/?p=32056#primaryimage"},"thumbnailUrl":"http:\/\/inclusivenews.com.br\/wp-content\/uploads\/ana-paula-300x300.jpeg","datePublished":"2021-03-18T13:02:15+00:00","breadcrumb":{"@id":"https:\/\/inclusivenews.com.br\/?p=32056#breadcrumb"},"inLanguage":"pt-PT","potentialAction":[{"@type":"ReadAction","target":["https:\/\/inclusivenews.com.br\/?p=32056"]}]},{"@type":"ImageObject","inLanguage":"pt-PT","@id":"https:\/\/inclusivenews.com.br\/?p=32056#primaryimage","url":"","contentUrl":""},{"@type":"BreadcrumbList","@id":"https:\/\/inclusivenews.com.br\/?p=32056#breadcrumb","itemListElement":[{"@type":"ListItem","position":1,"name":"In\u00edcio","item":"https:\/\/inclusivenews.com.br\/"},{"@type":"ListItem","position":2,"name":"INCLUS\u00c3O ACOLHE &#8211; A importancia da representatividade no combate \u00e0s viol\u00eancias."}]},{"@type":"WebSite","@id":"https:\/\/inclusivenews.com.br\/#website","url":"https:\/\/inclusivenews.com.br\/","name":"Inclusive News","description":"Inclusive News","publisher":{"@id":"https:\/\/inclusivenews.com.br\/#organization"},"potentialAction":[{"@type":"SearchAction","target":{"@type":"EntryPoint","urlTemplate":"https:\/\/inclusivenews.com.br\/?s={search_term_string}"},"query-input":{"@type":"PropertyValueSpecification","valueRequired":true,"valueName":"search_term_string"}}],"inLanguage":"pt-PT"},{"@type":"Organization","@id":"https:\/\/inclusivenews.com.br\/#organization","name":"Inclusive - inclus\u00e3o e cidadania","url":"https:\/\/inclusivenews.com.br\/","logo":{"@type":"ImageObject","inLanguage":"pt-PT","@id":"https:\/\/inclusivenews.com.br\/#\/schema\/logo\/image\/","url":"https:\/\/inclusivenews.com.br\/wp-content\/uploads\/2024\/03\/@grandesite.png","contentUrl":"https:\/\/inclusivenews.com.br\/wp-content\/uploads\/2024\/03\/@grandesite.png","width":1080,"height":1080,"caption":"Inclusive - inclus\u00e3o e cidadania"},"image":{"@id":"https:\/\/inclusivenews.com.br\/#\/schema\/logo\/image\/"},"sameAs":["https:\/\/www.facebook.com\/agenciainclusive\/","https:\/\/www.instagram.com\/newsinclusive\/"]},{"@type":"Person","@id":"https:\/\/inclusivenews.com.br\/#\/schema\/person\/0dab492019871b94abb65fa8ee7c8c44","name":"Inclusive","image":{"@type":"ImageObject","inLanguage":"pt-PT","@id":"https:\/\/secure.gravatar.com\/avatar\/?s=96&d=mm&r=g","url":"https:\/\/secure.gravatar.com\/avatar\/?s=96&d=mm&r=g","contentUrl":"https:\/\/secure.gravatar.com\/avatar\/?s=96&d=mm&r=g","caption":"Inclusive"},"url":"https:\/\/inclusivenews.com.br\/?author=2"}]}},"_links":{"self":[{"href":"https:\/\/inclusivenews.com.br\/index.php?rest_route=\/wp\/v2\/posts\/32056","targetHints":{"allow":["GET"]}}],"collection":[{"href":"https:\/\/inclusivenews.com.br\/index.php?rest_route=\/wp\/v2\/posts"}],"about":[{"href":"https:\/\/inclusivenews.com.br\/index.php?rest_route=\/wp\/v2\/types\/post"}],"author":[{"embeddable":true,"href":"https:\/\/inclusivenews.com.br\/index.php?rest_route=\/wp\/v2\/users\/2"}],"replies":[{"embeddable":true,"href":"https:\/\/inclusivenews.com.br\/index.php?rest_route=%2Fwp%2Fv2%2Fcomments&post=32056"}],"version-history":[{"count":0,"href":"https:\/\/inclusivenews.com.br\/index.php?rest_route=\/wp\/v2\/posts\/32056\/revisions"}],"wp:attachment":[{"href":"https:\/\/inclusivenews.com.br\/index.php?rest_route=%2Fwp%2Fv2%2Fmedia&parent=32056"}],"wp:term":[{"taxonomy":"category","embeddable":true,"href":"https:\/\/inclusivenews.com.br\/index.php?rest_route=%2Fwp%2Fv2%2Fcategories&post=32056"},{"taxonomy":"post_tag","embeddable":true,"href":"https:\/\/inclusivenews.com.br\/index.php?rest_route=%2Fwp%2Fv2%2Ftags&post=32056"}],"curies":[{"name":"wp","href":"https:\/\/api.w.org\/{rel}","templated":true}]}}