{"id":32163,"date":"2021-04-21T11:03:17","date_gmt":"2021-04-21T14:03:17","guid":{"rendered":"http:\/\/www.inclusive.org.br\/?p=32163"},"modified":"2021-04-21T11:03:17","modified_gmt":"2021-04-21T14:03:17","slug":"coluna-inclusao-do-acolhe-a-desumanidade-da-exclusao","status":"publish","type":"post","link":"https:\/\/inclusivenews.com.br\/?p=32163","title":{"rendered":"COLUNA INCLUS\u00c3O DO ACOLHE &#8211; A desumanidade da exclus\u00e3o"},"content":{"rendered":"<p><img decoding=\"async\" src=\"https:\/\/scontent.fsdu5-1.fna.fbcdn.net\/v\/t1.6435-0\/p526x296\/173973681_1735356953519896_7903480548034262068_n.jpg?_nc_cat=110&amp;ccb=1-3&amp;_nc_sid=a26aad&amp;_nc_ohc=VvagF-jhMDoAX8qP71K&amp;_nc_oc=AQmQpfWX9IQ4M7t_BDgNTE5eIOJyBXhF5k2idI0a9DROWDJB8zXUZFJ1nPBtbzLum3O8UCCWPh52H37PD7TauIZ1&amp;_nc_pt=1&amp;_nc_ht=scontent.fsdu5-1.fna&amp;tp=6&amp;oh=850c0bbe70412aa30670e86b5443ccba&amp;oe=60A72217\" alt=\"Pode ser uma imagem de 1 pessoa e texto que diz &quot;COLUNA INCLUS\u00c3O \u00dbDown Acolhe COM MARCIA FORTES A DESUMANIDADE DA EXCLUS\u00c3O&quot;\" \/><\/p>\n<div class=\"o9v6fnle cxmmr5t8 oygrvhab hcukyx3x c1et5uql ii04i59q\">\n<div dir=\"auto\">Por Marcia Fortes<\/div>\n<div dir=\"auto\">Mulher negra, cabeleireira e m\u00e3e.<\/div>\n<\/div>\n<div class=\"o9v6fnle cxmmr5t8 oygrvhab hcukyx3x c1et5uql ii04i59q\">\n<div dir=\"auto\">A conviv\u00eancia social \u00e9 primordial para o desenvolvimento de nossas habilidades individuais e coletivas, independente de nossas caracter\u00edsticas gen\u00e9ticas .<\/div>\n<div dir=\"auto\">Este princ\u00edpio b\u00e1sico foi negado \u00e0s pessoas com s\u00edndrome de Down durante s\u00e9culos , comprometendo seriamente suas possibilidades.<\/div>\n<div dir=\"auto\">Hoje sabemos (ainda que tardiamente) que os est\u00edmulos precoces s\u00e3o essenciais, e apesar das respostas em rela\u00e7\u00e3o aos mesmos serem diferentes de pessoa para pessoa, n\u00e3o podemos falar em grau de s\u00edndrome de Down.<\/div>\n<div dir=\"auto\">E n\u00e3o s\u00f3 os est\u00edmulos precoces, como os demais espa\u00e7os sociais foram negados. E este sequestro da conviv\u00eancia, foi no m\u00ednimo cruel e desumano.<\/div>\n<div dir=\"auto\">Na medida em que reconhecemos a sempre existente diversidade humana, se faz cada vez mais necess\u00e1rio aprimorar e efetivar os direitos das pessoas com defici\u00eancia, atrav\u00e9s de leis, e principalmente do cumprimento das mesmas.<\/div>\n<div dir=\"auto\">\u00c9 urgente o desbloqueio dos espa\u00e7os coletivos, sem exce\u00e7\u00e3o, com as ferramentas de apoio necess\u00e1rias para este pertencimento. Bem como exigirmos que as leis j\u00e1 existentes funcionem nestes espa\u00e7os de direito onde conseguiram chegar com tanta luta. O nosso desafio atual est\u00e1 em fazermos com que estas conquistas aconte\u00e7am na pr\u00e1tica. N\u00e3o podemos recuar.<\/div>\n<div dir=\"auto\">S\u00f3 a conviv\u00eancia plural, a aproxima\u00e7\u00e3o e a escuta s\u00e3o capazes de permitir-nos o conhecimento sobre as muitas possibilidades de sermos humanos.<\/div>\n<div dir=\"auto\">As condi\u00e7\u00f5es gen\u00e9ticas precisam ser entendidas como caracter\u00edsticas que traduzam a maneira de estarmos no mundo mas jamais como impedimento das singularidades e potencialidades de TODES.<\/div>\n<\/div>\n<div class=\"o9v6fnle cxmmr5t8 oygrvhab hcukyx3x c1et5uql ii04i59q\">\n<div dir=\"auto\"><a class=\"oajrlxb2 g5ia77u1 qu0x051f esr5mh6w e9989ue4 r7d6kgcz rq0escxv nhd2j8a9 nc684nl6 p7hjln8o kvgmc6g5 cxmmr5t8 oygrvhab hcukyx3x jb3vyjys rz4wbd8a qt6c0cv9 a8nywdso i1ao9s8h esuyzwwr f1sip0of lzcic4wl q66pz984 gpro0wi8 b1v8xokw\" tabindex=\"0\" href=\"https:\/\/www.facebook.com\/hashtag\/descricaodaimagem?__eep__=6&amp;__cft__[0]=AZUFdDQ4-Wzwjvh2ndrdHih26FayuyesvSQRn2WXExJOPL2ibasImh1De3EEFjCrqhkfid6JiIoCkdFjKpxgJygPR4Y54NGa8D6riEqrr1Sc4y3wKKSEyGiVaO0TO6MAKq-igiGYOTHq4kAcovrrM_tm&amp;__tn__=*NK-R\">#descricaodaimagem<\/a><\/div>\n<div dir=\"auto\">Em um fundo mostarda e branco, a mensagem: coluna inclus\u00e3o AcolheDown. Com Marcia Fortes. A desumanidade da exclus\u00e3o. Com foto da autora.<\/div>\n<\/div>\n<div class=\"o9v6fnle cxmmr5t8 oygrvhab hcukyx3x c1et5uql ii04i59q\">\n<div dir=\"auto\"><a class=\"oajrlxb2 g5ia77u1 qu0x051f esr5mh6w e9989ue4 r7d6kgcz rq0escxv nhd2j8a9 nc684nl6 p7hjln8o kvgmc6g5 cxmmr5t8 oygrvhab hcukyx3x jb3vyjys rz4wbd8a qt6c0cv9 a8nywdso i1ao9s8h esuyzwwr f1sip0of lzcic4wl q66pz984 gpro0wi8 b1v8xokw\" tabindex=\"0\" href=\"https:\/\/www.facebook.com\/hashtag\/acolhedownoficial?__eep__=6&amp;__cft__[0]=AZUFdDQ4-Wzwjvh2ndrdHih26FayuyesvSQRn2WXExJOPL2ibasImh1De3EEFjCrqhkfid6JiIoCkdFjKpxgJygPR4Y54NGa8D6riEqrr1Sc4y3wKKSEyGiVaO0TO6MAKq-igiGYOTHq4kAcovrrM_tm&amp;__tn__=*NK-R\">#acolhedownoficial<\/a><\/div>\n<div dir=\"auto\"><a class=\"oajrlxb2 g5ia77u1 qu0x051f esr5mh6w e9989ue4 r7d6kgcz rq0escxv nhd2j8a9 nc684nl6 p7hjln8o kvgmc6g5 cxmmr5t8 oygrvhab hcukyx3x jb3vyjys rz4wbd8a qt6c0cv9 a8nywdso i1ao9s8h esuyzwwr f1sip0of lzcic4wl q66pz984 gpro0wi8 b1v8xokw\" tabindex=\"0\" href=\"https:\/\/www.facebook.com\/hashtag\/pessoacomdeficiencia?__eep__=6&amp;__cft__[0]=AZUFdDQ4-Wzwjvh2ndrdHih26FayuyesvSQRn2WXExJOPL2ibasImh1De3EEFjCrqhkfid6JiIoCkdFjKpxgJygPR4Y54NGa8D6riEqrr1Sc4y3wKKSEyGiVaO0TO6MAKq-igiGYOTHq4kAcovrrM_tm&amp;__tn__=*NK-R\">#pessoacomdeficiencia<\/a><\/div>\n<div dir=\"auto\"><a class=\"oajrlxb2 g5ia77u1 qu0x051f esr5mh6w e9989ue4 r7d6kgcz rq0escxv nhd2j8a9 nc684nl6 p7hjln8o kvgmc6g5 cxmmr5t8 oygrvhab hcukyx3x jb3vyjys rz4wbd8a qt6c0cv9 a8nywdso i1ao9s8h esuyzwwr f1sip0of lzcic4wl q66pz984 gpro0wi8 b1v8xokw\" tabindex=\"0\" href=\"https:\/\/www.facebook.com\/hashtag\/sindromededown?__eep__=6&amp;__cft__[0]=AZUFdDQ4-Wzwjvh2ndrdHih26FayuyesvSQRn2WXExJOPL2ibasImh1De3EEFjCrqhkfid6JiIoCkdFjKpxgJygPR4Y54NGa8D6riEqrr1Sc4y3wKKSEyGiVaO0TO6MAKq-igiGYOTHq4kAcovrrM_tm&amp;__tn__=*NK-R\">#sindromededown<\/a><\/div>\n<div dir=\"auto\"><a class=\"oajrlxb2 g5ia77u1 qu0x051f esr5mh6w e9989ue4 r7d6kgcz rq0escxv nhd2j8a9 nc684nl6 p7hjln8o kvgmc6g5 cxmmr5t8 oygrvhab hcukyx3x jb3vyjys rz4wbd8a qt6c0cv9 a8nywdso i1ao9s8h esuyzwwr f1sip0of lzcic4wl q66pz984 gpro0wi8 b1v8xokw\" tabindex=\"0\" href=\"https:\/\/www.facebook.com\/hashtag\/representatividade?__eep__=6&amp;__cft__[0]=AZUFdDQ4-Wzwjvh2ndrdHih26FayuyesvSQRn2WXExJOPL2ibasImh1De3EEFjCrqhkfid6JiIoCkdFjKpxgJygPR4Y54NGa8D6riEqrr1Sc4y3wKKSEyGiVaO0TO6MAKq-igiGYOTHq4kAcovrrM_tm&amp;__tn__=*NK-R\">#representatividade<\/a><\/div>\n<div dir=\"auto\"><a class=\"oajrlxb2 g5ia77u1 qu0x051f esr5mh6w e9989ue4 r7d6kgcz rq0escxv nhd2j8a9 nc684nl6 p7hjln8o kvgmc6g5 cxmmr5t8 oygrvhab hcukyx3x jb3vyjys rz4wbd8a qt6c0cv9 a8nywdso i1ao9s8h esuyzwwr f1sip0of lzcic4wl q66pz984 gpro0wi8 b1v8xokw\" tabindex=\"0\" href=\"https:\/\/www.facebook.com\/hashtag\/anticapacitismo?__eep__=6&amp;__cft__[0]=AZUFdDQ4-Wzwjvh2ndrdHih26FayuyesvSQRn2WXExJOPL2ibasImh1De3EEFjCrqhkfid6JiIoCkdFjKpxgJygPR4Y54NGa8D6riEqrr1Sc4y3wKKSEyGiVaO0TO6MAKq-igiGYOTHq4kAcovrrM_tm&amp;__tn__=*NK-R\">#anticapacitismo<\/a><\/div>\n<div dir=\"auto\"><a class=\"oajrlxb2 g5ia77u1 qu0x051f esr5mh6w e9989ue4 r7d6kgcz rq0escxv nhd2j8a9 nc684nl6 p7hjln8o kvgmc6g5 cxmmr5t8 oygrvhab hcukyx3x jb3vyjys rz4wbd8a qt6c0cv9 a8nywdso i1ao9s8h esuyzwwr f1sip0of lzcic4wl q66pz984 gpro0wi8 b1v8xokw\" tabindex=\"0\" href=\"https:\/\/www.facebook.com\/hashtag\/respeitoadiversidade?__eep__=6&amp;__cft__[0]=AZUFdDQ4-Wzwjvh2ndrdHih26FayuyesvSQRn2WXExJOPL2ibasImh1De3EEFjCrqhkfid6JiIoCkdFjKpxgJygPR4Y54NGa8D6riEqrr1Sc4y3wKKSEyGiVaO0TO6MAKq-igiGYOTHq4kAcovrrM_tm&amp;__tn__=*NK-R\">#respeitoadiversidade<\/a><\/div>\n<\/div>\n","protected":false},"excerpt":{"rendered":"<p>Por Marcia Fortes Mulher negra, cabeleireira e m\u00e3e. A conviv\u00eancia social \u00e9 primordial para o desenvolvimento de nossas habilidades individuais e coletivas, independente de nossas caracter\u00edsticas gen\u00e9ticas . Este princ\u00edpio b\u00e1sico foi negado \u00e0s pessoas com s\u00edndrome de Down durante s\u00e9culos , comprometendo seriamente suas possibilidades. Hoje sabemos (ainda que tardiamente) que os est\u00edmulos precoces [&hellip;]<\/p>\n","protected":false},"author":2,"featured_media":0,"comment_status":"open","ping_status":"open","sticky":false,"template":"","format":"standard","meta":{"site-container-style":"default","site-container-layout":"default","site-sidebar-layout":"default","disable-article-header":"default","disable-site-header":"default","disable-site-footer":"default","disable-content-area-spacing":"default","footnotes":""},"categories":[448],"tags":[],"class_list":["post-32163","post","type-post","status-publish","format-standard","hentry","category-coluna-inclusao-acolhe"],"yoast_head":"<!-- This site is optimized with the Yoast SEO plugin v27.5 - https:\/\/yoast.com\/product\/yoast-seo-wordpress\/ -->\n<title>COLUNA INCLUS\u00c3O DO ACOLHE - A desumanidade da exclus\u00e3o -<\/title>\n<meta name=\"robots\" content=\"index, follow, max-snippet:-1, max-image-preview:large, max-video-preview:-1\" \/>\n<link rel=\"canonical\" href=\"https:\/\/inclusivenews.com.br\/?p=32163\" \/>\n<meta property=\"og:locale\" content=\"pt_PT\" \/>\n<meta property=\"og:type\" content=\"article\" \/>\n<meta property=\"og:title\" content=\"COLUNA INCLUS\u00c3O DO ACOLHE - A desumanidade da exclus\u00e3o -\" \/>\n<meta property=\"og:description\" content=\"Por Marcia Fortes Mulher negra, cabeleireira e m\u00e3e. A conviv\u00eancia social \u00e9 primordial para o desenvolvimento de nossas habilidades individuais e coletivas, independente de nossas caracter\u00edsticas gen\u00e9ticas . Este princ\u00edpio b\u00e1sico foi negado \u00e0s pessoas com s\u00edndrome de Down durante s\u00e9culos , comprometendo seriamente suas possibilidades. Hoje sabemos (ainda que tardiamente) que os est\u00edmulos precoces [&hellip;]\" \/>\n<meta property=\"og:url\" content=\"https:\/\/inclusivenews.com.br\/?p=32163\" \/>\n<meta property=\"article:publisher\" content=\"https:\/\/www.facebook.com\/agenciainclusive\/\" \/>\n<meta property=\"article:published_time\" content=\"2021-04-21T14:03:17+00:00\" \/>\n<meta property=\"og:image\" content=\"https:\/\/scontent.fsdu5-1.fna.fbcdn.net\/v\/t1.6435-0\/p526x296\/173973681_1735356953519896_7903480548034262068_n.jpg?_nc_cat=110&amp;ccb=1-3&amp;_nc_sid=a26aad&amp;_nc_ohc=VvagF-jhMDoAX8qP71K&amp;_nc_oc=AQmQpfWX9IQ4M7t_BDgNTE5eIOJyBXhF5k2idI0a9DROWDJB8zXUZFJ1nPBtbzLum3O8UCCWPh52H37PD7TauIZ1&amp;_nc_pt=1&amp;_nc_ht=scontent.fsdu5-1.fna&amp;tp=6&amp;oh=850c0bbe70412aa30670e86b5443ccba&amp;oe=60A72217\" \/>\n<meta name=\"author\" content=\"Inclusive\" \/>\n<meta name=\"twitter:card\" content=\"summary_large_image\" \/>\n<meta name=\"twitter:label1\" content=\"Escrito por\" \/>\n\t<meta name=\"twitter:data1\" content=\"Inclusive\" \/>\n\t<meta name=\"twitter:label2\" content=\"Tempo estimado de leitura\" \/>\n\t<meta name=\"twitter:data2\" content=\"2 minutos\" \/>\n<script type=\"application\/ld+json\" class=\"yoast-schema-graph\">{\"@context\":\"https:\\\/\\\/schema.org\",\"@graph\":[{\"@type\":\"Article\",\"@id\":\"https:\\\/\\\/inclusivenews.com.br\\\/?p=32163#article\",\"isPartOf\":{\"@id\":\"https:\\\/\\\/inclusivenews.com.br\\\/?p=32163\"},\"author\":{\"name\":\"Inclusive\",\"@id\":\"https:\\\/\\\/inclusivenews.com.br\\\/#\\\/schema\\\/person\\\/0dab492019871b94abb65fa8ee7c8c44\"},\"headline\":\"COLUNA INCLUS\u00c3O DO ACOLHE &#8211; A desumanidade da exclus\u00e3o\",\"datePublished\":\"2021-04-21T14:03:17+00:00\",\"mainEntityOfPage\":{\"@id\":\"https:\\\/\\\/inclusivenews.com.br\\\/?p=32163\"},\"wordCount\":312,\"commentCount\":0,\"publisher\":{\"@id\":\"https:\\\/\\\/inclusivenews.com.br\\\/#organization\"},\"image\":{\"@id\":\"https:\\\/\\\/inclusivenews.com.br\\\/?p=32163#primaryimage\"},\"thumbnailUrl\":\"https:\\\/\\\/scontent.fsdu5-1.fna.fbcdn.net\\\/v\\\/t1.6435-0\\\/p526x296\\\/173973681_1735356953519896_7903480548034262068_n.jpg?_nc_cat=110&amp;ccb=1-3&amp;_nc_sid=a26aad&amp;_nc_ohc=VvagF-jhMDoAX8qP71K&amp;_nc_oc=AQmQpfWX9IQ4M7t_BDgNTE5eIOJyBXhF5k2idI0a9DROWDJB8zXUZFJ1nPBtbzLum3O8UCCWPh52H37PD7TauIZ1&amp;_nc_pt=1&amp;_nc_ht=scontent.fsdu5-1.fna&amp;tp=6&amp;oh=850c0bbe70412aa30670e86b5443ccba&amp;oe=60A72217\",\"articleSection\":[\"Coluna Inclus\u00e3o - Acolhe\"],\"inLanguage\":\"pt-PT\",\"potentialAction\":[{\"@type\":\"CommentAction\",\"name\":\"Comment\",\"target\":[\"https:\\\/\\\/inclusivenews.com.br\\\/?p=32163#respond\"]}]},{\"@type\":\"WebPage\",\"@id\":\"https:\\\/\\\/inclusivenews.com.br\\\/?p=32163\",\"url\":\"https:\\\/\\\/inclusivenews.com.br\\\/?p=32163\",\"name\":\"COLUNA INCLUS\u00c3O DO ACOLHE - A desumanidade da exclus\u00e3o -\",\"isPartOf\":{\"@id\":\"https:\\\/\\\/inclusivenews.com.br\\\/#website\"},\"primaryImageOfPage\":{\"@id\":\"https:\\\/\\\/inclusivenews.com.br\\\/?p=32163#primaryimage\"},\"image\":{\"@id\":\"https:\\\/\\\/inclusivenews.com.br\\\/?p=32163#primaryimage\"},\"thumbnailUrl\":\"https:\\\/\\\/scontent.fsdu5-1.fna.fbcdn.net\\\/v\\\/t1.6435-0\\\/p526x296\\\/173973681_1735356953519896_7903480548034262068_n.jpg?_nc_cat=110&amp;ccb=1-3&amp;_nc_sid=a26aad&amp;_nc_ohc=VvagF-jhMDoAX8qP71K&amp;_nc_oc=AQmQpfWX9IQ4M7t_BDgNTE5eIOJyBXhF5k2idI0a9DROWDJB8zXUZFJ1nPBtbzLum3O8UCCWPh52H37PD7TauIZ1&amp;_nc_pt=1&amp;_nc_ht=scontent.fsdu5-1.fna&amp;tp=6&amp;oh=850c0bbe70412aa30670e86b5443ccba&amp;oe=60A72217\",\"datePublished\":\"2021-04-21T14:03:17+00:00\",\"breadcrumb\":{\"@id\":\"https:\\\/\\\/inclusivenews.com.br\\\/?p=32163#breadcrumb\"},\"inLanguage\":\"pt-PT\",\"potentialAction\":[{\"@type\":\"ReadAction\",\"target\":[\"https:\\\/\\\/inclusivenews.com.br\\\/?p=32163\"]}]},{\"@type\":\"ImageObject\",\"inLanguage\":\"pt-PT\",\"@id\":\"https:\\\/\\\/inclusivenews.com.br\\\/?p=32163#primaryimage\",\"url\":\"https:\\\/\\\/scontent.fsdu5-1.fna.fbcdn.net\\\/v\\\/t1.6435-0\\\/p526x296\\\/173973681_1735356953519896_7903480548034262068_n.jpg?_nc_cat=110&amp;ccb=1-3&amp;_nc_sid=a26aad&amp;_nc_ohc=VvagF-jhMDoAX8qP71K&amp;_nc_oc=AQmQpfWX9IQ4M7t_BDgNTE5eIOJyBXhF5k2idI0a9DROWDJB8zXUZFJ1nPBtbzLum3O8UCCWPh52H37PD7TauIZ1&amp;_nc_pt=1&amp;_nc_ht=scontent.fsdu5-1.fna&amp;tp=6&amp;oh=850c0bbe70412aa30670e86b5443ccba&amp;oe=60A72217\",\"contentUrl\":\"https:\\\/\\\/scontent.fsdu5-1.fna.fbcdn.net\\\/v\\\/t1.6435-0\\\/p526x296\\\/173973681_1735356953519896_7903480548034262068_n.jpg?_nc_cat=110&amp;ccb=1-3&amp;_nc_sid=a26aad&amp;_nc_ohc=VvagF-jhMDoAX8qP71K&amp;_nc_oc=AQmQpfWX9IQ4M7t_BDgNTE5eIOJyBXhF5k2idI0a9DROWDJB8zXUZFJ1nPBtbzLum3O8UCCWPh52H37PD7TauIZ1&amp;_nc_pt=1&amp;_nc_ht=scontent.fsdu5-1.fna&amp;tp=6&amp;oh=850c0bbe70412aa30670e86b5443ccba&amp;oe=60A72217\"},{\"@type\":\"BreadcrumbList\",\"@id\":\"https:\\\/\\\/inclusivenews.com.br\\\/?p=32163#breadcrumb\",\"itemListElement\":[{\"@type\":\"ListItem\",\"position\":1,\"name\":\"In\u00edcio\",\"item\":\"https:\\\/\\\/inclusivenews.com.br\\\/\"},{\"@type\":\"ListItem\",\"position\":2,\"name\":\"COLUNA INCLUS\u00c3O DO ACOLHE &#8211; A desumanidade da exclus\u00e3o\"}]},{\"@type\":\"WebSite\",\"@id\":\"https:\\\/\\\/inclusivenews.com.br\\\/#website\",\"url\":\"https:\\\/\\\/inclusivenews.com.br\\\/\",\"name\":\"Inclusive News\",\"description\":\"Inclusive News\",\"publisher\":{\"@id\":\"https:\\\/\\\/inclusivenews.com.br\\\/#organization\"},\"potentialAction\":[{\"@type\":\"SearchAction\",\"target\":{\"@type\":\"EntryPoint\",\"urlTemplate\":\"https:\\\/\\\/inclusivenews.com.br\\\/?s={search_term_string}\"},\"query-input\":{\"@type\":\"PropertyValueSpecification\",\"valueRequired\":true,\"valueName\":\"search_term_string\"}}],\"inLanguage\":\"pt-PT\"},{\"@type\":\"Organization\",\"@id\":\"https:\\\/\\\/inclusivenews.com.br\\\/#organization\",\"name\":\"Inclusive - inclus\u00e3o e cidadania\",\"url\":\"https:\\\/\\\/inclusivenews.com.br\\\/\",\"logo\":{\"@type\":\"ImageObject\",\"inLanguage\":\"pt-PT\",\"@id\":\"https:\\\/\\\/inclusivenews.com.br\\\/#\\\/schema\\\/logo\\\/image\\\/\",\"url\":\"https:\\\/\\\/inclusivenews.com.br\\\/wp-content\\\/uploads\\\/2024\\\/03\\\/@grandesite.png\",\"contentUrl\":\"https:\\\/\\\/inclusivenews.com.br\\\/wp-content\\\/uploads\\\/2024\\\/03\\\/@grandesite.png\",\"width\":1080,\"height\":1080,\"caption\":\"Inclusive - inclus\u00e3o e cidadania\"},\"image\":{\"@id\":\"https:\\\/\\\/inclusivenews.com.br\\\/#\\\/schema\\\/logo\\\/image\\\/\"},\"sameAs\":[\"https:\\\/\\\/www.facebook.com\\\/agenciainclusive\\\/\",\"https:\\\/\\\/www.instagram.com\\\/newsinclusive\\\/\"]},{\"@type\":\"Person\",\"@id\":\"https:\\\/\\\/inclusivenews.com.br\\\/#\\\/schema\\\/person\\\/0dab492019871b94abb65fa8ee7c8c44\",\"name\":\"Inclusive\",\"image\":{\"@type\":\"ImageObject\",\"inLanguage\":\"pt-PT\",\"@id\":\"https:\\\/\\\/secure.gravatar.com\\\/avatar\\\/?s=96&d=mm&r=g\",\"url\":\"https:\\\/\\\/secure.gravatar.com\\\/avatar\\\/?s=96&d=mm&r=g\",\"contentUrl\":\"https:\\\/\\\/secure.gravatar.com\\\/avatar\\\/?s=96&d=mm&r=g\",\"caption\":\"Inclusive\"},\"url\":\"https:\\\/\\\/inclusivenews.com.br\\\/?author=2\"}]}<\/script>\n<!-- \/ Yoast SEO plugin. -->","yoast_head_json":{"title":"COLUNA INCLUS\u00c3O DO ACOLHE - A desumanidade da exclus\u00e3o -","robots":{"index":"index","follow":"follow","max-snippet":"max-snippet:-1","max-image-preview":"max-image-preview:large","max-video-preview":"max-video-preview:-1"},"canonical":"https:\/\/inclusivenews.com.br\/?p=32163","og_locale":"pt_PT","og_type":"article","og_title":"COLUNA INCLUS\u00c3O DO ACOLHE - A desumanidade da exclus\u00e3o -","og_description":"Por Marcia Fortes Mulher negra, cabeleireira e m\u00e3e. A conviv\u00eancia social \u00e9 primordial para o desenvolvimento de nossas habilidades individuais e coletivas, independente de nossas caracter\u00edsticas gen\u00e9ticas . Este princ\u00edpio b\u00e1sico foi negado \u00e0s pessoas com s\u00edndrome de Down durante s\u00e9culos , comprometendo seriamente suas possibilidades. Hoje sabemos (ainda que tardiamente) que os est\u00edmulos precoces [&hellip;]","og_url":"https:\/\/inclusivenews.com.br\/?p=32163","article_publisher":"https:\/\/www.facebook.com\/agenciainclusive\/","article_published_time":"2021-04-21T14:03:17+00:00","og_image":[{"url":"https:\/\/scontent.fsdu5-1.fna.fbcdn.net\/v\/t1.6435-0\/p526x296\/173973681_1735356953519896_7903480548034262068_n.jpg?_nc_cat=110&amp;ccb=1-3&amp;_nc_sid=a26aad&amp;_nc_ohc=VvagF-jhMDoAX8qP71K&amp;_nc_oc=AQmQpfWX9IQ4M7t_BDgNTE5eIOJyBXhF5k2idI0a9DROWDJB8zXUZFJ1nPBtbzLum3O8UCCWPh52H37PD7TauIZ1&amp;_nc_pt=1&amp;_nc_ht=scontent.fsdu5-1.fna&amp;tp=6&amp;oh=850c0bbe70412aa30670e86b5443ccba&amp;oe=60A72217","type":"","width":"","height":""}],"author":"Inclusive","twitter_card":"summary_large_image","twitter_misc":{"Escrito por":"Inclusive","Tempo estimado de leitura":"2 minutos"},"schema":{"@context":"https:\/\/schema.org","@graph":[{"@type":"Article","@id":"https:\/\/inclusivenews.com.br\/?p=32163#article","isPartOf":{"@id":"https:\/\/inclusivenews.com.br\/?p=32163"},"author":{"name":"Inclusive","@id":"https:\/\/inclusivenews.com.br\/#\/schema\/person\/0dab492019871b94abb65fa8ee7c8c44"},"headline":"COLUNA INCLUS\u00c3O DO ACOLHE &#8211; A desumanidade da exclus\u00e3o","datePublished":"2021-04-21T14:03:17+00:00","mainEntityOfPage":{"@id":"https:\/\/inclusivenews.com.br\/?p=32163"},"wordCount":312,"commentCount":0,"publisher":{"@id":"https:\/\/inclusivenews.com.br\/#organization"},"image":{"@id":"https:\/\/inclusivenews.com.br\/?p=32163#primaryimage"},"thumbnailUrl":"https:\/\/scontent.fsdu5-1.fna.fbcdn.net\/v\/t1.6435-0\/p526x296\/173973681_1735356953519896_7903480548034262068_n.jpg?_nc_cat=110&amp;ccb=1-3&amp;_nc_sid=a26aad&amp;_nc_ohc=VvagF-jhMDoAX8qP71K&amp;_nc_oc=AQmQpfWX9IQ4M7t_BDgNTE5eIOJyBXhF5k2idI0a9DROWDJB8zXUZFJ1nPBtbzLum3O8UCCWPh52H37PD7TauIZ1&amp;_nc_pt=1&amp;_nc_ht=scontent.fsdu5-1.fna&amp;tp=6&amp;oh=850c0bbe70412aa30670e86b5443ccba&amp;oe=60A72217","articleSection":["Coluna Inclus\u00e3o - Acolhe"],"inLanguage":"pt-PT","potentialAction":[{"@type":"CommentAction","name":"Comment","target":["https:\/\/inclusivenews.com.br\/?p=32163#respond"]}]},{"@type":"WebPage","@id":"https:\/\/inclusivenews.com.br\/?p=32163","url":"https:\/\/inclusivenews.com.br\/?p=32163","name":"COLUNA INCLUS\u00c3O DO ACOLHE - A desumanidade da exclus\u00e3o -","isPartOf":{"@id":"https:\/\/inclusivenews.com.br\/#website"},"primaryImageOfPage":{"@id":"https:\/\/inclusivenews.com.br\/?p=32163#primaryimage"},"image":{"@id":"https:\/\/inclusivenews.com.br\/?p=32163#primaryimage"},"thumbnailUrl":"https:\/\/scontent.fsdu5-1.fna.fbcdn.net\/v\/t1.6435-0\/p526x296\/173973681_1735356953519896_7903480548034262068_n.jpg?_nc_cat=110&amp;ccb=1-3&amp;_nc_sid=a26aad&amp;_nc_ohc=VvagF-jhMDoAX8qP71K&amp;_nc_oc=AQmQpfWX9IQ4M7t_BDgNTE5eIOJyBXhF5k2idI0a9DROWDJB8zXUZFJ1nPBtbzLum3O8UCCWPh52H37PD7TauIZ1&amp;_nc_pt=1&amp;_nc_ht=scontent.fsdu5-1.fna&amp;tp=6&amp;oh=850c0bbe70412aa30670e86b5443ccba&amp;oe=60A72217","datePublished":"2021-04-21T14:03:17+00:00","breadcrumb":{"@id":"https:\/\/inclusivenews.com.br\/?p=32163#breadcrumb"},"inLanguage":"pt-PT","potentialAction":[{"@type":"ReadAction","target":["https:\/\/inclusivenews.com.br\/?p=32163"]}]},{"@type":"ImageObject","inLanguage":"pt-PT","@id":"https:\/\/inclusivenews.com.br\/?p=32163#primaryimage","url":"https:\/\/scontent.fsdu5-1.fna.fbcdn.net\/v\/t1.6435-0\/p526x296\/173973681_1735356953519896_7903480548034262068_n.jpg?_nc_cat=110&amp;ccb=1-3&amp;_nc_sid=a26aad&amp;_nc_ohc=VvagF-jhMDoAX8qP71K&amp;_nc_oc=AQmQpfWX9IQ4M7t_BDgNTE5eIOJyBXhF5k2idI0a9DROWDJB8zXUZFJ1nPBtbzLum3O8UCCWPh52H37PD7TauIZ1&amp;_nc_pt=1&amp;_nc_ht=scontent.fsdu5-1.fna&amp;tp=6&amp;oh=850c0bbe70412aa30670e86b5443ccba&amp;oe=60A72217","contentUrl":"https:\/\/scontent.fsdu5-1.fna.fbcdn.net\/v\/t1.6435-0\/p526x296\/173973681_1735356953519896_7903480548034262068_n.jpg?_nc_cat=110&amp;ccb=1-3&amp;_nc_sid=a26aad&amp;_nc_ohc=VvagF-jhMDoAX8qP71K&amp;_nc_oc=AQmQpfWX9IQ4M7t_BDgNTE5eIOJyBXhF5k2idI0a9DROWDJB8zXUZFJ1nPBtbzLum3O8UCCWPh52H37PD7TauIZ1&amp;_nc_pt=1&amp;_nc_ht=scontent.fsdu5-1.fna&amp;tp=6&amp;oh=850c0bbe70412aa30670e86b5443ccba&amp;oe=60A72217"},{"@type":"BreadcrumbList","@id":"https:\/\/inclusivenews.com.br\/?p=32163#breadcrumb","itemListElement":[{"@type":"ListItem","position":1,"name":"In\u00edcio","item":"https:\/\/inclusivenews.com.br\/"},{"@type":"ListItem","position":2,"name":"COLUNA INCLUS\u00c3O DO ACOLHE &#8211; A desumanidade da exclus\u00e3o"}]},{"@type":"WebSite","@id":"https:\/\/inclusivenews.com.br\/#website","url":"https:\/\/inclusivenews.com.br\/","name":"Inclusive News","description":"Inclusive News","publisher":{"@id":"https:\/\/inclusivenews.com.br\/#organization"},"potentialAction":[{"@type":"SearchAction","target":{"@type":"EntryPoint","urlTemplate":"https:\/\/inclusivenews.com.br\/?s={search_term_string}"},"query-input":{"@type":"PropertyValueSpecification","valueRequired":true,"valueName":"search_term_string"}}],"inLanguage":"pt-PT"},{"@type":"Organization","@id":"https:\/\/inclusivenews.com.br\/#organization","name":"Inclusive - inclus\u00e3o e cidadania","url":"https:\/\/inclusivenews.com.br\/","logo":{"@type":"ImageObject","inLanguage":"pt-PT","@id":"https:\/\/inclusivenews.com.br\/#\/schema\/logo\/image\/","url":"https:\/\/inclusivenews.com.br\/wp-content\/uploads\/2024\/03\/@grandesite.png","contentUrl":"https:\/\/inclusivenews.com.br\/wp-content\/uploads\/2024\/03\/@grandesite.png","width":1080,"height":1080,"caption":"Inclusive - inclus\u00e3o e cidadania"},"image":{"@id":"https:\/\/inclusivenews.com.br\/#\/schema\/logo\/image\/"},"sameAs":["https:\/\/www.facebook.com\/agenciainclusive\/","https:\/\/www.instagram.com\/newsinclusive\/"]},{"@type":"Person","@id":"https:\/\/inclusivenews.com.br\/#\/schema\/person\/0dab492019871b94abb65fa8ee7c8c44","name":"Inclusive","image":{"@type":"ImageObject","inLanguage":"pt-PT","@id":"https:\/\/secure.gravatar.com\/avatar\/?s=96&d=mm&r=g","url":"https:\/\/secure.gravatar.com\/avatar\/?s=96&d=mm&r=g","contentUrl":"https:\/\/secure.gravatar.com\/avatar\/?s=96&d=mm&r=g","caption":"Inclusive"},"url":"https:\/\/inclusivenews.com.br\/?author=2"}]}},"_links":{"self":[{"href":"https:\/\/inclusivenews.com.br\/index.php?rest_route=\/wp\/v2\/posts\/32163","targetHints":{"allow":["GET"]}}],"collection":[{"href":"https:\/\/inclusivenews.com.br\/index.php?rest_route=\/wp\/v2\/posts"}],"about":[{"href":"https:\/\/inclusivenews.com.br\/index.php?rest_route=\/wp\/v2\/types\/post"}],"author":[{"embeddable":true,"href":"https:\/\/inclusivenews.com.br\/index.php?rest_route=\/wp\/v2\/users\/2"}],"replies":[{"embeddable":true,"href":"https:\/\/inclusivenews.com.br\/index.php?rest_route=%2Fwp%2Fv2%2Fcomments&post=32163"}],"version-history":[{"count":0,"href":"https:\/\/inclusivenews.com.br\/index.php?rest_route=\/wp\/v2\/posts\/32163\/revisions"}],"wp:attachment":[{"href":"https:\/\/inclusivenews.com.br\/index.php?rest_route=%2Fwp%2Fv2%2Fmedia&parent=32163"}],"wp:term":[{"taxonomy":"category","embeddable":true,"href":"https:\/\/inclusivenews.com.br\/index.php?rest_route=%2Fwp%2Fv2%2Fcategories&post=32163"},{"taxonomy":"post_tag","embeddable":true,"href":"https:\/\/inclusivenews.com.br\/index.php?rest_route=%2Fwp%2Fv2%2Ftags&post=32163"}],"curies":[{"name":"wp","href":"https:\/\/api.w.org\/{rel}","templated":true}]}}