{"id":32165,"date":"2021-04-26T07:19:09","date_gmt":"2021-04-26T10:19:09","guid":{"rendered":"http:\/\/www.inclusive.org.br\/?p=32165"},"modified":"2021-04-26T07:19:09","modified_gmt":"2021-04-26T10:19:09","slug":"coluna-inclusao-do-acolhe-como-o-estado-minimo-nos-atinge","status":"publish","type":"post","link":"https:\/\/inclusivenews.com.br\/?p=32165","title":{"rendered":"COLUNA INCLUS\u00c3O DO ACOLHE &#8211; Como o Estado m\u00ednimo nos atinge?"},"content":{"rendered":"<p><img decoding=\"async\" src=\"https:\/\/scontent.fsdu5-1.fna.fbcdn.net\/v\/t1.6435-9\/178712816_1739189056470019_8419234409263119923_n.jpg?_nc_cat=100&amp;ccb=1-3&amp;_nc_sid=8bfeb9&amp;_nc_ohc=du4yp-gF31YAX820zKZ&amp;_nc_pt=1&amp;_nc_ht=scontent.fsdu5-1.fna&amp;oh=ac45888fd2d45afd3fe15bc719da69f4&amp;oe=60ADAAAD\" alt=\"Pode ser uma imagem de 1 pessoa e texto que diz &quot;COLUNA INCLUS\u00c3O AcoeDown Acolhe COMLUANDABOTELHO COM LUANDA BOTELHO COMO O ESTADO M\u00cdNIMO NOS ATINGE&quot;\" \/><\/p>\n<div class=\"o9v6fnle cxmmr5t8 oygrvhab hcukyx3x c1et5uql ii04i59q\">\n<div dir=\"auto\">Por Luanda Botelho<\/div>\n<div dir=\"auto\">Mulher com defici\u00eancia. Analista de indicadores sociais.<\/div>\n<\/div>\n<div class=\"o9v6fnle cxmmr5t8 oygrvhab hcukyx3x c1et5uql ii04i59q\">\n<div dir=\"auto\">O protagonismo dos movimentos sociais de pessoas com defici\u00eancia tem sido fundamental para pol\u00edticas p\u00fablicas contemplarem esse grupo em suas especificidades e, principalmente, n\u00e3o s\u00f3 como destinat\u00e1rios de assist\u00eancia social, mas como cidad\u00e3os aptos ao trabalho, educa\u00e7\u00e3o e participa\u00e7\u00e3o em outras esferas. Defender e ampliar essas pol\u00edticas deve ser prioridade para que desigualdades sejam reduzidas e pessoas com defici\u00eancia vivam uma vida plena.<\/div>\n<div dir=\"auto\">Por\u00e9m, outro caminho igualmente necess\u00e1rio e muitas vezes mais dif\u00edcil de ser percebido e trilhado \u00e9 a defesa de um Estado capaz de prover servi\u00e7os p\u00fablicos de qualidade para a popula\u00e7\u00e3o em geral, pois \u00e9 esse mesmo Estado que estar\u00e1 apto a assegurar direitos \u00e0s pessoas com defici\u00eancia. Governos e parlamentos que atuam na dire\u00e7\u00e3o de um Estado m\u00ednimo n\u00e3o constroem um cen\u00e1rio favor\u00e1vel \u00e0 inclus\u00e3o.<\/div>\n<div dir=\"auto\">Falando em termos pr\u00e1ticos, em medidas adotadas ou em vias de serem adotadas no pa\u00eds, a PEC que congelou gastos p\u00fablicos retira das escolas, ano a ano, recursos para se tornarem mais acess\u00edveis, para contarem com profissionais qualificados a mediarem as rela\u00e7\u00f5es de alunos com defici\u00eancia. A reforma administrativa, por sua vez, tornar\u00e1 in\u00f3cua a lei de cotas em concursos p\u00fablicos.<\/div>\n<div dir=\"auto\">O enxugamento do Estado torna-se ainda mais cr\u00edtico em cen\u00e1rios de crise como o atual. Sistema de sa\u00fade colapsado, escolas fechadas e vacina\u00e7\u00e3o insipiente contra a COVID-19 s\u00e3o consequ\u00eancias agravadas por uma gest\u00e3o negacionista da pandemia. Dessa forma, ser grupo priorit\u00e1rio na fila da vacina\u00e7\u00e3o n\u00e3o garantiu \u00e0s pessoas com defici\u00eancia uma prioridade efetiva. N\u00e3o existe prioridade no acesso a um produto t\u00e3o escasso.<\/div>\n<div dir=\"auto\">Pessoas com defici\u00eancia severa somam, segundo os dados do IBGE, quase 7% dos brasileiros. O Brasil vacinou at\u00e9 hoje (com duas doses) cerca de 5% de sua popula\u00e7\u00e3o.<\/div>\n<\/div>\n<div class=\"o9v6fnle cxmmr5t8 oygrvhab hcukyx3x c1et5uql ii04i59q\">\n<div dir=\"auto\"><a class=\"oajrlxb2 g5ia77u1 qu0x051f esr5mh6w e9989ue4 r7d6kgcz rq0escxv nhd2j8a9 nc684nl6 p7hjln8o kvgmc6g5 cxmmr5t8 oygrvhab hcukyx3x jb3vyjys rz4wbd8a qt6c0cv9 a8nywdso i1ao9s8h esuyzwwr f1sip0of lzcic4wl q66pz984 gpro0wi8 b1v8xokw\" tabindex=\"0\" href=\"https:\/\/www.facebook.com\/hashtag\/descri%C3%A7%C3%A3o?__eep__=6&amp;__cft__[0]=AZWgARe0dq8uQkzLyhewlLBkqqpDuUTECD3q9a_1ulZwmgbo_sNQv4yCzVwRD8wMJEmPm2TVD9vApD7ZXE4VQodh9h_heCKhxeUP7X4PoI-1AaKG8Amm-IEjDgHLfPZvXKML818OBr6H90PU7MK3XB-n&amp;__tn__=*NK-R\">#descri\u00e7\u00e3o<\/a>daimagem: em um fundo branco e laranja, a mensagem: Coluna Inclus\u00e3o AcolheDown com Luanda Botelho. Como o Estado m\u00ednimo nos atinge?<\/div>\n<\/div>\n<div class=\"o9v6fnle cxmmr5t8 oygrvhab hcukyx3x c1et5uql ii04i59q\">\n<div dir=\"auto\"><a class=\"oajrlxb2 g5ia77u1 qu0x051f esr5mh6w e9989ue4 r7d6kgcz rq0escxv nhd2j8a9 nc684nl6 p7hjln8o kvgmc6g5 cxmmr5t8 oygrvhab hcukyx3x jb3vyjys rz4wbd8a qt6c0cv9 a8nywdso i1ao9s8h esuyzwwr f1sip0of lzcic4wl q66pz984 gpro0wi8 b1v8xokw\" tabindex=\"0\" href=\"https:\/\/www.facebook.com\/hashtag\/acolhedownoficial?__eep__=6&amp;__cft__[0]=AZWgARe0dq8uQkzLyhewlLBkqqpDuUTECD3q9a_1ulZwmgbo_sNQv4yCzVwRD8wMJEmPm2TVD9vApD7ZXE4VQodh9h_heCKhxeUP7X4PoI-1AaKG8Amm-IEjDgHLfPZvXKML818OBr6H90PU7MK3XB-n&amp;__tn__=*NK-R\">#acolhedownoficial<\/a><\/div>\n<div dir=\"auto\"><a class=\"oajrlxb2 g5ia77u1 qu0x051f esr5mh6w e9989ue4 r7d6kgcz rq0escxv nhd2j8a9 nc684nl6 p7hjln8o kvgmc6g5 cxmmr5t8 oygrvhab hcukyx3x jb3vyjys rz4wbd8a qt6c0cv9 a8nywdso i1ao9s8h esuyzwwr f1sip0of lzcic4wl q66pz984 gpro0wi8 b1v8xokw\" tabindex=\"0\" href=\"https:\/\/www.facebook.com\/hashtag\/pessoascomdeficiencia?__eep__=6&amp;__cft__[0]=AZWgARe0dq8uQkzLyhewlLBkqqpDuUTECD3q9a_1ulZwmgbo_sNQv4yCzVwRD8wMJEmPm2TVD9vApD7ZXE4VQodh9h_heCKhxeUP7X4PoI-1AaKG8Amm-IEjDgHLfPZvXKML818OBr6H90PU7MK3XB-n&amp;__tn__=*NK-R\">#pessoascomdeficiencia<\/a><\/div>\n<div dir=\"auto\"><a class=\"oajrlxb2 g5ia77u1 qu0x051f esr5mh6w e9989ue4 r7d6kgcz rq0escxv nhd2j8a9 nc684nl6 p7hjln8o kvgmc6g5 cxmmr5t8 oygrvhab hcukyx3x jb3vyjys rz4wbd8a qt6c0cv9 a8nywdso i1ao9s8h esuyzwwr f1sip0of lzcic4wl q66pz984 gpro0wi8 b1v8xokw\" tabindex=\"0\" href=\"https:\/\/www.facebook.com\/hashtag\/inclusao?__eep__=6&amp;__cft__[0]=AZWgARe0dq8uQkzLyhewlLBkqqpDuUTECD3q9a_1ulZwmgbo_sNQv4yCzVwRD8wMJEmPm2TVD9vApD7ZXE4VQodh9h_heCKhxeUP7X4PoI-1AaKG8Amm-IEjDgHLfPZvXKML818OBr6H90PU7MK3XB-n&amp;__tn__=*NK-R\">#inclusao<\/a><\/div>\n<\/div>\n","protected":false},"excerpt":{"rendered":"<p>Por Luanda Botelho Mulher com defici\u00eancia. Analista de indicadores sociais. O protagonismo dos movimentos sociais de pessoas com defici\u00eancia tem sido fundamental para pol\u00edticas p\u00fablicas contemplarem esse grupo em suas especificidades e, principalmente, n\u00e3o s\u00f3 como destinat\u00e1rios de assist\u00eancia social, mas como cidad\u00e3os aptos ao trabalho, educa\u00e7\u00e3o e participa\u00e7\u00e3o em outras esferas. Defender e ampliar [&hellip;]<\/p>\n","protected":false},"author":2,"featured_media":0,"comment_status":"open","ping_status":"open","sticky":false,"template":"","format":"standard","meta":{"site-container-style":"default","site-container-layout":"default","site-sidebar-layout":"default","disable-article-header":"default","disable-site-header":"default","disable-site-footer":"default","disable-content-area-spacing":"default","footnotes":""},"categories":[4],"tags":[],"class_list":["post-32165","post","type-post","status-publish","format-standard","hentry","category-noticias"],"yoast_head":"<!-- This site is optimized with the Yoast SEO plugin v27.4 - https:\/\/yoast.com\/product\/yoast-seo-wordpress\/ -->\n<title>COLUNA INCLUS\u00c3O DO ACOLHE - Como o Estado m\u00ednimo nos atinge? -<\/title>\n<meta name=\"robots\" content=\"index, follow, max-snippet:-1, max-image-preview:large, max-video-preview:-1\" \/>\n<link rel=\"canonical\" href=\"https:\/\/inclusivenews.com.br\/?p=32165\" \/>\n<meta property=\"og:locale\" content=\"pt_PT\" \/>\n<meta property=\"og:type\" content=\"article\" \/>\n<meta property=\"og:title\" content=\"COLUNA INCLUS\u00c3O DO ACOLHE - Como o Estado m\u00ednimo nos atinge? -\" \/>\n<meta property=\"og:description\" content=\"Por Luanda Botelho Mulher com defici\u00eancia. Analista de indicadores sociais. O protagonismo dos movimentos sociais de pessoas com defici\u00eancia tem sido fundamental para pol\u00edticas p\u00fablicas contemplarem esse grupo em suas especificidades e, principalmente, n\u00e3o s\u00f3 como destinat\u00e1rios de assist\u00eancia social, mas como cidad\u00e3os aptos ao trabalho, educa\u00e7\u00e3o e participa\u00e7\u00e3o em outras esferas. Defender e ampliar [&hellip;]\" \/>\n<meta property=\"og:url\" content=\"https:\/\/inclusivenews.com.br\/?p=32165\" \/>\n<meta property=\"article:publisher\" content=\"https:\/\/www.facebook.com\/agenciainclusive\/\" \/>\n<meta property=\"article:published_time\" content=\"2021-04-26T10:19:09+00:00\" \/>\n<meta property=\"og:image\" content=\"https:\/\/scontent.fsdu5-1.fna.fbcdn.net\/v\/t1.6435-9\/178712816_1739189056470019_8419234409263119923_n.jpg?_nc_cat=100&amp;ccb=1-3&amp;_nc_sid=8bfeb9&amp;_nc_ohc=du4yp-gF31YAX820zKZ&amp;_nc_pt=1&amp;_nc_ht=scontent.fsdu5-1.fna&amp;oh=ac45888fd2d45afd3fe15bc719da69f4&amp;oe=60ADAAAD\" \/>\n<meta name=\"author\" content=\"Inclusive\" \/>\n<meta name=\"twitter:card\" content=\"summary_large_image\" \/>\n<meta name=\"twitter:label1\" content=\"Escrito por\" \/>\n\t<meta name=\"twitter:data1\" content=\"Inclusive\" \/>\n\t<meta name=\"twitter:label2\" content=\"Tempo estimado de leitura\" \/>\n\t<meta name=\"twitter:data2\" content=\"2 minutos\" \/>\n<script type=\"application\/ld+json\" class=\"yoast-schema-graph\">{\"@context\":\"https:\\\/\\\/schema.org\",\"@graph\":[{\"@type\":\"Article\",\"@id\":\"https:\\\/\\\/inclusivenews.com.br\\\/?p=32165#article\",\"isPartOf\":{\"@id\":\"https:\\\/\\\/inclusivenews.com.br\\\/?p=32165\"},\"author\":{\"name\":\"Inclusive\",\"@id\":\"https:\\\/\\\/inclusivenews.com.br\\\/#\\\/schema\\\/person\\\/0dab492019871b94abb65fa8ee7c8c44\"},\"headline\":\"COLUNA INCLUS\u00c3O DO ACOLHE &#8211; Como o Estado m\u00ednimo nos atinge?\",\"datePublished\":\"2021-04-26T10:19:09+00:00\",\"mainEntityOfPage\":{\"@id\":\"https:\\\/\\\/inclusivenews.com.br\\\/?p=32165\"},\"wordCount\":375,\"commentCount\":0,\"publisher\":{\"@id\":\"https:\\\/\\\/inclusivenews.com.br\\\/#organization\"},\"image\":{\"@id\":\"https:\\\/\\\/inclusivenews.com.br\\\/?p=32165#primaryimage\"},\"thumbnailUrl\":\"https:\\\/\\\/scontent.fsdu5-1.fna.fbcdn.net\\\/v\\\/t1.6435-9\\\/178712816_1739189056470019_8419234409263119923_n.jpg?_nc_cat=100&amp;ccb=1-3&amp;_nc_sid=8bfeb9&amp;_nc_ohc=du4yp-gF31YAX820zKZ&amp;_nc_pt=1&amp;_nc_ht=scontent.fsdu5-1.fna&amp;oh=ac45888fd2d45afd3fe15bc719da69f4&amp;oe=60ADAAAD\",\"articleSection\":[\"NOT\u00cdCIAS\"],\"inLanguage\":\"pt-PT\",\"potentialAction\":[{\"@type\":\"CommentAction\",\"name\":\"Comment\",\"target\":[\"https:\\\/\\\/inclusivenews.com.br\\\/?p=32165#respond\"]}]},{\"@type\":\"WebPage\",\"@id\":\"https:\\\/\\\/inclusivenews.com.br\\\/?p=32165\",\"url\":\"https:\\\/\\\/inclusivenews.com.br\\\/?p=32165\",\"name\":\"COLUNA INCLUS\u00c3O DO ACOLHE - Como o Estado m\u00ednimo nos atinge? -\",\"isPartOf\":{\"@id\":\"https:\\\/\\\/inclusivenews.com.br\\\/#website\"},\"primaryImageOfPage\":{\"@id\":\"https:\\\/\\\/inclusivenews.com.br\\\/?p=32165#primaryimage\"},\"image\":{\"@id\":\"https:\\\/\\\/inclusivenews.com.br\\\/?p=32165#primaryimage\"},\"thumbnailUrl\":\"https:\\\/\\\/scontent.fsdu5-1.fna.fbcdn.net\\\/v\\\/t1.6435-9\\\/178712816_1739189056470019_8419234409263119923_n.jpg?_nc_cat=100&amp;ccb=1-3&amp;_nc_sid=8bfeb9&amp;_nc_ohc=du4yp-gF31YAX820zKZ&amp;_nc_pt=1&amp;_nc_ht=scontent.fsdu5-1.fna&amp;oh=ac45888fd2d45afd3fe15bc719da69f4&amp;oe=60ADAAAD\",\"datePublished\":\"2021-04-26T10:19:09+00:00\",\"breadcrumb\":{\"@id\":\"https:\\\/\\\/inclusivenews.com.br\\\/?p=32165#breadcrumb\"},\"inLanguage\":\"pt-PT\",\"potentialAction\":[{\"@type\":\"ReadAction\",\"target\":[\"https:\\\/\\\/inclusivenews.com.br\\\/?p=32165\"]}]},{\"@type\":\"ImageObject\",\"inLanguage\":\"pt-PT\",\"@id\":\"https:\\\/\\\/inclusivenews.com.br\\\/?p=32165#primaryimage\",\"url\":\"https:\\\/\\\/scontent.fsdu5-1.fna.fbcdn.net\\\/v\\\/t1.6435-9\\\/178712816_1739189056470019_8419234409263119923_n.jpg?_nc_cat=100&amp;ccb=1-3&amp;_nc_sid=8bfeb9&amp;_nc_ohc=du4yp-gF31YAX820zKZ&amp;_nc_pt=1&amp;_nc_ht=scontent.fsdu5-1.fna&amp;oh=ac45888fd2d45afd3fe15bc719da69f4&amp;oe=60ADAAAD\",\"contentUrl\":\"https:\\\/\\\/scontent.fsdu5-1.fna.fbcdn.net\\\/v\\\/t1.6435-9\\\/178712816_1739189056470019_8419234409263119923_n.jpg?_nc_cat=100&amp;ccb=1-3&amp;_nc_sid=8bfeb9&amp;_nc_ohc=du4yp-gF31YAX820zKZ&amp;_nc_pt=1&amp;_nc_ht=scontent.fsdu5-1.fna&amp;oh=ac45888fd2d45afd3fe15bc719da69f4&amp;oe=60ADAAAD\"},{\"@type\":\"BreadcrumbList\",\"@id\":\"https:\\\/\\\/inclusivenews.com.br\\\/?p=32165#breadcrumb\",\"itemListElement\":[{\"@type\":\"ListItem\",\"position\":1,\"name\":\"In\u00edcio\",\"item\":\"https:\\\/\\\/inclusivenews.com.br\\\/\"},{\"@type\":\"ListItem\",\"position\":2,\"name\":\"COLUNA INCLUS\u00c3O DO ACOLHE &#8211; Como o Estado m\u00ednimo nos atinge?\"}]},{\"@type\":\"WebSite\",\"@id\":\"https:\\\/\\\/inclusivenews.com.br\\\/#website\",\"url\":\"https:\\\/\\\/inclusivenews.com.br\\\/\",\"name\":\"Inclusive News\",\"description\":\"Inclusive News\",\"publisher\":{\"@id\":\"https:\\\/\\\/inclusivenews.com.br\\\/#organization\"},\"potentialAction\":[{\"@type\":\"SearchAction\",\"target\":{\"@type\":\"EntryPoint\",\"urlTemplate\":\"https:\\\/\\\/inclusivenews.com.br\\\/?s={search_term_string}\"},\"query-input\":{\"@type\":\"PropertyValueSpecification\",\"valueRequired\":true,\"valueName\":\"search_term_string\"}}],\"inLanguage\":\"pt-PT\"},{\"@type\":\"Organization\",\"@id\":\"https:\\\/\\\/inclusivenews.com.br\\\/#organization\",\"name\":\"Inclusive - inclus\u00e3o e cidadania\",\"url\":\"https:\\\/\\\/inclusivenews.com.br\\\/\",\"logo\":{\"@type\":\"ImageObject\",\"inLanguage\":\"pt-PT\",\"@id\":\"https:\\\/\\\/inclusivenews.com.br\\\/#\\\/schema\\\/logo\\\/image\\\/\",\"url\":\"https:\\\/\\\/inclusivenews.com.br\\\/wp-content\\\/uploads\\\/2024\\\/03\\\/@grandesite.png\",\"contentUrl\":\"https:\\\/\\\/inclusivenews.com.br\\\/wp-content\\\/uploads\\\/2024\\\/03\\\/@grandesite.png\",\"width\":1080,\"height\":1080,\"caption\":\"Inclusive - inclus\u00e3o e cidadania\"},\"image\":{\"@id\":\"https:\\\/\\\/inclusivenews.com.br\\\/#\\\/schema\\\/logo\\\/image\\\/\"},\"sameAs\":[\"https:\\\/\\\/www.facebook.com\\\/agenciainclusive\\\/\",\"https:\\\/\\\/www.instagram.com\\\/newsinclusive\\\/\"]},{\"@type\":\"Person\",\"@id\":\"https:\\\/\\\/inclusivenews.com.br\\\/#\\\/schema\\\/person\\\/0dab492019871b94abb65fa8ee7c8c44\",\"name\":\"Inclusive\",\"image\":{\"@type\":\"ImageObject\",\"inLanguage\":\"pt-PT\",\"@id\":\"https:\\\/\\\/secure.gravatar.com\\\/avatar\\\/?s=96&d=mm&r=g\",\"url\":\"https:\\\/\\\/secure.gravatar.com\\\/avatar\\\/?s=96&d=mm&r=g\",\"contentUrl\":\"https:\\\/\\\/secure.gravatar.com\\\/avatar\\\/?s=96&d=mm&r=g\",\"caption\":\"Inclusive\"},\"url\":\"https:\\\/\\\/inclusivenews.com.br\\\/?author=2\"}]}<\/script>\n<!-- \/ Yoast SEO plugin. -->","yoast_head_json":{"title":"COLUNA INCLUS\u00c3O DO ACOLHE - Como o Estado m\u00ednimo nos atinge? -","robots":{"index":"index","follow":"follow","max-snippet":"max-snippet:-1","max-image-preview":"max-image-preview:large","max-video-preview":"max-video-preview:-1"},"canonical":"https:\/\/inclusivenews.com.br\/?p=32165","og_locale":"pt_PT","og_type":"article","og_title":"COLUNA INCLUS\u00c3O DO ACOLHE - Como o Estado m\u00ednimo nos atinge? -","og_description":"Por Luanda Botelho Mulher com defici\u00eancia. Analista de indicadores sociais. O protagonismo dos movimentos sociais de pessoas com defici\u00eancia tem sido fundamental para pol\u00edticas p\u00fablicas contemplarem esse grupo em suas especificidades e, principalmente, n\u00e3o s\u00f3 como destinat\u00e1rios de assist\u00eancia social, mas como cidad\u00e3os aptos ao trabalho, educa\u00e7\u00e3o e participa\u00e7\u00e3o em outras esferas. Defender e ampliar [&hellip;]","og_url":"https:\/\/inclusivenews.com.br\/?p=32165","article_publisher":"https:\/\/www.facebook.com\/agenciainclusive\/","article_published_time":"2021-04-26T10:19:09+00:00","og_image":[{"url":"https:\/\/scontent.fsdu5-1.fna.fbcdn.net\/v\/t1.6435-9\/178712816_1739189056470019_8419234409263119923_n.jpg?_nc_cat=100&amp;ccb=1-3&amp;_nc_sid=8bfeb9&amp;_nc_ohc=du4yp-gF31YAX820zKZ&amp;_nc_pt=1&amp;_nc_ht=scontent.fsdu5-1.fna&amp;oh=ac45888fd2d45afd3fe15bc719da69f4&amp;oe=60ADAAAD","type":"","width":"","height":""}],"author":"Inclusive","twitter_card":"summary_large_image","twitter_misc":{"Escrito por":"Inclusive","Tempo estimado de leitura":"2 minutos"},"schema":{"@context":"https:\/\/schema.org","@graph":[{"@type":"Article","@id":"https:\/\/inclusivenews.com.br\/?p=32165#article","isPartOf":{"@id":"https:\/\/inclusivenews.com.br\/?p=32165"},"author":{"name":"Inclusive","@id":"https:\/\/inclusivenews.com.br\/#\/schema\/person\/0dab492019871b94abb65fa8ee7c8c44"},"headline":"COLUNA INCLUS\u00c3O DO ACOLHE &#8211; Como o Estado m\u00ednimo nos atinge?","datePublished":"2021-04-26T10:19:09+00:00","mainEntityOfPage":{"@id":"https:\/\/inclusivenews.com.br\/?p=32165"},"wordCount":375,"commentCount":0,"publisher":{"@id":"https:\/\/inclusivenews.com.br\/#organization"},"image":{"@id":"https:\/\/inclusivenews.com.br\/?p=32165#primaryimage"},"thumbnailUrl":"https:\/\/scontent.fsdu5-1.fna.fbcdn.net\/v\/t1.6435-9\/178712816_1739189056470019_8419234409263119923_n.jpg?_nc_cat=100&amp;ccb=1-3&amp;_nc_sid=8bfeb9&amp;_nc_ohc=du4yp-gF31YAX820zKZ&amp;_nc_pt=1&amp;_nc_ht=scontent.fsdu5-1.fna&amp;oh=ac45888fd2d45afd3fe15bc719da69f4&amp;oe=60ADAAAD","articleSection":["NOT\u00cdCIAS"],"inLanguage":"pt-PT","potentialAction":[{"@type":"CommentAction","name":"Comment","target":["https:\/\/inclusivenews.com.br\/?p=32165#respond"]}]},{"@type":"WebPage","@id":"https:\/\/inclusivenews.com.br\/?p=32165","url":"https:\/\/inclusivenews.com.br\/?p=32165","name":"COLUNA INCLUS\u00c3O DO ACOLHE - Como o Estado m\u00ednimo nos atinge? -","isPartOf":{"@id":"https:\/\/inclusivenews.com.br\/#website"},"primaryImageOfPage":{"@id":"https:\/\/inclusivenews.com.br\/?p=32165#primaryimage"},"image":{"@id":"https:\/\/inclusivenews.com.br\/?p=32165#primaryimage"},"thumbnailUrl":"https:\/\/scontent.fsdu5-1.fna.fbcdn.net\/v\/t1.6435-9\/178712816_1739189056470019_8419234409263119923_n.jpg?_nc_cat=100&amp;ccb=1-3&amp;_nc_sid=8bfeb9&amp;_nc_ohc=du4yp-gF31YAX820zKZ&amp;_nc_pt=1&amp;_nc_ht=scontent.fsdu5-1.fna&amp;oh=ac45888fd2d45afd3fe15bc719da69f4&amp;oe=60ADAAAD","datePublished":"2021-04-26T10:19:09+00:00","breadcrumb":{"@id":"https:\/\/inclusivenews.com.br\/?p=32165#breadcrumb"},"inLanguage":"pt-PT","potentialAction":[{"@type":"ReadAction","target":["https:\/\/inclusivenews.com.br\/?p=32165"]}]},{"@type":"ImageObject","inLanguage":"pt-PT","@id":"https:\/\/inclusivenews.com.br\/?p=32165#primaryimage","url":"https:\/\/scontent.fsdu5-1.fna.fbcdn.net\/v\/t1.6435-9\/178712816_1739189056470019_8419234409263119923_n.jpg?_nc_cat=100&amp;ccb=1-3&amp;_nc_sid=8bfeb9&amp;_nc_ohc=du4yp-gF31YAX820zKZ&amp;_nc_pt=1&amp;_nc_ht=scontent.fsdu5-1.fna&amp;oh=ac45888fd2d45afd3fe15bc719da69f4&amp;oe=60ADAAAD","contentUrl":"https:\/\/scontent.fsdu5-1.fna.fbcdn.net\/v\/t1.6435-9\/178712816_1739189056470019_8419234409263119923_n.jpg?_nc_cat=100&amp;ccb=1-3&amp;_nc_sid=8bfeb9&amp;_nc_ohc=du4yp-gF31YAX820zKZ&amp;_nc_pt=1&amp;_nc_ht=scontent.fsdu5-1.fna&amp;oh=ac45888fd2d45afd3fe15bc719da69f4&amp;oe=60ADAAAD"},{"@type":"BreadcrumbList","@id":"https:\/\/inclusivenews.com.br\/?p=32165#breadcrumb","itemListElement":[{"@type":"ListItem","position":1,"name":"In\u00edcio","item":"https:\/\/inclusivenews.com.br\/"},{"@type":"ListItem","position":2,"name":"COLUNA INCLUS\u00c3O DO ACOLHE &#8211; Como o Estado m\u00ednimo nos atinge?"}]},{"@type":"WebSite","@id":"https:\/\/inclusivenews.com.br\/#website","url":"https:\/\/inclusivenews.com.br\/","name":"Inclusive News","description":"Inclusive News","publisher":{"@id":"https:\/\/inclusivenews.com.br\/#organization"},"potentialAction":[{"@type":"SearchAction","target":{"@type":"EntryPoint","urlTemplate":"https:\/\/inclusivenews.com.br\/?s={search_term_string}"},"query-input":{"@type":"PropertyValueSpecification","valueRequired":true,"valueName":"search_term_string"}}],"inLanguage":"pt-PT"},{"@type":"Organization","@id":"https:\/\/inclusivenews.com.br\/#organization","name":"Inclusive - inclus\u00e3o e cidadania","url":"https:\/\/inclusivenews.com.br\/","logo":{"@type":"ImageObject","inLanguage":"pt-PT","@id":"https:\/\/inclusivenews.com.br\/#\/schema\/logo\/image\/","url":"https:\/\/inclusivenews.com.br\/wp-content\/uploads\/2024\/03\/@grandesite.png","contentUrl":"https:\/\/inclusivenews.com.br\/wp-content\/uploads\/2024\/03\/@grandesite.png","width":1080,"height":1080,"caption":"Inclusive - inclus\u00e3o e cidadania"},"image":{"@id":"https:\/\/inclusivenews.com.br\/#\/schema\/logo\/image\/"},"sameAs":["https:\/\/www.facebook.com\/agenciainclusive\/","https:\/\/www.instagram.com\/newsinclusive\/"]},{"@type":"Person","@id":"https:\/\/inclusivenews.com.br\/#\/schema\/person\/0dab492019871b94abb65fa8ee7c8c44","name":"Inclusive","image":{"@type":"ImageObject","inLanguage":"pt-PT","@id":"https:\/\/secure.gravatar.com\/avatar\/?s=96&d=mm&r=g","url":"https:\/\/secure.gravatar.com\/avatar\/?s=96&d=mm&r=g","contentUrl":"https:\/\/secure.gravatar.com\/avatar\/?s=96&d=mm&r=g","caption":"Inclusive"},"url":"https:\/\/inclusivenews.com.br\/?author=2"}]}},"_links":{"self":[{"href":"https:\/\/inclusivenews.com.br\/index.php?rest_route=\/wp\/v2\/posts\/32165","targetHints":{"allow":["GET"]}}],"collection":[{"href":"https:\/\/inclusivenews.com.br\/index.php?rest_route=\/wp\/v2\/posts"}],"about":[{"href":"https:\/\/inclusivenews.com.br\/index.php?rest_route=\/wp\/v2\/types\/post"}],"author":[{"embeddable":true,"href":"https:\/\/inclusivenews.com.br\/index.php?rest_route=\/wp\/v2\/users\/2"}],"replies":[{"embeddable":true,"href":"https:\/\/inclusivenews.com.br\/index.php?rest_route=%2Fwp%2Fv2%2Fcomments&post=32165"}],"version-history":[{"count":0,"href":"https:\/\/inclusivenews.com.br\/index.php?rest_route=\/wp\/v2\/posts\/32165\/revisions"}],"wp:attachment":[{"href":"https:\/\/inclusivenews.com.br\/index.php?rest_route=%2Fwp%2Fv2%2Fmedia&parent=32165"}],"wp:term":[{"taxonomy":"category","embeddable":true,"href":"https:\/\/inclusivenews.com.br\/index.php?rest_route=%2Fwp%2Fv2%2Fcategories&post=32165"},{"taxonomy":"post_tag","embeddable":true,"href":"https:\/\/inclusivenews.com.br\/index.php?rest_route=%2Fwp%2Fv2%2Ftags&post=32165"}],"curies":[{"name":"wp","href":"https:\/\/api.w.org\/{rel}","templated":true}]}}