{"id":32170,"date":"2021-05-05T08:33:15","date_gmt":"2021-05-05T11:33:15","guid":{"rendered":"http:\/\/www.inclusive.org.br\/?p=32170"},"modified":"2021-05-05T08:33:15","modified_gmt":"2021-05-05T11:33:15","slug":"coluna-inclusao-do-acolhe-colocando-o-pingo-nos-is-ou-cada-profissional-no-seu-dominio","status":"publish","type":"post","link":"https:\/\/inclusivenews.com.br\/?p=32170","title":{"rendered":"COLUNA INCLUS\u00c3O DO ACOLHE &#8211; Colocando o pingo nos &quot;is&quot; ou cada profissional no seu dom\u00ednio"},"content":{"rendered":"<p><img decoding=\"async\" src=\"https:\/\/scontent.fsdu5-1.fna.fbcdn.net\/v\/t1.6435-9\/179619583_1744570475931877_2667435319083722972_n.jpg?_nc_cat=106&amp;ccb=1-3&amp;_nc_sid=a26aad&amp;_nc_ohc=qVC3iFwoa5wAX_PibQj&amp;_nc_pt=1&amp;_nc_ht=scontent.fsdu5-1.fna&amp;oh=5f2a7f85c91a9ad2bd8db1a00429fb57&amp;oe=60B69C49\" alt=\"Pode ser uma imagem de 1 pessoa e texto que diz &quot;COLUNA INCLUS\u00c3O Acolhe \u00dbDown COM MARCIA FORTES COLOCANDO \u101d PINGO NOS &quot;IS&quot; OU CADA PROFISSIONAL NO SEU DOM\u00cdNIO&quot;\" \/><\/p>\n<div class=\"o9v6fnle cxmmr5t8 oygrvhab hcukyx3x c1et5uql ii04i59q\">\n<div dir=\"auto\">Por Marcia Fortes<\/div>\n<div dir=\"auto\">Mulher negra, cabeleireira e m\u00e3e.<\/div>\n<\/div>\n<div class=\"o9v6fnle cxmmr5t8 oygrvhab hcukyx3x c1et5uql ii04i59q\">\n<div dir=\"auto\">Se os desafios escolares da inclus\u00e3o no dia a dia da sala de aula regular j\u00e1 eram grandiosos, durante a pandemia eles se intensificaram ainda mais, nos afastando do que consideramos ser uma educa\u00e7\u00e3o justa.<\/div>\n<\/div>\n<div class=\"o9v6fnle cxmmr5t8 oygrvhab hcukyx3x c1et5uql ii04i59q\">\n<div dir=\"auto\">Sabemos que a media\u00e7\u00e3o \u00e9 uma das principais ferramentas neste processo, onde profissionais acompanham estudantes a partir de um programa educacional individualizado e adaptado .<\/div>\n<div dir=\"auto\">Muitas escolas, atrav\u00e9s do ensino remoto, demoraram pra fazer estas adapta\u00e7\u00f5es (isso quando a fizeram) e em grande parte tendo como mediadora as m\u00e3es, que conjugam com estas atividades , o exerc\u00edcio profissional, terapias , e muitas vezes, os servi\u00e7os dom\u00e9sticos.<\/div>\n<div dir=\"auto\">Tantas responsabilidades que recaem sobre os ombros das mulheres em nossa sociedade patriarcal e machista , pesam enormemente , afetando sua sa\u00fade, f\u00edsica e psicol\u00f3gica gravemente.<\/div>\n<\/div>\n<div class=\"o9v6fnle cxmmr5t8 oygrvhab hcukyx3x c1et5uql ii04i59q\">\n<div dir=\"auto\">\u00c9 mais do que sabido que no ensino plural as fam\u00edlias s\u00e3o grandes aliadas , por\u00e9m , n\u00e3o substitutas de profissionais no processo educacional.<\/div>\n<\/div>\n<div class=\"o9v6fnle cxmmr5t8 oygrvhab hcukyx3x c1et5uql ii04i59q\">\n<div dir=\"auto\">\u00c9 humanamente imposs\u00edvel e injusto, as mulheres assumirem tantas responsabilidades simult\u00e2neas, onde quase n\u00e3o sobra tempo para ser m\u00e3e.<\/div>\n<\/div>\n<div class=\"o9v6fnle cxmmr5t8 oygrvhab hcukyx3x c1et5uql ii04i59q\">\n<div dir=\"auto\">Ainda com o comprometimento do exerc\u00edcio profissional que estrutura e \u00e9 suporte para sua vida e de seus familiares .<\/div>\n<\/div>\n<div class=\"o9v6fnle cxmmr5t8 oygrvhab hcukyx3x c1et5uql ii04i59q\">\n<div dir=\"auto\">O desenvolvimento de muitas crian\u00e7as observado neste per\u00edodo, s\u00f3 refor\u00e7a ainda mais a necessidade de aten\u00e7\u00e3o direcionada e de um programa individualizado que aconte\u00e7a de fato.<\/div>\n<\/div>\n<div class=\"o9v6fnle cxmmr5t8 oygrvhab hcukyx3x c1et5uql ii04i59q\">\n<div dir=\"auto\">A impossibilidade de acompanhamento no caso de uma parcela bem ampla de fam\u00edlias a seus filhos e ainda o comprometimento de necessidades b\u00e1sicas de subsist\u00eancia, como alimenta\u00e7\u00e3o, intensifica ainda mais os desafios .<\/div>\n<\/div>\n<div class=\"o9v6fnle cxmmr5t8 oygrvhab hcukyx3x c1et5uql ii04i59q\">\n<div dir=\"auto\">O Estado precisa instrumentalizar as institui\u00e7\u00f5es educacionais de maneira s\u00e9rie, para que possamos ter condi\u00e7\u00f5es de sermos plenos em cada papel social que nos cabe .<\/div>\n<\/div>\n<div dir=\"auto\"><\/div>\n<div dir=\"auto\">#descri\u00e7\u00e3odaimagem<\/div>\n<div dir=\"auto\">Em um fundo vinho e branco, com a foto da autora no centro, o texto: Coluna Inclus\u00e3o AcolheDown. Com Marcia Fortes. Colocando o pingo nos &#8220;is&#8221; ou cada profissional no seu dom\u00ednio.<\/div>\n<div dir=\"auto\"><\/div>\n<div dir=\"auto\"><\/div>\n","protected":false},"excerpt":{"rendered":"<p>Por Marcia Fortes Mulher negra, cabeleireira e m\u00e3e. Se os desafios escolares da inclus\u00e3o no dia a dia da sala de aula regular j\u00e1 eram grandiosos, durante a pandemia eles se intensificaram ainda mais, nos afastando do que consideramos ser uma educa\u00e7\u00e3o justa. Sabemos que a media\u00e7\u00e3o \u00e9 uma das principais ferramentas neste processo, onde [&hellip;]<\/p>\n","protected":false},"author":2,"featured_media":0,"comment_status":"open","ping_status":"open","sticky":false,"template":"","format":"standard","meta":{"site-container-style":"default","site-container-layout":"default","site-sidebar-layout":"default","disable-article-header":"default","disable-site-header":"default","disable-site-footer":"default","disable-content-area-spacing":"default","footnotes":""},"categories":[4],"tags":[],"class_list":["post-32170","post","type-post","status-publish","format-standard","hentry","category-noticias"],"yoast_head":"<!-- This site is optimized with the Yoast SEO plugin v27.4 - https:\/\/yoast.com\/product\/yoast-seo-wordpress\/ -->\n<title>COLUNA INCLUS\u00c3O DO ACOLHE - Colocando o pingo nos &quot;is&quot; ou cada profissional no seu dom\u00ednio -<\/title>\n<meta name=\"robots\" content=\"index, follow, max-snippet:-1, max-image-preview:large, max-video-preview:-1\" \/>\n<link rel=\"canonical\" href=\"https:\/\/inclusivenews.com.br\/?p=32170\" \/>\n<meta property=\"og:locale\" content=\"pt_PT\" \/>\n<meta property=\"og:type\" content=\"article\" \/>\n<meta property=\"og:title\" content=\"COLUNA INCLUS\u00c3O DO ACOLHE - Colocando o pingo nos &quot;is&quot; ou cada profissional no seu dom\u00ednio -\" \/>\n<meta property=\"og:description\" content=\"Por Marcia Fortes Mulher negra, cabeleireira e m\u00e3e. Se os desafios escolares da inclus\u00e3o no dia a dia da sala de aula regular j\u00e1 eram grandiosos, durante a pandemia eles se intensificaram ainda mais, nos afastando do que consideramos ser uma educa\u00e7\u00e3o justa. Sabemos que a media\u00e7\u00e3o \u00e9 uma das principais ferramentas neste processo, onde [&hellip;]\" \/>\n<meta property=\"og:url\" content=\"https:\/\/inclusivenews.com.br\/?p=32170\" \/>\n<meta property=\"article:publisher\" content=\"https:\/\/www.facebook.com\/agenciainclusive\/\" \/>\n<meta property=\"article:published_time\" content=\"2021-05-05T11:33:15+00:00\" \/>\n<meta property=\"og:image\" content=\"https:\/\/scontent.fsdu5-1.fna.fbcdn.net\/v\/t1.6435-9\/179619583_1744570475931877_2667435319083722972_n.jpg?_nc_cat=106&amp;ccb=1-3&amp;_nc_sid=a26aad&amp;_nc_ohc=qVC3iFwoa5wAX_PibQj&amp;_nc_pt=1&amp;_nc_ht=scontent.fsdu5-1.fna&amp;oh=5f2a7f85c91a9ad2bd8db1a00429fb57&amp;oe=60B69C49\" \/>\n<meta name=\"author\" content=\"Inclusive\" \/>\n<meta name=\"twitter:card\" content=\"summary_large_image\" \/>\n<meta name=\"twitter:label1\" content=\"Escrito por\" \/>\n\t<meta name=\"twitter:data1\" content=\"Inclusive\" \/>\n\t<meta name=\"twitter:label2\" content=\"Tempo estimado de leitura\" \/>\n\t<meta name=\"twitter:data2\" content=\"2 minutos\" \/>\n<script type=\"application\/ld+json\" class=\"yoast-schema-graph\">{\"@context\":\"https:\\\/\\\/schema.org\",\"@graph\":[{\"@type\":\"Article\",\"@id\":\"https:\\\/\\\/inclusivenews.com.br\\\/?p=32170#article\",\"isPartOf\":{\"@id\":\"https:\\\/\\\/inclusivenews.com.br\\\/?p=32170\"},\"author\":{\"name\":\"Inclusive\",\"@id\":\"https:\\\/\\\/inclusivenews.com.br\\\/#\\\/schema\\\/person\\\/0dab492019871b94abb65fa8ee7c8c44\"},\"headline\":\"COLUNA INCLUS\u00c3O DO ACOLHE &#8211; Colocando o pingo nos &quot;is&quot; ou cada profissional no seu dom\u00ednio\",\"datePublished\":\"2021-05-05T11:33:15+00:00\",\"mainEntityOfPage\":{\"@id\":\"https:\\\/\\\/inclusivenews.com.br\\\/?p=32170\"},\"wordCount\":359,\"commentCount\":0,\"publisher\":{\"@id\":\"https:\\\/\\\/inclusivenews.com.br\\\/#organization\"},\"image\":{\"@id\":\"https:\\\/\\\/inclusivenews.com.br\\\/?p=32170#primaryimage\"},\"thumbnailUrl\":\"https:\\\/\\\/scontent.fsdu5-1.fna.fbcdn.net\\\/v\\\/t1.6435-9\\\/179619583_1744570475931877_2667435319083722972_n.jpg?_nc_cat=106&amp;ccb=1-3&amp;_nc_sid=a26aad&amp;_nc_ohc=qVC3iFwoa5wAX_PibQj&amp;_nc_pt=1&amp;_nc_ht=scontent.fsdu5-1.fna&amp;oh=5f2a7f85c91a9ad2bd8db1a00429fb57&amp;oe=60B69C49\",\"articleSection\":[\"NOT\u00cdCIAS\"],\"inLanguage\":\"pt-PT\",\"potentialAction\":[{\"@type\":\"CommentAction\",\"name\":\"Comment\",\"target\":[\"https:\\\/\\\/inclusivenews.com.br\\\/?p=32170#respond\"]}]},{\"@type\":\"WebPage\",\"@id\":\"https:\\\/\\\/inclusivenews.com.br\\\/?p=32170\",\"url\":\"https:\\\/\\\/inclusivenews.com.br\\\/?p=32170\",\"name\":\"COLUNA INCLUS\u00c3O DO ACOLHE - Colocando o pingo nos &quot;is&quot; ou cada profissional no seu dom\u00ednio -\",\"isPartOf\":{\"@id\":\"https:\\\/\\\/inclusivenews.com.br\\\/#website\"},\"primaryImageOfPage\":{\"@id\":\"https:\\\/\\\/inclusivenews.com.br\\\/?p=32170#primaryimage\"},\"image\":{\"@id\":\"https:\\\/\\\/inclusivenews.com.br\\\/?p=32170#primaryimage\"},\"thumbnailUrl\":\"https:\\\/\\\/scontent.fsdu5-1.fna.fbcdn.net\\\/v\\\/t1.6435-9\\\/179619583_1744570475931877_2667435319083722972_n.jpg?_nc_cat=106&amp;ccb=1-3&amp;_nc_sid=a26aad&amp;_nc_ohc=qVC3iFwoa5wAX_PibQj&amp;_nc_pt=1&amp;_nc_ht=scontent.fsdu5-1.fna&amp;oh=5f2a7f85c91a9ad2bd8db1a00429fb57&amp;oe=60B69C49\",\"datePublished\":\"2021-05-05T11:33:15+00:00\",\"breadcrumb\":{\"@id\":\"https:\\\/\\\/inclusivenews.com.br\\\/?p=32170#breadcrumb\"},\"inLanguage\":\"pt-PT\",\"potentialAction\":[{\"@type\":\"ReadAction\",\"target\":[\"https:\\\/\\\/inclusivenews.com.br\\\/?p=32170\"]}]},{\"@type\":\"ImageObject\",\"inLanguage\":\"pt-PT\",\"@id\":\"https:\\\/\\\/inclusivenews.com.br\\\/?p=32170#primaryimage\",\"url\":\"https:\\\/\\\/scontent.fsdu5-1.fna.fbcdn.net\\\/v\\\/t1.6435-9\\\/179619583_1744570475931877_2667435319083722972_n.jpg?_nc_cat=106&amp;ccb=1-3&amp;_nc_sid=a26aad&amp;_nc_ohc=qVC3iFwoa5wAX_PibQj&amp;_nc_pt=1&amp;_nc_ht=scontent.fsdu5-1.fna&amp;oh=5f2a7f85c91a9ad2bd8db1a00429fb57&amp;oe=60B69C49\",\"contentUrl\":\"https:\\\/\\\/scontent.fsdu5-1.fna.fbcdn.net\\\/v\\\/t1.6435-9\\\/179619583_1744570475931877_2667435319083722972_n.jpg?_nc_cat=106&amp;ccb=1-3&amp;_nc_sid=a26aad&amp;_nc_ohc=qVC3iFwoa5wAX_PibQj&amp;_nc_pt=1&amp;_nc_ht=scontent.fsdu5-1.fna&amp;oh=5f2a7f85c91a9ad2bd8db1a00429fb57&amp;oe=60B69C49\"},{\"@type\":\"BreadcrumbList\",\"@id\":\"https:\\\/\\\/inclusivenews.com.br\\\/?p=32170#breadcrumb\",\"itemListElement\":[{\"@type\":\"ListItem\",\"position\":1,\"name\":\"In\u00edcio\",\"item\":\"https:\\\/\\\/inclusivenews.com.br\\\/\"},{\"@type\":\"ListItem\",\"position\":2,\"name\":\"COLUNA INCLUS\u00c3O DO ACOLHE &#8211; Colocando o pingo nos &quot;is&quot; ou cada profissional no seu dom\u00ednio\"}]},{\"@type\":\"WebSite\",\"@id\":\"https:\\\/\\\/inclusivenews.com.br\\\/#website\",\"url\":\"https:\\\/\\\/inclusivenews.com.br\\\/\",\"name\":\"Inclusive News\",\"description\":\"Inclusive News\",\"publisher\":{\"@id\":\"https:\\\/\\\/inclusivenews.com.br\\\/#organization\"},\"potentialAction\":[{\"@type\":\"SearchAction\",\"target\":{\"@type\":\"EntryPoint\",\"urlTemplate\":\"https:\\\/\\\/inclusivenews.com.br\\\/?s={search_term_string}\"},\"query-input\":{\"@type\":\"PropertyValueSpecification\",\"valueRequired\":true,\"valueName\":\"search_term_string\"}}],\"inLanguage\":\"pt-PT\"},{\"@type\":\"Organization\",\"@id\":\"https:\\\/\\\/inclusivenews.com.br\\\/#organization\",\"name\":\"Inclusive - inclus\u00e3o e cidadania\",\"url\":\"https:\\\/\\\/inclusivenews.com.br\\\/\",\"logo\":{\"@type\":\"ImageObject\",\"inLanguage\":\"pt-PT\",\"@id\":\"https:\\\/\\\/inclusivenews.com.br\\\/#\\\/schema\\\/logo\\\/image\\\/\",\"url\":\"https:\\\/\\\/inclusivenews.com.br\\\/wp-content\\\/uploads\\\/2024\\\/03\\\/@grandesite.png\",\"contentUrl\":\"https:\\\/\\\/inclusivenews.com.br\\\/wp-content\\\/uploads\\\/2024\\\/03\\\/@grandesite.png\",\"width\":1080,\"height\":1080,\"caption\":\"Inclusive - inclus\u00e3o e cidadania\"},\"image\":{\"@id\":\"https:\\\/\\\/inclusivenews.com.br\\\/#\\\/schema\\\/logo\\\/image\\\/\"},\"sameAs\":[\"https:\\\/\\\/www.facebook.com\\\/agenciainclusive\\\/\",\"https:\\\/\\\/www.instagram.com\\\/newsinclusive\\\/\"]},{\"@type\":\"Person\",\"@id\":\"https:\\\/\\\/inclusivenews.com.br\\\/#\\\/schema\\\/person\\\/0dab492019871b94abb65fa8ee7c8c44\",\"name\":\"Inclusive\",\"image\":{\"@type\":\"ImageObject\",\"inLanguage\":\"pt-PT\",\"@id\":\"https:\\\/\\\/secure.gravatar.com\\\/avatar\\\/?s=96&d=mm&r=g\",\"url\":\"https:\\\/\\\/secure.gravatar.com\\\/avatar\\\/?s=96&d=mm&r=g\",\"contentUrl\":\"https:\\\/\\\/secure.gravatar.com\\\/avatar\\\/?s=96&d=mm&r=g\",\"caption\":\"Inclusive\"},\"url\":\"https:\\\/\\\/inclusivenews.com.br\\\/?author=2\"}]}<\/script>\n<!-- \/ Yoast SEO plugin. -->","yoast_head_json":{"title":"COLUNA INCLUS\u00c3O DO ACOLHE - Colocando o pingo nos &quot;is&quot; ou cada profissional no seu dom\u00ednio -","robots":{"index":"index","follow":"follow","max-snippet":"max-snippet:-1","max-image-preview":"max-image-preview:large","max-video-preview":"max-video-preview:-1"},"canonical":"https:\/\/inclusivenews.com.br\/?p=32170","og_locale":"pt_PT","og_type":"article","og_title":"COLUNA INCLUS\u00c3O DO ACOLHE - Colocando o pingo nos &quot;is&quot; ou cada profissional no seu dom\u00ednio -","og_description":"Por Marcia Fortes Mulher negra, cabeleireira e m\u00e3e. Se os desafios escolares da inclus\u00e3o no dia a dia da sala de aula regular j\u00e1 eram grandiosos, durante a pandemia eles se intensificaram ainda mais, nos afastando do que consideramos ser uma educa\u00e7\u00e3o justa. Sabemos que a media\u00e7\u00e3o \u00e9 uma das principais ferramentas neste processo, onde [&hellip;]","og_url":"https:\/\/inclusivenews.com.br\/?p=32170","article_publisher":"https:\/\/www.facebook.com\/agenciainclusive\/","article_published_time":"2021-05-05T11:33:15+00:00","og_image":[{"url":"https:\/\/scontent.fsdu5-1.fna.fbcdn.net\/v\/t1.6435-9\/179619583_1744570475931877_2667435319083722972_n.jpg?_nc_cat=106&amp;ccb=1-3&amp;_nc_sid=a26aad&amp;_nc_ohc=qVC3iFwoa5wAX_PibQj&amp;_nc_pt=1&amp;_nc_ht=scontent.fsdu5-1.fna&amp;oh=5f2a7f85c91a9ad2bd8db1a00429fb57&amp;oe=60B69C49","type":"","width":"","height":""}],"author":"Inclusive","twitter_card":"summary_large_image","twitter_misc":{"Escrito por":"Inclusive","Tempo estimado de leitura":"2 minutos"},"schema":{"@context":"https:\/\/schema.org","@graph":[{"@type":"Article","@id":"https:\/\/inclusivenews.com.br\/?p=32170#article","isPartOf":{"@id":"https:\/\/inclusivenews.com.br\/?p=32170"},"author":{"name":"Inclusive","@id":"https:\/\/inclusivenews.com.br\/#\/schema\/person\/0dab492019871b94abb65fa8ee7c8c44"},"headline":"COLUNA INCLUS\u00c3O DO ACOLHE &#8211; Colocando o pingo nos &quot;is&quot; ou cada profissional no seu dom\u00ednio","datePublished":"2021-05-05T11:33:15+00:00","mainEntityOfPage":{"@id":"https:\/\/inclusivenews.com.br\/?p=32170"},"wordCount":359,"commentCount":0,"publisher":{"@id":"https:\/\/inclusivenews.com.br\/#organization"},"image":{"@id":"https:\/\/inclusivenews.com.br\/?p=32170#primaryimage"},"thumbnailUrl":"https:\/\/scontent.fsdu5-1.fna.fbcdn.net\/v\/t1.6435-9\/179619583_1744570475931877_2667435319083722972_n.jpg?_nc_cat=106&amp;ccb=1-3&amp;_nc_sid=a26aad&amp;_nc_ohc=qVC3iFwoa5wAX_PibQj&amp;_nc_pt=1&amp;_nc_ht=scontent.fsdu5-1.fna&amp;oh=5f2a7f85c91a9ad2bd8db1a00429fb57&amp;oe=60B69C49","articleSection":["NOT\u00cdCIAS"],"inLanguage":"pt-PT","potentialAction":[{"@type":"CommentAction","name":"Comment","target":["https:\/\/inclusivenews.com.br\/?p=32170#respond"]}]},{"@type":"WebPage","@id":"https:\/\/inclusivenews.com.br\/?p=32170","url":"https:\/\/inclusivenews.com.br\/?p=32170","name":"COLUNA INCLUS\u00c3O DO ACOLHE - Colocando o pingo nos &quot;is&quot; ou cada profissional no seu dom\u00ednio -","isPartOf":{"@id":"https:\/\/inclusivenews.com.br\/#website"},"primaryImageOfPage":{"@id":"https:\/\/inclusivenews.com.br\/?p=32170#primaryimage"},"image":{"@id":"https:\/\/inclusivenews.com.br\/?p=32170#primaryimage"},"thumbnailUrl":"https:\/\/scontent.fsdu5-1.fna.fbcdn.net\/v\/t1.6435-9\/179619583_1744570475931877_2667435319083722972_n.jpg?_nc_cat=106&amp;ccb=1-3&amp;_nc_sid=a26aad&amp;_nc_ohc=qVC3iFwoa5wAX_PibQj&amp;_nc_pt=1&amp;_nc_ht=scontent.fsdu5-1.fna&amp;oh=5f2a7f85c91a9ad2bd8db1a00429fb57&amp;oe=60B69C49","datePublished":"2021-05-05T11:33:15+00:00","breadcrumb":{"@id":"https:\/\/inclusivenews.com.br\/?p=32170#breadcrumb"},"inLanguage":"pt-PT","potentialAction":[{"@type":"ReadAction","target":["https:\/\/inclusivenews.com.br\/?p=32170"]}]},{"@type":"ImageObject","inLanguage":"pt-PT","@id":"https:\/\/inclusivenews.com.br\/?p=32170#primaryimage","url":"https:\/\/scontent.fsdu5-1.fna.fbcdn.net\/v\/t1.6435-9\/179619583_1744570475931877_2667435319083722972_n.jpg?_nc_cat=106&amp;ccb=1-3&amp;_nc_sid=a26aad&amp;_nc_ohc=qVC3iFwoa5wAX_PibQj&amp;_nc_pt=1&amp;_nc_ht=scontent.fsdu5-1.fna&amp;oh=5f2a7f85c91a9ad2bd8db1a00429fb57&amp;oe=60B69C49","contentUrl":"https:\/\/scontent.fsdu5-1.fna.fbcdn.net\/v\/t1.6435-9\/179619583_1744570475931877_2667435319083722972_n.jpg?_nc_cat=106&amp;ccb=1-3&amp;_nc_sid=a26aad&amp;_nc_ohc=qVC3iFwoa5wAX_PibQj&amp;_nc_pt=1&amp;_nc_ht=scontent.fsdu5-1.fna&amp;oh=5f2a7f85c91a9ad2bd8db1a00429fb57&amp;oe=60B69C49"},{"@type":"BreadcrumbList","@id":"https:\/\/inclusivenews.com.br\/?p=32170#breadcrumb","itemListElement":[{"@type":"ListItem","position":1,"name":"In\u00edcio","item":"https:\/\/inclusivenews.com.br\/"},{"@type":"ListItem","position":2,"name":"COLUNA INCLUS\u00c3O DO ACOLHE &#8211; Colocando o pingo nos &quot;is&quot; ou cada profissional no seu dom\u00ednio"}]},{"@type":"WebSite","@id":"https:\/\/inclusivenews.com.br\/#website","url":"https:\/\/inclusivenews.com.br\/","name":"Inclusive News","description":"Inclusive News","publisher":{"@id":"https:\/\/inclusivenews.com.br\/#organization"},"potentialAction":[{"@type":"SearchAction","target":{"@type":"EntryPoint","urlTemplate":"https:\/\/inclusivenews.com.br\/?s={search_term_string}"},"query-input":{"@type":"PropertyValueSpecification","valueRequired":true,"valueName":"search_term_string"}}],"inLanguage":"pt-PT"},{"@type":"Organization","@id":"https:\/\/inclusivenews.com.br\/#organization","name":"Inclusive - inclus\u00e3o e cidadania","url":"https:\/\/inclusivenews.com.br\/","logo":{"@type":"ImageObject","inLanguage":"pt-PT","@id":"https:\/\/inclusivenews.com.br\/#\/schema\/logo\/image\/","url":"https:\/\/inclusivenews.com.br\/wp-content\/uploads\/2024\/03\/@grandesite.png","contentUrl":"https:\/\/inclusivenews.com.br\/wp-content\/uploads\/2024\/03\/@grandesite.png","width":1080,"height":1080,"caption":"Inclusive - inclus\u00e3o e cidadania"},"image":{"@id":"https:\/\/inclusivenews.com.br\/#\/schema\/logo\/image\/"},"sameAs":["https:\/\/www.facebook.com\/agenciainclusive\/","https:\/\/www.instagram.com\/newsinclusive\/"]},{"@type":"Person","@id":"https:\/\/inclusivenews.com.br\/#\/schema\/person\/0dab492019871b94abb65fa8ee7c8c44","name":"Inclusive","image":{"@type":"ImageObject","inLanguage":"pt-PT","@id":"https:\/\/secure.gravatar.com\/avatar\/?s=96&d=mm&r=g","url":"https:\/\/secure.gravatar.com\/avatar\/?s=96&d=mm&r=g","contentUrl":"https:\/\/secure.gravatar.com\/avatar\/?s=96&d=mm&r=g","caption":"Inclusive"},"url":"https:\/\/inclusivenews.com.br\/?author=2"}]}},"_links":{"self":[{"href":"https:\/\/inclusivenews.com.br\/index.php?rest_route=\/wp\/v2\/posts\/32170","targetHints":{"allow":["GET"]}}],"collection":[{"href":"https:\/\/inclusivenews.com.br\/index.php?rest_route=\/wp\/v2\/posts"}],"about":[{"href":"https:\/\/inclusivenews.com.br\/index.php?rest_route=\/wp\/v2\/types\/post"}],"author":[{"embeddable":true,"href":"https:\/\/inclusivenews.com.br\/index.php?rest_route=\/wp\/v2\/users\/2"}],"replies":[{"embeddable":true,"href":"https:\/\/inclusivenews.com.br\/index.php?rest_route=%2Fwp%2Fv2%2Fcomments&post=32170"}],"version-history":[{"count":0,"href":"https:\/\/inclusivenews.com.br\/index.php?rest_route=\/wp\/v2\/posts\/32170\/revisions"}],"wp:attachment":[{"href":"https:\/\/inclusivenews.com.br\/index.php?rest_route=%2Fwp%2Fv2%2Fmedia&parent=32170"}],"wp:term":[{"taxonomy":"category","embeddable":true,"href":"https:\/\/inclusivenews.com.br\/index.php?rest_route=%2Fwp%2Fv2%2Fcategories&post=32170"},{"taxonomy":"post_tag","embeddable":true,"href":"https:\/\/inclusivenews.com.br\/index.php?rest_route=%2Fwp%2Fv2%2Ftags&post=32170"}],"curies":[{"name":"wp","href":"https:\/\/api.w.org\/{rel}","templated":true}]}}