{"id":32172,"date":"2021-05-05T08:35:29","date_gmt":"2021-05-05T11:35:29","guid":{"rendered":"http:\/\/www.inclusive.org.br\/?p=32172"},"modified":"2021-05-05T08:35:29","modified_gmt":"2021-05-05T11:35:29","slug":"coluna-inclusao-do-acolhe-pl-5-5952020-e-a-educacao-como-servico-essencial-sera-esse-mesmo-o-caminho","status":"publish","type":"post","link":"https:\/\/inclusivenews.com.br\/?p=32172","title":{"rendered":"COLUNA INCLUS\u00c3O DO ACOLHE &#8211; PL 5.595\/2020 e a educa\u00e7\u00e3o como servi\u00e7o essencial. Ser\u00e1 esse mesmo o caminho?"},"content":{"rendered":"<p><img decoding=\"async\" src=\"https:\/\/scontent.fsdu5-1.fna.fbcdn.net\/v\/t1.6435-9\/180028145_1746124982443093_2625819379728491599_n.jpg?_nc_cat=107&amp;ccb=1-3&amp;_nc_sid=a26aad&amp;_nc_ohc=Ek_5I5oObqUAX8lOfNY&amp;_nc_pt=1&amp;_nc_ht=scontent.fsdu5-1.fna&amp;oh=9df944dd00adf0a7a127a379158eba8b&amp;oe=60B8A582\" alt=\"Pode ser uma imagem de 1 pessoa, em p\u00e9 e texto que diz &quot;COLUNA INCLUS\u00c3O Acolhe Down COM BIANCA RAMOS O PL 5595\/20E A EDUCA\u00c7\u00c3O COMO SERVI\u00c7O ESSENCIAL. SER\u00c1 ESSE MESMO o CAMINHO?&quot;\" \/><\/p>\n<p>PL 5.595\/2020 e a educa\u00e7\u00e3o como servi\u00e7o essencial. Ser\u00e1 esse mesmo o caminho?<br \/>\nPor Bianca Ramos<br \/>\nGestora, especialista em pol\u00edticas p\u00fablicas e irm\u00e3 da Karol.<\/p>\n<p>Nesta semana celebramos a vacina recebida pela Karol e o retorno do Murilo \u00e0 escola. Em meio a isso tramita no congresso o PL 5.595\/2020.<br \/>\nO PL reconhece \u201ca educa\u00e7\u00e3o b\u00e1sica e a educa\u00e7\u00e3o superior, em formato presencial, como servi\u00e7os e atividades essenciais e estabelece diretrizes para o retorno seguro \u00e0s aulas presenciais\u201d. Para fam\u00edlias angustiadas com seus filhos todo esse tempo em casa, com dificuldade para apoi\u00e1-los, para mant\u00ea-los seguros, se arriscando para dar conta do trabalho e manter a renda, a proposta pode parecer uma resposta e uma obviedade.<br \/>\nEssa discuss\u00e3o vem mobilizando organiza\u00e7\u00f5es e profissionais, mas muito pouco chega \u00e0s fam\u00edlias. Esse \u00e9 o convite que gostaria de fazer aqui, compartilhando algumas quest\u00f5es:<br \/>\n1. O que motiva o PL depois de 13 meses de pandemia e considerando o cen\u00e1rio atual?<br \/>\n2. O que significa na pr\u00e1tica declarar que a educa\u00e7\u00e3o \u00e9 um servi\u00e7o essencial?<br \/>\n3. O retrato das escolas municipais, redes que atendem a maior parte dos estudantes entre 4 e 15 anos, e que devem incluir estudantes com defici\u00eancia, segundo o censo escolar de 2020, \u00e9: \u201capenas 16,2% contam com parques infantis, 64,7% com p\u00e1tio e 31,4% possuem quadras de esporte, s\u00f3 65% possu\u00edam \u00e1gua encanada, 18% funcionavam com \u00e1gua proveniente de po\u00e7os artesianos, 13% de cacimba, 6% de rio e 3% n\u00e3o tinham acesso \u00e0 \u00e1gua.\u201d<br \/>\n4. Deve haver uma \u00fanica solu\u00e7\u00e3o e resposta que diga como devem ser organizadas as condi\u00e7\u00f5es e como deve ser a oferta? Ela deve ser sempre essencialmente presencial?<br \/>\nPor aqui apenas depois da Karol e dos av\u00f3s vacinados, dos profissionais da educa\u00e7\u00e3o da nossa cidade entrarem em vacina\u00e7\u00e3o, e de encontrar uma escola que nos apresentou um desenho que indica minimamente o cuidado com a equipe e a comunidade escolar, nos sentimos um pouco mais confort\u00e1veis para pensar o retorno do Murilo, e avaliar o caminho para o retorno da Karol, mas tudo ainda com muita observa\u00e7\u00e3o e reflex\u00e3o.<br \/>\nTornar a educa\u00e7\u00e3o servi\u00e7o essencial garante esse caminho para todas as fam\u00edlias?<\/p>\n<p><a class=\"oajrlxb2 g5ia77u1 qu0x051f esr5mh6w e9989ue4 r7d6kgcz rq0escxv nhd2j8a9 nc684nl6 p7hjln8o kvgmc6g5 cxmmr5t8 oygrvhab hcukyx3x jb3vyjys rz4wbd8a qt6c0cv9 a8nywdso i1ao9s8h esuyzwwr f1sip0of lzcic4wl oo9gr5id gpro0wi8 lrazzd5p\" tabindex=\"0\" href=\"https:\/\/www.facebook.com\/hashtag\/descri%C3%A7%C3%A3odaimagem?__eep__=6&amp;__cft__[0]=AZW8t2UYReZmvNLLJpsIFPBwZODsaVMw65y66a7T66EKGLyiqMCj-yqsk7GaGMzeHgnzjyIfIpqS46htQaaEnW-3smU6u7L0fo9S6KpAo5GHsprIYy4GCjmDzn4bfz2sdFlF2QAHSU-nIcvPG8RXST3V&amp;__tn__=*NK*F\">#descri\u00e7\u00e3odaimagem<\/a><br \/>\nEm um fundo mostarda e branco, com a foto da autora, e o texto: Coluna Inclus\u00e3o AcolheDown. PL 5.595\/2020 e a educa\u00e7\u00e3o como servi\u00e7o essencial. Ser\u00e1 esse mesmo o caminho?<\/p>\n<div class=\"oajrlxb2 g5ia77u1 qu0x051f esr5mh6w e9989ue4 r7d6kgcz rq0escxv nhd2j8a9 nc684nl6 p7hjln8o kvgmc6g5 cxmmr5t8 oygrvhab hcukyx3x jb3vyjys rz4wbd8a qt6c0cv9 a8nywdso i1ao9s8h esuyzwwr f1sip0of lzcic4wl oo9gr5id gpro0wi8 lrazzd5p\" tabindex=\"0\"><\/div>\n","protected":false},"excerpt":{"rendered":"<p>PL 5.595\/2020 e a educa\u00e7\u00e3o como servi\u00e7o essencial. Ser\u00e1 esse mesmo o caminho? Por Bianca Ramos Gestora, especialista em pol\u00edticas p\u00fablicas e irm\u00e3 da Karol. Nesta semana celebramos a vacina recebida pela Karol e o retorno do Murilo \u00e0 escola. Em meio a isso tramita no congresso o PL 5.595\/2020. O PL reconhece \u201ca educa\u00e7\u00e3o [&hellip;]<\/p>\n","protected":false},"author":2,"featured_media":0,"comment_status":"open","ping_status":"open","sticky":false,"template":"","format":"standard","meta":{"site-container-style":"default","site-container-layout":"default","site-sidebar-layout":"default","disable-article-header":"default","disable-site-header":"default","disable-site-footer":"default","disable-content-area-spacing":"default","footnotes":""},"categories":[4],"tags":[],"class_list":["post-32172","post","type-post","status-publish","format-standard","hentry","category-noticias"],"yoast_head":"<!-- This site is optimized with the Yoast SEO plugin v27.4 - https:\/\/yoast.com\/product\/yoast-seo-wordpress\/ -->\n<title>COLUNA INCLUS\u00c3O DO ACOLHE - PL 5.595\/2020 e a educa\u00e7\u00e3o como servi\u00e7o essencial. Ser\u00e1 esse mesmo o caminho? -<\/title>\n<meta name=\"robots\" content=\"index, follow, max-snippet:-1, max-image-preview:large, max-video-preview:-1\" \/>\n<link rel=\"canonical\" href=\"https:\/\/inclusivenews.com.br\/?p=32172\" \/>\n<meta property=\"og:locale\" content=\"pt_PT\" \/>\n<meta property=\"og:type\" content=\"article\" \/>\n<meta property=\"og:title\" content=\"COLUNA INCLUS\u00c3O DO ACOLHE - PL 5.595\/2020 e a educa\u00e7\u00e3o como servi\u00e7o essencial. Ser\u00e1 esse mesmo o caminho? -\" \/>\n<meta property=\"og:description\" content=\"PL 5.595\/2020 e a educa\u00e7\u00e3o como servi\u00e7o essencial. Ser\u00e1 esse mesmo o caminho? Por Bianca Ramos Gestora, especialista em pol\u00edticas p\u00fablicas e irm\u00e3 da Karol. Nesta semana celebramos a vacina recebida pela Karol e o retorno do Murilo \u00e0 escola. Em meio a isso tramita no congresso o PL 5.595\/2020. O PL reconhece \u201ca educa\u00e7\u00e3o [&hellip;]\" \/>\n<meta property=\"og:url\" content=\"https:\/\/inclusivenews.com.br\/?p=32172\" \/>\n<meta property=\"article:publisher\" content=\"https:\/\/www.facebook.com\/agenciainclusive\/\" \/>\n<meta property=\"article:published_time\" content=\"2021-05-05T11:35:29+00:00\" \/>\n<meta property=\"og:image\" content=\"https:\/\/scontent.fsdu5-1.fna.fbcdn.net\/v\/t1.6435-9\/180028145_1746124982443093_2625819379728491599_n.jpg?_nc_cat=107&amp;ccb=1-3&amp;_nc_sid=a26aad&amp;_nc_ohc=Ek_5I5oObqUAX8lOfNY&amp;_nc_pt=1&amp;_nc_ht=scontent.fsdu5-1.fna&amp;oh=9df944dd00adf0a7a127a379158eba8b&amp;oe=60B8A582\" \/>\n<meta name=\"author\" content=\"Inclusive\" \/>\n<meta name=\"twitter:card\" content=\"summary_large_image\" \/>\n<meta name=\"twitter:label1\" content=\"Escrito por\" \/>\n\t<meta name=\"twitter:data1\" content=\"Inclusive\" \/>\n\t<meta name=\"twitter:label2\" content=\"Tempo estimado de leitura\" \/>\n\t<meta name=\"twitter:data2\" content=\"2 minutos\" \/>\n<script type=\"application\/ld+json\" class=\"yoast-schema-graph\">{\"@context\":\"https:\\\/\\\/schema.org\",\"@graph\":[{\"@type\":\"Article\",\"@id\":\"https:\\\/\\\/inclusivenews.com.br\\\/?p=32172#article\",\"isPartOf\":{\"@id\":\"https:\\\/\\\/inclusivenews.com.br\\\/?p=32172\"},\"author\":{\"name\":\"Inclusive\",\"@id\":\"https:\\\/\\\/inclusivenews.com.br\\\/#\\\/schema\\\/person\\\/0dab492019871b94abb65fa8ee7c8c44\"},\"headline\":\"COLUNA INCLUS\u00c3O DO ACOLHE &#8211; PL 5.595\\\/2020 e a educa\u00e7\u00e3o como servi\u00e7o essencial. Ser\u00e1 esse mesmo o caminho?\",\"datePublished\":\"2021-05-05T11:35:29+00:00\",\"mainEntityOfPage\":{\"@id\":\"https:\\\/\\\/inclusivenews.com.br\\\/?p=32172\"},\"wordCount\":423,\"commentCount\":0,\"publisher\":{\"@id\":\"https:\\\/\\\/inclusivenews.com.br\\\/#organization\"},\"image\":{\"@id\":\"https:\\\/\\\/inclusivenews.com.br\\\/?p=32172#primaryimage\"},\"thumbnailUrl\":\"https:\\\/\\\/scontent.fsdu5-1.fna.fbcdn.net\\\/v\\\/t1.6435-9\\\/180028145_1746124982443093_2625819379728491599_n.jpg?_nc_cat=107&amp;ccb=1-3&amp;_nc_sid=a26aad&amp;_nc_ohc=Ek_5I5oObqUAX8lOfNY&amp;_nc_pt=1&amp;_nc_ht=scontent.fsdu5-1.fna&amp;oh=9df944dd00adf0a7a127a379158eba8b&amp;oe=60B8A582\",\"articleSection\":[\"NOT\u00cdCIAS\"],\"inLanguage\":\"pt-PT\",\"potentialAction\":[{\"@type\":\"CommentAction\",\"name\":\"Comment\",\"target\":[\"https:\\\/\\\/inclusivenews.com.br\\\/?p=32172#respond\"]}]},{\"@type\":\"WebPage\",\"@id\":\"https:\\\/\\\/inclusivenews.com.br\\\/?p=32172\",\"url\":\"https:\\\/\\\/inclusivenews.com.br\\\/?p=32172\",\"name\":\"COLUNA INCLUS\u00c3O DO ACOLHE - PL 5.595\\\/2020 e a educa\u00e7\u00e3o como servi\u00e7o essencial. Ser\u00e1 esse mesmo o caminho? -\",\"isPartOf\":{\"@id\":\"https:\\\/\\\/inclusivenews.com.br\\\/#website\"},\"primaryImageOfPage\":{\"@id\":\"https:\\\/\\\/inclusivenews.com.br\\\/?p=32172#primaryimage\"},\"image\":{\"@id\":\"https:\\\/\\\/inclusivenews.com.br\\\/?p=32172#primaryimage\"},\"thumbnailUrl\":\"https:\\\/\\\/scontent.fsdu5-1.fna.fbcdn.net\\\/v\\\/t1.6435-9\\\/180028145_1746124982443093_2625819379728491599_n.jpg?_nc_cat=107&amp;ccb=1-3&amp;_nc_sid=a26aad&amp;_nc_ohc=Ek_5I5oObqUAX8lOfNY&amp;_nc_pt=1&amp;_nc_ht=scontent.fsdu5-1.fna&amp;oh=9df944dd00adf0a7a127a379158eba8b&amp;oe=60B8A582\",\"datePublished\":\"2021-05-05T11:35:29+00:00\",\"breadcrumb\":{\"@id\":\"https:\\\/\\\/inclusivenews.com.br\\\/?p=32172#breadcrumb\"},\"inLanguage\":\"pt-PT\",\"potentialAction\":[{\"@type\":\"ReadAction\",\"target\":[\"https:\\\/\\\/inclusivenews.com.br\\\/?p=32172\"]}]},{\"@type\":\"ImageObject\",\"inLanguage\":\"pt-PT\",\"@id\":\"https:\\\/\\\/inclusivenews.com.br\\\/?p=32172#primaryimage\",\"url\":\"https:\\\/\\\/scontent.fsdu5-1.fna.fbcdn.net\\\/v\\\/t1.6435-9\\\/180028145_1746124982443093_2625819379728491599_n.jpg?_nc_cat=107&amp;ccb=1-3&amp;_nc_sid=a26aad&amp;_nc_ohc=Ek_5I5oObqUAX8lOfNY&amp;_nc_pt=1&amp;_nc_ht=scontent.fsdu5-1.fna&amp;oh=9df944dd00adf0a7a127a379158eba8b&amp;oe=60B8A582\",\"contentUrl\":\"https:\\\/\\\/scontent.fsdu5-1.fna.fbcdn.net\\\/v\\\/t1.6435-9\\\/180028145_1746124982443093_2625819379728491599_n.jpg?_nc_cat=107&amp;ccb=1-3&amp;_nc_sid=a26aad&amp;_nc_ohc=Ek_5I5oObqUAX8lOfNY&amp;_nc_pt=1&amp;_nc_ht=scontent.fsdu5-1.fna&amp;oh=9df944dd00adf0a7a127a379158eba8b&amp;oe=60B8A582\"},{\"@type\":\"BreadcrumbList\",\"@id\":\"https:\\\/\\\/inclusivenews.com.br\\\/?p=32172#breadcrumb\",\"itemListElement\":[{\"@type\":\"ListItem\",\"position\":1,\"name\":\"In\u00edcio\",\"item\":\"https:\\\/\\\/inclusivenews.com.br\\\/\"},{\"@type\":\"ListItem\",\"position\":2,\"name\":\"COLUNA INCLUS\u00c3O DO ACOLHE &#8211; PL 5.595\\\/2020 e a educa\u00e7\u00e3o como servi\u00e7o essencial. Ser\u00e1 esse mesmo o caminho?\"}]},{\"@type\":\"WebSite\",\"@id\":\"https:\\\/\\\/inclusivenews.com.br\\\/#website\",\"url\":\"https:\\\/\\\/inclusivenews.com.br\\\/\",\"name\":\"Inclusive News\",\"description\":\"Inclusive News\",\"publisher\":{\"@id\":\"https:\\\/\\\/inclusivenews.com.br\\\/#organization\"},\"potentialAction\":[{\"@type\":\"SearchAction\",\"target\":{\"@type\":\"EntryPoint\",\"urlTemplate\":\"https:\\\/\\\/inclusivenews.com.br\\\/?s={search_term_string}\"},\"query-input\":{\"@type\":\"PropertyValueSpecification\",\"valueRequired\":true,\"valueName\":\"search_term_string\"}}],\"inLanguage\":\"pt-PT\"},{\"@type\":\"Organization\",\"@id\":\"https:\\\/\\\/inclusivenews.com.br\\\/#organization\",\"name\":\"Inclusive - inclus\u00e3o e cidadania\",\"url\":\"https:\\\/\\\/inclusivenews.com.br\\\/\",\"logo\":{\"@type\":\"ImageObject\",\"inLanguage\":\"pt-PT\",\"@id\":\"https:\\\/\\\/inclusivenews.com.br\\\/#\\\/schema\\\/logo\\\/image\\\/\",\"url\":\"https:\\\/\\\/inclusivenews.com.br\\\/wp-content\\\/uploads\\\/2024\\\/03\\\/@grandesite.png\",\"contentUrl\":\"https:\\\/\\\/inclusivenews.com.br\\\/wp-content\\\/uploads\\\/2024\\\/03\\\/@grandesite.png\",\"width\":1080,\"height\":1080,\"caption\":\"Inclusive - inclus\u00e3o e cidadania\"},\"image\":{\"@id\":\"https:\\\/\\\/inclusivenews.com.br\\\/#\\\/schema\\\/logo\\\/image\\\/\"},\"sameAs\":[\"https:\\\/\\\/www.facebook.com\\\/agenciainclusive\\\/\",\"https:\\\/\\\/www.instagram.com\\\/newsinclusive\\\/\"]},{\"@type\":\"Person\",\"@id\":\"https:\\\/\\\/inclusivenews.com.br\\\/#\\\/schema\\\/person\\\/0dab492019871b94abb65fa8ee7c8c44\",\"name\":\"Inclusive\",\"image\":{\"@type\":\"ImageObject\",\"inLanguage\":\"pt-PT\",\"@id\":\"https:\\\/\\\/secure.gravatar.com\\\/avatar\\\/?s=96&d=mm&r=g\",\"url\":\"https:\\\/\\\/secure.gravatar.com\\\/avatar\\\/?s=96&d=mm&r=g\",\"contentUrl\":\"https:\\\/\\\/secure.gravatar.com\\\/avatar\\\/?s=96&d=mm&r=g\",\"caption\":\"Inclusive\"},\"url\":\"https:\\\/\\\/inclusivenews.com.br\\\/?author=2\"}]}<\/script>\n<!-- \/ Yoast SEO plugin. -->","yoast_head_json":{"title":"COLUNA INCLUS\u00c3O DO ACOLHE - PL 5.595\/2020 e a educa\u00e7\u00e3o como servi\u00e7o essencial. Ser\u00e1 esse mesmo o caminho? -","robots":{"index":"index","follow":"follow","max-snippet":"max-snippet:-1","max-image-preview":"max-image-preview:large","max-video-preview":"max-video-preview:-1"},"canonical":"https:\/\/inclusivenews.com.br\/?p=32172","og_locale":"pt_PT","og_type":"article","og_title":"COLUNA INCLUS\u00c3O DO ACOLHE - PL 5.595\/2020 e a educa\u00e7\u00e3o como servi\u00e7o essencial. Ser\u00e1 esse mesmo o caminho? -","og_description":"PL 5.595\/2020 e a educa\u00e7\u00e3o como servi\u00e7o essencial. Ser\u00e1 esse mesmo o caminho? Por Bianca Ramos Gestora, especialista em pol\u00edticas p\u00fablicas e irm\u00e3 da Karol. Nesta semana celebramos a vacina recebida pela Karol e o retorno do Murilo \u00e0 escola. Em meio a isso tramita no congresso o PL 5.595\/2020. O PL reconhece \u201ca educa\u00e7\u00e3o [&hellip;]","og_url":"https:\/\/inclusivenews.com.br\/?p=32172","article_publisher":"https:\/\/www.facebook.com\/agenciainclusive\/","article_published_time":"2021-05-05T11:35:29+00:00","og_image":[{"url":"https:\/\/scontent.fsdu5-1.fna.fbcdn.net\/v\/t1.6435-9\/180028145_1746124982443093_2625819379728491599_n.jpg?_nc_cat=107&amp;ccb=1-3&amp;_nc_sid=a26aad&amp;_nc_ohc=Ek_5I5oObqUAX8lOfNY&amp;_nc_pt=1&amp;_nc_ht=scontent.fsdu5-1.fna&amp;oh=9df944dd00adf0a7a127a379158eba8b&amp;oe=60B8A582","type":"","width":"","height":""}],"author":"Inclusive","twitter_card":"summary_large_image","twitter_misc":{"Escrito por":"Inclusive","Tempo estimado de leitura":"2 minutos"},"schema":{"@context":"https:\/\/schema.org","@graph":[{"@type":"Article","@id":"https:\/\/inclusivenews.com.br\/?p=32172#article","isPartOf":{"@id":"https:\/\/inclusivenews.com.br\/?p=32172"},"author":{"name":"Inclusive","@id":"https:\/\/inclusivenews.com.br\/#\/schema\/person\/0dab492019871b94abb65fa8ee7c8c44"},"headline":"COLUNA INCLUS\u00c3O DO ACOLHE &#8211; PL 5.595\/2020 e a educa\u00e7\u00e3o como servi\u00e7o essencial. Ser\u00e1 esse mesmo o caminho?","datePublished":"2021-05-05T11:35:29+00:00","mainEntityOfPage":{"@id":"https:\/\/inclusivenews.com.br\/?p=32172"},"wordCount":423,"commentCount":0,"publisher":{"@id":"https:\/\/inclusivenews.com.br\/#organization"},"image":{"@id":"https:\/\/inclusivenews.com.br\/?p=32172#primaryimage"},"thumbnailUrl":"https:\/\/scontent.fsdu5-1.fna.fbcdn.net\/v\/t1.6435-9\/180028145_1746124982443093_2625819379728491599_n.jpg?_nc_cat=107&amp;ccb=1-3&amp;_nc_sid=a26aad&amp;_nc_ohc=Ek_5I5oObqUAX8lOfNY&amp;_nc_pt=1&amp;_nc_ht=scontent.fsdu5-1.fna&amp;oh=9df944dd00adf0a7a127a379158eba8b&amp;oe=60B8A582","articleSection":["NOT\u00cdCIAS"],"inLanguage":"pt-PT","potentialAction":[{"@type":"CommentAction","name":"Comment","target":["https:\/\/inclusivenews.com.br\/?p=32172#respond"]}]},{"@type":"WebPage","@id":"https:\/\/inclusivenews.com.br\/?p=32172","url":"https:\/\/inclusivenews.com.br\/?p=32172","name":"COLUNA INCLUS\u00c3O DO ACOLHE - PL 5.595\/2020 e a educa\u00e7\u00e3o como servi\u00e7o essencial. Ser\u00e1 esse mesmo o caminho? -","isPartOf":{"@id":"https:\/\/inclusivenews.com.br\/#website"},"primaryImageOfPage":{"@id":"https:\/\/inclusivenews.com.br\/?p=32172#primaryimage"},"image":{"@id":"https:\/\/inclusivenews.com.br\/?p=32172#primaryimage"},"thumbnailUrl":"https:\/\/scontent.fsdu5-1.fna.fbcdn.net\/v\/t1.6435-9\/180028145_1746124982443093_2625819379728491599_n.jpg?_nc_cat=107&amp;ccb=1-3&amp;_nc_sid=a26aad&amp;_nc_ohc=Ek_5I5oObqUAX8lOfNY&amp;_nc_pt=1&amp;_nc_ht=scontent.fsdu5-1.fna&amp;oh=9df944dd00adf0a7a127a379158eba8b&amp;oe=60B8A582","datePublished":"2021-05-05T11:35:29+00:00","breadcrumb":{"@id":"https:\/\/inclusivenews.com.br\/?p=32172#breadcrumb"},"inLanguage":"pt-PT","potentialAction":[{"@type":"ReadAction","target":["https:\/\/inclusivenews.com.br\/?p=32172"]}]},{"@type":"ImageObject","inLanguage":"pt-PT","@id":"https:\/\/inclusivenews.com.br\/?p=32172#primaryimage","url":"https:\/\/scontent.fsdu5-1.fna.fbcdn.net\/v\/t1.6435-9\/180028145_1746124982443093_2625819379728491599_n.jpg?_nc_cat=107&amp;ccb=1-3&amp;_nc_sid=a26aad&amp;_nc_ohc=Ek_5I5oObqUAX8lOfNY&amp;_nc_pt=1&amp;_nc_ht=scontent.fsdu5-1.fna&amp;oh=9df944dd00adf0a7a127a379158eba8b&amp;oe=60B8A582","contentUrl":"https:\/\/scontent.fsdu5-1.fna.fbcdn.net\/v\/t1.6435-9\/180028145_1746124982443093_2625819379728491599_n.jpg?_nc_cat=107&amp;ccb=1-3&amp;_nc_sid=a26aad&amp;_nc_ohc=Ek_5I5oObqUAX8lOfNY&amp;_nc_pt=1&amp;_nc_ht=scontent.fsdu5-1.fna&amp;oh=9df944dd00adf0a7a127a379158eba8b&amp;oe=60B8A582"},{"@type":"BreadcrumbList","@id":"https:\/\/inclusivenews.com.br\/?p=32172#breadcrumb","itemListElement":[{"@type":"ListItem","position":1,"name":"In\u00edcio","item":"https:\/\/inclusivenews.com.br\/"},{"@type":"ListItem","position":2,"name":"COLUNA INCLUS\u00c3O DO ACOLHE &#8211; PL 5.595\/2020 e a educa\u00e7\u00e3o como servi\u00e7o essencial. Ser\u00e1 esse mesmo o caminho?"}]},{"@type":"WebSite","@id":"https:\/\/inclusivenews.com.br\/#website","url":"https:\/\/inclusivenews.com.br\/","name":"Inclusive News","description":"Inclusive News","publisher":{"@id":"https:\/\/inclusivenews.com.br\/#organization"},"potentialAction":[{"@type":"SearchAction","target":{"@type":"EntryPoint","urlTemplate":"https:\/\/inclusivenews.com.br\/?s={search_term_string}"},"query-input":{"@type":"PropertyValueSpecification","valueRequired":true,"valueName":"search_term_string"}}],"inLanguage":"pt-PT"},{"@type":"Organization","@id":"https:\/\/inclusivenews.com.br\/#organization","name":"Inclusive - inclus\u00e3o e cidadania","url":"https:\/\/inclusivenews.com.br\/","logo":{"@type":"ImageObject","inLanguage":"pt-PT","@id":"https:\/\/inclusivenews.com.br\/#\/schema\/logo\/image\/","url":"https:\/\/inclusivenews.com.br\/wp-content\/uploads\/2024\/03\/@grandesite.png","contentUrl":"https:\/\/inclusivenews.com.br\/wp-content\/uploads\/2024\/03\/@grandesite.png","width":1080,"height":1080,"caption":"Inclusive - inclus\u00e3o e cidadania"},"image":{"@id":"https:\/\/inclusivenews.com.br\/#\/schema\/logo\/image\/"},"sameAs":["https:\/\/www.facebook.com\/agenciainclusive\/","https:\/\/www.instagram.com\/newsinclusive\/"]},{"@type":"Person","@id":"https:\/\/inclusivenews.com.br\/#\/schema\/person\/0dab492019871b94abb65fa8ee7c8c44","name":"Inclusive","image":{"@type":"ImageObject","inLanguage":"pt-PT","@id":"https:\/\/secure.gravatar.com\/avatar\/?s=96&d=mm&r=g","url":"https:\/\/secure.gravatar.com\/avatar\/?s=96&d=mm&r=g","contentUrl":"https:\/\/secure.gravatar.com\/avatar\/?s=96&d=mm&r=g","caption":"Inclusive"},"url":"https:\/\/inclusivenews.com.br\/?author=2"}]}},"_links":{"self":[{"href":"https:\/\/inclusivenews.com.br\/index.php?rest_route=\/wp\/v2\/posts\/32172","targetHints":{"allow":["GET"]}}],"collection":[{"href":"https:\/\/inclusivenews.com.br\/index.php?rest_route=\/wp\/v2\/posts"}],"about":[{"href":"https:\/\/inclusivenews.com.br\/index.php?rest_route=\/wp\/v2\/types\/post"}],"author":[{"embeddable":true,"href":"https:\/\/inclusivenews.com.br\/index.php?rest_route=\/wp\/v2\/users\/2"}],"replies":[{"embeddable":true,"href":"https:\/\/inclusivenews.com.br\/index.php?rest_route=%2Fwp%2Fv2%2Fcomments&post=32172"}],"version-history":[{"count":0,"href":"https:\/\/inclusivenews.com.br\/index.php?rest_route=\/wp\/v2\/posts\/32172\/revisions"}],"wp:attachment":[{"href":"https:\/\/inclusivenews.com.br\/index.php?rest_route=%2Fwp%2Fv2%2Fmedia&parent=32172"}],"wp:term":[{"taxonomy":"category","embeddable":true,"href":"https:\/\/inclusivenews.com.br\/index.php?rest_route=%2Fwp%2Fv2%2Fcategories&post=32172"},{"taxonomy":"post_tag","embeddable":true,"href":"https:\/\/inclusivenews.com.br\/index.php?rest_route=%2Fwp%2Fv2%2Ftags&post=32172"}],"curies":[{"name":"wp","href":"https:\/\/api.w.org\/{rel}","templated":true}]}}