{"id":32175,"date":"2021-05-12T08:39:01","date_gmt":"2021-05-12T11:39:01","guid":{"rendered":"http:\/\/www.inclusive.org.br\/?p=32175"},"modified":"2021-05-12T08:39:01","modified_gmt":"2021-05-12T11:39:01","slug":"coluna-inclusao-do-acolhe-pessoas-com-deficiencia-esses-privilegiados","status":"publish","type":"post","link":"https:\/\/inclusivenews.com.br\/?p=32175","title":{"rendered":"COLUNA INCLUS\u00c3O DO ACOLHE &#8211; Pessoas com defici\u00eancia. Esses privilegiados."},"content":{"rendered":"<p><img decoding=\"async\" src=\"https:\/\/scontent.fsdu5-1.fna.fbcdn.net\/v\/t1.6435-0\/p526x296\/169115773_1751459565242968_2065592505093276976_n.jpg?_nc_cat=108&amp;ccb=1-3&amp;_nc_sid=a26aad&amp;_nc_ohc=_RnmBkIPhUoAX-tEYdQ&amp;_nc_ht=scontent.fsdu5-1.fna&amp;tp=6&amp;oh=f21f6d276e38f63d503a9854b93e5324&amp;oe=60C16FBE\" alt=\"Pode ser uma imagem de 1 pessoa, em p\u00e9 e texto que diz &quot;COLUNA INCLUS\u00c3O Acolhet\u00ae Down COM CL\u00c1UDIO BLANCO PESSOAS COM DEFICI\u00caNCIA. ESSES PRIVILEGIADOS.&quot;\" \/><\/p>\n<div class=\"o9v6fnle cxmmr5t8 oygrvhab hcukyx3x c1et5uql ii04i59q\">\n<div dir=\"auto\">Por Cl\u00e1udio Blanco<\/div>\n<\/div>\n<div class=\"o9v6fnle cxmmr5t8 oygrvhab hcukyx3x c1et5uql ii04i59q\">\n<div dir=\"auto\">Estacionamento lotado na rua. Voc\u00ea v\u00ea aquela vaga para pessoa com defici\u00eancia vaziazinha, e pensa: \u201cVou parar. N\u00e3o tem vaga em nenhum outro lugar. Todos t\u00eam os mesmos direitos.\u201d<\/div>\n<\/div>\n<div class=\"o9v6fnle cxmmr5t8 oygrvhab hcukyx3x c1et5uql ii04i59q\">\n<div dir=\"auto\">Voc\u00ea j\u00e1 fez ou ao menos pensou em algo parecido? Sentiu-se incomodado?<\/div>\n<div dir=\"auto\">A l\u00f3gica por tr\u00e1s dessa atitude \u00e9 a de que a pessoa com defici\u00eancia goza de privil\u00e9gios que outras n\u00e3o t\u00eam. O que \u00e9 uma injusti\u00e7a com voc\u00ea, cumpridor de suas obriga\u00e7\u00f5es.<\/div>\n<\/div>\n<div class=\"o9v6fnle cxmmr5t8 oygrvhab hcukyx3x c1et5uql ii04i59q\">\n<div dir=\"auto\">Isso deriva de um profundo desconhecimento do quanto as condi\u00e7\u00f5es de acessibilidade e inclus\u00e3o das pessoas com defici\u00eancia s\u00e3o dif\u00edceis.<\/div>\n<div dir=\"auto\">A falta de pol\u00edticas p\u00fablicas mais consistentes, em conjunto com o pouco interesse da sociedade no assunto, levam \u00e0 percep\u00e7\u00e3o de que estes avan\u00e7os pontuais sejam privil\u00e9gios, e n\u00e3o tentativas de se tentar corrigir a desigualdade.<\/div>\n<\/div>\n<div class=\"o9v6fnle cxmmr5t8 oygrvhab hcukyx3x c1et5uql ii04i59q\">\n<div dir=\"auto\">N\u00e3o tenha d\u00favidas de que qualquer pessoa com defici\u00eancia adoraria que estes \u201cprivil\u00e9gios\u201d n\u00e3o fossem impostos por lei, mas que houvesse o entendimento comum de que todos t\u00eam o direito \u00e0 acessibilidade e \u00e0 inclus\u00e3o. E isto implica em se querer fazer diversas adapta\u00e7\u00f5es estruturais e sociais para que esse direito seja exercido, para que essa parcela da popula\u00e7\u00e3o consiga exercer sua cidadania.<\/div>\n<\/div>\n<div class=\"o9v6fnle cxmmr5t8 oygrvhab hcukyx3x c1et5uql ii04i59q\">\n<div dir=\"auto\">Mas n\u00e3o \u00e9 assim que acontece.<\/div>\n<div dir=\"auto\">Agora volta l\u00e1 pra rua.<\/div>\n<\/div>\n<div class=\"o9v6fnle cxmmr5t8 oygrvhab hcukyx3x c1et5uql ii04i59q\">\n<div dir=\"auto\">Voc\u00ea parou na vaga longe, reclamando que a reservada estava livre. Andou, andou, mas chegou aonde queria.<\/div>\n<div dir=\"auto\">Um cadeirante vai parar na vaga reservada (que privil\u00e9gio, hem?), procurar aonde tenha uma rampa de acesso ou um declive no meio-fio, tomar cuidado com os buracos e desn\u00edveis da cal\u00e7ada pra n\u00e3o virar video-cassetada, respirar fundo e rezar 3 Pai-Nossos se quiser ir ao banheiro, porque encontrar um adaptado \u00e9 loteria, e torcer para que o pr\u00e9dio onde vai tenha elevador.<\/div>\n<\/div>\n<div class=\"o9v6fnle cxmmr5t8 oygrvhab hcukyx3x c1et5uql ii04i59q\">\n<div dir=\"auto\">Eu n\u00e3o sou cadeirante. S\u00f3 imaginei como seria.<\/div>\n<div dir=\"auto\">Se quiser, imagine como seria algu\u00e9m com defici\u00eancia intelectual sem cotas no mercado de trabalho, uma crian\u00e7a autista sem um professor mediador na escola, e tantos outros exemplos em que a desvantagem de condi\u00e7\u00f5es come\u00e7a no momento em que voc\u00ea acorda.<\/div>\n<\/div>\n<div class=\"o9v6fnle cxmmr5t8 oygrvhab hcukyx3x c1et5uql ii04i59q\">\n<div dir=\"auto\">De quem \u00e9 mesmo o privil\u00e9gio?<\/div>\n<\/div>\n<div dir=\"auto\"><\/div>\n<div dir=\"auto\">#descri\u00e7\u00e3odaimagem<\/div>\n<div dir=\"auto\">Em um fundo rosa e branco, a foto do autor. E o texto: Coluna Inclus\u00e3o AcolheDown. Pessoa com defici\u00eancia. Esses privilegiados.<\/div>\n","protected":false},"excerpt":{"rendered":"<p>Por Cl\u00e1udio Blanco Estacionamento lotado na rua. Voc\u00ea v\u00ea aquela vaga para pessoa com defici\u00eancia vaziazinha, e pensa: \u201cVou parar. N\u00e3o tem vaga em nenhum outro lugar. Todos t\u00eam os mesmos direitos.\u201d Voc\u00ea j\u00e1 fez ou ao menos pensou em algo parecido? Sentiu-se incomodado? A l\u00f3gica por tr\u00e1s dessa atitude \u00e9 a de que a [&hellip;]<\/p>\n","protected":false},"author":2,"featured_media":0,"comment_status":"open","ping_status":"open","sticky":false,"template":"","format":"standard","meta":{"site-container-style":"default","site-container-layout":"default","site-sidebar-layout":"default","disable-article-header":"default","disable-site-header":"default","disable-site-footer":"default","disable-content-area-spacing":"default","footnotes":""},"categories":[4],"tags":[],"class_list":["post-32175","post","type-post","status-publish","format-standard","hentry","category-noticias"],"yoast_head":"<!-- This site is optimized with the Yoast SEO plugin v27.5 - https:\/\/yoast.com\/product\/yoast-seo-wordpress\/ -->\n<title>COLUNA INCLUS\u00c3O DO ACOLHE - Pessoas com defici\u00eancia. Esses privilegiados. -<\/title>\n<meta name=\"robots\" content=\"index, follow, max-snippet:-1, max-image-preview:large, max-video-preview:-1\" \/>\n<link rel=\"canonical\" href=\"https:\/\/inclusivenews.com.br\/?p=32175\" \/>\n<meta property=\"og:locale\" content=\"pt_PT\" \/>\n<meta property=\"og:type\" content=\"article\" \/>\n<meta property=\"og:title\" content=\"COLUNA INCLUS\u00c3O DO ACOLHE - Pessoas com defici\u00eancia. Esses privilegiados. -\" \/>\n<meta property=\"og:description\" content=\"Por Cl\u00e1udio Blanco Estacionamento lotado na rua. Voc\u00ea v\u00ea aquela vaga para pessoa com defici\u00eancia vaziazinha, e pensa: \u201cVou parar. N\u00e3o tem vaga em nenhum outro lugar. Todos t\u00eam os mesmos direitos.\u201d Voc\u00ea j\u00e1 fez ou ao menos pensou em algo parecido? Sentiu-se incomodado? A l\u00f3gica por tr\u00e1s dessa atitude \u00e9 a de que a [&hellip;]\" \/>\n<meta property=\"og:url\" content=\"https:\/\/inclusivenews.com.br\/?p=32175\" \/>\n<meta property=\"article:publisher\" content=\"https:\/\/www.facebook.com\/agenciainclusive\/\" \/>\n<meta property=\"article:published_time\" content=\"2021-05-12T11:39:01+00:00\" \/>\n<meta property=\"og:image\" content=\"https:\/\/scontent.fsdu5-1.fna.fbcdn.net\/v\/t1.6435-0\/p526x296\/169115773_1751459565242968_2065592505093276976_n.jpg?_nc_cat=108&amp;ccb=1-3&amp;_nc_sid=a26aad&amp;_nc_ohc=_RnmBkIPhUoAX-tEYdQ&amp;_nc_ht=scontent.fsdu5-1.fna&amp;tp=6&amp;oh=f21f6d276e38f63d503a9854b93e5324&amp;oe=60C16FBE\" \/>\n<meta name=\"author\" content=\"Inclusive\" \/>\n<meta name=\"twitter:card\" content=\"summary_large_image\" \/>\n<meta name=\"twitter:label1\" content=\"Escrito por\" \/>\n\t<meta name=\"twitter:data1\" content=\"Inclusive\" \/>\n\t<meta name=\"twitter:label2\" content=\"Tempo estimado de leitura\" \/>\n\t<meta name=\"twitter:data2\" content=\"2 minutos\" \/>\n<script type=\"application\/ld+json\" class=\"yoast-schema-graph\">{\"@context\":\"https:\\\/\\\/schema.org\",\"@graph\":[{\"@type\":\"Article\",\"@id\":\"https:\\\/\\\/inclusivenews.com.br\\\/?p=32175#article\",\"isPartOf\":{\"@id\":\"https:\\\/\\\/inclusivenews.com.br\\\/?p=32175\"},\"author\":{\"name\":\"Inclusive\",\"@id\":\"https:\\\/\\\/inclusivenews.com.br\\\/#\\\/schema\\\/person\\\/0dab492019871b94abb65fa8ee7c8c44\"},\"headline\":\"COLUNA INCLUS\u00c3O DO ACOLHE &#8211; Pessoas com defici\u00eancia. Esses privilegiados.\",\"datePublished\":\"2021-05-12T11:39:01+00:00\",\"mainEntityOfPage\":{\"@id\":\"https:\\\/\\\/inclusivenews.com.br\\\/?p=32175\"},\"wordCount\":413,\"commentCount\":0,\"publisher\":{\"@id\":\"https:\\\/\\\/inclusivenews.com.br\\\/#organization\"},\"image\":{\"@id\":\"https:\\\/\\\/inclusivenews.com.br\\\/?p=32175#primaryimage\"},\"thumbnailUrl\":\"https:\\\/\\\/scontent.fsdu5-1.fna.fbcdn.net\\\/v\\\/t1.6435-0\\\/p526x296\\\/169115773_1751459565242968_2065592505093276976_n.jpg?_nc_cat=108&amp;ccb=1-3&amp;_nc_sid=a26aad&amp;_nc_ohc=_RnmBkIPhUoAX-tEYdQ&amp;_nc_ht=scontent.fsdu5-1.fna&amp;tp=6&amp;oh=f21f6d276e38f63d503a9854b93e5324&amp;oe=60C16FBE\",\"articleSection\":[\"NOT\u00cdCIAS\"],\"inLanguage\":\"pt-PT\",\"potentialAction\":[{\"@type\":\"CommentAction\",\"name\":\"Comment\",\"target\":[\"https:\\\/\\\/inclusivenews.com.br\\\/?p=32175#respond\"]}]},{\"@type\":\"WebPage\",\"@id\":\"https:\\\/\\\/inclusivenews.com.br\\\/?p=32175\",\"url\":\"https:\\\/\\\/inclusivenews.com.br\\\/?p=32175\",\"name\":\"COLUNA INCLUS\u00c3O DO ACOLHE - Pessoas com defici\u00eancia. Esses privilegiados. -\",\"isPartOf\":{\"@id\":\"https:\\\/\\\/inclusivenews.com.br\\\/#website\"},\"primaryImageOfPage\":{\"@id\":\"https:\\\/\\\/inclusivenews.com.br\\\/?p=32175#primaryimage\"},\"image\":{\"@id\":\"https:\\\/\\\/inclusivenews.com.br\\\/?p=32175#primaryimage\"},\"thumbnailUrl\":\"https:\\\/\\\/scontent.fsdu5-1.fna.fbcdn.net\\\/v\\\/t1.6435-0\\\/p526x296\\\/169115773_1751459565242968_2065592505093276976_n.jpg?_nc_cat=108&amp;ccb=1-3&amp;_nc_sid=a26aad&amp;_nc_ohc=_RnmBkIPhUoAX-tEYdQ&amp;_nc_ht=scontent.fsdu5-1.fna&amp;tp=6&amp;oh=f21f6d276e38f63d503a9854b93e5324&amp;oe=60C16FBE\",\"datePublished\":\"2021-05-12T11:39:01+00:00\",\"breadcrumb\":{\"@id\":\"https:\\\/\\\/inclusivenews.com.br\\\/?p=32175#breadcrumb\"},\"inLanguage\":\"pt-PT\",\"potentialAction\":[{\"@type\":\"ReadAction\",\"target\":[\"https:\\\/\\\/inclusivenews.com.br\\\/?p=32175\"]}]},{\"@type\":\"ImageObject\",\"inLanguage\":\"pt-PT\",\"@id\":\"https:\\\/\\\/inclusivenews.com.br\\\/?p=32175#primaryimage\",\"url\":\"https:\\\/\\\/scontent.fsdu5-1.fna.fbcdn.net\\\/v\\\/t1.6435-0\\\/p526x296\\\/169115773_1751459565242968_2065592505093276976_n.jpg?_nc_cat=108&amp;ccb=1-3&amp;_nc_sid=a26aad&amp;_nc_ohc=_RnmBkIPhUoAX-tEYdQ&amp;_nc_ht=scontent.fsdu5-1.fna&amp;tp=6&amp;oh=f21f6d276e38f63d503a9854b93e5324&amp;oe=60C16FBE\",\"contentUrl\":\"https:\\\/\\\/scontent.fsdu5-1.fna.fbcdn.net\\\/v\\\/t1.6435-0\\\/p526x296\\\/169115773_1751459565242968_2065592505093276976_n.jpg?_nc_cat=108&amp;ccb=1-3&amp;_nc_sid=a26aad&amp;_nc_ohc=_RnmBkIPhUoAX-tEYdQ&amp;_nc_ht=scontent.fsdu5-1.fna&amp;tp=6&amp;oh=f21f6d276e38f63d503a9854b93e5324&amp;oe=60C16FBE\"},{\"@type\":\"BreadcrumbList\",\"@id\":\"https:\\\/\\\/inclusivenews.com.br\\\/?p=32175#breadcrumb\",\"itemListElement\":[{\"@type\":\"ListItem\",\"position\":1,\"name\":\"In\u00edcio\",\"item\":\"https:\\\/\\\/inclusivenews.com.br\\\/\"},{\"@type\":\"ListItem\",\"position\":2,\"name\":\"COLUNA INCLUS\u00c3O DO ACOLHE &#8211; Pessoas com defici\u00eancia. Esses privilegiados.\"}]},{\"@type\":\"WebSite\",\"@id\":\"https:\\\/\\\/inclusivenews.com.br\\\/#website\",\"url\":\"https:\\\/\\\/inclusivenews.com.br\\\/\",\"name\":\"Inclusive News\",\"description\":\"Inclusive News\",\"publisher\":{\"@id\":\"https:\\\/\\\/inclusivenews.com.br\\\/#organization\"},\"potentialAction\":[{\"@type\":\"SearchAction\",\"target\":{\"@type\":\"EntryPoint\",\"urlTemplate\":\"https:\\\/\\\/inclusivenews.com.br\\\/?s={search_term_string}\"},\"query-input\":{\"@type\":\"PropertyValueSpecification\",\"valueRequired\":true,\"valueName\":\"search_term_string\"}}],\"inLanguage\":\"pt-PT\"},{\"@type\":\"Organization\",\"@id\":\"https:\\\/\\\/inclusivenews.com.br\\\/#organization\",\"name\":\"Inclusive - inclus\u00e3o e cidadania\",\"url\":\"https:\\\/\\\/inclusivenews.com.br\\\/\",\"logo\":{\"@type\":\"ImageObject\",\"inLanguage\":\"pt-PT\",\"@id\":\"https:\\\/\\\/inclusivenews.com.br\\\/#\\\/schema\\\/logo\\\/image\\\/\",\"url\":\"https:\\\/\\\/inclusivenews.com.br\\\/wp-content\\\/uploads\\\/2024\\\/03\\\/@grandesite.png\",\"contentUrl\":\"https:\\\/\\\/inclusivenews.com.br\\\/wp-content\\\/uploads\\\/2024\\\/03\\\/@grandesite.png\",\"width\":1080,\"height\":1080,\"caption\":\"Inclusive - inclus\u00e3o e cidadania\"},\"image\":{\"@id\":\"https:\\\/\\\/inclusivenews.com.br\\\/#\\\/schema\\\/logo\\\/image\\\/\"},\"sameAs\":[\"https:\\\/\\\/www.facebook.com\\\/agenciainclusive\\\/\",\"https:\\\/\\\/www.instagram.com\\\/newsinclusive\\\/\"]},{\"@type\":\"Person\",\"@id\":\"https:\\\/\\\/inclusivenews.com.br\\\/#\\\/schema\\\/person\\\/0dab492019871b94abb65fa8ee7c8c44\",\"name\":\"Inclusive\",\"image\":{\"@type\":\"ImageObject\",\"inLanguage\":\"pt-PT\",\"@id\":\"https:\\\/\\\/secure.gravatar.com\\\/avatar\\\/?s=96&d=mm&r=g\",\"url\":\"https:\\\/\\\/secure.gravatar.com\\\/avatar\\\/?s=96&d=mm&r=g\",\"contentUrl\":\"https:\\\/\\\/secure.gravatar.com\\\/avatar\\\/?s=96&d=mm&r=g\",\"caption\":\"Inclusive\"},\"url\":\"https:\\\/\\\/inclusivenews.com.br\\\/?author=2\"}]}<\/script>\n<!-- \/ Yoast SEO plugin. -->","yoast_head_json":{"title":"COLUNA INCLUS\u00c3O DO ACOLHE - Pessoas com defici\u00eancia. Esses privilegiados. -","robots":{"index":"index","follow":"follow","max-snippet":"max-snippet:-1","max-image-preview":"max-image-preview:large","max-video-preview":"max-video-preview:-1"},"canonical":"https:\/\/inclusivenews.com.br\/?p=32175","og_locale":"pt_PT","og_type":"article","og_title":"COLUNA INCLUS\u00c3O DO ACOLHE - Pessoas com defici\u00eancia. Esses privilegiados. -","og_description":"Por Cl\u00e1udio Blanco Estacionamento lotado na rua. Voc\u00ea v\u00ea aquela vaga para pessoa com defici\u00eancia vaziazinha, e pensa: \u201cVou parar. N\u00e3o tem vaga em nenhum outro lugar. Todos t\u00eam os mesmos direitos.\u201d Voc\u00ea j\u00e1 fez ou ao menos pensou em algo parecido? Sentiu-se incomodado? A l\u00f3gica por tr\u00e1s dessa atitude \u00e9 a de que a [&hellip;]","og_url":"https:\/\/inclusivenews.com.br\/?p=32175","article_publisher":"https:\/\/www.facebook.com\/agenciainclusive\/","article_published_time":"2021-05-12T11:39:01+00:00","og_image":[{"url":"https:\/\/scontent.fsdu5-1.fna.fbcdn.net\/v\/t1.6435-0\/p526x296\/169115773_1751459565242968_2065592505093276976_n.jpg?_nc_cat=108&amp;ccb=1-3&amp;_nc_sid=a26aad&amp;_nc_ohc=_RnmBkIPhUoAX-tEYdQ&amp;_nc_ht=scontent.fsdu5-1.fna&amp;tp=6&amp;oh=f21f6d276e38f63d503a9854b93e5324&amp;oe=60C16FBE","type":"","width":"","height":""}],"author":"Inclusive","twitter_card":"summary_large_image","twitter_misc":{"Escrito por":"Inclusive","Tempo estimado de leitura":"2 minutos"},"schema":{"@context":"https:\/\/schema.org","@graph":[{"@type":"Article","@id":"https:\/\/inclusivenews.com.br\/?p=32175#article","isPartOf":{"@id":"https:\/\/inclusivenews.com.br\/?p=32175"},"author":{"name":"Inclusive","@id":"https:\/\/inclusivenews.com.br\/#\/schema\/person\/0dab492019871b94abb65fa8ee7c8c44"},"headline":"COLUNA INCLUS\u00c3O DO ACOLHE &#8211; Pessoas com defici\u00eancia. Esses privilegiados.","datePublished":"2021-05-12T11:39:01+00:00","mainEntityOfPage":{"@id":"https:\/\/inclusivenews.com.br\/?p=32175"},"wordCount":413,"commentCount":0,"publisher":{"@id":"https:\/\/inclusivenews.com.br\/#organization"},"image":{"@id":"https:\/\/inclusivenews.com.br\/?p=32175#primaryimage"},"thumbnailUrl":"https:\/\/scontent.fsdu5-1.fna.fbcdn.net\/v\/t1.6435-0\/p526x296\/169115773_1751459565242968_2065592505093276976_n.jpg?_nc_cat=108&amp;ccb=1-3&amp;_nc_sid=a26aad&amp;_nc_ohc=_RnmBkIPhUoAX-tEYdQ&amp;_nc_ht=scontent.fsdu5-1.fna&amp;tp=6&amp;oh=f21f6d276e38f63d503a9854b93e5324&amp;oe=60C16FBE","articleSection":["NOT\u00cdCIAS"],"inLanguage":"pt-PT","potentialAction":[{"@type":"CommentAction","name":"Comment","target":["https:\/\/inclusivenews.com.br\/?p=32175#respond"]}]},{"@type":"WebPage","@id":"https:\/\/inclusivenews.com.br\/?p=32175","url":"https:\/\/inclusivenews.com.br\/?p=32175","name":"COLUNA INCLUS\u00c3O DO ACOLHE - Pessoas com defici\u00eancia. Esses privilegiados. -","isPartOf":{"@id":"https:\/\/inclusivenews.com.br\/#website"},"primaryImageOfPage":{"@id":"https:\/\/inclusivenews.com.br\/?p=32175#primaryimage"},"image":{"@id":"https:\/\/inclusivenews.com.br\/?p=32175#primaryimage"},"thumbnailUrl":"https:\/\/scontent.fsdu5-1.fna.fbcdn.net\/v\/t1.6435-0\/p526x296\/169115773_1751459565242968_2065592505093276976_n.jpg?_nc_cat=108&amp;ccb=1-3&amp;_nc_sid=a26aad&amp;_nc_ohc=_RnmBkIPhUoAX-tEYdQ&amp;_nc_ht=scontent.fsdu5-1.fna&amp;tp=6&amp;oh=f21f6d276e38f63d503a9854b93e5324&amp;oe=60C16FBE","datePublished":"2021-05-12T11:39:01+00:00","breadcrumb":{"@id":"https:\/\/inclusivenews.com.br\/?p=32175#breadcrumb"},"inLanguage":"pt-PT","potentialAction":[{"@type":"ReadAction","target":["https:\/\/inclusivenews.com.br\/?p=32175"]}]},{"@type":"ImageObject","inLanguage":"pt-PT","@id":"https:\/\/inclusivenews.com.br\/?p=32175#primaryimage","url":"https:\/\/scontent.fsdu5-1.fna.fbcdn.net\/v\/t1.6435-0\/p526x296\/169115773_1751459565242968_2065592505093276976_n.jpg?_nc_cat=108&amp;ccb=1-3&amp;_nc_sid=a26aad&amp;_nc_ohc=_RnmBkIPhUoAX-tEYdQ&amp;_nc_ht=scontent.fsdu5-1.fna&amp;tp=6&amp;oh=f21f6d276e38f63d503a9854b93e5324&amp;oe=60C16FBE","contentUrl":"https:\/\/scontent.fsdu5-1.fna.fbcdn.net\/v\/t1.6435-0\/p526x296\/169115773_1751459565242968_2065592505093276976_n.jpg?_nc_cat=108&amp;ccb=1-3&amp;_nc_sid=a26aad&amp;_nc_ohc=_RnmBkIPhUoAX-tEYdQ&amp;_nc_ht=scontent.fsdu5-1.fna&amp;tp=6&amp;oh=f21f6d276e38f63d503a9854b93e5324&amp;oe=60C16FBE"},{"@type":"BreadcrumbList","@id":"https:\/\/inclusivenews.com.br\/?p=32175#breadcrumb","itemListElement":[{"@type":"ListItem","position":1,"name":"In\u00edcio","item":"https:\/\/inclusivenews.com.br\/"},{"@type":"ListItem","position":2,"name":"COLUNA INCLUS\u00c3O DO ACOLHE &#8211; Pessoas com defici\u00eancia. Esses privilegiados."}]},{"@type":"WebSite","@id":"https:\/\/inclusivenews.com.br\/#website","url":"https:\/\/inclusivenews.com.br\/","name":"Inclusive News","description":"Inclusive News","publisher":{"@id":"https:\/\/inclusivenews.com.br\/#organization"},"potentialAction":[{"@type":"SearchAction","target":{"@type":"EntryPoint","urlTemplate":"https:\/\/inclusivenews.com.br\/?s={search_term_string}"},"query-input":{"@type":"PropertyValueSpecification","valueRequired":true,"valueName":"search_term_string"}}],"inLanguage":"pt-PT"},{"@type":"Organization","@id":"https:\/\/inclusivenews.com.br\/#organization","name":"Inclusive - inclus\u00e3o e cidadania","url":"https:\/\/inclusivenews.com.br\/","logo":{"@type":"ImageObject","inLanguage":"pt-PT","@id":"https:\/\/inclusivenews.com.br\/#\/schema\/logo\/image\/","url":"https:\/\/inclusivenews.com.br\/wp-content\/uploads\/2024\/03\/@grandesite.png","contentUrl":"https:\/\/inclusivenews.com.br\/wp-content\/uploads\/2024\/03\/@grandesite.png","width":1080,"height":1080,"caption":"Inclusive - inclus\u00e3o e cidadania"},"image":{"@id":"https:\/\/inclusivenews.com.br\/#\/schema\/logo\/image\/"},"sameAs":["https:\/\/www.facebook.com\/agenciainclusive\/","https:\/\/www.instagram.com\/newsinclusive\/"]},{"@type":"Person","@id":"https:\/\/inclusivenews.com.br\/#\/schema\/person\/0dab492019871b94abb65fa8ee7c8c44","name":"Inclusive","image":{"@type":"ImageObject","inLanguage":"pt-PT","@id":"https:\/\/secure.gravatar.com\/avatar\/?s=96&d=mm&r=g","url":"https:\/\/secure.gravatar.com\/avatar\/?s=96&d=mm&r=g","contentUrl":"https:\/\/secure.gravatar.com\/avatar\/?s=96&d=mm&r=g","caption":"Inclusive"},"url":"https:\/\/inclusivenews.com.br\/?author=2"}]}},"_links":{"self":[{"href":"https:\/\/inclusivenews.com.br\/index.php?rest_route=\/wp\/v2\/posts\/32175","targetHints":{"allow":["GET"]}}],"collection":[{"href":"https:\/\/inclusivenews.com.br\/index.php?rest_route=\/wp\/v2\/posts"}],"about":[{"href":"https:\/\/inclusivenews.com.br\/index.php?rest_route=\/wp\/v2\/types\/post"}],"author":[{"embeddable":true,"href":"https:\/\/inclusivenews.com.br\/index.php?rest_route=\/wp\/v2\/users\/2"}],"replies":[{"embeddable":true,"href":"https:\/\/inclusivenews.com.br\/index.php?rest_route=%2Fwp%2Fv2%2Fcomments&post=32175"}],"version-history":[{"count":0,"href":"https:\/\/inclusivenews.com.br\/index.php?rest_route=\/wp\/v2\/posts\/32175\/revisions"}],"wp:attachment":[{"href":"https:\/\/inclusivenews.com.br\/index.php?rest_route=%2Fwp%2Fv2%2Fmedia&parent=32175"}],"wp:term":[{"taxonomy":"category","embeddable":true,"href":"https:\/\/inclusivenews.com.br\/index.php?rest_route=%2Fwp%2Fv2%2Fcategories&post=32175"},{"taxonomy":"post_tag","embeddable":true,"href":"https:\/\/inclusivenews.com.br\/index.php?rest_route=%2Fwp%2Fv2%2Ftags&post=32175"}],"curies":[{"name":"wp","href":"https:\/\/api.w.org\/{rel}","templated":true}]}}