{"id":32177,"date":"2021-05-16T20:00:06","date_gmt":"2021-05-16T23:00:06","guid":{"rendered":"http:\/\/www.inclusive.org.br\/?p=32177"},"modified":"2021-05-16T20:00:06","modified_gmt":"2021-05-16T23:00:06","slug":"manual-de-acessibilidade-para-redes-sociais","status":"publish","type":"post","link":"https:\/\/inclusivenews.com.br\/?p=32177","title":{"rendered":"Manual de Acessibilidade para Redes Sociais."},"content":{"rendered":"<p>Conhe\u00e7a o Manual elaborado por Jorge Rodrigues para as Redes Sociais.<\/p>\n<p id=\"viewer-e3dpj\" class=\"XzvDs _208Ie _247b9 _2QAo- _25MYV eaHbJ _247b9 public-DraftStyleDefault-block-depth0 public-DraftStyleDefault-text-ltr\"><span class=\"vkIF2 public-DraftStyleDefault-ltr\">Com o crescimento de criadores de conte\u00fados digitais nas redes sociais, notei que diversos n\u00e3o produziam conte\u00fados acess\u00edveis para pessoas com defici\u00eancia e acaba endossando a exclus\u00e3o social. <\/span><\/p>\n<p id=\"viewer-a2i9l\" class=\"XzvDs _208Ie _247b9 _2QAo- _25MYV eaHbJ _247b9 public-DraftStyleDefault-block-depth0 public-DraftStyleDefault-text-ltr\"><span class=\"vkIF2 public-DraftStyleDefault-ltr\">E a comunidade PcD sempre fez barulho, incentivou, cobrou aos influenciadores para que pudessem inserir legenda, descri\u00e7\u00e3o de imagens e \u00e9 por isso que eu, Jorge, decidi fazer um guia pr\u00e1tico de como fazer conte\u00fados que pudessem ser compreendidos por pessoas surdas, cegas ou que possuem dificuldades de leitura de uma forma adequada. <\/span><\/p>\n<p id=\"viewer-7m9mo\" class=\"XzvDs _208Ie _247b9 _2QAo- _25MYV eaHbJ _247b9 public-DraftStyleDefault-block-depth0 public-DraftStyleDefault-text-ltr\"><span class=\"vkIF2 public-DraftStyleDefault-ltr\">Nesse Manual de Acessibilidade para Redes Sociais traz diversos dados que pesquisei, estudei, aprendi ao decorrer da minha vida para que voc\u00eas, sejam criadores de conte\u00fado ou pessoas comuns que querem, simplesmente, tornar as redes sociais inclusivas para todo mundo. Eu espero que voc\u00eas gostem desse manual e que apliquem no seu dia a dia pois fiz com muito carinho pensando nas pessoas com defici\u00eancia, das quais eu fa\u00e7o parte e luto para que tenhamos uma vida com mais qualidade. <\/span><\/p>\n<p>&nbsp;<\/p>\n<p><a href=\"http:\/\/www.inclusive.org.br\/arquivos\/32177\/sem-titulo-22\" rel=\"attachment wp-att-32178\"><img loading=\"lazy\" decoding=\"async\" class=\"alignnone size-medium wp-image-32178\" src=\"http:\/\/inclusivenews.com.br\/wp-content\/uploads\/Sem-Ti\u0301tulo-22-300x157.png\" alt=\"pagina do manual mostrando duas fotos - como tornar a imagem acessivel.\" width=\"300\" height=\"157\" \/><\/a><\/p>\n<p><a href=\"http:\/\/www.inclusive.org.br\/arquivos\/32177\/manual-de-acessibilidade-para-redes-sociais\" rel=\"attachment wp-att-32179\">Manual de Acessibilidade para Redes Sociais<\/a><\/p>\n<p>Fonte:\u00a0<a href=\"https:\/\/www.jorgefrodrigues.com\/post\/manual-de-acessibilidade-para-redes-sociais\">https:\/\/www.jorgefrodrigues.com\/post\/manual-de-acessibilidade-para-redes-sociais<\/a><\/p>\n<p>&nbsp;<\/p>\n<p>Para acessibilidade em sites, consulte o Guia de Consulta<\/p>\n<p><a href=\"https:\/\/guia-wcag.com\/\">https:\/\/guia-wcag.com\/<\/a><\/p>\n<p>&nbsp;<\/p>\n<p>&nbsp;<\/p>\n","protected":false},"excerpt":{"rendered":"<p>Conhe\u00e7a o Manual elaborado por Jorge Rodrigues para as Redes Sociais. Com o crescimento de criadores de conte\u00fados digitais nas redes sociais, notei que diversos n\u00e3o produziam conte\u00fados acess\u00edveis para pessoas com defici\u00eancia e acaba endossando a exclus\u00e3o social. E a comunidade PcD sempre fez barulho, incentivou, cobrou aos influenciadores para que pudessem inserir legenda, [&hellip;]<\/p>\n","protected":false},"author":2,"featured_media":32178,"comment_status":"open","ping_status":"open","sticky":false,"template":"","format":"standard","meta":{"site-container-style":"default","site-container-layout":"default","site-sidebar-layout":"default","disable-article-header":"default","disable-site-header":"default","disable-site-footer":"default","disable-content-area-spacing":"default","footnotes":""},"categories":[44],"tags":[],"class_list":["post-32177","post","type-post","status-publish","format-standard","has-post-thumbnail","hentry","category-acessibilidade"],"yoast_head":"<!-- This site is optimized with the Yoast SEO plugin v27.4 - https:\/\/yoast.com\/product\/yoast-seo-wordpress\/ -->\n<title>Manual de Acessibilidade para Redes Sociais. -<\/title>\n<meta name=\"robots\" content=\"index, follow, max-snippet:-1, max-image-preview:large, max-video-preview:-1\" \/>\n<link rel=\"canonical\" href=\"https:\/\/inclusivenews.com.br\/?p=32177\" \/>\n<meta property=\"og:locale\" content=\"pt_PT\" \/>\n<meta property=\"og:type\" content=\"article\" \/>\n<meta property=\"og:title\" content=\"Manual de Acessibilidade para Redes Sociais. -\" \/>\n<meta property=\"og:description\" content=\"Conhe\u00e7a o Manual elaborado por Jorge Rodrigues para as Redes Sociais. Com o crescimento de criadores de conte\u00fados digitais nas redes sociais, notei que diversos n\u00e3o produziam conte\u00fados acess\u00edveis para pessoas com defici\u00eancia e acaba endossando a exclus\u00e3o social. E a comunidade PcD sempre fez barulho, incentivou, cobrou aos influenciadores para que pudessem inserir legenda, [&hellip;]\" \/>\n<meta property=\"og:url\" content=\"https:\/\/inclusivenews.com.br\/?p=32177\" \/>\n<meta property=\"article:publisher\" content=\"https:\/\/www.facebook.com\/agenciainclusive\/\" \/>\n<meta property=\"article:published_time\" content=\"2021-05-16T23:00:06+00:00\" \/>\n<meta name=\"author\" content=\"Inclusive\" \/>\n<meta name=\"twitter:card\" content=\"summary_large_image\" \/>\n<meta name=\"twitter:label1\" content=\"Escrito por\" \/>\n\t<meta name=\"twitter:data1\" content=\"Inclusive\" \/>\n\t<meta name=\"twitter:label2\" content=\"Tempo estimado de leitura\" \/>\n\t<meta name=\"twitter:data2\" content=\"1 minuto\" \/>\n<script type=\"application\/ld+json\" class=\"yoast-schema-graph\">{\"@context\":\"https:\\\/\\\/schema.org\",\"@graph\":[{\"@type\":\"Article\",\"@id\":\"https:\\\/\\\/inclusivenews.com.br\\\/?p=32177#article\",\"isPartOf\":{\"@id\":\"https:\\\/\\\/inclusivenews.com.br\\\/?p=32177\"},\"author\":{\"name\":\"Inclusive\",\"@id\":\"https:\\\/\\\/inclusivenews.com.br\\\/#\\\/schema\\\/person\\\/0dab492019871b94abb65fa8ee7c8c44\"},\"headline\":\"Manual de Acessibilidade para Redes Sociais.\",\"datePublished\":\"2021-05-16T23:00:06+00:00\",\"mainEntityOfPage\":{\"@id\":\"https:\\\/\\\/inclusivenews.com.br\\\/?p=32177\"},\"wordCount\":221,\"commentCount\":0,\"publisher\":{\"@id\":\"https:\\\/\\\/inclusivenews.com.br\\\/#organization\"},\"image\":{\"@id\":\"https:\\\/\\\/inclusivenews.com.br\\\/?p=32177#primaryimage\"},\"thumbnailUrl\":\"\",\"articleSection\":[\"ACESSIBILIDADE\"],\"inLanguage\":\"pt-PT\",\"potentialAction\":[{\"@type\":\"CommentAction\",\"name\":\"Comment\",\"target\":[\"https:\\\/\\\/inclusivenews.com.br\\\/?p=32177#respond\"]}]},{\"@type\":\"WebPage\",\"@id\":\"https:\\\/\\\/inclusivenews.com.br\\\/?p=32177\",\"url\":\"https:\\\/\\\/inclusivenews.com.br\\\/?p=32177\",\"name\":\"Manual de Acessibilidade para Redes Sociais. -\",\"isPartOf\":{\"@id\":\"https:\\\/\\\/inclusivenews.com.br\\\/#website\"},\"primaryImageOfPage\":{\"@id\":\"https:\\\/\\\/inclusivenews.com.br\\\/?p=32177#primaryimage\"},\"image\":{\"@id\":\"https:\\\/\\\/inclusivenews.com.br\\\/?p=32177#primaryimage\"},\"thumbnailUrl\":\"\",\"datePublished\":\"2021-05-16T23:00:06+00:00\",\"breadcrumb\":{\"@id\":\"https:\\\/\\\/inclusivenews.com.br\\\/?p=32177#breadcrumb\"},\"inLanguage\":\"pt-PT\",\"potentialAction\":[{\"@type\":\"ReadAction\",\"target\":[\"https:\\\/\\\/inclusivenews.com.br\\\/?p=32177\"]}]},{\"@type\":\"ImageObject\",\"inLanguage\":\"pt-PT\",\"@id\":\"https:\\\/\\\/inclusivenews.com.br\\\/?p=32177#primaryimage\",\"url\":\"\",\"contentUrl\":\"\"},{\"@type\":\"BreadcrumbList\",\"@id\":\"https:\\\/\\\/inclusivenews.com.br\\\/?p=32177#breadcrumb\",\"itemListElement\":[{\"@type\":\"ListItem\",\"position\":1,\"name\":\"In\u00edcio\",\"item\":\"https:\\\/\\\/inclusivenews.com.br\\\/\"},{\"@type\":\"ListItem\",\"position\":2,\"name\":\"Manual de Acessibilidade para Redes Sociais.\"}]},{\"@type\":\"WebSite\",\"@id\":\"https:\\\/\\\/inclusivenews.com.br\\\/#website\",\"url\":\"https:\\\/\\\/inclusivenews.com.br\\\/\",\"name\":\"Inclusive News\",\"description\":\"Inclusive News\",\"publisher\":{\"@id\":\"https:\\\/\\\/inclusivenews.com.br\\\/#organization\"},\"potentialAction\":[{\"@type\":\"SearchAction\",\"target\":{\"@type\":\"EntryPoint\",\"urlTemplate\":\"https:\\\/\\\/inclusivenews.com.br\\\/?s={search_term_string}\"},\"query-input\":{\"@type\":\"PropertyValueSpecification\",\"valueRequired\":true,\"valueName\":\"search_term_string\"}}],\"inLanguage\":\"pt-PT\"},{\"@type\":\"Organization\",\"@id\":\"https:\\\/\\\/inclusivenews.com.br\\\/#organization\",\"name\":\"Inclusive - inclus\u00e3o e cidadania\",\"url\":\"https:\\\/\\\/inclusivenews.com.br\\\/\",\"logo\":{\"@type\":\"ImageObject\",\"inLanguage\":\"pt-PT\",\"@id\":\"https:\\\/\\\/inclusivenews.com.br\\\/#\\\/schema\\\/logo\\\/image\\\/\",\"url\":\"https:\\\/\\\/inclusivenews.com.br\\\/wp-content\\\/uploads\\\/2024\\\/03\\\/@grandesite.png\",\"contentUrl\":\"https:\\\/\\\/inclusivenews.com.br\\\/wp-content\\\/uploads\\\/2024\\\/03\\\/@grandesite.png\",\"width\":1080,\"height\":1080,\"caption\":\"Inclusive - inclus\u00e3o e cidadania\"},\"image\":{\"@id\":\"https:\\\/\\\/inclusivenews.com.br\\\/#\\\/schema\\\/logo\\\/image\\\/\"},\"sameAs\":[\"https:\\\/\\\/www.facebook.com\\\/agenciainclusive\\\/\",\"https:\\\/\\\/www.instagram.com\\\/newsinclusive\\\/\"]},{\"@type\":\"Person\",\"@id\":\"https:\\\/\\\/inclusivenews.com.br\\\/#\\\/schema\\\/person\\\/0dab492019871b94abb65fa8ee7c8c44\",\"name\":\"Inclusive\",\"image\":{\"@type\":\"ImageObject\",\"inLanguage\":\"pt-PT\",\"@id\":\"https:\\\/\\\/secure.gravatar.com\\\/avatar\\\/?s=96&d=mm&r=g\",\"url\":\"https:\\\/\\\/secure.gravatar.com\\\/avatar\\\/?s=96&d=mm&r=g\",\"contentUrl\":\"https:\\\/\\\/secure.gravatar.com\\\/avatar\\\/?s=96&d=mm&r=g\",\"caption\":\"Inclusive\"},\"url\":\"https:\\\/\\\/inclusivenews.com.br\\\/?author=2\"}]}<\/script>\n<!-- \/ Yoast SEO plugin. -->","yoast_head_json":{"title":"Manual de Acessibilidade para Redes Sociais. -","robots":{"index":"index","follow":"follow","max-snippet":"max-snippet:-1","max-image-preview":"max-image-preview:large","max-video-preview":"max-video-preview:-1"},"canonical":"https:\/\/inclusivenews.com.br\/?p=32177","og_locale":"pt_PT","og_type":"article","og_title":"Manual de Acessibilidade para Redes Sociais. -","og_description":"Conhe\u00e7a o Manual elaborado por Jorge Rodrigues para as Redes Sociais. Com o crescimento de criadores de conte\u00fados digitais nas redes sociais, notei que diversos n\u00e3o produziam conte\u00fados acess\u00edveis para pessoas com defici\u00eancia e acaba endossando a exclus\u00e3o social. E a comunidade PcD sempre fez barulho, incentivou, cobrou aos influenciadores para que pudessem inserir legenda, [&hellip;]","og_url":"https:\/\/inclusivenews.com.br\/?p=32177","article_publisher":"https:\/\/www.facebook.com\/agenciainclusive\/","article_published_time":"2021-05-16T23:00:06+00:00","author":"Inclusive","twitter_card":"summary_large_image","twitter_misc":{"Escrito por":"Inclusive","Tempo estimado de leitura":"1 minuto"},"schema":{"@context":"https:\/\/schema.org","@graph":[{"@type":"Article","@id":"https:\/\/inclusivenews.com.br\/?p=32177#article","isPartOf":{"@id":"https:\/\/inclusivenews.com.br\/?p=32177"},"author":{"name":"Inclusive","@id":"https:\/\/inclusivenews.com.br\/#\/schema\/person\/0dab492019871b94abb65fa8ee7c8c44"},"headline":"Manual de Acessibilidade para Redes Sociais.","datePublished":"2021-05-16T23:00:06+00:00","mainEntityOfPage":{"@id":"https:\/\/inclusivenews.com.br\/?p=32177"},"wordCount":221,"commentCount":0,"publisher":{"@id":"https:\/\/inclusivenews.com.br\/#organization"},"image":{"@id":"https:\/\/inclusivenews.com.br\/?p=32177#primaryimage"},"thumbnailUrl":"","articleSection":["ACESSIBILIDADE"],"inLanguage":"pt-PT","potentialAction":[{"@type":"CommentAction","name":"Comment","target":["https:\/\/inclusivenews.com.br\/?p=32177#respond"]}]},{"@type":"WebPage","@id":"https:\/\/inclusivenews.com.br\/?p=32177","url":"https:\/\/inclusivenews.com.br\/?p=32177","name":"Manual de Acessibilidade para Redes Sociais. -","isPartOf":{"@id":"https:\/\/inclusivenews.com.br\/#website"},"primaryImageOfPage":{"@id":"https:\/\/inclusivenews.com.br\/?p=32177#primaryimage"},"image":{"@id":"https:\/\/inclusivenews.com.br\/?p=32177#primaryimage"},"thumbnailUrl":"","datePublished":"2021-05-16T23:00:06+00:00","breadcrumb":{"@id":"https:\/\/inclusivenews.com.br\/?p=32177#breadcrumb"},"inLanguage":"pt-PT","potentialAction":[{"@type":"ReadAction","target":["https:\/\/inclusivenews.com.br\/?p=32177"]}]},{"@type":"ImageObject","inLanguage":"pt-PT","@id":"https:\/\/inclusivenews.com.br\/?p=32177#primaryimage","url":"","contentUrl":""},{"@type":"BreadcrumbList","@id":"https:\/\/inclusivenews.com.br\/?p=32177#breadcrumb","itemListElement":[{"@type":"ListItem","position":1,"name":"In\u00edcio","item":"https:\/\/inclusivenews.com.br\/"},{"@type":"ListItem","position":2,"name":"Manual de Acessibilidade para Redes Sociais."}]},{"@type":"WebSite","@id":"https:\/\/inclusivenews.com.br\/#website","url":"https:\/\/inclusivenews.com.br\/","name":"Inclusive News","description":"Inclusive News","publisher":{"@id":"https:\/\/inclusivenews.com.br\/#organization"},"potentialAction":[{"@type":"SearchAction","target":{"@type":"EntryPoint","urlTemplate":"https:\/\/inclusivenews.com.br\/?s={search_term_string}"},"query-input":{"@type":"PropertyValueSpecification","valueRequired":true,"valueName":"search_term_string"}}],"inLanguage":"pt-PT"},{"@type":"Organization","@id":"https:\/\/inclusivenews.com.br\/#organization","name":"Inclusive - inclus\u00e3o e cidadania","url":"https:\/\/inclusivenews.com.br\/","logo":{"@type":"ImageObject","inLanguage":"pt-PT","@id":"https:\/\/inclusivenews.com.br\/#\/schema\/logo\/image\/","url":"https:\/\/inclusivenews.com.br\/wp-content\/uploads\/2024\/03\/@grandesite.png","contentUrl":"https:\/\/inclusivenews.com.br\/wp-content\/uploads\/2024\/03\/@grandesite.png","width":1080,"height":1080,"caption":"Inclusive - inclus\u00e3o e cidadania"},"image":{"@id":"https:\/\/inclusivenews.com.br\/#\/schema\/logo\/image\/"},"sameAs":["https:\/\/www.facebook.com\/agenciainclusive\/","https:\/\/www.instagram.com\/newsinclusive\/"]},{"@type":"Person","@id":"https:\/\/inclusivenews.com.br\/#\/schema\/person\/0dab492019871b94abb65fa8ee7c8c44","name":"Inclusive","image":{"@type":"ImageObject","inLanguage":"pt-PT","@id":"https:\/\/secure.gravatar.com\/avatar\/?s=96&d=mm&r=g","url":"https:\/\/secure.gravatar.com\/avatar\/?s=96&d=mm&r=g","contentUrl":"https:\/\/secure.gravatar.com\/avatar\/?s=96&d=mm&r=g","caption":"Inclusive"},"url":"https:\/\/inclusivenews.com.br\/?author=2"}]}},"_links":{"self":[{"href":"https:\/\/inclusivenews.com.br\/index.php?rest_route=\/wp\/v2\/posts\/32177","targetHints":{"allow":["GET"]}}],"collection":[{"href":"https:\/\/inclusivenews.com.br\/index.php?rest_route=\/wp\/v2\/posts"}],"about":[{"href":"https:\/\/inclusivenews.com.br\/index.php?rest_route=\/wp\/v2\/types\/post"}],"author":[{"embeddable":true,"href":"https:\/\/inclusivenews.com.br\/index.php?rest_route=\/wp\/v2\/users\/2"}],"replies":[{"embeddable":true,"href":"https:\/\/inclusivenews.com.br\/index.php?rest_route=%2Fwp%2Fv2%2Fcomments&post=32177"}],"version-history":[{"count":0,"href":"https:\/\/inclusivenews.com.br\/index.php?rest_route=\/wp\/v2\/posts\/32177\/revisions"}],"wp:featuredmedia":[{"embeddable":true,"href":"https:\/\/inclusivenews.com.br\/index.php?rest_route=\/"}],"wp:attachment":[{"href":"https:\/\/inclusivenews.com.br\/index.php?rest_route=%2Fwp%2Fv2%2Fmedia&parent=32177"}],"wp:term":[{"taxonomy":"category","embeddable":true,"href":"https:\/\/inclusivenews.com.br\/index.php?rest_route=%2Fwp%2Fv2%2Fcategories&post=32177"},{"taxonomy":"post_tag","embeddable":true,"href":"https:\/\/inclusivenews.com.br\/index.php?rest_route=%2Fwp%2Fv2%2Ftags&post=32177"}],"curies":[{"name":"wp","href":"https:\/\/api.w.org\/{rel}","templated":true}]}}