{"id":32182,"date":"2021-05-16T20:04:52","date_gmt":"2021-05-16T23:04:52","guid":{"rendered":"http:\/\/www.inclusive.org.br\/?p=32182"},"modified":"2021-05-16T20:04:52","modified_gmt":"2021-05-16T23:04:52","slug":"o-direito-a-moradia-independente","status":"publish","type":"post","link":"https:\/\/inclusivenews.com.br\/?p=32182","title":{"rendered":"O Direito \u00e0 Moradia Independente"},"content":{"rendered":"<p><a href=\"http:\/\/www.inclusive.org.br\/arquivos\/32182\/flavia-3\" rel=\"attachment wp-att-32183\"><img loading=\"lazy\" decoding=\"async\" class=\"alignnone size-medium wp-image-32183\" src=\"http:\/\/inclusivenews.com.br\/wp-content\/uploads\/flavia-300x300.jpeg\" alt=\"flavia poppe sorrindo\" width=\"300\" height=\"300\" \/><\/a><\/p>\n<p>Flavia Poppe<\/p>\n<p>A legisla\u00e7\u00e3o brasileira, no artigo 19 da Conven\u00e7\u00e3o Nacional dos Direitos das Pessoas com Defici\u00eancia e no artigo 31 da Lei Brasileira de Inclus\u00e3o aborda o direito \u00e0 moradia para vida independente e a possibilidade de que essa pessoa escolha como e com quem morar.<\/p>\n<p>Entretanto, as estat\u00edsticas mostram que o exerc\u00edcio deste direito est\u00e1 longe de ser alcan\u00e7ado. O Censo de 2010, revisado em 2017, registrou cerca de 16 milh\u00f5es de pessoas com defici\u00eancia, sendo que o n\u00famero de unidades de acolhimento oferecidas pelo Sistema \u00danico de Assist\u00eancia Social era 5.679 municipais e 118 estaduais. Deste total, apenas 174 eram resid\u00eancias inclusivas (unidades que acolhem at\u00e9 10 moradores e que fazem parte da pol\u00edtica nacional de assist\u00eancia social em vigor), sendo que 259 ainda recebem de 80 a 100 pessoas por unidade.<\/p>\n<p>Dada a dimens\u00e3o do Brasil, as diferen\u00e7as regionais revelam desigualdades: enquanto Sul e Sudeste (as regi\u00f5es mais ricas do pa\u00eds) possuem 57% do total das pessoas com defici\u00eancia e 75% do total das unidades de acolhimento, o Nordeste possui 31% do total da popula\u00e7\u00e3o com defici\u00eancia e apenas 12% das unidades dispon\u00edveis.<\/p>\n<p>Neste contexto, o Instituto JNG (<a href=\"https:\/\/www.institutojng.org.br\">https:\/\/www.institutojng.org.br<\/a>) \/foi criado em 2013 para influenciar o debate sobre modelos alternativos de moradias para a vida independente. Estamos implantando, em fase piloto, moradias individuais agrupadas em 8 a 10 unidades em edif\u00edcios para pessoas com e sem defici\u00eancia. Uma destas destina-se a ser a base para agentes de apoio que, em regime de plant\u00e3o 24 horas, ir\u00e3o monitorar as rotinas dos moradores com defici\u00eancia e oferecer programas de apoio contratados individualmente.<\/p>\n<p>Ao longo do nosso recente percurso, aprendemos que existe uma combina\u00e7\u00e3o de quatro fatores que explicam a falta de oferta e acesso a moradias.<\/p>\n<p>O primeiro \u00e9 a cultura da fam\u00edlia brasileira, que acredita que o melhor cuidado para um filho ou filha com defici\u00eancia \u00e9 o da m\u00e3e e, na sua falta, de outro familiar. Costuma-se confundir a separa\u00e7\u00e3o do filho com abandono.<\/p>\n<p>Esse fator se conecta estreitamente com o segundo: a aus\u00eancia de pol\u00edticas p\u00fablicas para esta popula\u00e7\u00e3o. A pol\u00edtica nacional de assist\u00eancia social destina resid\u00eancias inclusivas a pessoas de baixa renda e sem v\u00ednculo familiar, refor\u00e7ando a cultura de que o melhor cuidado \u00e9 o da fam\u00edlia. Moradias, para o governo, representam investimentos sem retorno porque s\u00e3o solu\u00e7\u00f5es para aqueles que n\u00e3o possuem mais alternativas na vida.<\/p>\n<p>O terceiro fator \u00e9 necessidade de revis\u00e3o da linha de cuidado, m\u00e9todos e processos. O tipo de apoio oferecido deve ser adequado ao perfil dos moradores e n\u00e3o definido a priori porque, em muitos casos, gera custo desnecess\u00e1rio.<\/p>\n<p>Finalmente, o fator que mais nitidamente impede uma vida adulta digna com autonomia \u00e9 o custo para o governo <strong>e <\/strong>para as fam\u00edlias. Faltam iniciativas para introduzir novos modelos de financiamento que ampliem a participa\u00e7\u00e3o do setor privado e das pr\u00f3prias fam\u00edlias.<\/p>\n<p>Da\u00ed a import\u00e2ncia do Instituto JNG.<\/p>\n<p>Flavia Poppe<br \/>\nDiretora<\/p>\n<p><a href=\"http:\/\/www.institutojng.org.br\/\">www.institutojng.org.br<\/a><\/p>\n","protected":false},"excerpt":{"rendered":"<p>Flavia Poppe A legisla\u00e7\u00e3o brasileira, no artigo 19 da Conven\u00e7\u00e3o Nacional dos Direitos das Pessoas com Defici\u00eancia e no artigo 31 da Lei Brasileira de Inclus\u00e3o aborda o direito \u00e0 moradia para vida independente e a possibilidade de que essa pessoa escolha como e com quem morar. Entretanto, as estat\u00edsticas mostram que o exerc\u00edcio deste [&hellip;]<\/p>\n","protected":false},"author":2,"featured_media":32183,"comment_status":"open","ping_status":"open","sticky":false,"template":"","format":"standard","meta":{"site-container-style":"default","site-container-layout":"default","site-sidebar-layout":"default","disable-article-header":"default","disable-site-header":"default","disable-site-footer":"default","disable-content-area-spacing":"default","footnotes":""},"categories":[49],"tags":[],"class_list":["post-32182","post","type-post","status-publish","format-standard","has-post-thumbnail","hentry","category-politicas-publicas"],"yoast_head":"<!-- This site is optimized with the Yoast SEO plugin v27.4 - https:\/\/yoast.com\/product\/yoast-seo-wordpress\/ -->\n<title>O Direito \u00e0 Moradia Independente -<\/title>\n<meta name=\"robots\" content=\"index, follow, max-snippet:-1, max-image-preview:large, max-video-preview:-1\" \/>\n<link rel=\"canonical\" href=\"https:\/\/inclusivenews.com.br\/?p=32182\" \/>\n<meta property=\"og:locale\" content=\"pt_PT\" \/>\n<meta property=\"og:type\" content=\"article\" \/>\n<meta property=\"og:title\" content=\"O Direito \u00e0 Moradia Independente -\" \/>\n<meta property=\"og:description\" content=\"Flavia Poppe A legisla\u00e7\u00e3o brasileira, no artigo 19 da Conven\u00e7\u00e3o Nacional dos Direitos das Pessoas com Defici\u00eancia e no artigo 31 da Lei Brasileira de Inclus\u00e3o aborda o direito \u00e0 moradia para vida independente e a possibilidade de que essa pessoa escolha como e com quem morar. Entretanto, as estat\u00edsticas mostram que o exerc\u00edcio deste [&hellip;]\" \/>\n<meta property=\"og:url\" content=\"https:\/\/inclusivenews.com.br\/?p=32182\" \/>\n<meta property=\"article:publisher\" content=\"https:\/\/www.facebook.com\/agenciainclusive\/\" \/>\n<meta property=\"article:published_time\" content=\"2021-05-16T23:04:52+00:00\" \/>\n<meta name=\"author\" content=\"Inclusive\" \/>\n<meta name=\"twitter:card\" content=\"summary_large_image\" \/>\n<meta name=\"twitter:label1\" content=\"Escrito por\" \/>\n\t<meta name=\"twitter:data1\" content=\"Inclusive\" \/>\n\t<meta name=\"twitter:label2\" content=\"Tempo estimado de leitura\" \/>\n\t<meta name=\"twitter:data2\" content=\"3 minutos\" \/>\n<script type=\"application\/ld+json\" class=\"yoast-schema-graph\">{\"@context\":\"https:\\\/\\\/schema.org\",\"@graph\":[{\"@type\":\"Article\",\"@id\":\"https:\\\/\\\/inclusivenews.com.br\\\/?p=32182#article\",\"isPartOf\":{\"@id\":\"https:\\\/\\\/inclusivenews.com.br\\\/?p=32182\"},\"author\":{\"name\":\"Inclusive\",\"@id\":\"https:\\\/\\\/inclusivenews.com.br\\\/#\\\/schema\\\/person\\\/0dab492019871b94abb65fa8ee7c8c44\"},\"headline\":\"O Direito \u00e0 Moradia Independente\",\"datePublished\":\"2021-05-16T23:04:52+00:00\",\"mainEntityOfPage\":{\"@id\":\"https:\\\/\\\/inclusivenews.com.br\\\/?p=32182\"},\"wordCount\":523,\"commentCount\":0,\"publisher\":{\"@id\":\"https:\\\/\\\/inclusivenews.com.br\\\/#organization\"},\"image\":{\"@id\":\"https:\\\/\\\/inclusivenews.com.br\\\/?p=32182#primaryimage\"},\"thumbnailUrl\":\"\",\"articleSection\":[\"Pol\u00edticas p\u00fablicas\"],\"inLanguage\":\"pt-PT\",\"potentialAction\":[{\"@type\":\"CommentAction\",\"name\":\"Comment\",\"target\":[\"https:\\\/\\\/inclusivenews.com.br\\\/?p=32182#respond\"]}]},{\"@type\":\"WebPage\",\"@id\":\"https:\\\/\\\/inclusivenews.com.br\\\/?p=32182\",\"url\":\"https:\\\/\\\/inclusivenews.com.br\\\/?p=32182\",\"name\":\"O Direito \u00e0 Moradia Independente -\",\"isPartOf\":{\"@id\":\"https:\\\/\\\/inclusivenews.com.br\\\/#website\"},\"primaryImageOfPage\":{\"@id\":\"https:\\\/\\\/inclusivenews.com.br\\\/?p=32182#primaryimage\"},\"image\":{\"@id\":\"https:\\\/\\\/inclusivenews.com.br\\\/?p=32182#primaryimage\"},\"thumbnailUrl\":\"\",\"datePublished\":\"2021-05-16T23:04:52+00:00\",\"breadcrumb\":{\"@id\":\"https:\\\/\\\/inclusivenews.com.br\\\/?p=32182#breadcrumb\"},\"inLanguage\":\"pt-PT\",\"potentialAction\":[{\"@type\":\"ReadAction\",\"target\":[\"https:\\\/\\\/inclusivenews.com.br\\\/?p=32182\"]}]},{\"@type\":\"ImageObject\",\"inLanguage\":\"pt-PT\",\"@id\":\"https:\\\/\\\/inclusivenews.com.br\\\/?p=32182#primaryimage\",\"url\":\"\",\"contentUrl\":\"\"},{\"@type\":\"BreadcrumbList\",\"@id\":\"https:\\\/\\\/inclusivenews.com.br\\\/?p=32182#breadcrumb\",\"itemListElement\":[{\"@type\":\"ListItem\",\"position\":1,\"name\":\"In\u00edcio\",\"item\":\"https:\\\/\\\/inclusivenews.com.br\\\/\"},{\"@type\":\"ListItem\",\"position\":2,\"name\":\"O Direito \u00e0 Moradia Independente\"}]},{\"@type\":\"WebSite\",\"@id\":\"https:\\\/\\\/inclusivenews.com.br\\\/#website\",\"url\":\"https:\\\/\\\/inclusivenews.com.br\\\/\",\"name\":\"Inclusive News\",\"description\":\"Inclusive News\",\"publisher\":{\"@id\":\"https:\\\/\\\/inclusivenews.com.br\\\/#organization\"},\"potentialAction\":[{\"@type\":\"SearchAction\",\"target\":{\"@type\":\"EntryPoint\",\"urlTemplate\":\"https:\\\/\\\/inclusivenews.com.br\\\/?s={search_term_string}\"},\"query-input\":{\"@type\":\"PropertyValueSpecification\",\"valueRequired\":true,\"valueName\":\"search_term_string\"}}],\"inLanguage\":\"pt-PT\"},{\"@type\":\"Organization\",\"@id\":\"https:\\\/\\\/inclusivenews.com.br\\\/#organization\",\"name\":\"Inclusive - inclus\u00e3o e cidadania\",\"url\":\"https:\\\/\\\/inclusivenews.com.br\\\/\",\"logo\":{\"@type\":\"ImageObject\",\"inLanguage\":\"pt-PT\",\"@id\":\"https:\\\/\\\/inclusivenews.com.br\\\/#\\\/schema\\\/logo\\\/image\\\/\",\"url\":\"https:\\\/\\\/inclusivenews.com.br\\\/wp-content\\\/uploads\\\/2024\\\/03\\\/@grandesite.png\",\"contentUrl\":\"https:\\\/\\\/inclusivenews.com.br\\\/wp-content\\\/uploads\\\/2024\\\/03\\\/@grandesite.png\",\"width\":1080,\"height\":1080,\"caption\":\"Inclusive - inclus\u00e3o e cidadania\"},\"image\":{\"@id\":\"https:\\\/\\\/inclusivenews.com.br\\\/#\\\/schema\\\/logo\\\/image\\\/\"},\"sameAs\":[\"https:\\\/\\\/www.facebook.com\\\/agenciainclusive\\\/\",\"https:\\\/\\\/www.instagram.com\\\/newsinclusive\\\/\"]},{\"@type\":\"Person\",\"@id\":\"https:\\\/\\\/inclusivenews.com.br\\\/#\\\/schema\\\/person\\\/0dab492019871b94abb65fa8ee7c8c44\",\"name\":\"Inclusive\",\"image\":{\"@type\":\"ImageObject\",\"inLanguage\":\"pt-PT\",\"@id\":\"https:\\\/\\\/secure.gravatar.com\\\/avatar\\\/?s=96&d=mm&r=g\",\"url\":\"https:\\\/\\\/secure.gravatar.com\\\/avatar\\\/?s=96&d=mm&r=g\",\"contentUrl\":\"https:\\\/\\\/secure.gravatar.com\\\/avatar\\\/?s=96&d=mm&r=g\",\"caption\":\"Inclusive\"},\"url\":\"https:\\\/\\\/inclusivenews.com.br\\\/?author=2\"}]}<\/script>\n<!-- \/ Yoast SEO plugin. -->","yoast_head_json":{"title":"O Direito \u00e0 Moradia Independente -","robots":{"index":"index","follow":"follow","max-snippet":"max-snippet:-1","max-image-preview":"max-image-preview:large","max-video-preview":"max-video-preview:-1"},"canonical":"https:\/\/inclusivenews.com.br\/?p=32182","og_locale":"pt_PT","og_type":"article","og_title":"O Direito \u00e0 Moradia Independente -","og_description":"Flavia Poppe A legisla\u00e7\u00e3o brasileira, no artigo 19 da Conven\u00e7\u00e3o Nacional dos Direitos das Pessoas com Defici\u00eancia e no artigo 31 da Lei Brasileira de Inclus\u00e3o aborda o direito \u00e0 moradia para vida independente e a possibilidade de que essa pessoa escolha como e com quem morar. Entretanto, as estat\u00edsticas mostram que o exerc\u00edcio deste [&hellip;]","og_url":"https:\/\/inclusivenews.com.br\/?p=32182","article_publisher":"https:\/\/www.facebook.com\/agenciainclusive\/","article_published_time":"2021-05-16T23:04:52+00:00","author":"Inclusive","twitter_card":"summary_large_image","twitter_misc":{"Escrito por":"Inclusive","Tempo estimado de leitura":"3 minutos"},"schema":{"@context":"https:\/\/schema.org","@graph":[{"@type":"Article","@id":"https:\/\/inclusivenews.com.br\/?p=32182#article","isPartOf":{"@id":"https:\/\/inclusivenews.com.br\/?p=32182"},"author":{"name":"Inclusive","@id":"https:\/\/inclusivenews.com.br\/#\/schema\/person\/0dab492019871b94abb65fa8ee7c8c44"},"headline":"O Direito \u00e0 Moradia Independente","datePublished":"2021-05-16T23:04:52+00:00","mainEntityOfPage":{"@id":"https:\/\/inclusivenews.com.br\/?p=32182"},"wordCount":523,"commentCount":0,"publisher":{"@id":"https:\/\/inclusivenews.com.br\/#organization"},"image":{"@id":"https:\/\/inclusivenews.com.br\/?p=32182#primaryimage"},"thumbnailUrl":"","articleSection":["Pol\u00edticas p\u00fablicas"],"inLanguage":"pt-PT","potentialAction":[{"@type":"CommentAction","name":"Comment","target":["https:\/\/inclusivenews.com.br\/?p=32182#respond"]}]},{"@type":"WebPage","@id":"https:\/\/inclusivenews.com.br\/?p=32182","url":"https:\/\/inclusivenews.com.br\/?p=32182","name":"O Direito \u00e0 Moradia Independente -","isPartOf":{"@id":"https:\/\/inclusivenews.com.br\/#website"},"primaryImageOfPage":{"@id":"https:\/\/inclusivenews.com.br\/?p=32182#primaryimage"},"image":{"@id":"https:\/\/inclusivenews.com.br\/?p=32182#primaryimage"},"thumbnailUrl":"","datePublished":"2021-05-16T23:04:52+00:00","breadcrumb":{"@id":"https:\/\/inclusivenews.com.br\/?p=32182#breadcrumb"},"inLanguage":"pt-PT","potentialAction":[{"@type":"ReadAction","target":["https:\/\/inclusivenews.com.br\/?p=32182"]}]},{"@type":"ImageObject","inLanguage":"pt-PT","@id":"https:\/\/inclusivenews.com.br\/?p=32182#primaryimage","url":"","contentUrl":""},{"@type":"BreadcrumbList","@id":"https:\/\/inclusivenews.com.br\/?p=32182#breadcrumb","itemListElement":[{"@type":"ListItem","position":1,"name":"In\u00edcio","item":"https:\/\/inclusivenews.com.br\/"},{"@type":"ListItem","position":2,"name":"O Direito \u00e0 Moradia Independente"}]},{"@type":"WebSite","@id":"https:\/\/inclusivenews.com.br\/#website","url":"https:\/\/inclusivenews.com.br\/","name":"Inclusive News","description":"Inclusive News","publisher":{"@id":"https:\/\/inclusivenews.com.br\/#organization"},"potentialAction":[{"@type":"SearchAction","target":{"@type":"EntryPoint","urlTemplate":"https:\/\/inclusivenews.com.br\/?s={search_term_string}"},"query-input":{"@type":"PropertyValueSpecification","valueRequired":true,"valueName":"search_term_string"}}],"inLanguage":"pt-PT"},{"@type":"Organization","@id":"https:\/\/inclusivenews.com.br\/#organization","name":"Inclusive - inclus\u00e3o e cidadania","url":"https:\/\/inclusivenews.com.br\/","logo":{"@type":"ImageObject","inLanguage":"pt-PT","@id":"https:\/\/inclusivenews.com.br\/#\/schema\/logo\/image\/","url":"https:\/\/inclusivenews.com.br\/wp-content\/uploads\/2024\/03\/@grandesite.png","contentUrl":"https:\/\/inclusivenews.com.br\/wp-content\/uploads\/2024\/03\/@grandesite.png","width":1080,"height":1080,"caption":"Inclusive - inclus\u00e3o e cidadania"},"image":{"@id":"https:\/\/inclusivenews.com.br\/#\/schema\/logo\/image\/"},"sameAs":["https:\/\/www.facebook.com\/agenciainclusive\/","https:\/\/www.instagram.com\/newsinclusive\/"]},{"@type":"Person","@id":"https:\/\/inclusivenews.com.br\/#\/schema\/person\/0dab492019871b94abb65fa8ee7c8c44","name":"Inclusive","image":{"@type":"ImageObject","inLanguage":"pt-PT","@id":"https:\/\/secure.gravatar.com\/avatar\/?s=96&d=mm&r=g","url":"https:\/\/secure.gravatar.com\/avatar\/?s=96&d=mm&r=g","contentUrl":"https:\/\/secure.gravatar.com\/avatar\/?s=96&d=mm&r=g","caption":"Inclusive"},"url":"https:\/\/inclusivenews.com.br\/?author=2"}]}},"_links":{"self":[{"href":"https:\/\/inclusivenews.com.br\/index.php?rest_route=\/wp\/v2\/posts\/32182","targetHints":{"allow":["GET"]}}],"collection":[{"href":"https:\/\/inclusivenews.com.br\/index.php?rest_route=\/wp\/v2\/posts"}],"about":[{"href":"https:\/\/inclusivenews.com.br\/index.php?rest_route=\/wp\/v2\/types\/post"}],"author":[{"embeddable":true,"href":"https:\/\/inclusivenews.com.br\/index.php?rest_route=\/wp\/v2\/users\/2"}],"replies":[{"embeddable":true,"href":"https:\/\/inclusivenews.com.br\/index.php?rest_route=%2Fwp%2Fv2%2Fcomments&post=32182"}],"version-history":[{"count":0,"href":"https:\/\/inclusivenews.com.br\/index.php?rest_route=\/wp\/v2\/posts\/32182\/revisions"}],"wp:featuredmedia":[{"embeddable":true,"href":"https:\/\/inclusivenews.com.br\/index.php?rest_route=\/"}],"wp:attachment":[{"href":"https:\/\/inclusivenews.com.br\/index.php?rest_route=%2Fwp%2Fv2%2Fmedia&parent=32182"}],"wp:term":[{"taxonomy":"category","embeddable":true,"href":"https:\/\/inclusivenews.com.br\/index.php?rest_route=%2Fwp%2Fv2%2Fcategories&post=32182"},{"taxonomy":"post_tag","embeddable":true,"href":"https:\/\/inclusivenews.com.br\/index.php?rest_route=%2Fwp%2Fv2%2Ftags&post=32182"}],"curies":[{"name":"wp","href":"https:\/\/api.w.org\/{rel}","templated":true}]}}