{"id":32187,"date":"2021-05-21T16:19:40","date_gmt":"2021-05-21T19:19:40","guid":{"rendered":"http:\/\/www.inclusive.org.br\/?p=32187"},"modified":"2021-05-21T16:19:40","modified_gmt":"2021-05-21T19:19:40","slug":"relacionamento-conceitual-dimensoes-de-acessibilidade-barreiras-praticas-e-exemplos","status":"publish","type":"post","link":"https:\/\/inclusivenews.com.br\/?p=32187","title":{"rendered":"Relacionamento conceitual: dimens\u00f5es de acessibilidade, barreiras, pr\u00e1ticas e exemplos"},"content":{"rendered":"<p>A tabela abaixo foi constru\u00edda dar exemplos dos conceitos de acessibilidade e de barreiras que est\u00e3o na Conven\u00e7\u00e3o sobre os Direitos das Pessoas com Defici\u00eancia, porque eles guardam equival\u00eancia entre si, como faces da mesma moeda.<\/p>\n<p>Quando n\u00e3o h\u00e1 acessibilidade arquitet\u00f4nica, por exemplo, pessoas com defici\u00eancia, mobilidade reduzida ou outras condi\u00e7\u00f5es podem enfrentar dificuldades em fun\u00e7\u00e3o das barreiras existentes.<\/p>\n<p><a href=\"http:\/\/www.inclusive.org.br\/arquivos\/32187\/marta-2\" rel=\"attachment wp-att-32188\"><img loading=\"lazy\" decoding=\"async\" class=\"alignnone size-medium wp-image-32188\" src=\"http:\/\/inclusivenews.com.br\/wp-content\/uploads\/marta-300x186.png\" alt=\"imagem de tabela. texto no post\" width=\"300\" height=\"186\" \/><\/a><\/p>\n<table width=\"998\">\n<tbody>\n<tr>\n<td width=\"333\"><strong>Acessibilidade<\/strong><\/td>\n<td width=\"333\"><strong>Barreiras<\/strong><\/td>\n<td width=\"333\"><strong>Pr\u00e1ticas e exemplos<\/strong><\/td>\n<\/tr>\n<tr>\n<td width=\"333\"><strong>Arquitet\u00f4nica<\/strong><\/p>\n<p>Aus\u00eancia de barreiras f\u00edsicas constru\u00eddas no ambiente interno e no entorno de edifica\u00e7\u00f5es, nos meios de transporte coletivo e vias p\u00fablicas.<\/td>\n<td width=\"333\">Dificuldade ou impossibilidade de entrar e\/ou permanecer em um local, com seguran\u00e7a e dignidade.<\/td>\n<td width=\"333\">Providenciar rampas, banheiros adaptados, plataformas elevat\u00f3rias, piso t\u00e1til, entre outros.<\/td>\n<\/tr>\n<tr>\n<td width=\"333\"><strong>Comunicacional<\/strong><\/p>\n<p>Aus\u00eancia de barreiras na comunica\u00e7\u00e3o face a face, escrita e virtual.<\/td>\n<td width=\"333\">Dificuldade ou impossibilidade de se comunicar com outras pessoas, no mundo f\u00edsico ou digital.<\/td>\n<td width=\"333\">Providenciar int\u00e9rprete de Libras, textos em formato acess\u00edvel, ambientes virtuais com acessibilidade digital,<\/td>\n<\/tr>\n<tr>\n<td width=\"333\"><strong>Atitudinal<\/strong><\/p>\n<p>Aus\u00eancia de barreiras culturais (preconceitos, estigmas, estere\u00f3tipos e discrimina\u00e7\u00f5es), como resultado de programas e pr\u00e1ticas de sensibiliza\u00e7\u00e3o, conscientiza\u00e7\u00e3o e conviv\u00eancia.<\/td>\n<td width=\"333\">Comportamentos de segrega\u00e7\u00e3o, preconceito e discrimina\u00e7\u00e3o.<\/td>\n<td width=\"333\">Destinar recursos (da empresa ou da institui\u00e7\u00e3o) para implementar a\u00e7\u00f5es e projetos que promovam a acessibilidade, em qualquer uma das dimens\u00f5es.<\/td>\n<\/tr>\n<tr>\n<td width=\"333\"><strong>Program\u00e1tica<\/strong><\/p>\n<p>Aus\u00eancia de barreiras constantes em Normas de servi\u00e7o, avisos, not\u00edcias, pol\u00edticas da organiza\u00e7\u00e3o, manuais operacionais, regulamentos internos etc.<\/td>\n<td width=\"333\">Dificuldade ou impossibilidade de compreender Normas de Servi\u00e7o, avisos, Regulamento escolar.<\/td>\n<td width=\"333\">Implantar processos de sensibiliza\u00e7\u00e3o e aplica\u00e7\u00e3o de dispositivos legais e de pol\u00edticas relacionadas \u00e0 inclus\u00e3o, utilizando recursos de acessibilidade.<\/td>\n<\/tr>\n<tr>\n<td width=\"333\"><strong>Metodol\u00f3gica (ou pedag\u00f3gica)<\/strong><\/p>\n<p>Aus\u00eancia de barreiras nos m\u00e9todos, teorias e t\u00e9cnicas de trabalho ou de aprendizagem.<\/td>\n<td width=\"333\">Dificuldade ou impossibilidade de compreender conte\u00fados educacionais, conceitos te\u00f3ricos e m\u00e9todos de trabalho.<\/td>\n<td width=\"333\">Implantar processos de diversifica\u00e7\u00e3o curricular, flexibiliza\u00e7\u00e3o do tempo e formas de conceber a aprendizagem e a avalia\u00e7\u00e3o.<\/p>\n<p>Implantar novas metodologias de execu\u00e7\u00e3o de servi\u00e7os; uso de v\u00e1rios estilos de aprendizagem; novos conceitos de avalia\u00e7\u00e3o de conhecimentos e habilidades, novos conceitos de fluxograma, produtividade, etc.<\/td>\n<\/tr>\n<tr>\n<td width=\"333\"><strong>Instrumental<\/strong><\/p>\n<p>Aus\u00eancia de barreiras nos instrumentos, ferramentas e utens\u00edlios de trabalho, estudo e outros.<\/p>\n<p>&nbsp;<\/td>\n<td width=\"333\">Dificuldade ou impossibilidade de ter acesso a Tecnologias Assistivas ou ferramentas e equipamentos adaptados para desempenhar tarefas na escola, no trabalho e\/ou na vida di\u00e1ria.<\/td>\n<td width=\"333\">Tecnologias assistivas incorporadas em l\u00e1pis, caneta, r\u00e9gua, teclado de computador, quadros de comunica\u00e7\u00e3o aumentativa, aparelhos de uso no trabalho, ferramentas, m\u00e1quinas, equipamentos.<\/p>\n<p>Envolve as outras dimens\u00f5es da acessibilidade.<\/p>\n<p>Sua presen\u00e7a reflete a qualidade do processo de inclus\u00e3o.<\/td>\n<\/tr>\n<\/tbody>\n<\/table>\n<p>Tabela desenvolvida por Marta Gil e Maria de F\u00e1tima e Silva; baseada no artigo \u201c<em>Sete Dimens\u00f5es da Acessibilidade<\/em>\u201d, de Romeu Sassaki e na publica\u00e7\u00e3o \u201c<em>Referenciais de acessibilidade na educa\u00e7\u00e3o superior e a avalia\u00e7\u00e3o in loco do sistema nacional de avalia\u00e7\u00e3o da educa\u00e7\u00e3o superior (SINAES)\u201d, <\/em>MEC 2013<em>, <\/em><a href=\"http:\/\/www.ampesc.org.br\/_arquivos\/download\/1382550379.pdf\">http:\/\/www.ampesc.org.br\/_arquivos\/download\/1382550379.pdf<\/a><\/p>\n","protected":false},"excerpt":{"rendered":"<p>A tabela abaixo foi constru\u00edda dar exemplos dos conceitos de acessibilidade e de barreiras que est\u00e3o na Conven\u00e7\u00e3o sobre os Direitos das Pessoas com Defici\u00eancia, porque eles guardam equival\u00eancia entre si, como faces da mesma moeda. Quando n\u00e3o h\u00e1 acessibilidade arquitet\u00f4nica, por exemplo, pessoas com defici\u00eancia, mobilidade reduzida ou outras condi\u00e7\u00f5es podem enfrentar dificuldades em [&hellip;]<\/p>\n","protected":false},"author":2,"featured_media":32188,"comment_status":"open","ping_status":"open","sticky":false,"template":"","format":"standard","meta":{"site-container-style":"default","site-container-layout":"default","site-sidebar-layout":"default","disable-article-header":"default","disable-site-header":"default","disable-site-footer":"default","disable-content-area-spacing":"default","footnotes":""},"categories":[44],"tags":[],"class_list":["post-32187","post","type-post","status-publish","format-standard","has-post-thumbnail","hentry","category-acessibilidade"],"yoast_head":"<!-- This site is optimized with the Yoast SEO plugin v27.4 - https:\/\/yoast.com\/product\/yoast-seo-wordpress\/ -->\n<title>Relacionamento conceitual: dimens\u00f5es de acessibilidade, barreiras, pr\u00e1ticas e exemplos -<\/title>\n<meta name=\"robots\" content=\"index, follow, max-snippet:-1, max-image-preview:large, max-video-preview:-1\" \/>\n<link rel=\"canonical\" href=\"https:\/\/inclusivenews.com.br\/?p=32187\" \/>\n<meta property=\"og:locale\" content=\"pt_PT\" \/>\n<meta property=\"og:type\" content=\"article\" \/>\n<meta property=\"og:title\" content=\"Relacionamento conceitual: dimens\u00f5es de acessibilidade, barreiras, pr\u00e1ticas e exemplos -\" \/>\n<meta property=\"og:description\" content=\"A tabela abaixo foi constru\u00edda dar exemplos dos conceitos de acessibilidade e de barreiras que est\u00e3o na Conven\u00e7\u00e3o sobre os Direitos das Pessoas com Defici\u00eancia, porque eles guardam equival\u00eancia entre si, como faces da mesma moeda. Quando n\u00e3o h\u00e1 acessibilidade arquitet\u00f4nica, por exemplo, pessoas com defici\u00eancia, mobilidade reduzida ou outras condi\u00e7\u00f5es podem enfrentar dificuldades em [&hellip;]\" \/>\n<meta property=\"og:url\" content=\"https:\/\/inclusivenews.com.br\/?p=32187\" \/>\n<meta property=\"article:publisher\" content=\"https:\/\/www.facebook.com\/agenciainclusive\/\" \/>\n<meta property=\"article:published_time\" content=\"2021-05-21T19:19:40+00:00\" \/>\n<meta name=\"author\" content=\"Inclusive\" \/>\n<meta name=\"twitter:card\" content=\"summary_large_image\" \/>\n<meta name=\"twitter:label1\" content=\"Escrito por\" \/>\n\t<meta name=\"twitter:data1\" content=\"Inclusive\" \/>\n\t<meta name=\"twitter:label2\" content=\"Tempo estimado de leitura\" \/>\n\t<meta name=\"twitter:data2\" content=\"3 minutos\" \/>\n<script type=\"application\/ld+json\" class=\"yoast-schema-graph\">{\"@context\":\"https:\\\/\\\/schema.org\",\"@graph\":[{\"@type\":\"Article\",\"@id\":\"https:\\\/\\\/inclusivenews.com.br\\\/?p=32187#article\",\"isPartOf\":{\"@id\":\"https:\\\/\\\/inclusivenews.com.br\\\/?p=32187\"},\"author\":{\"name\":\"Inclusive\",\"@id\":\"https:\\\/\\\/inclusivenews.com.br\\\/#\\\/schema\\\/person\\\/0dab492019871b94abb65fa8ee7c8c44\"},\"headline\":\"Relacionamento conceitual: dimens\u00f5es de acessibilidade, barreiras, pr\u00e1ticas e exemplos\",\"datePublished\":\"2021-05-21T19:19:40+00:00\",\"mainEntityOfPage\":{\"@id\":\"https:\\\/\\\/inclusivenews.com.br\\\/?p=32187\"},\"wordCount\":541,\"commentCount\":2,\"publisher\":{\"@id\":\"https:\\\/\\\/inclusivenews.com.br\\\/#organization\"},\"image\":{\"@id\":\"https:\\\/\\\/inclusivenews.com.br\\\/?p=32187#primaryimage\"},\"thumbnailUrl\":\"\",\"articleSection\":[\"ACESSIBILIDADE\"],\"inLanguage\":\"pt-PT\",\"potentialAction\":[{\"@type\":\"CommentAction\",\"name\":\"Comment\",\"target\":[\"https:\\\/\\\/inclusivenews.com.br\\\/?p=32187#respond\"]}]},{\"@type\":\"WebPage\",\"@id\":\"https:\\\/\\\/inclusivenews.com.br\\\/?p=32187\",\"url\":\"https:\\\/\\\/inclusivenews.com.br\\\/?p=32187\",\"name\":\"Relacionamento conceitual: dimens\u00f5es de acessibilidade, barreiras, pr\u00e1ticas e exemplos -\",\"isPartOf\":{\"@id\":\"https:\\\/\\\/inclusivenews.com.br\\\/#website\"},\"primaryImageOfPage\":{\"@id\":\"https:\\\/\\\/inclusivenews.com.br\\\/?p=32187#primaryimage\"},\"image\":{\"@id\":\"https:\\\/\\\/inclusivenews.com.br\\\/?p=32187#primaryimage\"},\"thumbnailUrl\":\"\",\"datePublished\":\"2021-05-21T19:19:40+00:00\",\"breadcrumb\":{\"@id\":\"https:\\\/\\\/inclusivenews.com.br\\\/?p=32187#breadcrumb\"},\"inLanguage\":\"pt-PT\",\"potentialAction\":[{\"@type\":\"ReadAction\",\"target\":[\"https:\\\/\\\/inclusivenews.com.br\\\/?p=32187\"]}]},{\"@type\":\"ImageObject\",\"inLanguage\":\"pt-PT\",\"@id\":\"https:\\\/\\\/inclusivenews.com.br\\\/?p=32187#primaryimage\",\"url\":\"\",\"contentUrl\":\"\"},{\"@type\":\"BreadcrumbList\",\"@id\":\"https:\\\/\\\/inclusivenews.com.br\\\/?p=32187#breadcrumb\",\"itemListElement\":[{\"@type\":\"ListItem\",\"position\":1,\"name\":\"In\u00edcio\",\"item\":\"https:\\\/\\\/inclusivenews.com.br\\\/\"},{\"@type\":\"ListItem\",\"position\":2,\"name\":\"Relacionamento conceitual: dimens\u00f5es de acessibilidade, barreiras, pr\u00e1ticas e exemplos\"}]},{\"@type\":\"WebSite\",\"@id\":\"https:\\\/\\\/inclusivenews.com.br\\\/#website\",\"url\":\"https:\\\/\\\/inclusivenews.com.br\\\/\",\"name\":\"Inclusive News\",\"description\":\"Inclusive News\",\"publisher\":{\"@id\":\"https:\\\/\\\/inclusivenews.com.br\\\/#organization\"},\"potentialAction\":[{\"@type\":\"SearchAction\",\"target\":{\"@type\":\"EntryPoint\",\"urlTemplate\":\"https:\\\/\\\/inclusivenews.com.br\\\/?s={search_term_string}\"},\"query-input\":{\"@type\":\"PropertyValueSpecification\",\"valueRequired\":true,\"valueName\":\"search_term_string\"}}],\"inLanguage\":\"pt-PT\"},{\"@type\":\"Organization\",\"@id\":\"https:\\\/\\\/inclusivenews.com.br\\\/#organization\",\"name\":\"Inclusive - inclus\u00e3o e cidadania\",\"url\":\"https:\\\/\\\/inclusivenews.com.br\\\/\",\"logo\":{\"@type\":\"ImageObject\",\"inLanguage\":\"pt-PT\",\"@id\":\"https:\\\/\\\/inclusivenews.com.br\\\/#\\\/schema\\\/logo\\\/image\\\/\",\"url\":\"https:\\\/\\\/inclusivenews.com.br\\\/wp-content\\\/uploads\\\/2024\\\/03\\\/@grandesite.png\",\"contentUrl\":\"https:\\\/\\\/inclusivenews.com.br\\\/wp-content\\\/uploads\\\/2024\\\/03\\\/@grandesite.png\",\"width\":1080,\"height\":1080,\"caption\":\"Inclusive - inclus\u00e3o e cidadania\"},\"image\":{\"@id\":\"https:\\\/\\\/inclusivenews.com.br\\\/#\\\/schema\\\/logo\\\/image\\\/\"},\"sameAs\":[\"https:\\\/\\\/www.facebook.com\\\/agenciainclusive\\\/\",\"https:\\\/\\\/www.instagram.com\\\/newsinclusive\\\/\"]},{\"@type\":\"Person\",\"@id\":\"https:\\\/\\\/inclusivenews.com.br\\\/#\\\/schema\\\/person\\\/0dab492019871b94abb65fa8ee7c8c44\",\"name\":\"Inclusive\",\"image\":{\"@type\":\"ImageObject\",\"inLanguage\":\"pt-PT\",\"@id\":\"https:\\\/\\\/secure.gravatar.com\\\/avatar\\\/?s=96&d=mm&r=g\",\"url\":\"https:\\\/\\\/secure.gravatar.com\\\/avatar\\\/?s=96&d=mm&r=g\",\"contentUrl\":\"https:\\\/\\\/secure.gravatar.com\\\/avatar\\\/?s=96&d=mm&r=g\",\"caption\":\"Inclusive\"},\"url\":\"https:\\\/\\\/inclusivenews.com.br\\\/?author=2\"}]}<\/script>\n<!-- \/ Yoast SEO plugin. -->","yoast_head_json":{"title":"Relacionamento conceitual: dimens\u00f5es de acessibilidade, barreiras, pr\u00e1ticas e exemplos -","robots":{"index":"index","follow":"follow","max-snippet":"max-snippet:-1","max-image-preview":"max-image-preview:large","max-video-preview":"max-video-preview:-1"},"canonical":"https:\/\/inclusivenews.com.br\/?p=32187","og_locale":"pt_PT","og_type":"article","og_title":"Relacionamento conceitual: dimens\u00f5es de acessibilidade, barreiras, pr\u00e1ticas e exemplos -","og_description":"A tabela abaixo foi constru\u00edda dar exemplos dos conceitos de acessibilidade e de barreiras que est\u00e3o na Conven\u00e7\u00e3o sobre os Direitos das Pessoas com Defici\u00eancia, porque eles guardam equival\u00eancia entre si, como faces da mesma moeda. Quando n\u00e3o h\u00e1 acessibilidade arquitet\u00f4nica, por exemplo, pessoas com defici\u00eancia, mobilidade reduzida ou outras condi\u00e7\u00f5es podem enfrentar dificuldades em [&hellip;]","og_url":"https:\/\/inclusivenews.com.br\/?p=32187","article_publisher":"https:\/\/www.facebook.com\/agenciainclusive\/","article_published_time":"2021-05-21T19:19:40+00:00","author":"Inclusive","twitter_card":"summary_large_image","twitter_misc":{"Escrito por":"Inclusive","Tempo estimado de leitura":"3 minutos"},"schema":{"@context":"https:\/\/schema.org","@graph":[{"@type":"Article","@id":"https:\/\/inclusivenews.com.br\/?p=32187#article","isPartOf":{"@id":"https:\/\/inclusivenews.com.br\/?p=32187"},"author":{"name":"Inclusive","@id":"https:\/\/inclusivenews.com.br\/#\/schema\/person\/0dab492019871b94abb65fa8ee7c8c44"},"headline":"Relacionamento conceitual: dimens\u00f5es de acessibilidade, barreiras, pr\u00e1ticas e exemplos","datePublished":"2021-05-21T19:19:40+00:00","mainEntityOfPage":{"@id":"https:\/\/inclusivenews.com.br\/?p=32187"},"wordCount":541,"commentCount":2,"publisher":{"@id":"https:\/\/inclusivenews.com.br\/#organization"},"image":{"@id":"https:\/\/inclusivenews.com.br\/?p=32187#primaryimage"},"thumbnailUrl":"","articleSection":["ACESSIBILIDADE"],"inLanguage":"pt-PT","potentialAction":[{"@type":"CommentAction","name":"Comment","target":["https:\/\/inclusivenews.com.br\/?p=32187#respond"]}]},{"@type":"WebPage","@id":"https:\/\/inclusivenews.com.br\/?p=32187","url":"https:\/\/inclusivenews.com.br\/?p=32187","name":"Relacionamento conceitual: dimens\u00f5es de acessibilidade, barreiras, pr\u00e1ticas e exemplos -","isPartOf":{"@id":"https:\/\/inclusivenews.com.br\/#website"},"primaryImageOfPage":{"@id":"https:\/\/inclusivenews.com.br\/?p=32187#primaryimage"},"image":{"@id":"https:\/\/inclusivenews.com.br\/?p=32187#primaryimage"},"thumbnailUrl":"","datePublished":"2021-05-21T19:19:40+00:00","breadcrumb":{"@id":"https:\/\/inclusivenews.com.br\/?p=32187#breadcrumb"},"inLanguage":"pt-PT","potentialAction":[{"@type":"ReadAction","target":["https:\/\/inclusivenews.com.br\/?p=32187"]}]},{"@type":"ImageObject","inLanguage":"pt-PT","@id":"https:\/\/inclusivenews.com.br\/?p=32187#primaryimage","url":"","contentUrl":""},{"@type":"BreadcrumbList","@id":"https:\/\/inclusivenews.com.br\/?p=32187#breadcrumb","itemListElement":[{"@type":"ListItem","position":1,"name":"In\u00edcio","item":"https:\/\/inclusivenews.com.br\/"},{"@type":"ListItem","position":2,"name":"Relacionamento conceitual: dimens\u00f5es de acessibilidade, barreiras, pr\u00e1ticas e exemplos"}]},{"@type":"WebSite","@id":"https:\/\/inclusivenews.com.br\/#website","url":"https:\/\/inclusivenews.com.br\/","name":"Inclusive News","description":"Inclusive News","publisher":{"@id":"https:\/\/inclusivenews.com.br\/#organization"},"potentialAction":[{"@type":"SearchAction","target":{"@type":"EntryPoint","urlTemplate":"https:\/\/inclusivenews.com.br\/?s={search_term_string}"},"query-input":{"@type":"PropertyValueSpecification","valueRequired":true,"valueName":"search_term_string"}}],"inLanguage":"pt-PT"},{"@type":"Organization","@id":"https:\/\/inclusivenews.com.br\/#organization","name":"Inclusive - inclus\u00e3o e cidadania","url":"https:\/\/inclusivenews.com.br\/","logo":{"@type":"ImageObject","inLanguage":"pt-PT","@id":"https:\/\/inclusivenews.com.br\/#\/schema\/logo\/image\/","url":"https:\/\/inclusivenews.com.br\/wp-content\/uploads\/2024\/03\/@grandesite.png","contentUrl":"https:\/\/inclusivenews.com.br\/wp-content\/uploads\/2024\/03\/@grandesite.png","width":1080,"height":1080,"caption":"Inclusive - inclus\u00e3o e cidadania"},"image":{"@id":"https:\/\/inclusivenews.com.br\/#\/schema\/logo\/image\/"},"sameAs":["https:\/\/www.facebook.com\/agenciainclusive\/","https:\/\/www.instagram.com\/newsinclusive\/"]},{"@type":"Person","@id":"https:\/\/inclusivenews.com.br\/#\/schema\/person\/0dab492019871b94abb65fa8ee7c8c44","name":"Inclusive","image":{"@type":"ImageObject","inLanguage":"pt-PT","@id":"https:\/\/secure.gravatar.com\/avatar\/?s=96&d=mm&r=g","url":"https:\/\/secure.gravatar.com\/avatar\/?s=96&d=mm&r=g","contentUrl":"https:\/\/secure.gravatar.com\/avatar\/?s=96&d=mm&r=g","caption":"Inclusive"},"url":"https:\/\/inclusivenews.com.br\/?author=2"}]}},"_links":{"self":[{"href":"https:\/\/inclusivenews.com.br\/index.php?rest_route=\/wp\/v2\/posts\/32187","targetHints":{"allow":["GET"]}}],"collection":[{"href":"https:\/\/inclusivenews.com.br\/index.php?rest_route=\/wp\/v2\/posts"}],"about":[{"href":"https:\/\/inclusivenews.com.br\/index.php?rest_route=\/wp\/v2\/types\/post"}],"author":[{"embeddable":true,"href":"https:\/\/inclusivenews.com.br\/index.php?rest_route=\/wp\/v2\/users\/2"}],"replies":[{"embeddable":true,"href":"https:\/\/inclusivenews.com.br\/index.php?rest_route=%2Fwp%2Fv2%2Fcomments&post=32187"}],"version-history":[{"count":0,"href":"https:\/\/inclusivenews.com.br\/index.php?rest_route=\/wp\/v2\/posts\/32187\/revisions"}],"wp:featuredmedia":[{"embeddable":true,"href":"https:\/\/inclusivenews.com.br\/index.php?rest_route=\/"}],"wp:attachment":[{"href":"https:\/\/inclusivenews.com.br\/index.php?rest_route=%2Fwp%2Fv2%2Fmedia&parent=32187"}],"wp:term":[{"taxonomy":"category","embeddable":true,"href":"https:\/\/inclusivenews.com.br\/index.php?rest_route=%2Fwp%2Fv2%2Fcategories&post=32187"},{"taxonomy":"post_tag","embeddable":true,"href":"https:\/\/inclusivenews.com.br\/index.php?rest_route=%2Fwp%2Fv2%2Ftags&post=32187"}],"curies":[{"name":"wp","href":"https:\/\/api.w.org\/{rel}","templated":true}]}}