{"id":32193,"date":"2021-05-28T17:45:20","date_gmt":"2021-05-28T20:45:20","guid":{"rendered":"http:\/\/www.inclusive.org.br\/?p=32193"},"modified":"2021-05-28T17:45:20","modified_gmt":"2021-05-28T20:45:20","slug":"inclusao-acolhe-o-cuidado-nao-e-uma-opcao-aprendemos-a-cuidar-ou-perecemos","status":"publish","type":"post","link":"https:\/\/inclusivenews.com.br\/?p=32193","title":{"rendered":"INCLUS\u00c3O ACOLHE &#8211; O Cuidado n\u00e3o \u00e9 uma op\u00e7\u00e3o: aprendemos a cuidar ou perecemos."},"content":{"rendered":"<div class=\"kvgmc6g5 cxmmr5t8 oygrvhab hcukyx3x c1et5uql ii04i59q\">\n<div dir=\"auto\"><a href=\"http:\/\/www.inclusive.org.br\/arquivos\/32193\/bi\" rel=\"attachment wp-att-32194\"><img loading=\"lazy\" decoding=\"async\" class=\"alignnone size-medium wp-image-32194\" src=\"http:\/\/inclusivenews.com.br\/wp-content\/uploads\/bi-300x300.jpeg\" alt=\"card foto de mulher. descricao no post.\" width=\"300\" height=\"300\" \/><\/a><\/div>\n<div dir=\"auto\">COLUNA INCLUS\u00c3O DO ACOLHE<\/div>\n<\/div>\n<div class=\"o9v6fnle cxmmr5t8 oygrvhab hcukyx3x c1et5uql ii04i59q\">\n<div dir=\"auto\">O Cuidado n\u00e3o \u00e9 uma op\u00e7\u00e3o: aprendemos a cuidar ou perecemos.<\/div>\n<div dir=\"auto\">Por Bianca Ramos<\/div>\n<div dir=\"auto\">Gestora, especialista em pol\u00edticas p\u00fablicas e irm\u00e3 da Karol.<\/div>\n<\/div>\n<div class=\"o9v6fnle cxmmr5t8 oygrvhab hcukyx3x c1et5uql ii04i59q\">\n<div dir=\"auto\">O t\u00edtulo, cunhado por Bernardo Toro, fil\u00f3sofo e educador colombiano, importante pensador contempor\u00e2neo do campo da educa\u00e7\u00e3o, coloca o cuidado como chave para superarmos os desafios desse nosso tempo. N\u00f3s, mulheres e corpos feminizados, somos diuturnamente submetidas a esta responsabilidade, que se aprofundou em m\u00faltiplas frentes neste contexto. Segundo a p\u00e1gina \u201cPol\u00edtica \u00e9 a m\u00e3e\u201d as mulheres e as meninas s\u00e3o respons\u00e1veis por 75% de todo o cuidado n\u00e3o remunerado e representam 2\/3 da for\u00e7a de trabalho envolvida em atividades de cuidado remuneradas.<\/div>\n<div dir=\"auto\">No \u00faltimo ano 7 milh\u00f5es de mulheres sa\u00edram do mercado de trabalho brasileiro (PNAD\/IBGE). Mulheres que voltaram exclusivamente ao trabalho dom\u00e9stico, sem regula\u00e7\u00e3o, sem remunera\u00e7\u00e3o e sem descanso. No mesmo Brasil em que estudos amostrais indicam que mais de 70% dos pais abandonam as m\u00e3es de crian\u00e7as com defici\u00eancias e doen\u00e7as raras, antes dos filhos completarem 5 anos de vida.<\/div>\n<div dir=\"auto\">Estudos apontam que mais de 60% das m\u00e3es tiveram sintomas depressivos durante a pandemia e poucas mulheres relataram ter conseguido desenvolver atividades como ler (27%) ou praticar exerc\u00edcios f\u00edsicos (22%) junto com os filhos.<\/div>\n<div dir=\"auto\">Destacar esses dados n\u00e3o era o plano. Pretendia discutir sobre exclus\u00e3o escolar na pandemia, a luz do relat\u00f3rio do UNICEF\/CENPEQ lan\u00e7ado na \u00faltima semana. Mas esse n\u00f3 vem me atravessando, diante de todas as ret\u00f3ricas que celebram anualmente o \u201cdia das m\u00e3es\u201d.<\/div>\n<div dir=\"auto\">O relat\u00f3rio, que n\u00e3o se dedicou especificamente a entender sobre exclus\u00e3o escolar e defici\u00eancia, indica dentre muitas coisas que para a faixa et\u00e1ria de 6 a 10 anos, 3,6% das crian\u00e7as est\u00e3o em exclus\u00e3o porque as fam\u00edlias consideram que as escolas n\u00e3o s\u00e3o boas ou seguras ou adaptadas para a crian\u00e7a com defici\u00eancia. H\u00e1 muito o que se discutir sobre esse dado, mas podemos desconfiar sobre o que representa essa resposta no cotidiano das mulheres e crian\u00e7as desse grupo.<\/div>\n<div dir=\"auto\">Quem nos cuida? Deixo aqui mais esta interroga\u00e7\u00e3o.<\/div>\n<\/div>\n<div class=\"o9v6fnle cxmmr5t8 oygrvhab hcukyx3x c1et5uql ii04i59q\">\n<div dir=\"auto\">Fontes :<\/div>\n<div dir=\"auto\"><a class=\"oajrlxb2 g5ia77u1 qu0x051f esr5mh6w e9989ue4 r7d6kgcz rq0escxv nhd2j8a9 nc684nl6 p7hjln8o kvgmc6g5 cxmmr5t8 oygrvhab hcukyx3x jb3vyjys rz4wbd8a qt6c0cv9 a8nywdso i1ao9s8h esuyzwwr f1sip0of lzcic4wl py34i1dx gpro0wi8\" tabindex=\"0\" href=\"https:\/\/l.facebook.com\/l.php?u=https%3A%2F%2Fwww.instagram.com%2Fpoliticaeamae%2F%3Ffbclid%3DIwAR3SDSSYQSJ8cDB7WOvWD0kiU73mHnthFq-O3YTtO4XEkFPVhPCgBvV6DHA&amp;h=AT1am5DfgEzU41HbYghSSBHIhXz0OFP1tJY5xdi6_QfcktW_e7XN1-noNMWwwS1Bhf4JUqpW-Q0VGqHCRNkuXBOBqwhiSymXthrRwvB0UYy2FruWI-Rq4KsVSJWwuALukc_8JE0&amp;__tn__=-UK-R&amp;c[0]=AT2rPPZO7JIzS6gg21p1d7_dCb2ERLVm_ZXyDOCwDGsMMxlheZFGeIuctwgZ5sTDBldgEuw9OzUjC-jCZZ3bm7QoUqagR_awbIig1gqjwEct61LaSXQoU6ZBsXX7fFup3Kn8I7UR07WdkJh19D-a6BDb1JNTmN-68pMZe-gUAe0TVQg\" target=\"_blank\" rel=\"nofollow noopener\">https:\/\/www.instagram.com\/politicaeamae\/<\/a><\/div>\n<div dir=\"auto\"><a class=\"oajrlxb2 g5ia77u1 qu0x051f esr5mh6w e9989ue4 r7d6kgcz rq0escxv nhd2j8a9 nc684nl6 p7hjln8o kvgmc6g5 cxmmr5t8 oygrvhab hcukyx3x jb3vyjys rz4wbd8a qt6c0cv9 a8nywdso i1ao9s8h esuyzwwr f1sip0of lzcic4wl py34i1dx gpro0wi8\" tabindex=\"0\" href=\"https:\/\/l.facebook.com\/l.php?u=https%3A%2F%2Fobservatorio3setor.org.br%2Fnoticias%2Fcom-a-pandemia-7-milhoes-de-mulheres-deixaram-o-mercado-de-trabalho%2F%3Ffbclid%3DIwAR3DcmzFPIQRl8bqo88KoNIlTVqv6cheD_oLASh62ZG3ZuduXtUHGawjQt4&amp;h=AT0PRkebxVE8QBmLQjweStx_ePvI3Irv344csRawvC80Erab6ymeke8nK_BRb9-5KU1vBi-4jEdlrwJYY8Hd7M7qttydbrevk9udOW2LnNFyxTWgEGnuD6a0ZLhLpEygNaCRrq4&amp;__tn__=-UK-R&amp;c[0]=AT2rPPZO7JIzS6gg21p1d7_dCb2ERLVm_ZXyDOCwDGsMMxlheZFGeIuctwgZ5sTDBldgEuw9OzUjC-jCZZ3bm7QoUqagR_awbIig1gqjwEct61LaSXQoU6ZBsXX7fFup3Kn8I7UR07WdkJh19D-a6BDb1JNTmN-68pMZe-gUAe0TVQg\" target=\"_blank\" rel=\"nofollow noopener\">https:\/\/observatorio3setor.org.br\/&#8230;\/com-a-pandemia-7&#8230;\/<\/a><\/div>\n<div dir=\"auto\"><a class=\"oajrlxb2 g5ia77u1 qu0x051f esr5mh6w e9989ue4 r7d6kgcz rq0escxv nhd2j8a9 nc684nl6 p7hjln8o kvgmc6g5 cxmmr5t8 oygrvhab hcukyx3x jb3vyjys rz4wbd8a qt6c0cv9 a8nywdso i1ao9s8h esuyzwwr f1sip0of lzcic4wl py34i1dx gpro0wi8\" tabindex=\"0\" href=\"https:\/\/l.facebook.com\/l.php?u=https%3A%2F%2Fjornal.usp.br%2Fatualidades%2Fluta-de-maes-de-criancas-autistas-e-marcada-pela-dor-do-abandono%2F%3Ffbclid%3DIwAR0C5MiUZEg8QmsRTprpXEWdCbby4i7b6b09WL7uyVrg9IzoRYtfO8edDrU&amp;h=AT2dvAYeGazfYoYzdF0w12mHjQ82zhJd3YVD2W4ARiTZH5HAkuXwndfaOjI767DRR-f9eCcEtcWANK-s8Y7yDTfk5RNrSMvwBsZrYkOfMLUCDXpKTpQnmpFBhMgqzkj8x4KjR2g&amp;__tn__=-UK-R&amp;c[0]=AT2rPPZO7JIzS6gg21p1d7_dCb2ERLVm_ZXyDOCwDGsMMxlheZFGeIuctwgZ5sTDBldgEuw9OzUjC-jCZZ3bm7QoUqagR_awbIig1gqjwEct61LaSXQoU6ZBsXX7fFup3Kn8I7UR07WdkJh19D-a6BDb1JNTmN-68pMZe-gUAe0TVQg\" target=\"_blank\" rel=\"nofollow noopener\">https:\/\/jornal.usp.br\/&#8230;\/luta-de-maes-de-criancas&#8230;\/<\/a><\/div>\n<div dir=\"auto\"><a class=\"oajrlxb2 g5ia77u1 qu0x051f esr5mh6w e9989ue4 r7d6kgcz rq0escxv nhd2j8a9 nc684nl6 p7hjln8o kvgmc6g5 cxmmr5t8 oygrvhab hcukyx3x jb3vyjys rz4wbd8a qt6c0cv9 a8nywdso i1ao9s8h esuyzwwr f1sip0of lzcic4wl py34i1dx gpro0wi8\" tabindex=\"0\" href=\"https:\/\/l.facebook.com\/l.php?u=https%3A%2F%2Fwww.unicef.org%2Fbrazil%2Frelatorios%2Fcenario-da-exclusao-escolar-no-brasil%3Ffbclid%3DIwAR2um7Gd8XmbsYA_hORK8AOIRrDT7oa8OhmsAfsxvxckbObgvkdg9iqhb4Y&amp;h=AT2Zuso38VgwcRL-cjw_qu02Ej8qJrupY6vzW7N9UM91LFdm45UDShUlWwArg-MV73yxQy6pqYmxAKFnk28i8yEYNcuKMvgSf3Dp5Nf3k46-1NowL8Ccg-wdgxmYN1quDjYTm-0&amp;__tn__=-UK-R&amp;c[0]=AT2rPPZO7JIzS6gg21p1d7_dCb2ERLVm_ZXyDOCwDGsMMxlheZFGeIuctwgZ5sTDBldgEuw9OzUjC-jCZZ3bm7QoUqagR_awbIig1gqjwEct61LaSXQoU6ZBsXX7fFup3Kn8I7UR07WdkJh19D-a6BDb1JNTmN-68pMZe-gUAe0TVQg\" target=\"_blank\" rel=\"nofollow noopener\">https:\/\/www.unicef.org\/&#8230;\/cenario-da-exclusao-escolar-no&#8230;<\/a><\/div>\n<\/div>\n<div class=\"o9v6fnle cxmmr5t8 oygrvhab hcukyx3x c1et5uql ii04i59q\">\n<div dir=\"auto\"><a class=\"oajrlxb2 g5ia77u1 qu0x051f esr5mh6w e9989ue4 r7d6kgcz rq0escxv nhd2j8a9 nc684nl6 p7hjln8o kvgmc6g5 cxmmr5t8 oygrvhab hcukyx3x jb3vyjys rz4wbd8a qt6c0cv9 a8nywdso i1ao9s8h esuyzwwr f1sip0of lzcic4wl q66pz984 gpro0wi8 b1v8xokw\" tabindex=\"0\" href=\"https:\/\/www.facebook.com\/hashtag\/descri%C3%A7%C3%A3odaimagem?__eep__=6&amp;__cft__[0]=AZUP6iXMNrutj4Xsgp517M9PrgmXPc0vXJ34jEEZPrpMcl-R6g6eWc8LB_AxNkTthvY8pLSHKPkTnb0ug0PQaBcj6P_qr0ZuC6oq3864ryT5gT5v_yeWhqXkfkZeicv1SzZNcG4F6qHG1WqgFtjHN0LM&amp;__tn__=*NK-R\">#descri\u00e7\u00e3odaimagem<\/a><\/div>\n<div dir=\"auto\">Em um fundo azul e branco, a foto ao centro da autora. E o texto: Coluna Inclus\u00e3o AcolheDown. Com Bianca Ramos. O Cuidado n\u00e3o \u00e9 uma op\u00e7\u00e3o: aprendemos a cuidar ou perecemos.<\/div>\n<div dir=\"auto\">Fonte:\u00a0<a href=\"https:\/\/www.facebook.com\/acolhedown\/photos\/a.1363974797324782\/1755249668197291\/\">https:\/\/www.facebook.com\/acolhedown\/photos\/a.1363974797324782\/1755249668197291\/<\/a><\/div>\n<\/div>\n","protected":false},"excerpt":{"rendered":"<p>COLUNA INCLUS\u00c3O DO ACOLHE O Cuidado n\u00e3o \u00e9 uma op\u00e7\u00e3o: aprendemos a cuidar ou perecemos. Por Bianca Ramos Gestora, especialista em pol\u00edticas p\u00fablicas e irm\u00e3 da Karol. O t\u00edtulo, cunhado por Bernardo Toro, fil\u00f3sofo e educador colombiano, importante pensador contempor\u00e2neo do campo da educa\u00e7\u00e3o, coloca o cuidado como chave para superarmos os desafios desse nosso [&hellip;]<\/p>\n","protected":false},"author":2,"featured_media":32194,"comment_status":"open","ping_status":"open","sticky":false,"template":"","format":"standard","meta":{"site-container-style":"default","site-container-layout":"default","site-sidebar-layout":"default","disable-article-header":"default","disable-site-header":"default","disable-site-footer":"default","disable-content-area-spacing":"default","footnotes":""},"categories":[448],"tags":[],"class_list":["post-32193","post","type-post","status-publish","format-standard","has-post-thumbnail","hentry","category-coluna-inclusao-acolhe"],"yoast_head":"<!-- This site is optimized with the Yoast SEO plugin v27.4 - https:\/\/yoast.com\/product\/yoast-seo-wordpress\/ -->\n<title>INCLUS\u00c3O ACOLHE - O Cuidado n\u00e3o \u00e9 uma op\u00e7\u00e3o: aprendemos a cuidar ou perecemos. -<\/title>\n<meta name=\"robots\" content=\"index, follow, max-snippet:-1, max-image-preview:large, max-video-preview:-1\" \/>\n<link rel=\"canonical\" href=\"https:\/\/inclusivenews.com.br\/?p=32193\" \/>\n<meta property=\"og:locale\" content=\"pt_PT\" \/>\n<meta property=\"og:type\" content=\"article\" \/>\n<meta property=\"og:title\" content=\"INCLUS\u00c3O ACOLHE - O Cuidado n\u00e3o \u00e9 uma op\u00e7\u00e3o: aprendemos a cuidar ou perecemos. -\" \/>\n<meta property=\"og:description\" content=\"COLUNA INCLUS\u00c3O DO ACOLHE O Cuidado n\u00e3o \u00e9 uma op\u00e7\u00e3o: aprendemos a cuidar ou perecemos. Por Bianca Ramos Gestora, especialista em pol\u00edticas p\u00fablicas e irm\u00e3 da Karol. O t\u00edtulo, cunhado por Bernardo Toro, fil\u00f3sofo e educador colombiano, importante pensador contempor\u00e2neo do campo da educa\u00e7\u00e3o, coloca o cuidado como chave para superarmos os desafios desse nosso [&hellip;]\" \/>\n<meta property=\"og:url\" content=\"https:\/\/inclusivenews.com.br\/?p=32193\" \/>\n<meta property=\"article:publisher\" content=\"https:\/\/www.facebook.com\/agenciainclusive\/\" \/>\n<meta property=\"article:published_time\" content=\"2021-05-28T20:45:20+00:00\" \/>\n<meta name=\"author\" content=\"Inclusive\" \/>\n<meta name=\"twitter:card\" content=\"summary_large_image\" \/>\n<meta name=\"twitter:label1\" content=\"Escrito por\" \/>\n\t<meta name=\"twitter:data1\" content=\"Inclusive\" \/>\n\t<meta name=\"twitter:label2\" content=\"Tempo estimado de leitura\" \/>\n\t<meta name=\"twitter:data2\" content=\"2 minutos\" \/>\n<script type=\"application\/ld+json\" class=\"yoast-schema-graph\">{\"@context\":\"https:\\\/\\\/schema.org\",\"@graph\":[{\"@type\":\"Article\",\"@id\":\"https:\\\/\\\/inclusivenews.com.br\\\/?p=32193#article\",\"isPartOf\":{\"@id\":\"https:\\\/\\\/inclusivenews.com.br\\\/?p=32193\"},\"author\":{\"name\":\"Inclusive\",\"@id\":\"https:\\\/\\\/inclusivenews.com.br\\\/#\\\/schema\\\/person\\\/0dab492019871b94abb65fa8ee7c8c44\"},\"headline\":\"INCLUS\u00c3O ACOLHE &#8211; O Cuidado n\u00e3o \u00e9 uma op\u00e7\u00e3o: aprendemos a cuidar ou perecemos.\",\"datePublished\":\"2021-05-28T20:45:20+00:00\",\"mainEntityOfPage\":{\"@id\":\"https:\\\/\\\/inclusivenews.com.br\\\/?p=32193\"},\"wordCount\":455,\"commentCount\":0,\"publisher\":{\"@id\":\"https:\\\/\\\/inclusivenews.com.br\\\/#organization\"},\"image\":{\"@id\":\"https:\\\/\\\/inclusivenews.com.br\\\/?p=32193#primaryimage\"},\"thumbnailUrl\":\"\",\"articleSection\":[\"Coluna Inclus\u00e3o - Acolhe\"],\"inLanguage\":\"pt-PT\",\"potentialAction\":[{\"@type\":\"CommentAction\",\"name\":\"Comment\",\"target\":[\"https:\\\/\\\/inclusivenews.com.br\\\/?p=32193#respond\"]}]},{\"@type\":\"WebPage\",\"@id\":\"https:\\\/\\\/inclusivenews.com.br\\\/?p=32193\",\"url\":\"https:\\\/\\\/inclusivenews.com.br\\\/?p=32193\",\"name\":\"INCLUS\u00c3O ACOLHE - O Cuidado n\u00e3o \u00e9 uma op\u00e7\u00e3o: aprendemos a cuidar ou perecemos. -\",\"isPartOf\":{\"@id\":\"https:\\\/\\\/inclusivenews.com.br\\\/#website\"},\"primaryImageOfPage\":{\"@id\":\"https:\\\/\\\/inclusivenews.com.br\\\/?p=32193#primaryimage\"},\"image\":{\"@id\":\"https:\\\/\\\/inclusivenews.com.br\\\/?p=32193#primaryimage\"},\"thumbnailUrl\":\"\",\"datePublished\":\"2021-05-28T20:45:20+00:00\",\"breadcrumb\":{\"@id\":\"https:\\\/\\\/inclusivenews.com.br\\\/?p=32193#breadcrumb\"},\"inLanguage\":\"pt-PT\",\"potentialAction\":[{\"@type\":\"ReadAction\",\"target\":[\"https:\\\/\\\/inclusivenews.com.br\\\/?p=32193\"]}]},{\"@type\":\"ImageObject\",\"inLanguage\":\"pt-PT\",\"@id\":\"https:\\\/\\\/inclusivenews.com.br\\\/?p=32193#primaryimage\",\"url\":\"\",\"contentUrl\":\"\"},{\"@type\":\"BreadcrumbList\",\"@id\":\"https:\\\/\\\/inclusivenews.com.br\\\/?p=32193#breadcrumb\",\"itemListElement\":[{\"@type\":\"ListItem\",\"position\":1,\"name\":\"In\u00edcio\",\"item\":\"https:\\\/\\\/inclusivenews.com.br\\\/\"},{\"@type\":\"ListItem\",\"position\":2,\"name\":\"INCLUS\u00c3O ACOLHE &#8211; O Cuidado n\u00e3o \u00e9 uma op\u00e7\u00e3o: aprendemos a cuidar ou perecemos.\"}]},{\"@type\":\"WebSite\",\"@id\":\"https:\\\/\\\/inclusivenews.com.br\\\/#website\",\"url\":\"https:\\\/\\\/inclusivenews.com.br\\\/\",\"name\":\"Inclusive News\",\"description\":\"Inclusive News\",\"publisher\":{\"@id\":\"https:\\\/\\\/inclusivenews.com.br\\\/#organization\"},\"potentialAction\":[{\"@type\":\"SearchAction\",\"target\":{\"@type\":\"EntryPoint\",\"urlTemplate\":\"https:\\\/\\\/inclusivenews.com.br\\\/?s={search_term_string}\"},\"query-input\":{\"@type\":\"PropertyValueSpecification\",\"valueRequired\":true,\"valueName\":\"search_term_string\"}}],\"inLanguage\":\"pt-PT\"},{\"@type\":\"Organization\",\"@id\":\"https:\\\/\\\/inclusivenews.com.br\\\/#organization\",\"name\":\"Inclusive - inclus\u00e3o e cidadania\",\"url\":\"https:\\\/\\\/inclusivenews.com.br\\\/\",\"logo\":{\"@type\":\"ImageObject\",\"inLanguage\":\"pt-PT\",\"@id\":\"https:\\\/\\\/inclusivenews.com.br\\\/#\\\/schema\\\/logo\\\/image\\\/\",\"url\":\"https:\\\/\\\/inclusivenews.com.br\\\/wp-content\\\/uploads\\\/2024\\\/03\\\/@grandesite.png\",\"contentUrl\":\"https:\\\/\\\/inclusivenews.com.br\\\/wp-content\\\/uploads\\\/2024\\\/03\\\/@grandesite.png\",\"width\":1080,\"height\":1080,\"caption\":\"Inclusive - inclus\u00e3o e cidadania\"},\"image\":{\"@id\":\"https:\\\/\\\/inclusivenews.com.br\\\/#\\\/schema\\\/logo\\\/image\\\/\"},\"sameAs\":[\"https:\\\/\\\/www.facebook.com\\\/agenciainclusive\\\/\",\"https:\\\/\\\/www.instagram.com\\\/newsinclusive\\\/\"]},{\"@type\":\"Person\",\"@id\":\"https:\\\/\\\/inclusivenews.com.br\\\/#\\\/schema\\\/person\\\/0dab492019871b94abb65fa8ee7c8c44\",\"name\":\"Inclusive\",\"image\":{\"@type\":\"ImageObject\",\"inLanguage\":\"pt-PT\",\"@id\":\"https:\\\/\\\/secure.gravatar.com\\\/avatar\\\/?s=96&d=mm&r=g\",\"url\":\"https:\\\/\\\/secure.gravatar.com\\\/avatar\\\/?s=96&d=mm&r=g\",\"contentUrl\":\"https:\\\/\\\/secure.gravatar.com\\\/avatar\\\/?s=96&d=mm&r=g\",\"caption\":\"Inclusive\"},\"url\":\"https:\\\/\\\/inclusivenews.com.br\\\/?author=2\"}]}<\/script>\n<!-- \/ Yoast SEO plugin. -->","yoast_head_json":{"title":"INCLUS\u00c3O ACOLHE - O Cuidado n\u00e3o \u00e9 uma op\u00e7\u00e3o: aprendemos a cuidar ou perecemos. -","robots":{"index":"index","follow":"follow","max-snippet":"max-snippet:-1","max-image-preview":"max-image-preview:large","max-video-preview":"max-video-preview:-1"},"canonical":"https:\/\/inclusivenews.com.br\/?p=32193","og_locale":"pt_PT","og_type":"article","og_title":"INCLUS\u00c3O ACOLHE - O Cuidado n\u00e3o \u00e9 uma op\u00e7\u00e3o: aprendemos a cuidar ou perecemos. -","og_description":"COLUNA INCLUS\u00c3O DO ACOLHE O Cuidado n\u00e3o \u00e9 uma op\u00e7\u00e3o: aprendemos a cuidar ou perecemos. Por Bianca Ramos Gestora, especialista em pol\u00edticas p\u00fablicas e irm\u00e3 da Karol. O t\u00edtulo, cunhado por Bernardo Toro, fil\u00f3sofo e educador colombiano, importante pensador contempor\u00e2neo do campo da educa\u00e7\u00e3o, coloca o cuidado como chave para superarmos os desafios desse nosso [&hellip;]","og_url":"https:\/\/inclusivenews.com.br\/?p=32193","article_publisher":"https:\/\/www.facebook.com\/agenciainclusive\/","article_published_time":"2021-05-28T20:45:20+00:00","author":"Inclusive","twitter_card":"summary_large_image","twitter_misc":{"Escrito por":"Inclusive","Tempo estimado de leitura":"2 minutos"},"schema":{"@context":"https:\/\/schema.org","@graph":[{"@type":"Article","@id":"https:\/\/inclusivenews.com.br\/?p=32193#article","isPartOf":{"@id":"https:\/\/inclusivenews.com.br\/?p=32193"},"author":{"name":"Inclusive","@id":"https:\/\/inclusivenews.com.br\/#\/schema\/person\/0dab492019871b94abb65fa8ee7c8c44"},"headline":"INCLUS\u00c3O ACOLHE &#8211; O Cuidado n\u00e3o \u00e9 uma op\u00e7\u00e3o: aprendemos a cuidar ou perecemos.","datePublished":"2021-05-28T20:45:20+00:00","mainEntityOfPage":{"@id":"https:\/\/inclusivenews.com.br\/?p=32193"},"wordCount":455,"commentCount":0,"publisher":{"@id":"https:\/\/inclusivenews.com.br\/#organization"},"image":{"@id":"https:\/\/inclusivenews.com.br\/?p=32193#primaryimage"},"thumbnailUrl":"","articleSection":["Coluna Inclus\u00e3o - Acolhe"],"inLanguage":"pt-PT","potentialAction":[{"@type":"CommentAction","name":"Comment","target":["https:\/\/inclusivenews.com.br\/?p=32193#respond"]}]},{"@type":"WebPage","@id":"https:\/\/inclusivenews.com.br\/?p=32193","url":"https:\/\/inclusivenews.com.br\/?p=32193","name":"INCLUS\u00c3O ACOLHE - O Cuidado n\u00e3o \u00e9 uma op\u00e7\u00e3o: aprendemos a cuidar ou perecemos. -","isPartOf":{"@id":"https:\/\/inclusivenews.com.br\/#website"},"primaryImageOfPage":{"@id":"https:\/\/inclusivenews.com.br\/?p=32193#primaryimage"},"image":{"@id":"https:\/\/inclusivenews.com.br\/?p=32193#primaryimage"},"thumbnailUrl":"","datePublished":"2021-05-28T20:45:20+00:00","breadcrumb":{"@id":"https:\/\/inclusivenews.com.br\/?p=32193#breadcrumb"},"inLanguage":"pt-PT","potentialAction":[{"@type":"ReadAction","target":["https:\/\/inclusivenews.com.br\/?p=32193"]}]},{"@type":"ImageObject","inLanguage":"pt-PT","@id":"https:\/\/inclusivenews.com.br\/?p=32193#primaryimage","url":"","contentUrl":""},{"@type":"BreadcrumbList","@id":"https:\/\/inclusivenews.com.br\/?p=32193#breadcrumb","itemListElement":[{"@type":"ListItem","position":1,"name":"In\u00edcio","item":"https:\/\/inclusivenews.com.br\/"},{"@type":"ListItem","position":2,"name":"INCLUS\u00c3O ACOLHE &#8211; O Cuidado n\u00e3o \u00e9 uma op\u00e7\u00e3o: aprendemos a cuidar ou perecemos."}]},{"@type":"WebSite","@id":"https:\/\/inclusivenews.com.br\/#website","url":"https:\/\/inclusivenews.com.br\/","name":"Inclusive News","description":"Inclusive News","publisher":{"@id":"https:\/\/inclusivenews.com.br\/#organization"},"potentialAction":[{"@type":"SearchAction","target":{"@type":"EntryPoint","urlTemplate":"https:\/\/inclusivenews.com.br\/?s={search_term_string}"},"query-input":{"@type":"PropertyValueSpecification","valueRequired":true,"valueName":"search_term_string"}}],"inLanguage":"pt-PT"},{"@type":"Organization","@id":"https:\/\/inclusivenews.com.br\/#organization","name":"Inclusive - inclus\u00e3o e cidadania","url":"https:\/\/inclusivenews.com.br\/","logo":{"@type":"ImageObject","inLanguage":"pt-PT","@id":"https:\/\/inclusivenews.com.br\/#\/schema\/logo\/image\/","url":"https:\/\/inclusivenews.com.br\/wp-content\/uploads\/2024\/03\/@grandesite.png","contentUrl":"https:\/\/inclusivenews.com.br\/wp-content\/uploads\/2024\/03\/@grandesite.png","width":1080,"height":1080,"caption":"Inclusive - inclus\u00e3o e cidadania"},"image":{"@id":"https:\/\/inclusivenews.com.br\/#\/schema\/logo\/image\/"},"sameAs":["https:\/\/www.facebook.com\/agenciainclusive\/","https:\/\/www.instagram.com\/newsinclusive\/"]},{"@type":"Person","@id":"https:\/\/inclusivenews.com.br\/#\/schema\/person\/0dab492019871b94abb65fa8ee7c8c44","name":"Inclusive","image":{"@type":"ImageObject","inLanguage":"pt-PT","@id":"https:\/\/secure.gravatar.com\/avatar\/?s=96&d=mm&r=g","url":"https:\/\/secure.gravatar.com\/avatar\/?s=96&d=mm&r=g","contentUrl":"https:\/\/secure.gravatar.com\/avatar\/?s=96&d=mm&r=g","caption":"Inclusive"},"url":"https:\/\/inclusivenews.com.br\/?author=2"}]}},"_links":{"self":[{"href":"https:\/\/inclusivenews.com.br\/index.php?rest_route=\/wp\/v2\/posts\/32193","targetHints":{"allow":["GET"]}}],"collection":[{"href":"https:\/\/inclusivenews.com.br\/index.php?rest_route=\/wp\/v2\/posts"}],"about":[{"href":"https:\/\/inclusivenews.com.br\/index.php?rest_route=\/wp\/v2\/types\/post"}],"author":[{"embeddable":true,"href":"https:\/\/inclusivenews.com.br\/index.php?rest_route=\/wp\/v2\/users\/2"}],"replies":[{"embeddable":true,"href":"https:\/\/inclusivenews.com.br\/index.php?rest_route=%2Fwp%2Fv2%2Fcomments&post=32193"}],"version-history":[{"count":0,"href":"https:\/\/inclusivenews.com.br\/index.php?rest_route=\/wp\/v2\/posts\/32193\/revisions"}],"wp:featuredmedia":[{"embeddable":true,"href":"https:\/\/inclusivenews.com.br\/index.php?rest_route=\/"}],"wp:attachment":[{"href":"https:\/\/inclusivenews.com.br\/index.php?rest_route=%2Fwp%2Fv2%2Fmedia&parent=32193"}],"wp:term":[{"taxonomy":"category","embeddable":true,"href":"https:\/\/inclusivenews.com.br\/index.php?rest_route=%2Fwp%2Fv2%2Fcategories&post=32193"},{"taxonomy":"post_tag","embeddable":true,"href":"https:\/\/inclusivenews.com.br\/index.php?rest_route=%2Fwp%2Fv2%2Ftags&post=32193"}],"curies":[{"name":"wp","href":"https:\/\/api.w.org\/{rel}","templated":true}]}}