{"id":32197,"date":"2021-05-28T17:47:57","date_gmt":"2021-05-28T20:47:57","guid":{"rendered":"http:\/\/www.inclusive.org.br\/?p=32197"},"modified":"2021-05-28T17:47:57","modified_gmt":"2021-05-28T20:47:57","slug":"inclusao-acolhe-ela-nao-precisava-de-conserto","status":"publish","type":"post","link":"https:\/\/inclusivenews.com.br\/?p=32197","title":{"rendered":"INCLUS\u00c3O ACOLHE &#8211; Ela n\u00e3o precisava de conserto &#8230;"},"content":{"rendered":"<p><a href=\"http:\/\/www.inclusive.org.br\/arquivos\/32197\/ale-2\" rel=\"attachment wp-att-32198\"><img loading=\"lazy\" decoding=\"async\" class=\"alignnone size-medium wp-image-32198\" src=\"http:\/\/inclusivenews.com.br\/wp-content\/uploads\/ale-300x300.jpeg\" alt=\"foto de mulher. descricao no post.\" width=\"300\" height=\"300\" \/><\/a><\/p>\n<p>COLUNA INCLUS\u00c3O DO ACOLHE<\/p>\n<p>Ela n\u00e3o precisava de conserto &#8230;<br \/>\nPor Alexandra Wakahara<br \/>\nFisioterapeuta h\u00e1 21 anos. Psicomotricista, terapeuta especializada em Neurodesenvolvimento. M\u00e3e da Clarice que tem s\u00edndrome de Klippel-Feil<\/p>\n<p>Queria compartilhar aqui nessa coluna uma experi\u00eancia que tive recentemente&#8230;<br \/>\nConheci uma fam\u00edlia que teve o diagn\u00f3stico de S\u00edndrome de Down da filha quando ela j\u00e1 tinha 11 meses.<br \/>\nMinha experi\u00eancia pessoal foi do diagn\u00f3stico da s\u00edndrome da minha filha exatamente nessa idade, talvez da\u00ed vem minha maior empatia&#8230; Fato \u00e9 que esse bebe, que at\u00e9 ent\u00e3o s\u00f3 tinha algum \u201catraso\u201d no desenvolvimento, com essas buscas e investiga\u00e7\u00f5es m\u00e9dicas cheias de in\u00fameros procedimentos invasivos e desnecess\u00e1rios, constatou-se a s\u00edndrome que a caracterizou.<br \/>\nQuando ouvi o relato dessa fam\u00edlia, dessa urg\u00eancia terap\u00eautica que foi determinada pelos profissionais que estavam atendendo, tive a percep\u00e7\u00e3o ainda mais clara, dessa \u00e2nsia e pressa por parte nossa, profissionais da sa\u00fade, como se houvesse a necessidade de algo ser consertado.<br \/>\nEssa situa\u00e7\u00e3o particularmente me deixou muito pensativa, ser\u00e1 que n\u00f3s profissionais da sa\u00fade que atendemos crian\u00e7as, poder\u00edamos entender mais sobre o acolhimento, o desenvolvimento? Aprender a ver as abund\u00e2ncias antes das faltas? Entender que a defici\u00eancia \u00e9 mais uma caracter\u00edstica, mas n\u00e3o a defini\u00e7\u00e3o do sujeito?<br \/>\nNas diretrizes mais recentes da efetividade terap\u00eautica baseada em evidencias, diz-se que a pr\u00e1tica baseada na fam\u00edlia \u00e9 uma das mais eficientes terapias. O que significa um processo de valoriza\u00e7\u00e3o, escuta e troca verdadeira. O profissional de sa\u00fade deve dar ferramentas para que as fam\u00edlias sejam agentes no processo terap\u00eautico e de autonomia dos seus filhos e filhas, entendendo os contextos s\u00f3cio econ\u00f4micos e culturais nos quais cada crian\u00e7a vive.<br \/>\nVamos juntes enxergar nosso capacitismo dentro da profiss\u00e3o? Nos fortalecer com as fam\u00edlias e promover as compet\u00eancias?<\/p>\n<p><a class=\"oajrlxb2 g5ia77u1 qu0x051f esr5mh6w e9989ue4 r7d6kgcz rq0escxv nhd2j8a9 nc684nl6 p7hjln8o kvgmc6g5 cxmmr5t8 oygrvhab hcukyx3x jb3vyjys rz4wbd8a qt6c0cv9 a8nywdso i1ao9s8h esuyzwwr f1sip0of lzcic4wl oo9gr5id gpro0wi8 lrazzd5p\" tabindex=\"0\" href=\"https:\/\/www.facebook.com\/hashtag\/descricaodaimagem?__eep__=6&amp;__cft__[0]=AZWubULnC634euGwLZxT3YUY0iAmSC7upnpQEDYUS8kqNAZwusSKLbRjlaactW1IqG-TtwUbFdfd-IJhVC0ir7eq81_cm1RJGUQAWqOBrHVjAZQ3DyneK5qGlgKig8iq-XT-MFjHGGJRZT5W33W9aZv6&amp;__tn__=*NK*F\">#descricaodaimagem<\/a><br \/>\nEm um fundo vinho e branco, a foto da autora no centro. E o texto: Coluna Inclus\u00e3o AcolheDown. Com Alexandra Wakahara. Ela n\u00e3o precisava de conserto &#8230;<\/p>\n<p>Fonte:\u00a0<a href=\"https:\/\/www.facebook.com\/acolhedown\/photos\/a.1363974797324782\/1757105604678364\/\">https:\/\/www.facebook.com\/acolhedown\/photos\/a.1363974797324782\/1757105604678364\/<\/a><\/p>\n","protected":false},"excerpt":{"rendered":"<p>COLUNA INCLUS\u00c3O DO ACOLHE Ela n\u00e3o precisava de conserto &#8230; Por Alexandra Wakahara Fisioterapeuta h\u00e1 21 anos. Psicomotricista, terapeuta especializada em Neurodesenvolvimento. M\u00e3e da Clarice que tem s\u00edndrome de Klippel-Feil Queria compartilhar aqui nessa coluna uma experi\u00eancia que tive recentemente&#8230; Conheci uma fam\u00edlia que teve o diagn\u00f3stico de S\u00edndrome de Down da filha quando ela [&hellip;]<\/p>\n","protected":false},"author":2,"featured_media":32198,"comment_status":"open","ping_status":"open","sticky":false,"template":"","format":"standard","meta":{"site-container-style":"default","site-container-layout":"default","site-sidebar-layout":"default","disable-article-header":"default","disable-site-header":"default","disable-site-footer":"default","disable-content-area-spacing":"default","footnotes":""},"categories":[448],"tags":[],"class_list":["post-32197","post","type-post","status-publish","format-standard","has-post-thumbnail","hentry","category-coluna-inclusao-acolhe"],"yoast_head":"<!-- This site is optimized with the Yoast SEO plugin v27.4 - https:\/\/yoast.com\/product\/yoast-seo-wordpress\/ -->\n<title>INCLUS\u00c3O ACOLHE - Ela n\u00e3o precisava de conserto ... -<\/title>\n<meta name=\"robots\" content=\"index, follow, max-snippet:-1, max-image-preview:large, max-video-preview:-1\" \/>\n<link rel=\"canonical\" href=\"https:\/\/inclusivenews.com.br\/?p=32197\" \/>\n<meta property=\"og:locale\" content=\"pt_PT\" \/>\n<meta property=\"og:type\" content=\"article\" \/>\n<meta property=\"og:title\" content=\"INCLUS\u00c3O ACOLHE - Ela n\u00e3o precisava de conserto ... -\" \/>\n<meta property=\"og:description\" content=\"COLUNA INCLUS\u00c3O DO ACOLHE Ela n\u00e3o precisava de conserto &#8230; Por Alexandra Wakahara Fisioterapeuta h\u00e1 21 anos. Psicomotricista, terapeuta especializada em Neurodesenvolvimento. M\u00e3e da Clarice que tem s\u00edndrome de Klippel-Feil Queria compartilhar aqui nessa coluna uma experi\u00eancia que tive recentemente&#8230; Conheci uma fam\u00edlia que teve o diagn\u00f3stico de S\u00edndrome de Down da filha quando ela [&hellip;]\" \/>\n<meta property=\"og:url\" content=\"https:\/\/inclusivenews.com.br\/?p=32197\" \/>\n<meta property=\"article:publisher\" content=\"https:\/\/www.facebook.com\/agenciainclusive\/\" \/>\n<meta property=\"article:published_time\" content=\"2021-05-28T20:47:57+00:00\" \/>\n<meta name=\"author\" content=\"Inclusive\" \/>\n<meta name=\"twitter:card\" content=\"summary_large_image\" \/>\n<meta name=\"twitter:label1\" content=\"Escrito por\" \/>\n\t<meta name=\"twitter:data1\" content=\"Inclusive\" \/>\n\t<meta name=\"twitter:label2\" content=\"Tempo estimado de leitura\" \/>\n\t<meta name=\"twitter:data2\" content=\"2 minutos\" \/>\n<script type=\"application\/ld+json\" class=\"yoast-schema-graph\">{\"@context\":\"https:\\\/\\\/schema.org\",\"@graph\":[{\"@type\":\"Article\",\"@id\":\"https:\\\/\\\/inclusivenews.com.br\\\/?p=32197#article\",\"isPartOf\":{\"@id\":\"https:\\\/\\\/inclusivenews.com.br\\\/?p=32197\"},\"author\":{\"name\":\"Inclusive\",\"@id\":\"https:\\\/\\\/inclusivenews.com.br\\\/#\\\/schema\\\/person\\\/0dab492019871b94abb65fa8ee7c8c44\"},\"headline\":\"INCLUS\u00c3O ACOLHE &#8211; Ela n\u00e3o precisava de conserto &#8230;\",\"datePublished\":\"2021-05-28T20:47:57+00:00\",\"mainEntityOfPage\":{\"@id\":\"https:\\\/\\\/inclusivenews.com.br\\\/?p=32197\"},\"wordCount\":373,\"commentCount\":0,\"publisher\":{\"@id\":\"https:\\\/\\\/inclusivenews.com.br\\\/#organization\"},\"image\":{\"@id\":\"https:\\\/\\\/inclusivenews.com.br\\\/?p=32197#primaryimage\"},\"thumbnailUrl\":\"\",\"articleSection\":[\"Coluna Inclus\u00e3o - Acolhe\"],\"inLanguage\":\"pt-PT\",\"potentialAction\":[{\"@type\":\"CommentAction\",\"name\":\"Comment\",\"target\":[\"https:\\\/\\\/inclusivenews.com.br\\\/?p=32197#respond\"]}]},{\"@type\":\"WebPage\",\"@id\":\"https:\\\/\\\/inclusivenews.com.br\\\/?p=32197\",\"url\":\"https:\\\/\\\/inclusivenews.com.br\\\/?p=32197\",\"name\":\"INCLUS\u00c3O ACOLHE - Ela n\u00e3o precisava de conserto ... -\",\"isPartOf\":{\"@id\":\"https:\\\/\\\/inclusivenews.com.br\\\/#website\"},\"primaryImageOfPage\":{\"@id\":\"https:\\\/\\\/inclusivenews.com.br\\\/?p=32197#primaryimage\"},\"image\":{\"@id\":\"https:\\\/\\\/inclusivenews.com.br\\\/?p=32197#primaryimage\"},\"thumbnailUrl\":\"\",\"datePublished\":\"2021-05-28T20:47:57+00:00\",\"breadcrumb\":{\"@id\":\"https:\\\/\\\/inclusivenews.com.br\\\/?p=32197#breadcrumb\"},\"inLanguage\":\"pt-PT\",\"potentialAction\":[{\"@type\":\"ReadAction\",\"target\":[\"https:\\\/\\\/inclusivenews.com.br\\\/?p=32197\"]}]},{\"@type\":\"ImageObject\",\"inLanguage\":\"pt-PT\",\"@id\":\"https:\\\/\\\/inclusivenews.com.br\\\/?p=32197#primaryimage\",\"url\":\"\",\"contentUrl\":\"\"},{\"@type\":\"BreadcrumbList\",\"@id\":\"https:\\\/\\\/inclusivenews.com.br\\\/?p=32197#breadcrumb\",\"itemListElement\":[{\"@type\":\"ListItem\",\"position\":1,\"name\":\"In\u00edcio\",\"item\":\"https:\\\/\\\/inclusivenews.com.br\\\/\"},{\"@type\":\"ListItem\",\"position\":2,\"name\":\"INCLUS\u00c3O ACOLHE &#8211; Ela n\u00e3o precisava de conserto &#8230;\"}]},{\"@type\":\"WebSite\",\"@id\":\"https:\\\/\\\/inclusivenews.com.br\\\/#website\",\"url\":\"https:\\\/\\\/inclusivenews.com.br\\\/\",\"name\":\"Inclusive News\",\"description\":\"Inclusive News\",\"publisher\":{\"@id\":\"https:\\\/\\\/inclusivenews.com.br\\\/#organization\"},\"potentialAction\":[{\"@type\":\"SearchAction\",\"target\":{\"@type\":\"EntryPoint\",\"urlTemplate\":\"https:\\\/\\\/inclusivenews.com.br\\\/?s={search_term_string}\"},\"query-input\":{\"@type\":\"PropertyValueSpecification\",\"valueRequired\":true,\"valueName\":\"search_term_string\"}}],\"inLanguage\":\"pt-PT\"},{\"@type\":\"Organization\",\"@id\":\"https:\\\/\\\/inclusivenews.com.br\\\/#organization\",\"name\":\"Inclusive - inclus\u00e3o e cidadania\",\"url\":\"https:\\\/\\\/inclusivenews.com.br\\\/\",\"logo\":{\"@type\":\"ImageObject\",\"inLanguage\":\"pt-PT\",\"@id\":\"https:\\\/\\\/inclusivenews.com.br\\\/#\\\/schema\\\/logo\\\/image\\\/\",\"url\":\"https:\\\/\\\/inclusivenews.com.br\\\/wp-content\\\/uploads\\\/2024\\\/03\\\/@grandesite.png\",\"contentUrl\":\"https:\\\/\\\/inclusivenews.com.br\\\/wp-content\\\/uploads\\\/2024\\\/03\\\/@grandesite.png\",\"width\":1080,\"height\":1080,\"caption\":\"Inclusive - inclus\u00e3o e cidadania\"},\"image\":{\"@id\":\"https:\\\/\\\/inclusivenews.com.br\\\/#\\\/schema\\\/logo\\\/image\\\/\"},\"sameAs\":[\"https:\\\/\\\/www.facebook.com\\\/agenciainclusive\\\/\",\"https:\\\/\\\/www.instagram.com\\\/newsinclusive\\\/\"]},{\"@type\":\"Person\",\"@id\":\"https:\\\/\\\/inclusivenews.com.br\\\/#\\\/schema\\\/person\\\/0dab492019871b94abb65fa8ee7c8c44\",\"name\":\"Inclusive\",\"image\":{\"@type\":\"ImageObject\",\"inLanguage\":\"pt-PT\",\"@id\":\"https:\\\/\\\/secure.gravatar.com\\\/avatar\\\/?s=96&d=mm&r=g\",\"url\":\"https:\\\/\\\/secure.gravatar.com\\\/avatar\\\/?s=96&d=mm&r=g\",\"contentUrl\":\"https:\\\/\\\/secure.gravatar.com\\\/avatar\\\/?s=96&d=mm&r=g\",\"caption\":\"Inclusive\"},\"url\":\"https:\\\/\\\/inclusivenews.com.br\\\/?author=2\"}]}<\/script>\n<!-- \/ Yoast SEO plugin. -->","yoast_head_json":{"title":"INCLUS\u00c3O ACOLHE - Ela n\u00e3o precisava de conserto ... -","robots":{"index":"index","follow":"follow","max-snippet":"max-snippet:-1","max-image-preview":"max-image-preview:large","max-video-preview":"max-video-preview:-1"},"canonical":"https:\/\/inclusivenews.com.br\/?p=32197","og_locale":"pt_PT","og_type":"article","og_title":"INCLUS\u00c3O ACOLHE - Ela n\u00e3o precisava de conserto ... -","og_description":"COLUNA INCLUS\u00c3O DO ACOLHE Ela n\u00e3o precisava de conserto &#8230; Por Alexandra Wakahara Fisioterapeuta h\u00e1 21 anos. Psicomotricista, terapeuta especializada em Neurodesenvolvimento. M\u00e3e da Clarice que tem s\u00edndrome de Klippel-Feil Queria compartilhar aqui nessa coluna uma experi\u00eancia que tive recentemente&#8230; Conheci uma fam\u00edlia que teve o diagn\u00f3stico de S\u00edndrome de Down da filha quando ela [&hellip;]","og_url":"https:\/\/inclusivenews.com.br\/?p=32197","article_publisher":"https:\/\/www.facebook.com\/agenciainclusive\/","article_published_time":"2021-05-28T20:47:57+00:00","author":"Inclusive","twitter_card":"summary_large_image","twitter_misc":{"Escrito por":"Inclusive","Tempo estimado de leitura":"2 minutos"},"schema":{"@context":"https:\/\/schema.org","@graph":[{"@type":"Article","@id":"https:\/\/inclusivenews.com.br\/?p=32197#article","isPartOf":{"@id":"https:\/\/inclusivenews.com.br\/?p=32197"},"author":{"name":"Inclusive","@id":"https:\/\/inclusivenews.com.br\/#\/schema\/person\/0dab492019871b94abb65fa8ee7c8c44"},"headline":"INCLUS\u00c3O ACOLHE &#8211; Ela n\u00e3o precisava de conserto &#8230;","datePublished":"2021-05-28T20:47:57+00:00","mainEntityOfPage":{"@id":"https:\/\/inclusivenews.com.br\/?p=32197"},"wordCount":373,"commentCount":0,"publisher":{"@id":"https:\/\/inclusivenews.com.br\/#organization"},"image":{"@id":"https:\/\/inclusivenews.com.br\/?p=32197#primaryimage"},"thumbnailUrl":"","articleSection":["Coluna Inclus\u00e3o - Acolhe"],"inLanguage":"pt-PT","potentialAction":[{"@type":"CommentAction","name":"Comment","target":["https:\/\/inclusivenews.com.br\/?p=32197#respond"]}]},{"@type":"WebPage","@id":"https:\/\/inclusivenews.com.br\/?p=32197","url":"https:\/\/inclusivenews.com.br\/?p=32197","name":"INCLUS\u00c3O ACOLHE - Ela n\u00e3o precisava de conserto ... -","isPartOf":{"@id":"https:\/\/inclusivenews.com.br\/#website"},"primaryImageOfPage":{"@id":"https:\/\/inclusivenews.com.br\/?p=32197#primaryimage"},"image":{"@id":"https:\/\/inclusivenews.com.br\/?p=32197#primaryimage"},"thumbnailUrl":"","datePublished":"2021-05-28T20:47:57+00:00","breadcrumb":{"@id":"https:\/\/inclusivenews.com.br\/?p=32197#breadcrumb"},"inLanguage":"pt-PT","potentialAction":[{"@type":"ReadAction","target":["https:\/\/inclusivenews.com.br\/?p=32197"]}]},{"@type":"ImageObject","inLanguage":"pt-PT","@id":"https:\/\/inclusivenews.com.br\/?p=32197#primaryimage","url":"","contentUrl":""},{"@type":"BreadcrumbList","@id":"https:\/\/inclusivenews.com.br\/?p=32197#breadcrumb","itemListElement":[{"@type":"ListItem","position":1,"name":"In\u00edcio","item":"https:\/\/inclusivenews.com.br\/"},{"@type":"ListItem","position":2,"name":"INCLUS\u00c3O ACOLHE &#8211; Ela n\u00e3o precisava de conserto &#8230;"}]},{"@type":"WebSite","@id":"https:\/\/inclusivenews.com.br\/#website","url":"https:\/\/inclusivenews.com.br\/","name":"Inclusive News","description":"Inclusive News","publisher":{"@id":"https:\/\/inclusivenews.com.br\/#organization"},"potentialAction":[{"@type":"SearchAction","target":{"@type":"EntryPoint","urlTemplate":"https:\/\/inclusivenews.com.br\/?s={search_term_string}"},"query-input":{"@type":"PropertyValueSpecification","valueRequired":true,"valueName":"search_term_string"}}],"inLanguage":"pt-PT"},{"@type":"Organization","@id":"https:\/\/inclusivenews.com.br\/#organization","name":"Inclusive - inclus\u00e3o e cidadania","url":"https:\/\/inclusivenews.com.br\/","logo":{"@type":"ImageObject","inLanguage":"pt-PT","@id":"https:\/\/inclusivenews.com.br\/#\/schema\/logo\/image\/","url":"https:\/\/inclusivenews.com.br\/wp-content\/uploads\/2024\/03\/@grandesite.png","contentUrl":"https:\/\/inclusivenews.com.br\/wp-content\/uploads\/2024\/03\/@grandesite.png","width":1080,"height":1080,"caption":"Inclusive - inclus\u00e3o e cidadania"},"image":{"@id":"https:\/\/inclusivenews.com.br\/#\/schema\/logo\/image\/"},"sameAs":["https:\/\/www.facebook.com\/agenciainclusive\/","https:\/\/www.instagram.com\/newsinclusive\/"]},{"@type":"Person","@id":"https:\/\/inclusivenews.com.br\/#\/schema\/person\/0dab492019871b94abb65fa8ee7c8c44","name":"Inclusive","image":{"@type":"ImageObject","inLanguage":"pt-PT","@id":"https:\/\/secure.gravatar.com\/avatar\/?s=96&d=mm&r=g","url":"https:\/\/secure.gravatar.com\/avatar\/?s=96&d=mm&r=g","contentUrl":"https:\/\/secure.gravatar.com\/avatar\/?s=96&d=mm&r=g","caption":"Inclusive"},"url":"https:\/\/inclusivenews.com.br\/?author=2"}]}},"_links":{"self":[{"href":"https:\/\/inclusivenews.com.br\/index.php?rest_route=\/wp\/v2\/posts\/32197","targetHints":{"allow":["GET"]}}],"collection":[{"href":"https:\/\/inclusivenews.com.br\/index.php?rest_route=\/wp\/v2\/posts"}],"about":[{"href":"https:\/\/inclusivenews.com.br\/index.php?rest_route=\/wp\/v2\/types\/post"}],"author":[{"embeddable":true,"href":"https:\/\/inclusivenews.com.br\/index.php?rest_route=\/wp\/v2\/users\/2"}],"replies":[{"embeddable":true,"href":"https:\/\/inclusivenews.com.br\/index.php?rest_route=%2Fwp%2Fv2%2Fcomments&post=32197"}],"version-history":[{"count":0,"href":"https:\/\/inclusivenews.com.br\/index.php?rest_route=\/wp\/v2\/posts\/32197\/revisions"}],"wp:featuredmedia":[{"embeddable":true,"href":"https:\/\/inclusivenews.com.br\/index.php?rest_route=\/"}],"wp:attachment":[{"href":"https:\/\/inclusivenews.com.br\/index.php?rest_route=%2Fwp%2Fv2%2Fmedia&parent=32197"}],"wp:term":[{"taxonomy":"category","embeddable":true,"href":"https:\/\/inclusivenews.com.br\/index.php?rest_route=%2Fwp%2Fv2%2Fcategories&post=32197"},{"taxonomy":"post_tag","embeddable":true,"href":"https:\/\/inclusivenews.com.br\/index.php?rest_route=%2Fwp%2Fv2%2Ftags&post=32197"}],"curies":[{"name":"wp","href":"https:\/\/api.w.org\/{rel}","templated":true}]}}