{"id":32201,"date":"2021-05-28T17:50:29","date_gmt":"2021-05-28T20:50:29","guid":{"rendered":"http:\/\/www.inclusive.org.br\/?p=32201"},"modified":"2021-05-28T17:50:29","modified_gmt":"2021-05-28T20:50:29","slug":"inclusao-acolhe-interseccionalidade-capacitismo-e-os-pilares-da-desigualdade","status":"publish","type":"post","link":"https:\/\/inclusivenews.com.br\/?p=32201","title":{"rendered":"INCLUS\u00c3O ACOLHE &#8211; Interseccionalidade, capacitismo e os pilares da desigualdade."},"content":{"rendered":"<p><a href=\"http:\/\/www.inclusive.org.br\/arquivos\/32201\/ma-2\" rel=\"attachment wp-att-32202\"><img loading=\"lazy\" decoding=\"async\" class=\"alignnone size-medium wp-image-32202\" src=\"http:\/\/inclusivenews.com.br\/wp-content\/uploads\/ma-300x300.jpeg\" alt=\"foto de mulher descricao da imagem no post\" width=\"300\" height=\"300\" \/><\/a><\/p>\n<p>COLUNA INCLUS\u00c3O DO ACOLHE<\/p>\n<p>Interseccionalidade, capacitismo e os pilares da desigualdade<br \/>\nPor Maira Covre-Sussai<br \/>\nPsicologa, cientista social, professora do ICS\/UERJ e m\u00e3e da Sofie e do Francisco.<\/p>\n<p>Interseccionalidade \u00e9 um conceito muito usado nos espa\u00e7os externos \u00e0 universidade, principalmente pelos movimentos negro e feministas. Inaugurado por Kimberl\u00e9 Crenshaw, 1989, a abordagem interseccional defende que as desigualdades sociais interagem e se acumulam de forma a potencializar os efeitos dessas desigualdades. \u00c0 \u00e9poca, Crenshaw se referia \u00e0 ra\u00e7a\/cor e ao g\u00eanero das pessoas. Assim, como acumulam as consequ\u00eancias do racismo e do machismo estruturais na sociedade, as mulheres negras t\u00eam mais dificuldade para ascender socialmente que as mulheres brancas (que n\u00e3o sofrem os efeitos do racismo), ou que os homens negros (livres dos efeitos do machismo).<br \/>\nEntende-se que caracter\u00edsticas relacionadas a um menor bem estar social, se multiplicam, dificultando a ascens\u00e3o social desses grupos e sustentando as desigualdades existentes. Tais caracter\u00edsticas, como ra\u00e7a, classe e g\u00eanero, funcionam como marcadores, pilares da desigualdade, onde o bem estar e a mobilidade social s\u00e3o dificultados pela aus\u00eancia de pol\u00edticas p\u00fablicas destinadas \u00e0 essa popula\u00e7\u00e3o.<br \/>\nComo as caracter\u00edsticas mencionadas acima, as defici\u00eancias se caracterizam como um dos pilares da desigualdade e interagem com os demais marcadores, dificultando o acesso das pessoas com defici\u00eancia ao bem estar biopsicossocial que lhes \u00e9 de direito. Uma mulher, pobre, negra e com defici\u00eancia enfrentar\u00e1 barreiras sociais muito mais dif\u00edceis de transpor que mulheres brancas e de classe m\u00e9dia, por exemplo.<br \/>\nSe uma caracter\u00edstica necess\u00e1ria \u00e0 democracia \u00e9 a igualdade de direitos e possibilidades, a luta contra tudo que limita o acesso a esse direito deve ser priorizada. E essa prioriza\u00e7\u00e3o passa pelo entendimento de que n\u00e3o existir\u00e1 democracia enquanto o racismo, o machismo e o capacitismo (cren\u00e7a de que pessoas com defici\u00eancia s\u00e3o menos capazes) forem estruturais.<\/p>\n<p><a class=\"oajrlxb2 g5ia77u1 qu0x051f esr5mh6w e9989ue4 r7d6kgcz rq0escxv nhd2j8a9 nc684nl6 p7hjln8o kvgmc6g5 cxmmr5t8 oygrvhab hcukyx3x jb3vyjys rz4wbd8a qt6c0cv9 a8nywdso i1ao9s8h esuyzwwr f1sip0of lzcic4wl oo9gr5id gpro0wi8 lrazzd5p\" tabindex=\"0\" href=\"https:\/\/www.facebook.com\/hashtag\/descricaodaimagem?__eep__=6&amp;__cft__[0]=AZU2SaZ_aWB3W5MafGEXzQV8JOdLQI5-iBBmWzb4c2mpQzKKDCSTLb5HQBjHlWU9jw6nbYZX-S2UVrjeukG-467vxSLtmYSTwq28I9LRaqxcN-07rIDK1MXZTrCunBlRc4E2udVQBKwINzGTkVqqBieQ&amp;__tn__=*NK*F\">#descricaodaimagem<\/a><br \/>\nEm um fundo mostarda e branco, a foto da autora no centro, e o texto: Coluna Inclus\u00e3o AcolheDown. Com Maira Covre-Sussai. Interseccionalidade, capacitismo e os pilares da desigualdade<\/p>\n<p>Fonte:\u00a0<a href=\"https:\/\/www.facebook.com\/acolhedown\/photos\/a.1363974797324782\/1760705694318355\/\">https:\/\/www.facebook.com\/acolhedown\/photos\/a.1363974797324782\/1760705694318355\/<\/a><\/p>\n","protected":false},"excerpt":{"rendered":"<p>COLUNA INCLUS\u00c3O DO ACOLHE Interseccionalidade, capacitismo e os pilares da desigualdade Por Maira Covre-Sussai Psicologa, cientista social, professora do ICS\/UERJ e m\u00e3e da Sofie e do Francisco. Interseccionalidade \u00e9 um conceito muito usado nos espa\u00e7os externos \u00e0 universidade, principalmente pelos movimentos negro e feministas. Inaugurado por Kimberl\u00e9 Crenshaw, 1989, a abordagem interseccional defende que as [&hellip;]<\/p>\n","protected":false},"author":2,"featured_media":32202,"comment_status":"open","ping_status":"open","sticky":false,"template":"","format":"standard","meta":{"site-container-style":"default","site-container-layout":"default","site-sidebar-layout":"default","disable-article-header":"default","disable-site-header":"default","disable-site-footer":"default","disable-content-area-spacing":"default","footnotes":""},"categories":[448],"tags":[],"class_list":["post-32201","post","type-post","status-publish","format-standard","has-post-thumbnail","hentry","category-coluna-inclusao-acolhe"],"yoast_head":"<!-- This site is optimized with the Yoast SEO plugin v27.4 - https:\/\/yoast.com\/product\/yoast-seo-wordpress\/ -->\n<title>INCLUS\u00c3O ACOLHE - Interseccionalidade, capacitismo e os pilares da desigualdade. -<\/title>\n<meta name=\"robots\" content=\"index, follow, max-snippet:-1, max-image-preview:large, max-video-preview:-1\" \/>\n<link rel=\"canonical\" href=\"https:\/\/inclusivenews.com.br\/?p=32201\" \/>\n<meta property=\"og:locale\" content=\"pt_PT\" \/>\n<meta property=\"og:type\" content=\"article\" \/>\n<meta property=\"og:title\" content=\"INCLUS\u00c3O ACOLHE - Interseccionalidade, capacitismo e os pilares da desigualdade. -\" \/>\n<meta property=\"og:description\" content=\"COLUNA INCLUS\u00c3O DO ACOLHE Interseccionalidade, capacitismo e os pilares da desigualdade Por Maira Covre-Sussai Psicologa, cientista social, professora do ICS\/UERJ e m\u00e3e da Sofie e do Francisco. Interseccionalidade \u00e9 um conceito muito usado nos espa\u00e7os externos \u00e0 universidade, principalmente pelos movimentos negro e feministas. Inaugurado por Kimberl\u00e9 Crenshaw, 1989, a abordagem interseccional defende que as [&hellip;]\" \/>\n<meta property=\"og:url\" content=\"https:\/\/inclusivenews.com.br\/?p=32201\" \/>\n<meta property=\"article:publisher\" content=\"https:\/\/www.facebook.com\/agenciainclusive\/\" \/>\n<meta property=\"article:published_time\" content=\"2021-05-28T20:50:29+00:00\" \/>\n<meta name=\"author\" content=\"Inclusive\" \/>\n<meta name=\"twitter:card\" content=\"summary_large_image\" \/>\n<meta name=\"twitter:label1\" content=\"Escrito por\" \/>\n\t<meta name=\"twitter:data1\" content=\"Inclusive\" \/>\n\t<meta name=\"twitter:label2\" content=\"Tempo estimado de leitura\" \/>\n\t<meta name=\"twitter:data2\" content=\"2 minutos\" \/>\n<script type=\"application\/ld+json\" class=\"yoast-schema-graph\">{\"@context\":\"https:\\\/\\\/schema.org\",\"@graph\":[{\"@type\":\"Article\",\"@id\":\"https:\\\/\\\/inclusivenews.com.br\\\/?p=32201#article\",\"isPartOf\":{\"@id\":\"https:\\\/\\\/inclusivenews.com.br\\\/?p=32201\"},\"author\":{\"name\":\"Inclusive\",\"@id\":\"https:\\\/\\\/inclusivenews.com.br\\\/#\\\/schema\\\/person\\\/0dab492019871b94abb65fa8ee7c8c44\"},\"headline\":\"INCLUS\u00c3O ACOLHE &#8211; Interseccionalidade, capacitismo e os pilares da desigualdade.\",\"datePublished\":\"2021-05-28T20:50:29+00:00\",\"mainEntityOfPage\":{\"@id\":\"https:\\\/\\\/inclusivenews.com.br\\\/?p=32201\"},\"wordCount\":370,\"commentCount\":0,\"publisher\":{\"@id\":\"https:\\\/\\\/inclusivenews.com.br\\\/#organization\"},\"image\":{\"@id\":\"https:\\\/\\\/inclusivenews.com.br\\\/?p=32201#primaryimage\"},\"thumbnailUrl\":\"\",\"articleSection\":[\"Coluna Inclus\u00e3o - Acolhe\"],\"inLanguage\":\"pt-PT\",\"potentialAction\":[{\"@type\":\"CommentAction\",\"name\":\"Comment\",\"target\":[\"https:\\\/\\\/inclusivenews.com.br\\\/?p=32201#respond\"]}]},{\"@type\":\"WebPage\",\"@id\":\"https:\\\/\\\/inclusivenews.com.br\\\/?p=32201\",\"url\":\"https:\\\/\\\/inclusivenews.com.br\\\/?p=32201\",\"name\":\"INCLUS\u00c3O ACOLHE - Interseccionalidade, capacitismo e os pilares da desigualdade. -\",\"isPartOf\":{\"@id\":\"https:\\\/\\\/inclusivenews.com.br\\\/#website\"},\"primaryImageOfPage\":{\"@id\":\"https:\\\/\\\/inclusivenews.com.br\\\/?p=32201#primaryimage\"},\"image\":{\"@id\":\"https:\\\/\\\/inclusivenews.com.br\\\/?p=32201#primaryimage\"},\"thumbnailUrl\":\"\",\"datePublished\":\"2021-05-28T20:50:29+00:00\",\"breadcrumb\":{\"@id\":\"https:\\\/\\\/inclusivenews.com.br\\\/?p=32201#breadcrumb\"},\"inLanguage\":\"pt-PT\",\"potentialAction\":[{\"@type\":\"ReadAction\",\"target\":[\"https:\\\/\\\/inclusivenews.com.br\\\/?p=32201\"]}]},{\"@type\":\"ImageObject\",\"inLanguage\":\"pt-PT\",\"@id\":\"https:\\\/\\\/inclusivenews.com.br\\\/?p=32201#primaryimage\",\"url\":\"\",\"contentUrl\":\"\"},{\"@type\":\"BreadcrumbList\",\"@id\":\"https:\\\/\\\/inclusivenews.com.br\\\/?p=32201#breadcrumb\",\"itemListElement\":[{\"@type\":\"ListItem\",\"position\":1,\"name\":\"In\u00edcio\",\"item\":\"https:\\\/\\\/inclusivenews.com.br\\\/\"},{\"@type\":\"ListItem\",\"position\":2,\"name\":\"INCLUS\u00c3O ACOLHE &#8211; Interseccionalidade, capacitismo e os pilares da desigualdade.\"}]},{\"@type\":\"WebSite\",\"@id\":\"https:\\\/\\\/inclusivenews.com.br\\\/#website\",\"url\":\"https:\\\/\\\/inclusivenews.com.br\\\/\",\"name\":\"Inclusive News\",\"description\":\"Inclusive News\",\"publisher\":{\"@id\":\"https:\\\/\\\/inclusivenews.com.br\\\/#organization\"},\"potentialAction\":[{\"@type\":\"SearchAction\",\"target\":{\"@type\":\"EntryPoint\",\"urlTemplate\":\"https:\\\/\\\/inclusivenews.com.br\\\/?s={search_term_string}\"},\"query-input\":{\"@type\":\"PropertyValueSpecification\",\"valueRequired\":true,\"valueName\":\"search_term_string\"}}],\"inLanguage\":\"pt-PT\"},{\"@type\":\"Organization\",\"@id\":\"https:\\\/\\\/inclusivenews.com.br\\\/#organization\",\"name\":\"Inclusive - inclus\u00e3o e cidadania\",\"url\":\"https:\\\/\\\/inclusivenews.com.br\\\/\",\"logo\":{\"@type\":\"ImageObject\",\"inLanguage\":\"pt-PT\",\"@id\":\"https:\\\/\\\/inclusivenews.com.br\\\/#\\\/schema\\\/logo\\\/image\\\/\",\"url\":\"https:\\\/\\\/inclusivenews.com.br\\\/wp-content\\\/uploads\\\/2024\\\/03\\\/@grandesite.png\",\"contentUrl\":\"https:\\\/\\\/inclusivenews.com.br\\\/wp-content\\\/uploads\\\/2024\\\/03\\\/@grandesite.png\",\"width\":1080,\"height\":1080,\"caption\":\"Inclusive - inclus\u00e3o e cidadania\"},\"image\":{\"@id\":\"https:\\\/\\\/inclusivenews.com.br\\\/#\\\/schema\\\/logo\\\/image\\\/\"},\"sameAs\":[\"https:\\\/\\\/www.facebook.com\\\/agenciainclusive\\\/\",\"https:\\\/\\\/www.instagram.com\\\/newsinclusive\\\/\"]},{\"@type\":\"Person\",\"@id\":\"https:\\\/\\\/inclusivenews.com.br\\\/#\\\/schema\\\/person\\\/0dab492019871b94abb65fa8ee7c8c44\",\"name\":\"Inclusive\",\"image\":{\"@type\":\"ImageObject\",\"inLanguage\":\"pt-PT\",\"@id\":\"https:\\\/\\\/secure.gravatar.com\\\/avatar\\\/?s=96&d=mm&r=g\",\"url\":\"https:\\\/\\\/secure.gravatar.com\\\/avatar\\\/?s=96&d=mm&r=g\",\"contentUrl\":\"https:\\\/\\\/secure.gravatar.com\\\/avatar\\\/?s=96&d=mm&r=g\",\"caption\":\"Inclusive\"},\"url\":\"https:\\\/\\\/inclusivenews.com.br\\\/?author=2\"}]}<\/script>\n<!-- \/ Yoast SEO plugin. -->","yoast_head_json":{"title":"INCLUS\u00c3O ACOLHE - Interseccionalidade, capacitismo e os pilares da desigualdade. -","robots":{"index":"index","follow":"follow","max-snippet":"max-snippet:-1","max-image-preview":"max-image-preview:large","max-video-preview":"max-video-preview:-1"},"canonical":"https:\/\/inclusivenews.com.br\/?p=32201","og_locale":"pt_PT","og_type":"article","og_title":"INCLUS\u00c3O ACOLHE - Interseccionalidade, capacitismo e os pilares da desigualdade. -","og_description":"COLUNA INCLUS\u00c3O DO ACOLHE Interseccionalidade, capacitismo e os pilares da desigualdade Por Maira Covre-Sussai Psicologa, cientista social, professora do ICS\/UERJ e m\u00e3e da Sofie e do Francisco. Interseccionalidade \u00e9 um conceito muito usado nos espa\u00e7os externos \u00e0 universidade, principalmente pelos movimentos negro e feministas. Inaugurado por Kimberl\u00e9 Crenshaw, 1989, a abordagem interseccional defende que as [&hellip;]","og_url":"https:\/\/inclusivenews.com.br\/?p=32201","article_publisher":"https:\/\/www.facebook.com\/agenciainclusive\/","article_published_time":"2021-05-28T20:50:29+00:00","author":"Inclusive","twitter_card":"summary_large_image","twitter_misc":{"Escrito por":"Inclusive","Tempo estimado de leitura":"2 minutos"},"schema":{"@context":"https:\/\/schema.org","@graph":[{"@type":"Article","@id":"https:\/\/inclusivenews.com.br\/?p=32201#article","isPartOf":{"@id":"https:\/\/inclusivenews.com.br\/?p=32201"},"author":{"name":"Inclusive","@id":"https:\/\/inclusivenews.com.br\/#\/schema\/person\/0dab492019871b94abb65fa8ee7c8c44"},"headline":"INCLUS\u00c3O ACOLHE &#8211; Interseccionalidade, capacitismo e os pilares da desigualdade.","datePublished":"2021-05-28T20:50:29+00:00","mainEntityOfPage":{"@id":"https:\/\/inclusivenews.com.br\/?p=32201"},"wordCount":370,"commentCount":0,"publisher":{"@id":"https:\/\/inclusivenews.com.br\/#organization"},"image":{"@id":"https:\/\/inclusivenews.com.br\/?p=32201#primaryimage"},"thumbnailUrl":"","articleSection":["Coluna Inclus\u00e3o - Acolhe"],"inLanguage":"pt-PT","potentialAction":[{"@type":"CommentAction","name":"Comment","target":["https:\/\/inclusivenews.com.br\/?p=32201#respond"]}]},{"@type":"WebPage","@id":"https:\/\/inclusivenews.com.br\/?p=32201","url":"https:\/\/inclusivenews.com.br\/?p=32201","name":"INCLUS\u00c3O ACOLHE - Interseccionalidade, capacitismo e os pilares da desigualdade. -","isPartOf":{"@id":"https:\/\/inclusivenews.com.br\/#website"},"primaryImageOfPage":{"@id":"https:\/\/inclusivenews.com.br\/?p=32201#primaryimage"},"image":{"@id":"https:\/\/inclusivenews.com.br\/?p=32201#primaryimage"},"thumbnailUrl":"","datePublished":"2021-05-28T20:50:29+00:00","breadcrumb":{"@id":"https:\/\/inclusivenews.com.br\/?p=32201#breadcrumb"},"inLanguage":"pt-PT","potentialAction":[{"@type":"ReadAction","target":["https:\/\/inclusivenews.com.br\/?p=32201"]}]},{"@type":"ImageObject","inLanguage":"pt-PT","@id":"https:\/\/inclusivenews.com.br\/?p=32201#primaryimage","url":"","contentUrl":""},{"@type":"BreadcrumbList","@id":"https:\/\/inclusivenews.com.br\/?p=32201#breadcrumb","itemListElement":[{"@type":"ListItem","position":1,"name":"In\u00edcio","item":"https:\/\/inclusivenews.com.br\/"},{"@type":"ListItem","position":2,"name":"INCLUS\u00c3O ACOLHE &#8211; Interseccionalidade, capacitismo e os pilares da desigualdade."}]},{"@type":"WebSite","@id":"https:\/\/inclusivenews.com.br\/#website","url":"https:\/\/inclusivenews.com.br\/","name":"Inclusive News","description":"Inclusive News","publisher":{"@id":"https:\/\/inclusivenews.com.br\/#organization"},"potentialAction":[{"@type":"SearchAction","target":{"@type":"EntryPoint","urlTemplate":"https:\/\/inclusivenews.com.br\/?s={search_term_string}"},"query-input":{"@type":"PropertyValueSpecification","valueRequired":true,"valueName":"search_term_string"}}],"inLanguage":"pt-PT"},{"@type":"Organization","@id":"https:\/\/inclusivenews.com.br\/#organization","name":"Inclusive - inclus\u00e3o e cidadania","url":"https:\/\/inclusivenews.com.br\/","logo":{"@type":"ImageObject","inLanguage":"pt-PT","@id":"https:\/\/inclusivenews.com.br\/#\/schema\/logo\/image\/","url":"https:\/\/inclusivenews.com.br\/wp-content\/uploads\/2024\/03\/@grandesite.png","contentUrl":"https:\/\/inclusivenews.com.br\/wp-content\/uploads\/2024\/03\/@grandesite.png","width":1080,"height":1080,"caption":"Inclusive - inclus\u00e3o e cidadania"},"image":{"@id":"https:\/\/inclusivenews.com.br\/#\/schema\/logo\/image\/"},"sameAs":["https:\/\/www.facebook.com\/agenciainclusive\/","https:\/\/www.instagram.com\/newsinclusive\/"]},{"@type":"Person","@id":"https:\/\/inclusivenews.com.br\/#\/schema\/person\/0dab492019871b94abb65fa8ee7c8c44","name":"Inclusive","image":{"@type":"ImageObject","inLanguage":"pt-PT","@id":"https:\/\/secure.gravatar.com\/avatar\/?s=96&d=mm&r=g","url":"https:\/\/secure.gravatar.com\/avatar\/?s=96&d=mm&r=g","contentUrl":"https:\/\/secure.gravatar.com\/avatar\/?s=96&d=mm&r=g","caption":"Inclusive"},"url":"https:\/\/inclusivenews.com.br\/?author=2"}]}},"_links":{"self":[{"href":"https:\/\/inclusivenews.com.br\/index.php?rest_route=\/wp\/v2\/posts\/32201","targetHints":{"allow":["GET"]}}],"collection":[{"href":"https:\/\/inclusivenews.com.br\/index.php?rest_route=\/wp\/v2\/posts"}],"about":[{"href":"https:\/\/inclusivenews.com.br\/index.php?rest_route=\/wp\/v2\/types\/post"}],"author":[{"embeddable":true,"href":"https:\/\/inclusivenews.com.br\/index.php?rest_route=\/wp\/v2\/users\/2"}],"replies":[{"embeddable":true,"href":"https:\/\/inclusivenews.com.br\/index.php?rest_route=%2Fwp%2Fv2%2Fcomments&post=32201"}],"version-history":[{"count":0,"href":"https:\/\/inclusivenews.com.br\/index.php?rest_route=\/wp\/v2\/posts\/32201\/revisions"}],"wp:featuredmedia":[{"embeddable":true,"href":"https:\/\/inclusivenews.com.br\/index.php?rest_route=\/"}],"wp:attachment":[{"href":"https:\/\/inclusivenews.com.br\/index.php?rest_route=%2Fwp%2Fv2%2Fmedia&parent=32201"}],"wp:term":[{"taxonomy":"category","embeddable":true,"href":"https:\/\/inclusivenews.com.br\/index.php?rest_route=%2Fwp%2Fv2%2Fcategories&post=32201"},{"taxonomy":"post_tag","embeddable":true,"href":"https:\/\/inclusivenews.com.br\/index.php?rest_route=%2Fwp%2Fv2%2Ftags&post=32201"}],"curies":[{"name":"wp","href":"https:\/\/api.w.org\/{rel}","templated":true}]}}