{"id":32205,"date":"2021-05-28T17:56:09","date_gmt":"2021-05-28T20:56:09","guid":{"rendered":"http:\/\/www.inclusive.org.br\/?p=32205"},"modified":"2021-05-28T17:56:09","modified_gmt":"2021-05-28T20:56:09","slug":"inclusao-acolhe-inclusao-se-faz-com-acao-e-tudo-mundo-ganha","status":"publish","type":"post","link":"https:\/\/inclusivenews.com.br\/?p=32205","title":{"rendered":"INCLUS\u00c3O ACOLHE &#8211; Inclus\u00e3o se faz com a\u00e7\u00e3o. E tudo mundo ganha."},"content":{"rendered":"<p><a href=\"http:\/\/www.inclusive.org.br\/arquivos\/32205\/ana-5\" rel=\"attachment wp-att-32206\"><img loading=\"lazy\" decoding=\"async\" class=\"alignnone size-medium wp-image-32206\" src=\"http:\/\/inclusivenews.com.br\/wp-content\/uploads\/ana-297x300.jpeg\" alt=\"foto de mulher descricao no post.\" width=\"297\" height=\"300\" \/><\/a><\/p>\n<p>COLUNA INCLUS\u00c3O DO ACOLHE<\/p>\n<p>Inclus\u00e3o se faz com a\u00e7\u00e3o<br \/>\nE tudo mundo ganha<\/p>\n<p>Por Ana Paula Souza<br \/>\nMulher negra<br \/>\nM\u00e3e de crian\u00e7a com defici\u00eancia<br \/>\nIntegrante do Comit\u00ea Gestor do AcolheDown<\/p>\n<p>O processo de se perceber como indiv\u00edduo integrante de uma coletividade ganha for\u00e7a e mais clareza a partir do conv\u00edvio social.<\/p>\n<p>Desde que meu filho foi para a creche e logo depois pra escola, percebo o quanto a socializa\u00e7\u00e3o tem sido importante para o seu desenvolvimento.<\/p>\n<p>Algo que tamb\u00e9m chama a minha aten\u00e7\u00e3o, ainda que de forma pontual, s\u00e3o as rea\u00e7\u00f5es decorrentes da presen\u00e7a de uma crian\u00e7a com defici\u00eancia nesse ambiente plural da escola regular.<\/p>\n<p>Eu me lembro do entusiasmo de um coleguinha quando meu filho, que ainda est\u00e1 aprendendo a falar, disse &#8220;est\u00e1tua&#8221; durante uma brincadeira com m\u00fasica. Foi lindo viv\u00eanciar a alegria genu\u00edna da outra crian\u00e7a.<\/p>\n<p>Recentemente um amigo cego foi adicionado em um grupo de Whatsapp do qual participo. E novamente pude perceber o reflexos da presen\u00e7a de uma pessoa com defici\u00eancia num ambiente diverso, ainda que virtual. N\u00e3o levou muito tempo para se concluir que nosso amigo, apesar de fazer parte do grupo, n\u00e3o estava sendo inclu\u00eddo, uma vez que as imagens postadas n\u00e3o tinham descri\u00e7\u00e3o. Solu\u00e7\u00e3o? Todos passaram a descrever as imagens.<\/p>\n<p>\u00c9 muito importante agir com empatia e o respeito para transformar os ambientes em espa\u00e7os onde todes sejam efetivamente bem-vindos.<\/p>\n<p><a class=\"oajrlxb2 g5ia77u1 qu0x051f esr5mh6w e9989ue4 r7d6kgcz rq0escxv nhd2j8a9 nc684nl6 p7hjln8o kvgmc6g5 cxmmr5t8 oygrvhab hcukyx3x jb3vyjys rz4wbd8a qt6c0cv9 a8nywdso i1ao9s8h esuyzwwr f1sip0of lzcic4wl oo9gr5id gpro0wi8 lrazzd5p\" tabindex=\"0\" href=\"https:\/\/www.facebook.com\/hashtag\/descri%C3%A7%C3%A3odaimagem?__eep__=6&amp;__cft__[0]=AZXBLERTA_Ci6w9Zag0PHB_m3V9yslHCD7Pp41LjTDyfcIv4qYZB_6JkPp46y6VDvVRxbGWPEz0AU-qD53pJoty5zMkFarZ8fa75yY8mLVWAfw8rBKBV4gtWPvl1MjE03bLQojMekaKFgpsAiEA40stz&amp;__tn__=*NK*F\">#descri\u00e7\u00e3odaimagem<\/a>: em um fundo azul claro e branco: Coluna Inclus\u00e3o AcolheDown com Ana Paula Souza. \u201cInclus\u00e3o se faz com a\u00e7\u00e3o e todo mundo ganha\u201d.<\/p>\n<p><a class=\"oajrlxb2 g5ia77u1 qu0x051f esr5mh6w e9989ue4 r7d6kgcz rq0escxv nhd2j8a9 nc684nl6 p7hjln8o kvgmc6g5 cxmmr5t8 oygrvhab hcukyx3x jb3vyjys rz4wbd8a qt6c0cv9 a8nywdso i1ao9s8h esuyzwwr f1sip0of lzcic4wl oo9gr5id gpro0wi8 lrazzd5p\" tabindex=\"0\" href=\"https:\/\/www.facebook.com\/hashtag\/acolhedownoficial?__eep__=6&amp;__cft__[0]=AZXBLERTA_Ci6w9Zag0PHB_m3V9yslHCD7Pp41LjTDyfcIv4qYZB_6JkPp46y6VDvVRxbGWPEz0AU-qD53pJoty5zMkFarZ8fa75yY8mLVWAfw8rBKBV4gtWPvl1MjE03bLQojMekaKFgpsAiEA40stz&amp;__tn__=*NK*F\">#acolhedownoficial<\/a><br \/>\n<a class=\"oajrlxb2 g5ia77u1 qu0x051f esr5mh6w e9989ue4 r7d6kgcz rq0escxv nhd2j8a9 nc684nl6 p7hjln8o kvgmc6g5 cxmmr5t8 oygrvhab hcukyx3x jb3vyjys rz4wbd8a qt6c0cv9 a8nywdso i1ao9s8h esuyzwwr f1sip0of lzcic4wl oo9gr5id gpro0wi8 lrazzd5p\" tabindex=\"0\" href=\"https:\/\/www.facebook.com\/hashtag\/pessoacomdeficiencia?__eep__=6&amp;__cft__[0]=AZXBLERTA_Ci6w9Zag0PHB_m3V9yslHCD7Pp41LjTDyfcIv4qYZB_6JkPp46y6VDvVRxbGWPEz0AU-qD53pJoty5zMkFarZ8fa75yY8mLVWAfw8rBKBV4gtWPvl1MjE03bLQojMekaKFgpsAiEA40stz&amp;__tn__=*NK*F\">#pessoacomdeficiencia<\/a><br \/>\n<a class=\"oajrlxb2 g5ia77u1 qu0x051f esr5mh6w e9989ue4 r7d6kgcz rq0escxv nhd2j8a9 nc684nl6 p7hjln8o kvgmc6g5 cxmmr5t8 oygrvhab hcukyx3x jb3vyjys rz4wbd8a qt6c0cv9 a8nywdso i1ao9s8h esuyzwwr f1sip0of lzcic4wl oo9gr5id gpro0wi8 lrazzd5p\" tabindex=\"0\" href=\"https:\/\/www.facebook.com\/hashtag\/pessoanegracomdeficienci?__eep__=6&amp;__cft__[0]=AZXBLERTA_Ci6w9Zag0PHB_m3V9yslHCD7Pp41LjTDyfcIv4qYZB_6JkPp46y6VDvVRxbGWPEz0AU-qD53pJoty5zMkFarZ8fa75yY8mLVWAfw8rBKBV4gtWPvl1MjE03bLQojMekaKFgpsAiEA40stz&amp;__tn__=*NK*F\">#pessoanegracomdeficienci<\/a><br \/>\n<a class=\"oajrlxb2 g5ia77u1 qu0x051f esr5mh6w e9989ue4 r7d6kgcz rq0escxv nhd2j8a9 nc684nl6 p7hjln8o kvgmc6g5 cxmmr5t8 oygrvhab hcukyx3x jb3vyjys rz4wbd8a qt6c0cv9 a8nywdso i1ao9s8h esuyzwwr f1sip0of lzcic4wl oo9gr5id gpro0wi8 lrazzd5p\" tabindex=\"0\" href=\"https:\/\/www.facebook.com\/hashtag\/sindromededown?__eep__=6&amp;__cft__[0]=AZXBLERTA_Ci6w9Zag0PHB_m3V9yslHCD7Pp41LjTDyfcIv4qYZB_6JkPp46y6VDvVRxbGWPEz0AU-qD53pJoty5zMkFarZ8fa75yY8mLVWAfw8rBKBV4gtWPvl1MjE03bLQojMekaKFgpsAiEA40stz&amp;__tn__=*NK*F\">#sindromededown<\/a><br \/>\n<a class=\"oajrlxb2 g5ia77u1 qu0x051f esr5mh6w e9989ue4 r7d6kgcz rq0escxv nhd2j8a9 nc684nl6 p7hjln8o kvgmc6g5 cxmmr5t8 oygrvhab hcukyx3x jb3vyjys rz4wbd8a qt6c0cv9 a8nywdso i1ao9s8h esuyzwwr f1sip0of lzcic4wl oo9gr5id gpro0wi8 lrazzd5p\" tabindex=\"0\" href=\"https:\/\/www.facebook.com\/hashtag\/inclusao?__eep__=6&amp;__cft__[0]=AZXBLERTA_Ci6w9Zag0PHB_m3V9yslHCD7Pp41LjTDyfcIv4qYZB_6JkPp46y6VDvVRxbGWPEz0AU-qD53pJoty5zMkFarZ8fa75yY8mLVWAfw8rBKBV4gtWPvl1MjE03bLQojMekaKFgpsAiEA40stz&amp;__tn__=*NK*F\">#inclusao<\/a><br \/>\n<a class=\"oajrlxb2 g5ia77u1 qu0x051f esr5mh6w e9989ue4 r7d6kgcz rq0escxv nhd2j8a9 nc684nl6 p7hjln8o kvgmc6g5 cxmmr5t8 oygrvhab hcukyx3x jb3vyjys rz4wbd8a qt6c0cv9 a8nywdso i1ao9s8h esuyzwwr f1sip0of lzcic4wl oo9gr5id gpro0wi8 lrazzd5p\" tabindex=\"0\" href=\"https:\/\/www.facebook.com\/hashtag\/diversidade?__eep__=6&amp;__cft__[0]=AZXBLERTA_Ci6w9Zag0PHB_m3V9yslHCD7Pp41LjTDyfcIv4qYZB_6JkPp46y6VDvVRxbGWPEz0AU-qD53pJoty5zMkFarZ8fa75yY8mLVWAfw8rBKBV4gtWPvl1MjE03bLQojMekaKFgpsAiEA40stz&amp;__tn__=*NK*F\">#diversidade<\/a><br \/>\n<a class=\"oajrlxb2 g5ia77u1 qu0x051f esr5mh6w e9989ue4 r7d6kgcz rq0escxv nhd2j8a9 nc684nl6 p7hjln8o kvgmc6g5 cxmmr5t8 oygrvhab hcukyx3x jb3vyjys rz4wbd8a qt6c0cv9 a8nywdso i1ao9s8h esuyzwwr f1sip0of lzcic4wl oo9gr5id gpro0wi8 lrazzd5p\" tabindex=\"0\" href=\"https:\/\/www.facebook.com\/hashtag\/representatividade?__eep__=6&amp;__cft__[0]=AZXBLERTA_Ci6w9Zag0PHB_m3V9yslHCD7Pp41LjTDyfcIv4qYZB_6JkPp46y6VDvVRxbGWPEz0AU-qD53pJoty5zMkFarZ8fa75yY8mLVWAfw8rBKBV4gtWPvl1MjE03bLQojMekaKFgpsAiEA40stz&amp;__tn__=*NK*F\">#representatividade<\/a><br \/>\n<a class=\"oajrlxb2 g5ia77u1 qu0x051f esr5mh6w e9989ue4 r7d6kgcz rq0escxv nhd2j8a9 nc684nl6 p7hjln8o kvgmc6g5 cxmmr5t8 oygrvhab hcukyx3x jb3vyjys rz4wbd8a qt6c0cv9 a8nywdso i1ao9s8h esuyzwwr f1sip0of lzcic4wl oo9gr5id gpro0wi8 lrazzd5p\" tabindex=\"0\" href=\"https:\/\/www.facebook.com\/hashtag\/respeitoadiversidade?__eep__=6&amp;__cft__[0]=AZXBLERTA_Ci6w9Zag0PHB_m3V9yslHCD7Pp41LjTDyfcIv4qYZB_6JkPp46y6VDvVRxbGWPEz0AU-qD53pJoty5zMkFarZ8fa75yY8mLVWAfw8rBKBV4gtWPvl1MjE03bLQojMekaKFgpsAiEA40stz&amp;__tn__=*NK*F\">#respeitoadiversidade<\/a><br \/>\n<a class=\"oajrlxb2 g5ia77u1 qu0x051f esr5mh6w e9989ue4 r7d6kgcz rq0escxv nhd2j8a9 nc684nl6 p7hjln8o kvgmc6g5 cxmmr5t8 oygrvhab hcukyx3x jb3vyjys rz4wbd8a qt6c0cv9 a8nywdso i1ao9s8h esuyzwwr f1sip0of lzcic4wl oo9gr5id gpro0wi8 lrazzd5p\" tabindex=\"0\" href=\"https:\/\/www.facebook.com\/hashtag\/vidasnegrascomdeficienciaimportam?__eep__=6&amp;__cft__[0]=AZXBLERTA_Ci6w9Zag0PHB_m3V9yslHCD7Pp41LjTDyfcIv4qYZB_6JkPp46y6VDvVRxbGWPEz0AU-qD53pJoty5zMkFarZ8fa75yY8mLVWAfw8rBKBV4gtWPvl1MjE03bLQojMekaKFgpsAiEA40stz&amp;__tn__=*NK*F\">#vidasnegrascomdeficienciaimportam<\/a><\/p>\n<p>Fonte:\u00a0<a href=\"https:\/\/www.facebook.com\/acolhedown\/photos\/a.383855962003342\/1762295987492659\/\">https:\/\/www.facebook.com\/acolhedown\/photos\/a.383855962003342\/1762295987492659\/<\/a><\/p>\n","protected":false},"excerpt":{"rendered":"<p>COLUNA INCLUS\u00c3O DO ACOLHE Inclus\u00e3o se faz com a\u00e7\u00e3o E tudo mundo ganha Por Ana Paula Souza Mulher negra M\u00e3e de crian\u00e7a com defici\u00eancia Integrante do Comit\u00ea Gestor do AcolheDown O processo de se perceber como indiv\u00edduo integrante de uma coletividade ganha for\u00e7a e mais clareza a partir do conv\u00edvio social. Desde que meu filho [&hellip;]<\/p>\n","protected":false},"author":2,"featured_media":32206,"comment_status":"open","ping_status":"open","sticky":false,"template":"","format":"standard","meta":{"site-container-style":"default","site-container-layout":"default","site-sidebar-layout":"default","disable-article-header":"default","disable-site-header":"default","disable-site-footer":"default","disable-content-area-spacing":"default","footnotes":""},"categories":[448],"tags":[],"class_list":["post-32205","post","type-post","status-publish","format-standard","has-post-thumbnail","hentry","category-coluna-inclusao-acolhe"],"yoast_head":"<!-- This site is optimized with the Yoast SEO plugin v27.4 - https:\/\/yoast.com\/product\/yoast-seo-wordpress\/ -->\n<title>INCLUS\u00c3O ACOLHE - Inclus\u00e3o se faz com a\u00e7\u00e3o. E tudo mundo ganha. -<\/title>\n<meta name=\"robots\" content=\"index, follow, max-snippet:-1, max-image-preview:large, max-video-preview:-1\" \/>\n<link rel=\"canonical\" href=\"https:\/\/inclusivenews.com.br\/?p=32205\" \/>\n<meta property=\"og:locale\" content=\"pt_PT\" \/>\n<meta property=\"og:type\" content=\"article\" \/>\n<meta property=\"og:title\" content=\"INCLUS\u00c3O ACOLHE - Inclus\u00e3o se faz com a\u00e7\u00e3o. E tudo mundo ganha. -\" \/>\n<meta property=\"og:description\" content=\"COLUNA INCLUS\u00c3O DO ACOLHE Inclus\u00e3o se faz com a\u00e7\u00e3o E tudo mundo ganha Por Ana Paula Souza Mulher negra M\u00e3e de crian\u00e7a com defici\u00eancia Integrante do Comit\u00ea Gestor do AcolheDown O processo de se perceber como indiv\u00edduo integrante de uma coletividade ganha for\u00e7a e mais clareza a partir do conv\u00edvio social. Desde que meu filho [&hellip;]\" \/>\n<meta property=\"og:url\" content=\"https:\/\/inclusivenews.com.br\/?p=32205\" \/>\n<meta property=\"article:publisher\" content=\"https:\/\/www.facebook.com\/agenciainclusive\/\" \/>\n<meta property=\"article:published_time\" content=\"2021-05-28T20:56:09+00:00\" \/>\n<meta name=\"author\" content=\"Inclusive\" \/>\n<meta name=\"twitter:card\" content=\"summary_large_image\" \/>\n<meta name=\"twitter:label1\" content=\"Escrito por\" \/>\n\t<meta name=\"twitter:data1\" content=\"Inclusive\" \/>\n\t<meta name=\"twitter:label2\" content=\"Tempo estimado de leitura\" \/>\n\t<meta name=\"twitter:data2\" content=\"2 minutos\" \/>\n<script type=\"application\/ld+json\" class=\"yoast-schema-graph\">{\"@context\":\"https:\\\/\\\/schema.org\",\"@graph\":[{\"@type\":\"Article\",\"@id\":\"https:\\\/\\\/inclusivenews.com.br\\\/?p=32205#article\",\"isPartOf\":{\"@id\":\"https:\\\/\\\/inclusivenews.com.br\\\/?p=32205\"},\"author\":{\"name\":\"Inclusive\",\"@id\":\"https:\\\/\\\/inclusivenews.com.br\\\/#\\\/schema\\\/person\\\/0dab492019871b94abb65fa8ee7c8c44\"},\"headline\":\"INCLUS\u00c3O ACOLHE &#8211; Inclus\u00e3o se faz com a\u00e7\u00e3o. E tudo mundo ganha.\",\"datePublished\":\"2021-05-28T20:56:09+00:00\",\"mainEntityOfPage\":{\"@id\":\"https:\\\/\\\/inclusivenews.com.br\\\/?p=32205\"},\"wordCount\":317,\"commentCount\":0,\"publisher\":{\"@id\":\"https:\\\/\\\/inclusivenews.com.br\\\/#organization\"},\"image\":{\"@id\":\"https:\\\/\\\/inclusivenews.com.br\\\/?p=32205#primaryimage\"},\"thumbnailUrl\":\"\",\"articleSection\":[\"Coluna Inclus\u00e3o - Acolhe\"],\"inLanguage\":\"pt-PT\",\"potentialAction\":[{\"@type\":\"CommentAction\",\"name\":\"Comment\",\"target\":[\"https:\\\/\\\/inclusivenews.com.br\\\/?p=32205#respond\"]}]},{\"@type\":\"WebPage\",\"@id\":\"https:\\\/\\\/inclusivenews.com.br\\\/?p=32205\",\"url\":\"https:\\\/\\\/inclusivenews.com.br\\\/?p=32205\",\"name\":\"INCLUS\u00c3O ACOLHE - Inclus\u00e3o se faz com a\u00e7\u00e3o. E tudo mundo ganha. -\",\"isPartOf\":{\"@id\":\"https:\\\/\\\/inclusivenews.com.br\\\/#website\"},\"primaryImageOfPage\":{\"@id\":\"https:\\\/\\\/inclusivenews.com.br\\\/?p=32205#primaryimage\"},\"image\":{\"@id\":\"https:\\\/\\\/inclusivenews.com.br\\\/?p=32205#primaryimage\"},\"thumbnailUrl\":\"\",\"datePublished\":\"2021-05-28T20:56:09+00:00\",\"breadcrumb\":{\"@id\":\"https:\\\/\\\/inclusivenews.com.br\\\/?p=32205#breadcrumb\"},\"inLanguage\":\"pt-PT\",\"potentialAction\":[{\"@type\":\"ReadAction\",\"target\":[\"https:\\\/\\\/inclusivenews.com.br\\\/?p=32205\"]}]},{\"@type\":\"ImageObject\",\"inLanguage\":\"pt-PT\",\"@id\":\"https:\\\/\\\/inclusivenews.com.br\\\/?p=32205#primaryimage\",\"url\":\"\",\"contentUrl\":\"\"},{\"@type\":\"BreadcrumbList\",\"@id\":\"https:\\\/\\\/inclusivenews.com.br\\\/?p=32205#breadcrumb\",\"itemListElement\":[{\"@type\":\"ListItem\",\"position\":1,\"name\":\"In\u00edcio\",\"item\":\"https:\\\/\\\/inclusivenews.com.br\\\/\"},{\"@type\":\"ListItem\",\"position\":2,\"name\":\"INCLUS\u00c3O ACOLHE &#8211; Inclus\u00e3o se faz com a\u00e7\u00e3o. E tudo mundo ganha.\"}]},{\"@type\":\"WebSite\",\"@id\":\"https:\\\/\\\/inclusivenews.com.br\\\/#website\",\"url\":\"https:\\\/\\\/inclusivenews.com.br\\\/\",\"name\":\"Inclusive News\",\"description\":\"Inclusive News\",\"publisher\":{\"@id\":\"https:\\\/\\\/inclusivenews.com.br\\\/#organization\"},\"potentialAction\":[{\"@type\":\"SearchAction\",\"target\":{\"@type\":\"EntryPoint\",\"urlTemplate\":\"https:\\\/\\\/inclusivenews.com.br\\\/?s={search_term_string}\"},\"query-input\":{\"@type\":\"PropertyValueSpecification\",\"valueRequired\":true,\"valueName\":\"search_term_string\"}}],\"inLanguage\":\"pt-PT\"},{\"@type\":\"Organization\",\"@id\":\"https:\\\/\\\/inclusivenews.com.br\\\/#organization\",\"name\":\"Inclusive - inclus\u00e3o e cidadania\",\"url\":\"https:\\\/\\\/inclusivenews.com.br\\\/\",\"logo\":{\"@type\":\"ImageObject\",\"inLanguage\":\"pt-PT\",\"@id\":\"https:\\\/\\\/inclusivenews.com.br\\\/#\\\/schema\\\/logo\\\/image\\\/\",\"url\":\"https:\\\/\\\/inclusivenews.com.br\\\/wp-content\\\/uploads\\\/2024\\\/03\\\/@grandesite.png\",\"contentUrl\":\"https:\\\/\\\/inclusivenews.com.br\\\/wp-content\\\/uploads\\\/2024\\\/03\\\/@grandesite.png\",\"width\":1080,\"height\":1080,\"caption\":\"Inclusive - inclus\u00e3o e cidadania\"},\"image\":{\"@id\":\"https:\\\/\\\/inclusivenews.com.br\\\/#\\\/schema\\\/logo\\\/image\\\/\"},\"sameAs\":[\"https:\\\/\\\/www.facebook.com\\\/agenciainclusive\\\/\",\"https:\\\/\\\/www.instagram.com\\\/newsinclusive\\\/\"]},{\"@type\":\"Person\",\"@id\":\"https:\\\/\\\/inclusivenews.com.br\\\/#\\\/schema\\\/person\\\/0dab492019871b94abb65fa8ee7c8c44\",\"name\":\"Inclusive\",\"image\":{\"@type\":\"ImageObject\",\"inLanguage\":\"pt-PT\",\"@id\":\"https:\\\/\\\/secure.gravatar.com\\\/avatar\\\/?s=96&d=mm&r=g\",\"url\":\"https:\\\/\\\/secure.gravatar.com\\\/avatar\\\/?s=96&d=mm&r=g\",\"contentUrl\":\"https:\\\/\\\/secure.gravatar.com\\\/avatar\\\/?s=96&d=mm&r=g\",\"caption\":\"Inclusive\"},\"url\":\"https:\\\/\\\/inclusivenews.com.br\\\/?author=2\"}]}<\/script>\n<!-- \/ Yoast SEO plugin. -->","yoast_head_json":{"title":"INCLUS\u00c3O ACOLHE - Inclus\u00e3o se faz com a\u00e7\u00e3o. E tudo mundo ganha. -","robots":{"index":"index","follow":"follow","max-snippet":"max-snippet:-1","max-image-preview":"max-image-preview:large","max-video-preview":"max-video-preview:-1"},"canonical":"https:\/\/inclusivenews.com.br\/?p=32205","og_locale":"pt_PT","og_type":"article","og_title":"INCLUS\u00c3O ACOLHE - Inclus\u00e3o se faz com a\u00e7\u00e3o. E tudo mundo ganha. -","og_description":"COLUNA INCLUS\u00c3O DO ACOLHE Inclus\u00e3o se faz com a\u00e7\u00e3o E tudo mundo ganha Por Ana Paula Souza Mulher negra M\u00e3e de crian\u00e7a com defici\u00eancia Integrante do Comit\u00ea Gestor do AcolheDown O processo de se perceber como indiv\u00edduo integrante de uma coletividade ganha for\u00e7a e mais clareza a partir do conv\u00edvio social. Desde que meu filho [&hellip;]","og_url":"https:\/\/inclusivenews.com.br\/?p=32205","article_publisher":"https:\/\/www.facebook.com\/agenciainclusive\/","article_published_time":"2021-05-28T20:56:09+00:00","author":"Inclusive","twitter_card":"summary_large_image","twitter_misc":{"Escrito por":"Inclusive","Tempo estimado de leitura":"2 minutos"},"schema":{"@context":"https:\/\/schema.org","@graph":[{"@type":"Article","@id":"https:\/\/inclusivenews.com.br\/?p=32205#article","isPartOf":{"@id":"https:\/\/inclusivenews.com.br\/?p=32205"},"author":{"name":"Inclusive","@id":"https:\/\/inclusivenews.com.br\/#\/schema\/person\/0dab492019871b94abb65fa8ee7c8c44"},"headline":"INCLUS\u00c3O ACOLHE &#8211; Inclus\u00e3o se faz com a\u00e7\u00e3o. E tudo mundo ganha.","datePublished":"2021-05-28T20:56:09+00:00","mainEntityOfPage":{"@id":"https:\/\/inclusivenews.com.br\/?p=32205"},"wordCount":317,"commentCount":0,"publisher":{"@id":"https:\/\/inclusivenews.com.br\/#organization"},"image":{"@id":"https:\/\/inclusivenews.com.br\/?p=32205#primaryimage"},"thumbnailUrl":"","articleSection":["Coluna Inclus\u00e3o - Acolhe"],"inLanguage":"pt-PT","potentialAction":[{"@type":"CommentAction","name":"Comment","target":["https:\/\/inclusivenews.com.br\/?p=32205#respond"]}]},{"@type":"WebPage","@id":"https:\/\/inclusivenews.com.br\/?p=32205","url":"https:\/\/inclusivenews.com.br\/?p=32205","name":"INCLUS\u00c3O ACOLHE - Inclus\u00e3o se faz com a\u00e7\u00e3o. E tudo mundo ganha. -","isPartOf":{"@id":"https:\/\/inclusivenews.com.br\/#website"},"primaryImageOfPage":{"@id":"https:\/\/inclusivenews.com.br\/?p=32205#primaryimage"},"image":{"@id":"https:\/\/inclusivenews.com.br\/?p=32205#primaryimage"},"thumbnailUrl":"","datePublished":"2021-05-28T20:56:09+00:00","breadcrumb":{"@id":"https:\/\/inclusivenews.com.br\/?p=32205#breadcrumb"},"inLanguage":"pt-PT","potentialAction":[{"@type":"ReadAction","target":["https:\/\/inclusivenews.com.br\/?p=32205"]}]},{"@type":"ImageObject","inLanguage":"pt-PT","@id":"https:\/\/inclusivenews.com.br\/?p=32205#primaryimage","url":"","contentUrl":""},{"@type":"BreadcrumbList","@id":"https:\/\/inclusivenews.com.br\/?p=32205#breadcrumb","itemListElement":[{"@type":"ListItem","position":1,"name":"In\u00edcio","item":"https:\/\/inclusivenews.com.br\/"},{"@type":"ListItem","position":2,"name":"INCLUS\u00c3O ACOLHE &#8211; Inclus\u00e3o se faz com a\u00e7\u00e3o. E tudo mundo ganha."}]},{"@type":"WebSite","@id":"https:\/\/inclusivenews.com.br\/#website","url":"https:\/\/inclusivenews.com.br\/","name":"Inclusive News","description":"Inclusive News","publisher":{"@id":"https:\/\/inclusivenews.com.br\/#organization"},"potentialAction":[{"@type":"SearchAction","target":{"@type":"EntryPoint","urlTemplate":"https:\/\/inclusivenews.com.br\/?s={search_term_string}"},"query-input":{"@type":"PropertyValueSpecification","valueRequired":true,"valueName":"search_term_string"}}],"inLanguage":"pt-PT"},{"@type":"Organization","@id":"https:\/\/inclusivenews.com.br\/#organization","name":"Inclusive - inclus\u00e3o e cidadania","url":"https:\/\/inclusivenews.com.br\/","logo":{"@type":"ImageObject","inLanguage":"pt-PT","@id":"https:\/\/inclusivenews.com.br\/#\/schema\/logo\/image\/","url":"https:\/\/inclusivenews.com.br\/wp-content\/uploads\/2024\/03\/@grandesite.png","contentUrl":"https:\/\/inclusivenews.com.br\/wp-content\/uploads\/2024\/03\/@grandesite.png","width":1080,"height":1080,"caption":"Inclusive - inclus\u00e3o e cidadania"},"image":{"@id":"https:\/\/inclusivenews.com.br\/#\/schema\/logo\/image\/"},"sameAs":["https:\/\/www.facebook.com\/agenciainclusive\/","https:\/\/www.instagram.com\/newsinclusive\/"]},{"@type":"Person","@id":"https:\/\/inclusivenews.com.br\/#\/schema\/person\/0dab492019871b94abb65fa8ee7c8c44","name":"Inclusive","image":{"@type":"ImageObject","inLanguage":"pt-PT","@id":"https:\/\/secure.gravatar.com\/avatar\/?s=96&d=mm&r=g","url":"https:\/\/secure.gravatar.com\/avatar\/?s=96&d=mm&r=g","contentUrl":"https:\/\/secure.gravatar.com\/avatar\/?s=96&d=mm&r=g","caption":"Inclusive"},"url":"https:\/\/inclusivenews.com.br\/?author=2"}]}},"_links":{"self":[{"href":"https:\/\/inclusivenews.com.br\/index.php?rest_route=\/wp\/v2\/posts\/32205","targetHints":{"allow":["GET"]}}],"collection":[{"href":"https:\/\/inclusivenews.com.br\/index.php?rest_route=\/wp\/v2\/posts"}],"about":[{"href":"https:\/\/inclusivenews.com.br\/index.php?rest_route=\/wp\/v2\/types\/post"}],"author":[{"embeddable":true,"href":"https:\/\/inclusivenews.com.br\/index.php?rest_route=\/wp\/v2\/users\/2"}],"replies":[{"embeddable":true,"href":"https:\/\/inclusivenews.com.br\/index.php?rest_route=%2Fwp%2Fv2%2Fcomments&post=32205"}],"version-history":[{"count":0,"href":"https:\/\/inclusivenews.com.br\/index.php?rest_route=\/wp\/v2\/posts\/32205\/revisions"}],"wp:featuredmedia":[{"embeddable":true,"href":"https:\/\/inclusivenews.com.br\/index.php?rest_route=\/"}],"wp:attachment":[{"href":"https:\/\/inclusivenews.com.br\/index.php?rest_route=%2Fwp%2Fv2%2Fmedia&parent=32205"}],"wp:term":[{"taxonomy":"category","embeddable":true,"href":"https:\/\/inclusivenews.com.br\/index.php?rest_route=%2Fwp%2Fv2%2Fcategories&post=32205"},{"taxonomy":"post_tag","embeddable":true,"href":"https:\/\/inclusivenews.com.br\/index.php?rest_route=%2Fwp%2Fv2%2Ftags&post=32205"}],"curies":[{"name":"wp","href":"https:\/\/api.w.org\/{rel}","templated":true}]}}