{"id":32410,"date":"2022-03-28T17:56:56","date_gmt":"2022-03-28T20:56:56","guid":{"rendered":"http:\/\/www.inclusive.org.br\/?p=32410"},"modified":"2022-03-28T17:56:56","modified_gmt":"2022-03-28T20:56:56","slug":"no-oscar-nada-sobre-as-pessoas-com-deficiencia-sem-as-pessoas-com-deficiencia","status":"publish","type":"post","link":"https:\/\/inclusivenews.com.br\/?p=32410","title":{"rendered":"No Oscar, nada sobre as pessoas com defici\u00eancia, sem as pessoas com defici\u00eancia"},"content":{"rendered":"<blockquote class=\"twitter-tweet\" data-width=\"500\" data-dnt=\"true\">\n<p lang=\"en\" dir=\"ltr\">The loudest applause at Oscar. Congratulations to <a href=\"https:\/\/twitter.com\/hashtag\/CODA?src=hash&amp;ref_src=twsrc%5Etfw\">#CODA<\/a> and Troy. A deserve and win for disability representation. <a href=\"https:\/\/t.co\/gaTSizuDcG\">pic.twitter.com\/gaTSizuDcG<\/a><\/p>\n<p>&mdash; AP (@imaqhiel) <a href=\"https:\/\/twitter.com\/imaqhiel\/status\/1508306276534865925?ref_src=twsrc%5Etfw\">March 28, 2022<\/a><\/p><\/blockquote>\n<p><script async src=\"https:\/\/platform.twitter.com\/widgets.js\" charset=\"utf-8\"><\/script><\/p>\n<p><em>Imagem acima &#8211; tweet de uma cena mostrando aplausos em linguagem, de sinais. na noite do Oscar<\/em><\/p>\n<p><i><span style=\"font-weight: 400;\">Coda &#8211; No ritmo do cora\u00e7\u00e3o, leva ao Oscar a maior das minorias<\/span><\/i><\/p>\n<p><span style=\"font-weight: 400;\">Ontem foi um dia hist\u00f3rico para o movimento das pessoas com defici\u00eancia. O filme &#8220;Coda &#8211; No ritmo do cora\u00e7\u00e3o&#8221;, que conta a hist\u00f3ria de uma jovem ouvinte em uma fam\u00edlia de surdos, chegou ao topo da &#8220;cadeia alimentar&#8221; do cinema mundial, desbancando produ\u00e7\u00f5es milion\u00e1rias. Levou o Oscar de melhor filme, melhor ator coadjuvante Troy Kotsur, e melhor roteiro adaptado por <\/span><span style=\"font-weight: 400;\">Si\u00e2n Heder do filme original franc\u00eas &#8220;A Fam\u00edlia B\u00e9li\u00e9r&#8221;. Todas as tr\u00eas estatuetas a que concorria.<\/span><\/p>\n<p><span style=\"font-weight: 400;\">A vit\u00f3ria assustou o mundo do cinema, acostumado a ver atores famosos laureados por interpreta\u00e7\u00f5es &#8220;memor\u00e1veis&#8221; de pessoas com defici\u00eancia. Coda chegou trazendo um recado clar\u00edssimo: &#8220;Nada sobre n\u00f3s sem n\u00f3s&#8221;.\u00a0<\/span><\/p>\n<p><img loading=\"lazy\" decoding=\"async\" class=\"alignnone size-medium wp-image-32413\" src=\"http:\/\/inclusivenews.com.br\/wp-content\/uploads\/coda-300x195.png\" alt=\"homens e mulheres seguram oscar por coda.\" width=\"300\" height=\"195\" \/><\/p>\n<p><span style=\"font-weight: 400;\">O lema do movimento das pessoas com defici\u00eancia serve para resumir o que Hollywood e grande parte do planeta ainda faz com as pessoas com defici\u00eancia, mantendo-as exclu\u00eddas de suas pr\u00f3prias hist\u00f3rias, inclusive pela falta de acessibilidade das produ\u00e7\u00f5es e estruturas audiovisuais.<\/span><\/p>\n<p><span style=\"font-weight: 400;\">Duas tend\u00eancias contribu\u00edram para esse momento de virada. De um tempo para c\u00e1 as pessoas com defici\u00eancia v\u00eam ocupando as redes sociais, cobrando representatividade nas telas e se insurgindo contra o &#8220;crip face&#8221;. A exemplo do &#8220;black face&#8221;\u00a0 &#8211; usar atores brancos com a cara pintada de preto, inimagin\u00e1vel nos dias de hoje, os personagens com defici\u00eancia ainda costumam ser vividos por atores sem defici\u00eancia.\u00a0<\/span><\/p>\n<p><span style=\"font-weight: 400;\">O que antes era garantia de l\u00e1grimas e pr\u00eamios, hoje \u00e9 questionado e grandes produtoras come\u00e7am a buscar consultoria para n\u00e3o errar na m\u00e3o.<\/span><\/p>\n<p><span style=\"font-weight: 400;\">S\u00f3 para citar uma gafe recente, no filme a Conven\u00e7\u00e3o das Bruxas, a produtora Warner Brothers e a atriz Anne Hathaway se desculparam por associar a defici\u00eancia \u00e0 maldade. &#8220;A diferen\u00e7a nos membros n\u00e3o deve ser representada como assustadora. As diferen\u00e7as devem ser celebradas e a defici\u00eancia, normalizada&#8221;, <a href=\"https:\/\/twitter.com\/Paralympics\/status\/1323591880689504258?ref_src=twsrc%5Etfw%7Ctwcamp%5Etweetembed%7Ctwterm%5E1323591880689504258%7Ctwgr%5E%7Ctwcon%5Es1_c10&amp;ref_url=https%3A%2F%2Fhugogloss.uol.com.br%2Ffilmes%2Fconvencao-das-bruxas-warner-bros-pede-desculpas-apos-filme-ser-criticado-por-pessoas-com-deficiencia-entenda-o-caso%2F\">tweetou o Comit\u00ea Paral\u00edmpico,<\/a> junto com a hashtag #NotAWich (N\u00e3o \u00e9 bruxa)<\/span><\/p>\n<p><span style=\"font-weight: 400;\">Por outro lado, as plataformas de streaming est\u00e3o apostando e se dando bem com essas novas hist\u00f3rias, que t\u00eam o frescor da autenticidade e de sua humanidade.\u00a0<\/span><\/p>\n<p><span style=\"font-weight: 400;\">A Netflix fez uma parceria com a BBC para produ\u00e7\u00e3o de ideias originais de realizadores com defici\u00eancia. O primeiro \u00e9 o curta sobre a opera\u00e7\u00e3o Aktion 4, &#8220;Perdoai-nos as nossas ofensas&#8221;, de Ashley Eakin. Para quem ainda n\u00e3o sabe, as pessoas com defici\u00eancia foram as primeiras v\u00edtimas do nazismo.<\/span><\/p>\n<p><img loading=\"lazy\" decoding=\"async\" class=\"alignnone size-medium wp-image-32419\" src=\"http:\/\/inclusivenews.com.br\/wp-content\/uploads\/A-que-horas-o-Forgive-Us-Our-Trespasses-chega-a-750x375-300x150.jpeg\" alt=\"menino sem bra\u00e7o com cara assustada na neve.\" width=\"300\" height=\"150\" \/><\/p>\n<p><a href=\"https:\/\/www.facebook.com\/169486559737980\/posts\/a-film-about-aktion-t4-on-netflix-httpswwwnetflixcomtitle81320168\/5364467716906479\/\"><span style=\"font-weight: 400;\">Numa postagem nas redes sociais, a diretora comentou:\u00a0<\/span><\/a><\/p>\n<p><span style=\"font-weight: 400;\">&#8220;Por quase 3 d\u00e9cadas eu odiei meu corpo com defici\u00eancia. Meu capacitismo internalizado era t\u00e3o profundo que demorei\u00a0muito tempo para reconhecer as camadas da minha vergonha.<\/span><\/p>\n<p><span style=\"font-weight: 400;\">&#8230;<\/span><\/p>\n<p><span style=\"font-weight: 400;\">Nos \u00faltimos 5 anos tenho contado hist\u00f3rias sobre defici\u00eancia. Aprender essa hist\u00f3ria me trouxe o contexto sobre por que nossa sociedade mant\u00e9m ideias t\u00e3o capacitistas e me permitiu ser agradecida por minha pr\u00f3pria experi\u00eancia. Minha vergonha foi herdada de gera\u00e7\u00f5es de atrocidades cometidas em todo o mundo contra nossa comunidade.\u00a0<\/span><\/p>\n<p><span style=\"font-weight: 400;\">Essa hist\u00f3ria particular de pessoas com defici\u00eancia sendo cobaias para a &#8220;solu\u00e7\u00e3o final&#8221; \u00e9 muitas vezes esquecida quando falamos sobre o holocausto. Al\u00e9m da comunidade judaica, qualquer tipo de diferen\u00e7a era vilipendiada &#8211; seja por causa de quem voc\u00ea escolheu amar ou pela cor da sua pele ou pela condi\u00e7\u00e3o do seu corpo e mente.\u00a0<\/span><\/p>\n<p><span style=\"font-weight: 400;\">O que Hitler e todos aqueles que nos consideram indignos n\u00e3o percebem \u00e9 que as diferen\u00e7as e principalmente a defici\u00eancia tornam nosso mundo mais bonito. Ela nos permite ver diferentes lados da vida. Muito da nossa sociedade \u00e9 baseada no que \u201cpodemos fazer\u201d e realizar ou alcan\u00e7ar, mas quando uma crian\u00e7a nasce, n\u00f3s a valorizamos apenas por existir. Por que nos esquecemos dessa simples verdade de que toda e qualquer vida tem valor apenas por estar aqui nesta terra&#8221;.\u00a0<\/span><\/p>\n<p><span style=\"font-weight: 400;\">As pessoas com defici\u00eancia v\u00eam, aos poucos, ocupando seu espa\u00e7o. No ano passado, o document\u00e1rio Crip Camp, uma das produ\u00e7\u00f5es que recebeu apoio da fam\u00edlia Obama, foi indicado para o Oscar de melhor document\u00e1rio. Dispon\u00edvel no Netflix, o filme conta a hist\u00f3ria do movimento pol\u00edtico das pessoas com defici\u00eancia nos Estados Unidos, que come\u00e7ou numa col\u00f4nia de f\u00e9rias estilo Woodstock e recebeu apoio dos Pantera Negras em um de seus protestos da Calif\u00f3rnia. Perdeu para o Professor Polvo.<\/span><\/p>\n<figure id=\"attachment_32412\" aria-describedby=\"caption-attachment-32412\" style=\"width: 300px\" class=\"wp-caption alignnone\"><img loading=\"lazy\" decoding=\"async\" class=\"size-medium wp-image-32412\" src=\"http:\/\/inclusivenews.com.br\/wp-content\/uploads\/dress-300x200.jpeg\" alt=\"mulher coloca brinco em frente ao espelho.\" width=\"300\" height=\"200\" \/><figcaption id=\"caption-attachment-32412\" class=\"wp-caption-text\">European short film \u2018The Dress\u2019 shortlisted for a 2022 Academy Award<\/figcaption><\/figure>\n<p><span style=\"font-weight: 400;\">Esse ano parecia que seria diferente. Al\u00e9m de Coda, um dos curta-metragens indicados, o polon\u00eas &#8220;O Vestido&#8221;, tinha uma personagem com nanismo, interpretada pela atriz Anna Dzieduszycka. E no final da noite das estrelas, Lady Gaga entrou com Liza Minelli luzindo e sorrindo em sua cadeira de rodas para apresentar o vencedor de melhor filme, demonstrando uma bonita rela\u00e7\u00e3o de interdepend\u00eancia entre as duas lendas.<\/span><\/p>\n<p><img loading=\"lazy\" decoding=\"async\" class=\"alignnone size-medium wp-image-32411\" src=\"http:\/\/inclusivenews.com.br\/wp-content\/uploads\/gaga-and-liza-203x300.png\" alt=\"lady gaga e liza minelli, em trajes de gala. liza na cadeira de rodas.\" width=\"203\" height=\"300\" \/><\/p>\n<p><span style=\"font-weight: 400;\">Infelizmente, o capacitismo est\u00e1 t\u00e3o fortemente arraigado em nossa sociedade que o que aconteceu no Oscar ontem est\u00e1 sendo esquecido.<\/span><\/p>\n<p><span style=\"font-weight: 400;\">Todas essas conquistas das pessoas com defici\u00eancia foram eclipsadas pelo tapa de Will Smith em Chris Rock por uma piada sobre sua esposa Jada Pinkett Smith.\u00a0<\/span><\/p>\n<p><span style=\"font-weight: 400;\">Jada, que \u00e9 atriz e cantora, tem <a href=\"https:\/\/www.billboard.com\/culture\/lifestyle\/jada-pinkett-smith-embraces-hair-loss-alopecia-1235014419\/\">falado abertamente sobre ter alopecia,<\/a> uma doen\u00e7a autoimune sem cura que faz com que alguns ou todos os cabelos caiam de qualquer lugar do corpo e sobre a decis\u00e3o de raspar a cabe\u00e7a.<\/span><\/p>\n<p><span style=\"font-weight: 400;\">Chris Rock sabia disso e, conscientemente, fez a piada. Capacitismo expl\u00edcito.\u00a0<\/span><\/p>\n<p><span style=\"font-weight: 400;\">Depois da rea\u00e7\u00e3o do marido, a defici\u00eancia deixou os holofotes, que se voltaram para a discuss\u00e3o sobre masculinidade t\u00f3xica e defesa da honra.\u00a0<\/span><\/p>\n<p><span style=\"font-weight: 400;\">Embora profundamente comum ao humano, \u00e9 ainda muito dif\u00edcil ser diferente.<\/span><\/p>\n<p><span style=\"font-weight: 400;\">Existem mais de 1 bilh\u00e3o de pessoas com defici\u00eancia no mundo, a maior das minorias. Certamente as pessoas com defici\u00eancia t\u00eam muito a dizer. Chegou a hora de ouv\u00ed-las, v\u00ea-las, sent\u00ed-las.<\/span><\/p>\n<p><span style=\"font-weight: 400;\"><em>Patricia Almeida &#8211; Jornalista, mestre em Estudos sobre Defici\u00eancia pela CUNY &#8211; City University of New York,\u00a0 Trabalhou como editora nas TVs Educativa e Manchete e como produtora na BBC Brasil. Criadora da ag\u00eancia de not\u00edcias Inclusive \u2013 Inclus\u00e3o e Cidadania (Pr\u00eamios Educa\u00e7\u00e3o em Direitos Humanos e Orgulho Autista). Criadora da GADIM \u2013 Global Alliance for Disability in Media and Entertainment, GADIM Brasil e Odim\u00eddia \u2013 Observat\u00f3rio da Diversidade na M\u00eddia.<\/em>\u00a0<\/span><\/p>\n<p><a href=\"http:\/\/www.gadim.org\"><span style=\"font-weight: 400;\">www.gadim.org<\/span><\/a><\/p>\n<p><a href=\"http:\/\/www.gadimbrasil.org\"><span style=\"font-weight: 400;\">www.gadimbrasil.org<\/span><\/a><\/p>\n<p><span style=\"font-weight: 400;\">Odim\u00eddia &#8211; <\/span><a href=\"https:\/\/www.facebook.com\/groups\/240028826434615\"><span style=\"font-weight: 400;\">https:\/\/www.facebook.com\/groups\/240028826434615<\/span><\/a><\/p>\n<p>&nbsp;<\/p>\n","protected":false},"excerpt":{"rendered":"<p>The loudest applause at Oscar. Congratulations to #CODA and Troy. A deserve and win for disability representation. pic.twitter.com\/gaTSizuDcG &mdash; AP (@imaqhiel) March 28, 2022 Imagem acima &#8211; tweet de uma cena mostrando aplausos em linguagem, de sinais. na noite do Oscar Coda &#8211; No ritmo do cora\u00e7\u00e3o, leva ao Oscar a maior das minorias Ontem [&hellip;]<\/p>\n","protected":false},"author":2,"featured_media":32413,"comment_status":"open","ping_status":"open","sticky":false,"template":"","format":"standard","meta":{"site-container-style":"default","site-container-layout":"default","site-sidebar-layout":"default","disable-article-header":"default","disable-site-header":"default","disable-site-footer":"default","disable-content-area-spacing":"default","footnotes":""},"categories":[40,388,395],"tags":[],"class_list":["post-32410","post","type-post","status-publish","format-standard","has-post-thumbnail","hentry","category-diversidade","category-gadim","category-odimidia"],"yoast_head":"<!-- This site is optimized with the Yoast SEO plugin v27.4 - https:\/\/yoast.com\/product\/yoast-seo-wordpress\/ -->\n<title>No Oscar, nada sobre as pessoas com defici\u00eancia, sem as pessoas com defici\u00eancia -<\/title>\n<meta name=\"robots\" content=\"index, follow, max-snippet:-1, max-image-preview:large, max-video-preview:-1\" \/>\n<link rel=\"canonical\" href=\"https:\/\/inclusivenews.com.br\/?p=32410\" \/>\n<meta property=\"og:locale\" content=\"pt_PT\" \/>\n<meta property=\"og:type\" content=\"article\" \/>\n<meta property=\"og:title\" content=\"No Oscar, nada sobre as pessoas com defici\u00eancia, sem as pessoas com defici\u00eancia -\" \/>\n<meta property=\"og:description\" content=\"The loudest applause at Oscar. Congratulations to #CODA and Troy. A deserve and win for disability representation. pic.twitter.com\/gaTSizuDcG &mdash; AP (@imaqhiel) March 28, 2022 Imagem acima &#8211; tweet de uma cena mostrando aplausos em linguagem, de sinais. na noite do Oscar Coda &#8211; No ritmo do cora\u00e7\u00e3o, leva ao Oscar a maior das minorias Ontem [&hellip;]\" \/>\n<meta property=\"og:url\" content=\"https:\/\/inclusivenews.com.br\/?p=32410\" \/>\n<meta property=\"article:publisher\" content=\"https:\/\/www.facebook.com\/agenciainclusive\/\" \/>\n<meta property=\"article:published_time\" content=\"2022-03-28T20:56:56+00:00\" \/>\n<meta name=\"author\" content=\"Inclusive\" \/>\n<meta name=\"twitter:card\" content=\"summary_large_image\" \/>\n<meta name=\"twitter:label1\" content=\"Escrito por\" \/>\n\t<meta name=\"twitter:data1\" content=\"Inclusive\" \/>\n\t<meta name=\"twitter:label2\" content=\"Tempo estimado de leitura\" \/>\n\t<meta name=\"twitter:data2\" content=\"6 minutos\" \/>\n<script type=\"application\/ld+json\" class=\"yoast-schema-graph\">{\"@context\":\"https:\\\/\\\/schema.org\",\"@graph\":[{\"@type\":\"Article\",\"@id\":\"https:\\\/\\\/inclusivenews.com.br\\\/?p=32410#article\",\"isPartOf\":{\"@id\":\"https:\\\/\\\/inclusivenews.com.br\\\/?p=32410\"},\"author\":{\"name\":\"Inclusive\",\"@id\":\"https:\\\/\\\/inclusivenews.com.br\\\/#\\\/schema\\\/person\\\/0dab492019871b94abb65fa8ee7c8c44\"},\"headline\":\"No Oscar, nada sobre as pessoas com defici\u00eancia, sem as pessoas com defici\u00eancia\",\"datePublished\":\"2022-03-28T20:56:56+00:00\",\"mainEntityOfPage\":{\"@id\":\"https:\\\/\\\/inclusivenews.com.br\\\/?p=32410\"},\"wordCount\":1168,\"commentCount\":1,\"publisher\":{\"@id\":\"https:\\\/\\\/inclusivenews.com.br\\\/#organization\"},\"image\":{\"@id\":\"https:\\\/\\\/inclusivenews.com.br\\\/?p=32410#primaryimage\"},\"thumbnailUrl\":\"\",\"articleSection\":[\"Diversidade\",\"GADIM\",\"ODIM\u00cdDIA\"],\"inLanguage\":\"pt-PT\",\"potentialAction\":[{\"@type\":\"CommentAction\",\"name\":\"Comment\",\"target\":[\"https:\\\/\\\/inclusivenews.com.br\\\/?p=32410#respond\"]}]},{\"@type\":\"WebPage\",\"@id\":\"https:\\\/\\\/inclusivenews.com.br\\\/?p=32410\",\"url\":\"https:\\\/\\\/inclusivenews.com.br\\\/?p=32410\",\"name\":\"No Oscar, nada sobre as pessoas com defici\u00eancia, sem as pessoas com defici\u00eancia -\",\"isPartOf\":{\"@id\":\"https:\\\/\\\/inclusivenews.com.br\\\/#website\"},\"primaryImageOfPage\":{\"@id\":\"https:\\\/\\\/inclusivenews.com.br\\\/?p=32410#primaryimage\"},\"image\":{\"@id\":\"https:\\\/\\\/inclusivenews.com.br\\\/?p=32410#primaryimage\"},\"thumbnailUrl\":\"\",\"datePublished\":\"2022-03-28T20:56:56+00:00\",\"breadcrumb\":{\"@id\":\"https:\\\/\\\/inclusivenews.com.br\\\/?p=32410#breadcrumb\"},\"inLanguage\":\"pt-PT\",\"potentialAction\":[{\"@type\":\"ReadAction\",\"target\":[\"https:\\\/\\\/inclusivenews.com.br\\\/?p=32410\"]}]},{\"@type\":\"ImageObject\",\"inLanguage\":\"pt-PT\",\"@id\":\"https:\\\/\\\/inclusivenews.com.br\\\/?p=32410#primaryimage\",\"url\":\"\",\"contentUrl\":\"\"},{\"@type\":\"BreadcrumbList\",\"@id\":\"https:\\\/\\\/inclusivenews.com.br\\\/?p=32410#breadcrumb\",\"itemListElement\":[{\"@type\":\"ListItem\",\"position\":1,\"name\":\"In\u00edcio\",\"item\":\"https:\\\/\\\/inclusivenews.com.br\\\/\"},{\"@type\":\"ListItem\",\"position\":2,\"name\":\"No Oscar, nada sobre as pessoas com defici\u00eancia, sem as pessoas com defici\u00eancia\"}]},{\"@type\":\"WebSite\",\"@id\":\"https:\\\/\\\/inclusivenews.com.br\\\/#website\",\"url\":\"https:\\\/\\\/inclusivenews.com.br\\\/\",\"name\":\"Inclusive News\",\"description\":\"Inclusive News\",\"publisher\":{\"@id\":\"https:\\\/\\\/inclusivenews.com.br\\\/#organization\"},\"potentialAction\":[{\"@type\":\"SearchAction\",\"target\":{\"@type\":\"EntryPoint\",\"urlTemplate\":\"https:\\\/\\\/inclusivenews.com.br\\\/?s={search_term_string}\"},\"query-input\":{\"@type\":\"PropertyValueSpecification\",\"valueRequired\":true,\"valueName\":\"search_term_string\"}}],\"inLanguage\":\"pt-PT\"},{\"@type\":\"Organization\",\"@id\":\"https:\\\/\\\/inclusivenews.com.br\\\/#organization\",\"name\":\"Inclusive - inclus\u00e3o e cidadania\",\"url\":\"https:\\\/\\\/inclusivenews.com.br\\\/\",\"logo\":{\"@type\":\"ImageObject\",\"inLanguage\":\"pt-PT\",\"@id\":\"https:\\\/\\\/inclusivenews.com.br\\\/#\\\/schema\\\/logo\\\/image\\\/\",\"url\":\"https:\\\/\\\/inclusivenews.com.br\\\/wp-content\\\/uploads\\\/2024\\\/03\\\/@grandesite.png\",\"contentUrl\":\"https:\\\/\\\/inclusivenews.com.br\\\/wp-content\\\/uploads\\\/2024\\\/03\\\/@grandesite.png\",\"width\":1080,\"height\":1080,\"caption\":\"Inclusive - inclus\u00e3o e cidadania\"},\"image\":{\"@id\":\"https:\\\/\\\/inclusivenews.com.br\\\/#\\\/schema\\\/logo\\\/image\\\/\"},\"sameAs\":[\"https:\\\/\\\/www.facebook.com\\\/agenciainclusive\\\/\",\"https:\\\/\\\/www.instagram.com\\\/newsinclusive\\\/\"]},{\"@type\":\"Person\",\"@id\":\"https:\\\/\\\/inclusivenews.com.br\\\/#\\\/schema\\\/person\\\/0dab492019871b94abb65fa8ee7c8c44\",\"name\":\"Inclusive\",\"image\":{\"@type\":\"ImageObject\",\"inLanguage\":\"pt-PT\",\"@id\":\"https:\\\/\\\/secure.gravatar.com\\\/avatar\\\/?s=96&d=mm&r=g\",\"url\":\"https:\\\/\\\/secure.gravatar.com\\\/avatar\\\/?s=96&d=mm&r=g\",\"contentUrl\":\"https:\\\/\\\/secure.gravatar.com\\\/avatar\\\/?s=96&d=mm&r=g\",\"caption\":\"Inclusive\"},\"url\":\"https:\\\/\\\/inclusivenews.com.br\\\/?author=2\"}]}<\/script>\n<!-- \/ Yoast SEO plugin. -->","yoast_head_json":{"title":"No Oscar, nada sobre as pessoas com defici\u00eancia, sem as pessoas com defici\u00eancia -","robots":{"index":"index","follow":"follow","max-snippet":"max-snippet:-1","max-image-preview":"max-image-preview:large","max-video-preview":"max-video-preview:-1"},"canonical":"https:\/\/inclusivenews.com.br\/?p=32410","og_locale":"pt_PT","og_type":"article","og_title":"No Oscar, nada sobre as pessoas com defici\u00eancia, sem as pessoas com defici\u00eancia -","og_description":"The loudest applause at Oscar. Congratulations to #CODA and Troy. A deserve and win for disability representation. pic.twitter.com\/gaTSizuDcG &mdash; AP (@imaqhiel) March 28, 2022 Imagem acima &#8211; tweet de uma cena mostrando aplausos em linguagem, de sinais. na noite do Oscar Coda &#8211; No ritmo do cora\u00e7\u00e3o, leva ao Oscar a maior das minorias Ontem [&hellip;]","og_url":"https:\/\/inclusivenews.com.br\/?p=32410","article_publisher":"https:\/\/www.facebook.com\/agenciainclusive\/","article_published_time":"2022-03-28T20:56:56+00:00","author":"Inclusive","twitter_card":"summary_large_image","twitter_misc":{"Escrito por":"Inclusive","Tempo estimado de leitura":"6 minutos"},"schema":{"@context":"https:\/\/schema.org","@graph":[{"@type":"Article","@id":"https:\/\/inclusivenews.com.br\/?p=32410#article","isPartOf":{"@id":"https:\/\/inclusivenews.com.br\/?p=32410"},"author":{"name":"Inclusive","@id":"https:\/\/inclusivenews.com.br\/#\/schema\/person\/0dab492019871b94abb65fa8ee7c8c44"},"headline":"No Oscar, nada sobre as pessoas com defici\u00eancia, sem as pessoas com defici\u00eancia","datePublished":"2022-03-28T20:56:56+00:00","mainEntityOfPage":{"@id":"https:\/\/inclusivenews.com.br\/?p=32410"},"wordCount":1168,"commentCount":1,"publisher":{"@id":"https:\/\/inclusivenews.com.br\/#organization"},"image":{"@id":"https:\/\/inclusivenews.com.br\/?p=32410#primaryimage"},"thumbnailUrl":"","articleSection":["Diversidade","GADIM","ODIM\u00cdDIA"],"inLanguage":"pt-PT","potentialAction":[{"@type":"CommentAction","name":"Comment","target":["https:\/\/inclusivenews.com.br\/?p=32410#respond"]}]},{"@type":"WebPage","@id":"https:\/\/inclusivenews.com.br\/?p=32410","url":"https:\/\/inclusivenews.com.br\/?p=32410","name":"No Oscar, nada sobre as pessoas com defici\u00eancia, sem as pessoas com defici\u00eancia -","isPartOf":{"@id":"https:\/\/inclusivenews.com.br\/#website"},"primaryImageOfPage":{"@id":"https:\/\/inclusivenews.com.br\/?p=32410#primaryimage"},"image":{"@id":"https:\/\/inclusivenews.com.br\/?p=32410#primaryimage"},"thumbnailUrl":"","datePublished":"2022-03-28T20:56:56+00:00","breadcrumb":{"@id":"https:\/\/inclusivenews.com.br\/?p=32410#breadcrumb"},"inLanguage":"pt-PT","potentialAction":[{"@type":"ReadAction","target":["https:\/\/inclusivenews.com.br\/?p=32410"]}]},{"@type":"ImageObject","inLanguage":"pt-PT","@id":"https:\/\/inclusivenews.com.br\/?p=32410#primaryimage","url":"","contentUrl":""},{"@type":"BreadcrumbList","@id":"https:\/\/inclusivenews.com.br\/?p=32410#breadcrumb","itemListElement":[{"@type":"ListItem","position":1,"name":"In\u00edcio","item":"https:\/\/inclusivenews.com.br\/"},{"@type":"ListItem","position":2,"name":"No Oscar, nada sobre as pessoas com defici\u00eancia, sem as pessoas com defici\u00eancia"}]},{"@type":"WebSite","@id":"https:\/\/inclusivenews.com.br\/#website","url":"https:\/\/inclusivenews.com.br\/","name":"Inclusive News","description":"Inclusive News","publisher":{"@id":"https:\/\/inclusivenews.com.br\/#organization"},"potentialAction":[{"@type":"SearchAction","target":{"@type":"EntryPoint","urlTemplate":"https:\/\/inclusivenews.com.br\/?s={search_term_string}"},"query-input":{"@type":"PropertyValueSpecification","valueRequired":true,"valueName":"search_term_string"}}],"inLanguage":"pt-PT"},{"@type":"Organization","@id":"https:\/\/inclusivenews.com.br\/#organization","name":"Inclusive - inclus\u00e3o e cidadania","url":"https:\/\/inclusivenews.com.br\/","logo":{"@type":"ImageObject","inLanguage":"pt-PT","@id":"https:\/\/inclusivenews.com.br\/#\/schema\/logo\/image\/","url":"https:\/\/inclusivenews.com.br\/wp-content\/uploads\/2024\/03\/@grandesite.png","contentUrl":"https:\/\/inclusivenews.com.br\/wp-content\/uploads\/2024\/03\/@grandesite.png","width":1080,"height":1080,"caption":"Inclusive - inclus\u00e3o e cidadania"},"image":{"@id":"https:\/\/inclusivenews.com.br\/#\/schema\/logo\/image\/"},"sameAs":["https:\/\/www.facebook.com\/agenciainclusive\/","https:\/\/www.instagram.com\/newsinclusive\/"]},{"@type":"Person","@id":"https:\/\/inclusivenews.com.br\/#\/schema\/person\/0dab492019871b94abb65fa8ee7c8c44","name":"Inclusive","image":{"@type":"ImageObject","inLanguage":"pt-PT","@id":"https:\/\/secure.gravatar.com\/avatar\/?s=96&d=mm&r=g","url":"https:\/\/secure.gravatar.com\/avatar\/?s=96&d=mm&r=g","contentUrl":"https:\/\/secure.gravatar.com\/avatar\/?s=96&d=mm&r=g","caption":"Inclusive"},"url":"https:\/\/inclusivenews.com.br\/?author=2"}]}},"_links":{"self":[{"href":"https:\/\/inclusivenews.com.br\/index.php?rest_route=\/wp\/v2\/posts\/32410","targetHints":{"allow":["GET"]}}],"collection":[{"href":"https:\/\/inclusivenews.com.br\/index.php?rest_route=\/wp\/v2\/posts"}],"about":[{"href":"https:\/\/inclusivenews.com.br\/index.php?rest_route=\/wp\/v2\/types\/post"}],"author":[{"embeddable":true,"href":"https:\/\/inclusivenews.com.br\/index.php?rest_route=\/wp\/v2\/users\/2"}],"replies":[{"embeddable":true,"href":"https:\/\/inclusivenews.com.br\/index.php?rest_route=%2Fwp%2Fv2%2Fcomments&post=32410"}],"version-history":[{"count":0,"href":"https:\/\/inclusivenews.com.br\/index.php?rest_route=\/wp\/v2\/posts\/32410\/revisions"}],"wp:featuredmedia":[{"embeddable":true,"href":"https:\/\/inclusivenews.com.br\/index.php?rest_route=\/"}],"wp:attachment":[{"href":"https:\/\/inclusivenews.com.br\/index.php?rest_route=%2Fwp%2Fv2%2Fmedia&parent=32410"}],"wp:term":[{"taxonomy":"category","embeddable":true,"href":"https:\/\/inclusivenews.com.br\/index.php?rest_route=%2Fwp%2Fv2%2Fcategories&post=32410"},{"taxonomy":"post_tag","embeddable":true,"href":"https:\/\/inclusivenews.com.br\/index.php?rest_route=%2Fwp%2Fv2%2Ftags&post=32410"}],"curies":[{"name":"wp","href":"https:\/\/api.w.org\/{rel}","templated":true}]}}