{"id":3242,"date":"2009-01-21T18:05:05","date_gmt":"2009-01-21T18:05:05","guid":{"rendered":"http:\/\/agenciainclusive.wordpress.com\/?p=3242"},"modified":"2009-01-21T18:05:05","modified_gmt":"2009-01-21T18:05:05","slug":"mpf-cobra-que-organizadoras-oferecam-adaptacoes-a-candidatos-deficientes","status":"publish","type":"post","link":"https:\/\/inclusivenews.com.br\/?p=3242","title":{"rendered":"MPF cobra que organizadoras ofere\u00e7am adapta\u00e7\u00f5es a candidatos deficientes"},"content":{"rendered":"<p class=\"autor\"><span style=\"text-decoration:underline;\"><span style=\"color:#666666;\"><span style=\"text-decoration:underline;\"><span style=\"color:#666666;\"><a href=\"http:\/\/concursos.correioweb.com.br\/htmls\/interna_noticia,id_sessao=1&amp;id_noticia=23194\/interna_noticia.shtml\">http:\/\/concursos.correioweb.com.br\/htmls\/interna_noticia,id_sessao=1&amp;id_noticia=23194\/interna_noticia.shtml<\/a><\/span><\/span><\/span><a href=\"http:\/\/concursos.correioweb.com.br\/htmls\/interna_noticia,id_sessao=1&amp;id_noticia=23194\/interna_noticia.shtml\"><\/a><\/span><\/p>\n<p class=\"autor\"><a href=\"mailto:\"><span style=\"color:#666666;\">Do CorreioWeb<\/span><\/a><\/p>\n<p>O Minist\u00e9rio P\u00fablico Federal no Distrito Federal expediu recomenda\u00e7\u00e3o a duas das maiores organizadoras de concursos p\u00fablicos do Brasil &#8211; Funda\u00e7\u00e3o Carlos Chagas (FCC) e Centro de Sele\u00e7\u00e3o e Promo\u00e7\u00e3o de Eventos da Universidade de Bras\u00edlia (Cespe\/UnB) &#8211; para que passem a criar condi\u00e7\u00f5es especiais aos candidatos portadores de defici\u00eancias.<\/p>\n<p>Segundo o MPF, as adapta\u00e7\u00f5es dos locais de provas devem considerar o tipo e o grau da defici\u00eancia apresentada, garantindo que o candidato concorra em igualdade com os demais.<\/p>\n<p>A procuradora regional dos Direito do Cidad\u00e3o no DF, Luciana Loureiro, assina a recomenda\u00e7\u00e3o. Para ela, as adapta\u00e7\u00f5es s\u00e3o parte da pol\u00edtica de inclus\u00e3o de pessoas com defici\u00eancia no servi\u00e7o p\u00fablico, prevista na Constitui\u00e7\u00e3o Federal, mas estas devem respeitar o grau e o tipo de defici\u00eancia de cada inscrito, sem generaliza\u00e7\u00f5es.<\/p>\n<p>&#8220;As institui\u00e7\u00f5es respons\u00e1veis pela realiza\u00e7\u00e3o de concursos p\u00fablicos dever\u00e3o estabelecer, caso a caso, todas as adapta\u00e7\u00f5es necess\u00e1rias \u00e0 aplica\u00e7\u00e3o das provas, e estas devem ser suficientes e proporcionais ao tipo e ao grau de dificuldade que sua condi\u00e7\u00e3o lhes inflige&#8221;, argumenta.<\/p>\n<p>Na recomenda\u00e7\u00e3o, o MPF requer ainda que as organizadoras acelerem o tempo de an\u00e1lise sobre a concess\u00e3o das condi\u00e7\u00f5es especiais para a realiza\u00e7\u00e3o das provas. Para a procuradora, quem tiver o pedido indeferido deve ser informado com pelo menos dez dias de anteced\u00eancia aos exames, abrindo possibilidade de eventual recurso administrativo ou judicial.<\/p>\n<p>O MPF cobra ainda crit\u00e9rios mais r\u00edgidos para a escolha dos profissionais que atuam como ledores das provas, ou seja, auxiliam os deficientes visuais na realiza\u00e7\u00e3o dos testes. Na recomenda\u00e7\u00e3o, o MPF exige a contrata\u00e7\u00e3o de profissionais com experi\u00eancia e capacidade t\u00e9cnica adequada \u00e0 prova, incluindo conhecimentos de l\u00edngua estrangeira se a prova o exigir. Os fiscais tamb\u00e9m devem ser instru\u00eddos a registrar em ata quaisquer ocorr\u00eancias ou reclama\u00e7\u00f5es de candidatos durante as provas, mesmo quando n\u00e3o solicitado, para que eventuais irregularidades possam ser comprovadas futuramente.<\/p>\n<p>As organizadoras t\u00eam 15 dias para se manifestar. A recomenda\u00e7\u00e3o \u00e9 um instrumento de atua\u00e7\u00e3o extrajudicial do Minist\u00e9rio P\u00fablico. Caso as medidas n\u00e3o sejam acatadas, o MPF avaliar\u00e1 as medidas judiciais cab\u00edveis.<\/p>\n","protected":false},"excerpt":{"rendered":"<p>http:\/\/concursos.correioweb.com.br\/htmls\/interna_noticia,id_sessao=1&amp;id_noticia=23194\/interna_noticia.shtml Do CorreioWeb O Minist\u00e9rio P\u00fablico Federal no Distrito Federal expediu recomenda\u00e7\u00e3o a duas das maiores organizadoras de concursos p\u00fablicos do Brasil &#8211; Funda\u00e7\u00e3o Carlos Chagas (FCC) e Centro de Sele\u00e7\u00e3o e Promo\u00e7\u00e3o de Eventos da Universidade de Bras\u00edlia (Cespe\/UnB) &#8211; para que passem a criar condi\u00e7\u00f5es especiais aos candidatos portadores de defici\u00eancias. Segundo o [&hellip;]<\/p>\n","protected":false},"author":2,"featured_media":0,"comment_status":"open","ping_status":"open","sticky":false,"template":"","format":"standard","meta":{"site-container-style":"default","site-container-layout":"default","site-sidebar-layout":"default","disable-article-header":"default","disable-site-header":"default","disable-site-footer":"default","disable-content-area-spacing":"default","footnotes":""},"categories":[4],"tags":[],"class_list":["post-3242","post","type-post","status-publish","format-standard","hentry","category-noticias"],"yoast_head":"<!-- This site is optimized with the Yoast SEO plugin v27.4 - https:\/\/yoast.com\/product\/yoast-seo-wordpress\/ -->\n<title>MPF cobra que organizadoras ofere\u00e7am adapta\u00e7\u00f5es a candidatos deficientes -<\/title>\n<meta name=\"robots\" content=\"index, follow, max-snippet:-1, max-image-preview:large, max-video-preview:-1\" \/>\n<link rel=\"canonical\" href=\"https:\/\/inclusivenews.com.br\/?p=3242\" \/>\n<meta property=\"og:locale\" content=\"pt_PT\" \/>\n<meta property=\"og:type\" content=\"article\" \/>\n<meta property=\"og:title\" content=\"MPF cobra que organizadoras ofere\u00e7am adapta\u00e7\u00f5es a candidatos deficientes -\" \/>\n<meta property=\"og:description\" content=\"http:\/\/concursos.correioweb.com.br\/htmls\/interna_noticia,id_sessao=1&amp;id_noticia=23194\/interna_noticia.shtml Do CorreioWeb O Minist\u00e9rio P\u00fablico Federal no Distrito Federal expediu recomenda\u00e7\u00e3o a duas das maiores organizadoras de concursos p\u00fablicos do Brasil &#8211; Funda\u00e7\u00e3o Carlos Chagas (FCC) e Centro de Sele\u00e7\u00e3o e Promo\u00e7\u00e3o de Eventos da Universidade de Bras\u00edlia (Cespe\/UnB) &#8211; para que passem a criar condi\u00e7\u00f5es especiais aos candidatos portadores de defici\u00eancias. Segundo o [&hellip;]\" \/>\n<meta property=\"og:url\" content=\"https:\/\/inclusivenews.com.br\/?p=3242\" \/>\n<meta property=\"article:publisher\" content=\"https:\/\/www.facebook.com\/agenciainclusive\/\" \/>\n<meta property=\"article:published_time\" content=\"2009-01-21T18:05:05+00:00\" \/>\n<meta name=\"author\" content=\"Inclusive\" \/>\n<meta name=\"twitter:card\" content=\"summary_large_image\" \/>\n<meta name=\"twitter:label1\" content=\"Escrito por\" \/>\n\t<meta name=\"twitter:data1\" content=\"Inclusive\" \/>\n\t<meta name=\"twitter:label2\" content=\"Tempo estimado de leitura\" \/>\n\t<meta name=\"twitter:data2\" content=\"2 minutos\" \/>\n<script type=\"application\/ld+json\" class=\"yoast-schema-graph\">{\"@context\":\"https:\\\/\\\/schema.org\",\"@graph\":[{\"@type\":\"Article\",\"@id\":\"https:\\\/\\\/inclusivenews.com.br\\\/?p=3242#article\",\"isPartOf\":{\"@id\":\"https:\\\/\\\/inclusivenews.com.br\\\/?p=3242\"},\"author\":{\"name\":\"Inclusive\",\"@id\":\"https:\\\/\\\/inclusivenews.com.br\\\/#\\\/schema\\\/person\\\/0dab492019871b94abb65fa8ee7c8c44\"},\"headline\":\"MPF cobra que organizadoras ofere\u00e7am adapta\u00e7\u00f5es a candidatos deficientes\",\"datePublished\":\"2009-01-21T18:05:05+00:00\",\"mainEntityOfPage\":{\"@id\":\"https:\\\/\\\/inclusivenews.com.br\\\/?p=3242\"},\"wordCount\":427,\"commentCount\":0,\"publisher\":{\"@id\":\"https:\\\/\\\/inclusivenews.com.br\\\/#organization\"},\"articleSection\":[\"NOT\u00cdCIAS\"],\"inLanguage\":\"pt-PT\",\"potentialAction\":[{\"@type\":\"CommentAction\",\"name\":\"Comment\",\"target\":[\"https:\\\/\\\/inclusivenews.com.br\\\/?p=3242#respond\"]}]},{\"@type\":\"WebPage\",\"@id\":\"https:\\\/\\\/inclusivenews.com.br\\\/?p=3242\",\"url\":\"https:\\\/\\\/inclusivenews.com.br\\\/?p=3242\",\"name\":\"MPF cobra que organizadoras ofere\u00e7am adapta\u00e7\u00f5es a candidatos deficientes -\",\"isPartOf\":{\"@id\":\"https:\\\/\\\/inclusivenews.com.br\\\/#website\"},\"datePublished\":\"2009-01-21T18:05:05+00:00\",\"breadcrumb\":{\"@id\":\"https:\\\/\\\/inclusivenews.com.br\\\/?p=3242#breadcrumb\"},\"inLanguage\":\"pt-PT\",\"potentialAction\":[{\"@type\":\"ReadAction\",\"target\":[\"https:\\\/\\\/inclusivenews.com.br\\\/?p=3242\"]}]},{\"@type\":\"BreadcrumbList\",\"@id\":\"https:\\\/\\\/inclusivenews.com.br\\\/?p=3242#breadcrumb\",\"itemListElement\":[{\"@type\":\"ListItem\",\"position\":1,\"name\":\"In\u00edcio\",\"item\":\"https:\\\/\\\/inclusivenews.com.br\\\/\"},{\"@type\":\"ListItem\",\"position\":2,\"name\":\"MPF cobra que organizadoras ofere\u00e7am adapta\u00e7\u00f5es a candidatos deficientes\"}]},{\"@type\":\"WebSite\",\"@id\":\"https:\\\/\\\/inclusivenews.com.br\\\/#website\",\"url\":\"https:\\\/\\\/inclusivenews.com.br\\\/\",\"name\":\"Inclusive News\",\"description\":\"Inclusive News\",\"publisher\":{\"@id\":\"https:\\\/\\\/inclusivenews.com.br\\\/#organization\"},\"potentialAction\":[{\"@type\":\"SearchAction\",\"target\":{\"@type\":\"EntryPoint\",\"urlTemplate\":\"https:\\\/\\\/inclusivenews.com.br\\\/?s={search_term_string}\"},\"query-input\":{\"@type\":\"PropertyValueSpecification\",\"valueRequired\":true,\"valueName\":\"search_term_string\"}}],\"inLanguage\":\"pt-PT\"},{\"@type\":\"Organization\",\"@id\":\"https:\\\/\\\/inclusivenews.com.br\\\/#organization\",\"name\":\"Inclusive - inclus\u00e3o e cidadania\",\"url\":\"https:\\\/\\\/inclusivenews.com.br\\\/\",\"logo\":{\"@type\":\"ImageObject\",\"inLanguage\":\"pt-PT\",\"@id\":\"https:\\\/\\\/inclusivenews.com.br\\\/#\\\/schema\\\/logo\\\/image\\\/\",\"url\":\"https:\\\/\\\/inclusivenews.com.br\\\/wp-content\\\/uploads\\\/2024\\\/03\\\/@grandesite.png\",\"contentUrl\":\"https:\\\/\\\/inclusivenews.com.br\\\/wp-content\\\/uploads\\\/2024\\\/03\\\/@grandesite.png\",\"width\":1080,\"height\":1080,\"caption\":\"Inclusive - inclus\u00e3o e cidadania\"},\"image\":{\"@id\":\"https:\\\/\\\/inclusivenews.com.br\\\/#\\\/schema\\\/logo\\\/image\\\/\"},\"sameAs\":[\"https:\\\/\\\/www.facebook.com\\\/agenciainclusive\\\/\",\"https:\\\/\\\/www.instagram.com\\\/newsinclusive\\\/\"]},{\"@type\":\"Person\",\"@id\":\"https:\\\/\\\/inclusivenews.com.br\\\/#\\\/schema\\\/person\\\/0dab492019871b94abb65fa8ee7c8c44\",\"name\":\"Inclusive\",\"image\":{\"@type\":\"ImageObject\",\"inLanguage\":\"pt-PT\",\"@id\":\"https:\\\/\\\/secure.gravatar.com\\\/avatar\\\/?s=96&d=mm&r=g\",\"url\":\"https:\\\/\\\/secure.gravatar.com\\\/avatar\\\/?s=96&d=mm&r=g\",\"contentUrl\":\"https:\\\/\\\/secure.gravatar.com\\\/avatar\\\/?s=96&d=mm&r=g\",\"caption\":\"Inclusive\"},\"url\":\"https:\\\/\\\/inclusivenews.com.br\\\/?author=2\"}]}<\/script>\n<!-- \/ Yoast SEO plugin. -->","yoast_head_json":{"title":"MPF cobra que organizadoras ofere\u00e7am adapta\u00e7\u00f5es a candidatos deficientes -","robots":{"index":"index","follow":"follow","max-snippet":"max-snippet:-1","max-image-preview":"max-image-preview:large","max-video-preview":"max-video-preview:-1"},"canonical":"https:\/\/inclusivenews.com.br\/?p=3242","og_locale":"pt_PT","og_type":"article","og_title":"MPF cobra que organizadoras ofere\u00e7am adapta\u00e7\u00f5es a candidatos deficientes -","og_description":"http:\/\/concursos.correioweb.com.br\/htmls\/interna_noticia,id_sessao=1&amp;id_noticia=23194\/interna_noticia.shtml Do CorreioWeb O Minist\u00e9rio P\u00fablico Federal no Distrito Federal expediu recomenda\u00e7\u00e3o a duas das maiores organizadoras de concursos p\u00fablicos do Brasil &#8211; Funda\u00e7\u00e3o Carlos Chagas (FCC) e Centro de Sele\u00e7\u00e3o e Promo\u00e7\u00e3o de Eventos da Universidade de Bras\u00edlia (Cespe\/UnB) &#8211; para que passem a criar condi\u00e7\u00f5es especiais aos candidatos portadores de defici\u00eancias. Segundo o [&hellip;]","og_url":"https:\/\/inclusivenews.com.br\/?p=3242","article_publisher":"https:\/\/www.facebook.com\/agenciainclusive\/","article_published_time":"2009-01-21T18:05:05+00:00","author":"Inclusive","twitter_card":"summary_large_image","twitter_misc":{"Escrito por":"Inclusive","Tempo estimado de leitura":"2 minutos"},"schema":{"@context":"https:\/\/schema.org","@graph":[{"@type":"Article","@id":"https:\/\/inclusivenews.com.br\/?p=3242#article","isPartOf":{"@id":"https:\/\/inclusivenews.com.br\/?p=3242"},"author":{"name":"Inclusive","@id":"https:\/\/inclusivenews.com.br\/#\/schema\/person\/0dab492019871b94abb65fa8ee7c8c44"},"headline":"MPF cobra que organizadoras ofere\u00e7am adapta\u00e7\u00f5es a candidatos deficientes","datePublished":"2009-01-21T18:05:05+00:00","mainEntityOfPage":{"@id":"https:\/\/inclusivenews.com.br\/?p=3242"},"wordCount":427,"commentCount":0,"publisher":{"@id":"https:\/\/inclusivenews.com.br\/#organization"},"articleSection":["NOT\u00cdCIAS"],"inLanguage":"pt-PT","potentialAction":[{"@type":"CommentAction","name":"Comment","target":["https:\/\/inclusivenews.com.br\/?p=3242#respond"]}]},{"@type":"WebPage","@id":"https:\/\/inclusivenews.com.br\/?p=3242","url":"https:\/\/inclusivenews.com.br\/?p=3242","name":"MPF cobra que organizadoras ofere\u00e7am adapta\u00e7\u00f5es a candidatos deficientes -","isPartOf":{"@id":"https:\/\/inclusivenews.com.br\/#website"},"datePublished":"2009-01-21T18:05:05+00:00","breadcrumb":{"@id":"https:\/\/inclusivenews.com.br\/?p=3242#breadcrumb"},"inLanguage":"pt-PT","potentialAction":[{"@type":"ReadAction","target":["https:\/\/inclusivenews.com.br\/?p=3242"]}]},{"@type":"BreadcrumbList","@id":"https:\/\/inclusivenews.com.br\/?p=3242#breadcrumb","itemListElement":[{"@type":"ListItem","position":1,"name":"In\u00edcio","item":"https:\/\/inclusivenews.com.br\/"},{"@type":"ListItem","position":2,"name":"MPF cobra que organizadoras ofere\u00e7am adapta\u00e7\u00f5es a candidatos deficientes"}]},{"@type":"WebSite","@id":"https:\/\/inclusivenews.com.br\/#website","url":"https:\/\/inclusivenews.com.br\/","name":"Inclusive News","description":"Inclusive News","publisher":{"@id":"https:\/\/inclusivenews.com.br\/#organization"},"potentialAction":[{"@type":"SearchAction","target":{"@type":"EntryPoint","urlTemplate":"https:\/\/inclusivenews.com.br\/?s={search_term_string}"},"query-input":{"@type":"PropertyValueSpecification","valueRequired":true,"valueName":"search_term_string"}}],"inLanguage":"pt-PT"},{"@type":"Organization","@id":"https:\/\/inclusivenews.com.br\/#organization","name":"Inclusive - inclus\u00e3o e cidadania","url":"https:\/\/inclusivenews.com.br\/","logo":{"@type":"ImageObject","inLanguage":"pt-PT","@id":"https:\/\/inclusivenews.com.br\/#\/schema\/logo\/image\/","url":"https:\/\/inclusivenews.com.br\/wp-content\/uploads\/2024\/03\/@grandesite.png","contentUrl":"https:\/\/inclusivenews.com.br\/wp-content\/uploads\/2024\/03\/@grandesite.png","width":1080,"height":1080,"caption":"Inclusive - inclus\u00e3o e cidadania"},"image":{"@id":"https:\/\/inclusivenews.com.br\/#\/schema\/logo\/image\/"},"sameAs":["https:\/\/www.facebook.com\/agenciainclusive\/","https:\/\/www.instagram.com\/newsinclusive\/"]},{"@type":"Person","@id":"https:\/\/inclusivenews.com.br\/#\/schema\/person\/0dab492019871b94abb65fa8ee7c8c44","name":"Inclusive","image":{"@type":"ImageObject","inLanguage":"pt-PT","@id":"https:\/\/secure.gravatar.com\/avatar\/?s=96&d=mm&r=g","url":"https:\/\/secure.gravatar.com\/avatar\/?s=96&d=mm&r=g","contentUrl":"https:\/\/secure.gravatar.com\/avatar\/?s=96&d=mm&r=g","caption":"Inclusive"},"url":"https:\/\/inclusivenews.com.br\/?author=2"}]}},"_links":{"self":[{"href":"https:\/\/inclusivenews.com.br\/index.php?rest_route=\/wp\/v2\/posts\/3242","targetHints":{"allow":["GET"]}}],"collection":[{"href":"https:\/\/inclusivenews.com.br\/index.php?rest_route=\/wp\/v2\/posts"}],"about":[{"href":"https:\/\/inclusivenews.com.br\/index.php?rest_route=\/wp\/v2\/types\/post"}],"author":[{"embeddable":true,"href":"https:\/\/inclusivenews.com.br\/index.php?rest_route=\/wp\/v2\/users\/2"}],"replies":[{"embeddable":true,"href":"https:\/\/inclusivenews.com.br\/index.php?rest_route=%2Fwp%2Fv2%2Fcomments&post=3242"}],"version-history":[{"count":0,"href":"https:\/\/inclusivenews.com.br\/index.php?rest_route=\/wp\/v2\/posts\/3242\/revisions"}],"wp:attachment":[{"href":"https:\/\/inclusivenews.com.br\/index.php?rest_route=%2Fwp%2Fv2%2Fmedia&parent=3242"}],"wp:term":[{"taxonomy":"category","embeddable":true,"href":"https:\/\/inclusivenews.com.br\/index.php?rest_route=%2Fwp%2Fv2%2Fcategories&post=3242"},{"taxonomy":"post_tag","embeddable":true,"href":"https:\/\/inclusivenews.com.br\/index.php?rest_route=%2Fwp%2Fv2%2Ftags&post=3242"}],"curies":[{"name":"wp","href":"https:\/\/api.w.org\/{rel}","templated":true}]}}