{"id":32428,"date":"2022-05-29T11:38:51","date_gmt":"2022-05-29T14:38:51","guid":{"rendered":"http:\/\/www.inclusive.org.br\/?p=32428"},"modified":"2022-05-29T11:38:51","modified_gmt":"2022-05-29T14:38:51","slug":"por-genivaldo-treinamento-de-forcas-policiais-para-abordagem-segura-ja","status":"publish","type":"post","link":"https:\/\/inclusivenews.com.br\/?p=32428","title":{"rendered":"Por Genivaldo: treinamento de for\u00e7as policiais para abordagem segura J\u00c1"},"content":{"rendered":"<p><a href=\"http:\/\/www.inclusive.org.br\/arquivos\/32428\/whatsapp-image-2022-05-29-at-11-20-18\" rel=\"attachment wp-att-32429\"><img loading=\"lazy\" decoding=\"async\" class=\"alignnone size-medium wp-image-32429\" src=\"http:\/\/inclusivenews.com.br\/wp-content\/uploads\/WhatsApp-Image-2022-05-29-at-11.20.18-300x300.jpeg\" alt=\"card de fundo preto com letras brancas: Por Genivaldo: treinamento de for\u00e7as policiais para abordagem segura J\u00c1\" width=\"300\" height=\"300\" \/><\/a><\/p>\n<p>O Movimento das Pessoas com Defici\u00eancia<br \/>\nse une \u00e0 dor da fam\u00edlia de Genivaldo de Jesus Santos,<br \/>\nbarbaramente morto em a\u00e7\u00e3o da Pol\u00edcia Rodovi\u00e1ria Federal, em 25\/5 em Sergipe.<\/p>\n<p>Como a fam\u00edlia de Genivaldo, conhecemos e tememos<br \/>\na falta de preparo das for\u00e7as de seguran\u00e7a<br \/>\nna abordagem \u00e0s pessoas com defici\u00eancia.<\/p>\n<p>Um estudo de 2016 apontou que<br \/>\nquase metade das pessoas mortas pela pol\u00edcia nos Estados Unidos<br \/>\ntinham alguma defici\u00eancia.*<\/p>\n<p>No Brasil, nem n\u00fameros temos, pois o descaso \u00e9 tanto<br \/>\nque n\u00e3o existe espa\u00e7o nos formul\u00e1rios para anota\u00e7\u00e3o de defici\u00eancia.<\/p>\n<p>\u00c9 inaceit\u00e1vel que uma pessoa com defici\u00eancia psicossocial<br \/>\ntenha sua condi\u00e7\u00e3o ignorada por agentes do Estado e,\u00a0por sua condi\u00e7\u00e3o,<br \/>\nreceba\u00a0tratamento t\u00e3o desumano.<\/p>\n<p>Aqueles que deveriam estar preparados para proteger<br \/>\nas popula\u00e7\u00f5es mais vulner\u00e1veis, s\u00e3o seus algozes.<\/p>\n<p>A falta de treinamento de agentes p\u00fablicos para reconhecer e responder<br \/>\na situa\u00e7\u00f5es envolvendo pessoas com defici\u00eancia<br \/>\nnos coloca em risco constante.<\/p>\n<p>Se a pessoa com defici\u00eancia for\u00a0negra ent\u00e3o,<br \/>\ncomo era o caso de Genivaldo, o perigo \u00e9 ainda maior.<\/p>\n<p>Al\u00e9m da apura\u00e7\u00e3o isenta e acelerada dos fatos<br \/>\ne responsabiliza\u00e7\u00e3o dos culpados pela morte de Genivaldo,<br \/>\npedimos, mais uma vez,<br \/>\no treinamento urgente das for\u00e7as policiais<br \/>\nno atendimento e abordagem seguro<br \/>\n\u00e0s pessoas com defici\u00eancia com base nos direitos humanos.<\/p>\n<p>Essa forma\u00e7\u00e3o deve ser feita em conjunto<br \/>\ncom as organiza\u00e7\u00f5es de pessoas com defici\u00eancia.<\/p>\n<p>Por Genivaldo, precisamos aprender com nossos erros<br \/>\ne investir fortemente na preven\u00e7\u00e3o \u00e0 viol\u00eancia.<\/p>\n<ol>\n<li style=\"font-weight: 400;\"><span style=\"font-weight: 400;\">Frente Nacional das Mulheres com Defici\u00eancia<\/span><\/li>\n<li style=\"font-weight: 400;\"><span style=\"font-weight: 400;\">Coletivo de Trabalhadores e Trabalhadoras com Defici\u00eancia da CUT\u00a0<\/span><\/li>\n<li style=\"font-weight: 400;\"><span style=\"font-weight: 400;\">Setorial de Pessoas com Defici\u00eancia PT DF<\/span><\/li>\n<li style=\"font-weight: 400;\"><span style=\"font-weight: 400;\">Movimento Down<\/span><\/li>\n<li style=\"font-weight: 400;\"><span style=\"font-weight: 400;\">Eu Me Protejo<\/span><\/li>\n<li style=\"font-weight: 400;\"><span style=\"font-weight: 400;\">Coletivo de Mulheres com Defici\u00eancia do Distrito Federal<\/span><\/li>\n<li style=\"font-weight: 400;\"><span style=\"font-weight: 400;\">Associa\u00e7\u00e3o DFDown<\/span><\/li>\n<li style=\"font-weight: 400;\"><span style=\"font-weight: 400;\">Federa\u00e7\u00e3o Brasileira das Associa\u00e7\u00f5es de S\u00edndrome de Down<\/span><\/li>\n<li style=\"font-weight: 400;\"><span style=\"font-weight: 400;\">Amankay Instituto de Estudos e Pesquisas<\/span><\/li>\n<li style=\"font-weight: 400;\"><span style=\"font-weight: 400;\">Marta Esteves de Almeida Gil<\/span><\/li>\n<li style=\"font-weight: 400;\"><span style=\"font-weight: 400;\">Luciano Jorge Gir\u00e3o Borges<\/span><\/li>\n<li style=\"font-weight: 400;\"><span style=\"font-weight: 400;\">Dalmo dos Anjos Freitas<\/span><\/li>\n<li style=\"font-weight: 400;\"><span style=\"font-weight: 400;\">Instituto Trabalho Digno<\/span><\/li>\n<li style=\"font-weight: 400;\"><span style=\"font-weight: 400;\">Carolina Cesa Miranda<\/span><\/li>\n<li style=\"font-weight: 400;\"><span style=\"font-weight: 400;\">V\u00e2nia Cristina, Conselho de Respons\u00e1veis da Educa\u00e7\u00e3o Especial. Prefeitura do Rio. SME.<\/span><\/li>\n<li style=\"font-weight: 400;\"><span style=\"font-weight: 400;\">Maikel Pons Giralt<\/span><\/li>\n<li style=\"font-weight: 400;\"><span style=\"font-weight: 400;\">Crystina Di Santo D&#8217;Andrea<\/span><\/li>\n<li style=\"font-weight: 400;\"><span style=\"font-weight: 400;\">Avante &#8211; Educa\u00e7\u00e3o e Mobiliza\u00e7\u00e3o Social<\/span><\/li>\n<li style=\"font-weight: 400;\"><span style=\"font-weight: 400;\">Associa\u00e7\u00e3o Comunit\u00e1ria Monte Azul &#8211; Renate Keller Ignacio<\/span><\/li>\n<li style=\"font-weight: 400;\"><span style=\"font-weight: 400;\">\u00a0Associa\u00e7\u00e3o RS PARADESPORTO\u00a0<\/span><\/li>\n<li style=\"font-weight: 400;\"><span style=\"font-weight: 400;\">CMPD Conselho Municipal dos Direitos da Pessoa com Defici\u00eancia de S\u00e3o Jos\u00e9 SC<\/span><\/li>\n<li style=\"font-weight: 400;\"><span style=\"font-weight: 400;\">\u00a0Victor Emanuel Reis Sampaio Benicio.<\/span><\/li>\n<li style=\"font-weight: 400;\"><span style=\"font-weight: 400;\">Simone Warmling dos Santos<\/span><\/li>\n<li style=\"font-weight: 400;\"><span style=\"font-weight: 400;\">Ricardo da Costa Veloso<\/span><\/li>\n<li style=\"font-weight: 400;\"><span style=\"font-weight: 400;\">ANDI &#8211; comunica\u00e7\u00e3o e direitos<\/span><\/li>\n<li style=\"font-weight: 400;\"><span style=\"font-weight: 400;\">Ecotrabalhismo SC<\/span><\/li>\n<\/ol>\n<p>Atualizado em 31\/5\/22<\/p>\n<p>Para ades\u00f5es\u00a0assine em:<br \/>\n<a href=\"https:\/\/docs.google.com\/document\/d\/1vFzv44S6Rp-mocUFXUzvQElOkyK6P9ulc682T3xThUU\/edit\">https:\/\/docs.google.com\/document\/d\/1vFzv44S6Rp-mocUFXUzvQElOkyK6P9ulc682T3xThUU\/edit<\/a><\/p>\n<p>ou nos coment\u00e1rios desta postagem.<\/p>\n<p>Descri\u00e7\u00e3o da imagem: card de fundo preto com letras brancas:<br \/>\nPor Genivaldo: treinamento de for\u00e7as policiais para abordagem segura J\u00c1.<\/p>\n<p>* &#8220;Half of People Killed by Police Have a Disability: Report&#8221;<\/p>\n<p><a href=\"https:\/\/namiillinois.org\/half-people-killed-police-disability-report\/\">https:\/\/namiillinois.org\/half-people-killed-police-disability-report\/<\/a><\/p>\n<p>&nbsp;<\/p>\n<p>Para mais informa\u00e7\u00f5es:<\/p>\n<p>\u201cEnsino a meu filho n\u00e3o verbal comandos da pol\u00edcia \u2013 Levante os bra\u00e7os, pare\u201d<br \/>\n<a href=\"https:\/\/www.inclusivenews.com.br\/\/arquivos\/31847\">https:\/\/www.inclusivenews.com.br\/\/arquivos\/31847<\/a><\/p>\n<p>Abordagem de policiais a pessoas com defici\u00eancia \u2013 casos<br \/>\n<a href=\"https:\/\/www.inclusivenews.com.br\/\/arquivos\/31825\">https:\/\/www.inclusivenews.com.br\/\/arquivos\/31825<\/a><\/p>\n<p>\u201cPrecisamos aprender com nossos erros\u201d, diz Robert Martin<br \/>\nsobre o assassinato de jovem com s\u00edndrome de Down pela pol\u00edcia na \u00c1frica do Sul<br \/>\n<a href=\"https:\/\/www.inclusivenews.com.br\/\/arquivos\/31814\">https:\/\/www.inclusivenews.com.br\/\/arquivos\/31814<\/a><\/p>\n<p>Guia \u2013 Abordagem policial a pessoas com defici\u00eancia baseada nos direitos humanos<br \/>\n<a href=\"https:\/\/www.inclusivenews.com.br\/\/arquivos\/31797\">https:\/\/www.inclusivenews.com.br\/\/arquivos\/31797<\/a><\/p>\n","protected":false},"excerpt":{"rendered":"<p>O Movimento das Pessoas com Defici\u00eancia se une \u00e0 dor da fam\u00edlia de Genivaldo de Jesus Santos, barbaramente morto em a\u00e7\u00e3o da Pol\u00edcia Rodovi\u00e1ria Federal, em 25\/5 em Sergipe. Como a fam\u00edlia de Genivaldo, conhecemos e tememos a falta de preparo das for\u00e7as de seguran\u00e7a na abordagem \u00e0s pessoas com defici\u00eancia. Um estudo de 2016 [&hellip;]<\/p>\n","protected":false},"author":2,"featured_media":32429,"comment_status":"open","ping_status":"open","sticky":false,"template":"","format":"standard","meta":{"site-container-style":"default","site-container-layout":"default","site-sidebar-layout":"default","disable-article-header":"default","disable-site-header":"default","disable-site-footer":"default","disable-content-area-spacing":"default","footnotes":""},"categories":[451],"tags":[],"class_list":["post-32428","post","type-post","status-publish","format-standard","has-post-thumbnail","hentry","category-prevencao-a-violencia"],"yoast_head":"<!-- This site is optimized with the Yoast SEO plugin v27.4 - https:\/\/yoast.com\/product\/yoast-seo-wordpress\/ -->\n<title>Por Genivaldo: treinamento de for\u00e7as policiais para abordagem segura J\u00c1 -<\/title>\n<meta name=\"robots\" content=\"index, follow, max-snippet:-1, max-image-preview:large, max-video-preview:-1\" \/>\n<link rel=\"canonical\" href=\"https:\/\/inclusivenews.com.br\/?p=32428\" \/>\n<meta property=\"og:locale\" content=\"pt_PT\" \/>\n<meta property=\"og:type\" content=\"article\" \/>\n<meta property=\"og:title\" content=\"Por Genivaldo: treinamento de for\u00e7as policiais para abordagem segura J\u00c1 -\" \/>\n<meta property=\"og:description\" content=\"O Movimento das Pessoas com Defici\u00eancia se une \u00e0 dor da fam\u00edlia de Genivaldo de Jesus Santos, barbaramente morto em a\u00e7\u00e3o da Pol\u00edcia Rodovi\u00e1ria Federal, em 25\/5 em Sergipe. Como a fam\u00edlia de Genivaldo, conhecemos e tememos a falta de preparo das for\u00e7as de seguran\u00e7a na abordagem \u00e0s pessoas com defici\u00eancia. Um estudo de 2016 [&hellip;]\" \/>\n<meta property=\"og:url\" content=\"https:\/\/inclusivenews.com.br\/?p=32428\" \/>\n<meta property=\"article:publisher\" content=\"https:\/\/www.facebook.com\/agenciainclusive\/\" \/>\n<meta property=\"article:published_time\" content=\"2022-05-29T14:38:51+00:00\" \/>\n<meta name=\"author\" content=\"Inclusive\" \/>\n<meta name=\"twitter:card\" content=\"summary_large_image\" \/>\n<meta name=\"twitter:label1\" content=\"Escrito por\" \/>\n\t<meta name=\"twitter:data1\" content=\"Inclusive\" \/>\n\t<meta name=\"twitter:label2\" content=\"Tempo estimado de leitura\" \/>\n\t<meta name=\"twitter:data2\" content=\"3 minutos\" \/>\n<script type=\"application\/ld+json\" class=\"yoast-schema-graph\">{\"@context\":\"https:\\\/\\\/schema.org\",\"@graph\":[{\"@type\":\"Article\",\"@id\":\"https:\\\/\\\/inclusivenews.com.br\\\/?p=32428#article\",\"isPartOf\":{\"@id\":\"https:\\\/\\\/inclusivenews.com.br\\\/?p=32428\"},\"author\":{\"name\":\"Inclusive\",\"@id\":\"https:\\\/\\\/inclusivenews.com.br\\\/#\\\/schema\\\/person\\\/0dab492019871b94abb65fa8ee7c8c44\"},\"headline\":\"Por Genivaldo: treinamento de for\u00e7as policiais para abordagem segura J\u00c1\",\"datePublished\":\"2022-05-29T14:38:51+00:00\",\"mainEntityOfPage\":{\"@id\":\"https:\\\/\\\/inclusivenews.com.br\\\/?p=32428\"},\"wordCount\":595,\"commentCount\":1,\"publisher\":{\"@id\":\"https:\\\/\\\/inclusivenews.com.br\\\/#organization\"},\"image\":{\"@id\":\"https:\\\/\\\/inclusivenews.com.br\\\/?p=32428#primaryimage\"},\"thumbnailUrl\":\"\",\"articleSection\":[\"Preven\u00e7\u00e3o \u00e0 viol\u00eancia\"],\"inLanguage\":\"pt-PT\",\"potentialAction\":[{\"@type\":\"CommentAction\",\"name\":\"Comment\",\"target\":[\"https:\\\/\\\/inclusivenews.com.br\\\/?p=32428#respond\"]}]},{\"@type\":\"WebPage\",\"@id\":\"https:\\\/\\\/inclusivenews.com.br\\\/?p=32428\",\"url\":\"https:\\\/\\\/inclusivenews.com.br\\\/?p=32428\",\"name\":\"Por Genivaldo: treinamento de for\u00e7as policiais para abordagem segura J\u00c1 -\",\"isPartOf\":{\"@id\":\"https:\\\/\\\/inclusivenews.com.br\\\/#website\"},\"primaryImageOfPage\":{\"@id\":\"https:\\\/\\\/inclusivenews.com.br\\\/?p=32428#primaryimage\"},\"image\":{\"@id\":\"https:\\\/\\\/inclusivenews.com.br\\\/?p=32428#primaryimage\"},\"thumbnailUrl\":\"\",\"datePublished\":\"2022-05-29T14:38:51+00:00\",\"breadcrumb\":{\"@id\":\"https:\\\/\\\/inclusivenews.com.br\\\/?p=32428#breadcrumb\"},\"inLanguage\":\"pt-PT\",\"potentialAction\":[{\"@type\":\"ReadAction\",\"target\":[\"https:\\\/\\\/inclusivenews.com.br\\\/?p=32428\"]}]},{\"@type\":\"ImageObject\",\"inLanguage\":\"pt-PT\",\"@id\":\"https:\\\/\\\/inclusivenews.com.br\\\/?p=32428#primaryimage\",\"url\":\"\",\"contentUrl\":\"\"},{\"@type\":\"BreadcrumbList\",\"@id\":\"https:\\\/\\\/inclusivenews.com.br\\\/?p=32428#breadcrumb\",\"itemListElement\":[{\"@type\":\"ListItem\",\"position\":1,\"name\":\"In\u00edcio\",\"item\":\"https:\\\/\\\/inclusivenews.com.br\\\/\"},{\"@type\":\"ListItem\",\"position\":2,\"name\":\"Por Genivaldo: treinamento de for\u00e7as policiais para abordagem segura J\u00c1\"}]},{\"@type\":\"WebSite\",\"@id\":\"https:\\\/\\\/inclusivenews.com.br\\\/#website\",\"url\":\"https:\\\/\\\/inclusivenews.com.br\\\/\",\"name\":\"Inclusive News\",\"description\":\"Inclusive News\",\"publisher\":{\"@id\":\"https:\\\/\\\/inclusivenews.com.br\\\/#organization\"},\"potentialAction\":[{\"@type\":\"SearchAction\",\"target\":{\"@type\":\"EntryPoint\",\"urlTemplate\":\"https:\\\/\\\/inclusivenews.com.br\\\/?s={search_term_string}\"},\"query-input\":{\"@type\":\"PropertyValueSpecification\",\"valueRequired\":true,\"valueName\":\"search_term_string\"}}],\"inLanguage\":\"pt-PT\"},{\"@type\":\"Organization\",\"@id\":\"https:\\\/\\\/inclusivenews.com.br\\\/#organization\",\"name\":\"Inclusive - inclus\u00e3o e cidadania\",\"url\":\"https:\\\/\\\/inclusivenews.com.br\\\/\",\"logo\":{\"@type\":\"ImageObject\",\"inLanguage\":\"pt-PT\",\"@id\":\"https:\\\/\\\/inclusivenews.com.br\\\/#\\\/schema\\\/logo\\\/image\\\/\",\"url\":\"https:\\\/\\\/inclusivenews.com.br\\\/wp-content\\\/uploads\\\/2024\\\/03\\\/@grandesite.png\",\"contentUrl\":\"https:\\\/\\\/inclusivenews.com.br\\\/wp-content\\\/uploads\\\/2024\\\/03\\\/@grandesite.png\",\"width\":1080,\"height\":1080,\"caption\":\"Inclusive - inclus\u00e3o e cidadania\"},\"image\":{\"@id\":\"https:\\\/\\\/inclusivenews.com.br\\\/#\\\/schema\\\/logo\\\/image\\\/\"},\"sameAs\":[\"https:\\\/\\\/www.facebook.com\\\/agenciainclusive\\\/\",\"https:\\\/\\\/www.instagram.com\\\/newsinclusive\\\/\"]},{\"@type\":\"Person\",\"@id\":\"https:\\\/\\\/inclusivenews.com.br\\\/#\\\/schema\\\/person\\\/0dab492019871b94abb65fa8ee7c8c44\",\"name\":\"Inclusive\",\"image\":{\"@type\":\"ImageObject\",\"inLanguage\":\"pt-PT\",\"@id\":\"https:\\\/\\\/secure.gravatar.com\\\/avatar\\\/?s=96&d=mm&r=g\",\"url\":\"https:\\\/\\\/secure.gravatar.com\\\/avatar\\\/?s=96&d=mm&r=g\",\"contentUrl\":\"https:\\\/\\\/secure.gravatar.com\\\/avatar\\\/?s=96&d=mm&r=g\",\"caption\":\"Inclusive\"},\"url\":\"https:\\\/\\\/inclusivenews.com.br\\\/?author=2\"}]}<\/script>\n<!-- \/ Yoast SEO plugin. -->","yoast_head_json":{"title":"Por Genivaldo: treinamento de for\u00e7as policiais para abordagem segura J\u00c1 -","robots":{"index":"index","follow":"follow","max-snippet":"max-snippet:-1","max-image-preview":"max-image-preview:large","max-video-preview":"max-video-preview:-1"},"canonical":"https:\/\/inclusivenews.com.br\/?p=32428","og_locale":"pt_PT","og_type":"article","og_title":"Por Genivaldo: treinamento de for\u00e7as policiais para abordagem segura J\u00c1 -","og_description":"O Movimento das Pessoas com Defici\u00eancia se une \u00e0 dor da fam\u00edlia de Genivaldo de Jesus Santos, barbaramente morto em a\u00e7\u00e3o da Pol\u00edcia Rodovi\u00e1ria Federal, em 25\/5 em Sergipe. Como a fam\u00edlia de Genivaldo, conhecemos e tememos a falta de preparo das for\u00e7as de seguran\u00e7a na abordagem \u00e0s pessoas com defici\u00eancia. Um estudo de 2016 [&hellip;]","og_url":"https:\/\/inclusivenews.com.br\/?p=32428","article_publisher":"https:\/\/www.facebook.com\/agenciainclusive\/","article_published_time":"2022-05-29T14:38:51+00:00","author":"Inclusive","twitter_card":"summary_large_image","twitter_misc":{"Escrito por":"Inclusive","Tempo estimado de leitura":"3 minutos"},"schema":{"@context":"https:\/\/schema.org","@graph":[{"@type":"Article","@id":"https:\/\/inclusivenews.com.br\/?p=32428#article","isPartOf":{"@id":"https:\/\/inclusivenews.com.br\/?p=32428"},"author":{"name":"Inclusive","@id":"https:\/\/inclusivenews.com.br\/#\/schema\/person\/0dab492019871b94abb65fa8ee7c8c44"},"headline":"Por Genivaldo: treinamento de for\u00e7as policiais para abordagem segura J\u00c1","datePublished":"2022-05-29T14:38:51+00:00","mainEntityOfPage":{"@id":"https:\/\/inclusivenews.com.br\/?p=32428"},"wordCount":595,"commentCount":1,"publisher":{"@id":"https:\/\/inclusivenews.com.br\/#organization"},"image":{"@id":"https:\/\/inclusivenews.com.br\/?p=32428#primaryimage"},"thumbnailUrl":"","articleSection":["Preven\u00e7\u00e3o \u00e0 viol\u00eancia"],"inLanguage":"pt-PT","potentialAction":[{"@type":"CommentAction","name":"Comment","target":["https:\/\/inclusivenews.com.br\/?p=32428#respond"]}]},{"@type":"WebPage","@id":"https:\/\/inclusivenews.com.br\/?p=32428","url":"https:\/\/inclusivenews.com.br\/?p=32428","name":"Por Genivaldo: treinamento de for\u00e7as policiais para abordagem segura J\u00c1 -","isPartOf":{"@id":"https:\/\/inclusivenews.com.br\/#website"},"primaryImageOfPage":{"@id":"https:\/\/inclusivenews.com.br\/?p=32428#primaryimage"},"image":{"@id":"https:\/\/inclusivenews.com.br\/?p=32428#primaryimage"},"thumbnailUrl":"","datePublished":"2022-05-29T14:38:51+00:00","breadcrumb":{"@id":"https:\/\/inclusivenews.com.br\/?p=32428#breadcrumb"},"inLanguage":"pt-PT","potentialAction":[{"@type":"ReadAction","target":["https:\/\/inclusivenews.com.br\/?p=32428"]}]},{"@type":"ImageObject","inLanguage":"pt-PT","@id":"https:\/\/inclusivenews.com.br\/?p=32428#primaryimage","url":"","contentUrl":""},{"@type":"BreadcrumbList","@id":"https:\/\/inclusivenews.com.br\/?p=32428#breadcrumb","itemListElement":[{"@type":"ListItem","position":1,"name":"In\u00edcio","item":"https:\/\/inclusivenews.com.br\/"},{"@type":"ListItem","position":2,"name":"Por Genivaldo: treinamento de for\u00e7as policiais para abordagem segura J\u00c1"}]},{"@type":"WebSite","@id":"https:\/\/inclusivenews.com.br\/#website","url":"https:\/\/inclusivenews.com.br\/","name":"Inclusive News","description":"Inclusive News","publisher":{"@id":"https:\/\/inclusivenews.com.br\/#organization"},"potentialAction":[{"@type":"SearchAction","target":{"@type":"EntryPoint","urlTemplate":"https:\/\/inclusivenews.com.br\/?s={search_term_string}"},"query-input":{"@type":"PropertyValueSpecification","valueRequired":true,"valueName":"search_term_string"}}],"inLanguage":"pt-PT"},{"@type":"Organization","@id":"https:\/\/inclusivenews.com.br\/#organization","name":"Inclusive - inclus\u00e3o e cidadania","url":"https:\/\/inclusivenews.com.br\/","logo":{"@type":"ImageObject","inLanguage":"pt-PT","@id":"https:\/\/inclusivenews.com.br\/#\/schema\/logo\/image\/","url":"https:\/\/inclusivenews.com.br\/wp-content\/uploads\/2024\/03\/@grandesite.png","contentUrl":"https:\/\/inclusivenews.com.br\/wp-content\/uploads\/2024\/03\/@grandesite.png","width":1080,"height":1080,"caption":"Inclusive - inclus\u00e3o e cidadania"},"image":{"@id":"https:\/\/inclusivenews.com.br\/#\/schema\/logo\/image\/"},"sameAs":["https:\/\/www.facebook.com\/agenciainclusive\/","https:\/\/www.instagram.com\/newsinclusive\/"]},{"@type":"Person","@id":"https:\/\/inclusivenews.com.br\/#\/schema\/person\/0dab492019871b94abb65fa8ee7c8c44","name":"Inclusive","image":{"@type":"ImageObject","inLanguage":"pt-PT","@id":"https:\/\/secure.gravatar.com\/avatar\/?s=96&d=mm&r=g","url":"https:\/\/secure.gravatar.com\/avatar\/?s=96&d=mm&r=g","contentUrl":"https:\/\/secure.gravatar.com\/avatar\/?s=96&d=mm&r=g","caption":"Inclusive"},"url":"https:\/\/inclusivenews.com.br\/?author=2"}]}},"_links":{"self":[{"href":"https:\/\/inclusivenews.com.br\/index.php?rest_route=\/wp\/v2\/posts\/32428","targetHints":{"allow":["GET"]}}],"collection":[{"href":"https:\/\/inclusivenews.com.br\/index.php?rest_route=\/wp\/v2\/posts"}],"about":[{"href":"https:\/\/inclusivenews.com.br\/index.php?rest_route=\/wp\/v2\/types\/post"}],"author":[{"embeddable":true,"href":"https:\/\/inclusivenews.com.br\/index.php?rest_route=\/wp\/v2\/users\/2"}],"replies":[{"embeddable":true,"href":"https:\/\/inclusivenews.com.br\/index.php?rest_route=%2Fwp%2Fv2%2Fcomments&post=32428"}],"version-history":[{"count":0,"href":"https:\/\/inclusivenews.com.br\/index.php?rest_route=\/wp\/v2\/posts\/32428\/revisions"}],"wp:featuredmedia":[{"embeddable":true,"href":"https:\/\/inclusivenews.com.br\/index.php?rest_route=\/"}],"wp:attachment":[{"href":"https:\/\/inclusivenews.com.br\/index.php?rest_route=%2Fwp%2Fv2%2Fmedia&parent=32428"}],"wp:term":[{"taxonomy":"category","embeddable":true,"href":"https:\/\/inclusivenews.com.br\/index.php?rest_route=%2Fwp%2Fv2%2Fcategories&post=32428"},{"taxonomy":"post_tag","embeddable":true,"href":"https:\/\/inclusivenews.com.br\/index.php?rest_route=%2Fwp%2Fv2%2Ftags&post=32428"}],"curies":[{"name":"wp","href":"https:\/\/api.w.org\/{rel}","templated":true}]}}