{"id":32442,"date":"2022-12-08T17:26:45","date_gmt":"2022-12-08T20:26:45","guid":{"rendered":"http:\/\/www.inclusive.org.br\/?p=32442"},"modified":"2022-12-08T17:26:45","modified_gmt":"2022-12-08T20:26:45","slug":"liderancas-do-movimento-das-pessoas-com-deficiencia-apoiam-anna-paula-feminella-para-secretaria-nacional","status":"publish","type":"post","link":"https:\/\/inclusivenews.com.br\/?p=32442","title":{"rendered":"Lideran\u00e7as do movimento das pessoas com defici\u00eancia apoiam Anna Paula Feminella para secretaria nacional"},"content":{"rendered":"<p><a href=\"http:\/\/www.inclusive.org.br\/arquivos\/32442\/anna\" rel=\"attachment wp-att-32443\"><img loading=\"lazy\" decoding=\"async\" class=\"alignnone size-medium wp-image-32443\" src=\"http:\/\/inclusivenews.com.br\/wp-content\/uploads\/anna-300x197.jpeg\" alt=\"foto de anna paula em cadeira de rodas, falando ao microfone\" width=\"300\" height=\"197\" \/><\/a><\/p>\n<p>Em meio \u00e0s discuss\u00f5es\u00a0de\u00a0cargos e minist\u00e9rios no futuro governo Lula e Alckmin, lideran\u00e7as\u00a0das pautas de direitos humanos especialmente em rela\u00e7\u00e3o \u00e0s pessoas com defici\u00eancia, v\u00eam defendendo o nome\u00a0de Anna Paula Feminella para ocupar a Secretaria Nacional dos Direitos das Pessoas com Defici\u00eancia.<\/p>\n<p>O nome da catarinense\u00a0 tem circulado em mensagens de grupos de WhatsApp, sendo muito festejado entre ativistas da causa.<\/p>\n<p>Especialista em Gest\u00e3o P\u00fablica pela Escola Nacional de Administra\u00e7\u00e3o P\u00fablica, Anna Paula Feminella \u00e9 cadeirante, ativista de Direitos Humanos desde os anos 90, feminista, pesquisadora e servidora p\u00fablica. No governo Dilma, trabalhou na Secretaria-Geral da Presid\u00eancia da Rep\u00fablica coordenando o Programa de Inclus\u00e3o de Pessoas com Defici\u00eancia e participou da avalia\u00e7\u00e3o e monitoramento do Plano Viver Sem Limite.\u00a0Na Escola Nacional de Administra\u00e7\u00e3o P\u00fablica\u00a0contribuiu para a institui\u00e7\u00e3o do Programa de Inclus\u00e3o de Pessoas com Defici\u00eancia da Enap\u00a0e colabora com a capacita\u00e7\u00e3o de servidores p\u00fablicos sobre gest\u00e3o inclusiva de pessoas com defici\u00eancia na administra\u00e7\u00e3o p\u00fablica, planejando eventos de capacita\u00e7\u00e3o, ministrando cursos, palestras e elaborando conte\u00fados nas \u00e1reas.<\/p>\n<p>&nbsp;<\/p>\n<div><\/div>\n<div><\/div>\n<div>Nos \u00faltimos anos criou e coordena a rede informal de Inclus\u00e3o na Administra\u00e7\u00e3o P\u00fablica e tornou-se pesquisadora da Funda\u00e7\u00e3o Oswaldo Cruz\u00a0no projeto de Aten\u00e7\u00e3o Prim\u00e1ria \u00e0 Sa\u00fade das Pessoas com Defici\u00eancia. \u00c9 coautora do livro \u201cLei Brasileira de Inclus\u00e3o de Pessoas com Defici\u00eancia Comentada\u201d, organizado pela Feac: Campinas, 2017, entre v\u00e1rias outras publica\u00e7\u00f5es.<\/div>\n<div><\/div>\n<div>A Secretaria Nacional dos Direitos das Pessoas com defici\u00eancia sempre\u00a0teve\u00a0titulares com defici\u00eancia. Atualmente \u00e9\u00a0ocupada por Claudio Panoeiro, advogado cego.<\/div>\n<div><\/div>\n<div>\n<\/div>\n<p>&nbsp;<\/p>\n<p>&nbsp;<\/p>\n","protected":false},"excerpt":{"rendered":"<p>Em meio \u00e0s discuss\u00f5es\u00a0de\u00a0cargos e minist\u00e9rios no futuro governo Lula e Alckmin, lideran\u00e7as\u00a0das pautas de direitos humanos especialmente em rela\u00e7\u00e3o \u00e0s pessoas com defici\u00eancia, v\u00eam defendendo o nome\u00a0de Anna Paula Feminella para ocupar a Secretaria Nacional dos Direitos das Pessoas com Defici\u00eancia. O nome da catarinense\u00a0 tem circulado em mensagens de grupos de WhatsApp, sendo [&hellip;]<\/p>\n","protected":false},"author":2,"featured_media":32443,"comment_status":"open","ping_status":"open","sticky":false,"template":"","format":"standard","meta":{"site-container-style":"default","site-container-layout":"default","site-sidebar-layout":"default","disable-article-header":"default","disable-site-header":"default","disable-site-footer":"default","disable-content-area-spacing":"default","footnotes":""},"categories":[38],"tags":[],"class_list":["post-32442","post","type-post","status-publish","format-standard","has-post-thumbnail","hentry","category-deficiencia"],"yoast_head":"<!-- This site is optimized with the Yoast SEO plugin v27.4 - https:\/\/yoast.com\/product\/yoast-seo-wordpress\/ -->\n<title>Lideran\u00e7as do movimento das pessoas com defici\u00eancia apoiam Anna Paula Feminella para secretaria nacional -<\/title>\n<meta name=\"robots\" content=\"index, follow, max-snippet:-1, max-image-preview:large, max-video-preview:-1\" \/>\n<link rel=\"canonical\" href=\"https:\/\/inclusivenews.com.br\/?p=32442\" \/>\n<meta property=\"og:locale\" content=\"pt_PT\" \/>\n<meta property=\"og:type\" content=\"article\" \/>\n<meta property=\"og:title\" content=\"Lideran\u00e7as do movimento das pessoas com defici\u00eancia apoiam Anna Paula Feminella para secretaria nacional -\" \/>\n<meta property=\"og:description\" content=\"Em meio \u00e0s discuss\u00f5es\u00a0de\u00a0cargos e minist\u00e9rios no futuro governo Lula e Alckmin, lideran\u00e7as\u00a0das pautas de direitos humanos especialmente em rela\u00e7\u00e3o \u00e0s pessoas com defici\u00eancia, v\u00eam defendendo o nome\u00a0de Anna Paula Feminella para ocupar a Secretaria Nacional dos Direitos das Pessoas com Defici\u00eancia. O nome da catarinense\u00a0 tem circulado em mensagens de grupos de WhatsApp, sendo [&hellip;]\" \/>\n<meta property=\"og:url\" content=\"https:\/\/inclusivenews.com.br\/?p=32442\" \/>\n<meta property=\"article:publisher\" content=\"https:\/\/www.facebook.com\/agenciainclusive\/\" \/>\n<meta property=\"article:published_time\" content=\"2022-12-08T20:26:45+00:00\" \/>\n<meta name=\"author\" content=\"Inclusive\" \/>\n<meta name=\"twitter:card\" content=\"summary_large_image\" \/>\n<meta name=\"twitter:label1\" content=\"Escrito por\" \/>\n\t<meta name=\"twitter:data1\" content=\"Inclusive\" \/>\n\t<meta name=\"twitter:label2\" content=\"Tempo estimado de leitura\" \/>\n\t<meta name=\"twitter:data2\" content=\"1 minuto\" \/>\n<script type=\"application\/ld+json\" class=\"yoast-schema-graph\">{\"@context\":\"https:\\\/\\\/schema.org\",\"@graph\":[{\"@type\":\"Article\",\"@id\":\"https:\\\/\\\/inclusivenews.com.br\\\/?p=32442#article\",\"isPartOf\":{\"@id\":\"https:\\\/\\\/inclusivenews.com.br\\\/?p=32442\"},\"author\":{\"name\":\"Inclusive\",\"@id\":\"https:\\\/\\\/inclusivenews.com.br\\\/#\\\/schema\\\/person\\\/0dab492019871b94abb65fa8ee7c8c44\"},\"headline\":\"Lideran\u00e7as do movimento das pessoas com defici\u00eancia apoiam Anna Paula Feminella para secretaria nacional\",\"datePublished\":\"2022-12-08T20:26:45+00:00\",\"mainEntityOfPage\":{\"@id\":\"https:\\\/\\\/inclusivenews.com.br\\\/?p=32442\"},\"wordCount\":306,\"commentCount\":1,\"publisher\":{\"@id\":\"https:\\\/\\\/inclusivenews.com.br\\\/#organization\"},\"image\":{\"@id\":\"https:\\\/\\\/inclusivenews.com.br\\\/?p=32442#primaryimage\"},\"thumbnailUrl\":\"\",\"articleSection\":[\"Defici\u00eancia\"],\"inLanguage\":\"pt-PT\",\"potentialAction\":[{\"@type\":\"CommentAction\",\"name\":\"Comment\",\"target\":[\"https:\\\/\\\/inclusivenews.com.br\\\/?p=32442#respond\"]}]},{\"@type\":\"WebPage\",\"@id\":\"https:\\\/\\\/inclusivenews.com.br\\\/?p=32442\",\"url\":\"https:\\\/\\\/inclusivenews.com.br\\\/?p=32442\",\"name\":\"Lideran\u00e7as do movimento das pessoas com defici\u00eancia apoiam Anna Paula Feminella para secretaria nacional -\",\"isPartOf\":{\"@id\":\"https:\\\/\\\/inclusivenews.com.br\\\/#website\"},\"primaryImageOfPage\":{\"@id\":\"https:\\\/\\\/inclusivenews.com.br\\\/?p=32442#primaryimage\"},\"image\":{\"@id\":\"https:\\\/\\\/inclusivenews.com.br\\\/?p=32442#primaryimage\"},\"thumbnailUrl\":\"\",\"datePublished\":\"2022-12-08T20:26:45+00:00\",\"breadcrumb\":{\"@id\":\"https:\\\/\\\/inclusivenews.com.br\\\/?p=32442#breadcrumb\"},\"inLanguage\":\"pt-PT\",\"potentialAction\":[{\"@type\":\"ReadAction\",\"target\":[\"https:\\\/\\\/inclusivenews.com.br\\\/?p=32442\"]}]},{\"@type\":\"ImageObject\",\"inLanguage\":\"pt-PT\",\"@id\":\"https:\\\/\\\/inclusivenews.com.br\\\/?p=32442#primaryimage\",\"url\":\"\",\"contentUrl\":\"\"},{\"@type\":\"BreadcrumbList\",\"@id\":\"https:\\\/\\\/inclusivenews.com.br\\\/?p=32442#breadcrumb\",\"itemListElement\":[{\"@type\":\"ListItem\",\"position\":1,\"name\":\"In\u00edcio\",\"item\":\"https:\\\/\\\/inclusivenews.com.br\\\/\"},{\"@type\":\"ListItem\",\"position\":2,\"name\":\"Lideran\u00e7as do movimento das pessoas com defici\u00eancia apoiam Anna Paula Feminella para secretaria nacional\"}]},{\"@type\":\"WebSite\",\"@id\":\"https:\\\/\\\/inclusivenews.com.br\\\/#website\",\"url\":\"https:\\\/\\\/inclusivenews.com.br\\\/\",\"name\":\"Inclusive News\",\"description\":\"Inclusive News\",\"publisher\":{\"@id\":\"https:\\\/\\\/inclusivenews.com.br\\\/#organization\"},\"potentialAction\":[{\"@type\":\"SearchAction\",\"target\":{\"@type\":\"EntryPoint\",\"urlTemplate\":\"https:\\\/\\\/inclusivenews.com.br\\\/?s={search_term_string}\"},\"query-input\":{\"@type\":\"PropertyValueSpecification\",\"valueRequired\":true,\"valueName\":\"search_term_string\"}}],\"inLanguage\":\"pt-PT\"},{\"@type\":\"Organization\",\"@id\":\"https:\\\/\\\/inclusivenews.com.br\\\/#organization\",\"name\":\"Inclusive - inclus\u00e3o e cidadania\",\"url\":\"https:\\\/\\\/inclusivenews.com.br\\\/\",\"logo\":{\"@type\":\"ImageObject\",\"inLanguage\":\"pt-PT\",\"@id\":\"https:\\\/\\\/inclusivenews.com.br\\\/#\\\/schema\\\/logo\\\/image\\\/\",\"url\":\"https:\\\/\\\/inclusivenews.com.br\\\/wp-content\\\/uploads\\\/2024\\\/03\\\/@grandesite.png\",\"contentUrl\":\"https:\\\/\\\/inclusivenews.com.br\\\/wp-content\\\/uploads\\\/2024\\\/03\\\/@grandesite.png\",\"width\":1080,\"height\":1080,\"caption\":\"Inclusive - inclus\u00e3o e cidadania\"},\"image\":{\"@id\":\"https:\\\/\\\/inclusivenews.com.br\\\/#\\\/schema\\\/logo\\\/image\\\/\"},\"sameAs\":[\"https:\\\/\\\/www.facebook.com\\\/agenciainclusive\\\/\",\"https:\\\/\\\/www.instagram.com\\\/newsinclusive\\\/\"]},{\"@type\":\"Person\",\"@id\":\"https:\\\/\\\/inclusivenews.com.br\\\/#\\\/schema\\\/person\\\/0dab492019871b94abb65fa8ee7c8c44\",\"name\":\"Inclusive\",\"image\":{\"@type\":\"ImageObject\",\"inLanguage\":\"pt-PT\",\"@id\":\"https:\\\/\\\/secure.gravatar.com\\\/avatar\\\/?s=96&d=mm&r=g\",\"url\":\"https:\\\/\\\/secure.gravatar.com\\\/avatar\\\/?s=96&d=mm&r=g\",\"contentUrl\":\"https:\\\/\\\/secure.gravatar.com\\\/avatar\\\/?s=96&d=mm&r=g\",\"caption\":\"Inclusive\"},\"url\":\"https:\\\/\\\/inclusivenews.com.br\\\/?author=2\"}]}<\/script>\n<!-- \/ Yoast SEO plugin. -->","yoast_head_json":{"title":"Lideran\u00e7as do movimento das pessoas com defici\u00eancia apoiam Anna Paula Feminella para secretaria nacional -","robots":{"index":"index","follow":"follow","max-snippet":"max-snippet:-1","max-image-preview":"max-image-preview:large","max-video-preview":"max-video-preview:-1"},"canonical":"https:\/\/inclusivenews.com.br\/?p=32442","og_locale":"pt_PT","og_type":"article","og_title":"Lideran\u00e7as do movimento das pessoas com defici\u00eancia apoiam Anna Paula Feminella para secretaria nacional -","og_description":"Em meio \u00e0s discuss\u00f5es\u00a0de\u00a0cargos e minist\u00e9rios no futuro governo Lula e Alckmin, lideran\u00e7as\u00a0das pautas de direitos humanos especialmente em rela\u00e7\u00e3o \u00e0s pessoas com defici\u00eancia, v\u00eam defendendo o nome\u00a0de Anna Paula Feminella para ocupar a Secretaria Nacional dos Direitos das Pessoas com Defici\u00eancia. O nome da catarinense\u00a0 tem circulado em mensagens de grupos de WhatsApp, sendo [&hellip;]","og_url":"https:\/\/inclusivenews.com.br\/?p=32442","article_publisher":"https:\/\/www.facebook.com\/agenciainclusive\/","article_published_time":"2022-12-08T20:26:45+00:00","author":"Inclusive","twitter_card":"summary_large_image","twitter_misc":{"Escrito por":"Inclusive","Tempo estimado de leitura":"1 minuto"},"schema":{"@context":"https:\/\/schema.org","@graph":[{"@type":"Article","@id":"https:\/\/inclusivenews.com.br\/?p=32442#article","isPartOf":{"@id":"https:\/\/inclusivenews.com.br\/?p=32442"},"author":{"name":"Inclusive","@id":"https:\/\/inclusivenews.com.br\/#\/schema\/person\/0dab492019871b94abb65fa8ee7c8c44"},"headline":"Lideran\u00e7as do movimento das pessoas com defici\u00eancia apoiam Anna Paula Feminella para secretaria nacional","datePublished":"2022-12-08T20:26:45+00:00","mainEntityOfPage":{"@id":"https:\/\/inclusivenews.com.br\/?p=32442"},"wordCount":306,"commentCount":1,"publisher":{"@id":"https:\/\/inclusivenews.com.br\/#organization"},"image":{"@id":"https:\/\/inclusivenews.com.br\/?p=32442#primaryimage"},"thumbnailUrl":"","articleSection":["Defici\u00eancia"],"inLanguage":"pt-PT","potentialAction":[{"@type":"CommentAction","name":"Comment","target":["https:\/\/inclusivenews.com.br\/?p=32442#respond"]}]},{"@type":"WebPage","@id":"https:\/\/inclusivenews.com.br\/?p=32442","url":"https:\/\/inclusivenews.com.br\/?p=32442","name":"Lideran\u00e7as do movimento das pessoas com defici\u00eancia apoiam Anna Paula Feminella para secretaria nacional -","isPartOf":{"@id":"https:\/\/inclusivenews.com.br\/#website"},"primaryImageOfPage":{"@id":"https:\/\/inclusivenews.com.br\/?p=32442#primaryimage"},"image":{"@id":"https:\/\/inclusivenews.com.br\/?p=32442#primaryimage"},"thumbnailUrl":"","datePublished":"2022-12-08T20:26:45+00:00","breadcrumb":{"@id":"https:\/\/inclusivenews.com.br\/?p=32442#breadcrumb"},"inLanguage":"pt-PT","potentialAction":[{"@type":"ReadAction","target":["https:\/\/inclusivenews.com.br\/?p=32442"]}]},{"@type":"ImageObject","inLanguage":"pt-PT","@id":"https:\/\/inclusivenews.com.br\/?p=32442#primaryimage","url":"","contentUrl":""},{"@type":"BreadcrumbList","@id":"https:\/\/inclusivenews.com.br\/?p=32442#breadcrumb","itemListElement":[{"@type":"ListItem","position":1,"name":"In\u00edcio","item":"https:\/\/inclusivenews.com.br\/"},{"@type":"ListItem","position":2,"name":"Lideran\u00e7as do movimento das pessoas com defici\u00eancia apoiam Anna Paula Feminella para secretaria nacional"}]},{"@type":"WebSite","@id":"https:\/\/inclusivenews.com.br\/#website","url":"https:\/\/inclusivenews.com.br\/","name":"Inclusive News","description":"Inclusive News","publisher":{"@id":"https:\/\/inclusivenews.com.br\/#organization"},"potentialAction":[{"@type":"SearchAction","target":{"@type":"EntryPoint","urlTemplate":"https:\/\/inclusivenews.com.br\/?s={search_term_string}"},"query-input":{"@type":"PropertyValueSpecification","valueRequired":true,"valueName":"search_term_string"}}],"inLanguage":"pt-PT"},{"@type":"Organization","@id":"https:\/\/inclusivenews.com.br\/#organization","name":"Inclusive - inclus\u00e3o e cidadania","url":"https:\/\/inclusivenews.com.br\/","logo":{"@type":"ImageObject","inLanguage":"pt-PT","@id":"https:\/\/inclusivenews.com.br\/#\/schema\/logo\/image\/","url":"https:\/\/inclusivenews.com.br\/wp-content\/uploads\/2024\/03\/@grandesite.png","contentUrl":"https:\/\/inclusivenews.com.br\/wp-content\/uploads\/2024\/03\/@grandesite.png","width":1080,"height":1080,"caption":"Inclusive - inclus\u00e3o e cidadania"},"image":{"@id":"https:\/\/inclusivenews.com.br\/#\/schema\/logo\/image\/"},"sameAs":["https:\/\/www.facebook.com\/agenciainclusive\/","https:\/\/www.instagram.com\/newsinclusive\/"]},{"@type":"Person","@id":"https:\/\/inclusivenews.com.br\/#\/schema\/person\/0dab492019871b94abb65fa8ee7c8c44","name":"Inclusive","image":{"@type":"ImageObject","inLanguage":"pt-PT","@id":"https:\/\/secure.gravatar.com\/avatar\/?s=96&d=mm&r=g","url":"https:\/\/secure.gravatar.com\/avatar\/?s=96&d=mm&r=g","contentUrl":"https:\/\/secure.gravatar.com\/avatar\/?s=96&d=mm&r=g","caption":"Inclusive"},"url":"https:\/\/inclusivenews.com.br\/?author=2"}]}},"_links":{"self":[{"href":"https:\/\/inclusivenews.com.br\/index.php?rest_route=\/wp\/v2\/posts\/32442","targetHints":{"allow":["GET"]}}],"collection":[{"href":"https:\/\/inclusivenews.com.br\/index.php?rest_route=\/wp\/v2\/posts"}],"about":[{"href":"https:\/\/inclusivenews.com.br\/index.php?rest_route=\/wp\/v2\/types\/post"}],"author":[{"embeddable":true,"href":"https:\/\/inclusivenews.com.br\/index.php?rest_route=\/wp\/v2\/users\/2"}],"replies":[{"embeddable":true,"href":"https:\/\/inclusivenews.com.br\/index.php?rest_route=%2Fwp%2Fv2%2Fcomments&post=32442"}],"version-history":[{"count":0,"href":"https:\/\/inclusivenews.com.br\/index.php?rest_route=\/wp\/v2\/posts\/32442\/revisions"}],"wp:featuredmedia":[{"embeddable":true,"href":"https:\/\/inclusivenews.com.br\/index.php?rest_route=\/"}],"wp:attachment":[{"href":"https:\/\/inclusivenews.com.br\/index.php?rest_route=%2Fwp%2Fv2%2Fmedia&parent=32442"}],"wp:term":[{"taxonomy":"category","embeddable":true,"href":"https:\/\/inclusivenews.com.br\/index.php?rest_route=%2Fwp%2Fv2%2Fcategories&post=32442"},{"taxonomy":"post_tag","embeddable":true,"href":"https:\/\/inclusivenews.com.br\/index.php?rest_route=%2Fwp%2Fv2%2Ftags&post=32442"}],"curies":[{"name":"wp","href":"https:\/\/api.w.org\/{rel}","templated":true}]}}