{"id":32480,"date":"2023-01-31T14:35:35","date_gmt":"2023-01-31T17:35:35","guid":{"rendered":"http:\/\/www.inclusive.org.br\/?p=32480"},"modified":"2023-01-31T14:35:35","modified_gmt":"2023-01-31T17:35:35","slug":"32480","status":"publish","type":"post","link":"https:\/\/inclusivenews.com.br\/?p=32480","title":{"rendered":"Guias da Fiocruz trazem dicas pr\u00e1ticas para comunica\u00e7\u00e3o acess\u00edvel"},"content":{"rendered":"<p><a href=\"http:\/\/www.inclusive.org.br\/arquivos\/32480\/dois-guias-quadrado\" rel=\"attachment wp-att-32484\"><img loading=\"lazy\" decoding=\"async\" class=\"alignnone size-medium wp-image-32484\" src=\"http:\/\/inclusivenews.com.br\/wp-content\/uploads\/dois-guias-quadrado-300x277.jpeg\" alt=\"dois guias de acessibilidade na comunica\u00e7\u00e3o.\" width=\"300\" height=\"277\" \/><\/a><\/p>\n<p><em>Descri\u00e7\u00e3o da imagem: dois guias de acessibilidade na comunica\u00e7\u00e3o.<\/em><\/p>\n<p>A Escola Nacional de Sa\u00fade P\u00fablica Sergio Arouca (Ensp\/Fiocruz)\u00a0lan\u00e7ou\u00a0dois guias\u00a0de comunica\u00e7\u00e3o acess\u00edvel para melhorar a aten\u00e7\u00e3o \u00e0 sa\u00fade \u00e0s pessoas com defici\u00eancia e para todos os brasileiros. Um dos guias \u00e9 em cordel.<\/p>\n<p>Os\u00a0guias t\u00eam\u00a0vers\u00e3o digital, com \u00e1udiodescri\u00e7\u00e3o, linguagem simples, tradu\u00e7\u00e3o em libras e arquivo em PDF acess\u00edvel (acesse nos links mais abaixo).<\/p>\n<p>As publica\u00e7\u00f5es\u00a0forma criadas em linguagem simples e trazem orienta\u00e7\u00f5es pr\u00e1ticas e objetivas, mas fundamentais para que o\u00a0SUS &#8211; Sistema \u00danico de Sa\u00fade &#8211; seja de fato \u201cde\u201d e \u201cpara\u201d todas as pessoas. Trazem tamb\u00e9m informa\u00e7\u00f5es sobre o uso correto de palavras para se referir \u00e0s pessoas com defici\u00eancia.<\/p>\n<p><strong>Os guias<\/strong><\/p>\n<p>Os guias cabem no bolso\u00a0e n\u00e3o demandam mais de dois minutos para acessar orienta\u00e7\u00f5es voltadas \u00e0 elimina\u00e7\u00e3o de barreiras \u00e0 participa\u00e7\u00e3o das pessoas com defici\u00eancia em reuni\u00f5es virtuais ou presenciais, em documentos escritos digitais, na apresenta\u00e7\u00e3o de slides ou ainda em grupos de mensagem, al\u00e9m de prover o letramento sobre terminologia n\u00e3o capacitista.<\/p>\n<p>Segundo a coordenadora da pesquisa, Lais Costa, h\u00e1 relatos na literatura cient\u00edfica da utiliza\u00e7\u00e3o do cordel como uma ferramenta para letramento em sa\u00fade por parte da popula\u00e7\u00e3o. O guia em cordel, desenvolvido pelo cordelista Edson Oliveira, com xilogravuras do Nonato Ara\u00fajo, j\u00e1 se encontra na sua segunda tiragem e tem se disseminado em p\u00fablico que tradicionalmente n\u00e3o costuma atentar para as quest\u00f5es relativas \u00e0 exclus\u00e3o da pessoa com defici\u00eancia &#8211; dado o capacitismo ser um preconceito estrutural naturalizado em nossa sociedade, explicou a pesquisadora.<\/p>\n<p>O material foi produzido\u00a0colaborativamente, a partir de encontros com pessoas com e sem defici\u00eancia, e coordenado por La\u00eds Costa, pesquisadora da Ensp, junto com o pesquisador do IdeiaSUS Annibal Amorim, al\u00e9m da doutoranda Sonia Gertner, e das bolsistas Carolina Aguilar da Costa e Bianca Soares Ramos.<\/p>\n<p>Os coordenadores locais do projeto s\u00e3o Alisson Azevedo, da UFG, Anna Feminella, da Enap, e agora Secret\u00e1ria Nacional dos Direitos das Pessoas com Defici\u00eancia, Cinthya Freitas, da Uerj e Luciana Lindenmeyer, da Fiocruz Cear\u00e1.<\/p>\n<p>Por ser em linguagem simples, n\u00e3o somente \u00e9 acess\u00edvel a pessoas com defici\u00eancia intelectual mais severa, como tende a beneficiar aproximadamente 90% da popula\u00e7\u00e3o brasileira, dada a precariedade do sistema p\u00fablico educacional nacional. \u00c9 um produto desenhado para favorecer a democratiza\u00e7\u00e3o da informa\u00e7\u00e3o.<\/p>\n<p>Os dois guias foram desenvolvidos com o apoio do Programa de Pol\u00edticas P\u00fablicas, Modelos de Aten\u00e7\u00e3o e Gest\u00e3o do Sistema e Servi\u00e7os de Sa\u00fade (PMA) da Vice-Presid\u00eancia de Pesquisa e Cole\u00e7\u00f5es Biol\u00f3gicas (VPPCB\/Fiocruz).<\/p>\n<p>O projeto foi contemplado\u00a0por\u00a0edital &#8211; lan\u00e7ado em 2020 &#8211; em reconhecimento \u00e0s condi\u00e7\u00f5es desiguais de acesso a recursos para a pesquisa para grupos e temas cuja hist\u00f3rica invisibiliza\u00e7\u00e3o tem perenizado uma estrutura social excludente e materializado o acesso\u00a0desigual ao SUS.<\/p>\n<p>Segundo La\u00eds, os guias foram desenvolvidos a muitas m\u00e3os e institui\u00e7\u00f5es, de autoria compartilhada, o que favorece a apropria\u00e7\u00e3o de seu conte\u00fado. Assim, inovam n\u00e3o somente no formato, como na forma em que foram produzidos e ser\u00e3o distribu\u00eddos, a partir de uma s\u00e9rie de parcerias que t\u00eam otimizado recursos p\u00fablicos diversos.<\/p>\n<p><a href=\"http:\/\/www.inclusive.org.br\/arquivos\/32480\/guia-de-acessibilidade\" rel=\"attachment wp-att-32481\"><img loading=\"lazy\" decoding=\"async\" class=\"alignnone size-medium wp-image-32481\" src=\"http:\/\/inclusivenews.com.br\/wp-content\/uploads\/Guia-de-acessibilidade-225x300.jpeg\" alt=\"mo\u00e7a negra com s\u00edndrome de Down, com fone de ouvido, usando laptop. \" width=\"225\" height=\"300\" \/><\/a><\/p>\n<p>Descri\u00e7\u00e3o da imagem: capa do guia de acessibilidade na comunica\u00e7\u00e3o. Ilustra\u00e7\u00e3o de mo\u00e7a negra, com s\u00edndrome de Down, usando fones e acessando um laptop. Texto: Guia de Acessibilidade na Comunica\u00e7\u00e3o. Acessibilidade na comunica\u00e7\u00e3o para a aten\u00e7\u00e3o integral \u00e0 sa\u00fade das pessoas com defici\u00eancia.<\/p>\n<p>Guia de Acessibilidade na Comunica\u00e7\u00e3o &#8211;\u00a0ACESSIBILIDADE NA COMUNICA\u00c7\u00c3O PARA ATEN\u00c7\u00c3O INTEGRAL \u00c0 SA\u00daDE DAS PESSOAS COM DEFICI\u00caNCIAS<\/p>\n<p>PDF:<\/p>\n<p><a href=\"https:\/\/www.arca.fiocruz.br\/handle\/icict\/53473\">https:\/\/www.arca.fiocruz.br\/handle\/icict\/53473<\/a><\/p>\n<p>Este Guia de acessibilidade na Comunica\u00e7\u00e3o oferece orienta\u00e7\u00f5es sobre acessibilidade comunicacional, garantida pela Lei Brasileira de Inclus\u00e3o (lei 13.146\/2015), visando a inclus\u00e3o das pessoas com defici\u00eancia. Particularmente eventos e produ\u00e7\u00f5es bibliogr\u00e1ficas promovidos, elaborados ou financiados pelo setor p\u00fablico ficam obrigados a respeitar as condi\u00e7\u00f5es de acessibilidade. Este Guia encontra-se acess\u00edvel na L\u00edngua Brasileira de Sinais e contem audiodescri\u00e7\u00e3o de todas as imagens. H\u00e1 tamb\u00e9m previs\u00e3o de publica\u00e7\u00e3o de vers\u00e3o em braile.<\/p>\n<p><a href=\"http:\/\/www.inclusive.org.br\/arquivos\/32480\/guia-de-acessibilidade-cordel\" rel=\"attachment wp-att-32482\"><img loading=\"lazy\" decoding=\"async\" class=\"alignnone size-medium wp-image-32482\" src=\"http:\/\/inclusivenews.com.br\/wp-content\/uploads\/Guia-de-acessibilidade-cordel-225x300.jpeg\" alt=\"capa do guia de acessibilidade na comunica\u00e7\u00e3o. desenho em cordel do pr\u00e9dio da Fiocruz, parecido com um castelo.\" width=\"225\" height=\"300\" \/><\/a><\/p>\n<p><em>Descri\u00e7\u00e3o da imagem: capa do guia de acessibilidade na comunica\u00e7\u00e3o em cordel. Ilustra\u00e7\u00e3o em estilo cordel do pr\u00e9dio da Fiocruz, em formato de castelo. Texto: Guia de Acessibilidade na Comunica\u00e7\u00e3o. Acessibilidade na comunica\u00e7\u00e3o para a aten\u00e7\u00e3o integral \u00e0 sa\u00fade das pessoas com defici\u00eancia.<\/em><\/p>\n<p>Guia de Acessibilidade na Comunica\u00e7\u00e3o em Cordel &#8211;\u00a0ACESSIBILIDADE NA COMUNICA\u00c7\u00c3O PARA ATEN\u00c7\u00c3O INTEGRAL \u00c0 SA\u00daDE DAS PESSOAS COM DEFICI\u00caNCIAS<\/p>\n<p>PDF:<\/p>\n<p><a href=\"https:\/\/www.arca.fiocruz.br\/handle\/icict\/53474\">https:\/\/www.arca.fiocruz.br\/handle\/icict\/53474<\/a><\/p>\n<p>Este Guia de acessibilidade na Comunica\u00e7\u00e3o, apresentado na forma de literatura de cordel, oferece orienta\u00e7\u00f5es sobre acessibilidade comunicacional, garantida pela Lei Brasileira de Inclus\u00e3o (lei 13.146\/2015), visando a inclus\u00e3o das pessoas com defici\u00eancia. Particularmente eventos e produ\u00e7\u00f5es bibliogr\u00e1ficas promovidos, elaborados ou financiados pelo setor p\u00fablico ficam obrigados a respeitar as condi\u00e7\u00f5es de acessibilidade. Este Guia encontra-se acess\u00edvel na L\u00edngua Brasileira de Sinais e contem audiodescri\u00e7\u00e3o de todas as imagens. Publicado tamb\u00e9m em vers\u00e3o impressa e bem braile<\/p>\n<p>Fonte:\u00a0<a href=\"https:\/\/portal.fiocruz.br\/noticia\/fiocruz-lanca-guias-que-estimulam-comunicacao-acessivel\">https:\/\/portal.fiocruz.br\/noticia\/fiocruz-lanca-guias-que-estimulam-comunicacao-acessivel<\/a><\/p>\n<p>&nbsp;<\/p>\n<p>Al\u00e9m dos guias, tamb\u00e9m foram produzidos cartazes com algumas das recomenda\u00e7\u00f5es sobre acessibilidade comunicacional.<\/p>\n<p><strong>Cartazes<\/strong><\/p>\n<p>&nbsp;<\/p>\n<p><a href=\"http:\/\/www.inclusive.org.br\/arquivos\/32480\/uso-das-palavras\" rel=\"attachment wp-att-32489\"><img loading=\"lazy\" decoding=\"async\" class=\"alignnone size-medium wp-image-32489\" src=\"http:\/\/inclusivenews.com.br\/wp-content\/uploads\/uso-das-palavras-225x300.jpeg\" alt=\"uso das palavras\" width=\"225\" height=\"300\" \/><\/a><\/p>\n<p>Descri\u00e7\u00e3o da imagem: mulher negra em cadeira de rodas e homem branco, ajoelhado a seu lado, com o rosto pr\u00f3ximo ao seu. Texto: USO DAS PALAVRAS. COMO CHAMAR A PESSOA COM DEFICI\u00caNCIA.<\/p>\n<p>CERTO<\/p>\n<p>Usar &#8220;pessoa&#8221; antes da defici\u00eancia ou outra caracter\u00edstica.<\/p>\n<p>Exemplos: &#8220;pessoa cega&#8221;, &#8220;pessoa surda&#8221;, &#8220;pessoa com s\u00edndrome de Down&#8221;, &#8220;pessoa cadeirante&#8221;.<\/p>\n<p>ERRADO<\/p>\n<p>Usar &#8220;deficiente&#8221;, &#8220;portador de (defici\u00eancia, necessidades especiais&#8230;)&#8221;, PcD.<\/p>\n<p>Usar palavras ofensivas e preconceituosas: &#8220;inv\u00e1lido&#8221;, &#8220;excepcional&#8221;, &#8220;retardado&#8221;, &#8220;doente&#8221;, &#8220;anjo&#8221;, &#8220;especial&#8221;, &#8220;surdo-mudo&#8221;.<\/p>\n<p>CERTO<\/p>\n<p>Usar as palavras &#8220;quest\u00e3o&#8221; ou &#8220;condi\u00e7\u00e3o&#8221;.<\/p>\n<p>ERRADO<\/p>\n<p>Usar as palavras &#8220;doen\u00e7a&#8221;ou &#8220;problema&#8221;.<\/p>\n<p>CERTO<\/p>\n<p>Usar as palavras &#8220;condi\u00e7\u00e3o gen\u00e9tica&#8221; ou &#8220;arranjo gen\u00e9tico&#8221;.<\/p>\n<p>ERRADO<\/p>\n<p>Usar as palavras &#8220;aberra\u00e7\u00e3o&#8221;, &#8220;anomalia&#8221; ou &#8220;erro gen\u00e9tico&#8221;.<\/p>\n<p>CERTO<\/p>\n<p>Falar &#8220;pessoa sem defici\u00eancia&#8221;.<\/p>\n<p>ERRADO<\/p>\n<p>Falar &#8220;pessoa normal&#8221;.<\/p>\n<p>&nbsp;<\/p>\n<p><a href=\"http:\/\/www.inclusive.org.br\/arquivos\/32480\/cartaz-congressos-acessiveis\" rel=\"attachment wp-att-32495\"><img loading=\"lazy\" decoding=\"async\" class=\"alignnone size-medium wp-image-32495\" src=\"http:\/\/inclusivenews.com.br\/wp-content\/uploads\/cartaz-congressos-acessiveis-225x300.jpeg\" alt=\"cartaz congressos acessiveis\" width=\"225\" height=\"300\" \/><\/a><\/p>\n<p>Descri\u00e7\u00e3o da imagem: Ilustra\u00e7\u00e3o de outdoor com ilumina\u00e7\u00e3o dizendo: OS CONGRESSOS, OS SEMIN\u00c1RIOS, AS OFICINAS E OS DEMAIS EVENTOS DE NATUREZA CIENT\u00cdFICO-CULTURAL PROMOVIDOS OU FINANCIADOS PELO PODER P\u00daBLICO DEVEM GARANTIR AS CONDI\u00c7\u00d5ES DE ACESSIBILIDADE E OS RECURSOS DE TECNOLOGIA ASSISTIVA. Art. 71, Lei Brasileira de Inclus\u00e3o da Pessoa com Defici\u00eancia. Lei 13.146, 6 de julho de 2015.<\/p>\n<p>Texto: ACESSO \u00c0 INFORMA\u00c7\u00c3O: DIREITO DE TODOS.\u00a0O que fazer para garantir?<\/p>\n<p>A garantia de direitos, liberdades fundamentais e cidadania para as pessoas com defici\u00eancia no Brasil t\u00eam como base:<\/p>\n<ul>\n<li>A Conven\u00e7\u00e3o sobre os Direitos das Pessoas com Defici\u00eancia, com for\u00e7a de Constitui\u00e7\u00e3o<\/li>\n<li>Lei Brasileira de Inclus\u00e3o da Pessoa com Defici\u00eancia. Lei 13.146, entre outras.<\/li>\n<\/ul>\n<p>&nbsp;<\/p>\n<p><a href=\"http:\/\/www.inclusive.org.br\/arquivos\/32480\/cartaz-barreiras-na-comunicacao\" rel=\"attachment wp-att-32488\"><img loading=\"lazy\" decoding=\"async\" class=\"alignnone size-medium wp-image-32488\" src=\"http:\/\/inclusivenews.com.br\/wp-content\/uploads\/cartaz-barreiras-na-comunicacao-225x300.jpeg\" alt=\"cartaz barreiras na comunicacao\" width=\"225\" height=\"300\" \/><\/a><\/p>\n<p>Descri\u00e7\u00e3o da imagem: Mo\u00e7a branca segurando o pr\u00f3prio bra\u00e7o, e mulher negra, de branco com estetosc\u00f3pio em volta do pesco\u00e7o, com o bra\u00e7o por tr\u00e1s dela. Texto: ACESSO \u00c0 INFORMA\u00c7\u00c3O: DIREITO DE TODOS. BARREIRAS NA COMUNICA\u00c7\u00c3O IMPEDEM PESSOAS COM E SEM DEFICI\u00caNCIA DE:<\/p>\n<ul>\n<li>Falar sobre sua condi\u00e7\u00e3o de sa\u00fade<\/li>\n<li>Subsidiar e receber um diagn\u00f3stico preciso<\/li>\n<li>Participar de decis\u00f5es sobre sua sa\u00fade<\/li>\n<li>Acessar o seu direito universal \u00e0 sa\u00fade.<\/li>\n<\/ul>\n<p>&nbsp;<\/p>\n<p><a href=\"http:\/\/www.inclusive.org.br\/arquivos\/32480\/cartaz-apresentacoes\" rel=\"attachment wp-att-32491\"><img loading=\"lazy\" decoding=\"async\" class=\"alignnone size-medium wp-image-32491\" src=\"http:\/\/inclusivenews.com.br\/wp-content\/uploads\/cartaz-apresentacoes-225x300.jpeg\" alt=\"cartaz apresentacoes\" width=\"225\" height=\"300\" \/><\/a><\/p>\n<p>Descri\u00e7\u00e3o da imagem: Ilustra\u00e7\u00e3o: homem com s\u00edndrome de Down branco digitando no teclado de um computador, uma mulher negra com crach\u00e1 a seu lado aponta algo na tela.\u00a0 Texto: ACESSO \u00c0 INFORMA\u00c7\u00c3O: DIREITO DE TODOS. O que fazer para garantir?<\/p>\n<p>DOCUMENTOS E APRESENTA\u00c7\u00d5ES VIRTUAIS.<\/p>\n<p>Documentos e apresenta\u00e7\u00f5es s\u00e3o mais acess\u00edveis quando usam linguagem simples, fonte ampliada, bom contraste, al\u00e9m de recursos adicionais (Braille, Libras, \u00e1udio, entre outros).<\/p>\n<p>AL\u00c9M DISSO, AO PREPARAR O DOCUMENTO \u00c9 IMPORTANTE CONSIDERAR:<\/p>\n<ul>\n<li>Usar recursos de n\u00edveis de t\u00edtulos do processador de texto<\/li>\n<li>Descrever as imagens e tabelas ao longo do documento<\/li>\n<li>Usar links que descrevam o conte\u00fado<\/li>\n<li>Usar recursos acess\u00edveis para leitores de tela<\/li>\n<li>N\u00e3o usar arquivos onde o texto foi digitalizado e apresentado como imagem.<\/li>\n<\/ul>\n<p>&nbsp;<\/p>\n<p><a href=\"http:\/\/www.inclusive.org.br\/arquivos\/32480\/cartaz-encontros-presenciais\" rel=\"attachment wp-att-32493\"><img loading=\"lazy\" decoding=\"async\" class=\"alignnone size-medium wp-image-32493\" src=\"http:\/\/inclusivenews.com.br\/wp-content\/uploads\/cartaz-encontros-presenciais-225x300.jpeg\" alt=\"cartaz encontros presenciais\" width=\"225\" height=\"300\" \/><\/a><\/p>\n<p>Descri\u00e7\u00e3o da imagem: Ilustra\u00e7\u00e3o: Mulher branca em cadeira de rodas motorizada, mulher negra sentada em cadeira a seu lado, homem branco fazendo interpreta\u00e7\u00e3o em Libras a seu lado.\u00a0Texto: ACESSO \u00c0 INFORMA\u00c7\u00c3O: DIREITO DE TODOS.\u00a0O que fazer para garantir?<\/p>\n<p>ENCONTROS PRESENCIAIS<\/p>\n<p>Antes do evento:<\/p>\n<ul>\n<li>Perguntar sobre a necessidade de recurso de acessibilidade na inscri\u00e7\u00e3o<\/li>\n<li>Viabilizar recursos de acessibilidade necess\u00e1rios<\/li>\n<li>Escolher um local sem barreiras arquitet\u00f4nicas<\/li>\n<li>Reservar lugares de acordo com a necessidade<\/li>\n<\/ul>\n<p>Durante o evento:<\/p>\n<ul>\n<li>Sinalizar os servi\u00e7os de acessibilidade dispon\u00edveis<\/li>\n<li>Iniciar a fala com uma breve audiodescri\u00e7\u00e3o<\/li>\n<li>Iniciar as falas sem uso de microfone para que pessoas com defici\u00eancia visual possam identificar o falante<\/li>\n<li>Descrever todas as imagens apresentadas.<\/li>\n<\/ul>\n<p>&nbsp;<\/p>\n<p><a href=\"http:\/\/www.inclusive.org.br\/arquivos\/32480\/cartaz-reunioes-virtuais\" rel=\"attachment wp-att-32494\"><img loading=\"lazy\" decoding=\"async\" class=\"alignnone size-medium wp-image-32494\" src=\"http:\/\/inclusivenews.com.br\/wp-content\/uploads\/cartaz-reunioes-virtuais-225x300.jpeg\" alt=\"cartaz reunioes virtuais\" width=\"225\" height=\"300\" \/><\/a><\/p>\n<p>Descri\u00e7\u00e3o da imagem: Ilustra\u00e7\u00e3o: mulher negra diante de tela de computador com 3 janelas de reuni\u00e3o online, segurando mouse. Texto: ACESSO \u00c0 INFORMA\u00c7\u00c3O: DIREITO DE TODOS.\u00a0O que fazer para garantir?<\/p>\n<p>REUNI\u00d5ES VIRTUAIS<\/p>\n<p>Antes da reuni\u00e3o:<\/p>\n<ul>\n<li>Perguntar se precisa de recurso de acessibilidade<\/li>\n<li>Informar como funciona a plataforma<\/li>\n<li>Garantir a acessibilidade do material apresentado na reuni\u00e3o<\/li>\n<li>Compartilhar o material antes do evento.<\/li>\n<\/ul>\n<p>Durante a reuni\u00e3o:<\/p>\n<ul>\n<li>Fazer a audiodescri\u00e7\u00e3o e dizer o nome antes de cada nova fala<\/li>\n<li>Usar frases curtas e palavras f\u00e1ceis (linguagem simples)<\/li>\n<li>Falar devagar e fazer pausas para facilitar a interpreta\u00e7\u00e3o<\/li>\n<li>Usar recursos de audiodescri\u00e7\u00e3o, int\u00e9rprete de Libras, legenda, transcri\u00e7\u00e3o<\/li>\n<li>Ler as mensagens do chat antes de responder.<\/li>\n<\/ul>\n<p>&nbsp;<\/p>\n<p><a href=\"http:\/\/www.inclusive.org.br\/arquivos\/32480\/cartaz-grupos-de-mensagem\" rel=\"attachment wp-att-32496\"><img loading=\"lazy\" decoding=\"async\" class=\"alignnone size-medium wp-image-32496\" src=\"http:\/\/inclusivenews.com.br\/wp-content\/uploads\/cartaz-grupos-de-mensagem-225x300.jpeg\" alt=\"cartaz grupos de mensagem\" width=\"225\" height=\"300\" \/><\/a><\/p>\n<p>Descri\u00e7\u00e3o da imagem: ilustra\u00e7\u00e3o: mulher negra e homem branco usando celular.<\/p>\n<p>Texto: ACESSO \u00c0 INFORMA\u00c7\u00c3O: DIREITO DE TODOS.\u00a0O que fazer para garantir?<\/p>\n<p>GRUPOS DE MENSAGEM<\/p>\n<ul>\n<li>Usar letras simples (sem serifas)<\/li>\n<li>Descrever todas as imagens usando #descri\u00e7\u00e3odaimagem<\/li>\n<li>Usar imagens que s\u00e3o descritas pelos leitores de tela como emojis (N\u00c3O usar figurinhas)<\/li>\n<li>Compartilhar documentos em\u00a0formatos\u00a0acess\u00edveis, como v\u00eddeos com legenda, transcri\u00e7\u00f5es e int\u00e9rpretes de Libras<\/li>\n<li>Usar linguagem simples, com frases curtas e palavras f\u00e1ceis.<\/li>\n<\/ul>\n<p>&nbsp;<\/p>\n<p>Cr\u00e9dito das ilustra\u00e7\u00f5es; Janna Brilyantova<\/p>\n<p>Apoio financeiro do &#8220;Programa de Fomento ao Desenvolvimento Cient\u00edfico e Tecnol\u00f3gico Aplicado \u00e0 Sa\u00fade P\u00fablica&#8221;, da ENSP\/Fiocruz.<\/p>\n<p>Logotipos dos cartazes: Acolhe &#8211; acessibilidade, direitos e sa\u00fade, Escola Nacional de Sa\u00fade P\u00fablica S\u00e9rgio Arouca ENSP, PMA Disseminando Ci\u00eancia em Sa\u00fade P\u00fablica, Minist\u00e9rio da Sa\u00fade, Fiocruz, Funda\u00e7\u00e3o Oswaldo Cruz.<\/p>\n","protected":false},"excerpt":{"rendered":"<p>Descri\u00e7\u00e3o da imagem: dois guias de acessibilidade na comunica\u00e7\u00e3o. A Escola Nacional de Sa\u00fade P\u00fablica Sergio Arouca (Ensp\/Fiocruz)\u00a0lan\u00e7ou\u00a0dois guias\u00a0de comunica\u00e7\u00e3o acess\u00edvel para melhorar a aten\u00e7\u00e3o \u00e0 sa\u00fade \u00e0s pessoas com defici\u00eancia e para todos os brasileiros. Um dos guias \u00e9 em cordel. Os\u00a0guias t\u00eam\u00a0vers\u00e3o digital, com \u00e1udiodescri\u00e7\u00e3o, linguagem simples, tradu\u00e7\u00e3o em libras e arquivo em [&hellip;]<\/p>\n","protected":false},"author":2,"featured_media":32484,"comment_status":"open","ping_status":"open","sticky":false,"template":"","format":"standard","meta":{"site-container-style":"default","site-container-layout":"default","site-sidebar-layout":"default","disable-article-header":"default","disable-site-header":"default","disable-site-footer":"default","disable-content-area-spacing":"default","footnotes":""},"categories":[44,48],"tags":[],"class_list":["post-32480","post","type-post","status-publish","format-standard","has-post-thumbnail","hentry","category-acessibilidade","category-inclusao"],"yoast_head":"<!-- This site is optimized with the Yoast SEO plugin v27.4 - https:\/\/yoast.com\/product\/yoast-seo-wordpress\/ -->\n<title>Guias da Fiocruz trazem dicas pr\u00e1ticas para comunica\u00e7\u00e3o acess\u00edvel -<\/title>\n<meta name=\"robots\" content=\"index, follow, max-snippet:-1, max-image-preview:large, max-video-preview:-1\" \/>\n<link rel=\"canonical\" href=\"https:\/\/inclusivenews.com.br\/?p=32480\" \/>\n<meta property=\"og:locale\" content=\"pt_PT\" \/>\n<meta property=\"og:type\" content=\"article\" \/>\n<meta property=\"og:title\" content=\"Guias da Fiocruz trazem dicas pr\u00e1ticas para comunica\u00e7\u00e3o acess\u00edvel -\" \/>\n<meta property=\"og:description\" content=\"Descri\u00e7\u00e3o da imagem: dois guias de acessibilidade na comunica\u00e7\u00e3o. A Escola Nacional de Sa\u00fade P\u00fablica Sergio Arouca (Ensp\/Fiocruz)\u00a0lan\u00e7ou\u00a0dois guias\u00a0de comunica\u00e7\u00e3o acess\u00edvel para melhorar a aten\u00e7\u00e3o \u00e0 sa\u00fade \u00e0s pessoas com defici\u00eancia e para todos os brasileiros. Um dos guias \u00e9 em cordel. Os\u00a0guias t\u00eam\u00a0vers\u00e3o digital, com \u00e1udiodescri\u00e7\u00e3o, linguagem simples, tradu\u00e7\u00e3o em libras e arquivo em [&hellip;]\" \/>\n<meta property=\"og:url\" content=\"https:\/\/inclusivenews.com.br\/?p=32480\" \/>\n<meta property=\"article:publisher\" content=\"https:\/\/www.facebook.com\/agenciainclusive\/\" \/>\n<meta property=\"article:published_time\" content=\"2023-01-31T17:35:35+00:00\" \/>\n<meta name=\"author\" content=\"Inclusive\" \/>\n<meta name=\"twitter:card\" content=\"summary_large_image\" \/>\n<meta name=\"twitter:label1\" content=\"Escrito por\" \/>\n\t<meta name=\"twitter:data1\" content=\"Inclusive\" \/>\n\t<meta name=\"twitter:label2\" content=\"Tempo estimado de leitura\" \/>\n\t<meta name=\"twitter:data2\" content=\"9 minutos\" \/>\n<script type=\"application\/ld+json\" class=\"yoast-schema-graph\">{\"@context\":\"https:\\\/\\\/schema.org\",\"@graph\":[{\"@type\":\"Article\",\"@id\":\"https:\\\/\\\/inclusivenews.com.br\\\/?p=32480#article\",\"isPartOf\":{\"@id\":\"https:\\\/\\\/inclusivenews.com.br\\\/?p=32480\"},\"author\":{\"name\":\"Inclusive\",\"@id\":\"https:\\\/\\\/inclusivenews.com.br\\\/#\\\/schema\\\/person\\\/0dab492019871b94abb65fa8ee7c8c44\"},\"headline\":\"Guias da Fiocruz trazem dicas pr\u00e1ticas para comunica\u00e7\u00e3o acess\u00edvel\",\"datePublished\":\"2023-01-31T17:35:35+00:00\",\"mainEntityOfPage\":{\"@id\":\"https:\\\/\\\/inclusivenews.com.br\\\/?p=32480\"},\"wordCount\":1834,\"commentCount\":0,\"publisher\":{\"@id\":\"https:\\\/\\\/inclusivenews.com.br\\\/#organization\"},\"image\":{\"@id\":\"https:\\\/\\\/inclusivenews.com.br\\\/?p=32480#primaryimage\"},\"thumbnailUrl\":\"\",\"articleSection\":[\"ACESSIBILIDADE\",\"INCLUS\u00c3O SOCIAL\"],\"inLanguage\":\"pt-PT\",\"potentialAction\":[{\"@type\":\"CommentAction\",\"name\":\"Comment\",\"target\":[\"https:\\\/\\\/inclusivenews.com.br\\\/?p=32480#respond\"]}]},{\"@type\":\"WebPage\",\"@id\":\"https:\\\/\\\/inclusivenews.com.br\\\/?p=32480\",\"url\":\"https:\\\/\\\/inclusivenews.com.br\\\/?p=32480\",\"name\":\"Guias da Fiocruz trazem dicas pr\u00e1ticas para comunica\u00e7\u00e3o acess\u00edvel -\",\"isPartOf\":{\"@id\":\"https:\\\/\\\/inclusivenews.com.br\\\/#website\"},\"primaryImageOfPage\":{\"@id\":\"https:\\\/\\\/inclusivenews.com.br\\\/?p=32480#primaryimage\"},\"image\":{\"@id\":\"https:\\\/\\\/inclusivenews.com.br\\\/?p=32480#primaryimage\"},\"thumbnailUrl\":\"\",\"datePublished\":\"2023-01-31T17:35:35+00:00\",\"breadcrumb\":{\"@id\":\"https:\\\/\\\/inclusivenews.com.br\\\/?p=32480#breadcrumb\"},\"inLanguage\":\"pt-PT\",\"potentialAction\":[{\"@type\":\"ReadAction\",\"target\":[\"https:\\\/\\\/inclusivenews.com.br\\\/?p=32480\"]}]},{\"@type\":\"ImageObject\",\"inLanguage\":\"pt-PT\",\"@id\":\"https:\\\/\\\/inclusivenews.com.br\\\/?p=32480#primaryimage\",\"url\":\"\",\"contentUrl\":\"\"},{\"@type\":\"BreadcrumbList\",\"@id\":\"https:\\\/\\\/inclusivenews.com.br\\\/?p=32480#breadcrumb\",\"itemListElement\":[{\"@type\":\"ListItem\",\"position\":1,\"name\":\"In\u00edcio\",\"item\":\"https:\\\/\\\/inclusivenews.com.br\\\/\"},{\"@type\":\"ListItem\",\"position\":2,\"name\":\"Guias da Fiocruz trazem dicas pr\u00e1ticas para comunica\u00e7\u00e3o acess\u00edvel\"}]},{\"@type\":\"WebSite\",\"@id\":\"https:\\\/\\\/inclusivenews.com.br\\\/#website\",\"url\":\"https:\\\/\\\/inclusivenews.com.br\\\/\",\"name\":\"Inclusive News\",\"description\":\"Inclusive News\",\"publisher\":{\"@id\":\"https:\\\/\\\/inclusivenews.com.br\\\/#organization\"},\"potentialAction\":[{\"@type\":\"SearchAction\",\"target\":{\"@type\":\"EntryPoint\",\"urlTemplate\":\"https:\\\/\\\/inclusivenews.com.br\\\/?s={search_term_string}\"},\"query-input\":{\"@type\":\"PropertyValueSpecification\",\"valueRequired\":true,\"valueName\":\"search_term_string\"}}],\"inLanguage\":\"pt-PT\"},{\"@type\":\"Organization\",\"@id\":\"https:\\\/\\\/inclusivenews.com.br\\\/#organization\",\"name\":\"Inclusive - inclus\u00e3o e cidadania\",\"url\":\"https:\\\/\\\/inclusivenews.com.br\\\/\",\"logo\":{\"@type\":\"ImageObject\",\"inLanguage\":\"pt-PT\",\"@id\":\"https:\\\/\\\/inclusivenews.com.br\\\/#\\\/schema\\\/logo\\\/image\\\/\",\"url\":\"https:\\\/\\\/inclusivenews.com.br\\\/wp-content\\\/uploads\\\/2024\\\/03\\\/@grandesite.png\",\"contentUrl\":\"https:\\\/\\\/inclusivenews.com.br\\\/wp-content\\\/uploads\\\/2024\\\/03\\\/@grandesite.png\",\"width\":1080,\"height\":1080,\"caption\":\"Inclusive - inclus\u00e3o e cidadania\"},\"image\":{\"@id\":\"https:\\\/\\\/inclusivenews.com.br\\\/#\\\/schema\\\/logo\\\/image\\\/\"},\"sameAs\":[\"https:\\\/\\\/www.facebook.com\\\/agenciainclusive\\\/\",\"https:\\\/\\\/www.instagram.com\\\/newsinclusive\\\/\"]},{\"@type\":\"Person\",\"@id\":\"https:\\\/\\\/inclusivenews.com.br\\\/#\\\/schema\\\/person\\\/0dab492019871b94abb65fa8ee7c8c44\",\"name\":\"Inclusive\",\"image\":{\"@type\":\"ImageObject\",\"inLanguage\":\"pt-PT\",\"@id\":\"https:\\\/\\\/secure.gravatar.com\\\/avatar\\\/?s=96&d=mm&r=g\",\"url\":\"https:\\\/\\\/secure.gravatar.com\\\/avatar\\\/?s=96&d=mm&r=g\",\"contentUrl\":\"https:\\\/\\\/secure.gravatar.com\\\/avatar\\\/?s=96&d=mm&r=g\",\"caption\":\"Inclusive\"},\"url\":\"https:\\\/\\\/inclusivenews.com.br\\\/?author=2\"}]}<\/script>\n<!-- \/ Yoast SEO plugin. -->","yoast_head_json":{"title":"Guias da Fiocruz trazem dicas pr\u00e1ticas para comunica\u00e7\u00e3o acess\u00edvel -","robots":{"index":"index","follow":"follow","max-snippet":"max-snippet:-1","max-image-preview":"max-image-preview:large","max-video-preview":"max-video-preview:-1"},"canonical":"https:\/\/inclusivenews.com.br\/?p=32480","og_locale":"pt_PT","og_type":"article","og_title":"Guias da Fiocruz trazem dicas pr\u00e1ticas para comunica\u00e7\u00e3o acess\u00edvel -","og_description":"Descri\u00e7\u00e3o da imagem: dois guias de acessibilidade na comunica\u00e7\u00e3o. A Escola Nacional de Sa\u00fade P\u00fablica Sergio Arouca (Ensp\/Fiocruz)\u00a0lan\u00e7ou\u00a0dois guias\u00a0de comunica\u00e7\u00e3o acess\u00edvel para melhorar a aten\u00e7\u00e3o \u00e0 sa\u00fade \u00e0s pessoas com defici\u00eancia e para todos os brasileiros. Um dos guias \u00e9 em cordel. Os\u00a0guias t\u00eam\u00a0vers\u00e3o digital, com \u00e1udiodescri\u00e7\u00e3o, linguagem simples, tradu\u00e7\u00e3o em libras e arquivo em [&hellip;]","og_url":"https:\/\/inclusivenews.com.br\/?p=32480","article_publisher":"https:\/\/www.facebook.com\/agenciainclusive\/","article_published_time":"2023-01-31T17:35:35+00:00","author":"Inclusive","twitter_card":"summary_large_image","twitter_misc":{"Escrito por":"Inclusive","Tempo estimado de leitura":"9 minutos"},"schema":{"@context":"https:\/\/schema.org","@graph":[{"@type":"Article","@id":"https:\/\/inclusivenews.com.br\/?p=32480#article","isPartOf":{"@id":"https:\/\/inclusivenews.com.br\/?p=32480"},"author":{"name":"Inclusive","@id":"https:\/\/inclusivenews.com.br\/#\/schema\/person\/0dab492019871b94abb65fa8ee7c8c44"},"headline":"Guias da Fiocruz trazem dicas pr\u00e1ticas para comunica\u00e7\u00e3o acess\u00edvel","datePublished":"2023-01-31T17:35:35+00:00","mainEntityOfPage":{"@id":"https:\/\/inclusivenews.com.br\/?p=32480"},"wordCount":1834,"commentCount":0,"publisher":{"@id":"https:\/\/inclusivenews.com.br\/#organization"},"image":{"@id":"https:\/\/inclusivenews.com.br\/?p=32480#primaryimage"},"thumbnailUrl":"","articleSection":["ACESSIBILIDADE","INCLUS\u00c3O SOCIAL"],"inLanguage":"pt-PT","potentialAction":[{"@type":"CommentAction","name":"Comment","target":["https:\/\/inclusivenews.com.br\/?p=32480#respond"]}]},{"@type":"WebPage","@id":"https:\/\/inclusivenews.com.br\/?p=32480","url":"https:\/\/inclusivenews.com.br\/?p=32480","name":"Guias da Fiocruz trazem dicas pr\u00e1ticas para comunica\u00e7\u00e3o acess\u00edvel -","isPartOf":{"@id":"https:\/\/inclusivenews.com.br\/#website"},"primaryImageOfPage":{"@id":"https:\/\/inclusivenews.com.br\/?p=32480#primaryimage"},"image":{"@id":"https:\/\/inclusivenews.com.br\/?p=32480#primaryimage"},"thumbnailUrl":"","datePublished":"2023-01-31T17:35:35+00:00","breadcrumb":{"@id":"https:\/\/inclusivenews.com.br\/?p=32480#breadcrumb"},"inLanguage":"pt-PT","potentialAction":[{"@type":"ReadAction","target":["https:\/\/inclusivenews.com.br\/?p=32480"]}]},{"@type":"ImageObject","inLanguage":"pt-PT","@id":"https:\/\/inclusivenews.com.br\/?p=32480#primaryimage","url":"","contentUrl":""},{"@type":"BreadcrumbList","@id":"https:\/\/inclusivenews.com.br\/?p=32480#breadcrumb","itemListElement":[{"@type":"ListItem","position":1,"name":"In\u00edcio","item":"https:\/\/inclusivenews.com.br\/"},{"@type":"ListItem","position":2,"name":"Guias da Fiocruz trazem dicas pr\u00e1ticas para comunica\u00e7\u00e3o acess\u00edvel"}]},{"@type":"WebSite","@id":"https:\/\/inclusivenews.com.br\/#website","url":"https:\/\/inclusivenews.com.br\/","name":"Inclusive News","description":"Inclusive News","publisher":{"@id":"https:\/\/inclusivenews.com.br\/#organization"},"potentialAction":[{"@type":"SearchAction","target":{"@type":"EntryPoint","urlTemplate":"https:\/\/inclusivenews.com.br\/?s={search_term_string}"},"query-input":{"@type":"PropertyValueSpecification","valueRequired":true,"valueName":"search_term_string"}}],"inLanguage":"pt-PT"},{"@type":"Organization","@id":"https:\/\/inclusivenews.com.br\/#organization","name":"Inclusive - inclus\u00e3o e cidadania","url":"https:\/\/inclusivenews.com.br\/","logo":{"@type":"ImageObject","inLanguage":"pt-PT","@id":"https:\/\/inclusivenews.com.br\/#\/schema\/logo\/image\/","url":"https:\/\/inclusivenews.com.br\/wp-content\/uploads\/2024\/03\/@grandesite.png","contentUrl":"https:\/\/inclusivenews.com.br\/wp-content\/uploads\/2024\/03\/@grandesite.png","width":1080,"height":1080,"caption":"Inclusive - inclus\u00e3o e cidadania"},"image":{"@id":"https:\/\/inclusivenews.com.br\/#\/schema\/logo\/image\/"},"sameAs":["https:\/\/www.facebook.com\/agenciainclusive\/","https:\/\/www.instagram.com\/newsinclusive\/"]},{"@type":"Person","@id":"https:\/\/inclusivenews.com.br\/#\/schema\/person\/0dab492019871b94abb65fa8ee7c8c44","name":"Inclusive","image":{"@type":"ImageObject","inLanguage":"pt-PT","@id":"https:\/\/secure.gravatar.com\/avatar\/?s=96&d=mm&r=g","url":"https:\/\/secure.gravatar.com\/avatar\/?s=96&d=mm&r=g","contentUrl":"https:\/\/secure.gravatar.com\/avatar\/?s=96&d=mm&r=g","caption":"Inclusive"},"url":"https:\/\/inclusivenews.com.br\/?author=2"}]}},"_links":{"self":[{"href":"https:\/\/inclusivenews.com.br\/index.php?rest_route=\/wp\/v2\/posts\/32480","targetHints":{"allow":["GET"]}}],"collection":[{"href":"https:\/\/inclusivenews.com.br\/index.php?rest_route=\/wp\/v2\/posts"}],"about":[{"href":"https:\/\/inclusivenews.com.br\/index.php?rest_route=\/wp\/v2\/types\/post"}],"author":[{"embeddable":true,"href":"https:\/\/inclusivenews.com.br\/index.php?rest_route=\/wp\/v2\/users\/2"}],"replies":[{"embeddable":true,"href":"https:\/\/inclusivenews.com.br\/index.php?rest_route=%2Fwp%2Fv2%2Fcomments&post=32480"}],"version-history":[{"count":0,"href":"https:\/\/inclusivenews.com.br\/index.php?rest_route=\/wp\/v2\/posts\/32480\/revisions"}],"wp:featuredmedia":[{"embeddable":true,"href":"https:\/\/inclusivenews.com.br\/index.php?rest_route=\/"}],"wp:attachment":[{"href":"https:\/\/inclusivenews.com.br\/index.php?rest_route=%2Fwp%2Fv2%2Fmedia&parent=32480"}],"wp:term":[{"taxonomy":"category","embeddable":true,"href":"https:\/\/inclusivenews.com.br\/index.php?rest_route=%2Fwp%2Fv2%2Fcategories&post=32480"},{"taxonomy":"post_tag","embeddable":true,"href":"https:\/\/inclusivenews.com.br\/index.php?rest_route=%2Fwp%2Fv2%2Ftags&post=32480"}],"curies":[{"name":"wp","href":"https:\/\/api.w.org\/{rel}","templated":true}]}}