{"id":32536,"date":"2024-02-22T12:50:40","date_gmt":"2024-02-22T12:50:40","guid":{"rendered":"https:\/\/inclusivenews.com.br\/?p=32536"},"modified":"2024-02-23T20:02:27","modified_gmt":"2024-02-23T20:02:27","slug":"termo-capacitismo-entra-na-legislacao-brasileira","status":"publish","type":"post","link":"https:\/\/inclusivenews.com.br\/?p=32536","title":{"rendered":"Termo capacitismo entra na legisla\u00e7\u00e3o brasileira"},"content":{"rendered":"\n<figure class=\"wp-block-image alignleft size-full\"><img loading=\"lazy\" decoding=\"async\" width=\"206\" height=\"300\" src=\"https:\/\/inclusivenews.com.br\/wp-content\/uploads\/2024\/02\/capa-capacitismo-206x300-1.jpg\" alt=\"\" class=\"wp-image-32537\"\/><\/figure>\n\n\n\n<p>Voc\u00ea sabia que o termo \u201ccapacitismo\u201d faz parte do Decreto 11793, que instituiu o novo Plano Viver sem Limite?<\/p>\n\n\n\n<p>\u00c9 a primeira vez que o conceito, que significa preconceito contra pessoas com defici\u00eancia, entra na legisla\u00e7\u00e3o brasileira.<\/p>\n\n\n\n<p>A palavra capacitismo aparece 3 vezes no texto do Decreto. No artigo 2:<\/p>\n\n\n\n<p><em>Art. 2\u00ba&nbsp; S\u00e3o diretrizes do Novo Viver sem Limite:<\/em><\/p>\n\n\n\n<p><em>I \u2013 o enfrentamento do capacitismo, do preconceito e da viol\u00eancia contra pessoas com defici\u00eancia;<\/em><\/p>\n\n\n\n<p>no Par\u00e1grafo \u00fanico:<\/p>\n\n\n\n<p><em>\u201cPar\u00e1grafo \u00fanico. Para fins do disposto neste Decreto, entende-se por capacitismo qualquer diferencia\u00e7\u00e3o, exclus\u00e3o ou restri\u00e7\u00e3o baseada em defici\u00eancia, com o prop\u00f3sito ou o efeito de impedir ou impossibilitar o reconhecimento, o desfrute ou o exerc\u00edcio, pelas pessoas com defici\u00eancia, em igualdade de oportunidades com as demais pessoas, de todos os direitos humanos e liberdades fundamentais nos \u00e2mbitos pol\u00edtico, econ\u00f4mico, social, cultural, civil ou qualquer outro, nos termos do Artigo 2 da Conven\u00e7\u00e3o Internacional sobre os Direitos das Pessoas com Defici\u00eancia, promulgada pelo Decreto n\u00ba 6.949, de 25 de agosto de 2009.\u201d<\/em><\/p>\n\n\n\n<p>e no artigo 3:<\/p>\n\n\n\n<p><em>Art. 3\u00ba S\u00e3o eixos de estrutura\u00e7\u00e3o do Novo Viver sem Limite:<\/em><\/p>\n\n\n\n<p><em>\u2026<\/em><\/p>\n\n\n\n<p><em>II \u2013 enfrentamento do capacitismo e da viol\u00eancia contra as pessoas com defici\u00eancia;<\/em><\/p>\n\n\n\n<p><a href=\"https:\/\/www.planalto.gov.br\/ccivil_03\/_ato2023-2026\/2023\/decreto\/d11793.htm\">https:\/\/www.planalto.gov.br\/ccivil_03\/_ato2023-2026\/2023\/decreto\/d11793.htm<\/a><\/p>\n\n\n\n<p><strong>Mas por que isso \u00e9 importante?<\/strong><\/p>\n\n\n\n<p>Quem explica \u00e9 a Secret\u00e1ria Nacional dos Direitos das Pessoas com Defici\u00eancia, Ana Paula Feminella:<\/p>\n\n\n\n<p>\u201cUtilizar um termo pr\u00f3prio para chamar a discrimina\u00e7\u00e3o em raz\u00e3o de defici\u00eancia \u00e9 t\u00e3o importante quanto foi popularizar o termo racismo.&nbsp; Precisamos vencer o preconceito contra as pessoas com defici\u00eancia e a escolha do termo capacitismo se d\u00e1 porque nossas capacidades s\u00e3o subestimadas.\u201d<\/p>\n\n\n\n<p>E discrimina\u00e7\u00e3o em raz\u00e3o de defici\u00eancia, voc\u00ea j\u00e1 sabe: \u00e9 crime, de acordo com a Lei Brasileira de Inclus\u00e3o (Lei 13146\/2015)<\/p>\n\n\n\n<p><em>Art. 88. Praticar, induzir ou incitar discrimina\u00e7\u00e3o de pessoa em raz\u00e3o de sua defici\u00eancia:<\/em><\/p>\n\n\n\n<p><em>Pena \u2013 reclus\u00e3o, de 1 (um) a 3 (tr\u00eas) anos, e multa.<\/em><\/p>\n\n\n\n<p><em>\u00a7 1\u00ba Aumenta-se a pena em 1\/3 (um ter\u00e7o) se a v\u00edtima encontrar-se sob cuidado e responsabilidade do agente.<\/em><\/p>\n\n\n\n<p><em>\u00a7 2\u00ba Se qualquer dos crimes previstos no&nbsp;<strong>caput&nbsp;<\/strong>deste artigo \u00e9 cometido por interm\u00e9dio de meios de comunica\u00e7\u00e3o social ou de publica\u00e7\u00e3o de qualquer natureza:<\/em><\/p>\n\n\n\n<p><em>Pena \u2013 reclus\u00e3o, de 2 (dois) a 5 (cinco) anos, e multa.<\/em><\/p>\n\n\n\n<p><em>\u00a7 3\u00ba Na hip\u00f3tese do \u00a7 2\u00ba deste artigo, o juiz poder\u00e1 determinar, ouvido o Minist\u00e9rio P\u00fablico ou a pedido deste, ainda antes do inqu\u00e9rito policial, sob pena de desobedi\u00eancia:<\/em><\/p>\n\n\n\n<p><em>I \u2013 recolhimento ou busca e apreens\u00e3o dos exemplares do material discriminat\u00f3rio;<\/em><\/p>\n\n\n\n<p><em>II \u2013 interdi\u00e7\u00e3o das respectivas mensagens ou p\u00e1ginas de informa\u00e7\u00e3o na internet.<\/em><\/p>\n\n\n\n<p><a href=\"https:\/\/www.planalto.gov.br\/ccivil_03\/_ato2015-2018\/2015\/lei\/l13146.htm\">https:\/\/www.planalto.gov.br\/ccivil_03\/_ato2015-2018\/2015\/lei\/l13146.htm<\/a><\/p>\n\n\n\n<p>E j\u00e1 que o assunto \u00e9 capacitismo, conhe\u00e7a e divulgue o guia Combata o Capacitismo, da Fiocruz.<\/p>\n\n\n\n<p>No link a seguir voc\u00ea encontra todas as vers\u00f5es acess\u00edveis:<\/p>\n\n\n\n<p><a href=\"https:\/\/www.arca.fiocruz.br\/handle\/icict\/61296\">https:\/\/www.arca.fiocruz.br\/handle\/icict\/61296<\/a><\/p>\n","protected":false},"excerpt":{"rendered":"<p>Voc\u00ea sabia que o termo \u201ccapacitismo\u201d faz parte do Decreto 11793, que instituiu o novo Plano Viver sem Limite? \u00c9 a primeira vez que o conceito, que significa preconceito contra pessoas com defici\u00eancia, entra na legisla\u00e7\u00e3o brasileira. A palavra capacitismo aparece 3 vezes no texto do Decreto. No artigo 2: Art. 2\u00ba&nbsp; S\u00e3o diretrizes do [&hellip;]<\/p>\n","protected":false},"author":1,"featured_media":32537,"comment_status":"open","ping_status":"open","sticky":false,"template":"","format":"standard","meta":{"site-container-style":"default","site-container-layout":"default","site-sidebar-layout":"default","disable-article-header":"default","disable-site-header":"default","disable-site-footer":"default","disable-content-area-spacing":"default","footnotes":""},"categories":[1],"tags":[],"class_list":["post-32536","post","type-post","status-publish","format-standard","has-post-thumbnail","hentry","category-blog"],"yoast_head":"<!-- This site is optimized with the Yoast SEO plugin v27.4 - https:\/\/yoast.com\/product\/yoast-seo-wordpress\/ -->\n<title>Termo capacitismo entra na legisla\u00e7\u00e3o brasileira -<\/title>\n<meta name=\"robots\" content=\"index, follow, max-snippet:-1, max-image-preview:large, max-video-preview:-1\" \/>\n<link rel=\"canonical\" href=\"https:\/\/inclusivenews.com.br\/?p=32536\" \/>\n<meta property=\"og:locale\" content=\"pt_PT\" \/>\n<meta property=\"og:type\" content=\"article\" \/>\n<meta property=\"og:title\" content=\"Termo capacitismo entra na legisla\u00e7\u00e3o brasileira -\" \/>\n<meta property=\"og:description\" content=\"Voc\u00ea sabia que o termo \u201ccapacitismo\u201d faz parte do Decreto 11793, que instituiu o novo Plano Viver sem Limite? \u00c9 a primeira vez que o conceito, que significa preconceito contra pessoas com defici\u00eancia, entra na legisla\u00e7\u00e3o brasileira. A palavra capacitismo aparece 3 vezes no texto do Decreto. No artigo 2: Art. 2\u00ba&nbsp; S\u00e3o diretrizes do [&hellip;]\" \/>\n<meta property=\"og:url\" content=\"https:\/\/inclusivenews.com.br\/?p=32536\" \/>\n<meta property=\"article:publisher\" content=\"https:\/\/www.facebook.com\/agenciainclusive\/\" \/>\n<meta property=\"article:published_time\" content=\"2024-02-22T12:50:40+00:00\" \/>\n<meta property=\"article:modified_time\" content=\"2024-02-23T20:02:27+00:00\" \/>\n<meta property=\"og:image\" content=\"https:\/\/inclusivenews.com.br\/wp-content\/uploads\/2024\/02\/capa-capacitismo-206x300-1.jpg\" \/>\n\t<meta property=\"og:image:width\" content=\"206\" \/>\n\t<meta property=\"og:image:height\" content=\"300\" \/>\n\t<meta property=\"og:image:type\" content=\"image\/jpeg\" \/>\n<meta name=\"author\" content=\"inclusivenews2024\" \/>\n<meta name=\"twitter:card\" content=\"summary_large_image\" \/>\n<meta name=\"twitter:label1\" content=\"Escrito por\" \/>\n\t<meta name=\"twitter:data1\" content=\"inclusivenews2024\" \/>\n\t<meta name=\"twitter:label2\" content=\"Tempo estimado de leitura\" \/>\n\t<meta name=\"twitter:data2\" content=\"3 minutos\" \/>\n<script type=\"application\/ld+json\" class=\"yoast-schema-graph\">{\"@context\":\"https:\\\/\\\/schema.org\",\"@graph\":[{\"@type\":\"Article\",\"@id\":\"https:\\\/\\\/inclusivenews.com.br\\\/?p=32536#article\",\"isPartOf\":{\"@id\":\"https:\\\/\\\/inclusivenews.com.br\\\/?p=32536\"},\"author\":{\"name\":\"inclusivenews2024\",\"@id\":\"https:\\\/\\\/inclusivenews.com.br\\\/#\\\/schema\\\/person\\\/ae4ec7087559b8692fb33b6fffd2273b\"},\"headline\":\"Termo capacitismo entra na legisla\u00e7\u00e3o brasileira\",\"datePublished\":\"2024-02-22T12:50:40+00:00\",\"dateModified\":\"2024-02-23T20:02:27+00:00\",\"mainEntityOfPage\":{\"@id\":\"https:\\\/\\\/inclusivenews.com.br\\\/?p=32536\"},\"wordCount\":507,\"commentCount\":0,\"publisher\":{\"@id\":\"https:\\\/\\\/inclusivenews.com.br\\\/#organization\"},\"image\":{\"@id\":\"https:\\\/\\\/inclusivenews.com.br\\\/?p=32536#primaryimage\"},\"thumbnailUrl\":\"https:\\\/\\\/inclusivenews.com.br\\\/wp-content\\\/uploads\\\/2024\\\/02\\\/capa-capacitismo-206x300-1.jpg\",\"articleSection\":[\"Blog\"],\"inLanguage\":\"pt-PT\",\"potentialAction\":[{\"@type\":\"CommentAction\",\"name\":\"Comment\",\"target\":[\"https:\\\/\\\/inclusivenews.com.br\\\/?p=32536#respond\"]}]},{\"@type\":\"WebPage\",\"@id\":\"https:\\\/\\\/inclusivenews.com.br\\\/?p=32536\",\"url\":\"https:\\\/\\\/inclusivenews.com.br\\\/?p=32536\",\"name\":\"Termo capacitismo entra na legisla\u00e7\u00e3o brasileira -\",\"isPartOf\":{\"@id\":\"https:\\\/\\\/inclusivenews.com.br\\\/#website\"},\"primaryImageOfPage\":{\"@id\":\"https:\\\/\\\/inclusivenews.com.br\\\/?p=32536#primaryimage\"},\"image\":{\"@id\":\"https:\\\/\\\/inclusivenews.com.br\\\/?p=32536#primaryimage\"},\"thumbnailUrl\":\"https:\\\/\\\/inclusivenews.com.br\\\/wp-content\\\/uploads\\\/2024\\\/02\\\/capa-capacitismo-206x300-1.jpg\",\"datePublished\":\"2024-02-22T12:50:40+00:00\",\"dateModified\":\"2024-02-23T20:02:27+00:00\",\"breadcrumb\":{\"@id\":\"https:\\\/\\\/inclusivenews.com.br\\\/?p=32536#breadcrumb\"},\"inLanguage\":\"pt-PT\",\"potentialAction\":[{\"@type\":\"ReadAction\",\"target\":[\"https:\\\/\\\/inclusivenews.com.br\\\/?p=32536\"]}]},{\"@type\":\"ImageObject\",\"inLanguage\":\"pt-PT\",\"@id\":\"https:\\\/\\\/inclusivenews.com.br\\\/?p=32536#primaryimage\",\"url\":\"https:\\\/\\\/inclusivenews.com.br\\\/wp-content\\\/uploads\\\/2024\\\/02\\\/capa-capacitismo-206x300-1.jpg\",\"contentUrl\":\"https:\\\/\\\/inclusivenews.com.br\\\/wp-content\\\/uploads\\\/2024\\\/02\\\/capa-capacitismo-206x300-1.jpg\",\"width\":206,\"height\":300},{\"@type\":\"BreadcrumbList\",\"@id\":\"https:\\\/\\\/inclusivenews.com.br\\\/?p=32536#breadcrumb\",\"itemListElement\":[{\"@type\":\"ListItem\",\"position\":1,\"name\":\"In\u00edcio\",\"item\":\"https:\\\/\\\/inclusivenews.com.br\\\/\"},{\"@type\":\"ListItem\",\"position\":2,\"name\":\"Termo capacitismo entra na legisla\u00e7\u00e3o brasileira\"}]},{\"@type\":\"WebSite\",\"@id\":\"https:\\\/\\\/inclusivenews.com.br\\\/#website\",\"url\":\"https:\\\/\\\/inclusivenews.com.br\\\/\",\"name\":\"Inclusive News\",\"description\":\"Inclusive News\",\"publisher\":{\"@id\":\"https:\\\/\\\/inclusivenews.com.br\\\/#organization\"},\"potentialAction\":[{\"@type\":\"SearchAction\",\"target\":{\"@type\":\"EntryPoint\",\"urlTemplate\":\"https:\\\/\\\/inclusivenews.com.br\\\/?s={search_term_string}\"},\"query-input\":{\"@type\":\"PropertyValueSpecification\",\"valueRequired\":true,\"valueName\":\"search_term_string\"}}],\"inLanguage\":\"pt-PT\"},{\"@type\":\"Organization\",\"@id\":\"https:\\\/\\\/inclusivenews.com.br\\\/#organization\",\"name\":\"Inclusive - inclus\u00e3o e cidadania\",\"url\":\"https:\\\/\\\/inclusivenews.com.br\\\/\",\"logo\":{\"@type\":\"ImageObject\",\"inLanguage\":\"pt-PT\",\"@id\":\"https:\\\/\\\/inclusivenews.com.br\\\/#\\\/schema\\\/logo\\\/image\\\/\",\"url\":\"https:\\\/\\\/inclusivenews.com.br\\\/wp-content\\\/uploads\\\/2024\\\/03\\\/@grandesite.png\",\"contentUrl\":\"https:\\\/\\\/inclusivenews.com.br\\\/wp-content\\\/uploads\\\/2024\\\/03\\\/@grandesite.png\",\"width\":1080,\"height\":1080,\"caption\":\"Inclusive - inclus\u00e3o e cidadania\"},\"image\":{\"@id\":\"https:\\\/\\\/inclusivenews.com.br\\\/#\\\/schema\\\/logo\\\/image\\\/\"},\"sameAs\":[\"https:\\\/\\\/www.facebook.com\\\/agenciainclusive\\\/\",\"https:\\\/\\\/www.instagram.com\\\/newsinclusive\\\/\"]},{\"@type\":\"Person\",\"@id\":\"https:\\\/\\\/inclusivenews.com.br\\\/#\\\/schema\\\/person\\\/ae4ec7087559b8692fb33b6fffd2273b\",\"name\":\"inclusivenews2024\",\"image\":{\"@type\":\"ImageObject\",\"inLanguage\":\"pt-PT\",\"@id\":\"https:\\\/\\\/secure.gravatar.com\\\/avatar\\\/c5a7ef84c66fa914f55bc4f7ce26cfa275a3b9a1c5568b907bd184fb4dde7b40?s=96&d=mm&r=g\",\"url\":\"https:\\\/\\\/secure.gravatar.com\\\/avatar\\\/c5a7ef84c66fa914f55bc4f7ce26cfa275a3b9a1c5568b907bd184fb4dde7b40?s=96&d=mm&r=g\",\"contentUrl\":\"https:\\\/\\\/secure.gravatar.com\\\/avatar\\\/c5a7ef84c66fa914f55bc4f7ce26cfa275a3b9a1c5568b907bd184fb4dde7b40?s=96&d=mm&r=g\",\"caption\":\"inclusivenews2024\"},\"sameAs\":[\"https:\\\/\\\/inclusivenews.com.br\"],\"url\":\"https:\\\/\\\/inclusivenews.com.br\\\/?author=1\"}]}<\/script>\n<!-- \/ Yoast SEO plugin. -->","yoast_head_json":{"title":"Termo capacitismo entra na legisla\u00e7\u00e3o brasileira -","robots":{"index":"index","follow":"follow","max-snippet":"max-snippet:-1","max-image-preview":"max-image-preview:large","max-video-preview":"max-video-preview:-1"},"canonical":"https:\/\/inclusivenews.com.br\/?p=32536","og_locale":"pt_PT","og_type":"article","og_title":"Termo capacitismo entra na legisla\u00e7\u00e3o brasileira -","og_description":"Voc\u00ea sabia que o termo \u201ccapacitismo\u201d faz parte do Decreto 11793, que instituiu o novo Plano Viver sem Limite? \u00c9 a primeira vez que o conceito, que significa preconceito contra pessoas com defici\u00eancia, entra na legisla\u00e7\u00e3o brasileira. A palavra capacitismo aparece 3 vezes no texto do Decreto. No artigo 2: Art. 2\u00ba&nbsp; S\u00e3o diretrizes do [&hellip;]","og_url":"https:\/\/inclusivenews.com.br\/?p=32536","article_publisher":"https:\/\/www.facebook.com\/agenciainclusive\/","article_published_time":"2024-02-22T12:50:40+00:00","article_modified_time":"2024-02-23T20:02:27+00:00","og_image":[{"width":206,"height":300,"url":"https:\/\/inclusivenews.com.br\/wp-content\/uploads\/2024\/02\/capa-capacitismo-206x300-1.jpg","type":"image\/jpeg"}],"author":"inclusivenews2024","twitter_card":"summary_large_image","twitter_misc":{"Escrito por":"inclusivenews2024","Tempo estimado de leitura":"3 minutos"},"schema":{"@context":"https:\/\/schema.org","@graph":[{"@type":"Article","@id":"https:\/\/inclusivenews.com.br\/?p=32536#article","isPartOf":{"@id":"https:\/\/inclusivenews.com.br\/?p=32536"},"author":{"name":"inclusivenews2024","@id":"https:\/\/inclusivenews.com.br\/#\/schema\/person\/ae4ec7087559b8692fb33b6fffd2273b"},"headline":"Termo capacitismo entra na legisla\u00e7\u00e3o brasileira","datePublished":"2024-02-22T12:50:40+00:00","dateModified":"2024-02-23T20:02:27+00:00","mainEntityOfPage":{"@id":"https:\/\/inclusivenews.com.br\/?p=32536"},"wordCount":507,"commentCount":0,"publisher":{"@id":"https:\/\/inclusivenews.com.br\/#organization"},"image":{"@id":"https:\/\/inclusivenews.com.br\/?p=32536#primaryimage"},"thumbnailUrl":"https:\/\/inclusivenews.com.br\/wp-content\/uploads\/2024\/02\/capa-capacitismo-206x300-1.jpg","articleSection":["Blog"],"inLanguage":"pt-PT","potentialAction":[{"@type":"CommentAction","name":"Comment","target":["https:\/\/inclusivenews.com.br\/?p=32536#respond"]}]},{"@type":"WebPage","@id":"https:\/\/inclusivenews.com.br\/?p=32536","url":"https:\/\/inclusivenews.com.br\/?p=32536","name":"Termo capacitismo entra na legisla\u00e7\u00e3o brasileira -","isPartOf":{"@id":"https:\/\/inclusivenews.com.br\/#website"},"primaryImageOfPage":{"@id":"https:\/\/inclusivenews.com.br\/?p=32536#primaryimage"},"image":{"@id":"https:\/\/inclusivenews.com.br\/?p=32536#primaryimage"},"thumbnailUrl":"https:\/\/inclusivenews.com.br\/wp-content\/uploads\/2024\/02\/capa-capacitismo-206x300-1.jpg","datePublished":"2024-02-22T12:50:40+00:00","dateModified":"2024-02-23T20:02:27+00:00","breadcrumb":{"@id":"https:\/\/inclusivenews.com.br\/?p=32536#breadcrumb"},"inLanguage":"pt-PT","potentialAction":[{"@type":"ReadAction","target":["https:\/\/inclusivenews.com.br\/?p=32536"]}]},{"@type":"ImageObject","inLanguage":"pt-PT","@id":"https:\/\/inclusivenews.com.br\/?p=32536#primaryimage","url":"https:\/\/inclusivenews.com.br\/wp-content\/uploads\/2024\/02\/capa-capacitismo-206x300-1.jpg","contentUrl":"https:\/\/inclusivenews.com.br\/wp-content\/uploads\/2024\/02\/capa-capacitismo-206x300-1.jpg","width":206,"height":300},{"@type":"BreadcrumbList","@id":"https:\/\/inclusivenews.com.br\/?p=32536#breadcrumb","itemListElement":[{"@type":"ListItem","position":1,"name":"In\u00edcio","item":"https:\/\/inclusivenews.com.br\/"},{"@type":"ListItem","position":2,"name":"Termo capacitismo entra na legisla\u00e7\u00e3o brasileira"}]},{"@type":"WebSite","@id":"https:\/\/inclusivenews.com.br\/#website","url":"https:\/\/inclusivenews.com.br\/","name":"Inclusive News","description":"Inclusive News","publisher":{"@id":"https:\/\/inclusivenews.com.br\/#organization"},"potentialAction":[{"@type":"SearchAction","target":{"@type":"EntryPoint","urlTemplate":"https:\/\/inclusivenews.com.br\/?s={search_term_string}"},"query-input":{"@type":"PropertyValueSpecification","valueRequired":true,"valueName":"search_term_string"}}],"inLanguage":"pt-PT"},{"@type":"Organization","@id":"https:\/\/inclusivenews.com.br\/#organization","name":"Inclusive - inclus\u00e3o e cidadania","url":"https:\/\/inclusivenews.com.br\/","logo":{"@type":"ImageObject","inLanguage":"pt-PT","@id":"https:\/\/inclusivenews.com.br\/#\/schema\/logo\/image\/","url":"https:\/\/inclusivenews.com.br\/wp-content\/uploads\/2024\/03\/@grandesite.png","contentUrl":"https:\/\/inclusivenews.com.br\/wp-content\/uploads\/2024\/03\/@grandesite.png","width":1080,"height":1080,"caption":"Inclusive - inclus\u00e3o e cidadania"},"image":{"@id":"https:\/\/inclusivenews.com.br\/#\/schema\/logo\/image\/"},"sameAs":["https:\/\/www.facebook.com\/agenciainclusive\/","https:\/\/www.instagram.com\/newsinclusive\/"]},{"@type":"Person","@id":"https:\/\/inclusivenews.com.br\/#\/schema\/person\/ae4ec7087559b8692fb33b6fffd2273b","name":"inclusivenews2024","image":{"@type":"ImageObject","inLanguage":"pt-PT","@id":"https:\/\/secure.gravatar.com\/avatar\/c5a7ef84c66fa914f55bc4f7ce26cfa275a3b9a1c5568b907bd184fb4dde7b40?s=96&d=mm&r=g","url":"https:\/\/secure.gravatar.com\/avatar\/c5a7ef84c66fa914f55bc4f7ce26cfa275a3b9a1c5568b907bd184fb4dde7b40?s=96&d=mm&r=g","contentUrl":"https:\/\/secure.gravatar.com\/avatar\/c5a7ef84c66fa914f55bc4f7ce26cfa275a3b9a1c5568b907bd184fb4dde7b40?s=96&d=mm&r=g","caption":"inclusivenews2024"},"sameAs":["https:\/\/inclusivenews.com.br"],"url":"https:\/\/inclusivenews.com.br\/?author=1"}]}},"_links":{"self":[{"href":"https:\/\/inclusivenews.com.br\/index.php?rest_route=\/wp\/v2\/posts\/32536","targetHints":{"allow":["GET"]}}],"collection":[{"href":"https:\/\/inclusivenews.com.br\/index.php?rest_route=\/wp\/v2\/posts"}],"about":[{"href":"https:\/\/inclusivenews.com.br\/index.php?rest_route=\/wp\/v2\/types\/post"}],"author":[{"embeddable":true,"href":"https:\/\/inclusivenews.com.br\/index.php?rest_route=\/wp\/v2\/users\/1"}],"replies":[{"embeddable":true,"href":"https:\/\/inclusivenews.com.br\/index.php?rest_route=%2Fwp%2Fv2%2Fcomments&post=32536"}],"version-history":[{"count":1,"href":"https:\/\/inclusivenews.com.br\/index.php?rest_route=\/wp\/v2\/posts\/32536\/revisions"}],"predecessor-version":[{"id":32538,"href":"https:\/\/inclusivenews.com.br\/index.php?rest_route=\/wp\/v2\/posts\/32536\/revisions\/32538"}],"wp:featuredmedia":[{"embeddable":true,"href":"https:\/\/inclusivenews.com.br\/index.php?rest_route=\/wp\/v2\/media\/32537"}],"wp:attachment":[{"href":"https:\/\/inclusivenews.com.br\/index.php?rest_route=%2Fwp%2Fv2%2Fmedia&parent=32536"}],"wp:term":[{"taxonomy":"category","embeddable":true,"href":"https:\/\/inclusivenews.com.br\/index.php?rest_route=%2Fwp%2Fv2%2Fcategories&post=32536"},{"taxonomy":"post_tag","embeddable":true,"href":"https:\/\/inclusivenews.com.br\/index.php?rest_route=%2Fwp%2Fv2%2Ftags&post=32536"}],"curies":[{"name":"wp","href":"https:\/\/api.w.org\/{rel}","templated":true}]}}